{"id":119338,"date":"2021-07-28T16:22:58","date_gmt":"2021-07-28T23:22:58","guid":{"rendered":"https:\/\/www.sonoraenequipo.com.mx\/?p=119338"},"modified":"2021-07-28T19:57:39","modified_gmt":"2021-07-29T02:57:39","slug":"exhortan-a-hermosillenses-a-tomar-precauciones-ante-posibles-lluvias","status":"publish","type":"post","link":"https:\/\/www.sonoraenequipo.com.mx\/exhortan-a-hermosillenses-a-tomar-precauciones-ante-posibles-lluvias\/","title":{"rendered":"Exhortan a hermosillenses a tomar precauciones ante posibles lluvias"},"content":{"rendered":"<p>HERMOSILLO, SONORA. MX. \u2014 El Gobierno de Hermosillo exhorta a la comunidad a tomar precauciones ante las lluvias y fuertes vientos que podr\u00edan presentarse en los pr\u00f3ximos d\u00edas.<\/p>\n<p>&nbsp;<\/p>\n<p> <\/p>\n<p>&nbsp;<\/p>\n<p>El llamado de la autoridad municipal es a actuar con prudencia durante y despu\u00e9s de las precipitaciones, al evitar transitar en autom\u00f3vil o caminar por calles inundadas, canales y arroyos que podr\u00edan llevar un fuerte flujo de agua y representar un riesgo.<\/p>\n<p>&nbsp;<\/p>\n<p><img loading=\"lazy\" decoding=\"async\" class=\"size-full  x-right\" src=\"https:\/\/sonmx.mx\/storage\/2021\/07\/lluvias-en-Hillo1_opt.jpg\" alt=\"\" width=\"400\" height=\"710\" \/>Las lluvias ocasionan crecidas en los cuerpos de agua y reblandecen sus orillas, por su seguridad no cruce canales o r\u00edos con gran cantidad de agua, y no se acerque a las orillas porque podr\u00eda presentarse un deslave.<\/p>\n<p>&nbsp;<\/p>\n<p>En caso de una tormenta, de preferencia permanezca en un lugar seguro, principalmente en casa o en la oficina, evite tocar postes de luz o cables y, ante cualquier emergencia, marque inmediatamente al 911 para reportarla a los cuerpos de rescate y seguridad.<\/p>\n<p>&nbsp;<\/p>\n<p>En casa, es importante tener un plan de salida y un refugio cercano ubicado. Toda vivienda debe tener una mochila de emergencia con documentos importantes, duplicados de llaves, algo de comida no perecedera y vestimenta.<\/p>\n<p>&nbsp;<\/p>\n<p>Recuerde que lo m\u00e1s importante ante una situaci\u00f3n adversa es mantener la calma y seguir las indicaciones de las autoridades competentes, como pueden ser Seguridad P\u00fablica Municipal, Protecci\u00f3n Civil, Bomberos, as\u00ed como las corporaciones y dependencias estatales y federales.<\/p>\n<p>&nbsp;<\/p>\n<p>&nbsp;<\/p>\n<p>(Publicada el 28\/07\/2021)<\/p>\n","protected":false},"excerpt":{"rendered":"<p>HERMOSILLO, SONORA. MX. \u2014 El Gobierno de Hermosillo exhorta a la comunidad a tomar precauciones&#8230;<\/p>\n","protected":false},"author":1,"featured_media":119340,"comment_status":"open","ping_status":"open","sticky":false,"template":"","format":"standard","meta":{"_monsterinsights_skip_tracking":false,"_monsterinsights_sitenote_active":false,"_monsterinsights_sitenote_note":"","_monsterinsights_sitenote_category":0,"footnotes":""},"categories":[4],"tags":[],"class_list":["post"],"yoast_head":" \n<title>Sonora en Equipo. Exhortan a hermosillenses a tomar precauciones ante posibles lluvias Municipios<\/title>\n<meta name=\"description\" content=\"HERMOSILLO, SONORA. MX. \u2014 El Gobierno de Hermosillo exhorta a la comunidad a tomar precauciones ante las lluvias y fuertes vientos que podr\u00edan presentarse En Sonora en Equipo publicamos toda la informaci\u00f3n de Sonora, M\u00e9xico y el Mundo de manera oportuna y busca que la libertad de expresi\u00f3n sea real. Visita nuestro medio informativo publicado desde Hermosillo, Sonora. %\" \/>\n<meta name=\"robots\" content=\"index, follow, max-snippet:-1, max-image-preview:large, max-video-preview:-1\" \/>\n<link rel=\"canonical\" href=\"https:\/\/www.sonoraenequipo.com.mx\/exhortan-a-hermosillenses-a-tomar-precauciones-ante-posibles-lluvias\/\" \/>\n<meta property=\"og:locale\" content=\"es_ES\" \/>\n<meta property=\"og:type\" content=\"article\" \/>\n<meta property=\"og:title\" content=\"Sonora en Equipo. Exhortan a hermosillenses a tomar precauciones ante posibles lluvias Municipios\" \/>\n<meta property=\"og:description\" content=\"HERMOSILLO, SONORA. MX. \u2014 El Gobierno de Hermosillo exhorta a la comunidad a tomar precauciones ante las lluvias y fuertes vientos que podr\u00edan presentarse En Sonora en Equipo publicamos toda la informaci\u00f3n de Sonora, M\u00e9xico y el Mundo de manera oportuna y busca que la libertad de expresi\u00f3n sea real. Visita nuestro medio informativo publicado desde Hermosillo, Sonora. %\" \/>\n<meta property=\"og:url\" content=\"https:\/\/www.sonoraenequipo.com.mx\/exhortan-a-hermosillenses-a-tomar-precauciones-ante-posibles-lluvias\/\" \/>\n<meta property=\"og:site_name\" content=\"Sonora en Equipo.\" \/>\n<meta property=\"article:publisher\" content=\"https:\/\/www.facebook.com\/SonoraEE\/\" \/>\n<meta property=\"article:author\" content=\"https:\/\/www.facebook.com\/SonoraEE\" \/>\n<meta property=\"article:published_time\" content=\"2021-07-28T23:22:58+00:00\" \/>\n<meta property=\"article:modified_time\" content=\"2021-07-29T02:57:39+00:00\" \/>\n<meta property=\"og:image\" content=\"https:\/\/www.sonoraenequipo.com.mx\/storage\/2021\/07\/lluvias-en-Hillo_opt.jpg\" \/>\n\t<meta property=\"og:image:width\" content=\"700\" \/>\n\t<meta property=\"og:image:height\" content=\"400\" \/>\n\t<meta property=\"og:image:type\" content=\"image\/jpeg\" \/>\n<meta name=\"author\" content=\"enequipo\" \/>\n<meta name=\"twitter:card\" content=\"summary_large_image\" \/>\n<meta name=\"twitter:creator\" content=\"@sonoraenequipo\" \/>\n<meta name=\"twitter:site\" content=\"@sonoraenequipo\" \/>\n<meta name=\"twitter:label1\" content=\"Escrito por\" \/>\n\t<meta name=\"twitter:data1\" content=\"enequipo\" \/>\n\t<meta name=\"twitter:label2\" content=\"Tiempo de lectura\" \/>\n\t<meta name=\"twitter:data2\" content=\"2 minutos\" \/>\n<script type=\"application\/ld+json\" class=\"yoast-schema-graph\">{\"@context\":\"https:\/\/schema.org\",\"@graph\":[{\"@type\":\"Article\",\"@id\":\"https:\/\/www.sonoraenequipo.com.mx\/exhortan-a-hermosillenses-a-tomar-precauciones-ante-posibles-lluvias\/#article\",\"isPartOf\":{\"@id\":\"https:\/\/www.sonoraenequipo.com.mx\/exhortan-a-hermosillenses-a-tomar-precauciones-ante-posibles-lluvias\/\"},\"author\":{\"name\":\"enequipo\",\"@id\":\"https:\/\/www.sonoraenequipo.com.mx\/#\/schema\/person\/50102df0fb23a8fa9e8effad8fa81386\"},\"headline\":\"Exhortan a hermosillenses a tomar precauciones ante posibles lluvias\",\"datePublished\":\"2021-07-28T23:22:58+00:00\",\"dateModified\":\"2021-07-29T02:57:39+00:00\",\"mainEntityOfPage\":{\"@id\":\"https:\/\/www.sonoraenequipo.com.mx\/exhortan-a-hermosillenses-a-tomar-precauciones-ante-posibles-lluvias\/\"},\"wordCount\":254,\"commentCount\":0,\"publisher\":{\"@id\":\"https:\/\/www.sonoraenequipo.com.mx\/#organization\"},\"image\":{\"@id\":\"https:\/\/www.sonoraenequipo.com.mx\/exhortan-a-hermosillenses-a-tomar-precauciones-ante-posibles-lluvias\/#primaryimage\"},\"thumbnailUrl\":\"https:\/\/www.sonoraenequipo.com.mx\/storage\/2021\/07\/lluvias-en-Hillo_opt.jpg\",\"articleSection\":[\"Municipios\"],\"inLanguage\":\"es\",\"potentialAction\":[{\"@type\":\"CommentAction\",\"name\":\"Comment\",\"target\":[\"https:\/\/www.sonoraenequipo.com.mx\/exhortan-a-hermosillenses-a-tomar-precauciones-ante-posibles-lluvias\/#respond\"]}]},{\"@type\":\"WebPage\",\"@id\":\"https:\/\/www.sonoraenequipo.com.mx\/exhortan-a-hermosillenses-a-tomar-precauciones-ante-posibles-lluvias\/\",\"url\":\"https:\/\/www.sonoraenequipo.com.mx\/exhortan-a-hermosillenses-a-tomar-precauciones-ante-posibles-lluvias\/\",\"name\":\"Sonora en Equipo. Exhortan a hermosillenses a tomar precauciones ante posibles lluvias Municipios\",\"isPartOf\":{\"@id\":\"https:\/\/www.sonoraenequipo.com.mx\/#website\"},\"primaryImageOfPage\":{\"@id\":\"https:\/\/www.sonoraenequipo.com.mx\/exhortan-a-hermosillenses-a-tomar-precauciones-ante-posibles-lluvias\/#primaryimage\"},\"image\":{\"@id\":\"https:\/\/www.sonoraenequipo.com.mx\/exhortan-a-hermosillenses-a-tomar-precauciones-ante-posibles-lluvias\/#primaryimage\"},\"thumbnailUrl\":\"https:\/\/www.sonoraenequipo.com.mx\/storage\/2021\/07\/lluvias-en-Hillo_opt.jpg\",\"datePublished\":\"2021-07-28T23:22:58+00:00\",\"dateModified\":\"2021-07-29T02:57:39+00:00\",\"description\":\"HERMOSILLO, SONORA. MX. \u2014 El Gobierno de Hermosillo exhorta a la comunidad a tomar precauciones ante las lluvias y fuertes vientos que podr\u00edan presentarse En Sonora en Equipo publicamos toda la informaci\u00f3n de Sonora, M\u00e9xico y el Mundo de manera oportuna y busca que la libertad de expresi\u00f3n sea real. Visita nuestro medio informativo publicado desde Hermosillo, Sonora. %\",\"breadcrumb\":{\"@id\":\"https:\/\/www.sonoraenequipo.com.mx\/exhortan-a-hermosillenses-a-tomar-precauciones-ante-posibles-lluvias\/#breadcrumb\"},\"inLanguage\":\"es\",\"potentialAction\":[{\"@type\":\"ReadAction\",\"target\":[\"https:\/\/www.sonoraenequipo.com.mx\/exhortan-a-hermosillenses-a-tomar-precauciones-ante-posibles-lluvias\/\"]}]},{\"@type\":\"ImageObject\",\"inLanguage\":\"es\",\"@id\":\"https:\/\/www.sonoraenequipo.com.mx\/exhortan-a-hermosillenses-a-tomar-precauciones-ante-posibles-lluvias\/#primaryimage\",\"url\":\"https:\/\/www.sonoraenequipo.com.mx\/storage\/2021\/07\/lluvias-en-Hillo_opt.jpg\",\"contentUrl\":\"https:\/\/www.sonoraenequipo.com.mx\/storage\/2021\/07\/lluvias-en-Hillo_opt.jpg\",\"width\":700,\"height\":400},{\"@type\":\"BreadcrumbList\",\"@id\":\"https:\/\/www.sonoraenequipo.com.mx\/exhortan-a-hermosillenses-a-tomar-precauciones-ante-posibles-lluvias\/#breadcrumb\",\"itemListElement\":[{\"@type\":\"ListItem\",\"position\":1,\"name\":\"Portada\",\"item\":\"https:\/\/www.sonoraenequipo.com.mx\/\"},{\"@type\":\"ListItem\",\"position\":2,\"name\":\"Exhortan a hermosillenses a tomar precauciones ante posibles lluvias\"}]},{\"@type\":\"WebSite\",\"@id\":\"https:\/\/www.sonoraenequipo.com.mx\/#website\",\"url\":\"https:\/\/www.sonoraenequipo.com.mx\/\",\"name\":\"Sonora en Equipo.\",\"description\":\"Diario en l\u00ednea con Noticias desde Hermosillo, Sonora\",\"publisher\":{\"@id\":\"https:\/\/www.sonoraenequipo.com.mx\/#organization\"},\"potentialAction\":[{\"@type\":\"SearchAction\",\"target\":{\"@type\":\"EntryPoint\",\"urlTemplate\":\"https:\/\/www.sonoraenequipo.com.mx\/?s={search_term_string}\"},\"query-input\":{\"@type\":\"PropertyValueSpecification\",\"valueRequired\":true,\"valueName\":\"search_term_string\"}}],\"inLanguage\":\"es\"},{\"@type\":\"Organization\",\"@id\":\"https:\/\/www.sonoraenequipo.com.mx\/#organization\",\"name\":\"Sonoraenequipo.com.mx\",\"url\":\"https:\/\/www.sonoraenequipo.com.mx\/\",\"logo\":{\"@type\":\"ImageObject\",\"inLanguage\":\"es\",\"@id\":\"https:\/\/www.sonoraenequipo.com.mx\/#\/schema\/logo\/image\/\",\"url\":\"https:\/\/www.sonoraenequipo.com.mx\/storage\/2019\/01\/sonoraenequipo_opt.png\",\"contentUrl\":\"https:\/\/www.sonoraenequipo.com.mx\/storage\/2019\/01\/sonoraenequipo_opt.png\",\"width\":375,\"height\":125,\"caption\":\"Sonoraenequipo.com.mx\"},\"image\":{\"@id\":\"https:\/\/www.sonoraenequipo.com.mx\/#\/schema\/logo\/image\/\"},\"sameAs\":[\"https:\/\/www.facebook.com\/SonoraEE\/\",\"https:\/\/x.com\/sonoraenequipo\",\"https:\/\/www.youtube.com\/channel\/UC338nW-lPEYmJQs4ZABQ1SQ\"]},{\"@type\":\"Person\",\"@id\":\"https:\/\/www.sonoraenequipo.com.mx\/#\/schema\/person\/50102df0fb23a8fa9e8effad8fa81386\",\"name\":\"enequipo\",\"image\":{\"@type\":\"ImageObject\",\"inLanguage\":\"es\",\"@id\":\"https:\/\/www.sonoraenequipo.com.mx\/#\/schema\/person\/image\/\",\"url\":\"https:\/\/secure.gravatar.com\/avatar\/049821681b589dabc0bc20695993ccebb09f5b5d4d790cd9251b97faac7c652b?s=96&d=blank&r=g\",\"contentUrl\":\"https:\/\/secure.gravatar.com\/avatar\/049821681b589dabc0bc20695993ccebb09f5b5d4d790cd9251b97faac7c652b?s=96&d=blank&r=g\",\"caption\":\"enequipo\"},\"sameAs\":[\"https:\/\/www.facebook.com\/SonoraEE\"]}]}<\/script>\n ","yoast_head_json":{"title":"Sonora en Equipo. Exhortan a hermosillenses a tomar precauciones ante posibles lluvias Municipios","description":"HERMOSILLO, SONORA. MX. \u2014 El Gobierno de Hermosillo exhorta a la comunidad a tomar precauciones ante las lluvias y fuertes vientos que podr\u00edan presentarse En Sonora en Equipo publicamos toda la informaci\u00f3n de Sonora, M\u00e9xico y el Mundo de manera oportuna y busca que la libertad de expresi\u00f3n sea real. Visita nuestro medio informativo publicado desde Hermosillo, Sonora. %","robots":{"index":"index","follow":"follow","max-snippet":"max-snippet:-1","max-image-preview":"max-image-preview:large","max-video-preview":"max-video-preview:-1"},"canonical":"https:\/\/www.sonoraenequipo.com.mx\/exhortan-a-hermosillenses-a-tomar-precauciones-ante-posibles-lluvias\/","og_locale":"es_ES","og_type":"article","og_title":"Sonora en Equipo. Exhortan a hermosillenses a tomar precauciones ante posibles lluvias Municipios","og_description":"HERMOSILLO, SONORA. MX. \u2014 El Gobierno de Hermosillo exhorta a la comunidad a tomar precauciones ante las lluvias y fuertes vientos que podr\u00edan presentarse En Sonora en Equipo publicamos toda la informaci\u00f3n de Sonora, M\u00e9xico y el Mundo de manera oportuna y busca que la libertad de expresi\u00f3n sea real. Visita nuestro medio informativo publicado desde Hermosillo, Sonora. %","og_url":"https:\/\/www.sonoraenequipo.com.mx\/exhortan-a-hermosillenses-a-tomar-precauciones-ante-posibles-lluvias\/","og_site_name":"Sonora en Equipo.","article_publisher":"https:\/\/www.facebook.com\/SonoraEE\/","article_author":"https:\/\/www.facebook.com\/SonoraEE","article_published_time":"2021-07-28T23:22:58+00:00","article_modified_time":"2021-07-29T02:57:39+00:00","og_image":[{"width":700,"height":400,"url":"https:\/\/www.sonoraenequipo.com.mx\/storage\/2021\/07\/lluvias-en-Hillo_opt.jpg","type":"image\/jpeg"}],"author":"enequipo","twitter_card":"summary_large_image","twitter_creator":"@sonoraenequipo","twitter_site":"@sonoraenequipo","twitter_misc":{"Escrito por":"enequipo","Tiempo de lectura":"2 minutos"},"schema":{"@context":"https:\/\/schema.org","@graph":[{"@type":"Article","@id":"https:\/\/www.sonoraenequipo.com.mx\/exhortan-a-hermosillenses-a-tomar-precauciones-ante-posibles-lluvias\/#article","isPartOf":{"@id":"https:\/\/www.sonoraenequipo.com.mx\/exhortan-a-hermosillenses-a-tomar-precauciones-ante-posibles-lluvias\/"},"author":{"name":"enequipo","@id":"https:\/\/www.sonoraenequipo.com.mx\/#\/schema\/person\/50102df0fb23a8fa9e8effad8fa81386"},"headline":"Exhortan a hermosillenses a tomar precauciones ante posibles lluvias","datePublished":"2021-07-28T23:22:58+00:00","dateModified":"2021-07-29T02:57:39+00:00","mainEntityOfPage":{"@id":"https:\/\/www.sonoraenequipo.com.mx\/exhortan-a-hermosillenses-a-tomar-precauciones-ante-posibles-lluvias\/"},"wordCount":254,"commentCount":0,"publisher":{"@id":"https:\/\/www.sonoraenequipo.com.mx\/#organization"},"image":{"@id":"https:\/\/www.sonoraenequipo.com.mx\/exhortan-a-hermosillenses-a-tomar-precauciones-ante-posibles-lluvias\/#primaryimage"},"thumbnailUrl":"https:\/\/www.sonoraenequipo.com.mx\/storage\/2021\/07\/lluvias-en-Hillo_opt.jpg","articleSection":["Municipios"],"inLanguage":"es","potentialAction":[{"@type":"CommentAction","name":"Comment","target":["https:\/\/www.sonoraenequipo.com.mx\/exhortan-a-hermosillenses-a-tomar-precauciones-ante-posibles-lluvias\/#respond"]}]},{"@type":"WebPage","@id":"https:\/\/www.sonoraenequipo.com.mx\/exhortan-a-hermosillenses-a-tomar-precauciones-ante-posibles-lluvias\/","url":"https:\/\/www.sonoraenequipo.com.mx\/exhortan-a-hermosillenses-a-tomar-precauciones-ante-posibles-lluvias\/","name":"Sonora en Equipo. Exhortan a hermosillenses a tomar precauciones ante posibles lluvias Municipios","isPartOf":{"@id":"https:\/\/www.sonoraenequipo.com.mx\/#website"},"primaryImageOfPage":{"@id":"https:\/\/www.sonoraenequipo.com.mx\/exhortan-a-hermosillenses-a-tomar-precauciones-ante-posibles-lluvias\/#primaryimage"},"image":{"@id":"https:\/\/www.sonoraenequipo.com.mx\/exhortan-a-hermosillenses-a-tomar-precauciones-ante-posibles-lluvias\/#primaryimage"},"thumbnailUrl":"https:\/\/www.sonoraenequipo.com.mx\/storage\/2021\/07\/lluvias-en-Hillo_opt.jpg","datePublished":"2021-07-28T23:22:58+00:00","dateModified":"2021-07-29T02:57:39+00:00","description":"HERMOSILLO, SONORA. MX. \u2014 El Gobierno de Hermosillo exhorta a la comunidad a tomar precauciones ante las lluvias y fuertes vientos que podr\u00edan presentarse En Sonora en Equipo publicamos toda la informaci\u00f3n de Sonora, M\u00e9xico y el Mundo de manera oportuna y busca que la libertad de expresi\u00f3n sea real. Visita nuestro medio informativo publicado desde Hermosillo, Sonora. %","breadcrumb":{"@id":"https:\/\/www.sonoraenequipo.com.mx\/exhortan-a-hermosillenses-a-tomar-precauciones-ante-posibles-lluvias\/#breadcrumb"},"inLanguage":"es","potentialAction":[{"@type":"ReadAction","target":["https:\/\/www.sonoraenequipo.com.mx\/exhortan-a-hermosillenses-a-tomar-precauciones-ante-posibles-lluvias\/"]}]},{"@type":"ImageObject","inLanguage":"es","@id":"https:\/\/www.sonoraenequipo.com.mx\/exhortan-a-hermosillenses-a-tomar-precauciones-ante-posibles-lluvias\/#primaryimage","url":"https:\/\/www.sonoraenequipo.com.mx\/storage\/2021\/07\/lluvias-en-Hillo_opt.jpg","contentUrl":"https:\/\/www.sonoraenequipo.com.mx\/storage\/2021\/07\/lluvias-en-Hillo_opt.jpg","width":700,"height":400},{"@type":"BreadcrumbList","@id":"https:\/\/www.sonoraenequipo.com.mx\/exhortan-a-hermosillenses-a-tomar-precauciones-ante-posibles-lluvias\/#breadcrumb","itemListElement":[{"@type":"ListItem","position":1,"name":"Portada","item":"https:\/\/www.sonoraenequipo.com.mx\/"},{"@type":"ListItem","position":2,"name":"Exhortan a hermosillenses a tomar precauciones ante posibles lluvias"}]},{"@type":"WebSite","@id":"https:\/\/www.sonoraenequipo.com.mx\/#website","url":"https:\/\/www.sonoraenequipo.com.mx\/","name":"Sonora en Equipo.","description":"Diario en l\u00ednea con Noticias desde Hermosillo, Sonora","publisher":{"@id":"https:\/\/www.sonoraenequipo.com.mx\/#organization"},"potentialAction":[{"@type":"SearchAction","target":{"@type":"EntryPoint","urlTemplate":"https:\/\/www.sonoraenequipo.com.mx\/?s={search_term_string}"},"query-input":{"@type":"PropertyValueSpecification","valueRequired":true,"valueName":"search_term_string"}}],"inLanguage":"es"},{"@type":"Organization","@id":"https:\/\/www.sonoraenequipo.com.mx\/#organization","name":"Sonoraenequipo.com.mx","url":"https:\/\/www.sonoraenequipo.com.mx\/","logo":{"@type":"ImageObject","inLanguage":"es","@id":"https:\/\/www.sonoraenequipo.com.mx\/#\/schema\/logo\/image\/","url":"https:\/\/www.sonoraenequipo.com.mx\/storage\/2019\/01\/sonoraenequipo_opt.png","contentUrl":"https:\/\/www.sonoraenequipo.com.mx\/storage\/2019\/01\/sonoraenequipo_opt.png","width":375,"height":125,"caption":"Sonoraenequipo.com.mx"},"image":{"@id":"https:\/\/www.sonoraenequipo.com.mx\/#\/schema\/logo\/image\/"},"sameAs":["https:\/\/www.facebook.com\/SonoraEE\/","https:\/\/x.com\/sonoraenequipo","https:\/\/www.youtube.com\/channel\/UC338nW-lPEYmJQs4ZABQ1SQ"]},{"@type":"Person","@id":"https:\/\/www.sonoraenequipo.com.mx\/#\/schema\/person\/50102df0fb23a8fa9e8effad8fa81386","name":"enequipo","image":{"@type":"ImageObject","inLanguage":"es","@id":"https:\/\/www.sonoraenequipo.com.mx\/#\/schema\/person\/image\/","url":"https:\/\/secure.gravatar.com\/avatar\/049821681b589dabc0bc20695993ccebb09f5b5d4d790cd9251b97faac7c652b?s=96&d=blank&r=g","contentUrl":"https:\/\/secure.gravatar.com\/avatar\/049821681b589dabc0bc20695993ccebb09f5b5d4d790cd9251b97faac7c652b?s=96&d=blank&r=g","caption":"enequipo"},"sameAs":["https:\/\/www.facebook.com\/SonoraEE"]}]}},"jetpack_featured_media_url":"https:\/\/www.sonoraenequipo.com.mx\/storage\/2021\/07\/lluvias-en-Hillo_opt.jpg","_links":{"self":[{"href":"https:\/\/www.sonoraenequipo.com.mx\/api\/wp\/v2\/posts\/119338","targetHints":{"allow":["GET"]}}],"collection":[{"href":"https:\/\/www.sonoraenequipo.com.mx\/api\/wp\/v2\/posts"}],"about":[{"href":"https:\/\/www.sonoraenequipo.com.mx\/api\/wp\/v2\/types\/post"}],"author":[{"embeddable":true,"href":"https:\/\/www.sonoraenequipo.com.mx\/api\/wp\/v2\/users\/1"}],"replies":[{"embeddable":true,"href":"https:\/\/www.sonoraenequipo.com.mx\/api\/wp\/v2\/comments?post=119338"}],"version-history":[{"count":1,"href":"https:\/\/www.sonoraenequipo.com.mx\/api\/wp\/v2\/posts\/119338\/revisions"}],"predecessor-version":[{"id":119341,"href":"https:\/\/www.sonoraenequipo.com.mx\/api\/wp\/v2\/posts\/119338\/revisions\/119341"}],"wp:featuredmedia":[{"embeddable":true,"href":"https:\/\/www.sonoraenequipo.com.mx\/api\/wp\/v2\/media\/119340"}],"wp:attachment":[{"href":"https:\/\/www.sonoraenequipo.com.mx\/api\/wp\/v2\/media?parent=119338"}],"wp:term":[{"taxonomy":"category","embeddable":true,"href":"https:\/\/www.sonoraenequipo.com.mx\/api\/wp\/v2\/categories?post=119338"},{"taxonomy":"post_tag","embeddable":true,"href":"https:\/\/www.sonoraenequipo.com.mx\/api\/wp\/v2\/tags?post=119338"}],"curies":[{"name":"wp","href":"https:\/\/api.w.org\/{rel}","templated":true}]}}