{"id":119342,"date":"2021-07-28T15:19:13","date_gmt":"2021-07-28T22:19:13","guid":{"rendered":"https:\/\/www.sonoraenequipo.com.mx\/?p=119342"},"modified":"2021-07-28T20:15:19","modified_gmt":"2021-07-29T03:15:19","slug":"pedro-castillo-asume-como-presidente-de-peru-para-el-periodo-2021-2026","status":"publish","type":"post","link":"https:\/\/www.sonoraenequipo.com.mx\/pedro-castillo-asume-como-presidente-de-peru-para-el-periodo-2021-2026\/","title":{"rendered":"Pedro Castillo asume como presidente de Per\u00fa para el per\u00edodo 2021-2026"},"content":{"rendered":"<p>LIMA,PER\u00da. \u2014 Por esas cosas del destino, le toc\u00f3 este mi\u00e9rcoles (28.07.2021) a Pedro Castillo asumir el mando de Per\u00fa el mismo d\u00eda que el pa\u00eds sudamericano festeja sus fiestas patrias. La prensa peruana habla del <em>\u00abmandato del Bicentenario\u201d,<\/em> y de alguna forma la labor que tiene por delante el vencedor de las pasadas presidenciales, donde derrot\u00f3 a Keiko Fujimori, ser\u00e1 digna de tan importante fecha: tendr\u00e1 que restablecer un cierto orden pol\u00edtico extraviado en los \u00faltimos meses.<\/p>\n<p>&nbsp;<\/p>\n<p> <\/p>\n<p>La sesi\u00f3n solemne comenz\u00f3 pasadas las 9 de la ma\u00f1ana en el Palacio del Congreso. Fue la presidenta del Legislativo, Mar\u00eda del Carmen Alva, quien tom\u00f3 juramento al presidente electo y le impuso la banda presidencial. Castillo, ataviado con su tradicional sombrero blanco de copa alta de Cajamarca y un terno oscuro con motivos ind\u00edgenas, recibi\u00f3 los s\u00edmbolos del poder del Estado, que lo acreditan como presidente por el per\u00edodo 2021-2026.<\/p>\n<p>&nbsp;<\/p>\n<p><em>\u00abJuro por Dios, por mi familia, por los campesinos, por los pueblos originarios, por los ronderos, pescadores, profesionales, ni\u00f1os, adolescentes, que ejercer\u00e9 el cargo de presidente de la Rep\u00fablica en el periodo 2021-2026. Juro por los pueblos del Per\u00fa, por un pa\u00eds sin corrupci\u00f3n y por una nueva Constituci\u00f3n\u201d<\/em>, declar\u00f3 Castillo, quien lleg\u00f3 al Parlamento caminando de la mano de su esposa, Lilia Paredes, desde el Palacio de Torre Tagle, la sede de la canciller\u00eda, distante a cuatro cuadras.<\/p>\n<h3>\nFalta el gabinete<\/h3>\n<p><img loading=\"lazy\" decoding=\"async\" class=\"size-full  x-right\" src=\"https:\/\/sonmx.mx\/storage\/2021\/07\/pedro-castillo_opt.jpg\" alt=\"\" width=\"700\" height=\"400\" \/>Posteriormente, el mandatario se dirigi\u00f3 por primera vez al pa\u00eds. \u00ab<em>Comienzo saludando a mis hermanos codescendientes de los pueblos originarios. A mis hermanos ronderos, maestros, quechuas, aymaras, awaj\u00fan, a los hermanos shipibos, conibos, afroperuanos. Me dirijo a ustedes este simb\u00f3lico d\u00eda en el que se cumplen 200 a\u00f1os de la independencia\u201d<\/em>, dijo el reci\u00e9n asumido mandatario, que enfrentar\u00e1 el desaf\u00edo de la pandemia, de reactivar la econom\u00eda y poner t\u00e9rmino a la inestabilidad pol\u00edtica que afecta a Per\u00fa.<\/p>\n<p>&nbsp;<\/p>\n<p>Su anuncio m\u00e1s importante esta jornada fue que enviar\u00e1 al Congreso un proyecto para reformar la Constituci\u00f3n promulgada en 1993 por el entonces mandatario Alberto Fujimori. Tras afirmar que Per\u00fa no puede estar <em>\u00abcondenado a seguir prisionero de esta Constituci\u00f3n\u00bb de 1993, Castillo declar\u00f3: \u00abanuncio que presentaremos ante el Congreso de la Rep\u00fablica [&#8230;] un proyecto de ley para reformarla\u00bb.<\/em><\/p>\n<p>&nbsp;<\/p>\n<p>Si bien inicialmente se esperaba que el gabinete fuera dado a conocer esta misma jornada, Castillo anunci\u00f3 que los titulares de las diferentes carteras jurar\u00e1n sus cargos el 30 de julio en el Centro de Convenciones de Lima. Hasta el momento se desconoce qui\u00e9nes compondr\u00e1n el cuerpo de ministros. Por su parte, el presidente del Consejo de Ministros ser\u00e1 investido el jueves 29 de julio en Ayacucho, donde Castillo tambi\u00e9n participar\u00e1 en una ceremonia simb\u00f3lica de toma de mando en la Pampa de la Quinua.<\/p>\n<p>&nbsp;<\/p>\n<p>&nbsp;<\/p>\n<p>(Publicada el 28\/07\/2021 \/ DZC (La Rep\u00fablica, El Comercio, EFE, AFP),EE)<\/p>\n","protected":false},"excerpt":{"rendered":"<p>LIMA,PER\u00da. \u2014 Por esas cosas del destino, le toc\u00f3 este mi\u00e9rcoles (28.07.2021) a Pedro Castillo&#8230;<\/p>\n","protected":false},"author":1,"featured_media":119343,"comment_status":"open","ping_status":"open","sticky":false,"template":"","format":"standard","meta":{"_monsterinsights_skip_tracking":false,"_monsterinsights_sitenote_active":false,"_monsterinsights_sitenote_note":"","_monsterinsights_sitenote_category":0,"footnotes":""},"categories":[3],"tags":[],"class_list":["post"],"yoast_head":" \n<title>Sonora en Equipo. Pedro Castillo asume como presidente de Per\u00fa para el per\u00edodo 2021-2026 MUNDO<\/title>\n<meta name=\"description\" content=\"LIMA,PER\u00da. \u2014 Por esas cosas del destino, le toc\u00f3 este mi\u00e9rcoles (28.07.2021) a Pedro Castillo asumir el mando de Per\u00fa el mismo d\u00eda que el pa\u00eds En Sonora en Equipo publicamos toda la informaci\u00f3n de Sonora, M\u00e9xico y el Mundo de manera oportuna y busca que la libertad de expresi\u00f3n sea real. Visita nuestro medio informativo publicado desde Hermosillo, Sonora. %\" \/>\n<meta name=\"robots\" content=\"index, follow, max-snippet:-1, max-image-preview:large, max-video-preview:-1\" \/>\n<link rel=\"canonical\" href=\"https:\/\/www.sonoraenequipo.com.mx\/pedro-castillo-asume-como-presidente-de-peru-para-el-periodo-2021-2026\/\" \/>\n<meta property=\"og:locale\" content=\"es_ES\" \/>\n<meta property=\"og:type\" content=\"article\" \/>\n<meta property=\"og:title\" content=\"Sonora en Equipo. Pedro Castillo asume como presidente de Per\u00fa para el per\u00edodo 2021-2026 MUNDO\" \/>\n<meta property=\"og:description\" content=\"LIMA,PER\u00da. \u2014 Por esas cosas del destino, le toc\u00f3 este mi\u00e9rcoles (28.07.2021) a Pedro Castillo asumir el mando de Per\u00fa el mismo d\u00eda que el pa\u00eds En Sonora en Equipo publicamos toda la informaci\u00f3n de Sonora, M\u00e9xico y el Mundo de manera oportuna y busca que la libertad de expresi\u00f3n sea real. Visita nuestro medio informativo publicado desde Hermosillo, Sonora. %\" \/>\n<meta property=\"og:url\" content=\"https:\/\/www.sonoraenequipo.com.mx\/pedro-castillo-asume-como-presidente-de-peru-para-el-periodo-2021-2026\/\" \/>\n<meta property=\"og:site_name\" content=\"Sonora en Equipo.\" \/>\n<meta property=\"article:publisher\" content=\"https:\/\/www.facebook.com\/SonoraEE\/\" \/>\n<meta property=\"article:author\" content=\"https:\/\/www.facebook.com\/SonoraEE\" \/>\n<meta property=\"article:published_time\" content=\"2021-07-28T22:19:13+00:00\" \/>\n<meta property=\"article:modified_time\" content=\"2021-07-29T03:15:19+00:00\" \/>\n<meta property=\"og:image\" content=\"https:\/\/www.sonoraenequipo.com.mx\/storage\/2021\/07\/Peru-pedro-castillo_opt.jpg\" \/>\n\t<meta property=\"og:image:width\" content=\"700\" \/>\n\t<meta property=\"og:image:height\" content=\"400\" \/>\n\t<meta property=\"og:image:type\" content=\"image\/jpeg\" \/>\n<meta name=\"author\" content=\"enequipo\" \/>\n<meta name=\"twitter:card\" content=\"summary_large_image\" \/>\n<meta name=\"twitter:creator\" content=\"@sonoraenequipo\" \/>\n<meta name=\"twitter:site\" content=\"@sonoraenequipo\" \/>\n<meta name=\"twitter:label1\" content=\"Escrito por\" \/>\n\t<meta name=\"twitter:data1\" content=\"enequipo\" \/>\n\t<meta name=\"twitter:label2\" content=\"Tiempo de lectura\" \/>\n\t<meta name=\"twitter:data2\" content=\"3 minutos\" \/>\n<script type=\"application\/ld+json\" class=\"yoast-schema-graph\">{\"@context\":\"https:\/\/schema.org\",\"@graph\":[{\"@type\":\"Article\",\"@id\":\"https:\/\/www.sonoraenequipo.com.mx\/pedro-castillo-asume-como-presidente-de-peru-para-el-periodo-2021-2026\/#article\",\"isPartOf\":{\"@id\":\"https:\/\/www.sonoraenequipo.com.mx\/pedro-castillo-asume-como-presidente-de-peru-para-el-periodo-2021-2026\/\"},\"author\":{\"name\":\"enequipo\",\"@id\":\"https:\/\/www.sonoraenequipo.com.mx\/#\/schema\/person\/50102df0fb23a8fa9e8effad8fa81386\"},\"headline\":\"Pedro Castillo asume como presidente de Per\u00fa para el per\u00edodo 2021-2026\",\"datePublished\":\"2021-07-28T22:19:13+00:00\",\"dateModified\":\"2021-07-29T03:15:19+00:00\",\"mainEntityOfPage\":{\"@id\":\"https:\/\/www.sonoraenequipo.com.mx\/pedro-castillo-asume-como-presidente-de-peru-para-el-periodo-2021-2026\/\"},\"wordCount\":510,\"commentCount\":0,\"publisher\":{\"@id\":\"https:\/\/www.sonoraenequipo.com.mx\/#organization\"},\"image\":{\"@id\":\"https:\/\/www.sonoraenequipo.com.mx\/pedro-castillo-asume-como-presidente-de-peru-para-el-periodo-2021-2026\/#primaryimage\"},\"thumbnailUrl\":\"https:\/\/www.sonoraenequipo.com.mx\/storage\/2021\/07\/Peru-pedro-castillo_opt.jpg\",\"articleSection\":[\"MUNDO\"],\"inLanguage\":\"es\",\"potentialAction\":[{\"@type\":\"CommentAction\",\"name\":\"Comment\",\"target\":[\"https:\/\/www.sonoraenequipo.com.mx\/pedro-castillo-asume-como-presidente-de-peru-para-el-periodo-2021-2026\/#respond\"]}]},{\"@type\":\"WebPage\",\"@id\":\"https:\/\/www.sonoraenequipo.com.mx\/pedro-castillo-asume-como-presidente-de-peru-para-el-periodo-2021-2026\/\",\"url\":\"https:\/\/www.sonoraenequipo.com.mx\/pedro-castillo-asume-como-presidente-de-peru-para-el-periodo-2021-2026\/\",\"name\":\"Sonora en Equipo. Pedro Castillo asume como presidente de Per\u00fa para el per\u00edodo 2021-2026 MUNDO\",\"isPartOf\":{\"@id\":\"https:\/\/www.sonoraenequipo.com.mx\/#website\"},\"primaryImageOfPage\":{\"@id\":\"https:\/\/www.sonoraenequipo.com.mx\/pedro-castillo-asume-como-presidente-de-peru-para-el-periodo-2021-2026\/#primaryimage\"},\"image\":{\"@id\":\"https:\/\/www.sonoraenequipo.com.mx\/pedro-castillo-asume-como-presidente-de-peru-para-el-periodo-2021-2026\/#primaryimage\"},\"thumbnailUrl\":\"https:\/\/www.sonoraenequipo.com.mx\/storage\/2021\/07\/Peru-pedro-castillo_opt.jpg\",\"datePublished\":\"2021-07-28T22:19:13+00:00\",\"dateModified\":\"2021-07-29T03:15:19+00:00\",\"description\":\"LIMA,PER\u00da. \u2014 Por esas cosas del destino, le toc\u00f3 este mi\u00e9rcoles (28.07.2021) a Pedro Castillo asumir el mando de Per\u00fa el mismo d\u00eda que el pa\u00eds En Sonora en Equipo publicamos toda la informaci\u00f3n de Sonora, M\u00e9xico y el Mundo de manera oportuna y busca que la libertad de expresi\u00f3n sea real. Visita nuestro medio informativo publicado desde Hermosillo, Sonora. %\",\"breadcrumb\":{\"@id\":\"https:\/\/www.sonoraenequipo.com.mx\/pedro-castillo-asume-como-presidente-de-peru-para-el-periodo-2021-2026\/#breadcrumb\"},\"inLanguage\":\"es\",\"potentialAction\":[{\"@type\":\"ReadAction\",\"target\":[\"https:\/\/www.sonoraenequipo.com.mx\/pedro-castillo-asume-como-presidente-de-peru-para-el-periodo-2021-2026\/\"]}]},{\"@type\":\"ImageObject\",\"inLanguage\":\"es\",\"@id\":\"https:\/\/www.sonoraenequipo.com.mx\/pedro-castillo-asume-como-presidente-de-peru-para-el-periodo-2021-2026\/#primaryimage\",\"url\":\"https:\/\/www.sonoraenequipo.com.mx\/storage\/2021\/07\/Peru-pedro-castillo_opt.jpg\",\"contentUrl\":\"https:\/\/www.sonoraenequipo.com.mx\/storage\/2021\/07\/Peru-pedro-castillo_opt.jpg\",\"width\":700,\"height\":400},{\"@type\":\"BreadcrumbList\",\"@id\":\"https:\/\/www.sonoraenequipo.com.mx\/pedro-castillo-asume-como-presidente-de-peru-para-el-periodo-2021-2026\/#breadcrumb\",\"itemListElement\":[{\"@type\":\"ListItem\",\"position\":1,\"name\":\"Portada\",\"item\":\"https:\/\/www.sonoraenequipo.com.mx\/\"},{\"@type\":\"ListItem\",\"position\":2,\"name\":\"Pedro Castillo asume como presidente de Per\u00fa para el per\u00edodo 2021-2026\"}]},{\"@type\":\"WebSite\",\"@id\":\"https:\/\/www.sonoraenequipo.com.mx\/#website\",\"url\":\"https:\/\/www.sonoraenequipo.com.mx\/\",\"name\":\"Sonora en Equipo.\",\"description\":\"Diario en l\u00ednea con Noticias desde Hermosillo, Sonora\",\"publisher\":{\"@id\":\"https:\/\/www.sonoraenequipo.com.mx\/#organization\"},\"potentialAction\":[{\"@type\":\"SearchAction\",\"target\":{\"@type\":\"EntryPoint\",\"urlTemplate\":\"https:\/\/www.sonoraenequipo.com.mx\/?s={search_term_string}\"},\"query-input\":{\"@type\":\"PropertyValueSpecification\",\"valueRequired\":true,\"valueName\":\"search_term_string\"}}],\"inLanguage\":\"es\"},{\"@type\":\"Organization\",\"@id\":\"https:\/\/www.sonoraenequipo.com.mx\/#organization\",\"name\":\"Sonoraenequipo.com.mx\",\"url\":\"https:\/\/www.sonoraenequipo.com.mx\/\",\"logo\":{\"@type\":\"ImageObject\",\"inLanguage\":\"es\",\"@id\":\"https:\/\/www.sonoraenequipo.com.mx\/#\/schema\/logo\/image\/\",\"url\":\"https:\/\/www.sonoraenequipo.com.mx\/storage\/2019\/01\/sonoraenequipo_opt.png\",\"contentUrl\":\"https:\/\/www.sonoraenequipo.com.mx\/storage\/2019\/01\/sonoraenequipo_opt.png\",\"width\":375,\"height\":125,\"caption\":\"Sonoraenequipo.com.mx\"},\"image\":{\"@id\":\"https:\/\/www.sonoraenequipo.com.mx\/#\/schema\/logo\/image\/\"},\"sameAs\":[\"https:\/\/www.facebook.com\/SonoraEE\/\",\"https:\/\/x.com\/sonoraenequipo\",\"https:\/\/www.youtube.com\/channel\/UC338nW-lPEYmJQs4ZABQ1SQ\"]},{\"@type\":\"Person\",\"@id\":\"https:\/\/www.sonoraenequipo.com.mx\/#\/schema\/person\/50102df0fb23a8fa9e8effad8fa81386\",\"name\":\"enequipo\",\"image\":{\"@type\":\"ImageObject\",\"inLanguage\":\"es\",\"@id\":\"https:\/\/www.sonoraenequipo.com.mx\/#\/schema\/person\/image\/\",\"url\":\"https:\/\/secure.gravatar.com\/avatar\/049821681b589dabc0bc20695993ccebb09f5b5d4d790cd9251b97faac7c652b?s=96&d=blank&r=g\",\"contentUrl\":\"https:\/\/secure.gravatar.com\/avatar\/049821681b589dabc0bc20695993ccebb09f5b5d4d790cd9251b97faac7c652b?s=96&d=blank&r=g\",\"caption\":\"enequipo\"},\"sameAs\":[\"https:\/\/www.facebook.com\/SonoraEE\"]}]}<\/script>\n ","yoast_head_json":{"title":"Sonora en Equipo. Pedro Castillo asume como presidente de Per\u00fa para el per\u00edodo 2021-2026 MUNDO","description":"LIMA,PER\u00da. \u2014 Por esas cosas del destino, le toc\u00f3 este mi\u00e9rcoles (28.07.2021) a Pedro Castillo asumir el mando de Per\u00fa el mismo d\u00eda que el pa\u00eds En Sonora en Equipo publicamos toda la informaci\u00f3n de Sonora, M\u00e9xico y el Mundo de manera oportuna y busca que la libertad de expresi\u00f3n sea real. Visita nuestro medio informativo publicado desde Hermosillo, Sonora. %","robots":{"index":"index","follow":"follow","max-snippet":"max-snippet:-1","max-image-preview":"max-image-preview:large","max-video-preview":"max-video-preview:-1"},"canonical":"https:\/\/www.sonoraenequipo.com.mx\/pedro-castillo-asume-como-presidente-de-peru-para-el-periodo-2021-2026\/","og_locale":"es_ES","og_type":"article","og_title":"Sonora en Equipo. Pedro Castillo asume como presidente de Per\u00fa para el per\u00edodo 2021-2026 MUNDO","og_description":"LIMA,PER\u00da. \u2014 Por esas cosas del destino, le toc\u00f3 este mi\u00e9rcoles (28.07.2021) a Pedro Castillo asumir el mando de Per\u00fa el mismo d\u00eda que el pa\u00eds En Sonora en Equipo publicamos toda la informaci\u00f3n de Sonora, M\u00e9xico y el Mundo de manera oportuna y busca que la libertad de expresi\u00f3n sea real. Visita nuestro medio informativo publicado desde Hermosillo, Sonora. %","og_url":"https:\/\/www.sonoraenequipo.com.mx\/pedro-castillo-asume-como-presidente-de-peru-para-el-periodo-2021-2026\/","og_site_name":"Sonora en Equipo.","article_publisher":"https:\/\/www.facebook.com\/SonoraEE\/","article_author":"https:\/\/www.facebook.com\/SonoraEE","article_published_time":"2021-07-28T22:19:13+00:00","article_modified_time":"2021-07-29T03:15:19+00:00","og_image":[{"width":700,"height":400,"url":"https:\/\/www.sonoraenequipo.com.mx\/storage\/2021\/07\/Peru-pedro-castillo_opt.jpg","type":"image\/jpeg"}],"author":"enequipo","twitter_card":"summary_large_image","twitter_creator":"@sonoraenequipo","twitter_site":"@sonoraenequipo","twitter_misc":{"Escrito por":"enequipo","Tiempo de lectura":"3 minutos"},"schema":{"@context":"https:\/\/schema.org","@graph":[{"@type":"Article","@id":"https:\/\/www.sonoraenequipo.com.mx\/pedro-castillo-asume-como-presidente-de-peru-para-el-periodo-2021-2026\/#article","isPartOf":{"@id":"https:\/\/www.sonoraenequipo.com.mx\/pedro-castillo-asume-como-presidente-de-peru-para-el-periodo-2021-2026\/"},"author":{"name":"enequipo","@id":"https:\/\/www.sonoraenequipo.com.mx\/#\/schema\/person\/50102df0fb23a8fa9e8effad8fa81386"},"headline":"Pedro Castillo asume como presidente de Per\u00fa para el per\u00edodo 2021-2026","datePublished":"2021-07-28T22:19:13+00:00","dateModified":"2021-07-29T03:15:19+00:00","mainEntityOfPage":{"@id":"https:\/\/www.sonoraenequipo.com.mx\/pedro-castillo-asume-como-presidente-de-peru-para-el-periodo-2021-2026\/"},"wordCount":510,"commentCount":0,"publisher":{"@id":"https:\/\/www.sonoraenequipo.com.mx\/#organization"},"image":{"@id":"https:\/\/www.sonoraenequipo.com.mx\/pedro-castillo-asume-como-presidente-de-peru-para-el-periodo-2021-2026\/#primaryimage"},"thumbnailUrl":"https:\/\/www.sonoraenequipo.com.mx\/storage\/2021\/07\/Peru-pedro-castillo_opt.jpg","articleSection":["MUNDO"],"inLanguage":"es","potentialAction":[{"@type":"CommentAction","name":"Comment","target":["https:\/\/www.sonoraenequipo.com.mx\/pedro-castillo-asume-como-presidente-de-peru-para-el-periodo-2021-2026\/#respond"]}]},{"@type":"WebPage","@id":"https:\/\/www.sonoraenequipo.com.mx\/pedro-castillo-asume-como-presidente-de-peru-para-el-periodo-2021-2026\/","url":"https:\/\/www.sonoraenequipo.com.mx\/pedro-castillo-asume-como-presidente-de-peru-para-el-periodo-2021-2026\/","name":"Sonora en Equipo. Pedro Castillo asume como presidente de Per\u00fa para el per\u00edodo 2021-2026 MUNDO","isPartOf":{"@id":"https:\/\/www.sonoraenequipo.com.mx\/#website"},"primaryImageOfPage":{"@id":"https:\/\/www.sonoraenequipo.com.mx\/pedro-castillo-asume-como-presidente-de-peru-para-el-periodo-2021-2026\/#primaryimage"},"image":{"@id":"https:\/\/www.sonoraenequipo.com.mx\/pedro-castillo-asume-como-presidente-de-peru-para-el-periodo-2021-2026\/#primaryimage"},"thumbnailUrl":"https:\/\/www.sonoraenequipo.com.mx\/storage\/2021\/07\/Peru-pedro-castillo_opt.jpg","datePublished":"2021-07-28T22:19:13+00:00","dateModified":"2021-07-29T03:15:19+00:00","description":"LIMA,PER\u00da. \u2014 Por esas cosas del destino, le toc\u00f3 este mi\u00e9rcoles (28.07.2021) a Pedro Castillo asumir el mando de Per\u00fa el mismo d\u00eda que el pa\u00eds En Sonora en Equipo publicamos toda la informaci\u00f3n de Sonora, M\u00e9xico y el Mundo de manera oportuna y busca que la libertad de expresi\u00f3n sea real. Visita nuestro medio informativo publicado desde Hermosillo, Sonora. %","breadcrumb":{"@id":"https:\/\/www.sonoraenequipo.com.mx\/pedro-castillo-asume-como-presidente-de-peru-para-el-periodo-2021-2026\/#breadcrumb"},"inLanguage":"es","potentialAction":[{"@type":"ReadAction","target":["https:\/\/www.sonoraenequipo.com.mx\/pedro-castillo-asume-como-presidente-de-peru-para-el-periodo-2021-2026\/"]}]},{"@type":"ImageObject","inLanguage":"es","@id":"https:\/\/www.sonoraenequipo.com.mx\/pedro-castillo-asume-como-presidente-de-peru-para-el-periodo-2021-2026\/#primaryimage","url":"https:\/\/www.sonoraenequipo.com.mx\/storage\/2021\/07\/Peru-pedro-castillo_opt.jpg","contentUrl":"https:\/\/www.sonoraenequipo.com.mx\/storage\/2021\/07\/Peru-pedro-castillo_opt.jpg","width":700,"height":400},{"@type":"BreadcrumbList","@id":"https:\/\/www.sonoraenequipo.com.mx\/pedro-castillo-asume-como-presidente-de-peru-para-el-periodo-2021-2026\/#breadcrumb","itemListElement":[{"@type":"ListItem","position":1,"name":"Portada","item":"https:\/\/www.sonoraenequipo.com.mx\/"},{"@type":"ListItem","position":2,"name":"Pedro Castillo asume como presidente de Per\u00fa para el per\u00edodo 2021-2026"}]},{"@type":"WebSite","@id":"https:\/\/www.sonoraenequipo.com.mx\/#website","url":"https:\/\/www.sonoraenequipo.com.mx\/","name":"Sonora en Equipo.","description":"Diario en l\u00ednea con Noticias desde Hermosillo, Sonora","publisher":{"@id":"https:\/\/www.sonoraenequipo.com.mx\/#organization"},"potentialAction":[{"@type":"SearchAction","target":{"@type":"EntryPoint","urlTemplate":"https:\/\/www.sonoraenequipo.com.mx\/?s={search_term_string}"},"query-input":{"@type":"PropertyValueSpecification","valueRequired":true,"valueName":"search_term_string"}}],"inLanguage":"es"},{"@type":"Organization","@id":"https:\/\/www.sonoraenequipo.com.mx\/#organization","name":"Sonoraenequipo.com.mx","url":"https:\/\/www.sonoraenequipo.com.mx\/","logo":{"@type":"ImageObject","inLanguage":"es","@id":"https:\/\/www.sonoraenequipo.com.mx\/#\/schema\/logo\/image\/","url":"https:\/\/www.sonoraenequipo.com.mx\/storage\/2019\/01\/sonoraenequipo_opt.png","contentUrl":"https:\/\/www.sonoraenequipo.com.mx\/storage\/2019\/01\/sonoraenequipo_opt.png","width":375,"height":125,"caption":"Sonoraenequipo.com.mx"},"image":{"@id":"https:\/\/www.sonoraenequipo.com.mx\/#\/schema\/logo\/image\/"},"sameAs":["https:\/\/www.facebook.com\/SonoraEE\/","https:\/\/x.com\/sonoraenequipo","https:\/\/www.youtube.com\/channel\/UC338nW-lPEYmJQs4ZABQ1SQ"]},{"@type":"Person","@id":"https:\/\/www.sonoraenequipo.com.mx\/#\/schema\/person\/50102df0fb23a8fa9e8effad8fa81386","name":"enequipo","image":{"@type":"ImageObject","inLanguage":"es","@id":"https:\/\/www.sonoraenequipo.com.mx\/#\/schema\/person\/image\/","url":"https:\/\/secure.gravatar.com\/avatar\/049821681b589dabc0bc20695993ccebb09f5b5d4d790cd9251b97faac7c652b?s=96&d=blank&r=g","contentUrl":"https:\/\/secure.gravatar.com\/avatar\/049821681b589dabc0bc20695993ccebb09f5b5d4d790cd9251b97faac7c652b?s=96&d=blank&r=g","caption":"enequipo"},"sameAs":["https:\/\/www.facebook.com\/SonoraEE"]}]}},"jetpack_featured_media_url":"https:\/\/www.sonoraenequipo.com.mx\/storage\/2021\/07\/Peru-pedro-castillo_opt.jpg","_links":{"self":[{"href":"https:\/\/www.sonoraenequipo.com.mx\/api\/wp\/v2\/posts\/119342","targetHints":{"allow":["GET"]}}],"collection":[{"href":"https:\/\/www.sonoraenequipo.com.mx\/api\/wp\/v2\/posts"}],"about":[{"href":"https:\/\/www.sonoraenequipo.com.mx\/api\/wp\/v2\/types\/post"}],"author":[{"embeddable":true,"href":"https:\/\/www.sonoraenequipo.com.mx\/api\/wp\/v2\/users\/1"}],"replies":[{"embeddable":true,"href":"https:\/\/www.sonoraenequipo.com.mx\/api\/wp\/v2\/comments?post=119342"}],"version-history":[{"count":1,"href":"https:\/\/www.sonoraenequipo.com.mx\/api\/wp\/v2\/posts\/119342\/revisions"}],"predecessor-version":[{"id":119345,"href":"https:\/\/www.sonoraenequipo.com.mx\/api\/wp\/v2\/posts\/119342\/revisions\/119345"}],"wp:featuredmedia":[{"embeddable":true,"href":"https:\/\/www.sonoraenequipo.com.mx\/api\/wp\/v2\/media\/119343"}],"wp:attachment":[{"href":"https:\/\/www.sonoraenequipo.com.mx\/api\/wp\/v2\/media?parent=119342"}],"wp:term":[{"taxonomy":"category","embeddable":true,"href":"https:\/\/www.sonoraenequipo.com.mx\/api\/wp\/v2\/categories?post=119342"},{"taxonomy":"post_tag","embeddable":true,"href":"https:\/\/www.sonoraenequipo.com.mx\/api\/wp\/v2\/tags?post=119342"}],"curies":[{"name":"wp","href":"https:\/\/api.w.org\/{rel}","templated":true}]}}