{"id":119350,"date":"2021-07-28T21:00:13","date_gmt":"2021-07-29T04:00:13","guid":{"rendered":"https:\/\/www.sonoraenequipo.com.mx\/?p=119350"},"modified":"2021-07-29T09:56:55","modified_gmt":"2021-07-29T16:56:55","slug":"el-expresidente-salvadoreno-sanchez-ceren-en-busqueda-y-captura-internacional","status":"publish","type":"post","link":"https:\/\/www.sonoraenequipo.com.mx\/el-expresidente-salvadoreno-sanchez-ceren-en-busqueda-y-captura-internacional\/","title":{"rendered":"El expresidente salvadore\u00f1o S\u00e1nchez Cer\u00e9n, en b\u00fasqueda y captura internacional"},"content":{"rendered":"<p>SAN SALVADOR. EL SALVADOR. \u2014 El expresidente de El Salvador Salvador S\u00e1nchez Cer\u00e9n est\u00e1 bajo b\u00fasqueda y captura internacional acusado de delitos de enriquecimiento il\u00edcito y lavado de dinero. La orden de arresto dirigida a la Interpol incluye a otros cuatro exfuncionarios, de los nueve implicados en el caso de desfalco p\u00fablico, a parte del exmandatario.<\/p>\n<p>&nbsp;<\/p>\n<p> <\/p>\n<p>La jefa de la Unidad Contra el Lavado de Activos, Maricela Vel\u00e1squez, asegur\u00f3 que fue el Juzgado Segundo de Paz de San Salvador quien decret\u00f3 la orden, seg\u00fan recoge la agencia EFE. Se trata del mismo tribunal que inici\u00f3 la fase de instrucci\u00f3n de los presuntos delitos, que datan del periodo 2009-2014, a\u00f1os en que S\u00e1nchez ocupaba la Vicepresidencia del Gobierno de Mauricio Funes.<\/p>\n<p>&nbsp;<\/p>\n<p>La emisi\u00f3n de la orden internacional llega d\u00edas despu\u00e9s de que la Fiscal\u00eda General de El Salvador pidiera la captura del expresidente izquierdista y detuviera a algunos de sus presuntos colaboradores.<\/p>\n<p>&nbsp;<\/p>\n<p>La Fiscal\u00eda fija en 350 millones de d\u00f3lares la trama que se\u00f1ala a S\u00e1nchez Cer\u00e9n<\/p>\n<p>&nbsp;<\/p>\n<p><em>\u00abTodas estas personas contribuyeron al desfalco que le cost\u00f3 m\u00e1s de 350 millones de d\u00f3lares al Estado salvadore\u00f1o\u00bb<\/em>, afirm\u00f3 el fiscal general, Rodolfo Delgado, frente a periodistas, en declaraciones citadas por la agencia de prensa AFP.<\/p>\n<p>&nbsp;<\/p>\n<p>El fiscal asegur\u00f3 que \u00ab<em>el dinero era entregado en casa presidencial (&#8230;) en forma mensual y constitu\u00eda una adici\u00f3n al salario que por ley deb\u00edan devengar por ejercer la funci\u00f3n p\u00fablica\u00bb<\/em> y a\u00f1adi\u00f3 que las personas implicadas en el caso ser\u00e1n<em> \u00abacusadas por el delito de lavado de dinero\u00bb.<\/em><\/p>\n<p>&nbsp;<\/p>\n<p>Seg\u00fan el fiscal, la investigaci\u00f3n actual, emprendida en 2019, es<em> \u00abuna derivaci\u00f3n\u00bb del caso Saqueo P\u00fablico de 2009-2014, \u00abcuando la Asamblea Legislativa valid\u00f3 una partida de 80,8 millones de d\u00f3lares en concepto de gastos reservados de la presidencia, para un periodo de cinco a\u00f1os\u00bb,<\/em> seg\u00fan se\u00f1ala AFP.<\/p>\n<p>&nbsp;<\/p>\n<p>La estimaci\u00f3n final de dinero defraudado se elevar\u00eda a 351 millones de d\u00f3lares. Un aumento debido a las transacciones de fondos autorizadas por el ministro de Hacienda sin pasar por control parlamentario.<\/p>\n<p>&nbsp;<\/p>\n<h3>El FMLN denuncia \u00abpersecuci\u00f3n pol\u00edtica\u00bb por parte del Gobierno<\/h3>\n<p>&nbsp;<\/p>\n<p>El antecesor de S\u00e1nchez Cer\u00e9n, Mauricio Funes, tambi\u00e9n afronta procesos judiciales en El Salvador por enriquecimiento il\u00edcito. Por lo que en 2016 se exili\u00f3 en Nicaragua, donde obtuvo la condici\u00f3n de asilado pol\u00edtico.<\/p>\n<p>&nbsp;<\/p>\n<p>Funes argument\u00f3 sufrir <em>\u00abuna persecuci\u00f3n pol\u00edtica\u00bb<\/em> por parte de \u00ab<em>la derecha olig\u00e1rquica\u00bb<\/em> salvadore\u00f1a, seg\u00fan escribi\u00f3 en sus cuentas de redes sociales en ese momento.<\/p>\n<p>&nbsp;<\/p>\n<p>En relaci\u00f3n con las investigaciones actuales, \u00d3scar Ortiz, secretario general del partido del expresidente S\u00e1nchez, el FMLN, tambi\u00e9n denunci\u00f3<em> \u00abpersecuci\u00f3n pol\u00edtica\u00bb<\/em> por parte de<em>l \u00abactual grupo gubernamental, vali\u00e9ndose de instrumentos del Estado\u00bb<\/em>, seg\u00fan cita AFP. Se trata de un <em>\u00abmecanismo autoritario que lleva directamente a la construcci\u00f3n de una nueva dictadura, de la cual hab\u00edamos salido hace casi tres d\u00e9cadas\u00bb,<\/em> agreg\u00f3 Ort\u00edz.<\/p>\n<p>&nbsp;<\/p>\n<p>Llegado a la Presidencia en 2019, Nayib Bukele acab\u00f3 con treinta a\u00f1os de bipartidismo entre la izquierda del FMLN y la derecha de Arena. A pesar de haber lanzado su carrera pol\u00edtica desde las filas del FMLN.<\/p>\n<p>&nbsp;<\/p>\n<p>En mayo de 2020, Bukele destituy\u00f3 y sustituy\u00f3 a un grupo de magistrados y al fiscal general quien hab\u00eda reactivado investigaciones por corrupci\u00f3n contra anteriores administraciones.<\/p>\n<p>&nbsp;<\/p>\n<p>S\u00e1nchez Cer\u00e9n est\u00e1 en paradero desconocido, aunque la prensa de Managua indica que, como su antecesor, podr\u00eda encontrarse en Nicaragua.<\/p>\n<p>&nbsp;<\/p>\n<p>&nbsp;<\/p>\n<p>(Publicada el 28\/07\/2021 \/Con informaci\u00f3n de EFE y AFP \/ Rosa P\u00e9rez Masdeu)<\/p>\n<p>&nbsp;<\/p>\n","protected":false},"excerpt":{"rendered":"<p>SAN SALVADOR. EL SALVADOR. \u2014 El expresidente de El Salvador Salvador S\u00e1nchez Cer\u00e9n est\u00e1 bajo&#8230;<\/p>\n","protected":false},"author":1,"featured_media":119347,"comment_status":"open","ping_status":"open","sticky":false,"template":"","format":"standard","meta":{"_monsterinsights_skip_tracking":false,"_monsterinsights_sitenote_active":false,"_monsterinsights_sitenote_note":"","_monsterinsights_sitenote_category":0,"footnotes":""},"categories":[3],"tags":[],"class_list":["post"],"yoast_head":" \n<title>Sonora en Equipo. El expresidente salvadore\u00f1o S\u00e1nchez Cer\u00e9n, en b\u00fasqueda y captura internacional MUNDO<\/title>\n<meta name=\"description\" content=\"SAN SALVADOR. EL SALVADOR. \u2014 El expresidente de El Salvador Salvador S\u00e1nchez Cer\u00e9n est\u00e1 bajo b\u00fasqueda y captura internacional acusado de delitos de En Sonora en Equipo publicamos toda la informaci\u00f3n de Sonora, M\u00e9xico y el Mundo de manera oportuna y busca que la libertad de expresi\u00f3n sea real. Visita nuestro medio informativo publicado desde Hermosillo, Sonora. %\" \/>\n<meta name=\"robots\" content=\"index, follow, max-snippet:-1, max-image-preview:large, max-video-preview:-1\" \/>\n<link rel=\"canonical\" href=\"https:\/\/www.sonoraenequipo.com.mx\/el-expresidente-salvadoreno-sanchez-ceren-en-busqueda-y-captura-internacional\/\" \/>\n<meta property=\"og:locale\" content=\"es_ES\" \/>\n<meta property=\"og:type\" content=\"article\" \/>\n<meta property=\"og:title\" content=\"Sonora en Equipo. El expresidente salvadore\u00f1o S\u00e1nchez Cer\u00e9n, en b\u00fasqueda y captura internacional MUNDO\" \/>\n<meta property=\"og:description\" content=\"SAN SALVADOR. EL SALVADOR. \u2014 El expresidente de El Salvador Salvador S\u00e1nchez Cer\u00e9n est\u00e1 bajo b\u00fasqueda y captura internacional acusado de delitos de En Sonora en Equipo publicamos toda la informaci\u00f3n de Sonora, M\u00e9xico y el Mundo de manera oportuna y busca que la libertad de expresi\u00f3n sea real. Visita nuestro medio informativo publicado desde Hermosillo, Sonora. %\" \/>\n<meta property=\"og:url\" content=\"https:\/\/www.sonoraenequipo.com.mx\/el-expresidente-salvadoreno-sanchez-ceren-en-busqueda-y-captura-internacional\/\" \/>\n<meta property=\"og:site_name\" content=\"Sonora en Equipo.\" \/>\n<meta property=\"article:publisher\" content=\"https:\/\/www.facebook.com\/SonoraEE\/\" \/>\n<meta property=\"article:author\" content=\"https:\/\/www.facebook.com\/SonoraEE\" \/>\n<meta property=\"article:published_time\" content=\"2021-07-29T04:00:13+00:00\" \/>\n<meta property=\"article:modified_time\" content=\"2021-07-29T16:56:55+00:00\" \/>\n<meta property=\"og:image\" content=\"https:\/\/www.sonoraenequipo.com.mx\/storage\/2021\/07\/Sanchez_opt.jpg\" \/>\n\t<meta property=\"og:image:width\" content=\"700\" \/>\n\t<meta property=\"og:image:height\" content=\"400\" \/>\n\t<meta property=\"og:image:type\" content=\"image\/jpeg\" \/>\n<meta name=\"author\" content=\"enequipo\" \/>\n<meta name=\"twitter:card\" content=\"summary_large_image\" \/>\n<meta name=\"twitter:creator\" content=\"@sonoraenequipo\" \/>\n<meta name=\"twitter:site\" content=\"@sonoraenequipo\" \/>\n<meta name=\"twitter:label1\" content=\"Escrito por\" \/>\n\t<meta name=\"twitter:data1\" content=\"enequipo\" \/>\n\t<meta name=\"twitter:label2\" content=\"Tiempo de lectura\" \/>\n\t<meta name=\"twitter:data2\" content=\"3 minutos\" \/>\n<script type=\"application\/ld+json\" class=\"yoast-schema-graph\">{\"@context\":\"https:\/\/schema.org\",\"@graph\":[{\"@type\":\"Article\",\"@id\":\"https:\/\/www.sonoraenequipo.com.mx\/el-expresidente-salvadoreno-sanchez-ceren-en-busqueda-y-captura-internacional\/#article\",\"isPartOf\":{\"@id\":\"https:\/\/www.sonoraenequipo.com.mx\/el-expresidente-salvadoreno-sanchez-ceren-en-busqueda-y-captura-internacional\/\"},\"author\":{\"name\":\"enequipo\",\"@id\":\"https:\/\/www.sonoraenequipo.com.mx\/#\/schema\/person\/50102df0fb23a8fa9e8effad8fa81386\"},\"headline\":\"El expresidente salvadore\u00f1o S\u00e1nchez Cer\u00e9n, en b\u00fasqueda y captura internacional\",\"datePublished\":\"2021-07-29T04:00:13+00:00\",\"dateModified\":\"2021-07-29T16:56:55+00:00\",\"mainEntityOfPage\":{\"@id\":\"https:\/\/www.sonoraenequipo.com.mx\/el-expresidente-salvadoreno-sanchez-ceren-en-busqueda-y-captura-internacional\/\"},\"wordCount\":646,\"commentCount\":0,\"publisher\":{\"@id\":\"https:\/\/www.sonoraenequipo.com.mx\/#organization\"},\"image\":{\"@id\":\"https:\/\/www.sonoraenequipo.com.mx\/el-expresidente-salvadoreno-sanchez-ceren-en-busqueda-y-captura-internacional\/#primaryimage\"},\"thumbnailUrl\":\"https:\/\/www.sonoraenequipo.com.mx\/storage\/2021\/07\/Sanchez_opt.jpg\",\"articleSection\":[\"MUNDO\"],\"inLanguage\":\"es\",\"potentialAction\":[{\"@type\":\"CommentAction\",\"name\":\"Comment\",\"target\":[\"https:\/\/www.sonoraenequipo.com.mx\/el-expresidente-salvadoreno-sanchez-ceren-en-busqueda-y-captura-internacional\/#respond\"]}]},{\"@type\":\"WebPage\",\"@id\":\"https:\/\/www.sonoraenequipo.com.mx\/el-expresidente-salvadoreno-sanchez-ceren-en-busqueda-y-captura-internacional\/\",\"url\":\"https:\/\/www.sonoraenequipo.com.mx\/el-expresidente-salvadoreno-sanchez-ceren-en-busqueda-y-captura-internacional\/\",\"name\":\"Sonora en Equipo. El expresidente salvadore\u00f1o S\u00e1nchez Cer\u00e9n, en b\u00fasqueda y captura internacional MUNDO\",\"isPartOf\":{\"@id\":\"https:\/\/www.sonoraenequipo.com.mx\/#website\"},\"primaryImageOfPage\":{\"@id\":\"https:\/\/www.sonoraenequipo.com.mx\/el-expresidente-salvadoreno-sanchez-ceren-en-busqueda-y-captura-internacional\/#primaryimage\"},\"image\":{\"@id\":\"https:\/\/www.sonoraenequipo.com.mx\/el-expresidente-salvadoreno-sanchez-ceren-en-busqueda-y-captura-internacional\/#primaryimage\"},\"thumbnailUrl\":\"https:\/\/www.sonoraenequipo.com.mx\/storage\/2021\/07\/Sanchez_opt.jpg\",\"datePublished\":\"2021-07-29T04:00:13+00:00\",\"dateModified\":\"2021-07-29T16:56:55+00:00\",\"description\":\"SAN SALVADOR. EL SALVADOR. \u2014 El expresidente de El Salvador Salvador S\u00e1nchez Cer\u00e9n est\u00e1 bajo b\u00fasqueda y captura internacional acusado de delitos de En Sonora en Equipo publicamos toda la informaci\u00f3n de Sonora, M\u00e9xico y el Mundo de manera oportuna y busca que la libertad de expresi\u00f3n sea real. Visita nuestro medio informativo publicado desde Hermosillo, Sonora. %\",\"breadcrumb\":{\"@id\":\"https:\/\/www.sonoraenequipo.com.mx\/el-expresidente-salvadoreno-sanchez-ceren-en-busqueda-y-captura-internacional\/#breadcrumb\"},\"inLanguage\":\"es\",\"potentialAction\":[{\"@type\":\"ReadAction\",\"target\":[\"https:\/\/www.sonoraenequipo.com.mx\/el-expresidente-salvadoreno-sanchez-ceren-en-busqueda-y-captura-internacional\/\"]}]},{\"@type\":\"ImageObject\",\"inLanguage\":\"es\",\"@id\":\"https:\/\/www.sonoraenequipo.com.mx\/el-expresidente-salvadoreno-sanchez-ceren-en-busqueda-y-captura-internacional\/#primaryimage\",\"url\":\"https:\/\/www.sonoraenequipo.com.mx\/storage\/2021\/07\/Sanchez_opt.jpg\",\"contentUrl\":\"https:\/\/www.sonoraenequipo.com.mx\/storage\/2021\/07\/Sanchez_opt.jpg\",\"width\":700,\"height\":400},{\"@type\":\"BreadcrumbList\",\"@id\":\"https:\/\/www.sonoraenequipo.com.mx\/el-expresidente-salvadoreno-sanchez-ceren-en-busqueda-y-captura-internacional\/#breadcrumb\",\"itemListElement\":[{\"@type\":\"ListItem\",\"position\":1,\"name\":\"Portada\",\"item\":\"https:\/\/www.sonoraenequipo.com.mx\/\"},{\"@type\":\"ListItem\",\"position\":2,\"name\":\"El expresidente salvadore\u00f1o S\u00e1nchez Cer\u00e9n, en b\u00fasqueda y captura internacional\"}]},{\"@type\":\"WebSite\",\"@id\":\"https:\/\/www.sonoraenequipo.com.mx\/#website\",\"url\":\"https:\/\/www.sonoraenequipo.com.mx\/\",\"name\":\"Sonora en Equipo.\",\"description\":\"Diario en l\u00ednea con Noticias desde Hermosillo, Sonora\",\"publisher\":{\"@id\":\"https:\/\/www.sonoraenequipo.com.mx\/#organization\"},\"potentialAction\":[{\"@type\":\"SearchAction\",\"target\":{\"@type\":\"EntryPoint\",\"urlTemplate\":\"https:\/\/www.sonoraenequipo.com.mx\/?s={search_term_string}\"},\"query-input\":{\"@type\":\"PropertyValueSpecification\",\"valueRequired\":true,\"valueName\":\"search_term_string\"}}],\"inLanguage\":\"es\"},{\"@type\":\"Organization\",\"@id\":\"https:\/\/www.sonoraenequipo.com.mx\/#organization\",\"name\":\"Sonoraenequipo.com.mx\",\"url\":\"https:\/\/www.sonoraenequipo.com.mx\/\",\"logo\":{\"@type\":\"ImageObject\",\"inLanguage\":\"es\",\"@id\":\"https:\/\/www.sonoraenequipo.com.mx\/#\/schema\/logo\/image\/\",\"url\":\"https:\/\/www.sonoraenequipo.com.mx\/storage\/2019\/01\/sonoraenequipo_opt.png\",\"contentUrl\":\"https:\/\/www.sonoraenequipo.com.mx\/storage\/2019\/01\/sonoraenequipo_opt.png\",\"width\":375,\"height\":125,\"caption\":\"Sonoraenequipo.com.mx\"},\"image\":{\"@id\":\"https:\/\/www.sonoraenequipo.com.mx\/#\/schema\/logo\/image\/\"},\"sameAs\":[\"https:\/\/www.facebook.com\/SonoraEE\/\",\"https:\/\/x.com\/sonoraenequipo\",\"https:\/\/www.youtube.com\/channel\/UC338nW-lPEYmJQs4ZABQ1SQ\"]},{\"@type\":\"Person\",\"@id\":\"https:\/\/www.sonoraenequipo.com.mx\/#\/schema\/person\/50102df0fb23a8fa9e8effad8fa81386\",\"name\":\"enequipo\",\"image\":{\"@type\":\"ImageObject\",\"inLanguage\":\"es\",\"@id\":\"https:\/\/www.sonoraenequipo.com.mx\/#\/schema\/person\/image\/\",\"url\":\"https:\/\/secure.gravatar.com\/avatar\/049821681b589dabc0bc20695993ccebb09f5b5d4d790cd9251b97faac7c652b?s=96&d=blank&r=g\",\"contentUrl\":\"https:\/\/secure.gravatar.com\/avatar\/049821681b589dabc0bc20695993ccebb09f5b5d4d790cd9251b97faac7c652b?s=96&d=blank&r=g\",\"caption\":\"enequipo\"},\"sameAs\":[\"https:\/\/www.facebook.com\/SonoraEE\"]}]}<\/script>\n ","yoast_head_json":{"title":"Sonora en Equipo. El expresidente salvadore\u00f1o S\u00e1nchez Cer\u00e9n, en b\u00fasqueda y captura internacional MUNDO","description":"SAN SALVADOR. EL SALVADOR. \u2014 El expresidente de El Salvador Salvador S\u00e1nchez Cer\u00e9n est\u00e1 bajo b\u00fasqueda y captura internacional acusado de delitos de En Sonora en Equipo publicamos toda la informaci\u00f3n de Sonora, M\u00e9xico y el Mundo de manera oportuna y busca que la libertad de expresi\u00f3n sea real. Visita nuestro medio informativo publicado desde Hermosillo, Sonora. %","robots":{"index":"index","follow":"follow","max-snippet":"max-snippet:-1","max-image-preview":"max-image-preview:large","max-video-preview":"max-video-preview:-1"},"canonical":"https:\/\/www.sonoraenequipo.com.mx\/el-expresidente-salvadoreno-sanchez-ceren-en-busqueda-y-captura-internacional\/","og_locale":"es_ES","og_type":"article","og_title":"Sonora en Equipo. El expresidente salvadore\u00f1o S\u00e1nchez Cer\u00e9n, en b\u00fasqueda y captura internacional MUNDO","og_description":"SAN SALVADOR. EL SALVADOR. \u2014 El expresidente de El Salvador Salvador S\u00e1nchez Cer\u00e9n est\u00e1 bajo b\u00fasqueda y captura internacional acusado de delitos de En Sonora en Equipo publicamos toda la informaci\u00f3n de Sonora, M\u00e9xico y el Mundo de manera oportuna y busca que la libertad de expresi\u00f3n sea real. Visita nuestro medio informativo publicado desde Hermosillo, Sonora. %","og_url":"https:\/\/www.sonoraenequipo.com.mx\/el-expresidente-salvadoreno-sanchez-ceren-en-busqueda-y-captura-internacional\/","og_site_name":"Sonora en Equipo.","article_publisher":"https:\/\/www.facebook.com\/SonoraEE\/","article_author":"https:\/\/www.facebook.com\/SonoraEE","article_published_time":"2021-07-29T04:00:13+00:00","article_modified_time":"2021-07-29T16:56:55+00:00","og_image":[{"width":700,"height":400,"url":"https:\/\/www.sonoraenequipo.com.mx\/storage\/2021\/07\/Sanchez_opt.jpg","type":"image\/jpeg"}],"author":"enequipo","twitter_card":"summary_large_image","twitter_creator":"@sonoraenequipo","twitter_site":"@sonoraenequipo","twitter_misc":{"Escrito por":"enequipo","Tiempo de lectura":"3 minutos"},"schema":{"@context":"https:\/\/schema.org","@graph":[{"@type":"Article","@id":"https:\/\/www.sonoraenequipo.com.mx\/el-expresidente-salvadoreno-sanchez-ceren-en-busqueda-y-captura-internacional\/#article","isPartOf":{"@id":"https:\/\/www.sonoraenequipo.com.mx\/el-expresidente-salvadoreno-sanchez-ceren-en-busqueda-y-captura-internacional\/"},"author":{"name":"enequipo","@id":"https:\/\/www.sonoraenequipo.com.mx\/#\/schema\/person\/50102df0fb23a8fa9e8effad8fa81386"},"headline":"El expresidente salvadore\u00f1o S\u00e1nchez Cer\u00e9n, en b\u00fasqueda y captura internacional","datePublished":"2021-07-29T04:00:13+00:00","dateModified":"2021-07-29T16:56:55+00:00","mainEntityOfPage":{"@id":"https:\/\/www.sonoraenequipo.com.mx\/el-expresidente-salvadoreno-sanchez-ceren-en-busqueda-y-captura-internacional\/"},"wordCount":646,"commentCount":0,"publisher":{"@id":"https:\/\/www.sonoraenequipo.com.mx\/#organization"},"image":{"@id":"https:\/\/www.sonoraenequipo.com.mx\/el-expresidente-salvadoreno-sanchez-ceren-en-busqueda-y-captura-internacional\/#primaryimage"},"thumbnailUrl":"https:\/\/www.sonoraenequipo.com.mx\/storage\/2021\/07\/Sanchez_opt.jpg","articleSection":["MUNDO"],"inLanguage":"es","potentialAction":[{"@type":"CommentAction","name":"Comment","target":["https:\/\/www.sonoraenequipo.com.mx\/el-expresidente-salvadoreno-sanchez-ceren-en-busqueda-y-captura-internacional\/#respond"]}]},{"@type":"WebPage","@id":"https:\/\/www.sonoraenequipo.com.mx\/el-expresidente-salvadoreno-sanchez-ceren-en-busqueda-y-captura-internacional\/","url":"https:\/\/www.sonoraenequipo.com.mx\/el-expresidente-salvadoreno-sanchez-ceren-en-busqueda-y-captura-internacional\/","name":"Sonora en Equipo. El expresidente salvadore\u00f1o S\u00e1nchez Cer\u00e9n, en b\u00fasqueda y captura internacional MUNDO","isPartOf":{"@id":"https:\/\/www.sonoraenequipo.com.mx\/#website"},"primaryImageOfPage":{"@id":"https:\/\/www.sonoraenequipo.com.mx\/el-expresidente-salvadoreno-sanchez-ceren-en-busqueda-y-captura-internacional\/#primaryimage"},"image":{"@id":"https:\/\/www.sonoraenequipo.com.mx\/el-expresidente-salvadoreno-sanchez-ceren-en-busqueda-y-captura-internacional\/#primaryimage"},"thumbnailUrl":"https:\/\/www.sonoraenequipo.com.mx\/storage\/2021\/07\/Sanchez_opt.jpg","datePublished":"2021-07-29T04:00:13+00:00","dateModified":"2021-07-29T16:56:55+00:00","description":"SAN SALVADOR. EL SALVADOR. \u2014 El expresidente de El Salvador Salvador S\u00e1nchez Cer\u00e9n est\u00e1 bajo b\u00fasqueda y captura internacional acusado de delitos de En Sonora en Equipo publicamos toda la informaci\u00f3n de Sonora, M\u00e9xico y el Mundo de manera oportuna y busca que la libertad de expresi\u00f3n sea real. Visita nuestro medio informativo publicado desde Hermosillo, Sonora. %","breadcrumb":{"@id":"https:\/\/www.sonoraenequipo.com.mx\/el-expresidente-salvadoreno-sanchez-ceren-en-busqueda-y-captura-internacional\/#breadcrumb"},"inLanguage":"es","potentialAction":[{"@type":"ReadAction","target":["https:\/\/www.sonoraenequipo.com.mx\/el-expresidente-salvadoreno-sanchez-ceren-en-busqueda-y-captura-internacional\/"]}]},{"@type":"ImageObject","inLanguage":"es","@id":"https:\/\/www.sonoraenequipo.com.mx\/el-expresidente-salvadoreno-sanchez-ceren-en-busqueda-y-captura-internacional\/#primaryimage","url":"https:\/\/www.sonoraenequipo.com.mx\/storage\/2021\/07\/Sanchez_opt.jpg","contentUrl":"https:\/\/www.sonoraenequipo.com.mx\/storage\/2021\/07\/Sanchez_opt.jpg","width":700,"height":400},{"@type":"BreadcrumbList","@id":"https:\/\/www.sonoraenequipo.com.mx\/el-expresidente-salvadoreno-sanchez-ceren-en-busqueda-y-captura-internacional\/#breadcrumb","itemListElement":[{"@type":"ListItem","position":1,"name":"Portada","item":"https:\/\/www.sonoraenequipo.com.mx\/"},{"@type":"ListItem","position":2,"name":"El expresidente salvadore\u00f1o S\u00e1nchez Cer\u00e9n, en b\u00fasqueda y captura internacional"}]},{"@type":"WebSite","@id":"https:\/\/www.sonoraenequipo.com.mx\/#website","url":"https:\/\/www.sonoraenequipo.com.mx\/","name":"Sonora en Equipo.","description":"Diario en l\u00ednea con Noticias desde Hermosillo, Sonora","publisher":{"@id":"https:\/\/www.sonoraenequipo.com.mx\/#organization"},"potentialAction":[{"@type":"SearchAction","target":{"@type":"EntryPoint","urlTemplate":"https:\/\/www.sonoraenequipo.com.mx\/?s={search_term_string}"},"query-input":{"@type":"PropertyValueSpecification","valueRequired":true,"valueName":"search_term_string"}}],"inLanguage":"es"},{"@type":"Organization","@id":"https:\/\/www.sonoraenequipo.com.mx\/#organization","name":"Sonoraenequipo.com.mx","url":"https:\/\/www.sonoraenequipo.com.mx\/","logo":{"@type":"ImageObject","inLanguage":"es","@id":"https:\/\/www.sonoraenequipo.com.mx\/#\/schema\/logo\/image\/","url":"https:\/\/www.sonoraenequipo.com.mx\/storage\/2019\/01\/sonoraenequipo_opt.png","contentUrl":"https:\/\/www.sonoraenequipo.com.mx\/storage\/2019\/01\/sonoraenequipo_opt.png","width":375,"height":125,"caption":"Sonoraenequipo.com.mx"},"image":{"@id":"https:\/\/www.sonoraenequipo.com.mx\/#\/schema\/logo\/image\/"},"sameAs":["https:\/\/www.facebook.com\/SonoraEE\/","https:\/\/x.com\/sonoraenequipo","https:\/\/www.youtube.com\/channel\/UC338nW-lPEYmJQs4ZABQ1SQ"]},{"@type":"Person","@id":"https:\/\/www.sonoraenequipo.com.mx\/#\/schema\/person\/50102df0fb23a8fa9e8effad8fa81386","name":"enequipo","image":{"@type":"ImageObject","inLanguage":"es","@id":"https:\/\/www.sonoraenequipo.com.mx\/#\/schema\/person\/image\/","url":"https:\/\/secure.gravatar.com\/avatar\/049821681b589dabc0bc20695993ccebb09f5b5d4d790cd9251b97faac7c652b?s=96&d=blank&r=g","contentUrl":"https:\/\/secure.gravatar.com\/avatar\/049821681b589dabc0bc20695993ccebb09f5b5d4d790cd9251b97faac7c652b?s=96&d=blank&r=g","caption":"enequipo"},"sameAs":["https:\/\/www.facebook.com\/SonoraEE"]}]}},"jetpack_featured_media_url":"https:\/\/www.sonoraenequipo.com.mx\/storage\/2021\/07\/Sanchez_opt.jpg","_links":{"self":[{"href":"https:\/\/www.sonoraenequipo.com.mx\/api\/wp\/v2\/posts\/119350","targetHints":{"allow":["GET"]}}],"collection":[{"href":"https:\/\/www.sonoraenequipo.com.mx\/api\/wp\/v2\/posts"}],"about":[{"href":"https:\/\/www.sonoraenequipo.com.mx\/api\/wp\/v2\/types\/post"}],"author":[{"embeddable":true,"href":"https:\/\/www.sonoraenequipo.com.mx\/api\/wp\/v2\/users\/1"}],"replies":[{"embeddable":true,"href":"https:\/\/www.sonoraenequipo.com.mx\/api\/wp\/v2\/comments?post=119350"}],"version-history":[{"count":1,"href":"https:\/\/www.sonoraenequipo.com.mx\/api\/wp\/v2\/posts\/119350\/revisions"}],"predecessor-version":[{"id":119351,"href":"https:\/\/www.sonoraenequipo.com.mx\/api\/wp\/v2\/posts\/119350\/revisions\/119351"}],"wp:featuredmedia":[{"embeddable":true,"href":"https:\/\/www.sonoraenequipo.com.mx\/api\/wp\/v2\/media\/119347"}],"wp:attachment":[{"href":"https:\/\/www.sonoraenequipo.com.mx\/api\/wp\/v2\/media?parent=119350"}],"wp:term":[{"taxonomy":"category","embeddable":true,"href":"https:\/\/www.sonoraenequipo.com.mx\/api\/wp\/v2\/categories?post=119350"},{"taxonomy":"post_tag","embeddable":true,"href":"https:\/\/www.sonoraenequipo.com.mx\/api\/wp\/v2\/tags?post=119350"}],"curies":[{"name":"wp","href":"https:\/\/api.w.org\/{rel}","templated":true}]}}