{"id":119546,"date":"2021-07-31T19:20:53","date_gmt":"2021-08-01T02:20:53","guid":{"rendered":"https:\/\/www.sonoraenequipo.com.mx\/?p=119546"},"modified":"2021-08-01T10:42:22","modified_gmt":"2021-08-01T17:42:22","slug":"sonora-en-riesgo-de-pasar-a-naranja","status":"publish","type":"post","link":"https:\/\/www.sonoraenequipo.com.mx\/sonora-en-riesgo-de-pasar-a-naranja\/","title":{"rendered":"Sonora en riesgo de pasar a naranja"},"content":{"rendered":"<p>\u25baPositividad de casos al 40% en el estado y ocupaci\u00f3n hospitalaria al 53%<\/p>\n<p>&nbsp;<\/p>\n<p>HERMOSILLO, SONORA,MX.\u2500\u2500 Un total de 10 de los 12 municipios que eval\u00faa cada semana el Mapa Sonora Anticipa aumentaron su nivel de riesgo por COVID-19 esta semana y Sonora se encuentra en 19 puntos de 20 que se necesitan para pasar a naranja en el Sem\u00e1foro Epidemiol\u00f3gico Nacional, por lo cual, la Secretar\u00eda de Salud del estado llama a la poblaci\u00f3n a disminuir su movilidad y respetar las medidas preventivas de contagios para evitar que sigan a la alza, indic\u00f3 Enrique Clausen Iberri.<\/p>\n<p>&nbsp;<\/p>\n<p>&nbsp;<\/p>\n<p>&nbsp;<\/p>\n<p>En la actualizaci\u00f3n del Mapa Sonora Anticipa para la semana del 02 al 08 de agosto de 2021, el secretario de Salud del estado inform\u00f3 que el municipio de Cajeme pas\u00f3 a riesgo m\u00e1ximo, por lo que junto con Guaymas se ubican en color rojo.<\/p>\n<p>&nbsp;<\/p>\n<p>&nbsp;<\/p>\n<p>&nbsp;<\/p>\n<p>Asimismo, dijo, se encuentran en riesgo alto, o color naranja los municipios de Caborca, Hermosillo, Empalme, Nogales y Navojoa; en tanto que en riesgo medio o color amarillo se ubican Puerto Pe\u00f1asco, Cananea, Huatabampo y San Luis R\u00edo Colorado. En riesgo bajo o color verde sigue Agua Prieta.<\/p>\n<p>&nbsp;<\/p>\n<p>&nbsp;<\/p>\n<p>&nbsp;<\/p>\n<p>Clausen Iberri recalc\u00f3 que la positividad de casos de COVID-19 en el estado contin\u00faa en 40%; es decir, de cada 100 pruebas que se realizan, 40 resultan positivas al virus y en cuanto a ocupaci\u00f3n hospitalaria se est\u00e1 al 53% de saturaci\u00f3n a nivel estatal.<\/p>\n<p>&nbsp;<\/p>\n<p>&nbsp;<\/p>\n<p>&nbsp;<\/p>\n<p>\u201cHacemos el llamado a la poblaci\u00f3n a disminuir su movilidad, recordemos que el virus se mueve a la velocidad que nosotros lo hacemos. Es primordial cortar la cadena de contagios realizando las acciones de higiene sugeridas por los expertos\u201d, coment\u00f3.<\/p>\n<p>&nbsp;<\/p>\n<p>&nbsp;<\/p>\n<p>&nbsp;<\/p>\n<p>Clausen Iberri se\u00f1al\u00f3 que 10 de los 12 municipios aumentaron su puntaje de riesgo: Cajeme aument\u00f3 de 29 a 33 puntos, Guaymas de 30 a 32 puntos, Empalme de 26 a 28 puntos, Hermosillo de 25 a 28 puntos, Navojoa de 21 a 24 puntos, Nogales de 17 a 20 puntos; Huatabampo subi\u00f3 de 17 a 19 puntos, Puerto Pe\u00f1asco y Cananea pasaron de 11 a 13 puntos y San Luis R\u00edo Colorado de 10 a 13 puntos. Bajaron en riesgos Caborca de 21 a 20 puntos y Agua Prieta de 4 a 3 puntos.<\/p>\n<p>&nbsp;<\/p>\n<p>&nbsp;<\/p>\n<p>&nbsp;<\/p>\n<p>El funcionario estatal recalc\u00f3 la importancia de que aun cuando se est\u00e9 en el proceso de vacunaci\u00f3n contra COVID-19 la ciudadan\u00eda siga realizando las acciones de higiene contra el virus, ya que solo as\u00ed con la colaboraci\u00f3n de todos se podr\u00e1 contener la transmisi\u00f3n comunitaria.<\/p>\n<p>&nbsp;<\/p>\n<p>&nbsp;<\/p>\n<p>&nbsp;<\/p>\n<p>\u201cLas medidas contra contagios no han cambiado, debemos seguir portando cubrebocas correctamente, lavarnos las manos frecuentemente, respetar el distanciamiento social, evitar aglomeraciones y ventilar espacios cerrados\u201d, declar\u00f3.<\/p>\n<p>&nbsp;<\/p>\n<p>&nbsp;<\/p>\n<p>&nbsp;<\/p>\n<p>Riesgos por municipio y Zona Cero<\/p>\n<p>&nbsp;<\/p>\n<p>&nbsp;<\/p>\n<p>&nbsp;<\/p>\n<p>Riesgo M\u00e1ximo<\/p>\n<p>&nbsp;<\/p>\n<p>&#8211; Guaymas: Colonias Centro, Ram\u00f3n Gil Samaniego, Luis Donaldo Colosio.<\/p>\n<p>&nbsp;<\/p>\n<p>&#8211; Cajeme: Colonias Faustino F\u00e9lix Serna, Urbanizaci\u00f3n 1, Sochiloa, Ladrilleras.<\/p>\n<p>&nbsp;<\/p>\n<p>&nbsp;<\/p>\n<p>&nbsp;<\/p>\n<p>Riesgo Alto<\/p>\n<p>&nbsp;<\/p>\n<p>&#8211; Caborca: Colonias Ni\u00f1os H\u00e9roes, Centro, Industrial.<\/p>\n<p>&nbsp;<\/p>\n<p>&#8211; Hermosillo: Colonias Centro, Montecarlo, Villa Bonita, Sahuaro, Nuevo Hermosillo, San Diego.<\/p>\n<p>&nbsp;<\/p>\n<p>&#8211; Empalme: Colonias Moderna, Libertad.<\/p>\n<p>&nbsp;<\/p>\n<p>&#8211; Nogales: Colonias Centro, Solidaridad, Deportiva, Lomas de Nogales, Nuevo Nogales.<\/p>\n<p>&nbsp;<\/p>\n<p>&#8211; Navojoa: Colonias Centro, Bugambilia, Constituci\u00f3n.<\/p>\n<p>&nbsp;<\/p>\n<p>&nbsp;<\/p>\n<p>&nbsp;<\/p>\n<p>Riesgo Medio<\/p>\n<p>&nbsp;<\/p>\n<p>&#8211; Puerto Pe\u00f1asco: Colonias Oriente, Centro.<\/p>\n<p>&nbsp;<\/p>\n<p>&#8211; Cananea: Colonias Industrial, Los Pinos, Leyes de Reforma.<\/p>\n<p>&nbsp;<\/p>\n<p>&#8211; Huatabampo: Colonia D\u00edaz.<\/p>\n<p>&nbsp;<\/p>\n<p>&#8211; San Luis R\u00edo Colorado: Colonias Bur\u00f3crata, Residencias, 10 de Abril.<\/p>\n<p>&nbsp;<\/p>\n<p>&nbsp;<\/p>\n<p>&nbsp;<\/p>\n<p>Riesgo Bajo<\/p>\n<p>&nbsp;<\/p>\n<p>&#8211; Agua Prieta: Colonias Magisterial, Ejidal, Infonavit 1.<\/p>\n<p>Fecha de Publicaci\u00f3n\u00a0 s\u00e1bado \u00a0\/ 31\u00a0\u00a0 \/ julio \/ 2021<\/p>\n<p>&nbsp;<\/p>\n","protected":false},"excerpt":{"rendered":"<p>\u25baPositividad de casos al 40% en el estado y ocupaci\u00f3n hospitalaria al 53% &nbsp; HERMOSILLO,&#8230;<\/p>\n","protected":false},"author":1,"featured_media":110794,"comment_status":"open","ping_status":"open","sticky":false,"template":"","format":"standard","meta":{"_monsterinsights_skip_tracking":false,"_monsterinsights_sitenote_active":false,"_monsterinsights_sitenote_note":"","_monsterinsights_sitenote_category":0,"footnotes":""},"categories":[22],"tags":[4249,15],"class_list":["post"],"yoast_head":" \n<title>Sonora en Equipo. Sonora en riesgo de pasar a naranja Sonora<\/title>\n<meta name=\"description\" content=\"\u25baPositividad de casos al 40% en el estado y ocupaci\u00f3n hospitalaria al 53% &nbsp; HERMOSILLO, SONORA,MX.\u2500\u2500 Un total de 10 de los 12 municipios que eval\u00faa En Sonora en Equipo publicamos toda la informaci\u00f3n de Sonora, M\u00e9xico y el Mundo de manera oportuna y busca que la libertad de expresi\u00f3n sea real. Visita nuestro medio informativo publicado desde Hermosillo, Sonora. %\" \/>\n<meta name=\"robots\" content=\"index, follow, max-snippet:-1, max-image-preview:large, max-video-preview:-1\" \/>\n<link rel=\"canonical\" href=\"https:\/\/www.sonoraenequipo.com.mx\/sonora-en-riesgo-de-pasar-a-naranja\/\" \/>\n<meta property=\"og:locale\" content=\"es_ES\" \/>\n<meta property=\"og:type\" content=\"article\" \/>\n<meta property=\"og:title\" content=\"Sonora en Equipo. Sonora en riesgo de pasar a naranja Sonora\" \/>\n<meta property=\"og:description\" content=\"\u25baPositividad de casos al 40% en el estado y ocupaci\u00f3n hospitalaria al 53% &nbsp; HERMOSILLO, SONORA,MX.\u2500\u2500 Un total de 10 de los 12 municipios que eval\u00faa En Sonora en Equipo publicamos toda la informaci\u00f3n de Sonora, M\u00e9xico y el Mundo de manera oportuna y busca que la libertad de expresi\u00f3n sea real. Visita nuestro medio informativo publicado desde Hermosillo, Sonora. %\" \/>\n<meta property=\"og:url\" content=\"https:\/\/www.sonoraenequipo.com.mx\/sonora-en-riesgo-de-pasar-a-naranja\/\" \/>\n<meta property=\"og:site_name\" content=\"Sonora en Equipo.\" \/>\n<meta property=\"article:publisher\" content=\"https:\/\/www.facebook.com\/SonoraEE\/\" \/>\n<meta property=\"article:author\" content=\"https:\/\/www.facebook.com\/SonoraEE\" \/>\n<meta property=\"article:published_time\" content=\"2021-08-01T02:20:53+00:00\" \/>\n<meta property=\"article:modified_time\" content=\"2021-08-01T17:42:22+00:00\" \/>\n<meta property=\"og:image\" content=\"https:\/\/www.sonoraenequipo.com.mx\/storage\/2021\/04\/semaforo-covid.jpg\" \/>\n\t<meta property=\"og:image:width\" content=\"500\" \/>\n\t<meta property=\"og:image:height\" content=\"300\" \/>\n\t<meta property=\"og:image:type\" content=\"image\/jpeg\" \/>\n<meta name=\"author\" content=\"enequipo\" \/>\n<meta name=\"twitter:card\" content=\"summary_large_image\" \/>\n<meta name=\"twitter:creator\" content=\"@sonoraenequipo\" \/>\n<meta name=\"twitter:site\" content=\"@sonoraenequipo\" \/>\n<meta name=\"twitter:label1\" content=\"Escrito por\" \/>\n\t<meta name=\"twitter:data1\" content=\"enequipo\" \/>\n\t<meta name=\"twitter:label2\" content=\"Tiempo de lectura\" \/>\n\t<meta name=\"twitter:data2\" content=\"3 minutos\" \/>\n<script type=\"application\/ld+json\" class=\"yoast-schema-graph\">{\"@context\":\"https:\/\/schema.org\",\"@graph\":[{\"@type\":\"Article\",\"@id\":\"https:\/\/www.sonoraenequipo.com.mx\/sonora-en-riesgo-de-pasar-a-naranja\/#article\",\"isPartOf\":{\"@id\":\"https:\/\/www.sonoraenequipo.com.mx\/sonora-en-riesgo-de-pasar-a-naranja\/\"},\"author\":{\"name\":\"enequipo\",\"@id\":\"https:\/\/www.sonoraenequipo.com.mx\/#\/schema\/person\/50102df0fb23a8fa9e8effad8fa81386\"},\"headline\":\"Sonora en riesgo de pasar a naranja\",\"datePublished\":\"2021-08-01T02:20:53+00:00\",\"dateModified\":\"2021-08-01T17:42:22+00:00\",\"mainEntityOfPage\":{\"@id\":\"https:\/\/www.sonoraenequipo.com.mx\/sonora-en-riesgo-de-pasar-a-naranja\/\"},\"wordCount\":611,\"commentCount\":0,\"publisher\":{\"@id\":\"https:\/\/www.sonoraenequipo.com.mx\/#organization\"},\"image\":{\"@id\":\"https:\/\/www.sonoraenequipo.com.mx\/sonora-en-riesgo-de-pasar-a-naranja\/#primaryimage\"},\"thumbnailUrl\":\"https:\/\/www.sonoraenequipo.com.mx\/storage\/2021\/04\/semaforo-covid.jpg\",\"keywords\":[\"covid\",\"Sonora\"],\"articleSection\":[\"Sonora\"],\"inLanguage\":\"es\",\"potentialAction\":[{\"@type\":\"CommentAction\",\"name\":\"Comment\",\"target\":[\"https:\/\/www.sonoraenequipo.com.mx\/sonora-en-riesgo-de-pasar-a-naranja\/#respond\"]}]},{\"@type\":\"WebPage\",\"@id\":\"https:\/\/www.sonoraenequipo.com.mx\/sonora-en-riesgo-de-pasar-a-naranja\/\",\"url\":\"https:\/\/www.sonoraenequipo.com.mx\/sonora-en-riesgo-de-pasar-a-naranja\/\",\"name\":\"Sonora en Equipo. Sonora en riesgo de pasar a naranja Sonora\",\"isPartOf\":{\"@id\":\"https:\/\/www.sonoraenequipo.com.mx\/#website\"},\"primaryImageOfPage\":{\"@id\":\"https:\/\/www.sonoraenequipo.com.mx\/sonora-en-riesgo-de-pasar-a-naranja\/#primaryimage\"},\"image\":{\"@id\":\"https:\/\/www.sonoraenequipo.com.mx\/sonora-en-riesgo-de-pasar-a-naranja\/#primaryimage\"},\"thumbnailUrl\":\"https:\/\/www.sonoraenequipo.com.mx\/storage\/2021\/04\/semaforo-covid.jpg\",\"datePublished\":\"2021-08-01T02:20:53+00:00\",\"dateModified\":\"2021-08-01T17:42:22+00:00\",\"description\":\"\u25baPositividad de casos al 40% en el estado y ocupaci\u00f3n hospitalaria al 53% &nbsp; HERMOSILLO, SONORA,MX.\u2500\u2500 Un total de 10 de los 12 municipios que eval\u00faa En Sonora en Equipo publicamos toda la informaci\u00f3n de Sonora, M\u00e9xico y el Mundo de manera oportuna y busca que la libertad de expresi\u00f3n sea real. Visita nuestro medio informativo publicado desde Hermosillo, Sonora. %\",\"breadcrumb\":{\"@id\":\"https:\/\/www.sonoraenequipo.com.mx\/sonora-en-riesgo-de-pasar-a-naranja\/#breadcrumb\"},\"inLanguage\":\"es\",\"potentialAction\":[{\"@type\":\"ReadAction\",\"target\":[\"https:\/\/www.sonoraenequipo.com.mx\/sonora-en-riesgo-de-pasar-a-naranja\/\"]}]},{\"@type\":\"ImageObject\",\"inLanguage\":\"es\",\"@id\":\"https:\/\/www.sonoraenequipo.com.mx\/sonora-en-riesgo-de-pasar-a-naranja\/#primaryimage\",\"url\":\"https:\/\/www.sonoraenequipo.com.mx\/storage\/2021\/04\/semaforo-covid.jpg\",\"contentUrl\":\"https:\/\/www.sonoraenequipo.com.mx\/storage\/2021\/04\/semaforo-covid.jpg\",\"width\":500,\"height\":300},{\"@type\":\"BreadcrumbList\",\"@id\":\"https:\/\/www.sonoraenequipo.com.mx\/sonora-en-riesgo-de-pasar-a-naranja\/#breadcrumb\",\"itemListElement\":[{\"@type\":\"ListItem\",\"position\":1,\"name\":\"Portada\",\"item\":\"https:\/\/www.sonoraenequipo.com.mx\/\"},{\"@type\":\"ListItem\",\"position\":2,\"name\":\"Sonora en riesgo de pasar a naranja\"}]},{\"@type\":\"WebSite\",\"@id\":\"https:\/\/www.sonoraenequipo.com.mx\/#website\",\"url\":\"https:\/\/www.sonoraenequipo.com.mx\/\",\"name\":\"Sonora en Equipo.\",\"description\":\"Diario en l\u00ednea con Noticias desde Hermosillo, Sonora\",\"publisher\":{\"@id\":\"https:\/\/www.sonoraenequipo.com.mx\/#organization\"},\"potentialAction\":[{\"@type\":\"SearchAction\",\"target\":{\"@type\":\"EntryPoint\",\"urlTemplate\":\"https:\/\/www.sonoraenequipo.com.mx\/?s={search_term_string}\"},\"query-input\":{\"@type\":\"PropertyValueSpecification\",\"valueRequired\":true,\"valueName\":\"search_term_string\"}}],\"inLanguage\":\"es\"},{\"@type\":\"Organization\",\"@id\":\"https:\/\/www.sonoraenequipo.com.mx\/#organization\",\"name\":\"Sonoraenequipo.com.mx\",\"url\":\"https:\/\/www.sonoraenequipo.com.mx\/\",\"logo\":{\"@type\":\"ImageObject\",\"inLanguage\":\"es\",\"@id\":\"https:\/\/www.sonoraenequipo.com.mx\/#\/schema\/logo\/image\/\",\"url\":\"https:\/\/www.sonoraenequipo.com.mx\/storage\/2019\/01\/sonoraenequipo_opt.png\",\"contentUrl\":\"https:\/\/www.sonoraenequipo.com.mx\/storage\/2019\/01\/sonoraenequipo_opt.png\",\"width\":375,\"height\":125,\"caption\":\"Sonoraenequipo.com.mx\"},\"image\":{\"@id\":\"https:\/\/www.sonoraenequipo.com.mx\/#\/schema\/logo\/image\/\"},\"sameAs\":[\"https:\/\/www.facebook.com\/SonoraEE\/\",\"https:\/\/x.com\/sonoraenequipo\",\"https:\/\/www.youtube.com\/channel\/UC338nW-lPEYmJQs4ZABQ1SQ\"]},{\"@type\":\"Person\",\"@id\":\"https:\/\/www.sonoraenequipo.com.mx\/#\/schema\/person\/50102df0fb23a8fa9e8effad8fa81386\",\"name\":\"enequipo\",\"image\":{\"@type\":\"ImageObject\",\"inLanguage\":\"es\",\"@id\":\"https:\/\/www.sonoraenequipo.com.mx\/#\/schema\/person\/image\/\",\"url\":\"https:\/\/secure.gravatar.com\/avatar\/049821681b589dabc0bc20695993ccebb09f5b5d4d790cd9251b97faac7c652b?s=96&d=blank&r=g\",\"contentUrl\":\"https:\/\/secure.gravatar.com\/avatar\/049821681b589dabc0bc20695993ccebb09f5b5d4d790cd9251b97faac7c652b?s=96&d=blank&r=g\",\"caption\":\"enequipo\"},\"sameAs\":[\"https:\/\/www.facebook.com\/SonoraEE\"]}]}<\/script>\n ","yoast_head_json":{"title":"Sonora en Equipo. Sonora en riesgo de pasar a naranja Sonora","description":"\u25baPositividad de casos al 40% en el estado y ocupaci\u00f3n hospitalaria al 53% &nbsp; HERMOSILLO, SONORA,MX.\u2500\u2500 Un total de 10 de los 12 municipios que eval\u00faa En Sonora en Equipo publicamos toda la informaci\u00f3n de Sonora, M\u00e9xico y el Mundo de manera oportuna y busca que la libertad de expresi\u00f3n sea real. Visita nuestro medio informativo publicado desde Hermosillo, Sonora. %","robots":{"index":"index","follow":"follow","max-snippet":"max-snippet:-1","max-image-preview":"max-image-preview:large","max-video-preview":"max-video-preview:-1"},"canonical":"https:\/\/www.sonoraenequipo.com.mx\/sonora-en-riesgo-de-pasar-a-naranja\/","og_locale":"es_ES","og_type":"article","og_title":"Sonora en Equipo. Sonora en riesgo de pasar a naranja Sonora","og_description":"\u25baPositividad de casos al 40% en el estado y ocupaci\u00f3n hospitalaria al 53% &nbsp; HERMOSILLO, SONORA,MX.\u2500\u2500 Un total de 10 de los 12 municipios que eval\u00faa En Sonora en Equipo publicamos toda la informaci\u00f3n de Sonora, M\u00e9xico y el Mundo de manera oportuna y busca que la libertad de expresi\u00f3n sea real. Visita nuestro medio informativo publicado desde Hermosillo, Sonora. %","og_url":"https:\/\/www.sonoraenequipo.com.mx\/sonora-en-riesgo-de-pasar-a-naranja\/","og_site_name":"Sonora en Equipo.","article_publisher":"https:\/\/www.facebook.com\/SonoraEE\/","article_author":"https:\/\/www.facebook.com\/SonoraEE","article_published_time":"2021-08-01T02:20:53+00:00","article_modified_time":"2021-08-01T17:42:22+00:00","og_image":[{"width":500,"height":300,"url":"https:\/\/www.sonoraenequipo.com.mx\/storage\/2021\/04\/semaforo-covid.jpg","type":"image\/jpeg"}],"author":"enequipo","twitter_card":"summary_large_image","twitter_creator":"@sonoraenequipo","twitter_site":"@sonoraenequipo","twitter_misc":{"Escrito por":"enequipo","Tiempo de lectura":"3 minutos"},"schema":{"@context":"https:\/\/schema.org","@graph":[{"@type":"Article","@id":"https:\/\/www.sonoraenequipo.com.mx\/sonora-en-riesgo-de-pasar-a-naranja\/#article","isPartOf":{"@id":"https:\/\/www.sonoraenequipo.com.mx\/sonora-en-riesgo-de-pasar-a-naranja\/"},"author":{"name":"enequipo","@id":"https:\/\/www.sonoraenequipo.com.mx\/#\/schema\/person\/50102df0fb23a8fa9e8effad8fa81386"},"headline":"Sonora en riesgo de pasar a naranja","datePublished":"2021-08-01T02:20:53+00:00","dateModified":"2021-08-01T17:42:22+00:00","mainEntityOfPage":{"@id":"https:\/\/www.sonoraenequipo.com.mx\/sonora-en-riesgo-de-pasar-a-naranja\/"},"wordCount":611,"commentCount":0,"publisher":{"@id":"https:\/\/www.sonoraenequipo.com.mx\/#organization"},"image":{"@id":"https:\/\/www.sonoraenequipo.com.mx\/sonora-en-riesgo-de-pasar-a-naranja\/#primaryimage"},"thumbnailUrl":"https:\/\/www.sonoraenequipo.com.mx\/storage\/2021\/04\/semaforo-covid.jpg","keywords":["covid","Sonora"],"articleSection":["Sonora"],"inLanguage":"es","potentialAction":[{"@type":"CommentAction","name":"Comment","target":["https:\/\/www.sonoraenequipo.com.mx\/sonora-en-riesgo-de-pasar-a-naranja\/#respond"]}]},{"@type":"WebPage","@id":"https:\/\/www.sonoraenequipo.com.mx\/sonora-en-riesgo-de-pasar-a-naranja\/","url":"https:\/\/www.sonoraenequipo.com.mx\/sonora-en-riesgo-de-pasar-a-naranja\/","name":"Sonora en Equipo. Sonora en riesgo de pasar a naranja Sonora","isPartOf":{"@id":"https:\/\/www.sonoraenequipo.com.mx\/#website"},"primaryImageOfPage":{"@id":"https:\/\/www.sonoraenequipo.com.mx\/sonora-en-riesgo-de-pasar-a-naranja\/#primaryimage"},"image":{"@id":"https:\/\/www.sonoraenequipo.com.mx\/sonora-en-riesgo-de-pasar-a-naranja\/#primaryimage"},"thumbnailUrl":"https:\/\/www.sonoraenequipo.com.mx\/storage\/2021\/04\/semaforo-covid.jpg","datePublished":"2021-08-01T02:20:53+00:00","dateModified":"2021-08-01T17:42:22+00:00","description":"\u25baPositividad de casos al 40% en el estado y ocupaci\u00f3n hospitalaria al 53% &nbsp; HERMOSILLO, SONORA,MX.\u2500\u2500 Un total de 10 de los 12 municipios que eval\u00faa En Sonora en Equipo publicamos toda la informaci\u00f3n de Sonora, M\u00e9xico y el Mundo de manera oportuna y busca que la libertad de expresi\u00f3n sea real. Visita nuestro medio informativo publicado desde Hermosillo, Sonora. %","breadcrumb":{"@id":"https:\/\/www.sonoraenequipo.com.mx\/sonora-en-riesgo-de-pasar-a-naranja\/#breadcrumb"},"inLanguage":"es","potentialAction":[{"@type":"ReadAction","target":["https:\/\/www.sonoraenequipo.com.mx\/sonora-en-riesgo-de-pasar-a-naranja\/"]}]},{"@type":"ImageObject","inLanguage":"es","@id":"https:\/\/www.sonoraenequipo.com.mx\/sonora-en-riesgo-de-pasar-a-naranja\/#primaryimage","url":"https:\/\/www.sonoraenequipo.com.mx\/storage\/2021\/04\/semaforo-covid.jpg","contentUrl":"https:\/\/www.sonoraenequipo.com.mx\/storage\/2021\/04\/semaforo-covid.jpg","width":500,"height":300},{"@type":"BreadcrumbList","@id":"https:\/\/www.sonoraenequipo.com.mx\/sonora-en-riesgo-de-pasar-a-naranja\/#breadcrumb","itemListElement":[{"@type":"ListItem","position":1,"name":"Portada","item":"https:\/\/www.sonoraenequipo.com.mx\/"},{"@type":"ListItem","position":2,"name":"Sonora en riesgo de pasar a naranja"}]},{"@type":"WebSite","@id":"https:\/\/www.sonoraenequipo.com.mx\/#website","url":"https:\/\/www.sonoraenequipo.com.mx\/","name":"Sonora en Equipo.","description":"Diario en l\u00ednea con Noticias desde Hermosillo, Sonora","publisher":{"@id":"https:\/\/www.sonoraenequipo.com.mx\/#organization"},"potentialAction":[{"@type":"SearchAction","target":{"@type":"EntryPoint","urlTemplate":"https:\/\/www.sonoraenequipo.com.mx\/?s={search_term_string}"},"query-input":{"@type":"PropertyValueSpecification","valueRequired":true,"valueName":"search_term_string"}}],"inLanguage":"es"},{"@type":"Organization","@id":"https:\/\/www.sonoraenequipo.com.mx\/#organization","name":"Sonoraenequipo.com.mx","url":"https:\/\/www.sonoraenequipo.com.mx\/","logo":{"@type":"ImageObject","inLanguage":"es","@id":"https:\/\/www.sonoraenequipo.com.mx\/#\/schema\/logo\/image\/","url":"https:\/\/www.sonoraenequipo.com.mx\/storage\/2019\/01\/sonoraenequipo_opt.png","contentUrl":"https:\/\/www.sonoraenequipo.com.mx\/storage\/2019\/01\/sonoraenequipo_opt.png","width":375,"height":125,"caption":"Sonoraenequipo.com.mx"},"image":{"@id":"https:\/\/www.sonoraenequipo.com.mx\/#\/schema\/logo\/image\/"},"sameAs":["https:\/\/www.facebook.com\/SonoraEE\/","https:\/\/x.com\/sonoraenequipo","https:\/\/www.youtube.com\/channel\/UC338nW-lPEYmJQs4ZABQ1SQ"]},{"@type":"Person","@id":"https:\/\/www.sonoraenequipo.com.mx\/#\/schema\/person\/50102df0fb23a8fa9e8effad8fa81386","name":"enequipo","image":{"@type":"ImageObject","inLanguage":"es","@id":"https:\/\/www.sonoraenequipo.com.mx\/#\/schema\/person\/image\/","url":"https:\/\/secure.gravatar.com\/avatar\/049821681b589dabc0bc20695993ccebb09f5b5d4d790cd9251b97faac7c652b?s=96&d=blank&r=g","contentUrl":"https:\/\/secure.gravatar.com\/avatar\/049821681b589dabc0bc20695993ccebb09f5b5d4d790cd9251b97faac7c652b?s=96&d=blank&r=g","caption":"enequipo"},"sameAs":["https:\/\/www.facebook.com\/SonoraEE"]}]}},"jetpack_featured_media_url":"https:\/\/www.sonoraenequipo.com.mx\/storage\/2021\/04\/semaforo-covid.jpg","_links":{"self":[{"href":"https:\/\/www.sonoraenequipo.com.mx\/api\/wp\/v2\/posts\/119546","targetHints":{"allow":["GET"]}}],"collection":[{"href":"https:\/\/www.sonoraenequipo.com.mx\/api\/wp\/v2\/posts"}],"about":[{"href":"https:\/\/www.sonoraenequipo.com.mx\/api\/wp\/v2\/types\/post"}],"author":[{"embeddable":true,"href":"https:\/\/www.sonoraenequipo.com.mx\/api\/wp\/v2\/users\/1"}],"replies":[{"embeddable":true,"href":"https:\/\/www.sonoraenequipo.com.mx\/api\/wp\/v2\/comments?post=119546"}],"version-history":[{"count":1,"href":"https:\/\/www.sonoraenequipo.com.mx\/api\/wp\/v2\/posts\/119546\/revisions"}],"predecessor-version":[{"id":119547,"href":"https:\/\/www.sonoraenequipo.com.mx\/api\/wp\/v2\/posts\/119546\/revisions\/119547"}],"wp:featuredmedia":[{"embeddable":true,"href":"https:\/\/www.sonoraenequipo.com.mx\/api\/wp\/v2\/media\/110794"}],"wp:attachment":[{"href":"https:\/\/www.sonoraenequipo.com.mx\/api\/wp\/v2\/media?parent=119546"}],"wp:term":[{"taxonomy":"category","embeddable":true,"href":"https:\/\/www.sonoraenequipo.com.mx\/api\/wp\/v2\/categories?post=119546"},{"taxonomy":"post_tag","embeddable":true,"href":"https:\/\/www.sonoraenequipo.com.mx\/api\/wp\/v2\/tags?post=119546"}],"curies":[{"name":"wp","href":"https:\/\/api.w.org\/{rel}","templated":true}]}}