{"id":119559,"date":"2021-07-31T18:20:36","date_gmt":"2021-08-01T01:20:36","guid":{"rendered":"https:\/\/www.sonoraenequipo.com.mx\/?p=119559"},"modified":"2021-08-01T10:38:30","modified_gmt":"2021-08-01T17:38:30","slug":"denuncian-arbitrario-nuevo-arresto-en-nicaragua-esta-vez-una-abogada-de-ddhh","status":"publish","type":"post","link":"https:\/\/www.sonoraenequipo.com.mx\/denuncian-arbitrario-nuevo-arresto-en-nicaragua-esta-vez-una-abogada-de-ddhh\/","title":{"rendered":"Denuncian arbitrario nuevo arresto en Nicaragua: esta vez una abogada de DDHH"},"content":{"rendered":"<p>MANAGUA, NICARAGUA.\u2500\u2500 La justicia nicarag\u00fcense continu\u00f3 el jueves la ola de arrestos que emprendi\u00f3 desde hace m\u00e1s de dos meses contra opositores, miembros de la sociedad civil, periodistas, empresarios y precandidatos presidenciales.<\/p>\n<p>&nbsp;<\/p>\n<p>Esta vez fue detenida en horas de la noche la abogada Mar\u00eda Oviedo, miembro de la Comisi\u00f3n Permanente de Derechos Humanos (CPDH), la \u00faltima organizaci\u00f3n de este \u00e1mbito que mantiene personer\u00eda jur\u00eddica en el pa\u00eds. Con ella ya son 31 las personas bajo arresto.<\/p>\n<p>&nbsp;<\/p>\n<p>Oviedo, quien en 2018 defendi\u00f3 judicialmente a decenas de manifestantes encarcelados por razones pol\u00edticas, fue detenida por una supuesta investigaci\u00f3n en su contra por violar la Ley de Independencia y Soberan\u00eda, bajo la cual tambi\u00e9n ha sido encarcelados la mayor\u00eda de los opositores.<\/p>\n<p>&nbsp;<\/p>\n<p>\u201cEs un terrorismo de Estado\u201d, denunci\u00f3 la directora del Centro Nicarag\u00fcense de Derechos Humanos (Cenidh), Vilma N\u00fa\u00f1ez, quien trabaja recolectando denuncias sobre la crisis que vive el pa\u00eds en una oficina clandestina, en referencia a las acciones recientes del gobierno del presidente Daniel Ortega.<\/p>\n<p>&nbsp;<\/p>\n<p>En declaraciones a la Voz de Am\u00e9rica, N\u00fa\u00f1ez dijo que \u201cno hay distinci\u00f3n de ninguna clase. Se lleva a la gente con el objeto de aterrorizar a la poblaci\u00f3n. Este es un estado terrorista que est\u00e1 encarcelando a todo mundo\u201d.<\/p>\n<p>&nbsp;<\/p>\n<p>La abogada Oviedo fue sacada de la vivienda de su madre en la ciudad de Le\u00f3n, a unos 90 kil\u00f3metros al norte de Managua, y posteriormente trasladada a una celda de m\u00e1xima seguridad.<\/p>\n<p>&nbsp;<\/p>\n<p>\u201cEs parte de las agresiones que nos tiene sometido el r\u00e9gimen dictatorial de Ortega y toca resistir. Toda la gente tiene diferentes formas de reaccionar. Nuestra invitaci\u00f3n es a luchar contra este miedo\u201d, a\u00f1adi\u00f3 N\u00fa\u00f1ez.<\/p>\n<p>Fecha de Publicaci\u00f3n\u00a0 s\u00e1bado \u00a0\/ 31\u00a0\u00a0 \/ julio \/ 2021 \/ Por Houston Castillo Vado \/VOA<\/p>\n","protected":false},"excerpt":{"rendered":"<p>MANAGUA, NICARAGUA.\u2500\u2500 La justicia nicarag\u00fcense continu\u00f3 el jueves la ola de arrestos que emprendi\u00f3 desde&#8230;<\/p>\n","protected":false},"author":1,"featured_media":119560,"comment_status":"open","ping_status":"open","sticky":false,"template":"","format":"standard","meta":{"_monsterinsights_skip_tracking":false,"_monsterinsights_sitenote_active":false,"_monsterinsights_sitenote_note":"","_monsterinsights_sitenote_category":0,"footnotes":""},"categories":[3],"tags":[4319,5960],"class_list":["post"],"yoast_head":" \n<title>Sonora en Equipo. Denuncian arbitrario nuevo arresto en Nicaragua: esta vez una abogada de DDHH MUNDO<\/title>\n<meta name=\"description\" content=\"MANAGUA, NICARAGUA.\u2500\u2500 La justicia nicarag\u00fcense continu\u00f3 el jueves la ola de arrestos que emprendi\u00f3 desde hace m\u00e1s de dos meses contra opositores, miembros En Sonora en Equipo publicamos toda la informaci\u00f3n de Sonora, M\u00e9xico y el Mundo de manera oportuna y busca que la libertad de expresi\u00f3n sea real. Visita nuestro medio informativo publicado desde Hermosillo, Sonora. %\" \/>\n<meta name=\"robots\" content=\"index, follow, max-snippet:-1, max-image-preview:large, max-video-preview:-1\" \/>\n<link rel=\"canonical\" href=\"https:\/\/www.sonoraenequipo.com.mx\/denuncian-arbitrario-nuevo-arresto-en-nicaragua-esta-vez-una-abogada-de-ddhh\/\" \/>\n<meta property=\"og:locale\" content=\"es_ES\" \/>\n<meta property=\"og:type\" content=\"article\" \/>\n<meta property=\"og:title\" content=\"Sonora en Equipo. Denuncian arbitrario nuevo arresto en Nicaragua: esta vez una abogada de DDHH MUNDO\" \/>\n<meta property=\"og:description\" content=\"MANAGUA, NICARAGUA.\u2500\u2500 La justicia nicarag\u00fcense continu\u00f3 el jueves la ola de arrestos que emprendi\u00f3 desde hace m\u00e1s de dos meses contra opositores, miembros En Sonora en Equipo publicamos toda la informaci\u00f3n de Sonora, M\u00e9xico y el Mundo de manera oportuna y busca que la libertad de expresi\u00f3n sea real. Visita nuestro medio informativo publicado desde Hermosillo, Sonora. %\" \/>\n<meta property=\"og:url\" content=\"https:\/\/www.sonoraenequipo.com.mx\/denuncian-arbitrario-nuevo-arresto-en-nicaragua-esta-vez-una-abogada-de-ddhh\/\" \/>\n<meta property=\"og:site_name\" content=\"Sonora en Equipo.\" \/>\n<meta property=\"article:publisher\" content=\"https:\/\/www.facebook.com\/SonoraEE\/\" \/>\n<meta property=\"article:author\" content=\"https:\/\/www.facebook.com\/SonoraEE\" \/>\n<meta property=\"article:published_time\" content=\"2021-08-01T01:20:36+00:00\" \/>\n<meta property=\"article:modified_time\" content=\"2021-08-01T17:38:30+00:00\" \/>\n<meta property=\"og:image\" content=\"https:\/\/www.sonoraenequipo.com.mx\/storage\/2021\/07\/maria-oviedo.jpg\" \/>\n\t<meta property=\"og:image:width\" content=\"700\" \/>\n\t<meta property=\"og:image:height\" content=\"400\" \/>\n\t<meta property=\"og:image:type\" content=\"image\/jpeg\" \/>\n<meta name=\"author\" content=\"enequipo\" \/>\n<meta name=\"twitter:card\" content=\"summary_large_image\" \/>\n<meta name=\"twitter:creator\" content=\"@sonoraenequipo\" \/>\n<meta name=\"twitter:site\" content=\"@sonoraenequipo\" \/>\n<meta name=\"twitter:label1\" content=\"Escrito por\" \/>\n\t<meta name=\"twitter:data1\" content=\"enequipo\" \/>\n\t<meta name=\"twitter:label2\" content=\"Tiempo de lectura\" \/>\n\t<meta name=\"twitter:data2\" content=\"2 minutos\" \/>\n<script type=\"application\/ld+json\" class=\"yoast-schema-graph\">{\"@context\":\"https:\/\/schema.org\",\"@graph\":[{\"@type\":\"Article\",\"@id\":\"https:\/\/www.sonoraenequipo.com.mx\/denuncian-arbitrario-nuevo-arresto-en-nicaragua-esta-vez-una-abogada-de-ddhh\/#article\",\"isPartOf\":{\"@id\":\"https:\/\/www.sonoraenequipo.com.mx\/denuncian-arbitrario-nuevo-arresto-en-nicaragua-esta-vez-una-abogada-de-ddhh\/\"},\"author\":{\"name\":\"enequipo\",\"@id\":\"https:\/\/www.sonoraenequipo.com.mx\/#\/schema\/person\/50102df0fb23a8fa9e8effad8fa81386\"},\"headline\":\"Denuncian arbitrario nuevo arresto en Nicaragua: esta vez una abogada de DDHH\",\"datePublished\":\"2021-08-01T01:20:36+00:00\",\"dateModified\":\"2021-08-01T17:38:30+00:00\",\"mainEntityOfPage\":{\"@id\":\"https:\/\/www.sonoraenequipo.com.mx\/denuncian-arbitrario-nuevo-arresto-en-nicaragua-esta-vez-una-abogada-de-ddhh\/\"},\"wordCount\":325,\"commentCount\":0,\"publisher\":{\"@id\":\"https:\/\/www.sonoraenequipo.com.mx\/#organization\"},\"image\":{\"@id\":\"https:\/\/www.sonoraenequipo.com.mx\/denuncian-arbitrario-nuevo-arresto-en-nicaragua-esta-vez-una-abogada-de-ddhh\/#primaryimage\"},\"thumbnailUrl\":\"https:\/\/www.sonoraenequipo.com.mx\/storage\/2021\/07\/maria-oviedo.jpg\",\"keywords\":[\"nicaragua\",\"ortega\"],\"articleSection\":[\"MUNDO\"],\"inLanguage\":\"es\",\"potentialAction\":[{\"@type\":\"CommentAction\",\"name\":\"Comment\",\"target\":[\"https:\/\/www.sonoraenequipo.com.mx\/denuncian-arbitrario-nuevo-arresto-en-nicaragua-esta-vez-una-abogada-de-ddhh\/#respond\"]}]},{\"@type\":\"WebPage\",\"@id\":\"https:\/\/www.sonoraenequipo.com.mx\/denuncian-arbitrario-nuevo-arresto-en-nicaragua-esta-vez-una-abogada-de-ddhh\/\",\"url\":\"https:\/\/www.sonoraenequipo.com.mx\/denuncian-arbitrario-nuevo-arresto-en-nicaragua-esta-vez-una-abogada-de-ddhh\/\",\"name\":\"Sonora en Equipo. Denuncian arbitrario nuevo arresto en Nicaragua: esta vez una abogada de DDHH MUNDO\",\"isPartOf\":{\"@id\":\"https:\/\/www.sonoraenequipo.com.mx\/#website\"},\"primaryImageOfPage\":{\"@id\":\"https:\/\/www.sonoraenequipo.com.mx\/denuncian-arbitrario-nuevo-arresto-en-nicaragua-esta-vez-una-abogada-de-ddhh\/#primaryimage\"},\"image\":{\"@id\":\"https:\/\/www.sonoraenequipo.com.mx\/denuncian-arbitrario-nuevo-arresto-en-nicaragua-esta-vez-una-abogada-de-ddhh\/#primaryimage\"},\"thumbnailUrl\":\"https:\/\/www.sonoraenequipo.com.mx\/storage\/2021\/07\/maria-oviedo.jpg\",\"datePublished\":\"2021-08-01T01:20:36+00:00\",\"dateModified\":\"2021-08-01T17:38:30+00:00\",\"description\":\"MANAGUA, NICARAGUA.\u2500\u2500 La justicia nicarag\u00fcense continu\u00f3 el jueves la ola de arrestos que emprendi\u00f3 desde hace m\u00e1s de dos meses contra opositores, miembros En Sonora en Equipo publicamos toda la informaci\u00f3n de Sonora, M\u00e9xico y el Mundo de manera oportuna y busca que la libertad de expresi\u00f3n sea real. Visita nuestro medio informativo publicado desde Hermosillo, Sonora. %\",\"breadcrumb\":{\"@id\":\"https:\/\/www.sonoraenequipo.com.mx\/denuncian-arbitrario-nuevo-arresto-en-nicaragua-esta-vez-una-abogada-de-ddhh\/#breadcrumb\"},\"inLanguage\":\"es\",\"potentialAction\":[{\"@type\":\"ReadAction\",\"target\":[\"https:\/\/www.sonoraenequipo.com.mx\/denuncian-arbitrario-nuevo-arresto-en-nicaragua-esta-vez-una-abogada-de-ddhh\/\"]}]},{\"@type\":\"ImageObject\",\"inLanguage\":\"es\",\"@id\":\"https:\/\/www.sonoraenequipo.com.mx\/denuncian-arbitrario-nuevo-arresto-en-nicaragua-esta-vez-una-abogada-de-ddhh\/#primaryimage\",\"url\":\"https:\/\/www.sonoraenequipo.com.mx\/storage\/2021\/07\/maria-oviedo.jpg\",\"contentUrl\":\"https:\/\/www.sonoraenequipo.com.mx\/storage\/2021\/07\/maria-oviedo.jpg\",\"width\":700,\"height\":400,\"caption\":\"La abogada defensora de derechos humanos Mari\u0301a Oviedo fue arrestada este jueves en horas de la noche en Le\u00f3n, Nicaragua, el 29 de julio de 2021. Foto Houston Castillo, VOA.\"},{\"@type\":\"BreadcrumbList\",\"@id\":\"https:\/\/www.sonoraenequipo.com.mx\/denuncian-arbitrario-nuevo-arresto-en-nicaragua-esta-vez-una-abogada-de-ddhh\/#breadcrumb\",\"itemListElement\":[{\"@type\":\"ListItem\",\"position\":1,\"name\":\"Portada\",\"item\":\"https:\/\/www.sonoraenequipo.com.mx\/\"},{\"@type\":\"ListItem\",\"position\":2,\"name\":\"Denuncian arbitrario nuevo arresto en Nicaragua: esta vez una abogada de DDHH\"}]},{\"@type\":\"WebSite\",\"@id\":\"https:\/\/www.sonoraenequipo.com.mx\/#website\",\"url\":\"https:\/\/www.sonoraenequipo.com.mx\/\",\"name\":\"Sonora en Equipo.\",\"description\":\"Diario en l\u00ednea con Noticias desde Hermosillo, Sonora\",\"publisher\":{\"@id\":\"https:\/\/www.sonoraenequipo.com.mx\/#organization\"},\"potentialAction\":[{\"@type\":\"SearchAction\",\"target\":{\"@type\":\"EntryPoint\",\"urlTemplate\":\"https:\/\/www.sonoraenequipo.com.mx\/?s={search_term_string}\"},\"query-input\":{\"@type\":\"PropertyValueSpecification\",\"valueRequired\":true,\"valueName\":\"search_term_string\"}}],\"inLanguage\":\"es\"},{\"@type\":\"Organization\",\"@id\":\"https:\/\/www.sonoraenequipo.com.mx\/#organization\",\"name\":\"Sonoraenequipo.com.mx\",\"url\":\"https:\/\/www.sonoraenequipo.com.mx\/\",\"logo\":{\"@type\":\"ImageObject\",\"inLanguage\":\"es\",\"@id\":\"https:\/\/www.sonoraenequipo.com.mx\/#\/schema\/logo\/image\/\",\"url\":\"https:\/\/www.sonoraenequipo.com.mx\/storage\/2019\/01\/sonoraenequipo_opt.png\",\"contentUrl\":\"https:\/\/www.sonoraenequipo.com.mx\/storage\/2019\/01\/sonoraenequipo_opt.png\",\"width\":375,\"height\":125,\"caption\":\"Sonoraenequipo.com.mx\"},\"image\":{\"@id\":\"https:\/\/www.sonoraenequipo.com.mx\/#\/schema\/logo\/image\/\"},\"sameAs\":[\"https:\/\/www.facebook.com\/SonoraEE\/\",\"https:\/\/x.com\/sonoraenequipo\",\"https:\/\/www.youtube.com\/channel\/UC338nW-lPEYmJQs4ZABQ1SQ\"]},{\"@type\":\"Person\",\"@id\":\"https:\/\/www.sonoraenequipo.com.mx\/#\/schema\/person\/50102df0fb23a8fa9e8effad8fa81386\",\"name\":\"enequipo\",\"image\":{\"@type\":\"ImageObject\",\"inLanguage\":\"es\",\"@id\":\"https:\/\/www.sonoraenequipo.com.mx\/#\/schema\/person\/image\/\",\"url\":\"https:\/\/secure.gravatar.com\/avatar\/049821681b589dabc0bc20695993ccebb09f5b5d4d790cd9251b97faac7c652b?s=96&d=blank&r=g\",\"contentUrl\":\"https:\/\/secure.gravatar.com\/avatar\/049821681b589dabc0bc20695993ccebb09f5b5d4d790cd9251b97faac7c652b?s=96&d=blank&r=g\",\"caption\":\"enequipo\"},\"sameAs\":[\"https:\/\/www.facebook.com\/SonoraEE\"]}]}<\/script>\n ","yoast_head_json":{"title":"Sonora en Equipo. Denuncian arbitrario nuevo arresto en Nicaragua: esta vez una abogada de DDHH MUNDO","description":"MANAGUA, NICARAGUA.\u2500\u2500 La justicia nicarag\u00fcense continu\u00f3 el jueves la ola de arrestos que emprendi\u00f3 desde hace m\u00e1s de dos meses contra opositores, miembros En Sonora en Equipo publicamos toda la informaci\u00f3n de Sonora, M\u00e9xico y el Mundo de manera oportuna y busca que la libertad de expresi\u00f3n sea real. Visita nuestro medio informativo publicado desde Hermosillo, Sonora. %","robots":{"index":"index","follow":"follow","max-snippet":"max-snippet:-1","max-image-preview":"max-image-preview:large","max-video-preview":"max-video-preview:-1"},"canonical":"https:\/\/www.sonoraenequipo.com.mx\/denuncian-arbitrario-nuevo-arresto-en-nicaragua-esta-vez-una-abogada-de-ddhh\/","og_locale":"es_ES","og_type":"article","og_title":"Sonora en Equipo. Denuncian arbitrario nuevo arresto en Nicaragua: esta vez una abogada de DDHH MUNDO","og_description":"MANAGUA, NICARAGUA.\u2500\u2500 La justicia nicarag\u00fcense continu\u00f3 el jueves la ola de arrestos que emprendi\u00f3 desde hace m\u00e1s de dos meses contra opositores, miembros En Sonora en Equipo publicamos toda la informaci\u00f3n de Sonora, M\u00e9xico y el Mundo de manera oportuna y busca que la libertad de expresi\u00f3n sea real. Visita nuestro medio informativo publicado desde Hermosillo, Sonora. %","og_url":"https:\/\/www.sonoraenequipo.com.mx\/denuncian-arbitrario-nuevo-arresto-en-nicaragua-esta-vez-una-abogada-de-ddhh\/","og_site_name":"Sonora en Equipo.","article_publisher":"https:\/\/www.facebook.com\/SonoraEE\/","article_author":"https:\/\/www.facebook.com\/SonoraEE","article_published_time":"2021-08-01T01:20:36+00:00","article_modified_time":"2021-08-01T17:38:30+00:00","og_image":[{"width":700,"height":400,"url":"https:\/\/www.sonoraenequipo.com.mx\/storage\/2021\/07\/maria-oviedo.jpg","type":"image\/jpeg"}],"author":"enequipo","twitter_card":"summary_large_image","twitter_creator":"@sonoraenequipo","twitter_site":"@sonoraenequipo","twitter_misc":{"Escrito por":"enequipo","Tiempo de lectura":"2 minutos"},"schema":{"@context":"https:\/\/schema.org","@graph":[{"@type":"Article","@id":"https:\/\/www.sonoraenequipo.com.mx\/denuncian-arbitrario-nuevo-arresto-en-nicaragua-esta-vez-una-abogada-de-ddhh\/#article","isPartOf":{"@id":"https:\/\/www.sonoraenequipo.com.mx\/denuncian-arbitrario-nuevo-arresto-en-nicaragua-esta-vez-una-abogada-de-ddhh\/"},"author":{"name":"enequipo","@id":"https:\/\/www.sonoraenequipo.com.mx\/#\/schema\/person\/50102df0fb23a8fa9e8effad8fa81386"},"headline":"Denuncian arbitrario nuevo arresto en Nicaragua: esta vez una abogada de DDHH","datePublished":"2021-08-01T01:20:36+00:00","dateModified":"2021-08-01T17:38:30+00:00","mainEntityOfPage":{"@id":"https:\/\/www.sonoraenequipo.com.mx\/denuncian-arbitrario-nuevo-arresto-en-nicaragua-esta-vez-una-abogada-de-ddhh\/"},"wordCount":325,"commentCount":0,"publisher":{"@id":"https:\/\/www.sonoraenequipo.com.mx\/#organization"},"image":{"@id":"https:\/\/www.sonoraenequipo.com.mx\/denuncian-arbitrario-nuevo-arresto-en-nicaragua-esta-vez-una-abogada-de-ddhh\/#primaryimage"},"thumbnailUrl":"https:\/\/www.sonoraenequipo.com.mx\/storage\/2021\/07\/maria-oviedo.jpg","keywords":["nicaragua","ortega"],"articleSection":["MUNDO"],"inLanguage":"es","potentialAction":[{"@type":"CommentAction","name":"Comment","target":["https:\/\/www.sonoraenequipo.com.mx\/denuncian-arbitrario-nuevo-arresto-en-nicaragua-esta-vez-una-abogada-de-ddhh\/#respond"]}]},{"@type":"WebPage","@id":"https:\/\/www.sonoraenequipo.com.mx\/denuncian-arbitrario-nuevo-arresto-en-nicaragua-esta-vez-una-abogada-de-ddhh\/","url":"https:\/\/www.sonoraenequipo.com.mx\/denuncian-arbitrario-nuevo-arresto-en-nicaragua-esta-vez-una-abogada-de-ddhh\/","name":"Sonora en Equipo. Denuncian arbitrario nuevo arresto en Nicaragua: esta vez una abogada de DDHH MUNDO","isPartOf":{"@id":"https:\/\/www.sonoraenequipo.com.mx\/#website"},"primaryImageOfPage":{"@id":"https:\/\/www.sonoraenequipo.com.mx\/denuncian-arbitrario-nuevo-arresto-en-nicaragua-esta-vez-una-abogada-de-ddhh\/#primaryimage"},"image":{"@id":"https:\/\/www.sonoraenequipo.com.mx\/denuncian-arbitrario-nuevo-arresto-en-nicaragua-esta-vez-una-abogada-de-ddhh\/#primaryimage"},"thumbnailUrl":"https:\/\/www.sonoraenequipo.com.mx\/storage\/2021\/07\/maria-oviedo.jpg","datePublished":"2021-08-01T01:20:36+00:00","dateModified":"2021-08-01T17:38:30+00:00","description":"MANAGUA, NICARAGUA.\u2500\u2500 La justicia nicarag\u00fcense continu\u00f3 el jueves la ola de arrestos que emprendi\u00f3 desde hace m\u00e1s de dos meses contra opositores, miembros En Sonora en Equipo publicamos toda la informaci\u00f3n de Sonora, M\u00e9xico y el Mundo de manera oportuna y busca que la libertad de expresi\u00f3n sea real. Visita nuestro medio informativo publicado desde Hermosillo, Sonora. %","breadcrumb":{"@id":"https:\/\/www.sonoraenequipo.com.mx\/denuncian-arbitrario-nuevo-arresto-en-nicaragua-esta-vez-una-abogada-de-ddhh\/#breadcrumb"},"inLanguage":"es","potentialAction":[{"@type":"ReadAction","target":["https:\/\/www.sonoraenequipo.com.mx\/denuncian-arbitrario-nuevo-arresto-en-nicaragua-esta-vez-una-abogada-de-ddhh\/"]}]},{"@type":"ImageObject","inLanguage":"es","@id":"https:\/\/www.sonoraenequipo.com.mx\/denuncian-arbitrario-nuevo-arresto-en-nicaragua-esta-vez-una-abogada-de-ddhh\/#primaryimage","url":"https:\/\/www.sonoraenequipo.com.mx\/storage\/2021\/07\/maria-oviedo.jpg","contentUrl":"https:\/\/www.sonoraenequipo.com.mx\/storage\/2021\/07\/maria-oviedo.jpg","width":700,"height":400,"caption":"La abogada defensora de derechos humanos Mari\u0301a Oviedo fue arrestada este jueves en horas de la noche en Le\u00f3n, Nicaragua, el 29 de julio de 2021. Foto Houston Castillo, VOA."},{"@type":"BreadcrumbList","@id":"https:\/\/www.sonoraenequipo.com.mx\/denuncian-arbitrario-nuevo-arresto-en-nicaragua-esta-vez-una-abogada-de-ddhh\/#breadcrumb","itemListElement":[{"@type":"ListItem","position":1,"name":"Portada","item":"https:\/\/www.sonoraenequipo.com.mx\/"},{"@type":"ListItem","position":2,"name":"Denuncian arbitrario nuevo arresto en Nicaragua: esta vez una abogada de DDHH"}]},{"@type":"WebSite","@id":"https:\/\/www.sonoraenequipo.com.mx\/#website","url":"https:\/\/www.sonoraenequipo.com.mx\/","name":"Sonora en Equipo.","description":"Diario en l\u00ednea con Noticias desde Hermosillo, Sonora","publisher":{"@id":"https:\/\/www.sonoraenequipo.com.mx\/#organization"},"potentialAction":[{"@type":"SearchAction","target":{"@type":"EntryPoint","urlTemplate":"https:\/\/www.sonoraenequipo.com.mx\/?s={search_term_string}"},"query-input":{"@type":"PropertyValueSpecification","valueRequired":true,"valueName":"search_term_string"}}],"inLanguage":"es"},{"@type":"Organization","@id":"https:\/\/www.sonoraenequipo.com.mx\/#organization","name":"Sonoraenequipo.com.mx","url":"https:\/\/www.sonoraenequipo.com.mx\/","logo":{"@type":"ImageObject","inLanguage":"es","@id":"https:\/\/www.sonoraenequipo.com.mx\/#\/schema\/logo\/image\/","url":"https:\/\/www.sonoraenequipo.com.mx\/storage\/2019\/01\/sonoraenequipo_opt.png","contentUrl":"https:\/\/www.sonoraenequipo.com.mx\/storage\/2019\/01\/sonoraenequipo_opt.png","width":375,"height":125,"caption":"Sonoraenequipo.com.mx"},"image":{"@id":"https:\/\/www.sonoraenequipo.com.mx\/#\/schema\/logo\/image\/"},"sameAs":["https:\/\/www.facebook.com\/SonoraEE\/","https:\/\/x.com\/sonoraenequipo","https:\/\/www.youtube.com\/channel\/UC338nW-lPEYmJQs4ZABQ1SQ"]},{"@type":"Person","@id":"https:\/\/www.sonoraenequipo.com.mx\/#\/schema\/person\/50102df0fb23a8fa9e8effad8fa81386","name":"enequipo","image":{"@type":"ImageObject","inLanguage":"es","@id":"https:\/\/www.sonoraenequipo.com.mx\/#\/schema\/person\/image\/","url":"https:\/\/secure.gravatar.com\/avatar\/049821681b589dabc0bc20695993ccebb09f5b5d4d790cd9251b97faac7c652b?s=96&d=blank&r=g","contentUrl":"https:\/\/secure.gravatar.com\/avatar\/049821681b589dabc0bc20695993ccebb09f5b5d4d790cd9251b97faac7c652b?s=96&d=blank&r=g","caption":"enequipo"},"sameAs":["https:\/\/www.facebook.com\/SonoraEE"]}]}},"jetpack_featured_media_url":"https:\/\/www.sonoraenequipo.com.mx\/storage\/2021\/07\/maria-oviedo.jpg","_links":{"self":[{"href":"https:\/\/www.sonoraenequipo.com.mx\/api\/wp\/v2\/posts\/119559","targetHints":{"allow":["GET"]}}],"collection":[{"href":"https:\/\/www.sonoraenequipo.com.mx\/api\/wp\/v2\/posts"}],"about":[{"href":"https:\/\/www.sonoraenequipo.com.mx\/api\/wp\/v2\/types\/post"}],"author":[{"embeddable":true,"href":"https:\/\/www.sonoraenequipo.com.mx\/api\/wp\/v2\/users\/1"}],"replies":[{"embeddable":true,"href":"https:\/\/www.sonoraenequipo.com.mx\/api\/wp\/v2\/comments?post=119559"}],"version-history":[{"count":1,"href":"https:\/\/www.sonoraenequipo.com.mx\/api\/wp\/v2\/posts\/119559\/revisions"}],"predecessor-version":[{"id":119561,"href":"https:\/\/www.sonoraenequipo.com.mx\/api\/wp\/v2\/posts\/119559\/revisions\/119561"}],"wp:featuredmedia":[{"embeddable":true,"href":"https:\/\/www.sonoraenequipo.com.mx\/api\/wp\/v2\/media\/119560"}],"wp:attachment":[{"href":"https:\/\/www.sonoraenequipo.com.mx\/api\/wp\/v2\/media?parent=119559"}],"wp:term":[{"taxonomy":"category","embeddable":true,"href":"https:\/\/www.sonoraenequipo.com.mx\/api\/wp\/v2\/categories?post=119559"},{"taxonomy":"post_tag","embeddable":true,"href":"https:\/\/www.sonoraenequipo.com.mx\/api\/wp\/v2\/tags?post=119559"}],"curies":[{"name":"wp","href":"https:\/\/api.w.org\/{rel}","templated":true}]}}