{"id":119570,"date":"2021-07-31T21:36:50","date_gmt":"2021-08-01T04:36:50","guid":{"rendered":"https:\/\/www.sonoraenequipo.com.mx\/?p=119570"},"modified":"2021-08-01T11:11:35","modified_gmt":"2021-08-01T18:11:35","slug":"el-primero-de-agosto-habra-ley-seca-por-consulta-popular","status":"publish","type":"post","link":"https:\/\/www.sonoraenequipo.com.mx\/el-primero-de-agosto-habra-ley-seca-por-consulta-popular\/","title":{"rendered":"\u00bfEl primero de agosto habr\u00e1 ley seca por Consulta Popular?"},"content":{"rendered":"<p>CIUDAD DE M\u00c9XICO. MX. \u2014 En la jornada del siguiente domingo 1 de agosto, algunos han tomado la decisi\u00f3n de suspender la venta de bebidas alcoh\u00f3licas en ciertas entidades del pa\u00eds, checa\u00a0 cuales son.<\/p>\n<p>&nbsp;<\/p>\n<p> <\/p>\n<p>La ley seca, una medida que acostumbra aplicarse en diferentes regiones mexicanas cuando se celebran jornadas electorales, se implementar\u00e1 en algunos estados con motivo de consulta popular que se llevar\u00e1 a cabo este domingo 1 de agosto.<\/p>\n<p>Es preciso recordar que las acciones para evitar la compra y consumo del alcohol han sido decretadas en ciertos estados, as\u00ed como en algunos municipios, no obstante, varias entidades todav\u00eda no se han pronunciado en relaci\u00f3n con este asunto.<\/p>\n<p>Este domingo realizar\u00e1n la consulta popular para que los ciudadanos tomen la decisi\u00f3n de si se debe investigar o no a los \u00faltimos cinco expresidentes del pa\u00eds, un ejercicio organizado por el Instituto Nacional Electoral (INE) y promovido por el presidente Andr\u00e9s Manuel L\u00f3pez Obrador.<\/p>\n<h3>\u00bfQu\u00e9 estados har\u00e1n ley seca por la consulta popular?<\/h3>\n<p>&nbsp;<\/p>\n<h3>Ciudad de M\u00e9xico<\/h3>\n<p>Por el momento, la capital no ha especificado si tendr\u00e1n ley seca este domingo 1 de agosto en la consulta popular, solamente asegur\u00f3 que dar\u00e1 servicios de vigilancia.<\/p>\n<h3>Aguascalientes<\/h3>\n<p>Hasta el momento, no est\u00e1 programada la ley seca para este fin de semana en Aguascalientes, por ende, no habr\u00e1 restricciones para la venta de bebidas alcoh\u00f3licas en dicha entidad para este 31 de julio y 1 de agosto.<\/p>\n<h3>Baja California<\/h3>\n<p>En lo que va de la semana hasta el d\u00eda de hoy, el Gobierno de Baja California no ha anunciado alguna clase de restricci\u00f3n en relaci\u00f3n con la consulta popular del 1 de agosto. No obstante, contin\u00faan las indicaciones ante la actual crisis de salud, como evitar las aglomeraciones, uso de mascarilla, distanciamiento social y lavado de manos con frecuencia.<\/p>\n<h3>Baja California Sur<\/h3>\n<p>A\u00fan no han informado alguna restricci\u00f3n al respecto de este tema, por ende, los bares y restaurantes operan con normalidad, siempre y cuando se sigan las medidas de salud, como el distanciamiento social y limite en el aforo por la actual pandemia.<\/p>\n<h3>Campeche<\/h3>\n<p>Por el sem\u00e1foro de riesgo epid\u00e9mico amarillo ante el Covid-19, este estado coloc\u00f3 nuevas medidas de contenci\u00f3n, una se trata del horario de venta de bebidas alcoh\u00f3licas, mismo que es de mi\u00e9rcoles a s\u00e1bado, de 11 a 18 horas. No obstante, en relaci\u00f3n con la consulta popular las autoridades no han brindado mayores detalles acerca de alguna ley seca o restricciones especiales, por lo que habr\u00eda que estar al pendiente si en las siguientes horas dan alg\u00fan anuncio en relaci\u00f3n con este tema.<\/p>\n<h3>Chiapas<\/h3>\n<p>No han informado sobre una posible ley seca para el fin de semana por la consulta popular del pr\u00f3ximo domingo.<\/p>\n<h3>Chihuahua<\/h3>\n<p>Las autoridades anunciaron que no aplicar\u00e1n ley seca durante este 1 de agosto.<\/p>\n<h3>Coahuila<\/h3>\n<p>Las autoridades anunciaron que no aplicar\u00e1n ley seca durante este 1 de agosto.<\/p>\n<h3>Colima<\/h3>\n<p>En este caso, ser\u00e1n los ayuntamientos quienes decidir\u00e1n si habr\u00e1 o no ley seca en fin de semana, despu\u00e9s de que el domingo 1 de agosto se har\u00e1 la consulta popular.<\/p>\n<h3>Durango<\/h3>\n<p>En este estado, el presidente de Canirac, Miguel Camacho Herrera, descart\u00f3 que se fuera a realizar la ley seca en la ciudad principal por la consulta capital, dado que el ayuntamiento tampoco se ha pronunciado.<\/p>\n<h3>Estado de M\u00e9xico<\/h3>\n<p>A\u00fan no han dado detalles del tema, as\u00ed que se cree que no implementar\u00e1 la ley seca por la consulta popular. Sin embargo, recientemente el estado inform\u00f3 el cambio a color naranja en el sem\u00e1foro epidemiol\u00f3gico ante el alto n\u00famero de contagios.<\/p>\n<h3>Guanajuato<\/h3>\n<p>Al menos cuatro municipios informaron que s\u00ed aplicar\u00e1n ley seca para realizar la consulta popular este fin de semana. Son Celaya, Dolores Hidalgo, Le\u00f3n y Salamanca.<\/p>\n<h3>Guerrero<\/h3>\n<p>En la semana, Guerrero no se ha pronunciado a\u00fan sobre la ley seca por la consulta popular, solamente dice que hay que extremar medidas para la prevenci\u00f3n del Covid-19, por ende, se invita a la poblaci\u00f3n a reforzar las medidas pertinentes como uso de cubrebocas, sana distancia, inmunizarse, ventilas espacios y lavado frecuente de manos.<\/p>\n<h3>Hidalgo<\/h3>\n<p>Tampoco ha dado detalles acerca de si habr\u00e1 ley seca para este fin de semana con respecto a la consulta popular ciudadana.<\/p>\n<h3>Jalisco<\/h3>\n<p>A pesar de que hace uno pocos d\u00edas anunciara el cierre de bares y antros en el mes de agosto para combatir el aumento de contagios, por el momento no ha se\u00f1alado si aplicar\u00e1 la ley seca este viernes o s\u00e1bado.<\/p>\n<h3>Michoac\u00e1n<\/h3>\n<p>Tampoco ha dado a conocer si aplicar\u00e1n ley seca para la consulta popular, pero est\u00e1n implementando nuevas medias para evitar el incremento de casos de Covid-19.<\/p>\n<h3>Morelos<\/h3>\n<p>Solamente se ha establecido en el municipio de Miacatl\u00e1n en el s\u00e1bado y domingo. Anunciaron las autoridades en un comunicado que la ciudadan\u00eda en general y los establecimientos que cuentan con venta de bebidas alcoh\u00f3licas tienen prohibido vender y consumir las mismas desde las 00:00 horas del s\u00e1bado 31 de julio hasta las 23:59 del 1 de agosto. Por el momento, ning\u00fan otro municipio ha tomado la misma medida.<\/p>\n<h3>Nayarit<\/h3>\n<p>En Nayarit no hay anuncio, ni pronunciamiento de ley seca por consulta popular, por lo que bares, y comercios podr\u00e1n operar de manera regular respetando las medidas de salud.<\/p>\n<h3>Nuevo Le\u00f3n<\/h3>\n<p>No han informado sobre una ley seca por la pr\u00f3xima consulta popular, por lo que se deber\u00e1 estar atentos si en las pr\u00f3ximas horas se lanza alguna novedad.<\/p>\n<h3>Oaxaca<\/h3>\n<p>Tampoco ha emitido declaraciones sobre una ley seca por consulta popular de este domingo, sin embargo, hay que estar pendientes.<\/p>\n<h3>Puebla<\/h3>\n<p>Es uno de los estados que anunciaron ley seca para este fin de semana con la intenci\u00f3n de que la consulta popular se desarrolle con \u00e9xito, por lo que determinaron suspender la venta de bebidas alcoh\u00f3licas, inform\u00f3 Ana Luc\u00eda Hill Mayoral, titular de la Secretar\u00eda de Gobernaci\u00f3n.<\/p>\n<h3>Quer\u00e9taro<\/h3>\n<p>Hasta el momento no han informado sobre una ley seca por consulta popular de este fin de semana, a pesar de que las autoridades de Quer\u00e9taro han recurrido a medidas en la venta de alcohol en el estado por la pandemia.Hasta el momento no han informado sobre una ley seca por consulta popular de este fin de semana, a pesar de que las autoridades de Quer\u00e9taro han recurrido a medidas en la venta de alcohol en el estado por la pandemia.<\/p>\n<h3>Quintana Roo<\/h3>\n<p>La vocal ejecutiva del INE en Quintana Roo, Claudia Rodr\u00edguez S\u00e1nchez, anunci\u00f3 que no se tiene contemplada la implementaci\u00f3n de la ley seca en el estado durante la jornada del 1 de agosto.<\/p>\n<h3>San Luis Potos\u00ed<\/h3>\n<p>No se han pronunciado con respecto a aplicar la ley seca en la entidad.<\/p>\n<h3>Sinaloa<\/h3>\n<p>Hasta el momento no existen intenciones de implementar ley seca por la consulta popular, pero cabe aclarar, que si desean ir a votar debe considerar que es el \u00fanico estado en sem\u00e1foro epidemiol\u00f3gico rojo.<\/p>\n<h3>Sonora<\/h3>\n<p>El Gobierno estatal o alguno de sus municipios, no han se\u00f1alado si se aplicar\u00e1n medidas de ley seca para la consulta popular de este 1 de agosto.<\/p>\n<h3>Tabasco<\/h3>\n<p>No han decretado ley seca para este fin de semana, sin embargo, debemos permanecer atentos ante cualquier novedad.<\/p>\n<h3>Tamaulipas<\/h3>\n<p>La venta de alcohol permanecer\u00e1 sin cambios este fin de semana. No obstante, se debe tener cuidado, ya que en este estado circulan m\u00faltiples cepas de Covid-19, por lo que es relevante seguir todas las medidas pertinentes de salud para evitar la propagaci\u00f3n del virus.<\/p>\n<h3>Tlaxcala<\/h3>\n<p>A\u00fan no se anuncian restricciones de venta y consumo de bebidas alcoh\u00f3licas para este fin de semana. Se siguen manteniendo las medidas de salud para reducir la cantidad de contagios por Covid-19, luego de que esta semana se ubicara en sem\u00e1foro amarillo.<\/p>\n<h3>Veracruz<\/h3>\n<p>En Veracruz se public\u00f3 el decreto que establece que desde este viernes 30 de julio, ser\u00e1 limitada la venta y consumo de bebidas embriagantes en la entidad. Luego, en punto de las 00:00 horas del 31 de julio y hasta las 23: 59 horas del 1 de agosto ser\u00e1 prohibido. Asimismo, se orden\u00f3 el establecimiento dedicado a este giro. El gobernador de dicha entidad, Cuitl\u00e1huac Garc\u00eda Jim\u00e9nez, inform\u00f3 sobre el decreto de ley seca en el estado de Veracruz para este fin de semana, como una petici\u00f3n del Instituto Nacional Electoral (INE).<\/p>\n<h3>Yucat\u00e1n<\/h3>\n<p>No se aplicar\u00e1 ley seca por la consulta popular, por ende, la venta de bebidas alcoh\u00f3licas operar\u00e1 sin cambios, pero siguiendo las restricciones de salud de Covid-19.<\/p>\n<h3>Zacatecas<\/h3>\n<p>Por el momento no ha informado si aplicar\u00e1 restricciones en la venta y consumo del alcohol durante o los d\u00edas previos a la consulta popular.<\/p>\n<p>&nbsp;<\/p>\n<p>&nbsp;<\/p>\n<p>(Publicada el 31\/07\/2021)<\/p>\n","protected":false},"excerpt":{"rendered":"<p>CIUDAD DE M\u00c9XICO. MX. \u2014 En la jornada del siguiente domingo 1 de agosto, algunos&#8230;<\/p>\n","protected":false},"author":1,"featured_media":119541,"comment_status":"open","ping_status":"open","sticky":false,"template":"","format":"standard","meta":{"_monsterinsights_skip_tracking":false,"_monsterinsights_sitenote_active":false,"_monsterinsights_sitenote_note":"","_monsterinsights_sitenote_category":0,"footnotes":""},"categories":[5],"tags":[],"class_list":["post"],"yoast_head":" \n<title>Sonora en Equipo. \u00bfEl primero de agosto habr\u00e1 ley seca por Consulta Popular? Rep\u00fablica<\/title>\n<meta name=\"description\" content=\"CIUDAD DE M\u00c9XICO. MX. \u2014 En la jornada del siguiente domingo 1 de agosto, algunos han tomado la decisi\u00f3n de suspender la venta de bebidas alcoh\u00f3licas en En Sonora en Equipo publicamos toda la informaci\u00f3n de Sonora, M\u00e9xico y el Mundo de manera oportuna y busca que la libertad de expresi\u00f3n sea real. Visita nuestro medio informativo publicado desde Hermosillo, Sonora. %\" \/>\n<meta name=\"robots\" content=\"index, follow, max-snippet:-1, max-image-preview:large, max-video-preview:-1\" \/>\n<link rel=\"canonical\" href=\"https:\/\/www.sonoraenequipo.com.mx\/el-primero-de-agosto-habra-ley-seca-por-consulta-popular\/\" \/>\n<meta property=\"og:locale\" content=\"es_ES\" \/>\n<meta property=\"og:type\" content=\"article\" \/>\n<meta property=\"og:title\" content=\"Sonora en Equipo. \u00bfEl primero de agosto habr\u00e1 ley seca por Consulta Popular? Rep\u00fablica\" \/>\n<meta property=\"og:description\" content=\"CIUDAD DE M\u00c9XICO. MX. \u2014 En la jornada del siguiente domingo 1 de agosto, algunos han tomado la decisi\u00f3n de suspender la venta de bebidas alcoh\u00f3licas en En Sonora en Equipo publicamos toda la informaci\u00f3n de Sonora, M\u00e9xico y el Mundo de manera oportuna y busca que la libertad de expresi\u00f3n sea real. Visita nuestro medio informativo publicado desde Hermosillo, Sonora. %\" \/>\n<meta property=\"og:url\" content=\"https:\/\/www.sonoraenequipo.com.mx\/el-primero-de-agosto-habra-ley-seca-por-consulta-popular\/\" \/>\n<meta property=\"og:site_name\" content=\"Sonora en Equipo.\" \/>\n<meta property=\"article:publisher\" content=\"https:\/\/www.facebook.com\/SonoraEE\/\" \/>\n<meta property=\"article:author\" content=\"https:\/\/www.facebook.com\/SonoraEE\" \/>\n<meta property=\"article:published_time\" content=\"2021-08-01T04:36:50+00:00\" \/>\n<meta property=\"article:modified_time\" content=\"2021-08-01T18:11:35+00:00\" \/>\n<meta property=\"og:image\" content=\"https:\/\/www.sonoraenequipo.com.mx\/storage\/2021\/07\/consulta-ciudadana-juicio-a-expresidentes_opt.jpg\" \/>\n\t<meta property=\"og:image:width\" content=\"700\" \/>\n\t<meta property=\"og:image:height\" content=\"400\" \/>\n\t<meta property=\"og:image:type\" content=\"image\/jpeg\" \/>\n<meta name=\"author\" content=\"enequipo\" \/>\n<meta name=\"twitter:card\" content=\"summary_large_image\" \/>\n<meta name=\"twitter:creator\" content=\"@sonoraenequipo\" \/>\n<meta name=\"twitter:site\" content=\"@sonoraenequipo\" \/>\n<meta name=\"twitter:label1\" content=\"Escrito por\" \/>\n\t<meta name=\"twitter:data1\" content=\"enequipo\" \/>\n\t<meta name=\"twitter:label2\" content=\"Tiempo de lectura\" \/>\n\t<meta name=\"twitter:data2\" content=\"7 minutos\" \/>\n<script type=\"application\/ld+json\" class=\"yoast-schema-graph\">{\"@context\":\"https:\/\/schema.org\",\"@graph\":[{\"@type\":\"Article\",\"@id\":\"https:\/\/www.sonoraenequipo.com.mx\/el-primero-de-agosto-habra-ley-seca-por-consulta-popular\/#article\",\"isPartOf\":{\"@id\":\"https:\/\/www.sonoraenequipo.com.mx\/el-primero-de-agosto-habra-ley-seca-por-consulta-popular\/\"},\"author\":{\"name\":\"enequipo\",\"@id\":\"https:\/\/www.sonoraenequipo.com.mx\/#\/schema\/person\/50102df0fb23a8fa9e8effad8fa81386\"},\"headline\":\"\u00bfEl primero de agosto habr\u00e1 ley seca por Consulta Popular?\",\"datePublished\":\"2021-08-01T04:36:50+00:00\",\"dateModified\":\"2021-08-01T18:11:35+00:00\",\"mainEntityOfPage\":{\"@id\":\"https:\/\/www.sonoraenequipo.com.mx\/el-primero-de-agosto-habra-ley-seca-por-consulta-popular\/\"},\"wordCount\":1497,\"commentCount\":0,\"publisher\":{\"@id\":\"https:\/\/www.sonoraenequipo.com.mx\/#organization\"},\"image\":{\"@id\":\"https:\/\/www.sonoraenequipo.com.mx\/el-primero-de-agosto-habra-ley-seca-por-consulta-popular\/#primaryimage\"},\"thumbnailUrl\":\"https:\/\/www.sonoraenequipo.com.mx\/storage\/2021\/07\/consulta-ciudadana-juicio-a-expresidentes_opt.jpg\",\"articleSection\":[\"Rep\u00fablica\"],\"inLanguage\":\"es\",\"potentialAction\":[{\"@type\":\"CommentAction\",\"name\":\"Comment\",\"target\":[\"https:\/\/www.sonoraenequipo.com.mx\/el-primero-de-agosto-habra-ley-seca-por-consulta-popular\/#respond\"]}]},{\"@type\":\"WebPage\",\"@id\":\"https:\/\/www.sonoraenequipo.com.mx\/el-primero-de-agosto-habra-ley-seca-por-consulta-popular\/\",\"url\":\"https:\/\/www.sonoraenequipo.com.mx\/el-primero-de-agosto-habra-ley-seca-por-consulta-popular\/\",\"name\":\"Sonora en Equipo. \u00bfEl primero de agosto habr\u00e1 ley seca por Consulta Popular? Rep\u00fablica\",\"isPartOf\":{\"@id\":\"https:\/\/www.sonoraenequipo.com.mx\/#website\"},\"primaryImageOfPage\":{\"@id\":\"https:\/\/www.sonoraenequipo.com.mx\/el-primero-de-agosto-habra-ley-seca-por-consulta-popular\/#primaryimage\"},\"image\":{\"@id\":\"https:\/\/www.sonoraenequipo.com.mx\/el-primero-de-agosto-habra-ley-seca-por-consulta-popular\/#primaryimage\"},\"thumbnailUrl\":\"https:\/\/www.sonoraenequipo.com.mx\/storage\/2021\/07\/consulta-ciudadana-juicio-a-expresidentes_opt.jpg\",\"datePublished\":\"2021-08-01T04:36:50+00:00\",\"dateModified\":\"2021-08-01T18:11:35+00:00\",\"description\":\"CIUDAD DE M\u00c9XICO. MX. \u2014 En la jornada del siguiente domingo 1 de agosto, algunos han tomado la decisi\u00f3n de suspender la venta de bebidas alcoh\u00f3licas en En Sonora en Equipo publicamos toda la informaci\u00f3n de Sonora, M\u00e9xico y el Mundo de manera oportuna y busca que la libertad de expresi\u00f3n sea real. Visita nuestro medio informativo publicado desde Hermosillo, Sonora. %\",\"breadcrumb\":{\"@id\":\"https:\/\/www.sonoraenequipo.com.mx\/el-primero-de-agosto-habra-ley-seca-por-consulta-popular\/#breadcrumb\"},\"inLanguage\":\"es\",\"potentialAction\":[{\"@type\":\"ReadAction\",\"target\":[\"https:\/\/www.sonoraenequipo.com.mx\/el-primero-de-agosto-habra-ley-seca-por-consulta-popular\/\"]}]},{\"@type\":\"ImageObject\",\"inLanguage\":\"es\",\"@id\":\"https:\/\/www.sonoraenequipo.com.mx\/el-primero-de-agosto-habra-ley-seca-por-consulta-popular\/#primaryimage\",\"url\":\"https:\/\/www.sonoraenequipo.com.mx\/storage\/2021\/07\/consulta-ciudadana-juicio-a-expresidentes_opt.jpg\",\"contentUrl\":\"https:\/\/www.sonoraenequipo.com.mx\/storage\/2021\/07\/consulta-ciudadana-juicio-a-expresidentes_opt.jpg\",\"width\":700,\"height\":400},{\"@type\":\"BreadcrumbList\",\"@id\":\"https:\/\/www.sonoraenequipo.com.mx\/el-primero-de-agosto-habra-ley-seca-por-consulta-popular\/#breadcrumb\",\"itemListElement\":[{\"@type\":\"ListItem\",\"position\":1,\"name\":\"Portada\",\"item\":\"https:\/\/www.sonoraenequipo.com.mx\/\"},{\"@type\":\"ListItem\",\"position\":2,\"name\":\"\u00bfEl primero de agosto habr\u00e1 ley seca por Consulta Popular?\"}]},{\"@type\":\"WebSite\",\"@id\":\"https:\/\/www.sonoraenequipo.com.mx\/#website\",\"url\":\"https:\/\/www.sonoraenequipo.com.mx\/\",\"name\":\"Sonora en Equipo.\",\"description\":\"Diario en l\u00ednea con Noticias desde Hermosillo, Sonora\",\"publisher\":{\"@id\":\"https:\/\/www.sonoraenequipo.com.mx\/#organization\"},\"potentialAction\":[{\"@type\":\"SearchAction\",\"target\":{\"@type\":\"EntryPoint\",\"urlTemplate\":\"https:\/\/www.sonoraenequipo.com.mx\/?s={search_term_string}\"},\"query-input\":{\"@type\":\"PropertyValueSpecification\",\"valueRequired\":true,\"valueName\":\"search_term_string\"}}],\"inLanguage\":\"es\"},{\"@type\":\"Organization\",\"@id\":\"https:\/\/www.sonoraenequipo.com.mx\/#organization\",\"name\":\"Sonoraenequipo.com.mx\",\"url\":\"https:\/\/www.sonoraenequipo.com.mx\/\",\"logo\":{\"@type\":\"ImageObject\",\"inLanguage\":\"es\",\"@id\":\"https:\/\/www.sonoraenequipo.com.mx\/#\/schema\/logo\/image\/\",\"url\":\"https:\/\/www.sonoraenequipo.com.mx\/storage\/2019\/01\/sonoraenequipo_opt.png\",\"contentUrl\":\"https:\/\/www.sonoraenequipo.com.mx\/storage\/2019\/01\/sonoraenequipo_opt.png\",\"width\":375,\"height\":125,\"caption\":\"Sonoraenequipo.com.mx\"},\"image\":{\"@id\":\"https:\/\/www.sonoraenequipo.com.mx\/#\/schema\/logo\/image\/\"},\"sameAs\":[\"https:\/\/www.facebook.com\/SonoraEE\/\",\"https:\/\/x.com\/sonoraenequipo\",\"https:\/\/www.youtube.com\/channel\/UC338nW-lPEYmJQs4ZABQ1SQ\"]},{\"@type\":\"Person\",\"@id\":\"https:\/\/www.sonoraenequipo.com.mx\/#\/schema\/person\/50102df0fb23a8fa9e8effad8fa81386\",\"name\":\"enequipo\",\"image\":{\"@type\":\"ImageObject\",\"inLanguage\":\"es\",\"@id\":\"https:\/\/www.sonoraenequipo.com.mx\/#\/schema\/person\/image\/\",\"url\":\"https:\/\/secure.gravatar.com\/avatar\/049821681b589dabc0bc20695993ccebb09f5b5d4d790cd9251b97faac7c652b?s=96&d=blank&r=g\",\"contentUrl\":\"https:\/\/secure.gravatar.com\/avatar\/049821681b589dabc0bc20695993ccebb09f5b5d4d790cd9251b97faac7c652b?s=96&d=blank&r=g\",\"caption\":\"enequipo\"},\"sameAs\":[\"https:\/\/www.facebook.com\/SonoraEE\"]}]}<\/script>\n ","yoast_head_json":{"title":"Sonora en Equipo. \u00bfEl primero de agosto habr\u00e1 ley seca por Consulta Popular? Rep\u00fablica","description":"CIUDAD DE M\u00c9XICO. MX. \u2014 En la jornada del siguiente domingo 1 de agosto, algunos han tomado la decisi\u00f3n de suspender la venta de bebidas alcoh\u00f3licas en En Sonora en Equipo publicamos toda la informaci\u00f3n de Sonora, M\u00e9xico y el Mundo de manera oportuna y busca que la libertad de expresi\u00f3n sea real. Visita nuestro medio informativo publicado desde Hermosillo, Sonora. %","robots":{"index":"index","follow":"follow","max-snippet":"max-snippet:-1","max-image-preview":"max-image-preview:large","max-video-preview":"max-video-preview:-1"},"canonical":"https:\/\/www.sonoraenequipo.com.mx\/el-primero-de-agosto-habra-ley-seca-por-consulta-popular\/","og_locale":"es_ES","og_type":"article","og_title":"Sonora en Equipo. \u00bfEl primero de agosto habr\u00e1 ley seca por Consulta Popular? Rep\u00fablica","og_description":"CIUDAD DE M\u00c9XICO. MX. \u2014 En la jornada del siguiente domingo 1 de agosto, algunos han tomado la decisi\u00f3n de suspender la venta de bebidas alcoh\u00f3licas en En Sonora en Equipo publicamos toda la informaci\u00f3n de Sonora, M\u00e9xico y el Mundo de manera oportuna y busca que la libertad de expresi\u00f3n sea real. Visita nuestro medio informativo publicado desde Hermosillo, Sonora. %","og_url":"https:\/\/www.sonoraenequipo.com.mx\/el-primero-de-agosto-habra-ley-seca-por-consulta-popular\/","og_site_name":"Sonora en Equipo.","article_publisher":"https:\/\/www.facebook.com\/SonoraEE\/","article_author":"https:\/\/www.facebook.com\/SonoraEE","article_published_time":"2021-08-01T04:36:50+00:00","article_modified_time":"2021-08-01T18:11:35+00:00","og_image":[{"width":700,"height":400,"url":"https:\/\/www.sonoraenequipo.com.mx\/storage\/2021\/07\/consulta-ciudadana-juicio-a-expresidentes_opt.jpg","type":"image\/jpeg"}],"author":"enequipo","twitter_card":"summary_large_image","twitter_creator":"@sonoraenequipo","twitter_site":"@sonoraenequipo","twitter_misc":{"Escrito por":"enequipo","Tiempo de lectura":"7 minutos"},"schema":{"@context":"https:\/\/schema.org","@graph":[{"@type":"Article","@id":"https:\/\/www.sonoraenequipo.com.mx\/el-primero-de-agosto-habra-ley-seca-por-consulta-popular\/#article","isPartOf":{"@id":"https:\/\/www.sonoraenequipo.com.mx\/el-primero-de-agosto-habra-ley-seca-por-consulta-popular\/"},"author":{"name":"enequipo","@id":"https:\/\/www.sonoraenequipo.com.mx\/#\/schema\/person\/50102df0fb23a8fa9e8effad8fa81386"},"headline":"\u00bfEl primero de agosto habr\u00e1 ley seca por Consulta Popular?","datePublished":"2021-08-01T04:36:50+00:00","dateModified":"2021-08-01T18:11:35+00:00","mainEntityOfPage":{"@id":"https:\/\/www.sonoraenequipo.com.mx\/el-primero-de-agosto-habra-ley-seca-por-consulta-popular\/"},"wordCount":1497,"commentCount":0,"publisher":{"@id":"https:\/\/www.sonoraenequipo.com.mx\/#organization"},"image":{"@id":"https:\/\/www.sonoraenequipo.com.mx\/el-primero-de-agosto-habra-ley-seca-por-consulta-popular\/#primaryimage"},"thumbnailUrl":"https:\/\/www.sonoraenequipo.com.mx\/storage\/2021\/07\/consulta-ciudadana-juicio-a-expresidentes_opt.jpg","articleSection":["Rep\u00fablica"],"inLanguage":"es","potentialAction":[{"@type":"CommentAction","name":"Comment","target":["https:\/\/www.sonoraenequipo.com.mx\/el-primero-de-agosto-habra-ley-seca-por-consulta-popular\/#respond"]}]},{"@type":"WebPage","@id":"https:\/\/www.sonoraenequipo.com.mx\/el-primero-de-agosto-habra-ley-seca-por-consulta-popular\/","url":"https:\/\/www.sonoraenequipo.com.mx\/el-primero-de-agosto-habra-ley-seca-por-consulta-popular\/","name":"Sonora en Equipo. \u00bfEl primero de agosto habr\u00e1 ley seca por Consulta Popular? Rep\u00fablica","isPartOf":{"@id":"https:\/\/www.sonoraenequipo.com.mx\/#website"},"primaryImageOfPage":{"@id":"https:\/\/www.sonoraenequipo.com.mx\/el-primero-de-agosto-habra-ley-seca-por-consulta-popular\/#primaryimage"},"image":{"@id":"https:\/\/www.sonoraenequipo.com.mx\/el-primero-de-agosto-habra-ley-seca-por-consulta-popular\/#primaryimage"},"thumbnailUrl":"https:\/\/www.sonoraenequipo.com.mx\/storage\/2021\/07\/consulta-ciudadana-juicio-a-expresidentes_opt.jpg","datePublished":"2021-08-01T04:36:50+00:00","dateModified":"2021-08-01T18:11:35+00:00","description":"CIUDAD DE M\u00c9XICO. MX. \u2014 En la jornada del siguiente domingo 1 de agosto, algunos han tomado la decisi\u00f3n de suspender la venta de bebidas alcoh\u00f3licas en En Sonora en Equipo publicamos toda la informaci\u00f3n de Sonora, M\u00e9xico y el Mundo de manera oportuna y busca que la libertad de expresi\u00f3n sea real. Visita nuestro medio informativo publicado desde Hermosillo, Sonora. %","breadcrumb":{"@id":"https:\/\/www.sonoraenequipo.com.mx\/el-primero-de-agosto-habra-ley-seca-por-consulta-popular\/#breadcrumb"},"inLanguage":"es","potentialAction":[{"@type":"ReadAction","target":["https:\/\/www.sonoraenequipo.com.mx\/el-primero-de-agosto-habra-ley-seca-por-consulta-popular\/"]}]},{"@type":"ImageObject","inLanguage":"es","@id":"https:\/\/www.sonoraenequipo.com.mx\/el-primero-de-agosto-habra-ley-seca-por-consulta-popular\/#primaryimage","url":"https:\/\/www.sonoraenequipo.com.mx\/storage\/2021\/07\/consulta-ciudadana-juicio-a-expresidentes_opt.jpg","contentUrl":"https:\/\/www.sonoraenequipo.com.mx\/storage\/2021\/07\/consulta-ciudadana-juicio-a-expresidentes_opt.jpg","width":700,"height":400},{"@type":"BreadcrumbList","@id":"https:\/\/www.sonoraenequipo.com.mx\/el-primero-de-agosto-habra-ley-seca-por-consulta-popular\/#breadcrumb","itemListElement":[{"@type":"ListItem","position":1,"name":"Portada","item":"https:\/\/www.sonoraenequipo.com.mx\/"},{"@type":"ListItem","position":2,"name":"\u00bfEl primero de agosto habr\u00e1 ley seca por Consulta Popular?"}]},{"@type":"WebSite","@id":"https:\/\/www.sonoraenequipo.com.mx\/#website","url":"https:\/\/www.sonoraenequipo.com.mx\/","name":"Sonora en Equipo.","description":"Diario en l\u00ednea con Noticias desde Hermosillo, Sonora","publisher":{"@id":"https:\/\/www.sonoraenequipo.com.mx\/#organization"},"potentialAction":[{"@type":"SearchAction","target":{"@type":"EntryPoint","urlTemplate":"https:\/\/www.sonoraenequipo.com.mx\/?s={search_term_string}"},"query-input":{"@type":"PropertyValueSpecification","valueRequired":true,"valueName":"search_term_string"}}],"inLanguage":"es"},{"@type":"Organization","@id":"https:\/\/www.sonoraenequipo.com.mx\/#organization","name":"Sonoraenequipo.com.mx","url":"https:\/\/www.sonoraenequipo.com.mx\/","logo":{"@type":"ImageObject","inLanguage":"es","@id":"https:\/\/www.sonoraenequipo.com.mx\/#\/schema\/logo\/image\/","url":"https:\/\/www.sonoraenequipo.com.mx\/storage\/2019\/01\/sonoraenequipo_opt.png","contentUrl":"https:\/\/www.sonoraenequipo.com.mx\/storage\/2019\/01\/sonoraenequipo_opt.png","width":375,"height":125,"caption":"Sonoraenequipo.com.mx"},"image":{"@id":"https:\/\/www.sonoraenequipo.com.mx\/#\/schema\/logo\/image\/"},"sameAs":["https:\/\/www.facebook.com\/SonoraEE\/","https:\/\/x.com\/sonoraenequipo","https:\/\/www.youtube.com\/channel\/UC338nW-lPEYmJQs4ZABQ1SQ"]},{"@type":"Person","@id":"https:\/\/www.sonoraenequipo.com.mx\/#\/schema\/person\/50102df0fb23a8fa9e8effad8fa81386","name":"enequipo","image":{"@type":"ImageObject","inLanguage":"es","@id":"https:\/\/www.sonoraenequipo.com.mx\/#\/schema\/person\/image\/","url":"https:\/\/secure.gravatar.com\/avatar\/049821681b589dabc0bc20695993ccebb09f5b5d4d790cd9251b97faac7c652b?s=96&d=blank&r=g","contentUrl":"https:\/\/secure.gravatar.com\/avatar\/049821681b589dabc0bc20695993ccebb09f5b5d4d790cd9251b97faac7c652b?s=96&d=blank&r=g","caption":"enequipo"},"sameAs":["https:\/\/www.facebook.com\/SonoraEE"]}]}},"jetpack_featured_media_url":"https:\/\/www.sonoraenequipo.com.mx\/storage\/2021\/07\/consulta-ciudadana-juicio-a-expresidentes_opt.jpg","_links":{"self":[{"href":"https:\/\/www.sonoraenequipo.com.mx\/api\/wp\/v2\/posts\/119570","targetHints":{"allow":["GET"]}}],"collection":[{"href":"https:\/\/www.sonoraenequipo.com.mx\/api\/wp\/v2\/posts"}],"about":[{"href":"https:\/\/www.sonoraenequipo.com.mx\/api\/wp\/v2\/types\/post"}],"author":[{"embeddable":true,"href":"https:\/\/www.sonoraenequipo.com.mx\/api\/wp\/v2\/users\/1"}],"replies":[{"embeddable":true,"href":"https:\/\/www.sonoraenequipo.com.mx\/api\/wp\/v2\/comments?post=119570"}],"version-history":[{"count":2,"href":"https:\/\/www.sonoraenequipo.com.mx\/api\/wp\/v2\/posts\/119570\/revisions"}],"predecessor-version":[{"id":119572,"href":"https:\/\/www.sonoraenequipo.com.mx\/api\/wp\/v2\/posts\/119570\/revisions\/119572"}],"wp:featuredmedia":[{"embeddable":true,"href":"https:\/\/www.sonoraenequipo.com.mx\/api\/wp\/v2\/media\/119541"}],"wp:attachment":[{"href":"https:\/\/www.sonoraenequipo.com.mx\/api\/wp\/v2\/media?parent=119570"}],"wp:term":[{"taxonomy":"category","embeddable":true,"href":"https:\/\/www.sonoraenequipo.com.mx\/api\/wp\/v2\/categories?post=119570"},{"taxonomy":"post_tag","embeddable":true,"href":"https:\/\/www.sonoraenequipo.com.mx\/api\/wp\/v2\/tags?post=119570"}],"curies":[{"name":"wp","href":"https:\/\/api.w.org\/{rel}","templated":true}]}}