{"id":119577,"date":"2021-08-02T07:11:16","date_gmt":"2021-08-02T14:11:16","guid":{"rendered":"https:\/\/www.sonoraenequipo.com.mx\/?p=119577"},"modified":"2021-08-02T13:40:11","modified_gmt":"2021-08-02T20:40:11","slug":"se-forma-tormenta-tropical-ignacio-al-sureste-de-baja-california-sur","status":"publish","type":"post","link":"https:\/\/www.sonoraenequipo.com.mx\/se-forma-tormenta-tropical-ignacio-al-sureste-de-baja-california-sur\/","title":{"rendered":"Se forma tormenta tropical \u2018Ignacio\u2019 al sureste de Baja California Sur"},"content":{"rendered":"<p>CIUDAD DE M\u00c9XICO. MX. \u2014 El Servicio Meteorol\u00f3gico Nacional (SMN) inform\u00f3 este lunes que se form\u00f3 la Tormenta Tropical \u2018Ignacio\u2019, a partir de la Depresi\u00f3n Tropical Diez-E, al sureste de las costas de Baja California Sur.<\/p>\n<p>&nbsp;<\/p>\n<p> <\/p>\n<p>Por medio de un comunicado indicaron que el centro de la tormenta tropical se ubica exactamente a 665 kil\u00f3metros de las costas de BCS, en el oc\u00e9ano Pacifico.<\/p>\n<p>&nbsp;<\/p>\n<p>Al momento, presenta vientos m\u00e1ximos sostenidos de 65 kil\u00f3metros por hora, rachas de 85 kil\u00f3metros por hora, y desplazamiento hacia el oeste-noroeste a 15 kil\u00f3metros por hora.<\/p>\n<p>&nbsp;<\/p>\n<p>Destacaron que debido a su lejan\u00eda, no representa al momento peligro alguno para el territorio mexicano; sin embargo, se mantendr\u00e1 su vigilancia por cualquier cambio repentino.<\/p>\n<p>&nbsp;<\/p>\n<h3>\nPron\u00f3stico de lluvias para hoy 02 de agosto de 2021:<\/h3>\n<p>&nbsp;<\/p>\n<p>Lluvias fuertes con lluvias puntuales muy fuertes (50.1 a 75.0 mm): Sonora, Ciudad de M\u00e9xico, Estado de M\u00e9xico, Chihuahua, Sinaloa, Durango, Jalisco, Colima, Michoac\u00e1n, Puebla, Guerrero, Oaxaca y Chiapas.<\/p>\n<p>&nbsp;<\/p>\n<p>Intervalos de chubascos con lluvias puntuales fuertes (25.1 a 50.0 mm): Coahuila, Nuevo Le\u00f3n, Nayarit, Guanajuato, Morelos, Hidalgo, Tlaxcala y Veracruz.<\/p>\n<p>&nbsp;<\/p>\n<p>Intervalos de chubascos (5.1 a 25.0 mm): Baja California Sur, Tamaulipas, San Luis Potos\u00ed, Zacatecas, Quer\u00e9taro, Tabasco, Campeche, Yucat\u00e1n y Quintana Roo.<\/p>\n<p>Lluvias aisladas (0.1 a 5.0 mm): Baja California y Aguascalientes.<\/p>\n<p>&nbsp;<\/p>\n<p>Posible ca\u00edda de granizo: Sonora, Chihuahua, Coahuila, Nuevo Le\u00f3n, Tamaulipas, Durango, Sinaloa, Nayarit, Jalisco, Colima, Michoac\u00e1n, Guanajuato, Puebla, Tlaxcala, Estado de M\u00e9xico, Ciudad de M\u00e9xico, Morelos, Guerrero y Oaxaca.<\/p>\n<p>&nbsp;<\/p>\n<p>Posibilidad de tormentas el\u00e9ctricas: Baja California Sur, Sonora, Chihuahua, Coahuila, Nuevo Le\u00f3n, Tamaulipas, San Luis Potos\u00ed, Zacatecas, Durango, Sinaloa, Nayarit, Jalisco, Colima, Michoac\u00e1n, Guanajuato, Quer\u00e9taro, Hidalgo, Veracruz, Puebla, Tlaxcala, Estado de M\u00e9xico, Ciudad de M\u00e9xico, Morelos, Guerrero, Oaxaca, Chiapas, Tabasco, Campeche, Yucat\u00e1n y Quintana Roo.<\/p>\n<p>&nbsp;<\/p>\n<p>&nbsp;<\/p>\n<p>(Publicada el 02\/08\/2021)<\/p>\n","protected":false},"excerpt":{"rendered":"<p>CIUDAD DE M\u00c9XICO. MX. \u2014 El Servicio Meteorol\u00f3gico Nacional (SMN) inform\u00f3 este lunes que se&#8230;<\/p>\n","protected":false},"author":1,"featured_media":119604,"comment_status":"open","ping_status":"open","sticky":false,"template":"","format":"standard","meta":{"_monsterinsights_skip_tracking":false,"_monsterinsights_sitenote_active":false,"_monsterinsights_sitenote_note":"","_monsterinsights_sitenote_category":0,"footnotes":""},"categories":[5],"tags":[],"class_list":["post"],"yoast_head":" \n<title>Sonora en Equipo. Se forma tormenta tropical \u2018Ignacio\u2019 al sureste de Baja California Sur Rep\u00fablica<\/title>\n<meta name=\"description\" content=\"CIUDAD DE M\u00c9XICO. MX. \u2014 El Servicio Meteorol\u00f3gico Nacional (SMN) inform\u00f3 este lunes que se form\u00f3 la Tormenta Tropical \u2018Ignacio\u2019, a partir de la Depresi\u00f3n En Sonora en Equipo publicamos toda la informaci\u00f3n de Sonora, M\u00e9xico y el Mundo de manera oportuna y busca que la libertad de expresi\u00f3n sea real. Visita nuestro medio informativo publicado desde Hermosillo, Sonora. %\" \/>\n<meta name=\"robots\" content=\"index, follow, max-snippet:-1, max-image-preview:large, max-video-preview:-1\" \/>\n<link rel=\"canonical\" href=\"https:\/\/www.sonoraenequipo.com.mx\/se-forma-tormenta-tropical-ignacio-al-sureste-de-baja-california-sur\/\" \/>\n<meta property=\"og:locale\" content=\"es_ES\" \/>\n<meta property=\"og:type\" content=\"article\" \/>\n<meta property=\"og:title\" content=\"Sonora en Equipo. Se forma tormenta tropical \u2018Ignacio\u2019 al sureste de Baja California Sur Rep\u00fablica\" \/>\n<meta property=\"og:description\" content=\"CIUDAD DE M\u00c9XICO. MX. \u2014 El Servicio Meteorol\u00f3gico Nacional (SMN) inform\u00f3 este lunes que se form\u00f3 la Tormenta Tropical \u2018Ignacio\u2019, a partir de la Depresi\u00f3n En Sonora en Equipo publicamos toda la informaci\u00f3n de Sonora, M\u00e9xico y el Mundo de manera oportuna y busca que la libertad de expresi\u00f3n sea real. Visita nuestro medio informativo publicado desde Hermosillo, Sonora. %\" \/>\n<meta property=\"og:url\" content=\"https:\/\/www.sonoraenequipo.com.mx\/se-forma-tormenta-tropical-ignacio-al-sureste-de-baja-california-sur\/\" \/>\n<meta property=\"og:site_name\" content=\"Sonora en Equipo.\" \/>\n<meta property=\"article:publisher\" content=\"https:\/\/www.facebook.com\/SonoraEE\/\" \/>\n<meta property=\"article:author\" content=\"https:\/\/www.facebook.com\/SonoraEE\" \/>\n<meta property=\"article:published_time\" content=\"2021-08-02T14:11:16+00:00\" \/>\n<meta property=\"article:modified_time\" content=\"2021-08-02T20:40:11+00:00\" \/>\n<meta property=\"og:image\" content=\"https:\/\/www.sonoraenequipo.com.mx\/storage\/2021\/08\/tormenta_tropical_ignacio_opt.jpg\" \/>\n\t<meta property=\"og:image:width\" content=\"700\" \/>\n\t<meta property=\"og:image:height\" content=\"400\" \/>\n\t<meta property=\"og:image:type\" content=\"image\/jpeg\" \/>\n<meta name=\"author\" content=\"enequipo\" \/>\n<meta name=\"twitter:card\" content=\"summary_large_image\" \/>\n<meta name=\"twitter:creator\" content=\"@sonoraenequipo\" \/>\n<meta name=\"twitter:site\" content=\"@sonoraenequipo\" \/>\n<meta name=\"twitter:label1\" content=\"Escrito por\" \/>\n\t<meta name=\"twitter:data1\" content=\"enequipo\" \/>\n\t<meta name=\"twitter:label2\" content=\"Tiempo de lectura\" \/>\n\t<meta name=\"twitter:data2\" content=\"2 minutos\" \/>\n<script type=\"application\/ld+json\" class=\"yoast-schema-graph\">{\"@context\":\"https:\/\/schema.org\",\"@graph\":[{\"@type\":\"Article\",\"@id\":\"https:\/\/www.sonoraenequipo.com.mx\/se-forma-tormenta-tropical-ignacio-al-sureste-de-baja-california-sur\/#article\",\"isPartOf\":{\"@id\":\"https:\/\/www.sonoraenequipo.com.mx\/se-forma-tormenta-tropical-ignacio-al-sureste-de-baja-california-sur\/\"},\"author\":{\"name\":\"enequipo\",\"@id\":\"https:\/\/www.sonoraenequipo.com.mx\/#\/schema\/person\/50102df0fb23a8fa9e8effad8fa81386\"},\"headline\":\"Se forma tormenta tropical \u2018Ignacio\u2019 al sureste de Baja California Sur\",\"datePublished\":\"2021-08-02T14:11:16+00:00\",\"dateModified\":\"2021-08-02T20:40:11+00:00\",\"mainEntityOfPage\":{\"@id\":\"https:\/\/www.sonoraenequipo.com.mx\/se-forma-tormenta-tropical-ignacio-al-sureste-de-baja-california-sur\/\"},\"wordCount\":321,\"commentCount\":0,\"publisher\":{\"@id\":\"https:\/\/www.sonoraenequipo.com.mx\/#organization\"},\"image\":{\"@id\":\"https:\/\/www.sonoraenequipo.com.mx\/se-forma-tormenta-tropical-ignacio-al-sureste-de-baja-california-sur\/#primaryimage\"},\"thumbnailUrl\":\"https:\/\/www.sonoraenequipo.com.mx\/storage\/2021\/08\/tormenta_tropical_ignacio_opt.jpg\",\"articleSection\":[\"Rep\u00fablica\"],\"inLanguage\":\"es\",\"potentialAction\":[{\"@type\":\"CommentAction\",\"name\":\"Comment\",\"target\":[\"https:\/\/www.sonoraenequipo.com.mx\/se-forma-tormenta-tropical-ignacio-al-sureste-de-baja-california-sur\/#respond\"]}]},{\"@type\":\"WebPage\",\"@id\":\"https:\/\/www.sonoraenequipo.com.mx\/se-forma-tormenta-tropical-ignacio-al-sureste-de-baja-california-sur\/\",\"url\":\"https:\/\/www.sonoraenequipo.com.mx\/se-forma-tormenta-tropical-ignacio-al-sureste-de-baja-california-sur\/\",\"name\":\"Sonora en Equipo. Se forma tormenta tropical \u2018Ignacio\u2019 al sureste de Baja California Sur Rep\u00fablica\",\"isPartOf\":{\"@id\":\"https:\/\/www.sonoraenequipo.com.mx\/#website\"},\"primaryImageOfPage\":{\"@id\":\"https:\/\/www.sonoraenequipo.com.mx\/se-forma-tormenta-tropical-ignacio-al-sureste-de-baja-california-sur\/#primaryimage\"},\"image\":{\"@id\":\"https:\/\/www.sonoraenequipo.com.mx\/se-forma-tormenta-tropical-ignacio-al-sureste-de-baja-california-sur\/#primaryimage\"},\"thumbnailUrl\":\"https:\/\/www.sonoraenequipo.com.mx\/storage\/2021\/08\/tormenta_tropical_ignacio_opt.jpg\",\"datePublished\":\"2021-08-02T14:11:16+00:00\",\"dateModified\":\"2021-08-02T20:40:11+00:00\",\"description\":\"CIUDAD DE M\u00c9XICO. MX. \u2014 El Servicio Meteorol\u00f3gico Nacional (SMN) inform\u00f3 este lunes que se form\u00f3 la Tormenta Tropical \u2018Ignacio\u2019, a partir de la Depresi\u00f3n En Sonora en Equipo publicamos toda la informaci\u00f3n de Sonora, M\u00e9xico y el Mundo de manera oportuna y busca que la libertad de expresi\u00f3n sea real. Visita nuestro medio informativo publicado desde Hermosillo, Sonora. %\",\"breadcrumb\":{\"@id\":\"https:\/\/www.sonoraenequipo.com.mx\/se-forma-tormenta-tropical-ignacio-al-sureste-de-baja-california-sur\/#breadcrumb\"},\"inLanguage\":\"es\",\"potentialAction\":[{\"@type\":\"ReadAction\",\"target\":[\"https:\/\/www.sonoraenequipo.com.mx\/se-forma-tormenta-tropical-ignacio-al-sureste-de-baja-california-sur\/\"]}]},{\"@type\":\"ImageObject\",\"inLanguage\":\"es\",\"@id\":\"https:\/\/www.sonoraenequipo.com.mx\/se-forma-tormenta-tropical-ignacio-al-sureste-de-baja-california-sur\/#primaryimage\",\"url\":\"https:\/\/www.sonoraenequipo.com.mx\/storage\/2021\/08\/tormenta_tropical_ignacio_opt.jpg\",\"contentUrl\":\"https:\/\/www.sonoraenequipo.com.mx\/storage\/2021\/08\/tormenta_tropical_ignacio_opt.jpg\",\"width\":700,\"height\":400},{\"@type\":\"BreadcrumbList\",\"@id\":\"https:\/\/www.sonoraenequipo.com.mx\/se-forma-tormenta-tropical-ignacio-al-sureste-de-baja-california-sur\/#breadcrumb\",\"itemListElement\":[{\"@type\":\"ListItem\",\"position\":1,\"name\":\"Portada\",\"item\":\"https:\/\/www.sonoraenequipo.com.mx\/\"},{\"@type\":\"ListItem\",\"position\":2,\"name\":\"Se forma tormenta tropical \u2018Ignacio\u2019 al sureste de Baja California Sur\"}]},{\"@type\":\"WebSite\",\"@id\":\"https:\/\/www.sonoraenequipo.com.mx\/#website\",\"url\":\"https:\/\/www.sonoraenequipo.com.mx\/\",\"name\":\"Sonora en Equipo.\",\"description\":\"Diario en l\u00ednea con Noticias desde Hermosillo, Sonora\",\"publisher\":{\"@id\":\"https:\/\/www.sonoraenequipo.com.mx\/#organization\"},\"potentialAction\":[{\"@type\":\"SearchAction\",\"target\":{\"@type\":\"EntryPoint\",\"urlTemplate\":\"https:\/\/www.sonoraenequipo.com.mx\/?s={search_term_string}\"},\"query-input\":{\"@type\":\"PropertyValueSpecification\",\"valueRequired\":true,\"valueName\":\"search_term_string\"}}],\"inLanguage\":\"es\"},{\"@type\":\"Organization\",\"@id\":\"https:\/\/www.sonoraenequipo.com.mx\/#organization\",\"name\":\"Sonoraenequipo.com.mx\",\"url\":\"https:\/\/www.sonoraenequipo.com.mx\/\",\"logo\":{\"@type\":\"ImageObject\",\"inLanguage\":\"es\",\"@id\":\"https:\/\/www.sonoraenequipo.com.mx\/#\/schema\/logo\/image\/\",\"url\":\"https:\/\/www.sonoraenequipo.com.mx\/storage\/2019\/01\/sonoraenequipo_opt.png\",\"contentUrl\":\"https:\/\/www.sonoraenequipo.com.mx\/storage\/2019\/01\/sonoraenequipo_opt.png\",\"width\":375,\"height\":125,\"caption\":\"Sonoraenequipo.com.mx\"},\"image\":{\"@id\":\"https:\/\/www.sonoraenequipo.com.mx\/#\/schema\/logo\/image\/\"},\"sameAs\":[\"https:\/\/www.facebook.com\/SonoraEE\/\",\"https:\/\/x.com\/sonoraenequipo\",\"https:\/\/www.youtube.com\/channel\/UC338nW-lPEYmJQs4ZABQ1SQ\"]},{\"@type\":\"Person\",\"@id\":\"https:\/\/www.sonoraenequipo.com.mx\/#\/schema\/person\/50102df0fb23a8fa9e8effad8fa81386\",\"name\":\"enequipo\",\"image\":{\"@type\":\"ImageObject\",\"inLanguage\":\"es\",\"@id\":\"https:\/\/www.sonoraenequipo.com.mx\/#\/schema\/person\/image\/\",\"url\":\"https:\/\/secure.gravatar.com\/avatar\/049821681b589dabc0bc20695993ccebb09f5b5d4d790cd9251b97faac7c652b?s=96&d=blank&r=g\",\"contentUrl\":\"https:\/\/secure.gravatar.com\/avatar\/049821681b589dabc0bc20695993ccebb09f5b5d4d790cd9251b97faac7c652b?s=96&d=blank&r=g\",\"caption\":\"enequipo\"},\"sameAs\":[\"https:\/\/www.facebook.com\/SonoraEE\"]}]}<\/script>\n ","yoast_head_json":{"title":"Sonora en Equipo. Se forma tormenta tropical \u2018Ignacio\u2019 al sureste de Baja California Sur Rep\u00fablica","description":"CIUDAD DE M\u00c9XICO. MX. \u2014 El Servicio Meteorol\u00f3gico Nacional (SMN) inform\u00f3 este lunes que se form\u00f3 la Tormenta Tropical \u2018Ignacio\u2019, a partir de la Depresi\u00f3n En Sonora en Equipo publicamos toda la informaci\u00f3n de Sonora, M\u00e9xico y el Mundo de manera oportuna y busca que la libertad de expresi\u00f3n sea real. Visita nuestro medio informativo publicado desde Hermosillo, Sonora. %","robots":{"index":"index","follow":"follow","max-snippet":"max-snippet:-1","max-image-preview":"max-image-preview:large","max-video-preview":"max-video-preview:-1"},"canonical":"https:\/\/www.sonoraenequipo.com.mx\/se-forma-tormenta-tropical-ignacio-al-sureste-de-baja-california-sur\/","og_locale":"es_ES","og_type":"article","og_title":"Sonora en Equipo. Se forma tormenta tropical \u2018Ignacio\u2019 al sureste de Baja California Sur Rep\u00fablica","og_description":"CIUDAD DE M\u00c9XICO. MX. \u2014 El Servicio Meteorol\u00f3gico Nacional (SMN) inform\u00f3 este lunes que se form\u00f3 la Tormenta Tropical \u2018Ignacio\u2019, a partir de la Depresi\u00f3n En Sonora en Equipo publicamos toda la informaci\u00f3n de Sonora, M\u00e9xico y el Mundo de manera oportuna y busca que la libertad de expresi\u00f3n sea real. Visita nuestro medio informativo publicado desde Hermosillo, Sonora. %","og_url":"https:\/\/www.sonoraenequipo.com.mx\/se-forma-tormenta-tropical-ignacio-al-sureste-de-baja-california-sur\/","og_site_name":"Sonora en Equipo.","article_publisher":"https:\/\/www.facebook.com\/SonoraEE\/","article_author":"https:\/\/www.facebook.com\/SonoraEE","article_published_time":"2021-08-02T14:11:16+00:00","article_modified_time":"2021-08-02T20:40:11+00:00","og_image":[{"width":700,"height":400,"url":"https:\/\/www.sonoraenequipo.com.mx\/storage\/2021\/08\/tormenta_tropical_ignacio_opt.jpg","type":"image\/jpeg"}],"author":"enequipo","twitter_card":"summary_large_image","twitter_creator":"@sonoraenequipo","twitter_site":"@sonoraenequipo","twitter_misc":{"Escrito por":"enequipo","Tiempo de lectura":"2 minutos"},"schema":{"@context":"https:\/\/schema.org","@graph":[{"@type":"Article","@id":"https:\/\/www.sonoraenequipo.com.mx\/se-forma-tormenta-tropical-ignacio-al-sureste-de-baja-california-sur\/#article","isPartOf":{"@id":"https:\/\/www.sonoraenequipo.com.mx\/se-forma-tormenta-tropical-ignacio-al-sureste-de-baja-california-sur\/"},"author":{"name":"enequipo","@id":"https:\/\/www.sonoraenequipo.com.mx\/#\/schema\/person\/50102df0fb23a8fa9e8effad8fa81386"},"headline":"Se forma tormenta tropical \u2018Ignacio\u2019 al sureste de Baja California Sur","datePublished":"2021-08-02T14:11:16+00:00","dateModified":"2021-08-02T20:40:11+00:00","mainEntityOfPage":{"@id":"https:\/\/www.sonoraenequipo.com.mx\/se-forma-tormenta-tropical-ignacio-al-sureste-de-baja-california-sur\/"},"wordCount":321,"commentCount":0,"publisher":{"@id":"https:\/\/www.sonoraenequipo.com.mx\/#organization"},"image":{"@id":"https:\/\/www.sonoraenequipo.com.mx\/se-forma-tormenta-tropical-ignacio-al-sureste-de-baja-california-sur\/#primaryimage"},"thumbnailUrl":"https:\/\/www.sonoraenequipo.com.mx\/storage\/2021\/08\/tormenta_tropical_ignacio_opt.jpg","articleSection":["Rep\u00fablica"],"inLanguage":"es","potentialAction":[{"@type":"CommentAction","name":"Comment","target":["https:\/\/www.sonoraenequipo.com.mx\/se-forma-tormenta-tropical-ignacio-al-sureste-de-baja-california-sur\/#respond"]}]},{"@type":"WebPage","@id":"https:\/\/www.sonoraenequipo.com.mx\/se-forma-tormenta-tropical-ignacio-al-sureste-de-baja-california-sur\/","url":"https:\/\/www.sonoraenequipo.com.mx\/se-forma-tormenta-tropical-ignacio-al-sureste-de-baja-california-sur\/","name":"Sonora en Equipo. Se forma tormenta tropical \u2018Ignacio\u2019 al sureste de Baja California Sur Rep\u00fablica","isPartOf":{"@id":"https:\/\/www.sonoraenequipo.com.mx\/#website"},"primaryImageOfPage":{"@id":"https:\/\/www.sonoraenequipo.com.mx\/se-forma-tormenta-tropical-ignacio-al-sureste-de-baja-california-sur\/#primaryimage"},"image":{"@id":"https:\/\/www.sonoraenequipo.com.mx\/se-forma-tormenta-tropical-ignacio-al-sureste-de-baja-california-sur\/#primaryimage"},"thumbnailUrl":"https:\/\/www.sonoraenequipo.com.mx\/storage\/2021\/08\/tormenta_tropical_ignacio_opt.jpg","datePublished":"2021-08-02T14:11:16+00:00","dateModified":"2021-08-02T20:40:11+00:00","description":"CIUDAD DE M\u00c9XICO. MX. \u2014 El Servicio Meteorol\u00f3gico Nacional (SMN) inform\u00f3 este lunes que se form\u00f3 la Tormenta Tropical \u2018Ignacio\u2019, a partir de la Depresi\u00f3n En Sonora en Equipo publicamos toda la informaci\u00f3n de Sonora, M\u00e9xico y el Mundo de manera oportuna y busca que la libertad de expresi\u00f3n sea real. Visita nuestro medio informativo publicado desde Hermosillo, Sonora. %","breadcrumb":{"@id":"https:\/\/www.sonoraenequipo.com.mx\/se-forma-tormenta-tropical-ignacio-al-sureste-de-baja-california-sur\/#breadcrumb"},"inLanguage":"es","potentialAction":[{"@type":"ReadAction","target":["https:\/\/www.sonoraenequipo.com.mx\/se-forma-tormenta-tropical-ignacio-al-sureste-de-baja-california-sur\/"]}]},{"@type":"ImageObject","inLanguage":"es","@id":"https:\/\/www.sonoraenequipo.com.mx\/se-forma-tormenta-tropical-ignacio-al-sureste-de-baja-california-sur\/#primaryimage","url":"https:\/\/www.sonoraenequipo.com.mx\/storage\/2021\/08\/tormenta_tropical_ignacio_opt.jpg","contentUrl":"https:\/\/www.sonoraenequipo.com.mx\/storage\/2021\/08\/tormenta_tropical_ignacio_opt.jpg","width":700,"height":400},{"@type":"BreadcrumbList","@id":"https:\/\/www.sonoraenequipo.com.mx\/se-forma-tormenta-tropical-ignacio-al-sureste-de-baja-california-sur\/#breadcrumb","itemListElement":[{"@type":"ListItem","position":1,"name":"Portada","item":"https:\/\/www.sonoraenequipo.com.mx\/"},{"@type":"ListItem","position":2,"name":"Se forma tormenta tropical \u2018Ignacio\u2019 al sureste de Baja California Sur"}]},{"@type":"WebSite","@id":"https:\/\/www.sonoraenequipo.com.mx\/#website","url":"https:\/\/www.sonoraenequipo.com.mx\/","name":"Sonora en Equipo.","description":"Diario en l\u00ednea con Noticias desde Hermosillo, Sonora","publisher":{"@id":"https:\/\/www.sonoraenequipo.com.mx\/#organization"},"potentialAction":[{"@type":"SearchAction","target":{"@type":"EntryPoint","urlTemplate":"https:\/\/www.sonoraenequipo.com.mx\/?s={search_term_string}"},"query-input":{"@type":"PropertyValueSpecification","valueRequired":true,"valueName":"search_term_string"}}],"inLanguage":"es"},{"@type":"Organization","@id":"https:\/\/www.sonoraenequipo.com.mx\/#organization","name":"Sonoraenequipo.com.mx","url":"https:\/\/www.sonoraenequipo.com.mx\/","logo":{"@type":"ImageObject","inLanguage":"es","@id":"https:\/\/www.sonoraenequipo.com.mx\/#\/schema\/logo\/image\/","url":"https:\/\/www.sonoraenequipo.com.mx\/storage\/2019\/01\/sonoraenequipo_opt.png","contentUrl":"https:\/\/www.sonoraenequipo.com.mx\/storage\/2019\/01\/sonoraenequipo_opt.png","width":375,"height":125,"caption":"Sonoraenequipo.com.mx"},"image":{"@id":"https:\/\/www.sonoraenequipo.com.mx\/#\/schema\/logo\/image\/"},"sameAs":["https:\/\/www.facebook.com\/SonoraEE\/","https:\/\/x.com\/sonoraenequipo","https:\/\/www.youtube.com\/channel\/UC338nW-lPEYmJQs4ZABQ1SQ"]},{"@type":"Person","@id":"https:\/\/www.sonoraenequipo.com.mx\/#\/schema\/person\/50102df0fb23a8fa9e8effad8fa81386","name":"enequipo","image":{"@type":"ImageObject","inLanguage":"es","@id":"https:\/\/www.sonoraenequipo.com.mx\/#\/schema\/person\/image\/","url":"https:\/\/secure.gravatar.com\/avatar\/049821681b589dabc0bc20695993ccebb09f5b5d4d790cd9251b97faac7c652b?s=96&d=blank&r=g","contentUrl":"https:\/\/secure.gravatar.com\/avatar\/049821681b589dabc0bc20695993ccebb09f5b5d4d790cd9251b97faac7c652b?s=96&d=blank&r=g","caption":"enequipo"},"sameAs":["https:\/\/www.facebook.com\/SonoraEE"]}]}},"jetpack_featured_media_url":"https:\/\/www.sonoraenequipo.com.mx\/storage\/2021\/08\/tormenta_tropical_ignacio_opt.jpg","_links":{"self":[{"href":"https:\/\/www.sonoraenequipo.com.mx\/api\/wp\/v2\/posts\/119577","targetHints":{"allow":["GET"]}}],"collection":[{"href":"https:\/\/www.sonoraenequipo.com.mx\/api\/wp\/v2\/posts"}],"about":[{"href":"https:\/\/www.sonoraenequipo.com.mx\/api\/wp\/v2\/types\/post"}],"author":[{"embeddable":true,"href":"https:\/\/www.sonoraenequipo.com.mx\/api\/wp\/v2\/users\/1"}],"replies":[{"embeddable":true,"href":"https:\/\/www.sonoraenequipo.com.mx\/api\/wp\/v2\/comments?post=119577"}],"version-history":[{"count":1,"href":"https:\/\/www.sonoraenequipo.com.mx\/api\/wp\/v2\/posts\/119577\/revisions"}],"predecessor-version":[{"id":119606,"href":"https:\/\/www.sonoraenequipo.com.mx\/api\/wp\/v2\/posts\/119577\/revisions\/119606"}],"wp:featuredmedia":[{"embeddable":true,"href":"https:\/\/www.sonoraenequipo.com.mx\/api\/wp\/v2\/media\/119604"}],"wp:attachment":[{"href":"https:\/\/www.sonoraenequipo.com.mx\/api\/wp\/v2\/media?parent=119577"}],"wp:term":[{"taxonomy":"category","embeddable":true,"href":"https:\/\/www.sonoraenequipo.com.mx\/api\/wp\/v2\/categories?post=119577"},{"taxonomy":"post_tag","embeddable":true,"href":"https:\/\/www.sonoraenequipo.com.mx\/api\/wp\/v2\/tags?post=119577"}],"curies":[{"name":"wp","href":"https:\/\/api.w.org\/{rel}","templated":true}]}}