{"id":119586,"date":"2021-08-02T12:49:28","date_gmt":"2021-08-02T19:49:28","guid":{"rendered":"https:\/\/www.sonoraenequipo.com.mx\/?p=119586"},"modified":"2021-08-02T12:49:28","modified_gmt":"2021-08-02T19:49:28","slug":"tenemos-que-sacar-la-experiencia-necesaria-de-las-derrotas-y-seguir-mejorando-gerardo-martino","status":"publish","type":"post","link":"https:\/\/www.sonoraenequipo.com.mx\/tenemos-que-sacar-la-experiencia-necesaria-de-las-derrotas-y-seguir-mejorando-gerardo-martino\/","title":{"rendered":"\u201cTenemos que sacar la experiencia necesaria de las derrotas y seguir mejorando\u201d: Gerardo Martino"},"content":{"rendered":"<p>&nbsp;<\/p>\n<p>LAS VEGAS NEVADA EE.UU.\u2500\u2500 Gerardo Martino, Director T\u00e9cnico de la Selecci\u00f3n Nacional de M\u00e9xico, habl\u00f3 en conferencia de prensa tras la Final de Copa Oro, disputada anoche ante Estados Unidos,donde cay\u00f3 por la m\u00ednima diferencia.<\/p>\n<p>&nbsp;<\/p>\n<p>&nbsp;<\/p>\n<p>&nbsp;<\/p>\n<p>El estratega dio sus impresiones del encuentro en el que la SNM cay\u00f3 1-0: \u201cJugamos un primer tiempo y un inicio del complemento bastante favorable a nosotros, con buena circulaci\u00f3n de pelota, una falla en inicio que ocasion\u00f3 la \u00fanica llegada del rival. En el segundo tiempo la t\u00f3nica del partido empez\u00f3 de la misma manera, hasta que ellos mejoraron, empezamos a sentir el desgaste y ah\u00ed vinieron sus mejores momentos. En la pr\u00f3rroga el partido entr\u00f3 en un bache en donde esper\u00e1bamos los penales, hubo situaciones confusas y en la \u00faltima pelota parada nos ganaron el partido\u201d.<\/p>\n<p>&nbsp;<\/p>\n<p>&nbsp;<\/p>\n<p>&nbsp;<\/p>\n<p>Respecto al haber perdido dos finales contra Estados Unidos en este verano, mencion\u00f3: \u201cHemos competido bien contra ellos en las dos finales, hicimos un desgaste muy grande, tuvimos grandes momentos del partido a favor, con lo cual no deber\u00eda ser ninguna cat\u00e1strofe para nuestro interior el haber perdido. Son derrotas que duelen, de las cuales tenemos que sacar la experiencia necesaria, buscaremos seguir mejorando dentro de una propuesta que llevamos desde hace dos a\u00f1os y medio\u201d.<\/p>\n<p>&nbsp;<\/p>\n<p>&nbsp;<\/p>\n<p>&nbsp;<\/p>\n<p>Finaliz\u00f3 refiri\u00e9ndose a situaciones a trabajar en el futuro: \u201cNosotros no preparamos un equipo para que juegue dos a\u00f1os y medio de una manera y la eliminatoria de otra, no encontramos el motivo. Perdimos dos finales, nos meten gol de pelota parada, y tambi\u00e9n tuvimos grandes momentos en ambas finales, en donde debimos definir el partido, pero cuando esas situaciones no se convierten, se corre el riesgo.<\/p>\n<p>&nbsp;<\/p>\n<p>&nbsp;<\/p>\n<p>&nbsp;<\/p>\n<p>\u00abEstados Unidos crece y sabemos que en cualquier jugada larga o de pelota parada nos hacen da\u00f1o y eso pas\u00f3, pero no encuentro el motivo por el cual cambiar, ese es un an\u00e1lisis que debi\u00e9ramos hacer si el equipo hubiera sido superado ampliamente, pero eso no sucedi\u00f3\u201d, concluy\u00f3.<\/p>\n<p>Fecha de Publicaci\u00f3n\u00a0 lunes\u00a0 \/ 02\u00a0\u00a0 \/ agosto \/ 2021<\/p>\n","protected":false},"excerpt":{"rendered":"<p>&nbsp; LAS VEGAS NEVADA EE.UU.\u2500\u2500 Gerardo Martino, Director T\u00e9cnico de la Selecci\u00f3n Nacional de M\u00e9xico,&#8230;<\/p>\n","protected":false},"author":1,"featured_media":119587,"comment_status":"open","ping_status":"open","sticky":false,"template":"","format":"standard","meta":{"_monsterinsights_skip_tracking":false,"_monsterinsights_sitenote_active":false,"_monsterinsights_sitenote_note":"","_monsterinsights_sitenote_category":0,"footnotes":""},"categories":[10],"tags":[53,3184],"class_list":["post"],"yoast_head":" \n<title>Sonora en Equipo. \u201cTenemos que sacar la experiencia necesaria de las derrotas y seguir mejorando\u201d: Gerardo Martino Deportes<\/title>\n<meta name=\"description\" content=\"&nbsp; LAS VEGAS NEVADA EE.UU.\u2500\u2500 Gerardo Martino, Director T\u00e9cnico de la Selecci\u00f3n Nacional de M\u00e9xico, habl\u00f3 en conferencia de prensa tras la Final de En Sonora en Equipo publicamos toda la informaci\u00f3n de Sonora, M\u00e9xico y el Mundo de manera oportuna y busca que la libertad de expresi\u00f3n sea real. Visita nuestro medio informativo publicado desde Hermosillo, Sonora. %\" \/>\n<meta name=\"robots\" content=\"index, follow, max-snippet:-1, max-image-preview:large, max-video-preview:-1\" \/>\n<link rel=\"canonical\" href=\"https:\/\/www.sonoraenequipo.com.mx\/tenemos-que-sacar-la-experiencia-necesaria-de-las-derrotas-y-seguir-mejorando-gerardo-martino\/\" \/>\n<meta property=\"og:locale\" content=\"es_ES\" \/>\n<meta property=\"og:type\" content=\"article\" \/>\n<meta property=\"og:title\" content=\"Sonora en Equipo. \u201cTenemos que sacar la experiencia necesaria de las derrotas y seguir mejorando\u201d: Gerardo Martino Deportes\" \/>\n<meta property=\"og:description\" content=\"&nbsp; LAS VEGAS NEVADA EE.UU.\u2500\u2500 Gerardo Martino, Director T\u00e9cnico de la Selecci\u00f3n Nacional de M\u00e9xico, habl\u00f3 en conferencia de prensa tras la Final de En Sonora en Equipo publicamos toda la informaci\u00f3n de Sonora, M\u00e9xico y el Mundo de manera oportuna y busca que la libertad de expresi\u00f3n sea real. Visita nuestro medio informativo publicado desde Hermosillo, Sonora. %\" \/>\n<meta property=\"og:url\" content=\"https:\/\/www.sonoraenequipo.com.mx\/tenemos-que-sacar-la-experiencia-necesaria-de-las-derrotas-y-seguir-mejorando-gerardo-martino\/\" \/>\n<meta property=\"og:site_name\" content=\"Sonora en Equipo.\" \/>\n<meta property=\"article:publisher\" content=\"https:\/\/www.facebook.com\/SonoraEE\/\" \/>\n<meta property=\"article:author\" content=\"https:\/\/www.facebook.com\/SonoraEE\" \/>\n<meta property=\"article:published_time\" content=\"2021-08-02T19:49:28+00:00\" \/>\n<meta property=\"og:image\" content=\"https:\/\/www.sonoraenequipo.com.mx\/storage\/2021\/08\/tata-martino.jpg\" \/>\n\t<meta property=\"og:image:width\" content=\"700\" \/>\n\t<meta property=\"og:image:height\" content=\"400\" \/>\n\t<meta property=\"og:image:type\" content=\"image\/jpeg\" \/>\n<meta name=\"author\" content=\"enequipo\" \/>\n<meta name=\"twitter:card\" content=\"summary_large_image\" \/>\n<meta name=\"twitter:creator\" content=\"@sonoraenequipo\" \/>\n<meta name=\"twitter:site\" content=\"@sonoraenequipo\" \/>\n<meta name=\"twitter:label1\" content=\"Escrito por\" \/>\n\t<meta name=\"twitter:data1\" content=\"enequipo\" \/>\n\t<meta name=\"twitter:label2\" content=\"Tiempo de lectura\" \/>\n\t<meta name=\"twitter:data2\" content=\"2 minutos\" \/>\n<script type=\"application\/ld+json\" class=\"yoast-schema-graph\">{\"@context\":\"https:\/\/schema.org\",\"@graph\":[{\"@type\":\"Article\",\"@id\":\"https:\/\/www.sonoraenequipo.com.mx\/tenemos-que-sacar-la-experiencia-necesaria-de-las-derrotas-y-seguir-mejorando-gerardo-martino\/#article\",\"isPartOf\":{\"@id\":\"https:\/\/www.sonoraenequipo.com.mx\/tenemos-que-sacar-la-experiencia-necesaria-de-las-derrotas-y-seguir-mejorando-gerardo-martino\/\"},\"author\":{\"name\":\"enequipo\",\"@id\":\"https:\/\/www.sonoraenequipo.com.mx\/#\/schema\/person\/50102df0fb23a8fa9e8effad8fa81386\"},\"headline\":\"\u201cTenemos que sacar la experiencia necesaria de las derrotas y seguir mejorando\u201d: Gerardo Martino\",\"datePublished\":\"2021-08-02T19:49:28+00:00\",\"mainEntityOfPage\":{\"@id\":\"https:\/\/www.sonoraenequipo.com.mx\/tenemos-que-sacar-la-experiencia-necesaria-de-las-derrotas-y-seguir-mejorando-gerardo-martino\/\"},\"wordCount\":376,\"commentCount\":0,\"publisher\":{\"@id\":\"https:\/\/www.sonoraenequipo.com.mx\/#organization\"},\"image\":{\"@id\":\"https:\/\/www.sonoraenequipo.com.mx\/tenemos-que-sacar-la-experiencia-necesaria-de-las-derrotas-y-seguir-mejorando-gerardo-martino\/#primaryimage\"},\"thumbnailUrl\":\"https:\/\/www.sonoraenequipo.com.mx\/storage\/2021\/08\/tata-martino.jpg\",\"keywords\":[\"mexico\",\"tata martino\"],\"articleSection\":[\"Deportes\"],\"inLanguage\":\"es\",\"potentialAction\":[{\"@type\":\"CommentAction\",\"name\":\"Comment\",\"target\":[\"https:\/\/www.sonoraenequipo.com.mx\/tenemos-que-sacar-la-experiencia-necesaria-de-las-derrotas-y-seguir-mejorando-gerardo-martino\/#respond\"]}]},{\"@type\":\"WebPage\",\"@id\":\"https:\/\/www.sonoraenequipo.com.mx\/tenemos-que-sacar-la-experiencia-necesaria-de-las-derrotas-y-seguir-mejorando-gerardo-martino\/\",\"url\":\"https:\/\/www.sonoraenequipo.com.mx\/tenemos-que-sacar-la-experiencia-necesaria-de-las-derrotas-y-seguir-mejorando-gerardo-martino\/\",\"name\":\"Sonora en Equipo. \u201cTenemos que sacar la experiencia necesaria de las derrotas y seguir mejorando\u201d: Gerardo Martino Deportes\",\"isPartOf\":{\"@id\":\"https:\/\/www.sonoraenequipo.com.mx\/#website\"},\"primaryImageOfPage\":{\"@id\":\"https:\/\/www.sonoraenequipo.com.mx\/tenemos-que-sacar-la-experiencia-necesaria-de-las-derrotas-y-seguir-mejorando-gerardo-martino\/#primaryimage\"},\"image\":{\"@id\":\"https:\/\/www.sonoraenequipo.com.mx\/tenemos-que-sacar-la-experiencia-necesaria-de-las-derrotas-y-seguir-mejorando-gerardo-martino\/#primaryimage\"},\"thumbnailUrl\":\"https:\/\/www.sonoraenequipo.com.mx\/storage\/2021\/08\/tata-martino.jpg\",\"datePublished\":\"2021-08-02T19:49:28+00:00\",\"description\":\"&nbsp; LAS VEGAS NEVADA EE.UU.\u2500\u2500 Gerardo Martino, Director T\u00e9cnico de la Selecci\u00f3n Nacional de M\u00e9xico, habl\u00f3 en conferencia de prensa tras la Final de En Sonora en Equipo publicamos toda la informaci\u00f3n de Sonora, M\u00e9xico y el Mundo de manera oportuna y busca que la libertad de expresi\u00f3n sea real. Visita nuestro medio informativo publicado desde Hermosillo, Sonora. %\",\"breadcrumb\":{\"@id\":\"https:\/\/www.sonoraenequipo.com.mx\/tenemos-que-sacar-la-experiencia-necesaria-de-las-derrotas-y-seguir-mejorando-gerardo-martino\/#breadcrumb\"},\"inLanguage\":\"es\",\"potentialAction\":[{\"@type\":\"ReadAction\",\"target\":[\"https:\/\/www.sonoraenequipo.com.mx\/tenemos-que-sacar-la-experiencia-necesaria-de-las-derrotas-y-seguir-mejorando-gerardo-martino\/\"]}]},{\"@type\":\"ImageObject\",\"inLanguage\":\"es\",\"@id\":\"https:\/\/www.sonoraenequipo.com.mx\/tenemos-que-sacar-la-experiencia-necesaria-de-las-derrotas-y-seguir-mejorando-gerardo-martino\/#primaryimage\",\"url\":\"https:\/\/www.sonoraenequipo.com.mx\/storage\/2021\/08\/tata-martino.jpg\",\"contentUrl\":\"https:\/\/www.sonoraenequipo.com.mx\/storage\/2021\/08\/tata-martino.jpg\",\"width\":700,\"height\":400},{\"@type\":\"BreadcrumbList\",\"@id\":\"https:\/\/www.sonoraenequipo.com.mx\/tenemos-que-sacar-la-experiencia-necesaria-de-las-derrotas-y-seguir-mejorando-gerardo-martino\/#breadcrumb\",\"itemListElement\":[{\"@type\":\"ListItem\",\"position\":1,\"name\":\"Portada\",\"item\":\"https:\/\/www.sonoraenequipo.com.mx\/\"},{\"@type\":\"ListItem\",\"position\":2,\"name\":\"\u201cTenemos que sacar la experiencia necesaria de las derrotas y seguir mejorando\u201d: Gerardo Martino\"}]},{\"@type\":\"WebSite\",\"@id\":\"https:\/\/www.sonoraenequipo.com.mx\/#website\",\"url\":\"https:\/\/www.sonoraenequipo.com.mx\/\",\"name\":\"Sonora en Equipo.\",\"description\":\"Diario en l\u00ednea con Noticias desde Hermosillo, Sonora\",\"publisher\":{\"@id\":\"https:\/\/www.sonoraenequipo.com.mx\/#organization\"},\"potentialAction\":[{\"@type\":\"SearchAction\",\"target\":{\"@type\":\"EntryPoint\",\"urlTemplate\":\"https:\/\/www.sonoraenequipo.com.mx\/?s={search_term_string}\"},\"query-input\":{\"@type\":\"PropertyValueSpecification\",\"valueRequired\":true,\"valueName\":\"search_term_string\"}}],\"inLanguage\":\"es\"},{\"@type\":\"Organization\",\"@id\":\"https:\/\/www.sonoraenequipo.com.mx\/#organization\",\"name\":\"Sonoraenequipo.com.mx\",\"url\":\"https:\/\/www.sonoraenequipo.com.mx\/\",\"logo\":{\"@type\":\"ImageObject\",\"inLanguage\":\"es\",\"@id\":\"https:\/\/www.sonoraenequipo.com.mx\/#\/schema\/logo\/image\/\",\"url\":\"https:\/\/www.sonoraenequipo.com.mx\/storage\/2019\/01\/sonoraenequipo_opt.png\",\"contentUrl\":\"https:\/\/www.sonoraenequipo.com.mx\/storage\/2019\/01\/sonoraenequipo_opt.png\",\"width\":375,\"height\":125,\"caption\":\"Sonoraenequipo.com.mx\"},\"image\":{\"@id\":\"https:\/\/www.sonoraenequipo.com.mx\/#\/schema\/logo\/image\/\"},\"sameAs\":[\"https:\/\/www.facebook.com\/SonoraEE\/\",\"https:\/\/x.com\/sonoraenequipo\",\"https:\/\/www.youtube.com\/channel\/UC338nW-lPEYmJQs4ZABQ1SQ\"]},{\"@type\":\"Person\",\"@id\":\"https:\/\/www.sonoraenequipo.com.mx\/#\/schema\/person\/50102df0fb23a8fa9e8effad8fa81386\",\"name\":\"enequipo\",\"image\":{\"@type\":\"ImageObject\",\"inLanguage\":\"es\",\"@id\":\"https:\/\/www.sonoraenequipo.com.mx\/#\/schema\/person\/image\/\",\"url\":\"https:\/\/secure.gravatar.com\/avatar\/049821681b589dabc0bc20695993ccebb09f5b5d4d790cd9251b97faac7c652b?s=96&d=blank&r=g\",\"contentUrl\":\"https:\/\/secure.gravatar.com\/avatar\/049821681b589dabc0bc20695993ccebb09f5b5d4d790cd9251b97faac7c652b?s=96&d=blank&r=g\",\"caption\":\"enequipo\"},\"sameAs\":[\"https:\/\/www.facebook.com\/SonoraEE\"]}]}<\/script>\n ","yoast_head_json":{"title":"Sonora en Equipo. \u201cTenemos que sacar la experiencia necesaria de las derrotas y seguir mejorando\u201d: Gerardo Martino Deportes","description":"&nbsp; LAS VEGAS NEVADA EE.UU.\u2500\u2500 Gerardo Martino, Director T\u00e9cnico de la Selecci\u00f3n Nacional de M\u00e9xico, habl\u00f3 en conferencia de prensa tras la Final de En Sonora en Equipo publicamos toda la informaci\u00f3n de Sonora, M\u00e9xico y el Mundo de manera oportuna y busca que la libertad de expresi\u00f3n sea real. Visita nuestro medio informativo publicado desde Hermosillo, Sonora. %","robots":{"index":"index","follow":"follow","max-snippet":"max-snippet:-1","max-image-preview":"max-image-preview:large","max-video-preview":"max-video-preview:-1"},"canonical":"https:\/\/www.sonoraenequipo.com.mx\/tenemos-que-sacar-la-experiencia-necesaria-de-las-derrotas-y-seguir-mejorando-gerardo-martino\/","og_locale":"es_ES","og_type":"article","og_title":"Sonora en Equipo. \u201cTenemos que sacar la experiencia necesaria de las derrotas y seguir mejorando\u201d: Gerardo Martino Deportes","og_description":"&nbsp; LAS VEGAS NEVADA EE.UU.\u2500\u2500 Gerardo Martino, Director T\u00e9cnico de la Selecci\u00f3n Nacional de M\u00e9xico, habl\u00f3 en conferencia de prensa tras la Final de En Sonora en Equipo publicamos toda la informaci\u00f3n de Sonora, M\u00e9xico y el Mundo de manera oportuna y busca que la libertad de expresi\u00f3n sea real. Visita nuestro medio informativo publicado desde Hermosillo, Sonora. %","og_url":"https:\/\/www.sonoraenequipo.com.mx\/tenemos-que-sacar-la-experiencia-necesaria-de-las-derrotas-y-seguir-mejorando-gerardo-martino\/","og_site_name":"Sonora en Equipo.","article_publisher":"https:\/\/www.facebook.com\/SonoraEE\/","article_author":"https:\/\/www.facebook.com\/SonoraEE","article_published_time":"2021-08-02T19:49:28+00:00","og_image":[{"width":700,"height":400,"url":"https:\/\/www.sonoraenequipo.com.mx\/storage\/2021\/08\/tata-martino.jpg","type":"image\/jpeg"}],"author":"enequipo","twitter_card":"summary_large_image","twitter_creator":"@sonoraenequipo","twitter_site":"@sonoraenequipo","twitter_misc":{"Escrito por":"enequipo","Tiempo de lectura":"2 minutos"},"schema":{"@context":"https:\/\/schema.org","@graph":[{"@type":"Article","@id":"https:\/\/www.sonoraenequipo.com.mx\/tenemos-que-sacar-la-experiencia-necesaria-de-las-derrotas-y-seguir-mejorando-gerardo-martino\/#article","isPartOf":{"@id":"https:\/\/www.sonoraenequipo.com.mx\/tenemos-que-sacar-la-experiencia-necesaria-de-las-derrotas-y-seguir-mejorando-gerardo-martino\/"},"author":{"name":"enequipo","@id":"https:\/\/www.sonoraenequipo.com.mx\/#\/schema\/person\/50102df0fb23a8fa9e8effad8fa81386"},"headline":"\u201cTenemos que sacar la experiencia necesaria de las derrotas y seguir mejorando\u201d: Gerardo Martino","datePublished":"2021-08-02T19:49:28+00:00","mainEntityOfPage":{"@id":"https:\/\/www.sonoraenequipo.com.mx\/tenemos-que-sacar-la-experiencia-necesaria-de-las-derrotas-y-seguir-mejorando-gerardo-martino\/"},"wordCount":376,"commentCount":0,"publisher":{"@id":"https:\/\/www.sonoraenequipo.com.mx\/#organization"},"image":{"@id":"https:\/\/www.sonoraenequipo.com.mx\/tenemos-que-sacar-la-experiencia-necesaria-de-las-derrotas-y-seguir-mejorando-gerardo-martino\/#primaryimage"},"thumbnailUrl":"https:\/\/www.sonoraenequipo.com.mx\/storage\/2021\/08\/tata-martino.jpg","keywords":["mexico","tata martino"],"articleSection":["Deportes"],"inLanguage":"es","potentialAction":[{"@type":"CommentAction","name":"Comment","target":["https:\/\/www.sonoraenequipo.com.mx\/tenemos-que-sacar-la-experiencia-necesaria-de-las-derrotas-y-seguir-mejorando-gerardo-martino\/#respond"]}]},{"@type":"WebPage","@id":"https:\/\/www.sonoraenequipo.com.mx\/tenemos-que-sacar-la-experiencia-necesaria-de-las-derrotas-y-seguir-mejorando-gerardo-martino\/","url":"https:\/\/www.sonoraenequipo.com.mx\/tenemos-que-sacar-la-experiencia-necesaria-de-las-derrotas-y-seguir-mejorando-gerardo-martino\/","name":"Sonora en Equipo. \u201cTenemos que sacar la experiencia necesaria de las derrotas y seguir mejorando\u201d: Gerardo Martino Deportes","isPartOf":{"@id":"https:\/\/www.sonoraenequipo.com.mx\/#website"},"primaryImageOfPage":{"@id":"https:\/\/www.sonoraenequipo.com.mx\/tenemos-que-sacar-la-experiencia-necesaria-de-las-derrotas-y-seguir-mejorando-gerardo-martino\/#primaryimage"},"image":{"@id":"https:\/\/www.sonoraenequipo.com.mx\/tenemos-que-sacar-la-experiencia-necesaria-de-las-derrotas-y-seguir-mejorando-gerardo-martino\/#primaryimage"},"thumbnailUrl":"https:\/\/www.sonoraenequipo.com.mx\/storage\/2021\/08\/tata-martino.jpg","datePublished":"2021-08-02T19:49:28+00:00","description":"&nbsp; LAS VEGAS NEVADA EE.UU.\u2500\u2500 Gerardo Martino, Director T\u00e9cnico de la Selecci\u00f3n Nacional de M\u00e9xico, habl\u00f3 en conferencia de prensa tras la Final de En Sonora en Equipo publicamos toda la informaci\u00f3n de Sonora, M\u00e9xico y el Mundo de manera oportuna y busca que la libertad de expresi\u00f3n sea real. Visita nuestro medio informativo publicado desde Hermosillo, Sonora. %","breadcrumb":{"@id":"https:\/\/www.sonoraenequipo.com.mx\/tenemos-que-sacar-la-experiencia-necesaria-de-las-derrotas-y-seguir-mejorando-gerardo-martino\/#breadcrumb"},"inLanguage":"es","potentialAction":[{"@type":"ReadAction","target":["https:\/\/www.sonoraenequipo.com.mx\/tenemos-que-sacar-la-experiencia-necesaria-de-las-derrotas-y-seguir-mejorando-gerardo-martino\/"]}]},{"@type":"ImageObject","inLanguage":"es","@id":"https:\/\/www.sonoraenequipo.com.mx\/tenemos-que-sacar-la-experiencia-necesaria-de-las-derrotas-y-seguir-mejorando-gerardo-martino\/#primaryimage","url":"https:\/\/www.sonoraenequipo.com.mx\/storage\/2021\/08\/tata-martino.jpg","contentUrl":"https:\/\/www.sonoraenequipo.com.mx\/storage\/2021\/08\/tata-martino.jpg","width":700,"height":400},{"@type":"BreadcrumbList","@id":"https:\/\/www.sonoraenequipo.com.mx\/tenemos-que-sacar-la-experiencia-necesaria-de-las-derrotas-y-seguir-mejorando-gerardo-martino\/#breadcrumb","itemListElement":[{"@type":"ListItem","position":1,"name":"Portada","item":"https:\/\/www.sonoraenequipo.com.mx\/"},{"@type":"ListItem","position":2,"name":"\u201cTenemos que sacar la experiencia necesaria de las derrotas y seguir mejorando\u201d: Gerardo Martino"}]},{"@type":"WebSite","@id":"https:\/\/www.sonoraenequipo.com.mx\/#website","url":"https:\/\/www.sonoraenequipo.com.mx\/","name":"Sonora en Equipo.","description":"Diario en l\u00ednea con Noticias desde Hermosillo, Sonora","publisher":{"@id":"https:\/\/www.sonoraenequipo.com.mx\/#organization"},"potentialAction":[{"@type":"SearchAction","target":{"@type":"EntryPoint","urlTemplate":"https:\/\/www.sonoraenequipo.com.mx\/?s={search_term_string}"},"query-input":{"@type":"PropertyValueSpecification","valueRequired":true,"valueName":"search_term_string"}}],"inLanguage":"es"},{"@type":"Organization","@id":"https:\/\/www.sonoraenequipo.com.mx\/#organization","name":"Sonoraenequipo.com.mx","url":"https:\/\/www.sonoraenequipo.com.mx\/","logo":{"@type":"ImageObject","inLanguage":"es","@id":"https:\/\/www.sonoraenequipo.com.mx\/#\/schema\/logo\/image\/","url":"https:\/\/www.sonoraenequipo.com.mx\/storage\/2019\/01\/sonoraenequipo_opt.png","contentUrl":"https:\/\/www.sonoraenequipo.com.mx\/storage\/2019\/01\/sonoraenequipo_opt.png","width":375,"height":125,"caption":"Sonoraenequipo.com.mx"},"image":{"@id":"https:\/\/www.sonoraenequipo.com.mx\/#\/schema\/logo\/image\/"},"sameAs":["https:\/\/www.facebook.com\/SonoraEE\/","https:\/\/x.com\/sonoraenequipo","https:\/\/www.youtube.com\/channel\/UC338nW-lPEYmJQs4ZABQ1SQ"]},{"@type":"Person","@id":"https:\/\/www.sonoraenequipo.com.mx\/#\/schema\/person\/50102df0fb23a8fa9e8effad8fa81386","name":"enequipo","image":{"@type":"ImageObject","inLanguage":"es","@id":"https:\/\/www.sonoraenequipo.com.mx\/#\/schema\/person\/image\/","url":"https:\/\/secure.gravatar.com\/avatar\/049821681b589dabc0bc20695993ccebb09f5b5d4d790cd9251b97faac7c652b?s=96&d=blank&r=g","contentUrl":"https:\/\/secure.gravatar.com\/avatar\/049821681b589dabc0bc20695993ccebb09f5b5d4d790cd9251b97faac7c652b?s=96&d=blank&r=g","caption":"enequipo"},"sameAs":["https:\/\/www.facebook.com\/SonoraEE"]}]}},"jetpack_featured_media_url":"https:\/\/www.sonoraenequipo.com.mx\/storage\/2021\/08\/tata-martino.jpg","_links":{"self":[{"href":"https:\/\/www.sonoraenequipo.com.mx\/api\/wp\/v2\/posts\/119586","targetHints":{"allow":["GET"]}}],"collection":[{"href":"https:\/\/www.sonoraenequipo.com.mx\/api\/wp\/v2\/posts"}],"about":[{"href":"https:\/\/www.sonoraenequipo.com.mx\/api\/wp\/v2\/types\/post"}],"author":[{"embeddable":true,"href":"https:\/\/www.sonoraenequipo.com.mx\/api\/wp\/v2\/users\/1"}],"replies":[{"embeddable":true,"href":"https:\/\/www.sonoraenequipo.com.mx\/api\/wp\/v2\/comments?post=119586"}],"version-history":[{"count":1,"href":"https:\/\/www.sonoraenequipo.com.mx\/api\/wp\/v2\/posts\/119586\/revisions"}],"predecessor-version":[{"id":119588,"href":"https:\/\/www.sonoraenequipo.com.mx\/api\/wp\/v2\/posts\/119586\/revisions\/119588"}],"wp:featuredmedia":[{"embeddable":true,"href":"https:\/\/www.sonoraenequipo.com.mx\/api\/wp\/v2\/media\/119587"}],"wp:attachment":[{"href":"https:\/\/www.sonoraenequipo.com.mx\/api\/wp\/v2\/media?parent=119586"}],"wp:term":[{"taxonomy":"category","embeddable":true,"href":"https:\/\/www.sonoraenequipo.com.mx\/api\/wp\/v2\/categories?post=119586"},{"taxonomy":"post_tag","embeddable":true,"href":"https:\/\/www.sonoraenequipo.com.mx\/api\/wp\/v2\/tags?post=119586"}],"curies":[{"name":"wp","href":"https:\/\/api.w.org\/{rel}","templated":true}]}}