{"id":119617,"date":"2021-08-02T10:20:41","date_gmt":"2021-08-02T17:20:41","guid":{"rendered":"https:\/\/www.sonoraenequipo.com.mx\/?p=119617"},"modified":"2021-08-02T16:13:20","modified_gmt":"2021-08-02T23:13:20","slug":"empacadores-de-walmart-regresaran-bajo-nuevos-criterios","status":"publish","type":"post","link":"https:\/\/www.sonoraenequipo.com.mx\/empacadores-de-walmart-regresaran-bajo-nuevos-criterios\/","title":{"rendered":"Empacadores de Walmart regresar\u00e1n bajo nuevos criterios"},"content":{"rendered":"<p>CIUDAD DE M\u00c9XICO. MX. \u2014 La reincorporaci\u00f3n de adultos mayores como empacadores voluntarios en las cajas de la cadena Walmart ya es un hecho, aunque estar\u00e1 condicionado a una serie de disposiciones acordadas entre los supermercados y el Instituto Nacional de las Personas Adultas Mayores (Inapam).<\/p>\n<p>&nbsp;<\/p>\n<p> <\/p>\n<p>Walmart de M\u00e9xico y Centroam\u00e9rica y el Inapam firmaron un nuevo convenio de colaboraci\u00f3n firmado el pasado 15 de julio, que enfatiza la importancia de cuidar la salud de sus clientes y de los empacadores contra el Covid-19 para ofrecer su apoyo en tiendas Walmart Supercenter, Walmart Express, Bodega Aurrera, Mi Bodega Aurrera y Superama.<\/p>\n<p>&nbsp;<\/p>\n<p>Para hacerlo, los voluntarios deber\u00e1n contar con el esquema completo de vacunaci\u00f3n y residir en los estados del pa\u00eds que se encuentren en sem\u00e1foro epidemiol\u00f3gico verde, \u201cpausando actividades si cambia a color amarillo, naranja o rojo\u201d.<\/p>\n<p>&nbsp;<\/p>\n<p>El convenio tambi\u00e9n detalla que solo habr\u00e1 un adulto mayor por caja de cobro, adem\u00e1s de que los clientes podr\u00e1n decidir si empacan ellos mismos sus compras, o solicitan el apoyo de un empacador voluntario.<\/p>\n<p><em>\u201cDe acuerdo con las medidas y protocolos de seguridad implementados para cuidar la salud y proteger a las y los adultos mayores, Walmart de M\u00e9xico y Centroam\u00e9rica determinar\u00e1 el n\u00famero de empacadoras y empacadores voluntarios, as\u00ed como los horarios habilitados para su colaboraci\u00f3n en cada tienda<\/em>\u201d, resaltaron.<\/p>\n<p>&nbsp;<\/p>\n<p>Asimismo, se acord\u00f3 que el convenio tiene un objeto meramente social, no lucrativo por lo que aquellos adultos mayores afiliadas al Inapam y vinculadas al Programa del Sistema Voluntario de Empacadores de Mercanc\u00eda, no tendr\u00e1n relaci\u00f3n laboral de ning\u00fan tipo con Walmart de M\u00e9xico y Centroam\u00e9rica, ni con el Inapam.<\/p>\n<p>&nbsp;<\/p>\n<p>&nbsp;<\/p>\n<p>(Publicada el 02\/08\/2021)<\/p>\n","protected":false},"excerpt":{"rendered":"<p>CIUDAD DE M\u00c9XICO. MX. \u2014 La reincorporaci\u00f3n de adultos mayores como empacadores voluntarios en las&#8230;<\/p>\n","protected":false},"author":1,"featured_media":119603,"comment_status":"open","ping_status":"open","sticky":false,"template":"","format":"standard","meta":{"_monsterinsights_skip_tracking":false,"_monsterinsights_sitenote_active":false,"_monsterinsights_sitenote_note":"","_monsterinsights_sitenote_category":0,"footnotes":""},"categories":[5],"tags":[],"class_list":["post"],"yoast_head":" \n<title>Sonora en Equipo. Empacadores de Walmart regresar\u00e1n bajo nuevos criterios Rep\u00fablica<\/title>\n<meta name=\"description\" content=\"CIUDAD DE M\u00c9XICO. MX. \u2014 La reincorporaci\u00f3n de adultos mayores como empacadores voluntarios en las cajas de la cadena Walmart ya es un hecho, aunque estar\u00e1 En Sonora en Equipo publicamos toda la informaci\u00f3n de Sonora, M\u00e9xico y el Mundo de manera oportuna y busca que la libertad de expresi\u00f3n sea real. Visita nuestro medio informativo publicado desde Hermosillo, Sonora. %\" \/>\n<meta name=\"robots\" content=\"index, follow, max-snippet:-1, max-image-preview:large, max-video-preview:-1\" \/>\n<link rel=\"canonical\" href=\"https:\/\/www.sonoraenequipo.com.mx\/empacadores-de-walmart-regresaran-bajo-nuevos-criterios\/\" \/>\n<meta property=\"og:locale\" content=\"es_ES\" \/>\n<meta property=\"og:type\" content=\"article\" \/>\n<meta property=\"og:title\" content=\"Sonora en Equipo. Empacadores de Walmart regresar\u00e1n bajo nuevos criterios Rep\u00fablica\" \/>\n<meta property=\"og:description\" content=\"CIUDAD DE M\u00c9XICO. MX. \u2014 La reincorporaci\u00f3n de adultos mayores como empacadores voluntarios en las cajas de la cadena Walmart ya es un hecho, aunque estar\u00e1 En Sonora en Equipo publicamos toda la informaci\u00f3n de Sonora, M\u00e9xico y el Mundo de manera oportuna y busca que la libertad de expresi\u00f3n sea real. Visita nuestro medio informativo publicado desde Hermosillo, Sonora. %\" \/>\n<meta property=\"og:url\" content=\"https:\/\/www.sonoraenequipo.com.mx\/empacadores-de-walmart-regresaran-bajo-nuevos-criterios\/\" \/>\n<meta property=\"og:site_name\" content=\"Sonora en Equipo.\" \/>\n<meta property=\"article:publisher\" content=\"https:\/\/www.facebook.com\/SonoraEE\/\" \/>\n<meta property=\"article:author\" content=\"https:\/\/www.facebook.com\/SonoraEE\" \/>\n<meta property=\"article:published_time\" content=\"2021-08-02T17:20:41+00:00\" \/>\n<meta property=\"article:modified_time\" content=\"2021-08-02T23:13:20+00:00\" \/>\n<meta property=\"og:image\" content=\"https:\/\/www.sonoraenequipo.com.mx\/storage\/2021\/08\/ScottOlson_opt.jpg\" \/>\n\t<meta property=\"og:image:width\" content=\"700\" \/>\n\t<meta property=\"og:image:height\" content=\"400\" \/>\n\t<meta property=\"og:image:type\" content=\"image\/jpeg\" \/>\n<meta name=\"author\" content=\"enequipo\" \/>\n<meta name=\"twitter:card\" content=\"summary_large_image\" \/>\n<meta name=\"twitter:creator\" content=\"@sonoraenequipo\" \/>\n<meta name=\"twitter:site\" content=\"@sonoraenequipo\" \/>\n<meta name=\"twitter:label1\" content=\"Escrito por\" \/>\n\t<meta name=\"twitter:data1\" content=\"enequipo\" \/>\n\t<meta name=\"twitter:label2\" content=\"Tiempo de lectura\" \/>\n\t<meta name=\"twitter:data2\" content=\"2 minutos\" \/>\n<script type=\"application\/ld+json\" class=\"yoast-schema-graph\">{\"@context\":\"https:\/\/schema.org\",\"@graph\":[{\"@type\":\"Article\",\"@id\":\"https:\/\/www.sonoraenequipo.com.mx\/empacadores-de-walmart-regresaran-bajo-nuevos-criterios\/#article\",\"isPartOf\":{\"@id\":\"https:\/\/www.sonoraenequipo.com.mx\/empacadores-de-walmart-regresaran-bajo-nuevos-criterios\/\"},\"author\":{\"name\":\"enequipo\",\"@id\":\"https:\/\/www.sonoraenequipo.com.mx\/#\/schema\/person\/50102df0fb23a8fa9e8effad8fa81386\"},\"headline\":\"Empacadores de Walmart regresar\u00e1n bajo nuevos criterios\",\"datePublished\":\"2021-08-02T17:20:41+00:00\",\"dateModified\":\"2021-08-02T23:13:20+00:00\",\"mainEntityOfPage\":{\"@id\":\"https:\/\/www.sonoraenequipo.com.mx\/empacadores-de-walmart-regresaran-bajo-nuevos-criterios\/\"},\"wordCount\":306,\"commentCount\":0,\"publisher\":{\"@id\":\"https:\/\/www.sonoraenequipo.com.mx\/#organization\"},\"image\":{\"@id\":\"https:\/\/www.sonoraenequipo.com.mx\/empacadores-de-walmart-regresaran-bajo-nuevos-criterios\/#primaryimage\"},\"thumbnailUrl\":\"https:\/\/www.sonoraenequipo.com.mx\/storage\/2021\/08\/ScottOlson_opt.jpg\",\"articleSection\":[\"Rep\u00fablica\"],\"inLanguage\":\"es\",\"potentialAction\":[{\"@type\":\"CommentAction\",\"name\":\"Comment\",\"target\":[\"https:\/\/www.sonoraenequipo.com.mx\/empacadores-de-walmart-regresaran-bajo-nuevos-criterios\/#respond\"]}]},{\"@type\":\"WebPage\",\"@id\":\"https:\/\/www.sonoraenequipo.com.mx\/empacadores-de-walmart-regresaran-bajo-nuevos-criterios\/\",\"url\":\"https:\/\/www.sonoraenequipo.com.mx\/empacadores-de-walmart-regresaran-bajo-nuevos-criterios\/\",\"name\":\"Sonora en Equipo. Empacadores de Walmart regresar\u00e1n bajo nuevos criterios Rep\u00fablica\",\"isPartOf\":{\"@id\":\"https:\/\/www.sonoraenequipo.com.mx\/#website\"},\"primaryImageOfPage\":{\"@id\":\"https:\/\/www.sonoraenequipo.com.mx\/empacadores-de-walmart-regresaran-bajo-nuevos-criterios\/#primaryimage\"},\"image\":{\"@id\":\"https:\/\/www.sonoraenequipo.com.mx\/empacadores-de-walmart-regresaran-bajo-nuevos-criterios\/#primaryimage\"},\"thumbnailUrl\":\"https:\/\/www.sonoraenequipo.com.mx\/storage\/2021\/08\/ScottOlson_opt.jpg\",\"datePublished\":\"2021-08-02T17:20:41+00:00\",\"dateModified\":\"2021-08-02T23:13:20+00:00\",\"description\":\"CIUDAD DE M\u00c9XICO. MX. \u2014 La reincorporaci\u00f3n de adultos mayores como empacadores voluntarios en las cajas de la cadena Walmart ya es un hecho, aunque estar\u00e1 En Sonora en Equipo publicamos toda la informaci\u00f3n de Sonora, M\u00e9xico y el Mundo de manera oportuna y busca que la libertad de expresi\u00f3n sea real. Visita nuestro medio informativo publicado desde Hermosillo, Sonora. %\",\"breadcrumb\":{\"@id\":\"https:\/\/www.sonoraenequipo.com.mx\/empacadores-de-walmart-regresaran-bajo-nuevos-criterios\/#breadcrumb\"},\"inLanguage\":\"es\",\"potentialAction\":[{\"@type\":\"ReadAction\",\"target\":[\"https:\/\/www.sonoraenequipo.com.mx\/empacadores-de-walmart-regresaran-bajo-nuevos-criterios\/\"]}]},{\"@type\":\"ImageObject\",\"inLanguage\":\"es\",\"@id\":\"https:\/\/www.sonoraenequipo.com.mx\/empacadores-de-walmart-regresaran-bajo-nuevos-criterios\/#primaryimage\",\"url\":\"https:\/\/www.sonoraenequipo.com.mx\/storage\/2021\/08\/ScottOlson_opt.jpg\",\"contentUrl\":\"https:\/\/www.sonoraenequipo.com.mx\/storage\/2021\/08\/ScottOlson_opt.jpg\",\"width\":700,\"height\":400},{\"@type\":\"BreadcrumbList\",\"@id\":\"https:\/\/www.sonoraenequipo.com.mx\/empacadores-de-walmart-regresaran-bajo-nuevos-criterios\/#breadcrumb\",\"itemListElement\":[{\"@type\":\"ListItem\",\"position\":1,\"name\":\"Portada\",\"item\":\"https:\/\/www.sonoraenequipo.com.mx\/\"},{\"@type\":\"ListItem\",\"position\":2,\"name\":\"Empacadores de Walmart regresar\u00e1n bajo nuevos criterios\"}]},{\"@type\":\"WebSite\",\"@id\":\"https:\/\/www.sonoraenequipo.com.mx\/#website\",\"url\":\"https:\/\/www.sonoraenequipo.com.mx\/\",\"name\":\"Sonora en Equipo.\",\"description\":\"Diario en l\u00ednea con Noticias desde Hermosillo, Sonora\",\"publisher\":{\"@id\":\"https:\/\/www.sonoraenequipo.com.mx\/#organization\"},\"potentialAction\":[{\"@type\":\"SearchAction\",\"target\":{\"@type\":\"EntryPoint\",\"urlTemplate\":\"https:\/\/www.sonoraenequipo.com.mx\/?s={search_term_string}\"},\"query-input\":{\"@type\":\"PropertyValueSpecification\",\"valueRequired\":true,\"valueName\":\"search_term_string\"}}],\"inLanguage\":\"es\"},{\"@type\":\"Organization\",\"@id\":\"https:\/\/www.sonoraenequipo.com.mx\/#organization\",\"name\":\"Sonoraenequipo.com.mx\",\"url\":\"https:\/\/www.sonoraenequipo.com.mx\/\",\"logo\":{\"@type\":\"ImageObject\",\"inLanguage\":\"es\",\"@id\":\"https:\/\/www.sonoraenequipo.com.mx\/#\/schema\/logo\/image\/\",\"url\":\"https:\/\/www.sonoraenequipo.com.mx\/storage\/2019\/01\/sonoraenequipo_opt.png\",\"contentUrl\":\"https:\/\/www.sonoraenequipo.com.mx\/storage\/2019\/01\/sonoraenequipo_opt.png\",\"width\":375,\"height\":125,\"caption\":\"Sonoraenequipo.com.mx\"},\"image\":{\"@id\":\"https:\/\/www.sonoraenequipo.com.mx\/#\/schema\/logo\/image\/\"},\"sameAs\":[\"https:\/\/www.facebook.com\/SonoraEE\/\",\"https:\/\/x.com\/sonoraenequipo\",\"https:\/\/www.youtube.com\/channel\/UC338nW-lPEYmJQs4ZABQ1SQ\"]},{\"@type\":\"Person\",\"@id\":\"https:\/\/www.sonoraenequipo.com.mx\/#\/schema\/person\/50102df0fb23a8fa9e8effad8fa81386\",\"name\":\"enequipo\",\"image\":{\"@type\":\"ImageObject\",\"inLanguage\":\"es\",\"@id\":\"https:\/\/www.sonoraenequipo.com.mx\/#\/schema\/person\/image\/\",\"url\":\"https:\/\/secure.gravatar.com\/avatar\/049821681b589dabc0bc20695993ccebb09f5b5d4d790cd9251b97faac7c652b?s=96&d=blank&r=g\",\"contentUrl\":\"https:\/\/secure.gravatar.com\/avatar\/049821681b589dabc0bc20695993ccebb09f5b5d4d790cd9251b97faac7c652b?s=96&d=blank&r=g\",\"caption\":\"enequipo\"},\"sameAs\":[\"https:\/\/www.facebook.com\/SonoraEE\"]}]}<\/script>\n ","yoast_head_json":{"title":"Sonora en Equipo. Empacadores de Walmart regresar\u00e1n bajo nuevos criterios Rep\u00fablica","description":"CIUDAD DE M\u00c9XICO. MX. \u2014 La reincorporaci\u00f3n de adultos mayores como empacadores voluntarios en las cajas de la cadena Walmart ya es un hecho, aunque estar\u00e1 En Sonora en Equipo publicamos toda la informaci\u00f3n de Sonora, M\u00e9xico y el Mundo de manera oportuna y busca que la libertad de expresi\u00f3n sea real. Visita nuestro medio informativo publicado desde Hermosillo, Sonora. %","robots":{"index":"index","follow":"follow","max-snippet":"max-snippet:-1","max-image-preview":"max-image-preview:large","max-video-preview":"max-video-preview:-1"},"canonical":"https:\/\/www.sonoraenequipo.com.mx\/empacadores-de-walmart-regresaran-bajo-nuevos-criterios\/","og_locale":"es_ES","og_type":"article","og_title":"Sonora en Equipo. Empacadores de Walmart regresar\u00e1n bajo nuevos criterios Rep\u00fablica","og_description":"CIUDAD DE M\u00c9XICO. MX. \u2014 La reincorporaci\u00f3n de adultos mayores como empacadores voluntarios en las cajas de la cadena Walmart ya es un hecho, aunque estar\u00e1 En Sonora en Equipo publicamos toda la informaci\u00f3n de Sonora, M\u00e9xico y el Mundo de manera oportuna y busca que la libertad de expresi\u00f3n sea real. Visita nuestro medio informativo publicado desde Hermosillo, Sonora. %","og_url":"https:\/\/www.sonoraenequipo.com.mx\/empacadores-de-walmart-regresaran-bajo-nuevos-criterios\/","og_site_name":"Sonora en Equipo.","article_publisher":"https:\/\/www.facebook.com\/SonoraEE\/","article_author":"https:\/\/www.facebook.com\/SonoraEE","article_published_time":"2021-08-02T17:20:41+00:00","article_modified_time":"2021-08-02T23:13:20+00:00","og_image":[{"width":700,"height":400,"url":"https:\/\/www.sonoraenequipo.com.mx\/storage\/2021\/08\/ScottOlson_opt.jpg","type":"image\/jpeg"}],"author":"enequipo","twitter_card":"summary_large_image","twitter_creator":"@sonoraenequipo","twitter_site":"@sonoraenequipo","twitter_misc":{"Escrito por":"enequipo","Tiempo de lectura":"2 minutos"},"schema":{"@context":"https:\/\/schema.org","@graph":[{"@type":"Article","@id":"https:\/\/www.sonoraenequipo.com.mx\/empacadores-de-walmart-regresaran-bajo-nuevos-criterios\/#article","isPartOf":{"@id":"https:\/\/www.sonoraenequipo.com.mx\/empacadores-de-walmart-regresaran-bajo-nuevos-criterios\/"},"author":{"name":"enequipo","@id":"https:\/\/www.sonoraenequipo.com.mx\/#\/schema\/person\/50102df0fb23a8fa9e8effad8fa81386"},"headline":"Empacadores de Walmart regresar\u00e1n bajo nuevos criterios","datePublished":"2021-08-02T17:20:41+00:00","dateModified":"2021-08-02T23:13:20+00:00","mainEntityOfPage":{"@id":"https:\/\/www.sonoraenequipo.com.mx\/empacadores-de-walmart-regresaran-bajo-nuevos-criterios\/"},"wordCount":306,"commentCount":0,"publisher":{"@id":"https:\/\/www.sonoraenequipo.com.mx\/#organization"},"image":{"@id":"https:\/\/www.sonoraenequipo.com.mx\/empacadores-de-walmart-regresaran-bajo-nuevos-criterios\/#primaryimage"},"thumbnailUrl":"https:\/\/www.sonoraenequipo.com.mx\/storage\/2021\/08\/ScottOlson_opt.jpg","articleSection":["Rep\u00fablica"],"inLanguage":"es","potentialAction":[{"@type":"CommentAction","name":"Comment","target":["https:\/\/www.sonoraenequipo.com.mx\/empacadores-de-walmart-regresaran-bajo-nuevos-criterios\/#respond"]}]},{"@type":"WebPage","@id":"https:\/\/www.sonoraenequipo.com.mx\/empacadores-de-walmart-regresaran-bajo-nuevos-criterios\/","url":"https:\/\/www.sonoraenequipo.com.mx\/empacadores-de-walmart-regresaran-bajo-nuevos-criterios\/","name":"Sonora en Equipo. Empacadores de Walmart regresar\u00e1n bajo nuevos criterios Rep\u00fablica","isPartOf":{"@id":"https:\/\/www.sonoraenequipo.com.mx\/#website"},"primaryImageOfPage":{"@id":"https:\/\/www.sonoraenequipo.com.mx\/empacadores-de-walmart-regresaran-bajo-nuevos-criterios\/#primaryimage"},"image":{"@id":"https:\/\/www.sonoraenequipo.com.mx\/empacadores-de-walmart-regresaran-bajo-nuevos-criterios\/#primaryimage"},"thumbnailUrl":"https:\/\/www.sonoraenequipo.com.mx\/storage\/2021\/08\/ScottOlson_opt.jpg","datePublished":"2021-08-02T17:20:41+00:00","dateModified":"2021-08-02T23:13:20+00:00","description":"CIUDAD DE M\u00c9XICO. MX. \u2014 La reincorporaci\u00f3n de adultos mayores como empacadores voluntarios en las cajas de la cadena Walmart ya es un hecho, aunque estar\u00e1 En Sonora en Equipo publicamos toda la informaci\u00f3n de Sonora, M\u00e9xico y el Mundo de manera oportuna y busca que la libertad de expresi\u00f3n sea real. Visita nuestro medio informativo publicado desde Hermosillo, Sonora. %","breadcrumb":{"@id":"https:\/\/www.sonoraenequipo.com.mx\/empacadores-de-walmart-regresaran-bajo-nuevos-criterios\/#breadcrumb"},"inLanguage":"es","potentialAction":[{"@type":"ReadAction","target":["https:\/\/www.sonoraenequipo.com.mx\/empacadores-de-walmart-regresaran-bajo-nuevos-criterios\/"]}]},{"@type":"ImageObject","inLanguage":"es","@id":"https:\/\/www.sonoraenequipo.com.mx\/empacadores-de-walmart-regresaran-bajo-nuevos-criterios\/#primaryimage","url":"https:\/\/www.sonoraenequipo.com.mx\/storage\/2021\/08\/ScottOlson_opt.jpg","contentUrl":"https:\/\/www.sonoraenequipo.com.mx\/storage\/2021\/08\/ScottOlson_opt.jpg","width":700,"height":400},{"@type":"BreadcrumbList","@id":"https:\/\/www.sonoraenequipo.com.mx\/empacadores-de-walmart-regresaran-bajo-nuevos-criterios\/#breadcrumb","itemListElement":[{"@type":"ListItem","position":1,"name":"Portada","item":"https:\/\/www.sonoraenequipo.com.mx\/"},{"@type":"ListItem","position":2,"name":"Empacadores de Walmart regresar\u00e1n bajo nuevos criterios"}]},{"@type":"WebSite","@id":"https:\/\/www.sonoraenequipo.com.mx\/#website","url":"https:\/\/www.sonoraenequipo.com.mx\/","name":"Sonora en Equipo.","description":"Diario en l\u00ednea con Noticias desde Hermosillo, Sonora","publisher":{"@id":"https:\/\/www.sonoraenequipo.com.mx\/#organization"},"potentialAction":[{"@type":"SearchAction","target":{"@type":"EntryPoint","urlTemplate":"https:\/\/www.sonoraenequipo.com.mx\/?s={search_term_string}"},"query-input":{"@type":"PropertyValueSpecification","valueRequired":true,"valueName":"search_term_string"}}],"inLanguage":"es"},{"@type":"Organization","@id":"https:\/\/www.sonoraenequipo.com.mx\/#organization","name":"Sonoraenequipo.com.mx","url":"https:\/\/www.sonoraenequipo.com.mx\/","logo":{"@type":"ImageObject","inLanguage":"es","@id":"https:\/\/www.sonoraenequipo.com.mx\/#\/schema\/logo\/image\/","url":"https:\/\/www.sonoraenequipo.com.mx\/storage\/2019\/01\/sonoraenequipo_opt.png","contentUrl":"https:\/\/www.sonoraenequipo.com.mx\/storage\/2019\/01\/sonoraenequipo_opt.png","width":375,"height":125,"caption":"Sonoraenequipo.com.mx"},"image":{"@id":"https:\/\/www.sonoraenequipo.com.mx\/#\/schema\/logo\/image\/"},"sameAs":["https:\/\/www.facebook.com\/SonoraEE\/","https:\/\/x.com\/sonoraenequipo","https:\/\/www.youtube.com\/channel\/UC338nW-lPEYmJQs4ZABQ1SQ"]},{"@type":"Person","@id":"https:\/\/www.sonoraenequipo.com.mx\/#\/schema\/person\/50102df0fb23a8fa9e8effad8fa81386","name":"enequipo","image":{"@type":"ImageObject","inLanguage":"es","@id":"https:\/\/www.sonoraenequipo.com.mx\/#\/schema\/person\/image\/","url":"https:\/\/secure.gravatar.com\/avatar\/049821681b589dabc0bc20695993ccebb09f5b5d4d790cd9251b97faac7c652b?s=96&d=blank&r=g","contentUrl":"https:\/\/secure.gravatar.com\/avatar\/049821681b589dabc0bc20695993ccebb09f5b5d4d790cd9251b97faac7c652b?s=96&d=blank&r=g","caption":"enequipo"},"sameAs":["https:\/\/www.facebook.com\/SonoraEE"]}]}},"jetpack_featured_media_url":"https:\/\/www.sonoraenequipo.com.mx\/storage\/2021\/08\/ScottOlson_opt.jpg","_links":{"self":[{"href":"https:\/\/www.sonoraenequipo.com.mx\/api\/wp\/v2\/posts\/119617","targetHints":{"allow":["GET"]}}],"collection":[{"href":"https:\/\/www.sonoraenequipo.com.mx\/api\/wp\/v2\/posts"}],"about":[{"href":"https:\/\/www.sonoraenequipo.com.mx\/api\/wp\/v2\/types\/post"}],"author":[{"embeddable":true,"href":"https:\/\/www.sonoraenequipo.com.mx\/api\/wp\/v2\/users\/1"}],"replies":[{"embeddable":true,"href":"https:\/\/www.sonoraenequipo.com.mx\/api\/wp\/v2\/comments?post=119617"}],"version-history":[{"count":1,"href":"https:\/\/www.sonoraenequipo.com.mx\/api\/wp\/v2\/posts\/119617\/revisions"}],"predecessor-version":[{"id":119618,"href":"https:\/\/www.sonoraenequipo.com.mx\/api\/wp\/v2\/posts\/119617\/revisions\/119618"}],"wp:featuredmedia":[{"embeddable":true,"href":"https:\/\/www.sonoraenequipo.com.mx\/api\/wp\/v2\/media\/119603"}],"wp:attachment":[{"href":"https:\/\/www.sonoraenequipo.com.mx\/api\/wp\/v2\/media?parent=119617"}],"wp:term":[{"taxonomy":"category","embeddable":true,"href":"https:\/\/www.sonoraenequipo.com.mx\/api\/wp\/v2\/categories?post=119617"},{"taxonomy":"post_tag","embeddable":true,"href":"https:\/\/www.sonoraenequipo.com.mx\/api\/wp\/v2\/tags?post=119617"}],"curies":[{"name":"wp","href":"https:\/\/api.w.org\/{rel}","templated":true}]}}