{"id":119625,"date":"2021-08-02T19:37:50","date_gmt":"2021-08-03T02:37:50","guid":{"rendered":"https:\/\/www.sonoraenequipo.com.mx\/?p=119625"},"modified":"2021-08-02T16:55:29","modified_gmt":"2021-08-02T23:55:29","slug":"profeco-revocara-permisos-a-expendedores-de-gas-lp-que-no-respeten-los-precios","status":"publish","type":"post","link":"https:\/\/www.sonoraenequipo.com.mx\/profeco-revocara-permisos-a-expendedores-de-gas-lp-que-no-respeten-los-precios\/","title":{"rendered":"Profeco revocar\u00e1 permisos a expendedores de gas LP que no respeten los precios"},"content":{"rendered":"<p>GUADALAJARA, JALISCO. MX.\u2014\u00a0 Ricardo Sheffield Padilla, titular de la Procuradur\u00eda Federal del Consumidor (Profeco), advirti\u00f3 este lunes que los expendedores de gas LP, ya sea estacionario o de cilindros, <em>\u00abque se pasen de rosca\u00bb<\/em> y no respeten los precios m\u00e1ximos se les retirar\u00e1 el permiso.<\/p>\n<p>&nbsp;<\/p>\n<p> <\/p>\n<p>En conferencia de prensa que encabeza el presidente Andr\u00e9s Manuel L\u00f3pez Obrador en las instalaciones de la Octava Zona Naval (ZN-8), el titular de Profeco se\u00f1al\u00f3 que estos precios m\u00e1ximos no impiden la competencia, sino que se busca <em>\u00abuna competencia justa\u00bb.<\/em><\/p>\n<p>&nbsp;<\/p>\n<p><em>\u00abSe public\u00f3 el 28 de julio la regulaci\u00f3n de precios m\u00e1ximos del gas LP, esto no impide la competencia, m\u00e1s bien logra una competencia justa. La Secretar\u00eda de Econom\u00eda (SE) determin\u00f3 145 regiones en todo el pa\u00eds, luego la Secretar\u00eda de Energ\u00eda (Sener) hizo los c\u00e1lculos que toman en cuenta no solo una utilidad justa, sino los gastos, el traslado y el precio que tiene cada una de las plantas de las distribuidoras que hay en todo el pa\u00eds, las de mayoreo para que quienes venden al menudeo y tomando en cuenta esto determin\u00f3 145 precios m\u00e1ximos, que ya fueron publicados en el Diario Oficial de la Federaci\u00f3n.<\/em><\/p>\n<p>&nbsp;<\/p>\n<p><em>\u00abEstos precios m\u00e1ximos deben de respetarse, porque cualquier expendedor cualquier vendedor de gas LP, sea estacionario o de cilindros, pero particularmente de cilindros que es donde se han presentados m\u00e1s abusos, que afectan a las familias que menos tienen, van a perder el permiso, ser\u00e1 revocado el permiso por parte de la Comisi\u00f3n Reguladora de Energ\u00eda, que no respeten el precio m\u00e1ximo.\u00bb<\/em><\/p>\n<p>El titular de Profeco se\u00f1al\u00f3 que hay muchos distribuidores que en varias partes del pa\u00eds que venden por abajo de este precio m\u00e1ximo.<\/p>\n<p>&nbsp;<\/p>\n<p><em>\u00abQue bueno que sigan haci\u00e9ndolo, pero lo que queremos sancionar a quienes vendan por arriba de este precio m\u00e1ximo (&#8230;) Cuidar que nadie se pase de rosca y cuidar el precio m\u00e1ximo en las cada una de las 145 regiones\u00bb.<\/em><\/p>\n<p>&nbsp;<\/p>\n<p>Ricardo Sheffield Padilla detall\u00f3 que en las alcald\u00edas de la ciudad de M\u00e9xico de Iztapalapa y Azcapotzalco es donde m\u00e1s se presentan los abusos en la venta de gas LP en cilindros, <em>\u00abdonde hay alteraciones en el mercado\u00bb.<\/em><\/p>\n<p>&nbsp;<\/p>\n<p>Por ello, record\u00f3 el procurador, en esas dos alcald\u00edas es donde se iniciar\u00e1 la venta de los cilindros de Gas Bienestar.<\/p>\n<p>&nbsp;<\/p>\n<p>Asegur\u00f3 que con el establecimiento de precios m\u00e1ximos para la venta de gas LP o dom\u00e9stico <em>\u00abpronto\u00bb<\/em> se ir\u00e1n sintiendo en sus bolsillos las familias mexicanas.<\/p>\n<p>&nbsp;<\/p>\n<p>(Publicada el 02\/08\/2021)<\/p>\n","protected":false},"excerpt":{"rendered":"<p>GUADALAJARA, JALISCO. MX.\u2014\u00a0 Ricardo Sheffield Padilla, titular de la Procuradur\u00eda Federal del Consumidor (Profeco), advirti\u00f3&#8230;<\/p>\n","protected":false},"author":1,"featured_media":119600,"comment_status":"open","ping_status":"open","sticky":false,"template":"","format":"standard","meta":{"_monsterinsights_skip_tracking":false,"_monsterinsights_sitenote_active":false,"_monsterinsights_sitenote_note":"","_monsterinsights_sitenote_category":0,"footnotes":""},"categories":[5],"tags":[],"class_list":["post"],"yoast_head":" \n<title>Sonora en Equipo. Profeco revocar\u00e1 permisos a expendedores de gas LP que no respeten los precios Rep\u00fablica<\/title>\n<meta name=\"description\" content=\"GUADALAJARA, JALISCO. MX.\u2014\u00a0 Ricardo Sheffield Padilla, titular de la Procuradur\u00eda Federal del Consumidor (Profeco), advirti\u00f3 este lunes que los En Sonora en Equipo publicamos toda la informaci\u00f3n de Sonora, M\u00e9xico y el Mundo de manera oportuna y busca que la libertad de expresi\u00f3n sea real. Visita nuestro medio informativo publicado desde Hermosillo, Sonora. %\" \/>\n<meta name=\"robots\" content=\"index, follow, max-snippet:-1, max-image-preview:large, max-video-preview:-1\" \/>\n<link rel=\"canonical\" href=\"https:\/\/www.sonoraenequipo.com.mx\/profeco-revocara-permisos-a-expendedores-de-gas-lp-que-no-respeten-los-precios\/\" \/>\n<meta property=\"og:locale\" content=\"es_ES\" \/>\n<meta property=\"og:type\" content=\"article\" \/>\n<meta property=\"og:title\" content=\"Sonora en Equipo. Profeco revocar\u00e1 permisos a expendedores de gas LP que no respeten los precios Rep\u00fablica\" \/>\n<meta property=\"og:description\" content=\"GUADALAJARA, JALISCO. MX.\u2014\u00a0 Ricardo Sheffield Padilla, titular de la Procuradur\u00eda Federal del Consumidor (Profeco), advirti\u00f3 este lunes que los En Sonora en Equipo publicamos toda la informaci\u00f3n de Sonora, M\u00e9xico y el Mundo de manera oportuna y busca que la libertad de expresi\u00f3n sea real. Visita nuestro medio informativo publicado desde Hermosillo, Sonora. %\" \/>\n<meta property=\"og:url\" content=\"https:\/\/www.sonoraenequipo.com.mx\/profeco-revocara-permisos-a-expendedores-de-gas-lp-que-no-respeten-los-precios\/\" \/>\n<meta property=\"og:site_name\" content=\"Sonora en Equipo.\" \/>\n<meta property=\"article:publisher\" content=\"https:\/\/www.facebook.com\/SonoraEE\/\" \/>\n<meta property=\"article:author\" content=\"https:\/\/www.facebook.com\/SonoraEE\" \/>\n<meta property=\"article:published_time\" content=\"2021-08-03T02:37:50+00:00\" \/>\n<meta property=\"og:image\" content=\"https:\/\/www.sonoraenequipo.com.mx\/storage\/2021\/08\/profeco-revocara-permisos-a-gaseras_opt.jpg\" \/>\n\t<meta property=\"og:image:width\" content=\"700\" \/>\n\t<meta property=\"og:image:height\" content=\"400\" \/>\n\t<meta property=\"og:image:type\" content=\"image\/jpeg\" \/>\n<meta name=\"author\" content=\"enequipo\" \/>\n<meta name=\"twitter:card\" content=\"summary_large_image\" \/>\n<meta name=\"twitter:creator\" content=\"@sonoraenequipo\" \/>\n<meta name=\"twitter:site\" content=\"@sonoraenequipo\" \/>\n<meta name=\"twitter:label1\" content=\"Escrito por\" \/>\n\t<meta name=\"twitter:data1\" content=\"enequipo\" \/>\n\t<meta name=\"twitter:label2\" content=\"Tiempo de lectura\" \/>\n\t<meta name=\"twitter:data2\" content=\"2 minutos\" \/>\n<script type=\"application\/ld+json\" class=\"yoast-schema-graph\">{\"@context\":\"https:\/\/schema.org\",\"@graph\":[{\"@type\":\"Article\",\"@id\":\"https:\/\/www.sonoraenequipo.com.mx\/profeco-revocara-permisos-a-expendedores-de-gas-lp-que-no-respeten-los-precios\/#article\",\"isPartOf\":{\"@id\":\"https:\/\/www.sonoraenequipo.com.mx\/profeco-revocara-permisos-a-expendedores-de-gas-lp-que-no-respeten-los-precios\/\"},\"author\":{\"name\":\"enequipo\",\"@id\":\"https:\/\/www.sonoraenequipo.com.mx\/#\/schema\/person\/50102df0fb23a8fa9e8effad8fa81386\"},\"headline\":\"Profeco revocar\u00e1 permisos a expendedores de gas LP que no respeten los precios\",\"datePublished\":\"2021-08-03T02:37:50+00:00\",\"mainEntityOfPage\":{\"@id\":\"https:\/\/www.sonoraenequipo.com.mx\/profeco-revocara-permisos-a-expendedores-de-gas-lp-que-no-respeten-los-precios\/\"},\"wordCount\":458,\"commentCount\":0,\"publisher\":{\"@id\":\"https:\/\/www.sonoraenequipo.com.mx\/#organization\"},\"image\":{\"@id\":\"https:\/\/www.sonoraenequipo.com.mx\/profeco-revocara-permisos-a-expendedores-de-gas-lp-que-no-respeten-los-precios\/#primaryimage\"},\"thumbnailUrl\":\"https:\/\/www.sonoraenequipo.com.mx\/storage\/2021\/08\/profeco-revocara-permisos-a-gaseras_opt.jpg\",\"articleSection\":[\"Rep\u00fablica\"],\"inLanguage\":\"es\",\"potentialAction\":[{\"@type\":\"CommentAction\",\"name\":\"Comment\",\"target\":[\"https:\/\/www.sonoraenequipo.com.mx\/profeco-revocara-permisos-a-expendedores-de-gas-lp-que-no-respeten-los-precios\/#respond\"]}]},{\"@type\":\"WebPage\",\"@id\":\"https:\/\/www.sonoraenequipo.com.mx\/profeco-revocara-permisos-a-expendedores-de-gas-lp-que-no-respeten-los-precios\/\",\"url\":\"https:\/\/www.sonoraenequipo.com.mx\/profeco-revocara-permisos-a-expendedores-de-gas-lp-que-no-respeten-los-precios\/\",\"name\":\"Sonora en Equipo. Profeco revocar\u00e1 permisos a expendedores de gas LP que no respeten los precios Rep\u00fablica\",\"isPartOf\":{\"@id\":\"https:\/\/www.sonoraenequipo.com.mx\/#website\"},\"primaryImageOfPage\":{\"@id\":\"https:\/\/www.sonoraenequipo.com.mx\/profeco-revocara-permisos-a-expendedores-de-gas-lp-que-no-respeten-los-precios\/#primaryimage\"},\"image\":{\"@id\":\"https:\/\/www.sonoraenequipo.com.mx\/profeco-revocara-permisos-a-expendedores-de-gas-lp-que-no-respeten-los-precios\/#primaryimage\"},\"thumbnailUrl\":\"https:\/\/www.sonoraenequipo.com.mx\/storage\/2021\/08\/profeco-revocara-permisos-a-gaseras_opt.jpg\",\"datePublished\":\"2021-08-03T02:37:50+00:00\",\"description\":\"GUADALAJARA, JALISCO. MX.\u2014\u00a0 Ricardo Sheffield Padilla, titular de la Procuradur\u00eda Federal del Consumidor (Profeco), advirti\u00f3 este lunes que los En Sonora en Equipo publicamos toda la informaci\u00f3n de Sonora, M\u00e9xico y el Mundo de manera oportuna y busca que la libertad de expresi\u00f3n sea real. Visita nuestro medio informativo publicado desde Hermosillo, Sonora. %\",\"breadcrumb\":{\"@id\":\"https:\/\/www.sonoraenequipo.com.mx\/profeco-revocara-permisos-a-expendedores-de-gas-lp-que-no-respeten-los-precios\/#breadcrumb\"},\"inLanguage\":\"es\",\"potentialAction\":[{\"@type\":\"ReadAction\",\"target\":[\"https:\/\/www.sonoraenequipo.com.mx\/profeco-revocara-permisos-a-expendedores-de-gas-lp-que-no-respeten-los-precios\/\"]}]},{\"@type\":\"ImageObject\",\"inLanguage\":\"es\",\"@id\":\"https:\/\/www.sonoraenequipo.com.mx\/profeco-revocara-permisos-a-expendedores-de-gas-lp-que-no-respeten-los-precios\/#primaryimage\",\"url\":\"https:\/\/www.sonoraenequipo.com.mx\/storage\/2021\/08\/profeco-revocara-permisos-a-gaseras_opt.jpg\",\"contentUrl\":\"https:\/\/www.sonoraenequipo.com.mx\/storage\/2021\/08\/profeco-revocara-permisos-a-gaseras_opt.jpg\",\"width\":700,\"height\":400},{\"@type\":\"BreadcrumbList\",\"@id\":\"https:\/\/www.sonoraenequipo.com.mx\/profeco-revocara-permisos-a-expendedores-de-gas-lp-que-no-respeten-los-precios\/#breadcrumb\",\"itemListElement\":[{\"@type\":\"ListItem\",\"position\":1,\"name\":\"Portada\",\"item\":\"https:\/\/www.sonoraenequipo.com.mx\/\"},{\"@type\":\"ListItem\",\"position\":2,\"name\":\"Profeco revocar\u00e1 permisos a expendedores de gas LP que no respeten los precios\"}]},{\"@type\":\"WebSite\",\"@id\":\"https:\/\/www.sonoraenequipo.com.mx\/#website\",\"url\":\"https:\/\/www.sonoraenequipo.com.mx\/\",\"name\":\"Sonora en Equipo.\",\"description\":\"Diario en l\u00ednea con Noticias desde Hermosillo, Sonora\",\"publisher\":{\"@id\":\"https:\/\/www.sonoraenequipo.com.mx\/#organization\"},\"potentialAction\":[{\"@type\":\"SearchAction\",\"target\":{\"@type\":\"EntryPoint\",\"urlTemplate\":\"https:\/\/www.sonoraenequipo.com.mx\/?s={search_term_string}\"},\"query-input\":{\"@type\":\"PropertyValueSpecification\",\"valueRequired\":true,\"valueName\":\"search_term_string\"}}],\"inLanguage\":\"es\"},{\"@type\":\"Organization\",\"@id\":\"https:\/\/www.sonoraenequipo.com.mx\/#organization\",\"name\":\"Sonoraenequipo.com.mx\",\"url\":\"https:\/\/www.sonoraenequipo.com.mx\/\",\"logo\":{\"@type\":\"ImageObject\",\"inLanguage\":\"es\",\"@id\":\"https:\/\/www.sonoraenequipo.com.mx\/#\/schema\/logo\/image\/\",\"url\":\"https:\/\/www.sonoraenequipo.com.mx\/storage\/2019\/01\/sonoraenequipo_opt.png\",\"contentUrl\":\"https:\/\/www.sonoraenequipo.com.mx\/storage\/2019\/01\/sonoraenequipo_opt.png\",\"width\":375,\"height\":125,\"caption\":\"Sonoraenequipo.com.mx\"},\"image\":{\"@id\":\"https:\/\/www.sonoraenequipo.com.mx\/#\/schema\/logo\/image\/\"},\"sameAs\":[\"https:\/\/www.facebook.com\/SonoraEE\/\",\"https:\/\/x.com\/sonoraenequipo\",\"https:\/\/www.youtube.com\/channel\/UC338nW-lPEYmJQs4ZABQ1SQ\"]},{\"@type\":\"Person\",\"@id\":\"https:\/\/www.sonoraenequipo.com.mx\/#\/schema\/person\/50102df0fb23a8fa9e8effad8fa81386\",\"name\":\"enequipo\",\"image\":{\"@type\":\"ImageObject\",\"inLanguage\":\"es\",\"@id\":\"https:\/\/www.sonoraenequipo.com.mx\/#\/schema\/person\/image\/\",\"url\":\"https:\/\/secure.gravatar.com\/avatar\/049821681b589dabc0bc20695993ccebb09f5b5d4d790cd9251b97faac7c652b?s=96&d=blank&r=g\",\"contentUrl\":\"https:\/\/secure.gravatar.com\/avatar\/049821681b589dabc0bc20695993ccebb09f5b5d4d790cd9251b97faac7c652b?s=96&d=blank&r=g\",\"caption\":\"enequipo\"},\"sameAs\":[\"https:\/\/www.facebook.com\/SonoraEE\"]}]}<\/script>\n ","yoast_head_json":{"title":"Sonora en Equipo. Profeco revocar\u00e1 permisos a expendedores de gas LP que no respeten los precios Rep\u00fablica","description":"GUADALAJARA, JALISCO. MX.\u2014\u00a0 Ricardo Sheffield Padilla, titular de la Procuradur\u00eda Federal del Consumidor (Profeco), advirti\u00f3 este lunes que los En Sonora en Equipo publicamos toda la informaci\u00f3n de Sonora, M\u00e9xico y el Mundo de manera oportuna y busca que la libertad de expresi\u00f3n sea real. Visita nuestro medio informativo publicado desde Hermosillo, Sonora. %","robots":{"index":"index","follow":"follow","max-snippet":"max-snippet:-1","max-image-preview":"max-image-preview:large","max-video-preview":"max-video-preview:-1"},"canonical":"https:\/\/www.sonoraenequipo.com.mx\/profeco-revocara-permisos-a-expendedores-de-gas-lp-que-no-respeten-los-precios\/","og_locale":"es_ES","og_type":"article","og_title":"Sonora en Equipo. Profeco revocar\u00e1 permisos a expendedores de gas LP que no respeten los precios Rep\u00fablica","og_description":"GUADALAJARA, JALISCO. MX.\u2014\u00a0 Ricardo Sheffield Padilla, titular de la Procuradur\u00eda Federal del Consumidor (Profeco), advirti\u00f3 este lunes que los En Sonora en Equipo publicamos toda la informaci\u00f3n de Sonora, M\u00e9xico y el Mundo de manera oportuna y busca que la libertad de expresi\u00f3n sea real. Visita nuestro medio informativo publicado desde Hermosillo, Sonora. %","og_url":"https:\/\/www.sonoraenequipo.com.mx\/profeco-revocara-permisos-a-expendedores-de-gas-lp-que-no-respeten-los-precios\/","og_site_name":"Sonora en Equipo.","article_publisher":"https:\/\/www.facebook.com\/SonoraEE\/","article_author":"https:\/\/www.facebook.com\/SonoraEE","article_published_time":"2021-08-03T02:37:50+00:00","og_image":[{"width":700,"height":400,"url":"https:\/\/www.sonoraenequipo.com.mx\/storage\/2021\/08\/profeco-revocara-permisos-a-gaseras_opt.jpg","type":"image\/jpeg"}],"author":"enequipo","twitter_card":"summary_large_image","twitter_creator":"@sonoraenequipo","twitter_site":"@sonoraenequipo","twitter_misc":{"Escrito por":"enequipo","Tiempo de lectura":"2 minutos"},"schema":{"@context":"https:\/\/schema.org","@graph":[{"@type":"Article","@id":"https:\/\/www.sonoraenequipo.com.mx\/profeco-revocara-permisos-a-expendedores-de-gas-lp-que-no-respeten-los-precios\/#article","isPartOf":{"@id":"https:\/\/www.sonoraenequipo.com.mx\/profeco-revocara-permisos-a-expendedores-de-gas-lp-que-no-respeten-los-precios\/"},"author":{"name":"enequipo","@id":"https:\/\/www.sonoraenequipo.com.mx\/#\/schema\/person\/50102df0fb23a8fa9e8effad8fa81386"},"headline":"Profeco revocar\u00e1 permisos a expendedores de gas LP que no respeten los precios","datePublished":"2021-08-03T02:37:50+00:00","mainEntityOfPage":{"@id":"https:\/\/www.sonoraenequipo.com.mx\/profeco-revocara-permisos-a-expendedores-de-gas-lp-que-no-respeten-los-precios\/"},"wordCount":458,"commentCount":0,"publisher":{"@id":"https:\/\/www.sonoraenequipo.com.mx\/#organization"},"image":{"@id":"https:\/\/www.sonoraenequipo.com.mx\/profeco-revocara-permisos-a-expendedores-de-gas-lp-que-no-respeten-los-precios\/#primaryimage"},"thumbnailUrl":"https:\/\/www.sonoraenequipo.com.mx\/storage\/2021\/08\/profeco-revocara-permisos-a-gaseras_opt.jpg","articleSection":["Rep\u00fablica"],"inLanguage":"es","potentialAction":[{"@type":"CommentAction","name":"Comment","target":["https:\/\/www.sonoraenequipo.com.mx\/profeco-revocara-permisos-a-expendedores-de-gas-lp-que-no-respeten-los-precios\/#respond"]}]},{"@type":"WebPage","@id":"https:\/\/www.sonoraenequipo.com.mx\/profeco-revocara-permisos-a-expendedores-de-gas-lp-que-no-respeten-los-precios\/","url":"https:\/\/www.sonoraenequipo.com.mx\/profeco-revocara-permisos-a-expendedores-de-gas-lp-que-no-respeten-los-precios\/","name":"Sonora en Equipo. Profeco revocar\u00e1 permisos a expendedores de gas LP que no respeten los precios Rep\u00fablica","isPartOf":{"@id":"https:\/\/www.sonoraenequipo.com.mx\/#website"},"primaryImageOfPage":{"@id":"https:\/\/www.sonoraenequipo.com.mx\/profeco-revocara-permisos-a-expendedores-de-gas-lp-que-no-respeten-los-precios\/#primaryimage"},"image":{"@id":"https:\/\/www.sonoraenequipo.com.mx\/profeco-revocara-permisos-a-expendedores-de-gas-lp-que-no-respeten-los-precios\/#primaryimage"},"thumbnailUrl":"https:\/\/www.sonoraenequipo.com.mx\/storage\/2021\/08\/profeco-revocara-permisos-a-gaseras_opt.jpg","datePublished":"2021-08-03T02:37:50+00:00","description":"GUADALAJARA, JALISCO. MX.\u2014\u00a0 Ricardo Sheffield Padilla, titular de la Procuradur\u00eda Federal del Consumidor (Profeco), advirti\u00f3 este lunes que los En Sonora en Equipo publicamos toda la informaci\u00f3n de Sonora, M\u00e9xico y el Mundo de manera oportuna y busca que la libertad de expresi\u00f3n sea real. Visita nuestro medio informativo publicado desde Hermosillo, Sonora. %","breadcrumb":{"@id":"https:\/\/www.sonoraenequipo.com.mx\/profeco-revocara-permisos-a-expendedores-de-gas-lp-que-no-respeten-los-precios\/#breadcrumb"},"inLanguage":"es","potentialAction":[{"@type":"ReadAction","target":["https:\/\/www.sonoraenequipo.com.mx\/profeco-revocara-permisos-a-expendedores-de-gas-lp-que-no-respeten-los-precios\/"]}]},{"@type":"ImageObject","inLanguage":"es","@id":"https:\/\/www.sonoraenequipo.com.mx\/profeco-revocara-permisos-a-expendedores-de-gas-lp-que-no-respeten-los-precios\/#primaryimage","url":"https:\/\/www.sonoraenequipo.com.mx\/storage\/2021\/08\/profeco-revocara-permisos-a-gaseras_opt.jpg","contentUrl":"https:\/\/www.sonoraenequipo.com.mx\/storage\/2021\/08\/profeco-revocara-permisos-a-gaseras_opt.jpg","width":700,"height":400},{"@type":"BreadcrumbList","@id":"https:\/\/www.sonoraenequipo.com.mx\/profeco-revocara-permisos-a-expendedores-de-gas-lp-que-no-respeten-los-precios\/#breadcrumb","itemListElement":[{"@type":"ListItem","position":1,"name":"Portada","item":"https:\/\/www.sonoraenequipo.com.mx\/"},{"@type":"ListItem","position":2,"name":"Profeco revocar\u00e1 permisos a expendedores de gas LP que no respeten los precios"}]},{"@type":"WebSite","@id":"https:\/\/www.sonoraenequipo.com.mx\/#website","url":"https:\/\/www.sonoraenequipo.com.mx\/","name":"Sonora en Equipo.","description":"Diario en l\u00ednea con Noticias desde Hermosillo, Sonora","publisher":{"@id":"https:\/\/www.sonoraenequipo.com.mx\/#organization"},"potentialAction":[{"@type":"SearchAction","target":{"@type":"EntryPoint","urlTemplate":"https:\/\/www.sonoraenequipo.com.mx\/?s={search_term_string}"},"query-input":{"@type":"PropertyValueSpecification","valueRequired":true,"valueName":"search_term_string"}}],"inLanguage":"es"},{"@type":"Organization","@id":"https:\/\/www.sonoraenequipo.com.mx\/#organization","name":"Sonoraenequipo.com.mx","url":"https:\/\/www.sonoraenequipo.com.mx\/","logo":{"@type":"ImageObject","inLanguage":"es","@id":"https:\/\/www.sonoraenequipo.com.mx\/#\/schema\/logo\/image\/","url":"https:\/\/www.sonoraenequipo.com.mx\/storage\/2019\/01\/sonoraenequipo_opt.png","contentUrl":"https:\/\/www.sonoraenequipo.com.mx\/storage\/2019\/01\/sonoraenequipo_opt.png","width":375,"height":125,"caption":"Sonoraenequipo.com.mx"},"image":{"@id":"https:\/\/www.sonoraenequipo.com.mx\/#\/schema\/logo\/image\/"},"sameAs":["https:\/\/www.facebook.com\/SonoraEE\/","https:\/\/x.com\/sonoraenequipo","https:\/\/www.youtube.com\/channel\/UC338nW-lPEYmJQs4ZABQ1SQ"]},{"@type":"Person","@id":"https:\/\/www.sonoraenequipo.com.mx\/#\/schema\/person\/50102df0fb23a8fa9e8effad8fa81386","name":"enequipo","image":{"@type":"ImageObject","inLanguage":"es","@id":"https:\/\/www.sonoraenequipo.com.mx\/#\/schema\/person\/image\/","url":"https:\/\/secure.gravatar.com\/avatar\/049821681b589dabc0bc20695993ccebb09f5b5d4d790cd9251b97faac7c652b?s=96&d=blank&r=g","contentUrl":"https:\/\/secure.gravatar.com\/avatar\/049821681b589dabc0bc20695993ccebb09f5b5d4d790cd9251b97faac7c652b?s=96&d=blank&r=g","caption":"enequipo"},"sameAs":["https:\/\/www.facebook.com\/SonoraEE"]}]}},"jetpack_featured_media_url":"https:\/\/www.sonoraenequipo.com.mx\/storage\/2021\/08\/profeco-revocara-permisos-a-gaseras_opt.jpg","_links":{"self":[{"href":"https:\/\/www.sonoraenequipo.com.mx\/api\/wp\/v2\/posts\/119625","targetHints":{"allow":["GET"]}}],"collection":[{"href":"https:\/\/www.sonoraenequipo.com.mx\/api\/wp\/v2\/posts"}],"about":[{"href":"https:\/\/www.sonoraenequipo.com.mx\/api\/wp\/v2\/types\/post"}],"author":[{"embeddable":true,"href":"https:\/\/www.sonoraenequipo.com.mx\/api\/wp\/v2\/users\/1"}],"replies":[{"embeddable":true,"href":"https:\/\/www.sonoraenequipo.com.mx\/api\/wp\/v2\/comments?post=119625"}],"version-history":[{"count":1,"href":"https:\/\/www.sonoraenequipo.com.mx\/api\/wp\/v2\/posts\/119625\/revisions"}],"predecessor-version":[{"id":119626,"href":"https:\/\/www.sonoraenequipo.com.mx\/api\/wp\/v2\/posts\/119625\/revisions\/119626"}],"wp:featuredmedia":[{"embeddable":true,"href":"https:\/\/www.sonoraenequipo.com.mx\/api\/wp\/v2\/media\/119600"}],"wp:attachment":[{"href":"https:\/\/www.sonoraenequipo.com.mx\/api\/wp\/v2\/media?parent=119625"}],"wp:term":[{"taxonomy":"category","embeddable":true,"href":"https:\/\/www.sonoraenequipo.com.mx\/api\/wp\/v2\/categories?post=119625"},{"taxonomy":"post_tag","embeddable":true,"href":"https:\/\/www.sonoraenequipo.com.mx\/api\/wp\/v2\/tags?post=119625"}],"curies":[{"name":"wp","href":"https:\/\/api.w.org\/{rel}","templated":true}]}}