{"id":119628,"date":"2021-08-02T17:19:23","date_gmt":"2021-08-03T00:19:23","guid":{"rendered":"https:\/\/www.sonoraenequipo.com.mx\/?p=119628"},"modified":"2021-08-02T17:23:45","modified_gmt":"2021-08-03T00:23:45","slug":"en-mi-gobierno-los-ahorros-se-destinaran-a-programas-prioritarios-alfonso-durazo-montano","status":"publish","type":"post","link":"https:\/\/www.sonoraenequipo.com.mx\/en-mi-gobierno-los-ahorros-se-destinaran-a-programas-prioritarios-alfonso-durazo-montano\/","title":{"rendered":"En mi gobierno los ahorros se destinar\u00e1n a programas prioritarios: Alfonso Durazo"},"content":{"rendered":"<p>Hermosillo.- Todos los ahorros que generaremos en nuestro gobierno ser\u00e1n reorientados a programas sociales y obras de infraestructura, sin crear nuevos impuestos, aumentar los existentes y sin deuda, anunci\u00f3 Alfonso Durazo Monta\u00f1o.<\/p>\n<p>&nbsp;<\/p>\n<p>En rueda de prensa acompa\u00f1ado de Omar Del Valle Colosio y\u00a0 Rodolfo Castro Valdez, coordinador y coordinador de seguimiento en la comisi\u00f3n de entrega-recepci\u00f3n, el gobernador electo explic\u00f3 que ya se conformaron tres grupos con el prop\u00f3sito de estabilizar las finanzas del estado.<\/p>\n<p>&nbsp;<\/p>\n<p>Uno de los grupos, dijo, estudia las opciones de ahorro en el ejercicio del gasto innecesario o superfluo, para compactar y reducir estructuras sin afectar los derechos de los trabajadores de base del gobierno del estado.<\/p>\n<p>&nbsp;<\/p>\n<p>Agreg\u00f3 que el grupo tiene el reto de generar ahorros por al menos 4 mil 500 millones de pesos anuales que se destinar\u00e1n a financiar programas prioritarios, sociales y de infraestructura y \u201cotra parte vendr\u00e1 de tramos carreteros concesionados a particulares\u201d.<\/p>\n<p>&nbsp;<\/p>\n<p>Durazo Monta\u00f1o detall\u00f3 que otro equipo trabaja en optimizar los ingresos del gobierno sin incrementar\u00a0 \u201cabsolutamente ning\u00fan impuesto. No crear\u00e9 nuevos impuestos. Y no habr\u00e1 un crecimiento de la deuda p\u00fablica en t\u00e9rminos proporcionales al PIB del estado\u201d.<\/p>\n<p>&nbsp;<\/p>\n<p>El gobernador electo indic\u00f3 que aspira a reducir la deuda p\u00fablica que se come m\u00e1s del 13 por ciento del presupuesto en el pago del servicio de la deuda y a\u00f1adi\u00f3 que un equipo m\u00e1s trabaja en una estrategia para reorientar el gasto, porque \u201cser\u00eda imposible continuar con programas que no sean suficientemente eficaces en funci\u00f3n del gasto que representan\u201d.<\/p>\n<p>&nbsp;<\/p>\n<p>Al referirse a la situaci\u00f3n que guarda el Isssteson coment\u00f3 que no patear\u00e1 el bote como lo hicieron las administraciones anteriores y que construir\u00e1 una soluci\u00f3n progresiva de la mano con los trabajadores, el personal y la representaci\u00f3n sindical.<\/p>\n<p>&nbsp;<\/p>\n<p>El objetivo, dijo, es que con mayor transparencia y combate a la corrupci\u00f3n la instituci\u00f3n garantice servicios oportunos, adecuados, eficientes, dignos y que con sus propios ingresos tenga capacidad de pagar oportunamente las pensiones.<\/p>\n<p>&nbsp;<\/p>\n<p>Fecha de Publicaci\u00f3n\u00a0 lunes\u00a0 \/ 02\u00a0\u00a0 \/ agosto \/ 2021<\/p>\n","protected":false},"excerpt":{"rendered":"<p>Hermosillo.- Todos los ahorros que generaremos en nuestro gobierno ser\u00e1n reorientados a programas sociales y&#8230;<\/p>\n","protected":false},"author":1,"featured_media":119629,"comment_status":"open","ping_status":"open","sticky":false,"template":"","format":"standard","meta":{"_monsterinsights_skip_tracking":false,"_monsterinsights_sitenote_active":false,"_monsterinsights_sitenote_note":"","_monsterinsights_sitenote_category":0,"footnotes":""},"categories":[22],"tags":[2200],"class_list":["post"],"yoast_head":" \n<title>Sonora en Equipo. En mi gobierno los ahorros se destinar\u00e1n a programas prioritarios: Alfonso Durazo Sonora<\/title>\n<meta name=\"description\" content=\"Hermosillo.- Todos los ahorros que generaremos en nuestro gobierno ser\u00e1n reorientados a programas sociales y obras de infraestructura, sin crear nuevos En Sonora en Equipo publicamos toda la informaci\u00f3n de Sonora, M\u00e9xico y el Mundo de manera oportuna y busca que la libertad de expresi\u00f3n sea real. Visita nuestro medio informativo publicado desde Hermosillo, Sonora. %\" \/>\n<meta name=\"robots\" content=\"index, follow, max-snippet:-1, max-image-preview:large, max-video-preview:-1\" \/>\n<link rel=\"canonical\" href=\"https:\/\/www.sonoraenequipo.com.mx\/en-mi-gobierno-los-ahorros-se-destinaran-a-programas-prioritarios-alfonso-durazo-montano\/\" \/>\n<meta property=\"og:locale\" content=\"es_ES\" \/>\n<meta property=\"og:type\" content=\"article\" \/>\n<meta property=\"og:title\" content=\"Sonora en Equipo. En mi gobierno los ahorros se destinar\u00e1n a programas prioritarios: Alfonso Durazo Sonora\" \/>\n<meta property=\"og:description\" content=\"Hermosillo.- Todos los ahorros que generaremos en nuestro gobierno ser\u00e1n reorientados a programas sociales y obras de infraestructura, sin crear nuevos En Sonora en Equipo publicamos toda la informaci\u00f3n de Sonora, M\u00e9xico y el Mundo de manera oportuna y busca que la libertad de expresi\u00f3n sea real. Visita nuestro medio informativo publicado desde Hermosillo, Sonora. %\" \/>\n<meta property=\"og:url\" content=\"https:\/\/www.sonoraenequipo.com.mx\/en-mi-gobierno-los-ahorros-se-destinaran-a-programas-prioritarios-alfonso-durazo-montano\/\" \/>\n<meta property=\"og:site_name\" content=\"Sonora en Equipo.\" \/>\n<meta property=\"article:publisher\" content=\"https:\/\/www.facebook.com\/SonoraEE\/\" \/>\n<meta property=\"article:author\" content=\"https:\/\/www.facebook.com\/SonoraEE\" \/>\n<meta property=\"article:published_time\" content=\"2021-08-03T00:19:23+00:00\" \/>\n<meta property=\"article:modified_time\" content=\"2021-08-03T00:23:45+00:00\" \/>\n<meta property=\"og:image\" content=\"https:\/\/www.sonoraenequipo.com.mx\/storage\/2021\/08\/adm-impuestos.jpg\" \/>\n\t<meta property=\"og:image:width\" content=\"700\" \/>\n\t<meta property=\"og:image:height\" content=\"400\" \/>\n\t<meta property=\"og:image:type\" content=\"image\/jpeg\" \/>\n<meta name=\"author\" content=\"enequipo\" \/>\n<meta name=\"twitter:card\" content=\"summary_large_image\" \/>\n<meta name=\"twitter:creator\" content=\"@sonoraenequipo\" \/>\n<meta name=\"twitter:site\" content=\"@sonoraenequipo\" \/>\n<meta name=\"twitter:label1\" content=\"Escrito por\" \/>\n\t<meta name=\"twitter:data1\" content=\"enequipo\" \/>\n\t<meta name=\"twitter:label2\" content=\"Tiempo de lectura\" \/>\n\t<meta name=\"twitter:data2\" content=\"2 minutos\" \/>\n<script type=\"application\/ld+json\" class=\"yoast-schema-graph\">{\"@context\":\"https:\/\/schema.org\",\"@graph\":[{\"@type\":\"Article\",\"@id\":\"https:\/\/www.sonoraenequipo.com.mx\/en-mi-gobierno-los-ahorros-se-destinaran-a-programas-prioritarios-alfonso-durazo-montano\/#article\",\"isPartOf\":{\"@id\":\"https:\/\/www.sonoraenequipo.com.mx\/en-mi-gobierno-los-ahorros-se-destinaran-a-programas-prioritarios-alfonso-durazo-montano\/\"},\"author\":{\"name\":\"enequipo\",\"@id\":\"https:\/\/www.sonoraenequipo.com.mx\/#\/schema\/person\/50102df0fb23a8fa9e8effad8fa81386\"},\"headline\":\"En mi gobierno los ahorros se destinar\u00e1n a programas prioritarios: Alfonso Durazo\",\"datePublished\":\"2021-08-03T00:19:23+00:00\",\"dateModified\":\"2021-08-03T00:23:45+00:00\",\"mainEntityOfPage\":{\"@id\":\"https:\/\/www.sonoraenequipo.com.mx\/en-mi-gobierno-los-ahorros-se-destinaran-a-programas-prioritarios-alfonso-durazo-montano\/\"},\"wordCount\":370,\"commentCount\":0,\"publisher\":{\"@id\":\"https:\/\/www.sonoraenequipo.com.mx\/#organization\"},\"image\":{\"@id\":\"https:\/\/www.sonoraenequipo.com.mx\/en-mi-gobierno-los-ahorros-se-destinaran-a-programas-prioritarios-alfonso-durazo-montano\/#primaryimage\"},\"thumbnailUrl\":\"https:\/\/www.sonoraenequipo.com.mx\/storage\/2021\/08\/adm-impuestos.jpg\",\"keywords\":[\"Alfonso Durazo\"],\"articleSection\":[\"Sonora\"],\"inLanguage\":\"es\",\"potentialAction\":[{\"@type\":\"CommentAction\",\"name\":\"Comment\",\"target\":[\"https:\/\/www.sonoraenequipo.com.mx\/en-mi-gobierno-los-ahorros-se-destinaran-a-programas-prioritarios-alfonso-durazo-montano\/#respond\"]}]},{\"@type\":\"WebPage\",\"@id\":\"https:\/\/www.sonoraenequipo.com.mx\/en-mi-gobierno-los-ahorros-se-destinaran-a-programas-prioritarios-alfonso-durazo-montano\/\",\"url\":\"https:\/\/www.sonoraenequipo.com.mx\/en-mi-gobierno-los-ahorros-se-destinaran-a-programas-prioritarios-alfonso-durazo-montano\/\",\"name\":\"Sonora en Equipo. En mi gobierno los ahorros se destinar\u00e1n a programas prioritarios: Alfonso Durazo Sonora\",\"isPartOf\":{\"@id\":\"https:\/\/www.sonoraenequipo.com.mx\/#website\"},\"primaryImageOfPage\":{\"@id\":\"https:\/\/www.sonoraenequipo.com.mx\/en-mi-gobierno-los-ahorros-se-destinaran-a-programas-prioritarios-alfonso-durazo-montano\/#primaryimage\"},\"image\":{\"@id\":\"https:\/\/www.sonoraenequipo.com.mx\/en-mi-gobierno-los-ahorros-se-destinaran-a-programas-prioritarios-alfonso-durazo-montano\/#primaryimage\"},\"thumbnailUrl\":\"https:\/\/www.sonoraenequipo.com.mx\/storage\/2021\/08\/adm-impuestos.jpg\",\"datePublished\":\"2021-08-03T00:19:23+00:00\",\"dateModified\":\"2021-08-03T00:23:45+00:00\",\"description\":\"Hermosillo.- Todos los ahorros que generaremos en nuestro gobierno ser\u00e1n reorientados a programas sociales y obras de infraestructura, sin crear nuevos En Sonora en Equipo publicamos toda la informaci\u00f3n de Sonora, M\u00e9xico y el Mundo de manera oportuna y busca que la libertad de expresi\u00f3n sea real. Visita nuestro medio informativo publicado desde Hermosillo, Sonora. %\",\"breadcrumb\":{\"@id\":\"https:\/\/www.sonoraenequipo.com.mx\/en-mi-gobierno-los-ahorros-se-destinaran-a-programas-prioritarios-alfonso-durazo-montano\/#breadcrumb\"},\"inLanguage\":\"es\",\"potentialAction\":[{\"@type\":\"ReadAction\",\"target\":[\"https:\/\/www.sonoraenequipo.com.mx\/en-mi-gobierno-los-ahorros-se-destinaran-a-programas-prioritarios-alfonso-durazo-montano\/\"]}]},{\"@type\":\"ImageObject\",\"inLanguage\":\"es\",\"@id\":\"https:\/\/www.sonoraenequipo.com.mx\/en-mi-gobierno-los-ahorros-se-destinaran-a-programas-prioritarios-alfonso-durazo-montano\/#primaryimage\",\"url\":\"https:\/\/www.sonoraenequipo.com.mx\/storage\/2021\/08\/adm-impuestos.jpg\",\"contentUrl\":\"https:\/\/www.sonoraenequipo.com.mx\/storage\/2021\/08\/adm-impuestos.jpg\",\"width\":700,\"height\":400},{\"@type\":\"BreadcrumbList\",\"@id\":\"https:\/\/www.sonoraenequipo.com.mx\/en-mi-gobierno-los-ahorros-se-destinaran-a-programas-prioritarios-alfonso-durazo-montano\/#breadcrumb\",\"itemListElement\":[{\"@type\":\"ListItem\",\"position\":1,\"name\":\"Portada\",\"item\":\"https:\/\/www.sonoraenequipo.com.mx\/\"},{\"@type\":\"ListItem\",\"position\":2,\"name\":\"En mi gobierno los ahorros se destinar\u00e1n a programas prioritarios: Alfonso Durazo\"}]},{\"@type\":\"WebSite\",\"@id\":\"https:\/\/www.sonoraenequipo.com.mx\/#website\",\"url\":\"https:\/\/www.sonoraenequipo.com.mx\/\",\"name\":\"Sonora en Equipo.\",\"description\":\"Diario en l\u00ednea con Noticias desde Hermosillo, Sonora\",\"publisher\":{\"@id\":\"https:\/\/www.sonoraenequipo.com.mx\/#organization\"},\"potentialAction\":[{\"@type\":\"SearchAction\",\"target\":{\"@type\":\"EntryPoint\",\"urlTemplate\":\"https:\/\/www.sonoraenequipo.com.mx\/?s={search_term_string}\"},\"query-input\":{\"@type\":\"PropertyValueSpecification\",\"valueRequired\":true,\"valueName\":\"search_term_string\"}}],\"inLanguage\":\"es\"},{\"@type\":\"Organization\",\"@id\":\"https:\/\/www.sonoraenequipo.com.mx\/#organization\",\"name\":\"Sonoraenequipo.com.mx\",\"url\":\"https:\/\/www.sonoraenequipo.com.mx\/\",\"logo\":{\"@type\":\"ImageObject\",\"inLanguage\":\"es\",\"@id\":\"https:\/\/www.sonoraenequipo.com.mx\/#\/schema\/logo\/image\/\",\"url\":\"https:\/\/www.sonoraenequipo.com.mx\/storage\/2019\/01\/sonoraenequipo_opt.png\",\"contentUrl\":\"https:\/\/www.sonoraenequipo.com.mx\/storage\/2019\/01\/sonoraenequipo_opt.png\",\"width\":375,\"height\":125,\"caption\":\"Sonoraenequipo.com.mx\"},\"image\":{\"@id\":\"https:\/\/www.sonoraenequipo.com.mx\/#\/schema\/logo\/image\/\"},\"sameAs\":[\"https:\/\/www.facebook.com\/SonoraEE\/\",\"https:\/\/x.com\/sonoraenequipo\",\"https:\/\/www.youtube.com\/channel\/UC338nW-lPEYmJQs4ZABQ1SQ\"]},{\"@type\":\"Person\",\"@id\":\"https:\/\/www.sonoraenequipo.com.mx\/#\/schema\/person\/50102df0fb23a8fa9e8effad8fa81386\",\"name\":\"enequipo\",\"image\":{\"@type\":\"ImageObject\",\"inLanguage\":\"es\",\"@id\":\"https:\/\/www.sonoraenequipo.com.mx\/#\/schema\/person\/image\/\",\"url\":\"https:\/\/secure.gravatar.com\/avatar\/049821681b589dabc0bc20695993ccebb09f5b5d4d790cd9251b97faac7c652b?s=96&d=blank&r=g\",\"contentUrl\":\"https:\/\/secure.gravatar.com\/avatar\/049821681b589dabc0bc20695993ccebb09f5b5d4d790cd9251b97faac7c652b?s=96&d=blank&r=g\",\"caption\":\"enequipo\"},\"sameAs\":[\"https:\/\/www.facebook.com\/SonoraEE\"]}]}<\/script>\n ","yoast_head_json":{"title":"Sonora en Equipo. En mi gobierno los ahorros se destinar\u00e1n a programas prioritarios: Alfonso Durazo Sonora","description":"Hermosillo.- Todos los ahorros que generaremos en nuestro gobierno ser\u00e1n reorientados a programas sociales y obras de infraestructura, sin crear nuevos En Sonora en Equipo publicamos toda la informaci\u00f3n de Sonora, M\u00e9xico y el Mundo de manera oportuna y busca que la libertad de expresi\u00f3n sea real. Visita nuestro medio informativo publicado desde Hermosillo, Sonora. %","robots":{"index":"index","follow":"follow","max-snippet":"max-snippet:-1","max-image-preview":"max-image-preview:large","max-video-preview":"max-video-preview:-1"},"canonical":"https:\/\/www.sonoraenequipo.com.mx\/en-mi-gobierno-los-ahorros-se-destinaran-a-programas-prioritarios-alfonso-durazo-montano\/","og_locale":"es_ES","og_type":"article","og_title":"Sonora en Equipo. En mi gobierno los ahorros se destinar\u00e1n a programas prioritarios: Alfonso Durazo Sonora","og_description":"Hermosillo.- Todos los ahorros que generaremos en nuestro gobierno ser\u00e1n reorientados a programas sociales y obras de infraestructura, sin crear nuevos En Sonora en Equipo publicamos toda la informaci\u00f3n de Sonora, M\u00e9xico y el Mundo de manera oportuna y busca que la libertad de expresi\u00f3n sea real. Visita nuestro medio informativo publicado desde Hermosillo, Sonora. %","og_url":"https:\/\/www.sonoraenequipo.com.mx\/en-mi-gobierno-los-ahorros-se-destinaran-a-programas-prioritarios-alfonso-durazo-montano\/","og_site_name":"Sonora en Equipo.","article_publisher":"https:\/\/www.facebook.com\/SonoraEE\/","article_author":"https:\/\/www.facebook.com\/SonoraEE","article_published_time":"2021-08-03T00:19:23+00:00","article_modified_time":"2021-08-03T00:23:45+00:00","og_image":[{"width":700,"height":400,"url":"https:\/\/www.sonoraenequipo.com.mx\/storage\/2021\/08\/adm-impuestos.jpg","type":"image\/jpeg"}],"author":"enequipo","twitter_card":"summary_large_image","twitter_creator":"@sonoraenequipo","twitter_site":"@sonoraenequipo","twitter_misc":{"Escrito por":"enequipo","Tiempo de lectura":"2 minutos"},"schema":{"@context":"https:\/\/schema.org","@graph":[{"@type":"Article","@id":"https:\/\/www.sonoraenequipo.com.mx\/en-mi-gobierno-los-ahorros-se-destinaran-a-programas-prioritarios-alfonso-durazo-montano\/#article","isPartOf":{"@id":"https:\/\/www.sonoraenequipo.com.mx\/en-mi-gobierno-los-ahorros-se-destinaran-a-programas-prioritarios-alfonso-durazo-montano\/"},"author":{"name":"enequipo","@id":"https:\/\/www.sonoraenequipo.com.mx\/#\/schema\/person\/50102df0fb23a8fa9e8effad8fa81386"},"headline":"En mi gobierno los ahorros se destinar\u00e1n a programas prioritarios: Alfonso Durazo","datePublished":"2021-08-03T00:19:23+00:00","dateModified":"2021-08-03T00:23:45+00:00","mainEntityOfPage":{"@id":"https:\/\/www.sonoraenequipo.com.mx\/en-mi-gobierno-los-ahorros-se-destinaran-a-programas-prioritarios-alfonso-durazo-montano\/"},"wordCount":370,"commentCount":0,"publisher":{"@id":"https:\/\/www.sonoraenequipo.com.mx\/#organization"},"image":{"@id":"https:\/\/www.sonoraenequipo.com.mx\/en-mi-gobierno-los-ahorros-se-destinaran-a-programas-prioritarios-alfonso-durazo-montano\/#primaryimage"},"thumbnailUrl":"https:\/\/www.sonoraenequipo.com.mx\/storage\/2021\/08\/adm-impuestos.jpg","keywords":["Alfonso Durazo"],"articleSection":["Sonora"],"inLanguage":"es","potentialAction":[{"@type":"CommentAction","name":"Comment","target":["https:\/\/www.sonoraenequipo.com.mx\/en-mi-gobierno-los-ahorros-se-destinaran-a-programas-prioritarios-alfonso-durazo-montano\/#respond"]}]},{"@type":"WebPage","@id":"https:\/\/www.sonoraenequipo.com.mx\/en-mi-gobierno-los-ahorros-se-destinaran-a-programas-prioritarios-alfonso-durazo-montano\/","url":"https:\/\/www.sonoraenequipo.com.mx\/en-mi-gobierno-los-ahorros-se-destinaran-a-programas-prioritarios-alfonso-durazo-montano\/","name":"Sonora en Equipo. En mi gobierno los ahorros se destinar\u00e1n a programas prioritarios: Alfonso Durazo Sonora","isPartOf":{"@id":"https:\/\/www.sonoraenequipo.com.mx\/#website"},"primaryImageOfPage":{"@id":"https:\/\/www.sonoraenequipo.com.mx\/en-mi-gobierno-los-ahorros-se-destinaran-a-programas-prioritarios-alfonso-durazo-montano\/#primaryimage"},"image":{"@id":"https:\/\/www.sonoraenequipo.com.mx\/en-mi-gobierno-los-ahorros-se-destinaran-a-programas-prioritarios-alfonso-durazo-montano\/#primaryimage"},"thumbnailUrl":"https:\/\/www.sonoraenequipo.com.mx\/storage\/2021\/08\/adm-impuestos.jpg","datePublished":"2021-08-03T00:19:23+00:00","dateModified":"2021-08-03T00:23:45+00:00","description":"Hermosillo.- Todos los ahorros que generaremos en nuestro gobierno ser\u00e1n reorientados a programas sociales y obras de infraestructura, sin crear nuevos En Sonora en Equipo publicamos toda la informaci\u00f3n de Sonora, M\u00e9xico y el Mundo de manera oportuna y busca que la libertad de expresi\u00f3n sea real. Visita nuestro medio informativo publicado desde Hermosillo, Sonora. %","breadcrumb":{"@id":"https:\/\/www.sonoraenequipo.com.mx\/en-mi-gobierno-los-ahorros-se-destinaran-a-programas-prioritarios-alfonso-durazo-montano\/#breadcrumb"},"inLanguage":"es","potentialAction":[{"@type":"ReadAction","target":["https:\/\/www.sonoraenequipo.com.mx\/en-mi-gobierno-los-ahorros-se-destinaran-a-programas-prioritarios-alfonso-durazo-montano\/"]}]},{"@type":"ImageObject","inLanguage":"es","@id":"https:\/\/www.sonoraenequipo.com.mx\/en-mi-gobierno-los-ahorros-se-destinaran-a-programas-prioritarios-alfonso-durazo-montano\/#primaryimage","url":"https:\/\/www.sonoraenequipo.com.mx\/storage\/2021\/08\/adm-impuestos.jpg","contentUrl":"https:\/\/www.sonoraenequipo.com.mx\/storage\/2021\/08\/adm-impuestos.jpg","width":700,"height":400},{"@type":"BreadcrumbList","@id":"https:\/\/www.sonoraenequipo.com.mx\/en-mi-gobierno-los-ahorros-se-destinaran-a-programas-prioritarios-alfonso-durazo-montano\/#breadcrumb","itemListElement":[{"@type":"ListItem","position":1,"name":"Portada","item":"https:\/\/www.sonoraenequipo.com.mx\/"},{"@type":"ListItem","position":2,"name":"En mi gobierno los ahorros se destinar\u00e1n a programas prioritarios: Alfonso Durazo"}]},{"@type":"WebSite","@id":"https:\/\/www.sonoraenequipo.com.mx\/#website","url":"https:\/\/www.sonoraenequipo.com.mx\/","name":"Sonora en Equipo.","description":"Diario en l\u00ednea con Noticias desde Hermosillo, Sonora","publisher":{"@id":"https:\/\/www.sonoraenequipo.com.mx\/#organization"},"potentialAction":[{"@type":"SearchAction","target":{"@type":"EntryPoint","urlTemplate":"https:\/\/www.sonoraenequipo.com.mx\/?s={search_term_string}"},"query-input":{"@type":"PropertyValueSpecification","valueRequired":true,"valueName":"search_term_string"}}],"inLanguage":"es"},{"@type":"Organization","@id":"https:\/\/www.sonoraenequipo.com.mx\/#organization","name":"Sonoraenequipo.com.mx","url":"https:\/\/www.sonoraenequipo.com.mx\/","logo":{"@type":"ImageObject","inLanguage":"es","@id":"https:\/\/www.sonoraenequipo.com.mx\/#\/schema\/logo\/image\/","url":"https:\/\/www.sonoraenequipo.com.mx\/storage\/2019\/01\/sonoraenequipo_opt.png","contentUrl":"https:\/\/www.sonoraenequipo.com.mx\/storage\/2019\/01\/sonoraenequipo_opt.png","width":375,"height":125,"caption":"Sonoraenequipo.com.mx"},"image":{"@id":"https:\/\/www.sonoraenequipo.com.mx\/#\/schema\/logo\/image\/"},"sameAs":["https:\/\/www.facebook.com\/SonoraEE\/","https:\/\/x.com\/sonoraenequipo","https:\/\/www.youtube.com\/channel\/UC338nW-lPEYmJQs4ZABQ1SQ"]},{"@type":"Person","@id":"https:\/\/www.sonoraenequipo.com.mx\/#\/schema\/person\/50102df0fb23a8fa9e8effad8fa81386","name":"enequipo","image":{"@type":"ImageObject","inLanguage":"es","@id":"https:\/\/www.sonoraenequipo.com.mx\/#\/schema\/person\/image\/","url":"https:\/\/secure.gravatar.com\/avatar\/049821681b589dabc0bc20695993ccebb09f5b5d4d790cd9251b97faac7c652b?s=96&d=blank&r=g","contentUrl":"https:\/\/secure.gravatar.com\/avatar\/049821681b589dabc0bc20695993ccebb09f5b5d4d790cd9251b97faac7c652b?s=96&d=blank&r=g","caption":"enequipo"},"sameAs":["https:\/\/www.facebook.com\/SonoraEE"]}]}},"jetpack_featured_media_url":"https:\/\/www.sonoraenequipo.com.mx\/storage\/2021\/08\/adm-impuestos.jpg","_links":{"self":[{"href":"https:\/\/www.sonoraenequipo.com.mx\/api\/wp\/v2\/posts\/119628","targetHints":{"allow":["GET"]}}],"collection":[{"href":"https:\/\/www.sonoraenequipo.com.mx\/api\/wp\/v2\/posts"}],"about":[{"href":"https:\/\/www.sonoraenequipo.com.mx\/api\/wp\/v2\/types\/post"}],"author":[{"embeddable":true,"href":"https:\/\/www.sonoraenequipo.com.mx\/api\/wp\/v2\/users\/1"}],"replies":[{"embeddable":true,"href":"https:\/\/www.sonoraenequipo.com.mx\/api\/wp\/v2\/comments?post=119628"}],"version-history":[{"count":2,"href":"https:\/\/www.sonoraenequipo.com.mx\/api\/wp\/v2\/posts\/119628\/revisions"}],"predecessor-version":[{"id":119631,"href":"https:\/\/www.sonoraenequipo.com.mx\/api\/wp\/v2\/posts\/119628\/revisions\/119631"}],"wp:featuredmedia":[{"embeddable":true,"href":"https:\/\/www.sonoraenequipo.com.mx\/api\/wp\/v2\/media\/119629"}],"wp:attachment":[{"href":"https:\/\/www.sonoraenequipo.com.mx\/api\/wp\/v2\/media?parent=119628"}],"wp:term":[{"taxonomy":"category","embeddable":true,"href":"https:\/\/www.sonoraenequipo.com.mx\/api\/wp\/v2\/categories?post=119628"},{"taxonomy":"post_tag","embeddable":true,"href":"https:\/\/www.sonoraenequipo.com.mx\/api\/wp\/v2\/tags?post=119628"}],"curies":[{"name":"wp","href":"https:\/\/api.w.org\/{rel}","templated":true}]}}