{"id":119641,"date":"2021-08-02T22:45:50","date_gmt":"2021-08-03T05:45:50","guid":{"rendered":"https:\/\/www.sonoraenequipo.com.mx\/?p=119641"},"modified":"2021-08-03T15:01:08","modified_gmt":"2021-08-03T22:01:08","slug":"alfonso-durazo-el-gobernador-electo-en-busca-de-grandes-inversionistas-para-sonora","status":"publish","type":"post","link":"https:\/\/www.sonoraenequipo.com.mx\/alfonso-durazo-el-gobernador-electo-en-busca-de-grandes-inversionistas-para-sonora\/","title":{"rendered":"Alfonso Durazo, el gobernador electo en busca de grandes inversionistas para Sonora"},"content":{"rendered":"<p>HERMOSILLO, SONORA.MX. \u2014 El turismo, infraestructura y la generaci\u00f3n de energ\u00edas limpias para Sonora fueron los principales temas que se vieron con representantes de distintos sectores en la gira por Estados Unidos que realiz\u00f3 el gobernador electo.<\/p>\n<p>&nbsp;<\/p>\n<p> <\/p>\n<p>&nbsp;<\/p>\n<p>Alfonso Durazo Monta\u00f1o inform\u00f3 que en su recorrido con representantes acad\u00e9micos, empresarios, autoridades estadounidenses, del Banco Interamericano de Desarrollo y Banco Mundial, sostuvo varias reuniones con el fin de buscar posibilidades de colaboraci\u00f3n.<\/p>\n<p>&nbsp;<\/p>\n<p>Lo que se busca es que Sonora est\u00e9 en el mapa para futuras inversiones, dijo, sobre todo en el potencial tur\u00edstico que representa el Mar de Cortez, con un impacto social y ambiental.<\/p>\n<p><em>\u201cEl objetivo es que ellos que tratan con grandes inversionistas, tengan en el mapa el potencial para poder invertir que representa el estado de Sonora\u201d<\/em>, dijo.<\/p>\n<p>&nbsp;<\/p>\n<p>Sostuvo una reuni\u00f3n con acad\u00e9micos de Harvard para que en coordinaci\u00f3n con centros de educaci\u00f3n superior puedan hacer investigaciones sociales y medio ambientales de empresas en coordinaci\u00f3n con las inversiones que se establezcan en el estado.<\/p>\n<p>Mencion\u00f3 que en los pr\u00f3ximos d\u00edas sostendr\u00e1 una reuni\u00f3n con inversionistas de California para poder aterrizar proyectos de inversi\u00f3n en Sonora.<\/p>\n<p>Se reuni\u00f3 con el vicepresidente de la Universidad de Arizona con posibilidades de colaboraci\u00f3n para fortalecer lazos que ya existen con instituciones como Unison, Itson, Colson y ampliar el abanico de posibilidades.<\/p>\n<p>Sobre el proceso de entrega recepci\u00f3n en compa\u00f1\u00eda con el coordinador, Omar del Valle Colosio, destac\u00f3 que la estabilizaci\u00f3n de las finanzas del gobierno del estado ser\u00e1 imprescindible para formalizar los proyectos que ha anunciado por ello se creo un grupo enfocado para ello.<\/p>\n<p><em>\u201cEste grupo de estabilizaci\u00f3n tendr\u00e1 tres vertientes, el primero que buscar\u00e1 las opciones de ahorro en el ejercicio del gasto, d\u00f3nde podemos reducir gastos sin afectar los derechos de los trabajadores de base. Otro grupo busca las formas de optimizar los ingresos del estado y el otro sobre la reorientaci\u00f3n del gasto\u201d<\/em>, se\u00f1al\u00f3.<\/p>\n<p>Adem\u00e1s recalc\u00f3 que no se crear\u00edan nuevos impuestos y buscar\u00e1 disminuir, en la medida de lo posible la deuda p\u00fablica.<\/p>\n<h3>\nSeguridad en Sonora<\/h3>\n<p>&nbsp;<\/p>\n<p>Sobre los hechos ocurridos en Magdalena hace unos d\u00edas, mencion\u00f3 que solicit\u00f3 al Gobierno del Estado y a la Fiscal\u00eda del Estado que se le mantuviera al tanto, pero se avocar\u00e1 en ello cuando sea su momento.<\/p>\n<p>&nbsp;<\/p>\n<p><em>\u201cEstoy al tanto de los acontecimientos de violencia, no es en este momento mi responsabilidad, pero lo ser\u00e1 y me aplicar\u00e9, no es un tema f\u00e1cil, pero tiene soluci\u00f3n\u201d, asever\u00f3, \u201cdebemos mejorar est\u00e1ndares de seguridad porque la inseguridad es una de las variables que desestiman las inversiones en el estado\u201d.<\/em><\/p>\n<p><a class=\"twitter-timeline\" data-width=\"640\" data-height=\"960\" data-dnt=\"true\" href=\"https:\/\/twitter.com\/AlfonsoDurazo?ref_src=twsrc%5Etfw\">Tweets by AlfonsoDurazo<\/a><script async src=\"https:\/\/platform.twitter.com\/widgets.js\" charset=\"utf-8\"><\/script><\/p>\n<p>&nbsp;<\/p>\n<p>&nbsp;<\/p>\n<p>&nbsp;<\/p>\n<p>(Publicada el 02\/08\/2021)<\/p>\n","protected":false},"excerpt":{"rendered":"<p>HERMOSILLO, SONORA.MX. \u2014 El turismo, infraestructura y la generaci\u00f3n de energ\u00edas limpias para Sonora fueron&#8230;<\/p>\n","protected":false},"author":1,"featured_media":119589,"comment_status":"open","ping_status":"open","sticky":false,"template":"","format":"standard","meta":{"_monsterinsights_skip_tracking":false,"_monsterinsights_sitenote_active":false,"_monsterinsights_sitenote_note":"","_monsterinsights_sitenote_category":0,"footnotes":""},"categories":[22],"tags":[],"class_list":["post"],"yoast_head":" \n<title>Sonora en Equipo. Alfonso Durazo, el gobernador electo en busca de grandes inversionistas para Sonora Sonora<\/title>\n<meta name=\"description\" content=\"HERMOSILLO, SONORA.MX. \u2014 El turismo, infraestructura y la generaci\u00f3n de energ\u00edas limpias para Sonora fueron los principales temas que se vieron con En Sonora en Equipo publicamos toda la informaci\u00f3n de Sonora, M\u00e9xico y el Mundo de manera oportuna y busca que la libertad de expresi\u00f3n sea real. Visita nuestro medio informativo publicado desde Hermosillo, Sonora. %\" \/>\n<meta name=\"robots\" content=\"index, follow, max-snippet:-1, max-image-preview:large, max-video-preview:-1\" \/>\n<link rel=\"canonical\" href=\"https:\/\/www.sonoraenequipo.com.mx\/alfonso-durazo-el-gobernador-electo-en-busca-de-grandes-inversionistas-para-sonora\/\" \/>\n<meta property=\"og:locale\" content=\"es_ES\" \/>\n<meta property=\"og:type\" content=\"article\" \/>\n<meta property=\"og:title\" content=\"Sonora en Equipo. Alfonso Durazo, el gobernador electo en busca de grandes inversionistas para Sonora Sonora\" \/>\n<meta property=\"og:description\" content=\"HERMOSILLO, SONORA.MX. \u2014 El turismo, infraestructura y la generaci\u00f3n de energ\u00edas limpias para Sonora fueron los principales temas que se vieron con En Sonora en Equipo publicamos toda la informaci\u00f3n de Sonora, M\u00e9xico y el Mundo de manera oportuna y busca que la libertad de expresi\u00f3n sea real. Visita nuestro medio informativo publicado desde Hermosillo, Sonora. %\" \/>\n<meta property=\"og:url\" content=\"https:\/\/www.sonoraenequipo.com.mx\/alfonso-durazo-el-gobernador-electo-en-busca-de-grandes-inversionistas-para-sonora\/\" \/>\n<meta property=\"og:site_name\" content=\"Sonora en Equipo.\" \/>\n<meta property=\"article:publisher\" content=\"https:\/\/www.facebook.com\/SonoraEE\/\" \/>\n<meta property=\"article:author\" content=\"https:\/\/www.facebook.com\/SonoraEE\" \/>\n<meta property=\"article:published_time\" content=\"2021-08-03T05:45:50+00:00\" \/>\n<meta property=\"article:modified_time\" content=\"2021-08-03T22:01:08+00:00\" \/>\n<meta property=\"og:image\" content=\"https:\/\/www.sonoraenequipo.com.mx\/storage\/2021\/08\/Durazo_nuevo-gobierno_opt.jpg\" \/>\n\t<meta property=\"og:image:width\" content=\"700\" \/>\n\t<meta property=\"og:image:height\" content=\"400\" \/>\n\t<meta property=\"og:image:type\" content=\"image\/jpeg\" \/>\n<meta name=\"author\" content=\"enequipo\" \/>\n<meta name=\"twitter:card\" content=\"summary_large_image\" \/>\n<meta name=\"twitter:creator\" content=\"@sonoraenequipo\" \/>\n<meta name=\"twitter:site\" content=\"@sonoraenequipo\" \/>\n<meta name=\"twitter:label1\" content=\"Escrito por\" \/>\n\t<meta name=\"twitter:data1\" content=\"enequipo\" \/>\n\t<meta name=\"twitter:label2\" content=\"Tiempo de lectura\" \/>\n\t<meta name=\"twitter:data2\" content=\"2 minutos\" \/>\n<script type=\"application\/ld+json\" class=\"yoast-schema-graph\">{\"@context\":\"https:\/\/schema.org\",\"@graph\":[{\"@type\":\"Article\",\"@id\":\"https:\/\/www.sonoraenequipo.com.mx\/alfonso-durazo-el-gobernador-electo-en-busca-de-grandes-inversionistas-para-sonora\/#article\",\"isPartOf\":{\"@id\":\"https:\/\/www.sonoraenequipo.com.mx\/alfonso-durazo-el-gobernador-electo-en-busca-de-grandes-inversionistas-para-sonora\/\"},\"author\":{\"name\":\"enequipo\",\"@id\":\"https:\/\/www.sonoraenequipo.com.mx\/#\/schema\/person\/50102df0fb23a8fa9e8effad8fa81386\"},\"headline\":\"Alfonso Durazo, el gobernador electo en busca de grandes inversionistas para Sonora\",\"datePublished\":\"2021-08-03T05:45:50+00:00\",\"dateModified\":\"2021-08-03T22:01:08+00:00\",\"mainEntityOfPage\":{\"@id\":\"https:\/\/www.sonoraenequipo.com.mx\/alfonso-durazo-el-gobernador-electo-en-busca-de-grandes-inversionistas-para-sonora\/\"},\"wordCount\":483,\"commentCount\":0,\"publisher\":{\"@id\":\"https:\/\/www.sonoraenequipo.com.mx\/#organization\"},\"image\":{\"@id\":\"https:\/\/www.sonoraenequipo.com.mx\/alfonso-durazo-el-gobernador-electo-en-busca-de-grandes-inversionistas-para-sonora\/#primaryimage\"},\"thumbnailUrl\":\"https:\/\/www.sonoraenequipo.com.mx\/storage\/2021\/08\/Durazo_nuevo-gobierno_opt.jpg\",\"articleSection\":[\"Sonora\"],\"inLanguage\":\"es\",\"potentialAction\":[{\"@type\":\"CommentAction\",\"name\":\"Comment\",\"target\":[\"https:\/\/www.sonoraenequipo.com.mx\/alfonso-durazo-el-gobernador-electo-en-busca-de-grandes-inversionistas-para-sonora\/#respond\"]}]},{\"@type\":\"WebPage\",\"@id\":\"https:\/\/www.sonoraenequipo.com.mx\/alfonso-durazo-el-gobernador-electo-en-busca-de-grandes-inversionistas-para-sonora\/\",\"url\":\"https:\/\/www.sonoraenequipo.com.mx\/alfonso-durazo-el-gobernador-electo-en-busca-de-grandes-inversionistas-para-sonora\/\",\"name\":\"Sonora en Equipo. Alfonso Durazo, el gobernador electo en busca de grandes inversionistas para Sonora Sonora\",\"isPartOf\":{\"@id\":\"https:\/\/www.sonoraenequipo.com.mx\/#website\"},\"primaryImageOfPage\":{\"@id\":\"https:\/\/www.sonoraenequipo.com.mx\/alfonso-durazo-el-gobernador-electo-en-busca-de-grandes-inversionistas-para-sonora\/#primaryimage\"},\"image\":{\"@id\":\"https:\/\/www.sonoraenequipo.com.mx\/alfonso-durazo-el-gobernador-electo-en-busca-de-grandes-inversionistas-para-sonora\/#primaryimage\"},\"thumbnailUrl\":\"https:\/\/www.sonoraenequipo.com.mx\/storage\/2021\/08\/Durazo_nuevo-gobierno_opt.jpg\",\"datePublished\":\"2021-08-03T05:45:50+00:00\",\"dateModified\":\"2021-08-03T22:01:08+00:00\",\"description\":\"HERMOSILLO, SONORA.MX. \u2014 El turismo, infraestructura y la generaci\u00f3n de energ\u00edas limpias para Sonora fueron los principales temas que se vieron con En Sonora en Equipo publicamos toda la informaci\u00f3n de Sonora, M\u00e9xico y el Mundo de manera oportuna y busca que la libertad de expresi\u00f3n sea real. Visita nuestro medio informativo publicado desde Hermosillo, Sonora. %\",\"breadcrumb\":{\"@id\":\"https:\/\/www.sonoraenequipo.com.mx\/alfonso-durazo-el-gobernador-electo-en-busca-de-grandes-inversionistas-para-sonora\/#breadcrumb\"},\"inLanguage\":\"es\",\"potentialAction\":[{\"@type\":\"ReadAction\",\"target\":[\"https:\/\/www.sonoraenequipo.com.mx\/alfonso-durazo-el-gobernador-electo-en-busca-de-grandes-inversionistas-para-sonora\/\"]}]},{\"@type\":\"ImageObject\",\"inLanguage\":\"es\",\"@id\":\"https:\/\/www.sonoraenequipo.com.mx\/alfonso-durazo-el-gobernador-electo-en-busca-de-grandes-inversionistas-para-sonora\/#primaryimage\",\"url\":\"https:\/\/www.sonoraenequipo.com.mx\/storage\/2021\/08\/Durazo_nuevo-gobierno_opt.jpg\",\"contentUrl\":\"https:\/\/www.sonoraenequipo.com.mx\/storage\/2021\/08\/Durazo_nuevo-gobierno_opt.jpg\",\"width\":700,\"height\":400},{\"@type\":\"BreadcrumbList\",\"@id\":\"https:\/\/www.sonoraenequipo.com.mx\/alfonso-durazo-el-gobernador-electo-en-busca-de-grandes-inversionistas-para-sonora\/#breadcrumb\",\"itemListElement\":[{\"@type\":\"ListItem\",\"position\":1,\"name\":\"Portada\",\"item\":\"https:\/\/www.sonoraenequipo.com.mx\/\"},{\"@type\":\"ListItem\",\"position\":2,\"name\":\"Alfonso Durazo, el gobernador electo en busca de grandes inversionistas para Sonora\"}]},{\"@type\":\"WebSite\",\"@id\":\"https:\/\/www.sonoraenequipo.com.mx\/#website\",\"url\":\"https:\/\/www.sonoraenequipo.com.mx\/\",\"name\":\"Sonora en Equipo.\",\"description\":\"Diario en l\u00ednea con Noticias desde Hermosillo, Sonora\",\"publisher\":{\"@id\":\"https:\/\/www.sonoraenequipo.com.mx\/#organization\"},\"potentialAction\":[{\"@type\":\"SearchAction\",\"target\":{\"@type\":\"EntryPoint\",\"urlTemplate\":\"https:\/\/www.sonoraenequipo.com.mx\/?s={search_term_string}\"},\"query-input\":{\"@type\":\"PropertyValueSpecification\",\"valueRequired\":true,\"valueName\":\"search_term_string\"}}],\"inLanguage\":\"es\"},{\"@type\":\"Organization\",\"@id\":\"https:\/\/www.sonoraenequipo.com.mx\/#organization\",\"name\":\"Sonoraenequipo.com.mx\",\"url\":\"https:\/\/www.sonoraenequipo.com.mx\/\",\"logo\":{\"@type\":\"ImageObject\",\"inLanguage\":\"es\",\"@id\":\"https:\/\/www.sonoraenequipo.com.mx\/#\/schema\/logo\/image\/\",\"url\":\"https:\/\/www.sonoraenequipo.com.mx\/storage\/2019\/01\/sonoraenequipo_opt.png\",\"contentUrl\":\"https:\/\/www.sonoraenequipo.com.mx\/storage\/2019\/01\/sonoraenequipo_opt.png\",\"width\":375,\"height\":125,\"caption\":\"Sonoraenequipo.com.mx\"},\"image\":{\"@id\":\"https:\/\/www.sonoraenequipo.com.mx\/#\/schema\/logo\/image\/\"},\"sameAs\":[\"https:\/\/www.facebook.com\/SonoraEE\/\",\"https:\/\/x.com\/sonoraenequipo\",\"https:\/\/www.youtube.com\/channel\/UC338nW-lPEYmJQs4ZABQ1SQ\"]},{\"@type\":\"Person\",\"@id\":\"https:\/\/www.sonoraenequipo.com.mx\/#\/schema\/person\/50102df0fb23a8fa9e8effad8fa81386\",\"name\":\"enequipo\",\"image\":{\"@type\":\"ImageObject\",\"inLanguage\":\"es\",\"@id\":\"https:\/\/www.sonoraenequipo.com.mx\/#\/schema\/person\/image\/\",\"url\":\"https:\/\/secure.gravatar.com\/avatar\/049821681b589dabc0bc20695993ccebb09f5b5d4d790cd9251b97faac7c652b?s=96&d=blank&r=g\",\"contentUrl\":\"https:\/\/secure.gravatar.com\/avatar\/049821681b589dabc0bc20695993ccebb09f5b5d4d790cd9251b97faac7c652b?s=96&d=blank&r=g\",\"caption\":\"enequipo\"},\"sameAs\":[\"https:\/\/www.facebook.com\/SonoraEE\"]}]}<\/script>\n ","yoast_head_json":{"title":"Sonora en Equipo. Alfonso Durazo, el gobernador electo en busca de grandes inversionistas para Sonora Sonora","description":"HERMOSILLO, SONORA.MX. \u2014 El turismo, infraestructura y la generaci\u00f3n de energ\u00edas limpias para Sonora fueron los principales temas que se vieron con En Sonora en Equipo publicamos toda la informaci\u00f3n de Sonora, M\u00e9xico y el Mundo de manera oportuna y busca que la libertad de expresi\u00f3n sea real. Visita nuestro medio informativo publicado desde Hermosillo, Sonora. %","robots":{"index":"index","follow":"follow","max-snippet":"max-snippet:-1","max-image-preview":"max-image-preview:large","max-video-preview":"max-video-preview:-1"},"canonical":"https:\/\/www.sonoraenequipo.com.mx\/alfonso-durazo-el-gobernador-electo-en-busca-de-grandes-inversionistas-para-sonora\/","og_locale":"es_ES","og_type":"article","og_title":"Sonora en Equipo. Alfonso Durazo, el gobernador electo en busca de grandes inversionistas para Sonora Sonora","og_description":"HERMOSILLO, SONORA.MX. \u2014 El turismo, infraestructura y la generaci\u00f3n de energ\u00edas limpias para Sonora fueron los principales temas que se vieron con En Sonora en Equipo publicamos toda la informaci\u00f3n de Sonora, M\u00e9xico y el Mundo de manera oportuna y busca que la libertad de expresi\u00f3n sea real. Visita nuestro medio informativo publicado desde Hermosillo, Sonora. %","og_url":"https:\/\/www.sonoraenequipo.com.mx\/alfonso-durazo-el-gobernador-electo-en-busca-de-grandes-inversionistas-para-sonora\/","og_site_name":"Sonora en Equipo.","article_publisher":"https:\/\/www.facebook.com\/SonoraEE\/","article_author":"https:\/\/www.facebook.com\/SonoraEE","article_published_time":"2021-08-03T05:45:50+00:00","article_modified_time":"2021-08-03T22:01:08+00:00","og_image":[{"width":700,"height":400,"url":"https:\/\/www.sonoraenequipo.com.mx\/storage\/2021\/08\/Durazo_nuevo-gobierno_opt.jpg","type":"image\/jpeg"}],"author":"enequipo","twitter_card":"summary_large_image","twitter_creator":"@sonoraenequipo","twitter_site":"@sonoraenequipo","twitter_misc":{"Escrito por":"enequipo","Tiempo de lectura":"2 minutos"},"schema":{"@context":"https:\/\/schema.org","@graph":[{"@type":"Article","@id":"https:\/\/www.sonoraenequipo.com.mx\/alfonso-durazo-el-gobernador-electo-en-busca-de-grandes-inversionistas-para-sonora\/#article","isPartOf":{"@id":"https:\/\/www.sonoraenequipo.com.mx\/alfonso-durazo-el-gobernador-electo-en-busca-de-grandes-inversionistas-para-sonora\/"},"author":{"name":"enequipo","@id":"https:\/\/www.sonoraenequipo.com.mx\/#\/schema\/person\/50102df0fb23a8fa9e8effad8fa81386"},"headline":"Alfonso Durazo, el gobernador electo en busca de grandes inversionistas para Sonora","datePublished":"2021-08-03T05:45:50+00:00","dateModified":"2021-08-03T22:01:08+00:00","mainEntityOfPage":{"@id":"https:\/\/www.sonoraenequipo.com.mx\/alfonso-durazo-el-gobernador-electo-en-busca-de-grandes-inversionistas-para-sonora\/"},"wordCount":483,"commentCount":0,"publisher":{"@id":"https:\/\/www.sonoraenequipo.com.mx\/#organization"},"image":{"@id":"https:\/\/www.sonoraenequipo.com.mx\/alfonso-durazo-el-gobernador-electo-en-busca-de-grandes-inversionistas-para-sonora\/#primaryimage"},"thumbnailUrl":"https:\/\/www.sonoraenequipo.com.mx\/storage\/2021\/08\/Durazo_nuevo-gobierno_opt.jpg","articleSection":["Sonora"],"inLanguage":"es","potentialAction":[{"@type":"CommentAction","name":"Comment","target":["https:\/\/www.sonoraenequipo.com.mx\/alfonso-durazo-el-gobernador-electo-en-busca-de-grandes-inversionistas-para-sonora\/#respond"]}]},{"@type":"WebPage","@id":"https:\/\/www.sonoraenequipo.com.mx\/alfonso-durazo-el-gobernador-electo-en-busca-de-grandes-inversionistas-para-sonora\/","url":"https:\/\/www.sonoraenequipo.com.mx\/alfonso-durazo-el-gobernador-electo-en-busca-de-grandes-inversionistas-para-sonora\/","name":"Sonora en Equipo. Alfonso Durazo, el gobernador electo en busca de grandes inversionistas para Sonora Sonora","isPartOf":{"@id":"https:\/\/www.sonoraenequipo.com.mx\/#website"},"primaryImageOfPage":{"@id":"https:\/\/www.sonoraenequipo.com.mx\/alfonso-durazo-el-gobernador-electo-en-busca-de-grandes-inversionistas-para-sonora\/#primaryimage"},"image":{"@id":"https:\/\/www.sonoraenequipo.com.mx\/alfonso-durazo-el-gobernador-electo-en-busca-de-grandes-inversionistas-para-sonora\/#primaryimage"},"thumbnailUrl":"https:\/\/www.sonoraenequipo.com.mx\/storage\/2021\/08\/Durazo_nuevo-gobierno_opt.jpg","datePublished":"2021-08-03T05:45:50+00:00","dateModified":"2021-08-03T22:01:08+00:00","description":"HERMOSILLO, SONORA.MX. \u2014 El turismo, infraestructura y la generaci\u00f3n de energ\u00edas limpias para Sonora fueron los principales temas que se vieron con En Sonora en Equipo publicamos toda la informaci\u00f3n de Sonora, M\u00e9xico y el Mundo de manera oportuna y busca que la libertad de expresi\u00f3n sea real. Visita nuestro medio informativo publicado desde Hermosillo, Sonora. %","breadcrumb":{"@id":"https:\/\/www.sonoraenequipo.com.mx\/alfonso-durazo-el-gobernador-electo-en-busca-de-grandes-inversionistas-para-sonora\/#breadcrumb"},"inLanguage":"es","potentialAction":[{"@type":"ReadAction","target":["https:\/\/www.sonoraenequipo.com.mx\/alfonso-durazo-el-gobernador-electo-en-busca-de-grandes-inversionistas-para-sonora\/"]}]},{"@type":"ImageObject","inLanguage":"es","@id":"https:\/\/www.sonoraenequipo.com.mx\/alfonso-durazo-el-gobernador-electo-en-busca-de-grandes-inversionistas-para-sonora\/#primaryimage","url":"https:\/\/www.sonoraenequipo.com.mx\/storage\/2021\/08\/Durazo_nuevo-gobierno_opt.jpg","contentUrl":"https:\/\/www.sonoraenequipo.com.mx\/storage\/2021\/08\/Durazo_nuevo-gobierno_opt.jpg","width":700,"height":400},{"@type":"BreadcrumbList","@id":"https:\/\/www.sonoraenequipo.com.mx\/alfonso-durazo-el-gobernador-electo-en-busca-de-grandes-inversionistas-para-sonora\/#breadcrumb","itemListElement":[{"@type":"ListItem","position":1,"name":"Portada","item":"https:\/\/www.sonoraenequipo.com.mx\/"},{"@type":"ListItem","position":2,"name":"Alfonso Durazo, el gobernador electo en busca de grandes inversionistas para Sonora"}]},{"@type":"WebSite","@id":"https:\/\/www.sonoraenequipo.com.mx\/#website","url":"https:\/\/www.sonoraenequipo.com.mx\/","name":"Sonora en Equipo.","description":"Diario en l\u00ednea con Noticias desde Hermosillo, Sonora","publisher":{"@id":"https:\/\/www.sonoraenequipo.com.mx\/#organization"},"potentialAction":[{"@type":"SearchAction","target":{"@type":"EntryPoint","urlTemplate":"https:\/\/www.sonoraenequipo.com.mx\/?s={search_term_string}"},"query-input":{"@type":"PropertyValueSpecification","valueRequired":true,"valueName":"search_term_string"}}],"inLanguage":"es"},{"@type":"Organization","@id":"https:\/\/www.sonoraenequipo.com.mx\/#organization","name":"Sonoraenequipo.com.mx","url":"https:\/\/www.sonoraenequipo.com.mx\/","logo":{"@type":"ImageObject","inLanguage":"es","@id":"https:\/\/www.sonoraenequipo.com.mx\/#\/schema\/logo\/image\/","url":"https:\/\/www.sonoraenequipo.com.mx\/storage\/2019\/01\/sonoraenequipo_opt.png","contentUrl":"https:\/\/www.sonoraenequipo.com.mx\/storage\/2019\/01\/sonoraenequipo_opt.png","width":375,"height":125,"caption":"Sonoraenequipo.com.mx"},"image":{"@id":"https:\/\/www.sonoraenequipo.com.mx\/#\/schema\/logo\/image\/"},"sameAs":["https:\/\/www.facebook.com\/SonoraEE\/","https:\/\/x.com\/sonoraenequipo","https:\/\/www.youtube.com\/channel\/UC338nW-lPEYmJQs4ZABQ1SQ"]},{"@type":"Person","@id":"https:\/\/www.sonoraenequipo.com.mx\/#\/schema\/person\/50102df0fb23a8fa9e8effad8fa81386","name":"enequipo","image":{"@type":"ImageObject","inLanguage":"es","@id":"https:\/\/www.sonoraenequipo.com.mx\/#\/schema\/person\/image\/","url":"https:\/\/secure.gravatar.com\/avatar\/049821681b589dabc0bc20695993ccebb09f5b5d4d790cd9251b97faac7c652b?s=96&d=blank&r=g","contentUrl":"https:\/\/secure.gravatar.com\/avatar\/049821681b589dabc0bc20695993ccebb09f5b5d4d790cd9251b97faac7c652b?s=96&d=blank&r=g","caption":"enequipo"},"sameAs":["https:\/\/www.facebook.com\/SonoraEE"]}]}},"jetpack_featured_media_url":"https:\/\/www.sonoraenequipo.com.mx\/storage\/2021\/08\/Durazo_nuevo-gobierno_opt.jpg","_links":{"self":[{"href":"https:\/\/www.sonoraenequipo.com.mx\/api\/wp\/v2\/posts\/119641","targetHints":{"allow":["GET"]}}],"collection":[{"href":"https:\/\/www.sonoraenequipo.com.mx\/api\/wp\/v2\/posts"}],"about":[{"href":"https:\/\/www.sonoraenequipo.com.mx\/api\/wp\/v2\/types\/post"}],"author":[{"embeddable":true,"href":"https:\/\/www.sonoraenequipo.com.mx\/api\/wp\/v2\/users\/1"}],"replies":[{"embeddable":true,"href":"https:\/\/www.sonoraenequipo.com.mx\/api\/wp\/v2\/comments?post=119641"}],"version-history":[{"count":1,"href":"https:\/\/www.sonoraenequipo.com.mx\/api\/wp\/v2\/posts\/119641\/revisions"}],"predecessor-version":[{"id":119645,"href":"https:\/\/www.sonoraenequipo.com.mx\/api\/wp\/v2\/posts\/119641\/revisions\/119645"}],"wp:featuredmedia":[{"embeddable":true,"href":"https:\/\/www.sonoraenequipo.com.mx\/api\/wp\/v2\/media\/119589"}],"wp:attachment":[{"href":"https:\/\/www.sonoraenequipo.com.mx\/api\/wp\/v2\/media?parent=119641"}],"wp:term":[{"taxonomy":"category","embeddable":true,"href":"https:\/\/www.sonoraenequipo.com.mx\/api\/wp\/v2\/categories?post=119641"},{"taxonomy":"post_tag","embeddable":true,"href":"https:\/\/www.sonoraenequipo.com.mx\/api\/wp\/v2\/tags?post=119641"}],"curies":[{"name":"wp","href":"https:\/\/api.w.org\/{rel}","templated":true}]}}