{"id":119642,"date":"2021-08-02T18:14:49","date_gmt":"2021-08-03T01:14:49","guid":{"rendered":"https:\/\/www.sonoraenequipo.com.mx\/?p=119642"},"modified":"2021-08-02T18:14:49","modified_gmt":"2021-08-03T01:14:49","slug":"nina-de-11-meses-sera-cuidada-por-una-familia-solidaria","status":"publish","type":"post","link":"https:\/\/www.sonoraenequipo.com.mx\/nina-de-11-meses-sera-cuidada-por-una-familia-solidaria\/","title":{"rendered":"Ni\u00f1a de 11 meses ser\u00e1 cuidada por una familia solidaria"},"content":{"rendered":"<p>HERMOSILLO, SONORA,MX.\u2500\u2500 \u00a0Sonora ha dado pasos sobresalientes en la restituci\u00f3n de los derechos humanos de ni\u00f1as, ni\u00f1os y adolescentes a trav\u00e9s del programa Familias Solidarias de DIF Sonora, asegur\u00f3 Wenceslao Cota Amador.<\/p>\n<p>&nbsp;<\/p>\n<p>El director de DIF Sonora se\u00f1al\u00f3 que se busca que el mayor n\u00famero de infantes se acoja dentro de este programa que en Sonora opera desde mayo del 2019, para lo cual la certificaci\u00f3n de personas es permanente dentro de la instituci\u00f3n.<\/p>\n<p>&nbsp;<\/p>\n<p>Explic\u00f3 que hace unos d\u00edas, una ni\u00f1a de 11 meses de nacida fue acogida dentro del seno familiar de Judith y Manuel, quienes junto a sus hijas la recibieron de manera temporal, en tanto concluye el proceso de reunificaci\u00f3n familiar con sus padres biol\u00f3gicos.<\/p>\n<p>&nbsp;<\/p>\n<p>\u201cEstamos muy contentos y agradecidos con esta familia, quienes realizaron el procedimiento en nuestra instituci\u00f3n y han recibido la certificaci\u00f3n como Familia Solidaria; ellos son un gran ejemplo porque es la segunda ocasi\u00f3n que participan con nosotros\u201d, manifest\u00f3.<\/p>\n<p>&nbsp;<\/p>\n<p>Cota Amador reiter\u00f3 el llamado a las familias de Sonora para que se integren a este noble programa, que cuida y contribuye en la sana formaci\u00f3n de ni\u00f1as, ni\u00f1os y adolescentes que se encuentran bajo el cuidado del Estado.<\/p>\n<p>&nbsp;<\/p>\n<p>Quienes est\u00e9n interesados pueden acercarse a la Procuradur\u00eda de Protecci\u00f3n de Ni\u00f1as, Ni\u00f1os y Adolescentes y cumplir con los tr\u00e1mites de certificaci\u00f3n, proceso que no dura m\u00e1s de dos meses.<\/p>\n<p>&nbsp;<\/p>\n<p>Wenceslao Cota manifest\u00f3 que este programa ha tenido gran \u00e9xito al cumplir con su objetivo de evitar la institucionalizaci\u00f3n de los infantes y permitirles su desarrollo y crecimiento dentro del seno de una familia.<\/p>\n<p>&nbsp;<\/p>\n<p>Para m\u00e1s informaci\u00f3n se pueden comunicar al tel\u00e9fono 662 338 3855 o enviar un correo a <a href=\"mailto:familias.solidarias@difson.gob.mx\">familias.solidarias@difson.gob.mx<\/a>.<\/p>\n<p>Fecha de Publicaci\u00f3n\u00a0 lunes\u00a0 \/ 02\u00a0\u00a0 \/ agosto \/ 2021<\/p>\n","protected":false},"excerpt":{"rendered":"<p>HERMOSILLO, SONORA,MX.\u2500\u2500 \u00a0Sonora ha dado pasos sobresalientes en la restituci\u00f3n de los derechos humanos de&#8230;<\/p>\n","protected":false},"author":1,"featured_media":119643,"comment_status":"open","ping_status":"open","sticky":false,"template":"","format":"standard","meta":{"_monsterinsights_skip_tracking":false,"_monsterinsights_sitenote_active":false,"_monsterinsights_sitenote_note":"","_monsterinsights_sitenote_category":0,"footnotes":""},"categories":[22],"tags":[5856],"class_list":["post"],"yoast_head":" \n<title>Sonora en Equipo. Ni\u00f1a de 11 meses ser\u00e1 cuidada por una familia solidaria Sonora<\/title>\n<meta name=\"description\" content=\"HERMOSILLO, SONORA,MX.\u2500\u2500 \u00a0Sonora ha dado pasos sobresalientes en la restituci\u00f3n de los derechos humanos de ni\u00f1as, ni\u00f1os y adolescentes a trav\u00e9s del En Sonora en Equipo publicamos toda la informaci\u00f3n de Sonora, M\u00e9xico y el Mundo de manera oportuna y busca que la libertad de expresi\u00f3n sea real. Visita nuestro medio informativo publicado desde Hermosillo, Sonora. %\" \/>\n<meta name=\"robots\" content=\"index, follow, max-snippet:-1, max-image-preview:large, max-video-preview:-1\" \/>\n<link rel=\"canonical\" href=\"https:\/\/www.sonoraenequipo.com.mx\/nina-de-11-meses-sera-cuidada-por-una-familia-solidaria\/\" \/>\n<meta property=\"og:locale\" content=\"es_ES\" \/>\n<meta property=\"og:type\" content=\"article\" \/>\n<meta property=\"og:title\" content=\"Sonora en Equipo. Ni\u00f1a de 11 meses ser\u00e1 cuidada por una familia solidaria Sonora\" \/>\n<meta property=\"og:description\" content=\"HERMOSILLO, SONORA,MX.\u2500\u2500 \u00a0Sonora ha dado pasos sobresalientes en la restituci\u00f3n de los derechos humanos de ni\u00f1as, ni\u00f1os y adolescentes a trav\u00e9s del En Sonora en Equipo publicamos toda la informaci\u00f3n de Sonora, M\u00e9xico y el Mundo de manera oportuna y busca que la libertad de expresi\u00f3n sea real. Visita nuestro medio informativo publicado desde Hermosillo, Sonora. %\" \/>\n<meta property=\"og:url\" content=\"https:\/\/www.sonoraenequipo.com.mx\/nina-de-11-meses-sera-cuidada-por-una-familia-solidaria\/\" \/>\n<meta property=\"og:site_name\" content=\"Sonora en Equipo.\" \/>\n<meta property=\"article:publisher\" content=\"https:\/\/www.facebook.com\/SonoraEE\/\" \/>\n<meta property=\"article:author\" content=\"https:\/\/www.facebook.com\/SonoraEE\" \/>\n<meta property=\"article:published_time\" content=\"2021-08-03T01:14:49+00:00\" \/>\n<meta property=\"og:image\" content=\"https:\/\/www.sonoraenequipo.com.mx\/storage\/2021\/08\/familias-solidarias2.jpg\" \/>\n\t<meta property=\"og:image:width\" content=\"700\" \/>\n\t<meta property=\"og:image:height\" content=\"400\" \/>\n\t<meta property=\"og:image:type\" content=\"image\/jpeg\" \/>\n<meta name=\"author\" content=\"enequipo\" \/>\n<meta name=\"twitter:card\" content=\"summary_large_image\" \/>\n<meta name=\"twitter:creator\" content=\"@sonoraenequipo\" \/>\n<meta name=\"twitter:site\" content=\"@sonoraenequipo\" \/>\n<meta name=\"twitter:label1\" content=\"Escrito por\" \/>\n\t<meta name=\"twitter:data1\" content=\"enequipo\" \/>\n\t<meta name=\"twitter:label2\" content=\"Tiempo de lectura\" \/>\n\t<meta name=\"twitter:data2\" content=\"2 minutos\" \/>\n<script type=\"application\/ld+json\" class=\"yoast-schema-graph\">{\"@context\":\"https:\/\/schema.org\",\"@graph\":[{\"@type\":\"Article\",\"@id\":\"https:\/\/www.sonoraenequipo.com.mx\/nina-de-11-meses-sera-cuidada-por-una-familia-solidaria\/#article\",\"isPartOf\":{\"@id\":\"https:\/\/www.sonoraenequipo.com.mx\/nina-de-11-meses-sera-cuidada-por-una-familia-solidaria\/\"},\"author\":{\"name\":\"enequipo\",\"@id\":\"https:\/\/www.sonoraenequipo.com.mx\/#\/schema\/person\/50102df0fb23a8fa9e8effad8fa81386\"},\"headline\":\"Ni\u00f1a de 11 meses ser\u00e1 cuidada por una familia solidaria\",\"datePublished\":\"2021-08-03T01:14:49+00:00\",\"mainEntityOfPage\":{\"@id\":\"https:\/\/www.sonoraenequipo.com.mx\/nina-de-11-meses-sera-cuidada-por-una-familia-solidaria\/\"},\"wordCount\":329,\"commentCount\":0,\"publisher\":{\"@id\":\"https:\/\/www.sonoraenequipo.com.mx\/#organization\"},\"image\":{\"@id\":\"https:\/\/www.sonoraenequipo.com.mx\/nina-de-11-meses-sera-cuidada-por-una-familia-solidaria\/#primaryimage\"},\"thumbnailUrl\":\"https:\/\/www.sonoraenequipo.com.mx\/storage\/2021\/08\/familias-solidarias2.jpg\",\"keywords\":[\"familias solidarias\"],\"articleSection\":[\"Sonora\"],\"inLanguage\":\"es\",\"potentialAction\":[{\"@type\":\"CommentAction\",\"name\":\"Comment\",\"target\":[\"https:\/\/www.sonoraenequipo.com.mx\/nina-de-11-meses-sera-cuidada-por-una-familia-solidaria\/#respond\"]}]},{\"@type\":\"WebPage\",\"@id\":\"https:\/\/www.sonoraenequipo.com.mx\/nina-de-11-meses-sera-cuidada-por-una-familia-solidaria\/\",\"url\":\"https:\/\/www.sonoraenequipo.com.mx\/nina-de-11-meses-sera-cuidada-por-una-familia-solidaria\/\",\"name\":\"Sonora en Equipo. Ni\u00f1a de 11 meses ser\u00e1 cuidada por una familia solidaria Sonora\",\"isPartOf\":{\"@id\":\"https:\/\/www.sonoraenequipo.com.mx\/#website\"},\"primaryImageOfPage\":{\"@id\":\"https:\/\/www.sonoraenequipo.com.mx\/nina-de-11-meses-sera-cuidada-por-una-familia-solidaria\/#primaryimage\"},\"image\":{\"@id\":\"https:\/\/www.sonoraenequipo.com.mx\/nina-de-11-meses-sera-cuidada-por-una-familia-solidaria\/#primaryimage\"},\"thumbnailUrl\":\"https:\/\/www.sonoraenequipo.com.mx\/storage\/2021\/08\/familias-solidarias2.jpg\",\"datePublished\":\"2021-08-03T01:14:49+00:00\",\"description\":\"HERMOSILLO, SONORA,MX.\u2500\u2500 \u00a0Sonora ha dado pasos sobresalientes en la restituci\u00f3n de los derechos humanos de ni\u00f1as, ni\u00f1os y adolescentes a trav\u00e9s del En Sonora en Equipo publicamos toda la informaci\u00f3n de Sonora, M\u00e9xico y el Mundo de manera oportuna y busca que la libertad de expresi\u00f3n sea real. Visita nuestro medio informativo publicado desde Hermosillo, Sonora. %\",\"breadcrumb\":{\"@id\":\"https:\/\/www.sonoraenequipo.com.mx\/nina-de-11-meses-sera-cuidada-por-una-familia-solidaria\/#breadcrumb\"},\"inLanguage\":\"es\",\"potentialAction\":[{\"@type\":\"ReadAction\",\"target\":[\"https:\/\/www.sonoraenequipo.com.mx\/nina-de-11-meses-sera-cuidada-por-una-familia-solidaria\/\"]}]},{\"@type\":\"ImageObject\",\"inLanguage\":\"es\",\"@id\":\"https:\/\/www.sonoraenequipo.com.mx\/nina-de-11-meses-sera-cuidada-por-una-familia-solidaria\/#primaryimage\",\"url\":\"https:\/\/www.sonoraenequipo.com.mx\/storage\/2021\/08\/familias-solidarias2.jpg\",\"contentUrl\":\"https:\/\/www.sonoraenequipo.com.mx\/storage\/2021\/08\/familias-solidarias2.jpg\",\"width\":700,\"height\":400},{\"@type\":\"BreadcrumbList\",\"@id\":\"https:\/\/www.sonoraenequipo.com.mx\/nina-de-11-meses-sera-cuidada-por-una-familia-solidaria\/#breadcrumb\",\"itemListElement\":[{\"@type\":\"ListItem\",\"position\":1,\"name\":\"Portada\",\"item\":\"https:\/\/www.sonoraenequipo.com.mx\/\"},{\"@type\":\"ListItem\",\"position\":2,\"name\":\"Ni\u00f1a de 11 meses ser\u00e1 cuidada por una familia solidaria\"}]},{\"@type\":\"WebSite\",\"@id\":\"https:\/\/www.sonoraenequipo.com.mx\/#website\",\"url\":\"https:\/\/www.sonoraenequipo.com.mx\/\",\"name\":\"Sonora en Equipo.\",\"description\":\"Diario en l\u00ednea con Noticias desde Hermosillo, Sonora\",\"publisher\":{\"@id\":\"https:\/\/www.sonoraenequipo.com.mx\/#organization\"},\"potentialAction\":[{\"@type\":\"SearchAction\",\"target\":{\"@type\":\"EntryPoint\",\"urlTemplate\":\"https:\/\/www.sonoraenequipo.com.mx\/?s={search_term_string}\"},\"query-input\":{\"@type\":\"PropertyValueSpecification\",\"valueRequired\":true,\"valueName\":\"search_term_string\"}}],\"inLanguage\":\"es\"},{\"@type\":\"Organization\",\"@id\":\"https:\/\/www.sonoraenequipo.com.mx\/#organization\",\"name\":\"Sonoraenequipo.com.mx\",\"url\":\"https:\/\/www.sonoraenequipo.com.mx\/\",\"logo\":{\"@type\":\"ImageObject\",\"inLanguage\":\"es\",\"@id\":\"https:\/\/www.sonoraenequipo.com.mx\/#\/schema\/logo\/image\/\",\"url\":\"https:\/\/www.sonoraenequipo.com.mx\/storage\/2019\/01\/sonoraenequipo_opt.png\",\"contentUrl\":\"https:\/\/www.sonoraenequipo.com.mx\/storage\/2019\/01\/sonoraenequipo_opt.png\",\"width\":375,\"height\":125,\"caption\":\"Sonoraenequipo.com.mx\"},\"image\":{\"@id\":\"https:\/\/www.sonoraenequipo.com.mx\/#\/schema\/logo\/image\/\"},\"sameAs\":[\"https:\/\/www.facebook.com\/SonoraEE\/\",\"https:\/\/x.com\/sonoraenequipo\",\"https:\/\/www.youtube.com\/channel\/UC338nW-lPEYmJQs4ZABQ1SQ\"]},{\"@type\":\"Person\",\"@id\":\"https:\/\/www.sonoraenequipo.com.mx\/#\/schema\/person\/50102df0fb23a8fa9e8effad8fa81386\",\"name\":\"enequipo\",\"image\":{\"@type\":\"ImageObject\",\"inLanguage\":\"es\",\"@id\":\"https:\/\/www.sonoraenequipo.com.mx\/#\/schema\/person\/image\/\",\"url\":\"https:\/\/secure.gravatar.com\/avatar\/049821681b589dabc0bc20695993ccebb09f5b5d4d790cd9251b97faac7c652b?s=96&d=blank&r=g\",\"contentUrl\":\"https:\/\/secure.gravatar.com\/avatar\/049821681b589dabc0bc20695993ccebb09f5b5d4d790cd9251b97faac7c652b?s=96&d=blank&r=g\",\"caption\":\"enequipo\"},\"sameAs\":[\"https:\/\/www.facebook.com\/SonoraEE\"]}]}<\/script>\n ","yoast_head_json":{"title":"Sonora en Equipo. Ni\u00f1a de 11 meses ser\u00e1 cuidada por una familia solidaria Sonora","description":"HERMOSILLO, SONORA,MX.\u2500\u2500 \u00a0Sonora ha dado pasos sobresalientes en la restituci\u00f3n de los derechos humanos de ni\u00f1as, ni\u00f1os y adolescentes a trav\u00e9s del En Sonora en Equipo publicamos toda la informaci\u00f3n de Sonora, M\u00e9xico y el Mundo de manera oportuna y busca que la libertad de expresi\u00f3n sea real. Visita nuestro medio informativo publicado desde Hermosillo, Sonora. %","robots":{"index":"index","follow":"follow","max-snippet":"max-snippet:-1","max-image-preview":"max-image-preview:large","max-video-preview":"max-video-preview:-1"},"canonical":"https:\/\/www.sonoraenequipo.com.mx\/nina-de-11-meses-sera-cuidada-por-una-familia-solidaria\/","og_locale":"es_ES","og_type":"article","og_title":"Sonora en Equipo. Ni\u00f1a de 11 meses ser\u00e1 cuidada por una familia solidaria Sonora","og_description":"HERMOSILLO, SONORA,MX.\u2500\u2500 \u00a0Sonora ha dado pasos sobresalientes en la restituci\u00f3n de los derechos humanos de ni\u00f1as, ni\u00f1os y adolescentes a trav\u00e9s del En Sonora en Equipo publicamos toda la informaci\u00f3n de Sonora, M\u00e9xico y el Mundo de manera oportuna y busca que la libertad de expresi\u00f3n sea real. Visita nuestro medio informativo publicado desde Hermosillo, Sonora. %","og_url":"https:\/\/www.sonoraenequipo.com.mx\/nina-de-11-meses-sera-cuidada-por-una-familia-solidaria\/","og_site_name":"Sonora en Equipo.","article_publisher":"https:\/\/www.facebook.com\/SonoraEE\/","article_author":"https:\/\/www.facebook.com\/SonoraEE","article_published_time":"2021-08-03T01:14:49+00:00","og_image":[{"width":700,"height":400,"url":"https:\/\/www.sonoraenequipo.com.mx\/storage\/2021\/08\/familias-solidarias2.jpg","type":"image\/jpeg"}],"author":"enequipo","twitter_card":"summary_large_image","twitter_creator":"@sonoraenequipo","twitter_site":"@sonoraenequipo","twitter_misc":{"Escrito por":"enequipo","Tiempo de lectura":"2 minutos"},"schema":{"@context":"https:\/\/schema.org","@graph":[{"@type":"Article","@id":"https:\/\/www.sonoraenequipo.com.mx\/nina-de-11-meses-sera-cuidada-por-una-familia-solidaria\/#article","isPartOf":{"@id":"https:\/\/www.sonoraenequipo.com.mx\/nina-de-11-meses-sera-cuidada-por-una-familia-solidaria\/"},"author":{"name":"enequipo","@id":"https:\/\/www.sonoraenequipo.com.mx\/#\/schema\/person\/50102df0fb23a8fa9e8effad8fa81386"},"headline":"Ni\u00f1a de 11 meses ser\u00e1 cuidada por una familia solidaria","datePublished":"2021-08-03T01:14:49+00:00","mainEntityOfPage":{"@id":"https:\/\/www.sonoraenequipo.com.mx\/nina-de-11-meses-sera-cuidada-por-una-familia-solidaria\/"},"wordCount":329,"commentCount":0,"publisher":{"@id":"https:\/\/www.sonoraenequipo.com.mx\/#organization"},"image":{"@id":"https:\/\/www.sonoraenequipo.com.mx\/nina-de-11-meses-sera-cuidada-por-una-familia-solidaria\/#primaryimage"},"thumbnailUrl":"https:\/\/www.sonoraenequipo.com.mx\/storage\/2021\/08\/familias-solidarias2.jpg","keywords":["familias solidarias"],"articleSection":["Sonora"],"inLanguage":"es","potentialAction":[{"@type":"CommentAction","name":"Comment","target":["https:\/\/www.sonoraenequipo.com.mx\/nina-de-11-meses-sera-cuidada-por-una-familia-solidaria\/#respond"]}]},{"@type":"WebPage","@id":"https:\/\/www.sonoraenequipo.com.mx\/nina-de-11-meses-sera-cuidada-por-una-familia-solidaria\/","url":"https:\/\/www.sonoraenequipo.com.mx\/nina-de-11-meses-sera-cuidada-por-una-familia-solidaria\/","name":"Sonora en Equipo. Ni\u00f1a de 11 meses ser\u00e1 cuidada por una familia solidaria Sonora","isPartOf":{"@id":"https:\/\/www.sonoraenequipo.com.mx\/#website"},"primaryImageOfPage":{"@id":"https:\/\/www.sonoraenequipo.com.mx\/nina-de-11-meses-sera-cuidada-por-una-familia-solidaria\/#primaryimage"},"image":{"@id":"https:\/\/www.sonoraenequipo.com.mx\/nina-de-11-meses-sera-cuidada-por-una-familia-solidaria\/#primaryimage"},"thumbnailUrl":"https:\/\/www.sonoraenequipo.com.mx\/storage\/2021\/08\/familias-solidarias2.jpg","datePublished":"2021-08-03T01:14:49+00:00","description":"HERMOSILLO, SONORA,MX.\u2500\u2500 \u00a0Sonora ha dado pasos sobresalientes en la restituci\u00f3n de los derechos humanos de ni\u00f1as, ni\u00f1os y adolescentes a trav\u00e9s del En Sonora en Equipo publicamos toda la informaci\u00f3n de Sonora, M\u00e9xico y el Mundo de manera oportuna y busca que la libertad de expresi\u00f3n sea real. Visita nuestro medio informativo publicado desde Hermosillo, Sonora. %","breadcrumb":{"@id":"https:\/\/www.sonoraenequipo.com.mx\/nina-de-11-meses-sera-cuidada-por-una-familia-solidaria\/#breadcrumb"},"inLanguage":"es","potentialAction":[{"@type":"ReadAction","target":["https:\/\/www.sonoraenequipo.com.mx\/nina-de-11-meses-sera-cuidada-por-una-familia-solidaria\/"]}]},{"@type":"ImageObject","inLanguage":"es","@id":"https:\/\/www.sonoraenequipo.com.mx\/nina-de-11-meses-sera-cuidada-por-una-familia-solidaria\/#primaryimage","url":"https:\/\/www.sonoraenequipo.com.mx\/storage\/2021\/08\/familias-solidarias2.jpg","contentUrl":"https:\/\/www.sonoraenequipo.com.mx\/storage\/2021\/08\/familias-solidarias2.jpg","width":700,"height":400},{"@type":"BreadcrumbList","@id":"https:\/\/www.sonoraenequipo.com.mx\/nina-de-11-meses-sera-cuidada-por-una-familia-solidaria\/#breadcrumb","itemListElement":[{"@type":"ListItem","position":1,"name":"Portada","item":"https:\/\/www.sonoraenequipo.com.mx\/"},{"@type":"ListItem","position":2,"name":"Ni\u00f1a de 11 meses ser\u00e1 cuidada por una familia solidaria"}]},{"@type":"WebSite","@id":"https:\/\/www.sonoraenequipo.com.mx\/#website","url":"https:\/\/www.sonoraenequipo.com.mx\/","name":"Sonora en Equipo.","description":"Diario en l\u00ednea con Noticias desde Hermosillo, Sonora","publisher":{"@id":"https:\/\/www.sonoraenequipo.com.mx\/#organization"},"potentialAction":[{"@type":"SearchAction","target":{"@type":"EntryPoint","urlTemplate":"https:\/\/www.sonoraenequipo.com.mx\/?s={search_term_string}"},"query-input":{"@type":"PropertyValueSpecification","valueRequired":true,"valueName":"search_term_string"}}],"inLanguage":"es"},{"@type":"Organization","@id":"https:\/\/www.sonoraenequipo.com.mx\/#organization","name":"Sonoraenequipo.com.mx","url":"https:\/\/www.sonoraenequipo.com.mx\/","logo":{"@type":"ImageObject","inLanguage":"es","@id":"https:\/\/www.sonoraenequipo.com.mx\/#\/schema\/logo\/image\/","url":"https:\/\/www.sonoraenequipo.com.mx\/storage\/2019\/01\/sonoraenequipo_opt.png","contentUrl":"https:\/\/www.sonoraenequipo.com.mx\/storage\/2019\/01\/sonoraenequipo_opt.png","width":375,"height":125,"caption":"Sonoraenequipo.com.mx"},"image":{"@id":"https:\/\/www.sonoraenequipo.com.mx\/#\/schema\/logo\/image\/"},"sameAs":["https:\/\/www.facebook.com\/SonoraEE\/","https:\/\/x.com\/sonoraenequipo","https:\/\/www.youtube.com\/channel\/UC338nW-lPEYmJQs4ZABQ1SQ"]},{"@type":"Person","@id":"https:\/\/www.sonoraenequipo.com.mx\/#\/schema\/person\/50102df0fb23a8fa9e8effad8fa81386","name":"enequipo","image":{"@type":"ImageObject","inLanguage":"es","@id":"https:\/\/www.sonoraenequipo.com.mx\/#\/schema\/person\/image\/","url":"https:\/\/secure.gravatar.com\/avatar\/049821681b589dabc0bc20695993ccebb09f5b5d4d790cd9251b97faac7c652b?s=96&d=blank&r=g","contentUrl":"https:\/\/secure.gravatar.com\/avatar\/049821681b589dabc0bc20695993ccebb09f5b5d4d790cd9251b97faac7c652b?s=96&d=blank&r=g","caption":"enequipo"},"sameAs":["https:\/\/www.facebook.com\/SonoraEE"]}]}},"jetpack_featured_media_url":"https:\/\/www.sonoraenequipo.com.mx\/storage\/2021\/08\/familias-solidarias2.jpg","_links":{"self":[{"href":"https:\/\/www.sonoraenequipo.com.mx\/api\/wp\/v2\/posts\/119642","targetHints":{"allow":["GET"]}}],"collection":[{"href":"https:\/\/www.sonoraenequipo.com.mx\/api\/wp\/v2\/posts"}],"about":[{"href":"https:\/\/www.sonoraenequipo.com.mx\/api\/wp\/v2\/types\/post"}],"author":[{"embeddable":true,"href":"https:\/\/www.sonoraenequipo.com.mx\/api\/wp\/v2\/users\/1"}],"replies":[{"embeddable":true,"href":"https:\/\/www.sonoraenequipo.com.mx\/api\/wp\/v2\/comments?post=119642"}],"version-history":[{"count":1,"href":"https:\/\/www.sonoraenequipo.com.mx\/api\/wp\/v2\/posts\/119642\/revisions"}],"predecessor-version":[{"id":119644,"href":"https:\/\/www.sonoraenequipo.com.mx\/api\/wp\/v2\/posts\/119642\/revisions\/119644"}],"wp:featuredmedia":[{"embeddable":true,"href":"https:\/\/www.sonoraenequipo.com.mx\/api\/wp\/v2\/media\/119643"}],"wp:attachment":[{"href":"https:\/\/www.sonoraenequipo.com.mx\/api\/wp\/v2\/media?parent=119642"}],"wp:term":[{"taxonomy":"category","embeddable":true,"href":"https:\/\/www.sonoraenequipo.com.mx\/api\/wp\/v2\/categories?post=119642"},{"taxonomy":"post_tag","embeddable":true,"href":"https:\/\/www.sonoraenequipo.com.mx\/api\/wp\/v2\/tags?post=119642"}],"curies":[{"name":"wp","href":"https:\/\/api.w.org\/{rel}","templated":true}]}}