{"id":119646,"date":"2021-08-02T16:22:17","date_gmt":"2021-08-02T23:22:17","guid":{"rendered":"https:\/\/www.sonoraenequipo.com.mx\/?p=119646"},"modified":"2021-08-02T18:29:06","modified_gmt":"2021-08-03T01:29:06","slug":"pobre-participacion-en-consulta-popular","status":"publish","type":"post","link":"https:\/\/www.sonoraenequipo.com.mx\/pobre-participacion-en-consulta-popular\/","title":{"rendered":"Pobre participaci\u00f3n en Consulta Popular"},"content":{"rendered":"<p>CIUDAD DE M\u00c9XICO. MX. \u2014 Con una participaci\u00f3n entre el 7.07 y el 7.74% se realiz\u00f3 este domingo la primera Consulta Popular que tiene lugar en el pa\u00eds organizada por el INE y en la cual el conteo r\u00e1pido del Instituto Nacional Electoral da cuenta de que la mayor\u00eda de los participantes se inclin\u00f3 por el S\u00cd.<\/p>\n<p>&nbsp;<\/p>\n<p> <\/p>\n<p>Seg\u00fan dio a conocer la noche de este domingo Lorenzo C\u00f3rdova Vianelo, consejero presidente del INE, entre el 89.36 y el 96.28% de los participantes opin\u00f3 que \u2018S\u00ed\u2019 est\u00e1 de acuerdo con investigar a los actores pol\u00edticos del pasado. Adem\u00e1s, entre el 1.38 y el 1.58% se pronunci\u00f3 por el \u2018No\u2019 y aproximadamente el 2.19% fueron nulas.<\/p>\n<p>&nbsp;<\/p>\n<p>Durante el ejercicio democr\u00e1tico, que se llev\u00f3 a cabo de las 8:00 a las 18:00 horas y al que fueron llamados 93.5 millones de electores, la ciudadan\u00eda opin\u00f3 por el <strong><em>\u2018S\u00ed\u2019,<\/em><\/strong> el <strong><em>\u2018No\u2019,<\/em><\/strong> o anul\u00f3 su opini\u00f3n a la pregunta<em>: \u201c\u00bfEst\u00e1s de acuerdo o no en que se lleven a cabo las acciones pertinentes con apego al marco constitucional y legal, para emprender un proceso de esclarecimiento de las decisiones pol\u00edticas tomadas en los a\u00f1os pasados por los actores pol\u00edticos, encaminado a garantizar la justicia y los derechos de las posibles v\u00edctimas?\u201d<\/em><\/p>\n<p>&nbsp;<\/p>\n<p>Temprano este domingo, Lorenzo C\u00f3rdova hab\u00eda revelado que se instalaron el 99.7% de las mesas contempladas para la consulta, es decir, 57 mil 064 mesas receptoras.<\/p>\n<p>&nbsp;<\/p>\n<p><em>\u201cAl cierre de las Mesas Receptoras de la #ConsultaPopular2021 , se actualiza a 23 el n\u00famero de mesas donde se inutilizaron papeletas antes del cierre de la jornada. Esta pr\u00e1ctica se corrigi\u00f3 conforme se fue reportando y no impidi\u00f3 que quienes quisieran participar pudieran hacerlo\u201d,<\/em> inform\u00f3 Lorenzo C\u00f3rdova por medio de Twitter.<\/p>\n<p>&nbsp;<\/p>\n<p>A las 21:06 horas (hora del centro del pa\u00eds), se hab\u00edan contabilizado 19,501 mesas receptoras (34.1661% del total) que arrojaban una participaci\u00f3n ciudadana del 2.4021%. Un total de 2,198,321 de participantes votaron por el S\u00ed (97.6026%), 36,477 por el No (1.5126%) y 21,335 anularon su papeleta (0.8847%).<\/p>\n<p>&nbsp;<\/p>\n<p>Con estas cifras, de un padr\u00f3n electoral de 93,671,697 ciudadanos, se contabilizaban 2,411,483 boletas que equivalen a un 2.5743% de participaci\u00f3n ciudadana, lo que permite deducir que no se lograr\u00e1 el 40% necesario para que la consulta sea vinculante y se enjuicie a los expresidentes Carlos Salinas, Ernesto Zedillo, Vicente Fox, Felipe Calder\u00f3n y Enrique Pe\u00f1a Nieto.<\/p>\n<p>&nbsp;<\/p>\n<p>&nbsp;<\/p>\n<p>(Publicada el 02\/08\/2021)<\/p>\n","protected":false},"excerpt":{"rendered":"<p>CIUDAD DE M\u00c9XICO. MX. \u2014 Con una participaci\u00f3n entre el 7.07 y el 7.74% se&#8230;<\/p>\n","protected":false},"author":1,"featured_media":119598,"comment_status":"open","ping_status":"open","sticky":false,"template":"","format":"standard","meta":{"_monsterinsights_skip_tracking":false,"_monsterinsights_sitenote_active":false,"_monsterinsights_sitenote_note":"","_monsterinsights_sitenote_category":0,"footnotes":""},"categories":[5],"tags":[],"class_list":["post"],"yoast_head":" \n<title>Sonora en Equipo. Pobre participaci\u00f3n en Consulta Popular Rep\u00fablica<\/title>\n<meta name=\"description\" content=\"CIUDAD DE M\u00c9XICO. MX. \u2014 Con una participaci\u00f3n entre el 7.07 y el 7.74% se realiz\u00f3 este domingo la primera Consulta Popular que tiene lugar en el pa\u00eds En Sonora en Equipo publicamos toda la informaci\u00f3n de Sonora, M\u00e9xico y el Mundo de manera oportuna y busca que la libertad de expresi\u00f3n sea real. Visita nuestro medio informativo publicado desde Hermosillo, Sonora. %\" \/>\n<meta name=\"robots\" content=\"index, follow, max-snippet:-1, max-image-preview:large, max-video-preview:-1\" \/>\n<link rel=\"canonical\" href=\"https:\/\/www.sonoraenequipo.com.mx\/pobre-participacion-en-consulta-popular\/\" \/>\n<meta property=\"og:locale\" content=\"es_ES\" \/>\n<meta property=\"og:type\" content=\"article\" \/>\n<meta property=\"og:title\" content=\"Sonora en Equipo. Pobre participaci\u00f3n en Consulta Popular Rep\u00fablica\" \/>\n<meta property=\"og:description\" content=\"CIUDAD DE M\u00c9XICO. MX. \u2014 Con una participaci\u00f3n entre el 7.07 y el 7.74% se realiz\u00f3 este domingo la primera Consulta Popular que tiene lugar en el pa\u00eds En Sonora en Equipo publicamos toda la informaci\u00f3n de Sonora, M\u00e9xico y el Mundo de manera oportuna y busca que la libertad de expresi\u00f3n sea real. Visita nuestro medio informativo publicado desde Hermosillo, Sonora. %\" \/>\n<meta property=\"og:url\" content=\"https:\/\/www.sonoraenequipo.com.mx\/pobre-participacion-en-consulta-popular\/\" \/>\n<meta property=\"og:site_name\" content=\"Sonora en Equipo.\" \/>\n<meta property=\"article:publisher\" content=\"https:\/\/www.facebook.com\/SonoraEE\/\" \/>\n<meta property=\"article:author\" content=\"https:\/\/www.facebook.com\/SonoraEE\" \/>\n<meta property=\"article:published_time\" content=\"2021-08-02T23:22:17+00:00\" \/>\n<meta property=\"article:modified_time\" content=\"2021-08-03T01:29:06+00:00\" \/>\n<meta property=\"og:image\" content=\"https:\/\/www.sonoraenequipo.com.mx\/storage\/2021\/08\/pobladores-votando_opt.jpg\" \/>\n\t<meta property=\"og:image:width\" content=\"700\" \/>\n\t<meta property=\"og:image:height\" content=\"400\" \/>\n\t<meta property=\"og:image:type\" content=\"image\/jpeg\" \/>\n<meta name=\"author\" content=\"enequipo\" \/>\n<meta name=\"twitter:card\" content=\"summary_large_image\" \/>\n<meta name=\"twitter:creator\" content=\"@sonoraenequipo\" \/>\n<meta name=\"twitter:site\" content=\"@sonoraenequipo\" \/>\n<meta name=\"twitter:label1\" content=\"Escrito por\" \/>\n\t<meta name=\"twitter:data1\" content=\"enequipo\" \/>\n\t<meta name=\"twitter:label2\" content=\"Tiempo de lectura\" \/>\n\t<meta name=\"twitter:data2\" content=\"2 minutos\" \/>\n<script type=\"application\/ld+json\" class=\"yoast-schema-graph\">{\"@context\":\"https:\/\/schema.org\",\"@graph\":[{\"@type\":\"Article\",\"@id\":\"https:\/\/www.sonoraenequipo.com.mx\/pobre-participacion-en-consulta-popular\/#article\",\"isPartOf\":{\"@id\":\"https:\/\/www.sonoraenequipo.com.mx\/pobre-participacion-en-consulta-popular\/\"},\"author\":{\"name\":\"enequipo\",\"@id\":\"https:\/\/www.sonoraenequipo.com.mx\/#\/schema\/person\/50102df0fb23a8fa9e8effad8fa81386\"},\"headline\":\"Pobre participaci\u00f3n en Consulta Popular\",\"datePublished\":\"2021-08-02T23:22:17+00:00\",\"dateModified\":\"2021-08-03T01:29:06+00:00\",\"mainEntityOfPage\":{\"@id\":\"https:\/\/www.sonoraenequipo.com.mx\/pobre-participacion-en-consulta-popular\/\"},\"wordCount\":403,\"commentCount\":0,\"publisher\":{\"@id\":\"https:\/\/www.sonoraenequipo.com.mx\/#organization\"},\"image\":{\"@id\":\"https:\/\/www.sonoraenequipo.com.mx\/pobre-participacion-en-consulta-popular\/#primaryimage\"},\"thumbnailUrl\":\"https:\/\/www.sonoraenequipo.com.mx\/storage\/2021\/08\/pobladores-votando_opt.jpg\",\"articleSection\":[\"Rep\u00fablica\"],\"inLanguage\":\"es\",\"potentialAction\":[{\"@type\":\"CommentAction\",\"name\":\"Comment\",\"target\":[\"https:\/\/www.sonoraenequipo.com.mx\/pobre-participacion-en-consulta-popular\/#respond\"]}]},{\"@type\":\"WebPage\",\"@id\":\"https:\/\/www.sonoraenequipo.com.mx\/pobre-participacion-en-consulta-popular\/\",\"url\":\"https:\/\/www.sonoraenequipo.com.mx\/pobre-participacion-en-consulta-popular\/\",\"name\":\"Sonora en Equipo. Pobre participaci\u00f3n en Consulta Popular Rep\u00fablica\",\"isPartOf\":{\"@id\":\"https:\/\/www.sonoraenequipo.com.mx\/#website\"},\"primaryImageOfPage\":{\"@id\":\"https:\/\/www.sonoraenequipo.com.mx\/pobre-participacion-en-consulta-popular\/#primaryimage\"},\"image\":{\"@id\":\"https:\/\/www.sonoraenequipo.com.mx\/pobre-participacion-en-consulta-popular\/#primaryimage\"},\"thumbnailUrl\":\"https:\/\/www.sonoraenequipo.com.mx\/storage\/2021\/08\/pobladores-votando_opt.jpg\",\"datePublished\":\"2021-08-02T23:22:17+00:00\",\"dateModified\":\"2021-08-03T01:29:06+00:00\",\"description\":\"CIUDAD DE M\u00c9XICO. MX. \u2014 Con una participaci\u00f3n entre el 7.07 y el 7.74% se realiz\u00f3 este domingo la primera Consulta Popular que tiene lugar en el pa\u00eds En Sonora en Equipo publicamos toda la informaci\u00f3n de Sonora, M\u00e9xico y el Mundo de manera oportuna y busca que la libertad de expresi\u00f3n sea real. Visita nuestro medio informativo publicado desde Hermosillo, Sonora. %\",\"breadcrumb\":{\"@id\":\"https:\/\/www.sonoraenequipo.com.mx\/pobre-participacion-en-consulta-popular\/#breadcrumb\"},\"inLanguage\":\"es\",\"potentialAction\":[{\"@type\":\"ReadAction\",\"target\":[\"https:\/\/www.sonoraenequipo.com.mx\/pobre-participacion-en-consulta-popular\/\"]}]},{\"@type\":\"ImageObject\",\"inLanguage\":\"es\",\"@id\":\"https:\/\/www.sonoraenequipo.com.mx\/pobre-participacion-en-consulta-popular\/#primaryimage\",\"url\":\"https:\/\/www.sonoraenequipo.com.mx\/storage\/2021\/08\/pobladores-votando_opt.jpg\",\"contentUrl\":\"https:\/\/www.sonoraenequipo.com.mx\/storage\/2021\/08\/pobladores-votando_opt.jpg\",\"width\":700,\"height\":400},{\"@type\":\"BreadcrumbList\",\"@id\":\"https:\/\/www.sonoraenequipo.com.mx\/pobre-participacion-en-consulta-popular\/#breadcrumb\",\"itemListElement\":[{\"@type\":\"ListItem\",\"position\":1,\"name\":\"Portada\",\"item\":\"https:\/\/www.sonoraenequipo.com.mx\/\"},{\"@type\":\"ListItem\",\"position\":2,\"name\":\"Pobre participaci\u00f3n en Consulta Popular\"}]},{\"@type\":\"WebSite\",\"@id\":\"https:\/\/www.sonoraenequipo.com.mx\/#website\",\"url\":\"https:\/\/www.sonoraenequipo.com.mx\/\",\"name\":\"Sonora en Equipo.\",\"description\":\"Diario en l\u00ednea con Noticias desde Hermosillo, Sonora\",\"publisher\":{\"@id\":\"https:\/\/www.sonoraenequipo.com.mx\/#organization\"},\"potentialAction\":[{\"@type\":\"SearchAction\",\"target\":{\"@type\":\"EntryPoint\",\"urlTemplate\":\"https:\/\/www.sonoraenequipo.com.mx\/?s={search_term_string}\"},\"query-input\":{\"@type\":\"PropertyValueSpecification\",\"valueRequired\":true,\"valueName\":\"search_term_string\"}}],\"inLanguage\":\"es\"},{\"@type\":\"Organization\",\"@id\":\"https:\/\/www.sonoraenequipo.com.mx\/#organization\",\"name\":\"Sonoraenequipo.com.mx\",\"url\":\"https:\/\/www.sonoraenequipo.com.mx\/\",\"logo\":{\"@type\":\"ImageObject\",\"inLanguage\":\"es\",\"@id\":\"https:\/\/www.sonoraenequipo.com.mx\/#\/schema\/logo\/image\/\",\"url\":\"https:\/\/www.sonoraenequipo.com.mx\/storage\/2019\/01\/sonoraenequipo_opt.png\",\"contentUrl\":\"https:\/\/www.sonoraenequipo.com.mx\/storage\/2019\/01\/sonoraenequipo_opt.png\",\"width\":375,\"height\":125,\"caption\":\"Sonoraenequipo.com.mx\"},\"image\":{\"@id\":\"https:\/\/www.sonoraenequipo.com.mx\/#\/schema\/logo\/image\/\"},\"sameAs\":[\"https:\/\/www.facebook.com\/SonoraEE\/\",\"https:\/\/x.com\/sonoraenequipo\",\"https:\/\/www.youtube.com\/channel\/UC338nW-lPEYmJQs4ZABQ1SQ\"]},{\"@type\":\"Person\",\"@id\":\"https:\/\/www.sonoraenequipo.com.mx\/#\/schema\/person\/50102df0fb23a8fa9e8effad8fa81386\",\"name\":\"enequipo\",\"image\":{\"@type\":\"ImageObject\",\"inLanguage\":\"es\",\"@id\":\"https:\/\/www.sonoraenequipo.com.mx\/#\/schema\/person\/image\/\",\"url\":\"https:\/\/secure.gravatar.com\/avatar\/049821681b589dabc0bc20695993ccebb09f5b5d4d790cd9251b97faac7c652b?s=96&d=blank&r=g\",\"contentUrl\":\"https:\/\/secure.gravatar.com\/avatar\/049821681b589dabc0bc20695993ccebb09f5b5d4d790cd9251b97faac7c652b?s=96&d=blank&r=g\",\"caption\":\"enequipo\"},\"sameAs\":[\"https:\/\/www.facebook.com\/SonoraEE\"]}]}<\/script>\n ","yoast_head_json":{"title":"Sonora en Equipo. Pobre participaci\u00f3n en Consulta Popular Rep\u00fablica","description":"CIUDAD DE M\u00c9XICO. MX. \u2014 Con una participaci\u00f3n entre el 7.07 y el 7.74% se realiz\u00f3 este domingo la primera Consulta Popular que tiene lugar en el pa\u00eds En Sonora en Equipo publicamos toda la informaci\u00f3n de Sonora, M\u00e9xico y el Mundo de manera oportuna y busca que la libertad de expresi\u00f3n sea real. Visita nuestro medio informativo publicado desde Hermosillo, Sonora. %","robots":{"index":"index","follow":"follow","max-snippet":"max-snippet:-1","max-image-preview":"max-image-preview:large","max-video-preview":"max-video-preview:-1"},"canonical":"https:\/\/www.sonoraenequipo.com.mx\/pobre-participacion-en-consulta-popular\/","og_locale":"es_ES","og_type":"article","og_title":"Sonora en Equipo. Pobre participaci\u00f3n en Consulta Popular Rep\u00fablica","og_description":"CIUDAD DE M\u00c9XICO. MX. \u2014 Con una participaci\u00f3n entre el 7.07 y el 7.74% se realiz\u00f3 este domingo la primera Consulta Popular que tiene lugar en el pa\u00eds En Sonora en Equipo publicamos toda la informaci\u00f3n de Sonora, M\u00e9xico y el Mundo de manera oportuna y busca que la libertad de expresi\u00f3n sea real. Visita nuestro medio informativo publicado desde Hermosillo, Sonora. %","og_url":"https:\/\/www.sonoraenequipo.com.mx\/pobre-participacion-en-consulta-popular\/","og_site_name":"Sonora en Equipo.","article_publisher":"https:\/\/www.facebook.com\/SonoraEE\/","article_author":"https:\/\/www.facebook.com\/SonoraEE","article_published_time":"2021-08-02T23:22:17+00:00","article_modified_time":"2021-08-03T01:29:06+00:00","og_image":[{"width":700,"height":400,"url":"https:\/\/www.sonoraenequipo.com.mx\/storage\/2021\/08\/pobladores-votando_opt.jpg","type":"image\/jpeg"}],"author":"enequipo","twitter_card":"summary_large_image","twitter_creator":"@sonoraenequipo","twitter_site":"@sonoraenequipo","twitter_misc":{"Escrito por":"enequipo","Tiempo de lectura":"2 minutos"},"schema":{"@context":"https:\/\/schema.org","@graph":[{"@type":"Article","@id":"https:\/\/www.sonoraenequipo.com.mx\/pobre-participacion-en-consulta-popular\/#article","isPartOf":{"@id":"https:\/\/www.sonoraenequipo.com.mx\/pobre-participacion-en-consulta-popular\/"},"author":{"name":"enequipo","@id":"https:\/\/www.sonoraenequipo.com.mx\/#\/schema\/person\/50102df0fb23a8fa9e8effad8fa81386"},"headline":"Pobre participaci\u00f3n en Consulta Popular","datePublished":"2021-08-02T23:22:17+00:00","dateModified":"2021-08-03T01:29:06+00:00","mainEntityOfPage":{"@id":"https:\/\/www.sonoraenequipo.com.mx\/pobre-participacion-en-consulta-popular\/"},"wordCount":403,"commentCount":0,"publisher":{"@id":"https:\/\/www.sonoraenequipo.com.mx\/#organization"},"image":{"@id":"https:\/\/www.sonoraenequipo.com.mx\/pobre-participacion-en-consulta-popular\/#primaryimage"},"thumbnailUrl":"https:\/\/www.sonoraenequipo.com.mx\/storage\/2021\/08\/pobladores-votando_opt.jpg","articleSection":["Rep\u00fablica"],"inLanguage":"es","potentialAction":[{"@type":"CommentAction","name":"Comment","target":["https:\/\/www.sonoraenequipo.com.mx\/pobre-participacion-en-consulta-popular\/#respond"]}]},{"@type":"WebPage","@id":"https:\/\/www.sonoraenequipo.com.mx\/pobre-participacion-en-consulta-popular\/","url":"https:\/\/www.sonoraenequipo.com.mx\/pobre-participacion-en-consulta-popular\/","name":"Sonora en Equipo. Pobre participaci\u00f3n en Consulta Popular Rep\u00fablica","isPartOf":{"@id":"https:\/\/www.sonoraenequipo.com.mx\/#website"},"primaryImageOfPage":{"@id":"https:\/\/www.sonoraenequipo.com.mx\/pobre-participacion-en-consulta-popular\/#primaryimage"},"image":{"@id":"https:\/\/www.sonoraenequipo.com.mx\/pobre-participacion-en-consulta-popular\/#primaryimage"},"thumbnailUrl":"https:\/\/www.sonoraenequipo.com.mx\/storage\/2021\/08\/pobladores-votando_opt.jpg","datePublished":"2021-08-02T23:22:17+00:00","dateModified":"2021-08-03T01:29:06+00:00","description":"CIUDAD DE M\u00c9XICO. MX. \u2014 Con una participaci\u00f3n entre el 7.07 y el 7.74% se realiz\u00f3 este domingo la primera Consulta Popular que tiene lugar en el pa\u00eds En Sonora en Equipo publicamos toda la informaci\u00f3n de Sonora, M\u00e9xico y el Mundo de manera oportuna y busca que la libertad de expresi\u00f3n sea real. Visita nuestro medio informativo publicado desde Hermosillo, Sonora. %","breadcrumb":{"@id":"https:\/\/www.sonoraenequipo.com.mx\/pobre-participacion-en-consulta-popular\/#breadcrumb"},"inLanguage":"es","potentialAction":[{"@type":"ReadAction","target":["https:\/\/www.sonoraenequipo.com.mx\/pobre-participacion-en-consulta-popular\/"]}]},{"@type":"ImageObject","inLanguage":"es","@id":"https:\/\/www.sonoraenequipo.com.mx\/pobre-participacion-en-consulta-popular\/#primaryimage","url":"https:\/\/www.sonoraenequipo.com.mx\/storage\/2021\/08\/pobladores-votando_opt.jpg","contentUrl":"https:\/\/www.sonoraenequipo.com.mx\/storage\/2021\/08\/pobladores-votando_opt.jpg","width":700,"height":400},{"@type":"BreadcrumbList","@id":"https:\/\/www.sonoraenequipo.com.mx\/pobre-participacion-en-consulta-popular\/#breadcrumb","itemListElement":[{"@type":"ListItem","position":1,"name":"Portada","item":"https:\/\/www.sonoraenequipo.com.mx\/"},{"@type":"ListItem","position":2,"name":"Pobre participaci\u00f3n en Consulta Popular"}]},{"@type":"WebSite","@id":"https:\/\/www.sonoraenequipo.com.mx\/#website","url":"https:\/\/www.sonoraenequipo.com.mx\/","name":"Sonora en Equipo.","description":"Diario en l\u00ednea con Noticias desde Hermosillo, Sonora","publisher":{"@id":"https:\/\/www.sonoraenequipo.com.mx\/#organization"},"potentialAction":[{"@type":"SearchAction","target":{"@type":"EntryPoint","urlTemplate":"https:\/\/www.sonoraenequipo.com.mx\/?s={search_term_string}"},"query-input":{"@type":"PropertyValueSpecification","valueRequired":true,"valueName":"search_term_string"}}],"inLanguage":"es"},{"@type":"Organization","@id":"https:\/\/www.sonoraenequipo.com.mx\/#organization","name":"Sonoraenequipo.com.mx","url":"https:\/\/www.sonoraenequipo.com.mx\/","logo":{"@type":"ImageObject","inLanguage":"es","@id":"https:\/\/www.sonoraenequipo.com.mx\/#\/schema\/logo\/image\/","url":"https:\/\/www.sonoraenequipo.com.mx\/storage\/2019\/01\/sonoraenequipo_opt.png","contentUrl":"https:\/\/www.sonoraenequipo.com.mx\/storage\/2019\/01\/sonoraenequipo_opt.png","width":375,"height":125,"caption":"Sonoraenequipo.com.mx"},"image":{"@id":"https:\/\/www.sonoraenequipo.com.mx\/#\/schema\/logo\/image\/"},"sameAs":["https:\/\/www.facebook.com\/SonoraEE\/","https:\/\/x.com\/sonoraenequipo","https:\/\/www.youtube.com\/channel\/UC338nW-lPEYmJQs4ZABQ1SQ"]},{"@type":"Person","@id":"https:\/\/www.sonoraenequipo.com.mx\/#\/schema\/person\/50102df0fb23a8fa9e8effad8fa81386","name":"enequipo","image":{"@type":"ImageObject","inLanguage":"es","@id":"https:\/\/www.sonoraenequipo.com.mx\/#\/schema\/person\/image\/","url":"https:\/\/secure.gravatar.com\/avatar\/049821681b589dabc0bc20695993ccebb09f5b5d4d790cd9251b97faac7c652b?s=96&d=blank&r=g","contentUrl":"https:\/\/secure.gravatar.com\/avatar\/049821681b589dabc0bc20695993ccebb09f5b5d4d790cd9251b97faac7c652b?s=96&d=blank&r=g","caption":"enequipo"},"sameAs":["https:\/\/www.facebook.com\/SonoraEE"]}]}},"jetpack_featured_media_url":"https:\/\/www.sonoraenequipo.com.mx\/storage\/2021\/08\/pobladores-votando_opt.jpg","_links":{"self":[{"href":"https:\/\/www.sonoraenequipo.com.mx\/api\/wp\/v2\/posts\/119646","targetHints":{"allow":["GET"]}}],"collection":[{"href":"https:\/\/www.sonoraenequipo.com.mx\/api\/wp\/v2\/posts"}],"about":[{"href":"https:\/\/www.sonoraenequipo.com.mx\/api\/wp\/v2\/types\/post"}],"author":[{"embeddable":true,"href":"https:\/\/www.sonoraenequipo.com.mx\/api\/wp\/v2\/users\/1"}],"replies":[{"embeddable":true,"href":"https:\/\/www.sonoraenequipo.com.mx\/api\/wp\/v2\/comments?post=119646"}],"version-history":[{"count":1,"href":"https:\/\/www.sonoraenequipo.com.mx\/api\/wp\/v2\/posts\/119646\/revisions"}],"predecessor-version":[{"id":119647,"href":"https:\/\/www.sonoraenequipo.com.mx\/api\/wp\/v2\/posts\/119646\/revisions\/119647"}],"wp:featuredmedia":[{"embeddable":true,"href":"https:\/\/www.sonoraenequipo.com.mx\/api\/wp\/v2\/media\/119598"}],"wp:attachment":[{"href":"https:\/\/www.sonoraenequipo.com.mx\/api\/wp\/v2\/media?parent=119646"}],"wp:term":[{"taxonomy":"category","embeddable":true,"href":"https:\/\/www.sonoraenequipo.com.mx\/api\/wp\/v2\/categories?post=119646"},{"taxonomy":"post_tag","embeddable":true,"href":"https:\/\/www.sonoraenequipo.com.mx\/api\/wp\/v2\/tags?post=119646"}],"curies":[{"name":"wp","href":"https:\/\/api.w.org\/{rel}","templated":true}]}}