{"id":119652,"date":"2021-08-02T18:42:21","date_gmt":"2021-08-03T01:42:21","guid":{"rendered":"https:\/\/www.sonoraenequipo.com.mx\/?p=119652"},"modified":"2021-08-02T18:42:21","modified_gmt":"2021-08-03T01:42:21","slug":"trabaja-ayuntamiento-en-mantenimiento-de-alumbrado-publico-al-poniente-de-hermosillo","status":"publish","type":"post","link":"https:\/\/www.sonoraenequipo.com.mx\/trabaja-ayuntamiento-en-mantenimiento-de-alumbrado-publico-al-poniente-de-hermosillo\/","title":{"rendered":"Trabaja Ayuntamiento en mantenimiento de Alumbrado P\u00fablico al Poniente de Hermosillo\u00a0"},"content":{"rendered":"<p>HERMOSILLO, SONORA,MX.\u2500\u2500 \u00a0La Direcci\u00f3n de Alumbrado P\u00fablico de Hermosillo llev\u00f3 a cabo la reparaci\u00f3n de l\u00edneas da\u00f1adas y reconexi\u00f3n en bulevar Colosio entre H\u00e9ctor Espino y Paseo de las Rivieras, Colonia Campo Grande.<\/p>\n<p>&nbsp;<\/p>\n<p>Con estas acciones se restableci\u00f3 el circuito de tal manera que las luminarias de esta importante vialidad que presentaban fallas ahora podr\u00e1n encender en su totalidad, brindando un mejor servicio en el sector.<\/p>\n<p>&nbsp;<\/p>\n<p>Para cualquier reporte, el Gobierno de Hermosillo a trav\u00e9s de la Direcci\u00f3n de Alumbrado P\u00fablico pone a su disposici\u00f3n la l\u00ednea 072 de Atenci\u00f3n Ciudadana y el n\u00famero 6622 200093.<\/p>\n<p>Fecha de Publicaci\u00f3n\u00a0 lunes\u00a0 \/ 02\u00a0\u00a0 \/ agosto \/ 2021<\/p>\n","protected":false},"excerpt":{"rendered":"<p>HERMOSILLO, SONORA,MX.\u2500\u2500 \u00a0La Direcci\u00f3n de Alumbrado P\u00fablico de Hermosillo llev\u00f3 a cabo la reparaci\u00f3n de&#8230;<\/p>\n","protected":false},"author":1,"featured_media":105662,"comment_status":"open","ping_status":"open","sticky":false,"template":"","format":"standard","meta":{"_monsterinsights_skip_tracking":false,"_monsterinsights_sitenote_active":false,"_monsterinsights_sitenote_note":"","_monsterinsights_sitenote_category":0,"footnotes":""},"categories":[4],"tags":[5962,35],"class_list":["post"],"yoast_head":" \n<title>Sonora en Equipo. Trabaja Ayuntamiento en mantenimiento de Alumbrado P\u00fablico al Poniente de Hermosillo\u00a0 Municipios<\/title>\n<meta name=\"description\" content=\"HERMOSILLO, SONORA,MX.\u2500\u2500 \u00a0La Direcci\u00f3n de Alumbrado P\u00fablico de Hermosillo llev\u00f3 a cabo la reparaci\u00f3n de l\u00edneas da\u00f1adas y reconexi\u00f3n en bulevar Colosio En Sonora en Equipo publicamos toda la informaci\u00f3n de Sonora, M\u00e9xico y el Mundo de manera oportuna y busca que la libertad de expresi\u00f3n sea real. Visita nuestro medio informativo publicado desde Hermosillo, Sonora. %\" \/>\n<meta name=\"robots\" content=\"index, follow, max-snippet:-1, max-image-preview:large, max-video-preview:-1\" \/>\n<link rel=\"canonical\" href=\"https:\/\/www.sonoraenequipo.com.mx\/trabaja-ayuntamiento-en-mantenimiento-de-alumbrado-publico-al-poniente-de-hermosillo\/\" \/>\n<meta property=\"og:locale\" content=\"es_ES\" \/>\n<meta property=\"og:type\" content=\"article\" \/>\n<meta property=\"og:title\" content=\"Sonora en Equipo. Trabaja Ayuntamiento en mantenimiento de Alumbrado P\u00fablico al Poniente de Hermosillo\u00a0 Municipios\" \/>\n<meta property=\"og:description\" content=\"HERMOSILLO, SONORA,MX.\u2500\u2500 \u00a0La Direcci\u00f3n de Alumbrado P\u00fablico de Hermosillo llev\u00f3 a cabo la reparaci\u00f3n de l\u00edneas da\u00f1adas y reconexi\u00f3n en bulevar Colosio En Sonora en Equipo publicamos toda la informaci\u00f3n de Sonora, M\u00e9xico y el Mundo de manera oportuna y busca que la libertad de expresi\u00f3n sea real. Visita nuestro medio informativo publicado desde Hermosillo, Sonora. %\" \/>\n<meta property=\"og:url\" content=\"https:\/\/www.sonoraenequipo.com.mx\/trabaja-ayuntamiento-en-mantenimiento-de-alumbrado-publico-al-poniente-de-hermosillo\/\" \/>\n<meta property=\"og:site_name\" content=\"Sonora en Equipo.\" \/>\n<meta property=\"article:publisher\" content=\"https:\/\/www.facebook.com\/SonoraEE\/\" \/>\n<meta property=\"article:author\" content=\"https:\/\/www.facebook.com\/SonoraEE\" \/>\n<meta property=\"article:published_time\" content=\"2021-08-03T01:42:21+00:00\" \/>\n<meta property=\"og:image\" content=\"https:\/\/www.sonoraenequipo.com.mx\/storage\/2021\/01\/alumbrado-alt3.jpg\" \/>\n\t<meta property=\"og:image:width\" content=\"500\" \/>\n\t<meta property=\"og:image:height\" content=\"361\" \/>\n\t<meta property=\"og:image:type\" content=\"image\/jpeg\" \/>\n<meta name=\"author\" content=\"enequipo\" \/>\n<meta name=\"twitter:card\" content=\"summary_large_image\" \/>\n<meta name=\"twitter:creator\" content=\"@sonoraenequipo\" \/>\n<meta name=\"twitter:site\" content=\"@sonoraenequipo\" \/>\n<meta name=\"twitter:label1\" content=\"Escrito por\" \/>\n\t<meta name=\"twitter:data1\" content=\"enequipo\" \/>\n\t<meta name=\"twitter:label2\" content=\"Tiempo de lectura\" \/>\n\t<meta name=\"twitter:data2\" content=\"1 minuto\" \/>\n<script type=\"application\/ld+json\" class=\"yoast-schema-graph\">{\"@context\":\"https:\/\/schema.org\",\"@graph\":[{\"@type\":\"Article\",\"@id\":\"https:\/\/www.sonoraenequipo.com.mx\/trabaja-ayuntamiento-en-mantenimiento-de-alumbrado-publico-al-poniente-de-hermosillo\/#article\",\"isPartOf\":{\"@id\":\"https:\/\/www.sonoraenequipo.com.mx\/trabaja-ayuntamiento-en-mantenimiento-de-alumbrado-publico-al-poniente-de-hermosillo\/\"},\"author\":{\"name\":\"enequipo\",\"@id\":\"https:\/\/www.sonoraenequipo.com.mx\/#\/schema\/person\/50102df0fb23a8fa9e8effad8fa81386\"},\"headline\":\"Trabaja Ayuntamiento en mantenimiento de Alumbrado P\u00fablico al Poniente de Hermosillo\u00a0\",\"datePublished\":\"2021-08-03T01:42:21+00:00\",\"mainEntityOfPage\":{\"@id\":\"https:\/\/www.sonoraenequipo.com.mx\/trabaja-ayuntamiento-en-mantenimiento-de-alumbrado-publico-al-poniente-de-hermosillo\/\"},\"wordCount\":129,\"commentCount\":0,\"publisher\":{\"@id\":\"https:\/\/www.sonoraenequipo.com.mx\/#organization\"},\"image\":{\"@id\":\"https:\/\/www.sonoraenequipo.com.mx\/trabaja-ayuntamiento-en-mantenimiento-de-alumbrado-publico-al-poniente-de-hermosillo\/#primaryimage\"},\"thumbnailUrl\":\"https:\/\/www.sonoraenequipo.com.mx\/storage\/2021\/01\/alumbrado-alt3.jpg\",\"keywords\":[\"alumbradopublico\",\"hermosillo\"],\"articleSection\":[\"Municipios\"],\"inLanguage\":\"es\",\"potentialAction\":[{\"@type\":\"CommentAction\",\"name\":\"Comment\",\"target\":[\"https:\/\/www.sonoraenequipo.com.mx\/trabaja-ayuntamiento-en-mantenimiento-de-alumbrado-publico-al-poniente-de-hermosillo\/#respond\"]}]},{\"@type\":\"WebPage\",\"@id\":\"https:\/\/www.sonoraenequipo.com.mx\/trabaja-ayuntamiento-en-mantenimiento-de-alumbrado-publico-al-poniente-de-hermosillo\/\",\"url\":\"https:\/\/www.sonoraenequipo.com.mx\/trabaja-ayuntamiento-en-mantenimiento-de-alumbrado-publico-al-poniente-de-hermosillo\/\",\"name\":\"Sonora en Equipo. Trabaja Ayuntamiento en mantenimiento de Alumbrado P\u00fablico al Poniente de Hermosillo\u00a0 Municipios\",\"isPartOf\":{\"@id\":\"https:\/\/www.sonoraenequipo.com.mx\/#website\"},\"primaryImageOfPage\":{\"@id\":\"https:\/\/www.sonoraenequipo.com.mx\/trabaja-ayuntamiento-en-mantenimiento-de-alumbrado-publico-al-poniente-de-hermosillo\/#primaryimage\"},\"image\":{\"@id\":\"https:\/\/www.sonoraenequipo.com.mx\/trabaja-ayuntamiento-en-mantenimiento-de-alumbrado-publico-al-poniente-de-hermosillo\/#primaryimage\"},\"thumbnailUrl\":\"https:\/\/www.sonoraenequipo.com.mx\/storage\/2021\/01\/alumbrado-alt3.jpg\",\"datePublished\":\"2021-08-03T01:42:21+00:00\",\"description\":\"HERMOSILLO, SONORA,MX.\u2500\u2500 \u00a0La Direcci\u00f3n de Alumbrado P\u00fablico de Hermosillo llev\u00f3 a cabo la reparaci\u00f3n de l\u00edneas da\u00f1adas y reconexi\u00f3n en bulevar Colosio En Sonora en Equipo publicamos toda la informaci\u00f3n de Sonora, M\u00e9xico y el Mundo de manera oportuna y busca que la libertad de expresi\u00f3n sea real. Visita nuestro medio informativo publicado desde Hermosillo, Sonora. %\",\"breadcrumb\":{\"@id\":\"https:\/\/www.sonoraenequipo.com.mx\/trabaja-ayuntamiento-en-mantenimiento-de-alumbrado-publico-al-poniente-de-hermosillo\/#breadcrumb\"},\"inLanguage\":\"es\",\"potentialAction\":[{\"@type\":\"ReadAction\",\"target\":[\"https:\/\/www.sonoraenequipo.com.mx\/trabaja-ayuntamiento-en-mantenimiento-de-alumbrado-publico-al-poniente-de-hermosillo\/\"]}]},{\"@type\":\"ImageObject\",\"inLanguage\":\"es\",\"@id\":\"https:\/\/www.sonoraenequipo.com.mx\/trabaja-ayuntamiento-en-mantenimiento-de-alumbrado-publico-al-poniente-de-hermosillo\/#primaryimage\",\"url\":\"https:\/\/www.sonoraenequipo.com.mx\/storage\/2021\/01\/alumbrado-alt3.jpg\",\"contentUrl\":\"https:\/\/www.sonoraenequipo.com.mx\/storage\/2021\/01\/alumbrado-alt3.jpg\",\"width\":500,\"height\":361,\"caption\":\"imagen para ilustrar\"},{\"@type\":\"BreadcrumbList\",\"@id\":\"https:\/\/www.sonoraenequipo.com.mx\/trabaja-ayuntamiento-en-mantenimiento-de-alumbrado-publico-al-poniente-de-hermosillo\/#breadcrumb\",\"itemListElement\":[{\"@type\":\"ListItem\",\"position\":1,\"name\":\"Portada\",\"item\":\"https:\/\/www.sonoraenequipo.com.mx\/\"},{\"@type\":\"ListItem\",\"position\":2,\"name\":\"Trabaja Ayuntamiento en mantenimiento de Alumbrado P\u00fablico al Poniente de Hermosillo\u00a0\"}]},{\"@type\":\"WebSite\",\"@id\":\"https:\/\/www.sonoraenequipo.com.mx\/#website\",\"url\":\"https:\/\/www.sonoraenequipo.com.mx\/\",\"name\":\"Sonora en Equipo.\",\"description\":\"Diario en l\u00ednea con Noticias desde Hermosillo, Sonora\",\"publisher\":{\"@id\":\"https:\/\/www.sonoraenequipo.com.mx\/#organization\"},\"potentialAction\":[{\"@type\":\"SearchAction\",\"target\":{\"@type\":\"EntryPoint\",\"urlTemplate\":\"https:\/\/www.sonoraenequipo.com.mx\/?s={search_term_string}\"},\"query-input\":{\"@type\":\"PropertyValueSpecification\",\"valueRequired\":true,\"valueName\":\"search_term_string\"}}],\"inLanguage\":\"es\"},{\"@type\":\"Organization\",\"@id\":\"https:\/\/www.sonoraenequipo.com.mx\/#organization\",\"name\":\"Sonoraenequipo.com.mx\",\"url\":\"https:\/\/www.sonoraenequipo.com.mx\/\",\"logo\":{\"@type\":\"ImageObject\",\"inLanguage\":\"es\",\"@id\":\"https:\/\/www.sonoraenequipo.com.mx\/#\/schema\/logo\/image\/\",\"url\":\"https:\/\/www.sonoraenequipo.com.mx\/storage\/2019\/01\/sonoraenequipo_opt.png\",\"contentUrl\":\"https:\/\/www.sonoraenequipo.com.mx\/storage\/2019\/01\/sonoraenequipo_opt.png\",\"width\":375,\"height\":125,\"caption\":\"Sonoraenequipo.com.mx\"},\"image\":{\"@id\":\"https:\/\/www.sonoraenequipo.com.mx\/#\/schema\/logo\/image\/\"},\"sameAs\":[\"https:\/\/www.facebook.com\/SonoraEE\/\",\"https:\/\/x.com\/sonoraenequipo\",\"https:\/\/www.youtube.com\/channel\/UC338nW-lPEYmJQs4ZABQ1SQ\"]},{\"@type\":\"Person\",\"@id\":\"https:\/\/www.sonoraenequipo.com.mx\/#\/schema\/person\/50102df0fb23a8fa9e8effad8fa81386\",\"name\":\"enequipo\",\"image\":{\"@type\":\"ImageObject\",\"inLanguage\":\"es\",\"@id\":\"https:\/\/www.sonoraenequipo.com.mx\/#\/schema\/person\/image\/\",\"url\":\"https:\/\/secure.gravatar.com\/avatar\/049821681b589dabc0bc20695993ccebb09f5b5d4d790cd9251b97faac7c652b?s=96&d=blank&r=g\",\"contentUrl\":\"https:\/\/secure.gravatar.com\/avatar\/049821681b589dabc0bc20695993ccebb09f5b5d4d790cd9251b97faac7c652b?s=96&d=blank&r=g\",\"caption\":\"enequipo\"},\"sameAs\":[\"https:\/\/www.facebook.com\/SonoraEE\"]}]}<\/script>\n ","yoast_head_json":{"title":"Sonora en Equipo. Trabaja Ayuntamiento en mantenimiento de Alumbrado P\u00fablico al Poniente de Hermosillo\u00a0 Municipios","description":"HERMOSILLO, SONORA,MX.\u2500\u2500 \u00a0La Direcci\u00f3n de Alumbrado P\u00fablico de Hermosillo llev\u00f3 a cabo la reparaci\u00f3n de l\u00edneas da\u00f1adas y reconexi\u00f3n en bulevar Colosio En Sonora en Equipo publicamos toda la informaci\u00f3n de Sonora, M\u00e9xico y el Mundo de manera oportuna y busca que la libertad de expresi\u00f3n sea real. Visita nuestro medio informativo publicado desde Hermosillo, Sonora. %","robots":{"index":"index","follow":"follow","max-snippet":"max-snippet:-1","max-image-preview":"max-image-preview:large","max-video-preview":"max-video-preview:-1"},"canonical":"https:\/\/www.sonoraenequipo.com.mx\/trabaja-ayuntamiento-en-mantenimiento-de-alumbrado-publico-al-poniente-de-hermosillo\/","og_locale":"es_ES","og_type":"article","og_title":"Sonora en Equipo. Trabaja Ayuntamiento en mantenimiento de Alumbrado P\u00fablico al Poniente de Hermosillo\u00a0 Municipios","og_description":"HERMOSILLO, SONORA,MX.\u2500\u2500 \u00a0La Direcci\u00f3n de Alumbrado P\u00fablico de Hermosillo llev\u00f3 a cabo la reparaci\u00f3n de l\u00edneas da\u00f1adas y reconexi\u00f3n en bulevar Colosio En Sonora en Equipo publicamos toda la informaci\u00f3n de Sonora, M\u00e9xico y el Mundo de manera oportuna y busca que la libertad de expresi\u00f3n sea real. Visita nuestro medio informativo publicado desde Hermosillo, Sonora. %","og_url":"https:\/\/www.sonoraenequipo.com.mx\/trabaja-ayuntamiento-en-mantenimiento-de-alumbrado-publico-al-poniente-de-hermosillo\/","og_site_name":"Sonora en Equipo.","article_publisher":"https:\/\/www.facebook.com\/SonoraEE\/","article_author":"https:\/\/www.facebook.com\/SonoraEE","article_published_time":"2021-08-03T01:42:21+00:00","og_image":[{"width":500,"height":361,"url":"https:\/\/www.sonoraenequipo.com.mx\/storage\/2021\/01\/alumbrado-alt3.jpg","type":"image\/jpeg"}],"author":"enequipo","twitter_card":"summary_large_image","twitter_creator":"@sonoraenequipo","twitter_site":"@sonoraenequipo","twitter_misc":{"Escrito por":"enequipo","Tiempo de lectura":"1 minuto"},"schema":{"@context":"https:\/\/schema.org","@graph":[{"@type":"Article","@id":"https:\/\/www.sonoraenequipo.com.mx\/trabaja-ayuntamiento-en-mantenimiento-de-alumbrado-publico-al-poniente-de-hermosillo\/#article","isPartOf":{"@id":"https:\/\/www.sonoraenequipo.com.mx\/trabaja-ayuntamiento-en-mantenimiento-de-alumbrado-publico-al-poniente-de-hermosillo\/"},"author":{"name":"enequipo","@id":"https:\/\/www.sonoraenequipo.com.mx\/#\/schema\/person\/50102df0fb23a8fa9e8effad8fa81386"},"headline":"Trabaja Ayuntamiento en mantenimiento de Alumbrado P\u00fablico al Poniente de Hermosillo\u00a0","datePublished":"2021-08-03T01:42:21+00:00","mainEntityOfPage":{"@id":"https:\/\/www.sonoraenequipo.com.mx\/trabaja-ayuntamiento-en-mantenimiento-de-alumbrado-publico-al-poniente-de-hermosillo\/"},"wordCount":129,"commentCount":0,"publisher":{"@id":"https:\/\/www.sonoraenequipo.com.mx\/#organization"},"image":{"@id":"https:\/\/www.sonoraenequipo.com.mx\/trabaja-ayuntamiento-en-mantenimiento-de-alumbrado-publico-al-poniente-de-hermosillo\/#primaryimage"},"thumbnailUrl":"https:\/\/www.sonoraenequipo.com.mx\/storage\/2021\/01\/alumbrado-alt3.jpg","keywords":["alumbradopublico","hermosillo"],"articleSection":["Municipios"],"inLanguage":"es","potentialAction":[{"@type":"CommentAction","name":"Comment","target":["https:\/\/www.sonoraenequipo.com.mx\/trabaja-ayuntamiento-en-mantenimiento-de-alumbrado-publico-al-poniente-de-hermosillo\/#respond"]}]},{"@type":"WebPage","@id":"https:\/\/www.sonoraenequipo.com.mx\/trabaja-ayuntamiento-en-mantenimiento-de-alumbrado-publico-al-poniente-de-hermosillo\/","url":"https:\/\/www.sonoraenequipo.com.mx\/trabaja-ayuntamiento-en-mantenimiento-de-alumbrado-publico-al-poniente-de-hermosillo\/","name":"Sonora en Equipo. Trabaja Ayuntamiento en mantenimiento de Alumbrado P\u00fablico al Poniente de Hermosillo\u00a0 Municipios","isPartOf":{"@id":"https:\/\/www.sonoraenequipo.com.mx\/#website"},"primaryImageOfPage":{"@id":"https:\/\/www.sonoraenequipo.com.mx\/trabaja-ayuntamiento-en-mantenimiento-de-alumbrado-publico-al-poniente-de-hermosillo\/#primaryimage"},"image":{"@id":"https:\/\/www.sonoraenequipo.com.mx\/trabaja-ayuntamiento-en-mantenimiento-de-alumbrado-publico-al-poniente-de-hermosillo\/#primaryimage"},"thumbnailUrl":"https:\/\/www.sonoraenequipo.com.mx\/storage\/2021\/01\/alumbrado-alt3.jpg","datePublished":"2021-08-03T01:42:21+00:00","description":"HERMOSILLO, SONORA,MX.\u2500\u2500 \u00a0La Direcci\u00f3n de Alumbrado P\u00fablico de Hermosillo llev\u00f3 a cabo la reparaci\u00f3n de l\u00edneas da\u00f1adas y reconexi\u00f3n en bulevar Colosio En Sonora en Equipo publicamos toda la informaci\u00f3n de Sonora, M\u00e9xico y el Mundo de manera oportuna y busca que la libertad de expresi\u00f3n sea real. Visita nuestro medio informativo publicado desde Hermosillo, Sonora. %","breadcrumb":{"@id":"https:\/\/www.sonoraenequipo.com.mx\/trabaja-ayuntamiento-en-mantenimiento-de-alumbrado-publico-al-poniente-de-hermosillo\/#breadcrumb"},"inLanguage":"es","potentialAction":[{"@type":"ReadAction","target":["https:\/\/www.sonoraenequipo.com.mx\/trabaja-ayuntamiento-en-mantenimiento-de-alumbrado-publico-al-poniente-de-hermosillo\/"]}]},{"@type":"ImageObject","inLanguage":"es","@id":"https:\/\/www.sonoraenequipo.com.mx\/trabaja-ayuntamiento-en-mantenimiento-de-alumbrado-publico-al-poniente-de-hermosillo\/#primaryimage","url":"https:\/\/www.sonoraenequipo.com.mx\/storage\/2021\/01\/alumbrado-alt3.jpg","contentUrl":"https:\/\/www.sonoraenequipo.com.mx\/storage\/2021\/01\/alumbrado-alt3.jpg","width":500,"height":361,"caption":"imagen para ilustrar"},{"@type":"BreadcrumbList","@id":"https:\/\/www.sonoraenequipo.com.mx\/trabaja-ayuntamiento-en-mantenimiento-de-alumbrado-publico-al-poniente-de-hermosillo\/#breadcrumb","itemListElement":[{"@type":"ListItem","position":1,"name":"Portada","item":"https:\/\/www.sonoraenequipo.com.mx\/"},{"@type":"ListItem","position":2,"name":"Trabaja Ayuntamiento en mantenimiento de Alumbrado P\u00fablico al Poniente de Hermosillo\u00a0"}]},{"@type":"WebSite","@id":"https:\/\/www.sonoraenequipo.com.mx\/#website","url":"https:\/\/www.sonoraenequipo.com.mx\/","name":"Sonora en Equipo.","description":"Diario en l\u00ednea con Noticias desde Hermosillo, Sonora","publisher":{"@id":"https:\/\/www.sonoraenequipo.com.mx\/#organization"},"potentialAction":[{"@type":"SearchAction","target":{"@type":"EntryPoint","urlTemplate":"https:\/\/www.sonoraenequipo.com.mx\/?s={search_term_string}"},"query-input":{"@type":"PropertyValueSpecification","valueRequired":true,"valueName":"search_term_string"}}],"inLanguage":"es"},{"@type":"Organization","@id":"https:\/\/www.sonoraenequipo.com.mx\/#organization","name":"Sonoraenequipo.com.mx","url":"https:\/\/www.sonoraenequipo.com.mx\/","logo":{"@type":"ImageObject","inLanguage":"es","@id":"https:\/\/www.sonoraenequipo.com.mx\/#\/schema\/logo\/image\/","url":"https:\/\/www.sonoraenequipo.com.mx\/storage\/2019\/01\/sonoraenequipo_opt.png","contentUrl":"https:\/\/www.sonoraenequipo.com.mx\/storage\/2019\/01\/sonoraenequipo_opt.png","width":375,"height":125,"caption":"Sonoraenequipo.com.mx"},"image":{"@id":"https:\/\/www.sonoraenequipo.com.mx\/#\/schema\/logo\/image\/"},"sameAs":["https:\/\/www.facebook.com\/SonoraEE\/","https:\/\/x.com\/sonoraenequipo","https:\/\/www.youtube.com\/channel\/UC338nW-lPEYmJQs4ZABQ1SQ"]},{"@type":"Person","@id":"https:\/\/www.sonoraenequipo.com.mx\/#\/schema\/person\/50102df0fb23a8fa9e8effad8fa81386","name":"enequipo","image":{"@type":"ImageObject","inLanguage":"es","@id":"https:\/\/www.sonoraenequipo.com.mx\/#\/schema\/person\/image\/","url":"https:\/\/secure.gravatar.com\/avatar\/049821681b589dabc0bc20695993ccebb09f5b5d4d790cd9251b97faac7c652b?s=96&d=blank&r=g","contentUrl":"https:\/\/secure.gravatar.com\/avatar\/049821681b589dabc0bc20695993ccebb09f5b5d4d790cd9251b97faac7c652b?s=96&d=blank&r=g","caption":"enequipo"},"sameAs":["https:\/\/www.facebook.com\/SonoraEE"]}]}},"jetpack_featured_media_url":"https:\/\/www.sonoraenequipo.com.mx\/storage\/2021\/01\/alumbrado-alt3.jpg","_links":{"self":[{"href":"https:\/\/www.sonoraenequipo.com.mx\/api\/wp\/v2\/posts\/119652","targetHints":{"allow":["GET"]}}],"collection":[{"href":"https:\/\/www.sonoraenequipo.com.mx\/api\/wp\/v2\/posts"}],"about":[{"href":"https:\/\/www.sonoraenequipo.com.mx\/api\/wp\/v2\/types\/post"}],"author":[{"embeddable":true,"href":"https:\/\/www.sonoraenequipo.com.mx\/api\/wp\/v2\/users\/1"}],"replies":[{"embeddable":true,"href":"https:\/\/www.sonoraenequipo.com.mx\/api\/wp\/v2\/comments?post=119652"}],"version-history":[{"count":1,"href":"https:\/\/www.sonoraenequipo.com.mx\/api\/wp\/v2\/posts\/119652\/revisions"}],"predecessor-version":[{"id":119655,"href":"https:\/\/www.sonoraenequipo.com.mx\/api\/wp\/v2\/posts\/119652\/revisions\/119655"}],"wp:featuredmedia":[{"embeddable":true,"href":"https:\/\/www.sonoraenequipo.com.mx\/api\/wp\/v2\/media\/105662"}],"wp:attachment":[{"href":"https:\/\/www.sonoraenequipo.com.mx\/api\/wp\/v2\/media?parent=119652"}],"wp:term":[{"taxonomy":"category","embeddable":true,"href":"https:\/\/www.sonoraenequipo.com.mx\/api\/wp\/v2\/categories?post=119652"},{"taxonomy":"post_tag","embeddable":true,"href":"https:\/\/www.sonoraenequipo.com.mx\/api\/wp\/v2\/tags?post=119652"}],"curies":[{"name":"wp","href":"https:\/\/api.w.org\/{rel}","templated":true}]}}