{"id":119671,"date":"2021-08-01T14:53:21","date_gmt":"2021-08-01T21:53:21","guid":{"rendered":"https:\/\/www.sonoraenequipo.com.mx\/?p=119671"},"modified":"2021-08-02T21:08:43","modified_gmt":"2021-08-03T04:08:43","slug":"santiago-nieto-destaca-propositos-de-la-consulta-popular","status":"publish","type":"post","link":"https:\/\/www.sonoraenequipo.com.mx\/santiago-nieto-destaca-propositos-de-la-consulta-popular\/","title":{"rendered":"Santiago Nieto destaca prop\u00f3sitos de la consulta popular"},"content":{"rendered":"<p>CIUDAD DE M\u00c9XICO. MX. \u2014 Santiago Nieto Castillo, titular de la Unidad de Inteligencia Financiera, acudi\u00f3 a votar a San Juan del R\u00edo, Quer\u00e9taro, dentro de la consulta popular para investigar decisiones de pol\u00edticos del pasado.<\/p>\n<p>&nbsp;<\/p>\n<p> <\/p>\n<p>Recalc\u00f3 que la primera consulta en el pa\u00eds es un ejercicio de derechos pol\u00edticos, de democracia directa como complemento de la representativa, transparencia y rendici\u00f3n de cuentas, as\u00ed como la oportunidad de aplicar la ley en los casos vigentes e instalar una Comisi\u00f3n de la verdad para lo prescrito.<\/p>\n<p>&nbsp;<\/p>\n<p>&nbsp;<\/p>\n<p>El funcionario ha mencionado que no prescribe el delito de corrupci\u00f3n y es necesario crear una Comisi\u00f3n de la Verdad para saber que pas\u00f3 en los gobierno anteriores.<\/p>\n<p>&nbsp;<\/p>\n<p>&nbsp;<\/p>\n<p>En el saco de Carlos Salinas de Gortari destac\u00f3 las privatizaciones de empresas estatales; en el de Ernesto Zedillo el rescate bancario; en el sexenio de Vicente Fox agreg\u00f3 que es necesario saber c\u00f3mo se otorgaron los permisos para operar varios casinos, as\u00ed como los presuntos il\u00edcitos de los hermanos Bribiesca, hijos de la entonces primera dama Martha Sahag\u00fan.<\/p>\n<p>&nbsp;<\/p>\n<p>&nbsp;<\/p>\n<p>Agreg\u00f3 que en el sexenio de Calder\u00f3n se deben indagar los casos de Garc\u00eda Luna, C\u00e1rdenas Palomino entre otros y finalmente en la de Enrique Pe\u00f1a la presunta corrupci\u00f3n alrededor de Odebrecht y el probable desv\u00edo de recursos p\u00fablicos a procesos electorales.<\/p>\n<p>&nbsp;<\/p>\n<p>(Publicada el 01\/08\/2021 \/Con informaci\u00f3n de Dora Villanueva\/LAJORNADA)<\/p>\n","protected":false},"excerpt":{"rendered":"<p>CIUDAD DE M\u00c9XICO. MX. \u2014 Santiago Nieto Castillo, titular de la Unidad de Inteligencia Financiera,&#8230;<\/p>\n","protected":false},"author":1,"featured_media":119672,"comment_status":"open","ping_status":"open","sticky":false,"template":"","format":"standard","meta":{"_monsterinsights_skip_tracking":false,"_monsterinsights_sitenote_active":false,"_monsterinsights_sitenote_note":"","_monsterinsights_sitenote_category":0,"footnotes":""},"categories":[5],"tags":[],"class_list":["post"],"yoast_head":" \n<title>Sonora en Equipo. Santiago Nieto destaca prop\u00f3sitos de la consulta popular Rep\u00fablica<\/title>\n<meta name=\"description\" content=\"CIUDAD DE M\u00c9XICO. MX. \u2014 Santiago Nieto Castillo, titular de la Unidad de Inteligencia Financiera, acudi\u00f3 a votar a San Juan del R\u00edo, Quer\u00e9taro, dentro de En Sonora en Equipo publicamos toda la informaci\u00f3n de Sonora, M\u00e9xico y el Mundo de manera oportuna y busca que la libertad de expresi\u00f3n sea real. Visita nuestro medio informativo publicado desde Hermosillo, Sonora. %\" \/>\n<meta name=\"robots\" content=\"index, follow, max-snippet:-1, max-image-preview:large, max-video-preview:-1\" \/>\n<link rel=\"canonical\" href=\"https:\/\/www.sonoraenequipo.com.mx\/santiago-nieto-destaca-propositos-de-la-consulta-popular\/\" \/>\n<meta property=\"og:locale\" content=\"es_ES\" \/>\n<meta property=\"og:type\" content=\"article\" \/>\n<meta property=\"og:title\" content=\"Sonora en Equipo. Santiago Nieto destaca prop\u00f3sitos de la consulta popular Rep\u00fablica\" \/>\n<meta property=\"og:description\" content=\"CIUDAD DE M\u00c9XICO. MX. \u2014 Santiago Nieto Castillo, titular de la Unidad de Inteligencia Financiera, acudi\u00f3 a votar a San Juan del R\u00edo, Quer\u00e9taro, dentro de En Sonora en Equipo publicamos toda la informaci\u00f3n de Sonora, M\u00e9xico y el Mundo de manera oportuna y busca que la libertad de expresi\u00f3n sea real. Visita nuestro medio informativo publicado desde Hermosillo, Sonora. %\" \/>\n<meta property=\"og:url\" content=\"https:\/\/www.sonoraenequipo.com.mx\/santiago-nieto-destaca-propositos-de-la-consulta-popular\/\" \/>\n<meta property=\"og:site_name\" content=\"Sonora en Equipo.\" \/>\n<meta property=\"article:publisher\" content=\"https:\/\/www.facebook.com\/SonoraEE\/\" \/>\n<meta property=\"article:author\" content=\"https:\/\/www.facebook.com\/SonoraEE\" \/>\n<meta property=\"article:published_time\" content=\"2021-08-01T21:53:21+00:00\" \/>\n<meta property=\"article:modified_time\" content=\"2021-08-03T04:08:43+00:00\" \/>\n<meta property=\"og:image\" content=\"https:\/\/www.sonoraenequipo.com.mx\/storage\/2021\/08\/santiago-nieto_opt.jpg\" \/>\n\t<meta property=\"og:image:width\" content=\"700\" \/>\n\t<meta property=\"og:image:height\" content=\"400\" \/>\n\t<meta property=\"og:image:type\" content=\"image\/jpeg\" \/>\n<meta name=\"author\" content=\"enequipo\" \/>\n<meta name=\"twitter:card\" content=\"summary_large_image\" \/>\n<meta name=\"twitter:creator\" content=\"@sonoraenequipo\" \/>\n<meta name=\"twitter:site\" content=\"@sonoraenequipo\" \/>\n<meta name=\"twitter:label1\" content=\"Escrito por\" \/>\n\t<meta name=\"twitter:data1\" content=\"enequipo\" \/>\n\t<meta name=\"twitter:label2\" content=\"Tiempo de lectura\" \/>\n\t<meta name=\"twitter:data2\" content=\"1 minuto\" \/>\n<script type=\"application\/ld+json\" class=\"yoast-schema-graph\">{\"@context\":\"https:\/\/schema.org\",\"@graph\":[{\"@type\":\"Article\",\"@id\":\"https:\/\/www.sonoraenequipo.com.mx\/santiago-nieto-destaca-propositos-de-la-consulta-popular\/#article\",\"isPartOf\":{\"@id\":\"https:\/\/www.sonoraenequipo.com.mx\/santiago-nieto-destaca-propositos-de-la-consulta-popular\/\"},\"author\":{\"name\":\"enequipo\",\"@id\":\"https:\/\/www.sonoraenequipo.com.mx\/#\/schema\/person\/50102df0fb23a8fa9e8effad8fa81386\"},\"headline\":\"Santiago Nieto destaca prop\u00f3sitos de la consulta popular\",\"datePublished\":\"2021-08-01T21:53:21+00:00\",\"dateModified\":\"2021-08-03T04:08:43+00:00\",\"mainEntityOfPage\":{\"@id\":\"https:\/\/www.sonoraenequipo.com.mx\/santiago-nieto-destaca-propositos-de-la-consulta-popular\/\"},\"wordCount\":259,\"commentCount\":0,\"publisher\":{\"@id\":\"https:\/\/www.sonoraenequipo.com.mx\/#organization\"},\"image\":{\"@id\":\"https:\/\/www.sonoraenequipo.com.mx\/santiago-nieto-destaca-propositos-de-la-consulta-popular\/#primaryimage\"},\"thumbnailUrl\":\"https:\/\/www.sonoraenequipo.com.mx\/storage\/2021\/08\/santiago-nieto_opt.jpg\",\"articleSection\":[\"Rep\u00fablica\"],\"inLanguage\":\"es\",\"potentialAction\":[{\"@type\":\"CommentAction\",\"name\":\"Comment\",\"target\":[\"https:\/\/www.sonoraenequipo.com.mx\/santiago-nieto-destaca-propositos-de-la-consulta-popular\/#respond\"]}]},{\"@type\":\"WebPage\",\"@id\":\"https:\/\/www.sonoraenequipo.com.mx\/santiago-nieto-destaca-propositos-de-la-consulta-popular\/\",\"url\":\"https:\/\/www.sonoraenequipo.com.mx\/santiago-nieto-destaca-propositos-de-la-consulta-popular\/\",\"name\":\"Sonora en Equipo. Santiago Nieto destaca prop\u00f3sitos de la consulta popular Rep\u00fablica\",\"isPartOf\":{\"@id\":\"https:\/\/www.sonoraenequipo.com.mx\/#website\"},\"primaryImageOfPage\":{\"@id\":\"https:\/\/www.sonoraenequipo.com.mx\/santiago-nieto-destaca-propositos-de-la-consulta-popular\/#primaryimage\"},\"image\":{\"@id\":\"https:\/\/www.sonoraenequipo.com.mx\/santiago-nieto-destaca-propositos-de-la-consulta-popular\/#primaryimage\"},\"thumbnailUrl\":\"https:\/\/www.sonoraenequipo.com.mx\/storage\/2021\/08\/santiago-nieto_opt.jpg\",\"datePublished\":\"2021-08-01T21:53:21+00:00\",\"dateModified\":\"2021-08-03T04:08:43+00:00\",\"description\":\"CIUDAD DE M\u00c9XICO. MX. \u2014 Santiago Nieto Castillo, titular de la Unidad de Inteligencia Financiera, acudi\u00f3 a votar a San Juan del R\u00edo, Quer\u00e9taro, dentro de En Sonora en Equipo publicamos toda la informaci\u00f3n de Sonora, M\u00e9xico y el Mundo de manera oportuna y busca que la libertad de expresi\u00f3n sea real. Visita nuestro medio informativo publicado desde Hermosillo, Sonora. %\",\"breadcrumb\":{\"@id\":\"https:\/\/www.sonoraenequipo.com.mx\/santiago-nieto-destaca-propositos-de-la-consulta-popular\/#breadcrumb\"},\"inLanguage\":\"es\",\"potentialAction\":[{\"@type\":\"ReadAction\",\"target\":[\"https:\/\/www.sonoraenequipo.com.mx\/santiago-nieto-destaca-propositos-de-la-consulta-popular\/\"]}]},{\"@type\":\"ImageObject\",\"inLanguage\":\"es\",\"@id\":\"https:\/\/www.sonoraenequipo.com.mx\/santiago-nieto-destaca-propositos-de-la-consulta-popular\/#primaryimage\",\"url\":\"https:\/\/www.sonoraenequipo.com.mx\/storage\/2021\/08\/santiago-nieto_opt.jpg\",\"contentUrl\":\"https:\/\/www.sonoraenequipo.com.mx\/storage\/2021\/08\/santiago-nieto_opt.jpg\",\"width\":700,\"height\":400},{\"@type\":\"BreadcrumbList\",\"@id\":\"https:\/\/www.sonoraenequipo.com.mx\/santiago-nieto-destaca-propositos-de-la-consulta-popular\/#breadcrumb\",\"itemListElement\":[{\"@type\":\"ListItem\",\"position\":1,\"name\":\"Portada\",\"item\":\"https:\/\/www.sonoraenequipo.com.mx\/\"},{\"@type\":\"ListItem\",\"position\":2,\"name\":\"Santiago Nieto destaca prop\u00f3sitos de la consulta popular\"}]},{\"@type\":\"WebSite\",\"@id\":\"https:\/\/www.sonoraenequipo.com.mx\/#website\",\"url\":\"https:\/\/www.sonoraenequipo.com.mx\/\",\"name\":\"Sonora en Equipo.\",\"description\":\"Diario en l\u00ednea con Noticias desde Hermosillo, Sonora\",\"publisher\":{\"@id\":\"https:\/\/www.sonoraenequipo.com.mx\/#organization\"},\"potentialAction\":[{\"@type\":\"SearchAction\",\"target\":{\"@type\":\"EntryPoint\",\"urlTemplate\":\"https:\/\/www.sonoraenequipo.com.mx\/?s={search_term_string}\"},\"query-input\":{\"@type\":\"PropertyValueSpecification\",\"valueRequired\":true,\"valueName\":\"search_term_string\"}}],\"inLanguage\":\"es\"},{\"@type\":\"Organization\",\"@id\":\"https:\/\/www.sonoraenequipo.com.mx\/#organization\",\"name\":\"Sonoraenequipo.com.mx\",\"url\":\"https:\/\/www.sonoraenequipo.com.mx\/\",\"logo\":{\"@type\":\"ImageObject\",\"inLanguage\":\"es\",\"@id\":\"https:\/\/www.sonoraenequipo.com.mx\/#\/schema\/logo\/image\/\",\"url\":\"https:\/\/www.sonoraenequipo.com.mx\/storage\/2019\/01\/sonoraenequipo_opt.png\",\"contentUrl\":\"https:\/\/www.sonoraenequipo.com.mx\/storage\/2019\/01\/sonoraenequipo_opt.png\",\"width\":375,\"height\":125,\"caption\":\"Sonoraenequipo.com.mx\"},\"image\":{\"@id\":\"https:\/\/www.sonoraenequipo.com.mx\/#\/schema\/logo\/image\/\"},\"sameAs\":[\"https:\/\/www.facebook.com\/SonoraEE\/\",\"https:\/\/x.com\/sonoraenequipo\",\"https:\/\/www.youtube.com\/channel\/UC338nW-lPEYmJQs4ZABQ1SQ\"]},{\"@type\":\"Person\",\"@id\":\"https:\/\/www.sonoraenequipo.com.mx\/#\/schema\/person\/50102df0fb23a8fa9e8effad8fa81386\",\"name\":\"enequipo\",\"image\":{\"@type\":\"ImageObject\",\"inLanguage\":\"es\",\"@id\":\"https:\/\/www.sonoraenequipo.com.mx\/#\/schema\/person\/image\/\",\"url\":\"https:\/\/secure.gravatar.com\/avatar\/049821681b589dabc0bc20695993ccebb09f5b5d4d790cd9251b97faac7c652b?s=96&d=blank&r=g\",\"contentUrl\":\"https:\/\/secure.gravatar.com\/avatar\/049821681b589dabc0bc20695993ccebb09f5b5d4d790cd9251b97faac7c652b?s=96&d=blank&r=g\",\"caption\":\"enequipo\"},\"sameAs\":[\"https:\/\/www.facebook.com\/SonoraEE\"]}]}<\/script>\n ","yoast_head_json":{"title":"Sonora en Equipo. Santiago Nieto destaca prop\u00f3sitos de la consulta popular Rep\u00fablica","description":"CIUDAD DE M\u00c9XICO. MX. \u2014 Santiago Nieto Castillo, titular de la Unidad de Inteligencia Financiera, acudi\u00f3 a votar a San Juan del R\u00edo, Quer\u00e9taro, dentro de En Sonora en Equipo publicamos toda la informaci\u00f3n de Sonora, M\u00e9xico y el Mundo de manera oportuna y busca que la libertad de expresi\u00f3n sea real. Visita nuestro medio informativo publicado desde Hermosillo, Sonora. %","robots":{"index":"index","follow":"follow","max-snippet":"max-snippet:-1","max-image-preview":"max-image-preview:large","max-video-preview":"max-video-preview:-1"},"canonical":"https:\/\/www.sonoraenequipo.com.mx\/santiago-nieto-destaca-propositos-de-la-consulta-popular\/","og_locale":"es_ES","og_type":"article","og_title":"Sonora en Equipo. Santiago Nieto destaca prop\u00f3sitos de la consulta popular Rep\u00fablica","og_description":"CIUDAD DE M\u00c9XICO. MX. \u2014 Santiago Nieto Castillo, titular de la Unidad de Inteligencia Financiera, acudi\u00f3 a votar a San Juan del R\u00edo, Quer\u00e9taro, dentro de En Sonora en Equipo publicamos toda la informaci\u00f3n de Sonora, M\u00e9xico y el Mundo de manera oportuna y busca que la libertad de expresi\u00f3n sea real. Visita nuestro medio informativo publicado desde Hermosillo, Sonora. %","og_url":"https:\/\/www.sonoraenequipo.com.mx\/santiago-nieto-destaca-propositos-de-la-consulta-popular\/","og_site_name":"Sonora en Equipo.","article_publisher":"https:\/\/www.facebook.com\/SonoraEE\/","article_author":"https:\/\/www.facebook.com\/SonoraEE","article_published_time":"2021-08-01T21:53:21+00:00","article_modified_time":"2021-08-03T04:08:43+00:00","og_image":[{"width":700,"height":400,"url":"https:\/\/www.sonoraenequipo.com.mx\/storage\/2021\/08\/santiago-nieto_opt.jpg","type":"image\/jpeg"}],"author":"enequipo","twitter_card":"summary_large_image","twitter_creator":"@sonoraenequipo","twitter_site":"@sonoraenequipo","twitter_misc":{"Escrito por":"enequipo","Tiempo de lectura":"1 minuto"},"schema":{"@context":"https:\/\/schema.org","@graph":[{"@type":"Article","@id":"https:\/\/www.sonoraenequipo.com.mx\/santiago-nieto-destaca-propositos-de-la-consulta-popular\/#article","isPartOf":{"@id":"https:\/\/www.sonoraenequipo.com.mx\/santiago-nieto-destaca-propositos-de-la-consulta-popular\/"},"author":{"name":"enequipo","@id":"https:\/\/www.sonoraenequipo.com.mx\/#\/schema\/person\/50102df0fb23a8fa9e8effad8fa81386"},"headline":"Santiago Nieto destaca prop\u00f3sitos de la consulta popular","datePublished":"2021-08-01T21:53:21+00:00","dateModified":"2021-08-03T04:08:43+00:00","mainEntityOfPage":{"@id":"https:\/\/www.sonoraenequipo.com.mx\/santiago-nieto-destaca-propositos-de-la-consulta-popular\/"},"wordCount":259,"commentCount":0,"publisher":{"@id":"https:\/\/www.sonoraenequipo.com.mx\/#organization"},"image":{"@id":"https:\/\/www.sonoraenequipo.com.mx\/santiago-nieto-destaca-propositos-de-la-consulta-popular\/#primaryimage"},"thumbnailUrl":"https:\/\/www.sonoraenequipo.com.mx\/storage\/2021\/08\/santiago-nieto_opt.jpg","articleSection":["Rep\u00fablica"],"inLanguage":"es","potentialAction":[{"@type":"CommentAction","name":"Comment","target":["https:\/\/www.sonoraenequipo.com.mx\/santiago-nieto-destaca-propositos-de-la-consulta-popular\/#respond"]}]},{"@type":"WebPage","@id":"https:\/\/www.sonoraenequipo.com.mx\/santiago-nieto-destaca-propositos-de-la-consulta-popular\/","url":"https:\/\/www.sonoraenequipo.com.mx\/santiago-nieto-destaca-propositos-de-la-consulta-popular\/","name":"Sonora en Equipo. Santiago Nieto destaca prop\u00f3sitos de la consulta popular Rep\u00fablica","isPartOf":{"@id":"https:\/\/www.sonoraenequipo.com.mx\/#website"},"primaryImageOfPage":{"@id":"https:\/\/www.sonoraenequipo.com.mx\/santiago-nieto-destaca-propositos-de-la-consulta-popular\/#primaryimage"},"image":{"@id":"https:\/\/www.sonoraenequipo.com.mx\/santiago-nieto-destaca-propositos-de-la-consulta-popular\/#primaryimage"},"thumbnailUrl":"https:\/\/www.sonoraenequipo.com.mx\/storage\/2021\/08\/santiago-nieto_opt.jpg","datePublished":"2021-08-01T21:53:21+00:00","dateModified":"2021-08-03T04:08:43+00:00","description":"CIUDAD DE M\u00c9XICO. MX. \u2014 Santiago Nieto Castillo, titular de la Unidad de Inteligencia Financiera, acudi\u00f3 a votar a San Juan del R\u00edo, Quer\u00e9taro, dentro de En Sonora en Equipo publicamos toda la informaci\u00f3n de Sonora, M\u00e9xico y el Mundo de manera oportuna y busca que la libertad de expresi\u00f3n sea real. Visita nuestro medio informativo publicado desde Hermosillo, Sonora. %","breadcrumb":{"@id":"https:\/\/www.sonoraenequipo.com.mx\/santiago-nieto-destaca-propositos-de-la-consulta-popular\/#breadcrumb"},"inLanguage":"es","potentialAction":[{"@type":"ReadAction","target":["https:\/\/www.sonoraenequipo.com.mx\/santiago-nieto-destaca-propositos-de-la-consulta-popular\/"]}]},{"@type":"ImageObject","inLanguage":"es","@id":"https:\/\/www.sonoraenequipo.com.mx\/santiago-nieto-destaca-propositos-de-la-consulta-popular\/#primaryimage","url":"https:\/\/www.sonoraenequipo.com.mx\/storage\/2021\/08\/santiago-nieto_opt.jpg","contentUrl":"https:\/\/www.sonoraenequipo.com.mx\/storage\/2021\/08\/santiago-nieto_opt.jpg","width":700,"height":400},{"@type":"BreadcrumbList","@id":"https:\/\/www.sonoraenequipo.com.mx\/santiago-nieto-destaca-propositos-de-la-consulta-popular\/#breadcrumb","itemListElement":[{"@type":"ListItem","position":1,"name":"Portada","item":"https:\/\/www.sonoraenequipo.com.mx\/"},{"@type":"ListItem","position":2,"name":"Santiago Nieto destaca prop\u00f3sitos de la consulta popular"}]},{"@type":"WebSite","@id":"https:\/\/www.sonoraenequipo.com.mx\/#website","url":"https:\/\/www.sonoraenequipo.com.mx\/","name":"Sonora en Equipo.","description":"Diario en l\u00ednea con Noticias desde Hermosillo, Sonora","publisher":{"@id":"https:\/\/www.sonoraenequipo.com.mx\/#organization"},"potentialAction":[{"@type":"SearchAction","target":{"@type":"EntryPoint","urlTemplate":"https:\/\/www.sonoraenequipo.com.mx\/?s={search_term_string}"},"query-input":{"@type":"PropertyValueSpecification","valueRequired":true,"valueName":"search_term_string"}}],"inLanguage":"es"},{"@type":"Organization","@id":"https:\/\/www.sonoraenequipo.com.mx\/#organization","name":"Sonoraenequipo.com.mx","url":"https:\/\/www.sonoraenequipo.com.mx\/","logo":{"@type":"ImageObject","inLanguage":"es","@id":"https:\/\/www.sonoraenequipo.com.mx\/#\/schema\/logo\/image\/","url":"https:\/\/www.sonoraenequipo.com.mx\/storage\/2019\/01\/sonoraenequipo_opt.png","contentUrl":"https:\/\/www.sonoraenequipo.com.mx\/storage\/2019\/01\/sonoraenequipo_opt.png","width":375,"height":125,"caption":"Sonoraenequipo.com.mx"},"image":{"@id":"https:\/\/www.sonoraenequipo.com.mx\/#\/schema\/logo\/image\/"},"sameAs":["https:\/\/www.facebook.com\/SonoraEE\/","https:\/\/x.com\/sonoraenequipo","https:\/\/www.youtube.com\/channel\/UC338nW-lPEYmJQs4ZABQ1SQ"]},{"@type":"Person","@id":"https:\/\/www.sonoraenequipo.com.mx\/#\/schema\/person\/50102df0fb23a8fa9e8effad8fa81386","name":"enequipo","image":{"@type":"ImageObject","inLanguage":"es","@id":"https:\/\/www.sonoraenequipo.com.mx\/#\/schema\/person\/image\/","url":"https:\/\/secure.gravatar.com\/avatar\/049821681b589dabc0bc20695993ccebb09f5b5d4d790cd9251b97faac7c652b?s=96&d=blank&r=g","contentUrl":"https:\/\/secure.gravatar.com\/avatar\/049821681b589dabc0bc20695993ccebb09f5b5d4d790cd9251b97faac7c652b?s=96&d=blank&r=g","caption":"enequipo"},"sameAs":["https:\/\/www.facebook.com\/SonoraEE"]}]}},"jetpack_featured_media_url":"https:\/\/www.sonoraenequipo.com.mx\/storage\/2021\/08\/santiago-nieto_opt.jpg","_links":{"self":[{"href":"https:\/\/www.sonoraenequipo.com.mx\/api\/wp\/v2\/posts\/119671","targetHints":{"allow":["GET"]}}],"collection":[{"href":"https:\/\/www.sonoraenequipo.com.mx\/api\/wp\/v2\/posts"}],"about":[{"href":"https:\/\/www.sonoraenequipo.com.mx\/api\/wp\/v2\/types\/post"}],"author":[{"embeddable":true,"href":"https:\/\/www.sonoraenequipo.com.mx\/api\/wp\/v2\/users\/1"}],"replies":[{"embeddable":true,"href":"https:\/\/www.sonoraenequipo.com.mx\/api\/wp\/v2\/comments?post=119671"}],"version-history":[{"count":1,"href":"https:\/\/www.sonoraenequipo.com.mx\/api\/wp\/v2\/posts\/119671\/revisions"}],"predecessor-version":[{"id":119673,"href":"https:\/\/www.sonoraenequipo.com.mx\/api\/wp\/v2\/posts\/119671\/revisions\/119673"}],"wp:featuredmedia":[{"embeddable":true,"href":"https:\/\/www.sonoraenequipo.com.mx\/api\/wp\/v2\/media\/119672"}],"wp:attachment":[{"href":"https:\/\/www.sonoraenequipo.com.mx\/api\/wp\/v2\/media?parent=119671"}],"wp:term":[{"taxonomy":"category","embeddable":true,"href":"https:\/\/www.sonoraenequipo.com.mx\/api\/wp\/v2\/categories?post=119671"},{"taxonomy":"post_tag","embeddable":true,"href":"https:\/\/www.sonoraenequipo.com.mx\/api\/wp\/v2\/tags?post=119671"}],"curies":[{"name":"wp","href":"https:\/\/api.w.org\/{rel}","templated":true}]}}