{"id":119681,"date":"2021-08-03T13:12:00","date_gmt":"2021-08-03T20:12:00","guid":{"rendered":"https:\/\/www.sonoraenequipo.com.mx\/?p=119681"},"modified":"2021-08-03T13:12:00","modified_gmt":"2021-08-03T20:12:00","slug":"hermosillo-procura-servicios-publicos-municipales-condiciones-dignas-a-usuarios-del-transporte-publico","status":"publish","type":"post","link":"https:\/\/www.sonoraenequipo.com.mx\/hermosillo-procura-servicios-publicos-municipales-condiciones-dignas-a-usuarios-del-transporte-publico\/","title":{"rendered":"HERMOSILLO. Procura Servicios P\u00fablicos Municipales condiciones dignas a usuarios del transporte p\u00fablico"},"content":{"rendered":"<p>HERMOSILLO, SONORA,MX.\u2500\u2500 A fin de que los usuarios del servicio de transporte p\u00fablico esperen las unidades en condiciones dignas, trabajadores de Servicios P\u00fablicos Municipales realizan operativos cotidianos de retiro de desechos en paradas de camiones, inform\u00f3 Gino Saracco Morales, Director de esta \u00e1rea del Ayuntamiento de Hermosillo.<\/p>\n<p>&nbsp;<\/p>\n<p>El funcionario explic\u00f3 que la m\u00e1s reciente intervenci\u00f3n de limpieza incluy\u00f3 instalaciones de las calles Luis Encinas, Solidaridad, Colosio, Navarrete, Rosales, Pino Su\u00e1rez y Vild\u00f3sola, por ser las m\u00e1s concurridas diariamente.<\/p>\n<p>&nbsp;<\/p>\n<p>Revel\u00f3 que se ha detectado que el volumen excesivo de desechos desborda los contenedores dispuestos para que la gente coloque en ellos los que se generan durante su espera, as\u00ed tambi\u00e9n desperdicios en banquetas, calle y camellones alrededor de las paradas.<\/p>\n<p>&nbsp;<\/p>\n<p>Saracco Morales record\u00f3 a los ciudadanos que esos dep\u00f3sitos no tienen la capacidad para recibir basura dom\u00e9stica, sino \u00fanicamente para los materiales ocasionales de los que necesiten deshacerse los usuarios mientras abordan un cami\u00f3n.<\/p>\n<p>&nbsp;<\/p>\n<p>\u201cEs por eso que le solicitamos a la ciudadan\u00eda nos ayude a darle buen uso a las paradas del cami\u00f3n, pero tambi\u00e9n a los cestos que tienen algunas, ya que \u00e9stos son solo para los desperdicios que pueda generar en su trayecto como usuario del transporte y no como hacen algunos, que van y depositan sus desechos domiciliarios\u201d, insisti\u00f3.<\/p>\n<p>Fecha de Publicaci\u00f3n\u00a0 martes\u00a0 \/ 03\u00a0\u00a0 \/ agosto \/ 2021<\/p>\n<p>&nbsp;<\/p>\n","protected":false},"excerpt":{"rendered":"<p>HERMOSILLO, SONORA,MX.\u2500\u2500 A fin de que los usuarios del servicio de transporte p\u00fablico esperen las&#8230;<\/p>\n","protected":false},"author":1,"featured_media":119682,"comment_status":"open","ping_status":"open","sticky":false,"template":"","format":"standard","meta":{"_monsterinsights_skip_tracking":false,"_monsterinsights_sitenote_active":false,"_monsterinsights_sitenote_note":"","_monsterinsights_sitenote_category":0,"footnotes":""},"categories":[4],"tags":[5963],"class_list":["post"],"yoast_head":" \n<title>Sonora en Equipo. HERMOSILLO. Procura Servicios P\u00fablicos Municipales condiciones dignas a usuarios del transporte p\u00fablico Municipios<\/title>\n<meta name=\"description\" content=\"HERMOSILLO, SONORA,MX.\u2500\u2500 A fin de que los usuarios del servicio de transporte p\u00fablico esperen las unidades en condiciones dignas, trabajadores de En Sonora en Equipo publicamos toda la informaci\u00f3n de Sonora, M\u00e9xico y el Mundo de manera oportuna y busca que la libertad de expresi\u00f3n sea real. Visita nuestro medio informativo publicado desde Hermosillo, Sonora. %\" \/>\n<meta name=\"robots\" content=\"index, follow, max-snippet:-1, max-image-preview:large, max-video-preview:-1\" \/>\n<link rel=\"canonical\" href=\"https:\/\/www.sonoraenequipo.com.mx\/hermosillo-procura-servicios-publicos-municipales-condiciones-dignas-a-usuarios-del-transporte-publico\/\" \/>\n<meta property=\"og:locale\" content=\"es_ES\" \/>\n<meta property=\"og:type\" content=\"article\" \/>\n<meta property=\"og:title\" content=\"Sonora en Equipo. HERMOSILLO. Procura Servicios P\u00fablicos Municipales condiciones dignas a usuarios del transporte p\u00fablico Municipios\" \/>\n<meta property=\"og:description\" content=\"HERMOSILLO, SONORA,MX.\u2500\u2500 A fin de que los usuarios del servicio de transporte p\u00fablico esperen las unidades en condiciones dignas, trabajadores de En Sonora en Equipo publicamos toda la informaci\u00f3n de Sonora, M\u00e9xico y el Mundo de manera oportuna y busca que la libertad de expresi\u00f3n sea real. Visita nuestro medio informativo publicado desde Hermosillo, Sonora. %\" \/>\n<meta property=\"og:url\" content=\"https:\/\/www.sonoraenequipo.com.mx\/hermosillo-procura-servicios-publicos-municipales-condiciones-dignas-a-usuarios-del-transporte-publico\/\" \/>\n<meta property=\"og:site_name\" content=\"Sonora en Equipo.\" \/>\n<meta property=\"article:publisher\" content=\"https:\/\/www.facebook.com\/SonoraEE\/\" \/>\n<meta property=\"article:author\" content=\"https:\/\/www.facebook.com\/SonoraEE\" \/>\n<meta property=\"article:published_time\" content=\"2021-08-03T20:12:00+00:00\" \/>\n<meta property=\"og:image\" content=\"https:\/\/www.sonoraenequipo.com.mx\/storage\/2021\/08\/paradas.jpg\" \/>\n\t<meta property=\"og:image:width\" content=\"700\" \/>\n\t<meta property=\"og:image:height\" content=\"400\" \/>\n\t<meta property=\"og:image:type\" content=\"image\/jpeg\" \/>\n<meta name=\"author\" content=\"enequipo\" \/>\n<meta name=\"twitter:card\" content=\"summary_large_image\" \/>\n<meta name=\"twitter:creator\" content=\"@sonoraenequipo\" \/>\n<meta name=\"twitter:site\" content=\"@sonoraenequipo\" \/>\n<meta name=\"twitter:label1\" content=\"Escrito por\" \/>\n\t<meta name=\"twitter:data1\" content=\"enequipo\" \/>\n\t<meta name=\"twitter:label2\" content=\"Tiempo de lectura\" \/>\n\t<meta name=\"twitter:data2\" content=\"1 minuto\" \/>\n<script type=\"application\/ld+json\" class=\"yoast-schema-graph\">{\"@context\":\"https:\/\/schema.org\",\"@graph\":[{\"@type\":\"Article\",\"@id\":\"https:\/\/www.sonoraenequipo.com.mx\/hermosillo-procura-servicios-publicos-municipales-condiciones-dignas-a-usuarios-del-transporte-publico\/#article\",\"isPartOf\":{\"@id\":\"https:\/\/www.sonoraenequipo.com.mx\/hermosillo-procura-servicios-publicos-municipales-condiciones-dignas-a-usuarios-del-transporte-publico\/\"},\"author\":{\"name\":\"enequipo\",\"@id\":\"https:\/\/www.sonoraenequipo.com.mx\/#\/schema\/person\/50102df0fb23a8fa9e8effad8fa81386\"},\"headline\":\"HERMOSILLO. Procura Servicios P\u00fablicos Municipales condiciones dignas a usuarios del transporte p\u00fablico\",\"datePublished\":\"2021-08-03T20:12:00+00:00\",\"mainEntityOfPage\":{\"@id\":\"https:\/\/www.sonoraenequipo.com.mx\/hermosillo-procura-servicios-publicos-municipales-condiciones-dignas-a-usuarios-del-transporte-publico\/\"},\"wordCount\":252,\"commentCount\":0,\"publisher\":{\"@id\":\"https:\/\/www.sonoraenequipo.com.mx\/#organization\"},\"image\":{\"@id\":\"https:\/\/www.sonoraenequipo.com.mx\/hermosillo-procura-servicios-publicos-municipales-condiciones-dignas-a-usuarios-del-transporte-publico\/#primaryimage\"},\"thumbnailUrl\":\"https:\/\/www.sonoraenequipo.com.mx\/storage\/2021\/08\/paradas.jpg\",\"keywords\":[\"PARADAS TRANSPORTE PUBLICO\"],\"articleSection\":[\"Municipios\"],\"inLanguage\":\"es\",\"potentialAction\":[{\"@type\":\"CommentAction\",\"name\":\"Comment\",\"target\":[\"https:\/\/www.sonoraenequipo.com.mx\/hermosillo-procura-servicios-publicos-municipales-condiciones-dignas-a-usuarios-del-transporte-publico\/#respond\"]}]},{\"@type\":\"WebPage\",\"@id\":\"https:\/\/www.sonoraenequipo.com.mx\/hermosillo-procura-servicios-publicos-municipales-condiciones-dignas-a-usuarios-del-transporte-publico\/\",\"url\":\"https:\/\/www.sonoraenequipo.com.mx\/hermosillo-procura-servicios-publicos-municipales-condiciones-dignas-a-usuarios-del-transporte-publico\/\",\"name\":\"Sonora en Equipo. HERMOSILLO. Procura Servicios P\u00fablicos Municipales condiciones dignas a usuarios del transporte p\u00fablico Municipios\",\"isPartOf\":{\"@id\":\"https:\/\/www.sonoraenequipo.com.mx\/#website\"},\"primaryImageOfPage\":{\"@id\":\"https:\/\/www.sonoraenequipo.com.mx\/hermosillo-procura-servicios-publicos-municipales-condiciones-dignas-a-usuarios-del-transporte-publico\/#primaryimage\"},\"image\":{\"@id\":\"https:\/\/www.sonoraenequipo.com.mx\/hermosillo-procura-servicios-publicos-municipales-condiciones-dignas-a-usuarios-del-transporte-publico\/#primaryimage\"},\"thumbnailUrl\":\"https:\/\/www.sonoraenequipo.com.mx\/storage\/2021\/08\/paradas.jpg\",\"datePublished\":\"2021-08-03T20:12:00+00:00\",\"description\":\"HERMOSILLO, SONORA,MX.\u2500\u2500 A fin de que los usuarios del servicio de transporte p\u00fablico esperen las unidades en condiciones dignas, trabajadores de En Sonora en Equipo publicamos toda la informaci\u00f3n de Sonora, M\u00e9xico y el Mundo de manera oportuna y busca que la libertad de expresi\u00f3n sea real. Visita nuestro medio informativo publicado desde Hermosillo, Sonora. %\",\"breadcrumb\":{\"@id\":\"https:\/\/www.sonoraenequipo.com.mx\/hermosillo-procura-servicios-publicos-municipales-condiciones-dignas-a-usuarios-del-transporte-publico\/#breadcrumb\"},\"inLanguage\":\"es\",\"potentialAction\":[{\"@type\":\"ReadAction\",\"target\":[\"https:\/\/www.sonoraenequipo.com.mx\/hermosillo-procura-servicios-publicos-municipales-condiciones-dignas-a-usuarios-del-transporte-publico\/\"]}]},{\"@type\":\"ImageObject\",\"inLanguage\":\"es\",\"@id\":\"https:\/\/www.sonoraenequipo.com.mx\/hermosillo-procura-servicios-publicos-municipales-condiciones-dignas-a-usuarios-del-transporte-publico\/#primaryimage\",\"url\":\"https:\/\/www.sonoraenequipo.com.mx\/storage\/2021\/08\/paradas.jpg\",\"contentUrl\":\"https:\/\/www.sonoraenequipo.com.mx\/storage\/2021\/08\/paradas.jpg\",\"width\":700,\"height\":400,\"caption\":\"Trabajadores de servicios p\u00fablicos limpian paradas del transporte urbano m\u00e1s concurridas\"},{\"@type\":\"BreadcrumbList\",\"@id\":\"https:\/\/www.sonoraenequipo.com.mx\/hermosillo-procura-servicios-publicos-municipales-condiciones-dignas-a-usuarios-del-transporte-publico\/#breadcrumb\",\"itemListElement\":[{\"@type\":\"ListItem\",\"position\":1,\"name\":\"Portada\",\"item\":\"https:\/\/www.sonoraenequipo.com.mx\/\"},{\"@type\":\"ListItem\",\"position\":2,\"name\":\"HERMOSILLO. Procura Servicios P\u00fablicos Municipales condiciones dignas a usuarios del transporte p\u00fablico\"}]},{\"@type\":\"WebSite\",\"@id\":\"https:\/\/www.sonoraenequipo.com.mx\/#website\",\"url\":\"https:\/\/www.sonoraenequipo.com.mx\/\",\"name\":\"Sonora en Equipo.\",\"description\":\"Diario en l\u00ednea con Noticias desde Hermosillo, Sonora\",\"publisher\":{\"@id\":\"https:\/\/www.sonoraenequipo.com.mx\/#organization\"},\"potentialAction\":[{\"@type\":\"SearchAction\",\"target\":{\"@type\":\"EntryPoint\",\"urlTemplate\":\"https:\/\/www.sonoraenequipo.com.mx\/?s={search_term_string}\"},\"query-input\":{\"@type\":\"PropertyValueSpecification\",\"valueRequired\":true,\"valueName\":\"search_term_string\"}}],\"inLanguage\":\"es\"},{\"@type\":\"Organization\",\"@id\":\"https:\/\/www.sonoraenequipo.com.mx\/#organization\",\"name\":\"Sonoraenequipo.com.mx\",\"url\":\"https:\/\/www.sonoraenequipo.com.mx\/\",\"logo\":{\"@type\":\"ImageObject\",\"inLanguage\":\"es\",\"@id\":\"https:\/\/www.sonoraenequipo.com.mx\/#\/schema\/logo\/image\/\",\"url\":\"https:\/\/www.sonoraenequipo.com.mx\/storage\/2019\/01\/sonoraenequipo_opt.png\",\"contentUrl\":\"https:\/\/www.sonoraenequipo.com.mx\/storage\/2019\/01\/sonoraenequipo_opt.png\",\"width\":375,\"height\":125,\"caption\":\"Sonoraenequipo.com.mx\"},\"image\":{\"@id\":\"https:\/\/www.sonoraenequipo.com.mx\/#\/schema\/logo\/image\/\"},\"sameAs\":[\"https:\/\/www.facebook.com\/SonoraEE\/\",\"https:\/\/x.com\/sonoraenequipo\",\"https:\/\/www.youtube.com\/channel\/UC338nW-lPEYmJQs4ZABQ1SQ\"]},{\"@type\":\"Person\",\"@id\":\"https:\/\/www.sonoraenequipo.com.mx\/#\/schema\/person\/50102df0fb23a8fa9e8effad8fa81386\",\"name\":\"enequipo\",\"image\":{\"@type\":\"ImageObject\",\"inLanguage\":\"es\",\"@id\":\"https:\/\/www.sonoraenequipo.com.mx\/#\/schema\/person\/image\/\",\"url\":\"https:\/\/secure.gravatar.com\/avatar\/049821681b589dabc0bc20695993ccebb09f5b5d4d790cd9251b97faac7c652b?s=96&d=blank&r=g\",\"contentUrl\":\"https:\/\/secure.gravatar.com\/avatar\/049821681b589dabc0bc20695993ccebb09f5b5d4d790cd9251b97faac7c652b?s=96&d=blank&r=g\",\"caption\":\"enequipo\"},\"sameAs\":[\"https:\/\/www.facebook.com\/SonoraEE\"]}]}<\/script>\n ","yoast_head_json":{"title":"Sonora en Equipo. HERMOSILLO. Procura Servicios P\u00fablicos Municipales condiciones dignas a usuarios del transporte p\u00fablico Municipios","description":"HERMOSILLO, SONORA,MX.\u2500\u2500 A fin de que los usuarios del servicio de transporte p\u00fablico esperen las unidades en condiciones dignas, trabajadores de En Sonora en Equipo publicamos toda la informaci\u00f3n de Sonora, M\u00e9xico y el Mundo de manera oportuna y busca que la libertad de expresi\u00f3n sea real. Visita nuestro medio informativo publicado desde Hermosillo, Sonora. %","robots":{"index":"index","follow":"follow","max-snippet":"max-snippet:-1","max-image-preview":"max-image-preview:large","max-video-preview":"max-video-preview:-1"},"canonical":"https:\/\/www.sonoraenequipo.com.mx\/hermosillo-procura-servicios-publicos-municipales-condiciones-dignas-a-usuarios-del-transporte-publico\/","og_locale":"es_ES","og_type":"article","og_title":"Sonora en Equipo. HERMOSILLO. Procura Servicios P\u00fablicos Municipales condiciones dignas a usuarios del transporte p\u00fablico Municipios","og_description":"HERMOSILLO, SONORA,MX.\u2500\u2500 A fin de que los usuarios del servicio de transporte p\u00fablico esperen las unidades en condiciones dignas, trabajadores de En Sonora en Equipo publicamos toda la informaci\u00f3n de Sonora, M\u00e9xico y el Mundo de manera oportuna y busca que la libertad de expresi\u00f3n sea real. Visita nuestro medio informativo publicado desde Hermosillo, Sonora. %","og_url":"https:\/\/www.sonoraenequipo.com.mx\/hermosillo-procura-servicios-publicos-municipales-condiciones-dignas-a-usuarios-del-transporte-publico\/","og_site_name":"Sonora en Equipo.","article_publisher":"https:\/\/www.facebook.com\/SonoraEE\/","article_author":"https:\/\/www.facebook.com\/SonoraEE","article_published_time":"2021-08-03T20:12:00+00:00","og_image":[{"width":700,"height":400,"url":"https:\/\/www.sonoraenequipo.com.mx\/storage\/2021\/08\/paradas.jpg","type":"image\/jpeg"}],"author":"enequipo","twitter_card":"summary_large_image","twitter_creator":"@sonoraenequipo","twitter_site":"@sonoraenequipo","twitter_misc":{"Escrito por":"enequipo","Tiempo de lectura":"1 minuto"},"schema":{"@context":"https:\/\/schema.org","@graph":[{"@type":"Article","@id":"https:\/\/www.sonoraenequipo.com.mx\/hermosillo-procura-servicios-publicos-municipales-condiciones-dignas-a-usuarios-del-transporte-publico\/#article","isPartOf":{"@id":"https:\/\/www.sonoraenequipo.com.mx\/hermosillo-procura-servicios-publicos-municipales-condiciones-dignas-a-usuarios-del-transporte-publico\/"},"author":{"name":"enequipo","@id":"https:\/\/www.sonoraenequipo.com.mx\/#\/schema\/person\/50102df0fb23a8fa9e8effad8fa81386"},"headline":"HERMOSILLO. Procura Servicios P\u00fablicos Municipales condiciones dignas a usuarios del transporte p\u00fablico","datePublished":"2021-08-03T20:12:00+00:00","mainEntityOfPage":{"@id":"https:\/\/www.sonoraenequipo.com.mx\/hermosillo-procura-servicios-publicos-municipales-condiciones-dignas-a-usuarios-del-transporte-publico\/"},"wordCount":252,"commentCount":0,"publisher":{"@id":"https:\/\/www.sonoraenequipo.com.mx\/#organization"},"image":{"@id":"https:\/\/www.sonoraenequipo.com.mx\/hermosillo-procura-servicios-publicos-municipales-condiciones-dignas-a-usuarios-del-transporte-publico\/#primaryimage"},"thumbnailUrl":"https:\/\/www.sonoraenequipo.com.mx\/storage\/2021\/08\/paradas.jpg","keywords":["PARADAS TRANSPORTE PUBLICO"],"articleSection":["Municipios"],"inLanguage":"es","potentialAction":[{"@type":"CommentAction","name":"Comment","target":["https:\/\/www.sonoraenequipo.com.mx\/hermosillo-procura-servicios-publicos-municipales-condiciones-dignas-a-usuarios-del-transporte-publico\/#respond"]}]},{"@type":"WebPage","@id":"https:\/\/www.sonoraenequipo.com.mx\/hermosillo-procura-servicios-publicos-municipales-condiciones-dignas-a-usuarios-del-transporte-publico\/","url":"https:\/\/www.sonoraenequipo.com.mx\/hermosillo-procura-servicios-publicos-municipales-condiciones-dignas-a-usuarios-del-transporte-publico\/","name":"Sonora en Equipo. HERMOSILLO. Procura Servicios P\u00fablicos Municipales condiciones dignas a usuarios del transporte p\u00fablico Municipios","isPartOf":{"@id":"https:\/\/www.sonoraenequipo.com.mx\/#website"},"primaryImageOfPage":{"@id":"https:\/\/www.sonoraenequipo.com.mx\/hermosillo-procura-servicios-publicos-municipales-condiciones-dignas-a-usuarios-del-transporte-publico\/#primaryimage"},"image":{"@id":"https:\/\/www.sonoraenequipo.com.mx\/hermosillo-procura-servicios-publicos-municipales-condiciones-dignas-a-usuarios-del-transporte-publico\/#primaryimage"},"thumbnailUrl":"https:\/\/www.sonoraenequipo.com.mx\/storage\/2021\/08\/paradas.jpg","datePublished":"2021-08-03T20:12:00+00:00","description":"HERMOSILLO, SONORA,MX.\u2500\u2500 A fin de que los usuarios del servicio de transporte p\u00fablico esperen las unidades en condiciones dignas, trabajadores de En Sonora en Equipo publicamos toda la informaci\u00f3n de Sonora, M\u00e9xico y el Mundo de manera oportuna y busca que la libertad de expresi\u00f3n sea real. Visita nuestro medio informativo publicado desde Hermosillo, Sonora. %","breadcrumb":{"@id":"https:\/\/www.sonoraenequipo.com.mx\/hermosillo-procura-servicios-publicos-municipales-condiciones-dignas-a-usuarios-del-transporte-publico\/#breadcrumb"},"inLanguage":"es","potentialAction":[{"@type":"ReadAction","target":["https:\/\/www.sonoraenequipo.com.mx\/hermosillo-procura-servicios-publicos-municipales-condiciones-dignas-a-usuarios-del-transporte-publico\/"]}]},{"@type":"ImageObject","inLanguage":"es","@id":"https:\/\/www.sonoraenequipo.com.mx\/hermosillo-procura-servicios-publicos-municipales-condiciones-dignas-a-usuarios-del-transporte-publico\/#primaryimage","url":"https:\/\/www.sonoraenequipo.com.mx\/storage\/2021\/08\/paradas.jpg","contentUrl":"https:\/\/www.sonoraenequipo.com.mx\/storage\/2021\/08\/paradas.jpg","width":700,"height":400,"caption":"Trabajadores de servicios p\u00fablicos limpian paradas del transporte urbano m\u00e1s concurridas"},{"@type":"BreadcrumbList","@id":"https:\/\/www.sonoraenequipo.com.mx\/hermosillo-procura-servicios-publicos-municipales-condiciones-dignas-a-usuarios-del-transporte-publico\/#breadcrumb","itemListElement":[{"@type":"ListItem","position":1,"name":"Portada","item":"https:\/\/www.sonoraenequipo.com.mx\/"},{"@type":"ListItem","position":2,"name":"HERMOSILLO. Procura Servicios P\u00fablicos Municipales condiciones dignas a usuarios del transporte p\u00fablico"}]},{"@type":"WebSite","@id":"https:\/\/www.sonoraenequipo.com.mx\/#website","url":"https:\/\/www.sonoraenequipo.com.mx\/","name":"Sonora en Equipo.","description":"Diario en l\u00ednea con Noticias desde Hermosillo, Sonora","publisher":{"@id":"https:\/\/www.sonoraenequipo.com.mx\/#organization"},"potentialAction":[{"@type":"SearchAction","target":{"@type":"EntryPoint","urlTemplate":"https:\/\/www.sonoraenequipo.com.mx\/?s={search_term_string}"},"query-input":{"@type":"PropertyValueSpecification","valueRequired":true,"valueName":"search_term_string"}}],"inLanguage":"es"},{"@type":"Organization","@id":"https:\/\/www.sonoraenequipo.com.mx\/#organization","name":"Sonoraenequipo.com.mx","url":"https:\/\/www.sonoraenequipo.com.mx\/","logo":{"@type":"ImageObject","inLanguage":"es","@id":"https:\/\/www.sonoraenequipo.com.mx\/#\/schema\/logo\/image\/","url":"https:\/\/www.sonoraenequipo.com.mx\/storage\/2019\/01\/sonoraenequipo_opt.png","contentUrl":"https:\/\/www.sonoraenequipo.com.mx\/storage\/2019\/01\/sonoraenequipo_opt.png","width":375,"height":125,"caption":"Sonoraenequipo.com.mx"},"image":{"@id":"https:\/\/www.sonoraenequipo.com.mx\/#\/schema\/logo\/image\/"},"sameAs":["https:\/\/www.facebook.com\/SonoraEE\/","https:\/\/x.com\/sonoraenequipo","https:\/\/www.youtube.com\/channel\/UC338nW-lPEYmJQs4ZABQ1SQ"]},{"@type":"Person","@id":"https:\/\/www.sonoraenequipo.com.mx\/#\/schema\/person\/50102df0fb23a8fa9e8effad8fa81386","name":"enequipo","image":{"@type":"ImageObject","inLanguage":"es","@id":"https:\/\/www.sonoraenequipo.com.mx\/#\/schema\/person\/image\/","url":"https:\/\/secure.gravatar.com\/avatar\/049821681b589dabc0bc20695993ccebb09f5b5d4d790cd9251b97faac7c652b?s=96&d=blank&r=g","contentUrl":"https:\/\/secure.gravatar.com\/avatar\/049821681b589dabc0bc20695993ccebb09f5b5d4d790cd9251b97faac7c652b?s=96&d=blank&r=g","caption":"enequipo"},"sameAs":["https:\/\/www.facebook.com\/SonoraEE"]}]}},"jetpack_featured_media_url":"https:\/\/www.sonoraenequipo.com.mx\/storage\/2021\/08\/paradas.jpg","_links":{"self":[{"href":"https:\/\/www.sonoraenequipo.com.mx\/api\/wp\/v2\/posts\/119681","targetHints":{"allow":["GET"]}}],"collection":[{"href":"https:\/\/www.sonoraenequipo.com.mx\/api\/wp\/v2\/posts"}],"about":[{"href":"https:\/\/www.sonoraenequipo.com.mx\/api\/wp\/v2\/types\/post"}],"author":[{"embeddable":true,"href":"https:\/\/www.sonoraenequipo.com.mx\/api\/wp\/v2\/users\/1"}],"replies":[{"embeddable":true,"href":"https:\/\/www.sonoraenequipo.com.mx\/api\/wp\/v2\/comments?post=119681"}],"version-history":[{"count":1,"href":"https:\/\/www.sonoraenequipo.com.mx\/api\/wp\/v2\/posts\/119681\/revisions"}],"predecessor-version":[{"id":119683,"href":"https:\/\/www.sonoraenequipo.com.mx\/api\/wp\/v2\/posts\/119681\/revisions\/119683"}],"wp:featuredmedia":[{"embeddable":true,"href":"https:\/\/www.sonoraenequipo.com.mx\/api\/wp\/v2\/media\/119682"}],"wp:attachment":[{"href":"https:\/\/www.sonoraenequipo.com.mx\/api\/wp\/v2\/media?parent=119681"}],"wp:term":[{"taxonomy":"category","embeddable":true,"href":"https:\/\/www.sonoraenequipo.com.mx\/api\/wp\/v2\/categories?post=119681"},{"taxonomy":"post_tag","embeddable":true,"href":"https:\/\/www.sonoraenequipo.com.mx\/api\/wp\/v2\/tags?post=119681"}],"curies":[{"name":"wp","href":"https:\/\/api.w.org\/{rel}","templated":true}]}}