{"id":119684,"date":"2021-08-03T13:23:41","date_gmt":"2021-08-03T20:23:41","guid":{"rendered":"https:\/\/www.sonoraenequipo.com.mx\/?p=119684"},"modified":"2021-08-03T13:23:41","modified_gmt":"2021-08-03T20:23:41","slug":"riesgo-de-contagio-por-covid-es-alto-si-no-se-siguen-las-medidas-de-prevencion-clausen","status":"publish","type":"post","link":"https:\/\/www.sonoraenequipo.com.mx\/riesgo-de-contagio-por-covid-es-alto-si-no-se-siguen-las-medidas-de-prevencion-clausen\/","title":{"rendered":"Riesgo de contagio por COVID es alto si no se siguen las medidas de prevenci\u00f3n: Clausen"},"content":{"rendered":"<p>HERMOSILLO, SONORA,MX.\u2500\u2500 Actualmente, el riesgo de contagiarse de COVID-19 es alto si al salir de casa una persona lo hace sin realizar las medidas preventivas contra el virus, expres\u00f3 Enrique Clausen Iberri, al confirmarse 7 defunciones m\u00e1s y 152 nuevos casos en el estado.<\/p>\n<p>&nbsp;<\/p>\n<p>&nbsp;<\/p>\n<p>&nbsp;<\/p>\n<p>El secretario de Salud inform\u00f3 que la positividad de casos del virus en Sonora est\u00e1 por arriba del 40 por ciento; es decir, de cada 100 pruebas detectoras que se realizan, 40 o m\u00e1s resultan positivas.<\/p>\n<p>&nbsp;<\/p>\n<p>&nbsp;<\/p>\n<p>&nbsp;<\/p>\n<p>\u201cRecuerda que con el COVID-19 no hay tregua desde hace m\u00e1s de 16 meses; t\u00fa tampoco te canses de protegerte, adopta como estilo de vida la prevenci\u00f3n y no olvides la importancia de acudir al primer s\u00edntoma de la enfermedad por atenci\u00f3n m\u00e9dica. Un diagn\u00f3stico y tratamiento temprano sigue siendo crucial para vencer al Coronavirus\u201d, coment\u00f3.<\/p>\n<p>&nbsp;<\/p>\n<p>&nbsp;<\/p>\n<p>&nbsp;<\/p>\n<p>Clausen Iberri reiter\u00f3 que la Secretar\u00eda de Salud cuenta con 17 Unidades Anticipa en las cuales de manera gratuita se realiza la prueba detectora del virus, adem\u00e1s de la consulta m\u00e9dica y tratamiento.<\/p>\n<p>&nbsp;<\/p>\n<p>&nbsp;<\/p>\n<p>&nbsp;<\/p>\n<p>En cuanto a los datos estad\u00edsticos de este lunes, se confirmaron siete decesos en cuatro mujeres y tres hombres; tres de ellos residentes de Cajeme; Hermosillo dos; Empalme y Nogales uno cada uno; los siete eran derechohabientes del IMSS. Con estos se acumulan 6 mil 763 defunciones.<\/p>\n<p>&nbsp;<\/p>\n<p>&nbsp;<\/p>\n<p>&nbsp;<\/p>\n<p>Asimismo, se suman 152 nuevos casos positivos en 82 mujeres y 70 hombres; con ello se acumulan 88 mil 446 casos en total. Los nuevos positivos son residentes de Hermosillo 60; Cajeme 25; Caborca 22; Empalme y Gral. Plutarco El\u00edas Calles ocho cada uno; Guaymas y Y\u00e9cora siete cada uno; Nogales seis, San Luis R\u00edo Colorado tres; Etchojoa y Navojoa 2 cada uno; Pitiquito y Ures uno cada uno.<\/p>\n<p>&nbsp;<\/p>\n<p>&nbsp;<\/p>\n<p>&nbsp;<\/p>\n<p>Se confirmaron 14 casos pedi\u00e1tricos en siete ni\u00f1os y siete ni\u00f1as, acumul\u00e1ndose 2 mil 103 casos en total; y un caso en una mujer embarazada, acumul\u00e1ndose 621 casos en total. De los 152 casos confirmados, cinco fueron en trabajadores de la salud de diversas instituciones.<\/p>\n<p>&nbsp;<\/p>\n<p>&nbsp;<\/p>\n<p>&nbsp;<\/p>\n<p>Al momento, se han realizado 163 mil 307 pruebas; 88 mil 446 casos se han confirmado y 74 mil 861 descartados; 10 mil 29 personas presentan cuadro leve (4 mil 326 activos y 5 mil 703 seguimiento terminado); 71 mil 318 pacientes se han curado; 336 personas se mantienen hospitalizados (49 estables, 208 graves, 79 cr\u00edticos).<\/p>\n<p>Fecha de Publicaci\u00f3n\u00a0 lunes\u00a0 \/ 02\u00a0\u00a0 \/ agosto \/ 2021<\/p>\n<p>&nbsp;<\/p>\n","protected":false},"excerpt":{"rendered":"<p>HERMOSILLO, SONORA,MX.\u2500\u2500 Actualmente, el riesgo de contagiarse de COVID-19 es alto si al salir de&#8230;<\/p>\n","protected":false},"author":1,"featured_media":116223,"comment_status":"open","ping_status":"open","sticky":false,"template":"","format":"standard","meta":{"_monsterinsights_skip_tracking":false,"_monsterinsights_sitenote_active":false,"_monsterinsights_sitenote_note":"","_monsterinsights_sitenote_category":0,"footnotes":""},"categories":[22],"tags":[4249,15],"class_list":["post"],"yoast_head":" \n<title>Sonora en Equipo. Riesgo de contagio por COVID es alto si no se siguen las medidas de prevenci\u00f3n: Clausen Sonora<\/title>\n<meta name=\"description\" content=\"HERMOSILLO, SONORA,MX.\u2500\u2500 Actualmente, el riesgo de contagiarse de COVID-19 es alto si al salir de casa una persona lo hace sin realizar las medidas En Sonora en Equipo publicamos toda la informaci\u00f3n de Sonora, M\u00e9xico y el Mundo de manera oportuna y busca que la libertad de expresi\u00f3n sea real. Visita nuestro medio informativo publicado desde Hermosillo, Sonora. %\" \/>\n<meta name=\"robots\" content=\"index, follow, max-snippet:-1, max-image-preview:large, max-video-preview:-1\" \/>\n<link rel=\"canonical\" href=\"https:\/\/www.sonoraenequipo.com.mx\/riesgo-de-contagio-por-covid-es-alto-si-no-se-siguen-las-medidas-de-prevencion-clausen\/\" \/>\n<meta property=\"og:locale\" content=\"es_ES\" \/>\n<meta property=\"og:type\" content=\"article\" \/>\n<meta property=\"og:title\" content=\"Sonora en Equipo. Riesgo de contagio por COVID es alto si no se siguen las medidas de prevenci\u00f3n: Clausen Sonora\" \/>\n<meta property=\"og:description\" content=\"HERMOSILLO, SONORA,MX.\u2500\u2500 Actualmente, el riesgo de contagiarse de COVID-19 es alto si al salir de casa una persona lo hace sin realizar las medidas En Sonora en Equipo publicamos toda la informaci\u00f3n de Sonora, M\u00e9xico y el Mundo de manera oportuna y busca que la libertad de expresi\u00f3n sea real. Visita nuestro medio informativo publicado desde Hermosillo, Sonora. %\" \/>\n<meta property=\"og:url\" content=\"https:\/\/www.sonoraenequipo.com.mx\/riesgo-de-contagio-por-covid-es-alto-si-no-se-siguen-las-medidas-de-prevencion-clausen\/\" \/>\n<meta property=\"og:site_name\" content=\"Sonora en Equipo.\" \/>\n<meta property=\"article:publisher\" content=\"https:\/\/www.facebook.com\/SonoraEE\/\" \/>\n<meta property=\"article:author\" content=\"https:\/\/www.facebook.com\/SonoraEE\" \/>\n<meta property=\"article:published_time\" content=\"2021-08-03T20:23:41+00:00\" \/>\n<meta property=\"og:image\" content=\"https:\/\/www.sonoraenequipo.com.mx\/storage\/2021\/06\/clausen-podio.jpg\" \/>\n\t<meta property=\"og:image:width\" content=\"700\" \/>\n\t<meta property=\"og:image:height\" content=\"400\" \/>\n\t<meta property=\"og:image:type\" content=\"image\/jpeg\" \/>\n<meta name=\"author\" content=\"enequipo\" \/>\n<meta name=\"twitter:card\" content=\"summary_large_image\" \/>\n<meta name=\"twitter:creator\" content=\"@sonoraenequipo\" \/>\n<meta name=\"twitter:site\" content=\"@sonoraenequipo\" \/>\n<meta name=\"twitter:label1\" content=\"Escrito por\" \/>\n\t<meta name=\"twitter:data1\" content=\"enequipo\" \/>\n\t<meta name=\"twitter:label2\" content=\"Tiempo de lectura\" \/>\n\t<meta name=\"twitter:data2\" content=\"2 minutos\" \/>\n<script type=\"application\/ld+json\" class=\"yoast-schema-graph\">{\"@context\":\"https:\/\/schema.org\",\"@graph\":[{\"@type\":\"Article\",\"@id\":\"https:\/\/www.sonoraenequipo.com.mx\/riesgo-de-contagio-por-covid-es-alto-si-no-se-siguen-las-medidas-de-prevencion-clausen\/#article\",\"isPartOf\":{\"@id\":\"https:\/\/www.sonoraenequipo.com.mx\/riesgo-de-contagio-por-covid-es-alto-si-no-se-siguen-las-medidas-de-prevencion-clausen\/\"},\"author\":{\"name\":\"enequipo\",\"@id\":\"https:\/\/www.sonoraenequipo.com.mx\/#\/schema\/person\/50102df0fb23a8fa9e8effad8fa81386\"},\"headline\":\"Riesgo de contagio por COVID es alto si no se siguen las medidas de prevenci\u00f3n: Clausen\",\"datePublished\":\"2021-08-03T20:23:41+00:00\",\"mainEntityOfPage\":{\"@id\":\"https:\/\/www.sonoraenequipo.com.mx\/riesgo-de-contagio-por-covid-es-alto-si-no-se-siguen-las-medidas-de-prevencion-clausen\/\"},\"wordCount\":412,\"commentCount\":0,\"publisher\":{\"@id\":\"https:\/\/www.sonoraenequipo.com.mx\/#organization\"},\"image\":{\"@id\":\"https:\/\/www.sonoraenequipo.com.mx\/riesgo-de-contagio-por-covid-es-alto-si-no-se-siguen-las-medidas-de-prevencion-clausen\/#primaryimage\"},\"thumbnailUrl\":\"https:\/\/www.sonoraenequipo.com.mx\/storage\/2021\/06\/clausen-podio.jpg\",\"keywords\":[\"covid\",\"Sonora\"],\"articleSection\":[\"Sonora\"],\"inLanguage\":\"es\",\"potentialAction\":[{\"@type\":\"CommentAction\",\"name\":\"Comment\",\"target\":[\"https:\/\/www.sonoraenequipo.com.mx\/riesgo-de-contagio-por-covid-es-alto-si-no-se-siguen-las-medidas-de-prevencion-clausen\/#respond\"]}]},{\"@type\":\"WebPage\",\"@id\":\"https:\/\/www.sonoraenequipo.com.mx\/riesgo-de-contagio-por-covid-es-alto-si-no-se-siguen-las-medidas-de-prevencion-clausen\/\",\"url\":\"https:\/\/www.sonoraenequipo.com.mx\/riesgo-de-contagio-por-covid-es-alto-si-no-se-siguen-las-medidas-de-prevencion-clausen\/\",\"name\":\"Sonora en Equipo. Riesgo de contagio por COVID es alto si no se siguen las medidas de prevenci\u00f3n: Clausen Sonora\",\"isPartOf\":{\"@id\":\"https:\/\/www.sonoraenequipo.com.mx\/#website\"},\"primaryImageOfPage\":{\"@id\":\"https:\/\/www.sonoraenequipo.com.mx\/riesgo-de-contagio-por-covid-es-alto-si-no-se-siguen-las-medidas-de-prevencion-clausen\/#primaryimage\"},\"image\":{\"@id\":\"https:\/\/www.sonoraenequipo.com.mx\/riesgo-de-contagio-por-covid-es-alto-si-no-se-siguen-las-medidas-de-prevencion-clausen\/#primaryimage\"},\"thumbnailUrl\":\"https:\/\/www.sonoraenequipo.com.mx\/storage\/2021\/06\/clausen-podio.jpg\",\"datePublished\":\"2021-08-03T20:23:41+00:00\",\"description\":\"HERMOSILLO, SONORA,MX.\u2500\u2500 Actualmente, el riesgo de contagiarse de COVID-19 es alto si al salir de casa una persona lo hace sin realizar las medidas En Sonora en Equipo publicamos toda la informaci\u00f3n de Sonora, M\u00e9xico y el Mundo de manera oportuna y busca que la libertad de expresi\u00f3n sea real. Visita nuestro medio informativo publicado desde Hermosillo, Sonora. %\",\"breadcrumb\":{\"@id\":\"https:\/\/www.sonoraenequipo.com.mx\/riesgo-de-contagio-por-covid-es-alto-si-no-se-siguen-las-medidas-de-prevencion-clausen\/#breadcrumb\"},\"inLanguage\":\"es\",\"potentialAction\":[{\"@type\":\"ReadAction\",\"target\":[\"https:\/\/www.sonoraenequipo.com.mx\/riesgo-de-contagio-por-covid-es-alto-si-no-se-siguen-las-medidas-de-prevencion-clausen\/\"]}]},{\"@type\":\"ImageObject\",\"inLanguage\":\"es\",\"@id\":\"https:\/\/www.sonoraenequipo.com.mx\/riesgo-de-contagio-por-covid-es-alto-si-no-se-siguen-las-medidas-de-prevencion-clausen\/#primaryimage\",\"url\":\"https:\/\/www.sonoraenequipo.com.mx\/storage\/2021\/06\/clausen-podio.jpg\",\"contentUrl\":\"https:\/\/www.sonoraenequipo.com.mx\/storage\/2021\/06\/clausen-podio.jpg\",\"width\":700,\"height\":400},{\"@type\":\"BreadcrumbList\",\"@id\":\"https:\/\/www.sonoraenequipo.com.mx\/riesgo-de-contagio-por-covid-es-alto-si-no-se-siguen-las-medidas-de-prevencion-clausen\/#breadcrumb\",\"itemListElement\":[{\"@type\":\"ListItem\",\"position\":1,\"name\":\"Portada\",\"item\":\"https:\/\/www.sonoraenequipo.com.mx\/\"},{\"@type\":\"ListItem\",\"position\":2,\"name\":\"Riesgo de contagio por COVID es alto si no se siguen las medidas de prevenci\u00f3n: Clausen\"}]},{\"@type\":\"WebSite\",\"@id\":\"https:\/\/www.sonoraenequipo.com.mx\/#website\",\"url\":\"https:\/\/www.sonoraenequipo.com.mx\/\",\"name\":\"Sonora en Equipo.\",\"description\":\"Diario en l\u00ednea con Noticias desde Hermosillo, Sonora\",\"publisher\":{\"@id\":\"https:\/\/www.sonoraenequipo.com.mx\/#organization\"},\"potentialAction\":[{\"@type\":\"SearchAction\",\"target\":{\"@type\":\"EntryPoint\",\"urlTemplate\":\"https:\/\/www.sonoraenequipo.com.mx\/?s={search_term_string}\"},\"query-input\":{\"@type\":\"PropertyValueSpecification\",\"valueRequired\":true,\"valueName\":\"search_term_string\"}}],\"inLanguage\":\"es\"},{\"@type\":\"Organization\",\"@id\":\"https:\/\/www.sonoraenequipo.com.mx\/#organization\",\"name\":\"Sonoraenequipo.com.mx\",\"url\":\"https:\/\/www.sonoraenequipo.com.mx\/\",\"logo\":{\"@type\":\"ImageObject\",\"inLanguage\":\"es\",\"@id\":\"https:\/\/www.sonoraenequipo.com.mx\/#\/schema\/logo\/image\/\",\"url\":\"https:\/\/www.sonoraenequipo.com.mx\/storage\/2019\/01\/sonoraenequipo_opt.png\",\"contentUrl\":\"https:\/\/www.sonoraenequipo.com.mx\/storage\/2019\/01\/sonoraenequipo_opt.png\",\"width\":375,\"height\":125,\"caption\":\"Sonoraenequipo.com.mx\"},\"image\":{\"@id\":\"https:\/\/www.sonoraenequipo.com.mx\/#\/schema\/logo\/image\/\"},\"sameAs\":[\"https:\/\/www.facebook.com\/SonoraEE\/\",\"https:\/\/x.com\/sonoraenequipo\",\"https:\/\/www.youtube.com\/channel\/UC338nW-lPEYmJQs4ZABQ1SQ\"]},{\"@type\":\"Person\",\"@id\":\"https:\/\/www.sonoraenequipo.com.mx\/#\/schema\/person\/50102df0fb23a8fa9e8effad8fa81386\",\"name\":\"enequipo\",\"image\":{\"@type\":\"ImageObject\",\"inLanguage\":\"es\",\"@id\":\"https:\/\/www.sonoraenequipo.com.mx\/#\/schema\/person\/image\/\",\"url\":\"https:\/\/secure.gravatar.com\/avatar\/049821681b589dabc0bc20695993ccebb09f5b5d4d790cd9251b97faac7c652b?s=96&d=blank&r=g\",\"contentUrl\":\"https:\/\/secure.gravatar.com\/avatar\/049821681b589dabc0bc20695993ccebb09f5b5d4d790cd9251b97faac7c652b?s=96&d=blank&r=g\",\"caption\":\"enequipo\"},\"sameAs\":[\"https:\/\/www.facebook.com\/SonoraEE\"]}]}<\/script>\n ","yoast_head_json":{"title":"Sonora en Equipo. Riesgo de contagio por COVID es alto si no se siguen las medidas de prevenci\u00f3n: Clausen Sonora","description":"HERMOSILLO, SONORA,MX.\u2500\u2500 Actualmente, el riesgo de contagiarse de COVID-19 es alto si al salir de casa una persona lo hace sin realizar las medidas En Sonora en Equipo publicamos toda la informaci\u00f3n de Sonora, M\u00e9xico y el Mundo de manera oportuna y busca que la libertad de expresi\u00f3n sea real. Visita nuestro medio informativo publicado desde Hermosillo, Sonora. %","robots":{"index":"index","follow":"follow","max-snippet":"max-snippet:-1","max-image-preview":"max-image-preview:large","max-video-preview":"max-video-preview:-1"},"canonical":"https:\/\/www.sonoraenequipo.com.mx\/riesgo-de-contagio-por-covid-es-alto-si-no-se-siguen-las-medidas-de-prevencion-clausen\/","og_locale":"es_ES","og_type":"article","og_title":"Sonora en Equipo. Riesgo de contagio por COVID es alto si no se siguen las medidas de prevenci\u00f3n: Clausen Sonora","og_description":"HERMOSILLO, SONORA,MX.\u2500\u2500 Actualmente, el riesgo de contagiarse de COVID-19 es alto si al salir de casa una persona lo hace sin realizar las medidas En Sonora en Equipo publicamos toda la informaci\u00f3n de Sonora, M\u00e9xico y el Mundo de manera oportuna y busca que la libertad de expresi\u00f3n sea real. Visita nuestro medio informativo publicado desde Hermosillo, Sonora. %","og_url":"https:\/\/www.sonoraenequipo.com.mx\/riesgo-de-contagio-por-covid-es-alto-si-no-se-siguen-las-medidas-de-prevencion-clausen\/","og_site_name":"Sonora en Equipo.","article_publisher":"https:\/\/www.facebook.com\/SonoraEE\/","article_author":"https:\/\/www.facebook.com\/SonoraEE","article_published_time":"2021-08-03T20:23:41+00:00","og_image":[{"width":700,"height":400,"url":"https:\/\/www.sonoraenequipo.com.mx\/storage\/2021\/06\/clausen-podio.jpg","type":"image\/jpeg"}],"author":"enequipo","twitter_card":"summary_large_image","twitter_creator":"@sonoraenequipo","twitter_site":"@sonoraenequipo","twitter_misc":{"Escrito por":"enequipo","Tiempo de lectura":"2 minutos"},"schema":{"@context":"https:\/\/schema.org","@graph":[{"@type":"Article","@id":"https:\/\/www.sonoraenequipo.com.mx\/riesgo-de-contagio-por-covid-es-alto-si-no-se-siguen-las-medidas-de-prevencion-clausen\/#article","isPartOf":{"@id":"https:\/\/www.sonoraenequipo.com.mx\/riesgo-de-contagio-por-covid-es-alto-si-no-se-siguen-las-medidas-de-prevencion-clausen\/"},"author":{"name":"enequipo","@id":"https:\/\/www.sonoraenequipo.com.mx\/#\/schema\/person\/50102df0fb23a8fa9e8effad8fa81386"},"headline":"Riesgo de contagio por COVID es alto si no se siguen las medidas de prevenci\u00f3n: Clausen","datePublished":"2021-08-03T20:23:41+00:00","mainEntityOfPage":{"@id":"https:\/\/www.sonoraenequipo.com.mx\/riesgo-de-contagio-por-covid-es-alto-si-no-se-siguen-las-medidas-de-prevencion-clausen\/"},"wordCount":412,"commentCount":0,"publisher":{"@id":"https:\/\/www.sonoraenequipo.com.mx\/#organization"},"image":{"@id":"https:\/\/www.sonoraenequipo.com.mx\/riesgo-de-contagio-por-covid-es-alto-si-no-se-siguen-las-medidas-de-prevencion-clausen\/#primaryimage"},"thumbnailUrl":"https:\/\/www.sonoraenequipo.com.mx\/storage\/2021\/06\/clausen-podio.jpg","keywords":["covid","Sonora"],"articleSection":["Sonora"],"inLanguage":"es","potentialAction":[{"@type":"CommentAction","name":"Comment","target":["https:\/\/www.sonoraenequipo.com.mx\/riesgo-de-contagio-por-covid-es-alto-si-no-se-siguen-las-medidas-de-prevencion-clausen\/#respond"]}]},{"@type":"WebPage","@id":"https:\/\/www.sonoraenequipo.com.mx\/riesgo-de-contagio-por-covid-es-alto-si-no-se-siguen-las-medidas-de-prevencion-clausen\/","url":"https:\/\/www.sonoraenequipo.com.mx\/riesgo-de-contagio-por-covid-es-alto-si-no-se-siguen-las-medidas-de-prevencion-clausen\/","name":"Sonora en Equipo. Riesgo de contagio por COVID es alto si no se siguen las medidas de prevenci\u00f3n: Clausen Sonora","isPartOf":{"@id":"https:\/\/www.sonoraenequipo.com.mx\/#website"},"primaryImageOfPage":{"@id":"https:\/\/www.sonoraenequipo.com.mx\/riesgo-de-contagio-por-covid-es-alto-si-no-se-siguen-las-medidas-de-prevencion-clausen\/#primaryimage"},"image":{"@id":"https:\/\/www.sonoraenequipo.com.mx\/riesgo-de-contagio-por-covid-es-alto-si-no-se-siguen-las-medidas-de-prevencion-clausen\/#primaryimage"},"thumbnailUrl":"https:\/\/www.sonoraenequipo.com.mx\/storage\/2021\/06\/clausen-podio.jpg","datePublished":"2021-08-03T20:23:41+00:00","description":"HERMOSILLO, SONORA,MX.\u2500\u2500 Actualmente, el riesgo de contagiarse de COVID-19 es alto si al salir de casa una persona lo hace sin realizar las medidas En Sonora en Equipo publicamos toda la informaci\u00f3n de Sonora, M\u00e9xico y el Mundo de manera oportuna y busca que la libertad de expresi\u00f3n sea real. Visita nuestro medio informativo publicado desde Hermosillo, Sonora. %","breadcrumb":{"@id":"https:\/\/www.sonoraenequipo.com.mx\/riesgo-de-contagio-por-covid-es-alto-si-no-se-siguen-las-medidas-de-prevencion-clausen\/#breadcrumb"},"inLanguage":"es","potentialAction":[{"@type":"ReadAction","target":["https:\/\/www.sonoraenequipo.com.mx\/riesgo-de-contagio-por-covid-es-alto-si-no-se-siguen-las-medidas-de-prevencion-clausen\/"]}]},{"@type":"ImageObject","inLanguage":"es","@id":"https:\/\/www.sonoraenequipo.com.mx\/riesgo-de-contagio-por-covid-es-alto-si-no-se-siguen-las-medidas-de-prevencion-clausen\/#primaryimage","url":"https:\/\/www.sonoraenequipo.com.mx\/storage\/2021\/06\/clausen-podio.jpg","contentUrl":"https:\/\/www.sonoraenequipo.com.mx\/storage\/2021\/06\/clausen-podio.jpg","width":700,"height":400},{"@type":"BreadcrumbList","@id":"https:\/\/www.sonoraenequipo.com.mx\/riesgo-de-contagio-por-covid-es-alto-si-no-se-siguen-las-medidas-de-prevencion-clausen\/#breadcrumb","itemListElement":[{"@type":"ListItem","position":1,"name":"Portada","item":"https:\/\/www.sonoraenequipo.com.mx\/"},{"@type":"ListItem","position":2,"name":"Riesgo de contagio por COVID es alto si no se siguen las medidas de prevenci\u00f3n: Clausen"}]},{"@type":"WebSite","@id":"https:\/\/www.sonoraenequipo.com.mx\/#website","url":"https:\/\/www.sonoraenequipo.com.mx\/","name":"Sonora en Equipo.","description":"Diario en l\u00ednea con Noticias desde Hermosillo, Sonora","publisher":{"@id":"https:\/\/www.sonoraenequipo.com.mx\/#organization"},"potentialAction":[{"@type":"SearchAction","target":{"@type":"EntryPoint","urlTemplate":"https:\/\/www.sonoraenequipo.com.mx\/?s={search_term_string}"},"query-input":{"@type":"PropertyValueSpecification","valueRequired":true,"valueName":"search_term_string"}}],"inLanguage":"es"},{"@type":"Organization","@id":"https:\/\/www.sonoraenequipo.com.mx\/#organization","name":"Sonoraenequipo.com.mx","url":"https:\/\/www.sonoraenequipo.com.mx\/","logo":{"@type":"ImageObject","inLanguage":"es","@id":"https:\/\/www.sonoraenequipo.com.mx\/#\/schema\/logo\/image\/","url":"https:\/\/www.sonoraenequipo.com.mx\/storage\/2019\/01\/sonoraenequipo_opt.png","contentUrl":"https:\/\/www.sonoraenequipo.com.mx\/storage\/2019\/01\/sonoraenequipo_opt.png","width":375,"height":125,"caption":"Sonoraenequipo.com.mx"},"image":{"@id":"https:\/\/www.sonoraenequipo.com.mx\/#\/schema\/logo\/image\/"},"sameAs":["https:\/\/www.facebook.com\/SonoraEE\/","https:\/\/x.com\/sonoraenequipo","https:\/\/www.youtube.com\/channel\/UC338nW-lPEYmJQs4ZABQ1SQ"]},{"@type":"Person","@id":"https:\/\/www.sonoraenequipo.com.mx\/#\/schema\/person\/50102df0fb23a8fa9e8effad8fa81386","name":"enequipo","image":{"@type":"ImageObject","inLanguage":"es","@id":"https:\/\/www.sonoraenequipo.com.mx\/#\/schema\/person\/image\/","url":"https:\/\/secure.gravatar.com\/avatar\/049821681b589dabc0bc20695993ccebb09f5b5d4d790cd9251b97faac7c652b?s=96&d=blank&r=g","contentUrl":"https:\/\/secure.gravatar.com\/avatar\/049821681b589dabc0bc20695993ccebb09f5b5d4d790cd9251b97faac7c652b?s=96&d=blank&r=g","caption":"enequipo"},"sameAs":["https:\/\/www.facebook.com\/SonoraEE"]}]}},"jetpack_featured_media_url":"https:\/\/www.sonoraenequipo.com.mx\/storage\/2021\/06\/clausen-podio.jpg","_links":{"self":[{"href":"https:\/\/www.sonoraenequipo.com.mx\/api\/wp\/v2\/posts\/119684","targetHints":{"allow":["GET"]}}],"collection":[{"href":"https:\/\/www.sonoraenequipo.com.mx\/api\/wp\/v2\/posts"}],"about":[{"href":"https:\/\/www.sonoraenequipo.com.mx\/api\/wp\/v2\/types\/post"}],"author":[{"embeddable":true,"href":"https:\/\/www.sonoraenequipo.com.mx\/api\/wp\/v2\/users\/1"}],"replies":[{"embeddable":true,"href":"https:\/\/www.sonoraenequipo.com.mx\/api\/wp\/v2\/comments?post=119684"}],"version-history":[{"count":1,"href":"https:\/\/www.sonoraenequipo.com.mx\/api\/wp\/v2\/posts\/119684\/revisions"}],"predecessor-version":[{"id":119685,"href":"https:\/\/www.sonoraenequipo.com.mx\/api\/wp\/v2\/posts\/119684\/revisions\/119685"}],"wp:featuredmedia":[{"embeddable":true,"href":"https:\/\/www.sonoraenequipo.com.mx\/api\/wp\/v2\/media\/116223"}],"wp:attachment":[{"href":"https:\/\/www.sonoraenequipo.com.mx\/api\/wp\/v2\/media?parent=119684"}],"wp:term":[{"taxonomy":"category","embeddable":true,"href":"https:\/\/www.sonoraenequipo.com.mx\/api\/wp\/v2\/categories?post=119684"},{"taxonomy":"post_tag","embeddable":true,"href":"https:\/\/www.sonoraenequipo.com.mx\/api\/wp\/v2\/tags?post=119684"}],"curies":[{"name":"wp","href":"https:\/\/api.w.org\/{rel}","templated":true}]}}