{"id":119693,"date":"2021-08-02T23:55:21","date_gmt":"2021-08-03T06:55:21","guid":{"rendered":"https:\/\/www.sonoraenequipo.com.mx\/?p=119693"},"modified":"2021-08-03T14:00:10","modified_gmt":"2021-08-03T21:00:10","slug":"fija-la-cre-precio-maximo-al-gas-lp","status":"publish","type":"post","link":"https:\/\/www.sonoraenequipo.com.mx\/fija-la-cre-precio-maximo-al-gas-lp\/","title":{"rendered":"Fija la CRE precio m\u00e1ximo al gas LP"},"content":{"rendered":"<p>CIUDAD DE M\u00c9XICO. MX. \u2014 La Comisi\u00f3n Reguladora de Energ\u00eda (CRE) public\u00f3 este s\u00e1bado los precios m\u00e1ximos del gas licuado de petr\u00f3leo (LP), luego de que el jueves pasado public\u00f3 la metodolog\u00eda para fijar los costos del energ\u00e9tico.<\/p>\n<p>&nbsp;<\/p>\n<p> <\/p>\n<p>El \u00f3rgano regulador emiti\u00f3 un listado en el que se pueden consultar el costo m\u00e1ximo por kilogramo o por litro en las 145 regiones de precios en que la Secretar\u00eda de Econom\u00eda (SE) divide el pa\u00eds, aunque las mismas se subdividen por municipios.<\/p>\n<p>&nbsp;<\/p>\n<p>La CRE explic\u00f3 en su p\u00e1gina de Internet que la publicaci\u00f3n de los precios obedece al acuerdo A\/24\/2001, el cual establece la forma en que se regular\u00e1 el costo del energ\u00e9tico para los usuarios finales.<\/p>\n<p>&nbsp;<\/p>\n<p>El acuerdo fue publicado el jueves, luego de que la Secretar\u00eda de Energ\u00eda (Sener) emiti\u00f3 el mi\u00e9rcoles la Directriz de emergencia para el bienestar del consumidor final del gas LP (https:\/\/bit.ly\/3C17SIP).<\/p>\n<p>&nbsp;<\/p>\n<p>Cada s\u00e1bado dentro de los siguientes seis meses la CRE actualizar\u00e1 la lista de precios m\u00e1ximos en que se puede comercializar el energ\u00e9tico, costo que debe permitir que comercializadores, y distribuidores recuperen sus ganancias.<\/p>\n<p>&nbsp;<\/p>\n<p>Las diferencias de precios var\u00edan por los costos asociados a la log\u00edstica de cada regi\u00f3n, es decir, de la infraestructura con la que se cuenta al final de la cadena antes de llegar a los hogares o negocios.<\/p>\n<p>&nbsp;<\/p>\n<p>&nbsp;<\/p>\n<p>La lista muestra una variaci\u00f3n en todas las zonas de precios reconocidas por la SE, pues mientras en municipios del estado de M\u00e9xico el costo por kilogramo es de 21.83 pesos, en San Quint\u00edn, Baja California se puede comercializar hasta en 27.08.<\/p>\n<p>&nbsp;<\/p>\n<p>Por lo que mientras en los municipios mexiquenses un tanque de 20 kilos puede costar desde este domingo hasta el s\u00e1bado 7 de agosto 436.6 pesos, en San Quint\u00edn el precio ser\u00e1 de 541.6 pesos.<\/p>\n<p>&nbsp;<\/p>\n<p>Playas Rosarito y Tijuana en Baja California son los lugares con el precio m\u00e1s barato, pues se podr\u00e1 vender hasta en 19.56 pesos por kilogramo y 10.56 pesos por litro.<\/p>\n<p>&nbsp;<\/p>\n<p>Por el contrario, Mezquital, Pueblo Nuevo y San Dimas Durango se vender\u00e1 el energ\u00e9tico hasta en 27.85 pesos por kilogramo, mientras por litro en 15.04 pesos. La lista completa se puede consultar en https:\/\/bit.ly\/3yu8F2Z<\/p>\n<p>&nbsp;<\/p>\n<p>Adem\u00e1s de esta medida, el gobierno del presidente Andr\u00e9s Manuel L\u00f3pez Obrador cre\u00f3 la empresa estatal Gas Bienestar, la cual ofrecer\u00e1 el energ\u00e9tico que es utilizado en ocho de cada 10 hogares seg\u00fan el Instituto Nacional de Estad\u00edstica y Geograf\u00eda.<\/p>\n<p>A diferencia de la gasera estatal, la fijaci\u00f3n de precios fue inmediata, pues se consider\u00f3 como una emergencia por la Sener.<\/p>\n<p>De acuerdo con especialistas (https:\/\/bit.ly\/3yiIZWT) la fijaci\u00f3n de precios m\u00e1ximos beneficiar\u00e1 a la poblaci\u00f3n a corto plazo, pero puede no incentivar mayores inversiones en un mercado que presenta falta de competencia, factor que explicar\u00eda parte del alza en el energ\u00e9tico.<\/p>\n<p>La producci\u00f3n del energ\u00e9tico cay\u00f3 13.83% en el primer semestre<\/p>\n<p>&nbsp;<\/p>\n<p>En el primer semestre del a\u00f1o la producci\u00f3n de gas licuado de petr\u00f3leo de Petr\u00f3leos Mexicanos (Pemex) se contrajo 13.83 por ciento en comparaci\u00f3n con igual periodo del a\u00f1o pasado, de acuerdo con datos de la empresa estatal.<\/p>\n<p>&nbsp;<\/p>\n<p>Entre enero y junio la petrolera mexicana report\u00f3 que en promedio elabor\u00f3 91.4 mil barriles diarios del energ\u00e9tico, una reducci\u00f3n de 4.71 por ciento respecto del periodo comprendido entre julio y diciembre de 2020.<\/p>\n<p>&nbsp;<\/p>\n<p>Aunque parte de la ca\u00edda se explica por el menor uso de combustibles derivado de la pandemia de Covid-19, Pemex gener\u00f3 menos gas LP en comparaci\u00f3n con 2019, pues qued\u00f3 16.75 por ciento por debajo del nivel observado en el primer trimestre de hace dos a\u00f1os.<\/p>\n<p>&nbsp;<\/p>\n<p>De acuerdo con los registros de volumen de ventas de los primeros seis meses del a\u00f1o, la petrolera estatal comercializ\u00f3 en promedio 146.1 miles de barriles diarios del energ\u00e9tico, monto que signific\u00f3 una ligera ca\u00edda de 0.20 por ciento respecto de igual periodo del a\u00f1o anterior.<\/p>\n<p>&nbsp;<\/p>\n<p>La cifra muestra parte de la recuperaci\u00f3n en el consumo del gas LP despu\u00e9s de la pandemia, aunque es m\u00e1s palpable en la comparaci\u00f3n con el segundo semestre del a\u00f1o anterior, pues creci\u00f3 1.24 por ciento.<\/p>\n<p>&nbsp;<\/p>\n<p>El volumen de las ventas del gas LP fue 4.57 por ciento menor frente a los primeros seis meses de 2019, \u00e9poca previa a la emergencia sanitaria.<\/p>\n<p>&nbsp;<\/p>\n<p>Otro de los indicadores que muestran una mayor demanda del energ\u00e9tico son los ingresos que obtuvo Pemex por la venta del gas LP.<\/p>\n<p>&nbsp;<\/p>\n<p>En el primer semestre report\u00f3 24 mil 230 millones de pesos por la comercializaci\u00f3n del combustible, dato que se tradujo en un incremento de 77.91 por ciento respecto de igual periodo de 2020.<\/p>\n<p>&nbsp;<\/p>\n<p>En su comparaci\u00f3n con el lapso comprendido de julio a diciembre del a\u00f1o pasado, aument\u00f3 38.65 por ciento, mientras respecto de los primeros seis meses de 2019 la diferencia es 33.6 por ciento superior.<\/p>\n<p>&nbsp;<\/p>\n<p>Datos de la Comisi\u00f3n Reguladora de Energ\u00eda (CRE) se\u00f1alan que el precio de kilogramo de gas LP fue en promedio de 23.70 pesos en los primeros meses del a\u00f1o, cifra que se tradujo en un incremento de 30.43 por ciento respecto del mismo periodo de 2020. En comparaci\u00f3n con el semestre previo, el costo del energ\u00e9tico aument\u00f3 19.93 por ciento.<\/p>\n<h3>Ventas por 4 mil 236.5 millones de pesos<\/h3>\n<p>En junio el precio se ubic\u00f3 en promedio en 25.29 pesos por kilo, un incremento de 7.11 por ciento respecto de mayo y de 32.75 por ciento frente a igual mes de 2020.<\/p>\n<p>&nbsp;<\/p>\n<p>Pemex se\u00f1al\u00f3 que en promedio import\u00f3 57.4 miles de barriles diarios de gas LP en el primer semestre, monto que represent\u00f3 un incremento de 21.51 por ciento frente a los primeros meses de 2020, aunque decreci\u00f3 1.70 por ciento en comparaci\u00f3n con el periodo comprendido de julio a diciembre del a\u00f1o pasado.<\/p>\n<p>&nbsp;<\/p>\n<p>La producci\u00f3n del energ\u00e9tico en junio fue de 91.4 miles de barriles diarios en promedio, cifra que se tradujo en una disminuci\u00f3n de 2.5 por ciento respecto de mayo, mientras en su comparaci\u00f3n anual el decrecimiento fue de 12.70 por ciento.<\/p>\n<p>&nbsp;<\/p>\n<p>En el sexto mes, Pemex vendi\u00f3 145 mil barriles diarios en promedio, dato que signific\u00f3 un incremento de 4.54 por ciento respecto de mayo y aument\u00f3 10.01 por ciento frente al mismo periodo de 2020.<\/p>\n<p>&nbsp;<\/p>\n<p>El valor de las ventas reportado por Pemex en junio ascendi\u00f3 a 4 mil 236.5 millones de pesos, que representa un crecimiento de 12.81 por ciento. En su variaci\u00f3n anual, el dato se tradujo en un incremento de 79.43 por ciento.<\/p>\n<p>&nbsp;<\/p>\n<p>&nbsp;<\/p>\n<p>(Publicada el 02\/08\/2021 \/Con informaci\u00f3n de Alejandro Alegr\u00eda)<\/p>\n","protected":false},"excerpt":{"rendered":"<p>CIUDAD DE M\u00c9XICO. MX. \u2014 La Comisi\u00f3n Reguladora de Energ\u00eda (CRE) public\u00f3 este s\u00e1bado los&#8230;<\/p>\n","protected":false},"author":1,"featured_media":119694,"comment_status":"open","ping_status":"open","sticky":false,"template":"","format":"standard","meta":{"_monsterinsights_skip_tracking":false,"_monsterinsights_sitenote_active":false,"_monsterinsights_sitenote_note":"","_monsterinsights_sitenote_category":0,"footnotes":""},"categories":[5],"tags":[],"class_list":["post"],"yoast_head":" \n<title>Sonora en Equipo. Fija la CRE precio m\u00e1ximo al gas LP Rep\u00fablica<\/title>\n<meta name=\"description\" content=\"CIUDAD DE M\u00c9XICO. MX. \u2014 La Comisi\u00f3n Reguladora de Energ\u00eda (CRE) public\u00f3 este s\u00e1bado los precios m\u00e1ximos del gas licuado de petr\u00f3leo (LP), luego de que el En Sonora en Equipo publicamos toda la informaci\u00f3n de Sonora, M\u00e9xico y el Mundo de manera oportuna y busca que la libertad de expresi\u00f3n sea real. Visita nuestro medio informativo publicado desde Hermosillo, Sonora. %\" \/>\n<meta name=\"robots\" content=\"index, follow, max-snippet:-1, max-image-preview:large, max-video-preview:-1\" \/>\n<link rel=\"canonical\" href=\"https:\/\/www.sonoraenequipo.com.mx\/fija-la-cre-precio-maximo-al-gas-lp\/\" \/>\n<meta property=\"og:locale\" content=\"es_ES\" \/>\n<meta property=\"og:type\" content=\"article\" \/>\n<meta property=\"og:title\" content=\"Sonora en Equipo. Fija la CRE precio m\u00e1ximo al gas LP Rep\u00fablica\" \/>\n<meta property=\"og:description\" content=\"CIUDAD DE M\u00c9XICO. MX. \u2014 La Comisi\u00f3n Reguladora de Energ\u00eda (CRE) public\u00f3 este s\u00e1bado los precios m\u00e1ximos del gas licuado de petr\u00f3leo (LP), luego de que el En Sonora en Equipo publicamos toda la informaci\u00f3n de Sonora, M\u00e9xico y el Mundo de manera oportuna y busca que la libertad de expresi\u00f3n sea real. Visita nuestro medio informativo publicado desde Hermosillo, Sonora. %\" \/>\n<meta property=\"og:url\" content=\"https:\/\/www.sonoraenequipo.com.mx\/fija-la-cre-precio-maximo-al-gas-lp\/\" \/>\n<meta property=\"og:site_name\" content=\"Sonora en Equipo.\" \/>\n<meta property=\"article:publisher\" content=\"https:\/\/www.facebook.com\/SonoraEE\/\" \/>\n<meta property=\"article:author\" content=\"https:\/\/www.facebook.com\/SonoraEE\" \/>\n<meta property=\"article:published_time\" content=\"2021-08-03T06:55:21+00:00\" \/>\n<meta property=\"article:modified_time\" content=\"2021-08-03T21:00:10+00:00\" \/>\n<meta property=\"og:image\" content=\"https:\/\/www.sonoraenequipo.com.mx\/storage\/2021\/08\/gsd-lp_opt.jpg\" \/>\n\t<meta property=\"og:image:width\" content=\"700\" \/>\n\t<meta property=\"og:image:height\" content=\"400\" \/>\n\t<meta property=\"og:image:type\" content=\"image\/jpeg\" \/>\n<meta name=\"author\" content=\"enequipo\" \/>\n<meta name=\"twitter:card\" content=\"summary_large_image\" \/>\n<meta name=\"twitter:creator\" content=\"@sonoraenequipo\" \/>\n<meta name=\"twitter:site\" content=\"@sonoraenequipo\" \/>\n<meta name=\"twitter:label1\" content=\"Escrito por\" \/>\n\t<meta name=\"twitter:data1\" content=\"enequipo\" \/>\n\t<meta name=\"twitter:label2\" content=\"Tiempo de lectura\" \/>\n\t<meta name=\"twitter:data2\" content=\"5 minutos\" \/>\n<script type=\"application\/ld+json\" class=\"yoast-schema-graph\">{\"@context\":\"https:\/\/schema.org\",\"@graph\":[{\"@type\":\"Article\",\"@id\":\"https:\/\/www.sonoraenequipo.com.mx\/fija-la-cre-precio-maximo-al-gas-lp\/#article\",\"isPartOf\":{\"@id\":\"https:\/\/www.sonoraenequipo.com.mx\/fija-la-cre-precio-maximo-al-gas-lp\/\"},\"author\":{\"name\":\"enequipo\",\"@id\":\"https:\/\/www.sonoraenequipo.com.mx\/#\/schema\/person\/50102df0fb23a8fa9e8effad8fa81386\"},\"headline\":\"Fija la CRE precio m\u00e1ximo al gas LP\",\"datePublished\":\"2021-08-03T06:55:21+00:00\",\"dateModified\":\"2021-08-03T21:00:10+00:00\",\"mainEntityOfPage\":{\"@id\":\"https:\/\/www.sonoraenequipo.com.mx\/fija-la-cre-precio-maximo-al-gas-lp\/\"},\"wordCount\":1142,\"commentCount\":0,\"publisher\":{\"@id\":\"https:\/\/www.sonoraenequipo.com.mx\/#organization\"},\"image\":{\"@id\":\"https:\/\/www.sonoraenequipo.com.mx\/fija-la-cre-precio-maximo-al-gas-lp\/#primaryimage\"},\"thumbnailUrl\":\"https:\/\/www.sonoraenequipo.com.mx\/storage\/2021\/08\/gsd-lp_opt.jpg\",\"articleSection\":[\"Rep\u00fablica\"],\"inLanguage\":\"es\",\"potentialAction\":[{\"@type\":\"CommentAction\",\"name\":\"Comment\",\"target\":[\"https:\/\/www.sonoraenequipo.com.mx\/fija-la-cre-precio-maximo-al-gas-lp\/#respond\"]}]},{\"@type\":\"WebPage\",\"@id\":\"https:\/\/www.sonoraenequipo.com.mx\/fija-la-cre-precio-maximo-al-gas-lp\/\",\"url\":\"https:\/\/www.sonoraenequipo.com.mx\/fija-la-cre-precio-maximo-al-gas-lp\/\",\"name\":\"Sonora en Equipo. Fija la CRE precio m\u00e1ximo al gas LP Rep\u00fablica\",\"isPartOf\":{\"@id\":\"https:\/\/www.sonoraenequipo.com.mx\/#website\"},\"primaryImageOfPage\":{\"@id\":\"https:\/\/www.sonoraenequipo.com.mx\/fija-la-cre-precio-maximo-al-gas-lp\/#primaryimage\"},\"image\":{\"@id\":\"https:\/\/www.sonoraenequipo.com.mx\/fija-la-cre-precio-maximo-al-gas-lp\/#primaryimage\"},\"thumbnailUrl\":\"https:\/\/www.sonoraenequipo.com.mx\/storage\/2021\/08\/gsd-lp_opt.jpg\",\"datePublished\":\"2021-08-03T06:55:21+00:00\",\"dateModified\":\"2021-08-03T21:00:10+00:00\",\"description\":\"CIUDAD DE M\u00c9XICO. MX. \u2014 La Comisi\u00f3n Reguladora de Energ\u00eda (CRE) public\u00f3 este s\u00e1bado los precios m\u00e1ximos del gas licuado de petr\u00f3leo (LP), luego de que el En Sonora en Equipo publicamos toda la informaci\u00f3n de Sonora, M\u00e9xico y el Mundo de manera oportuna y busca que la libertad de expresi\u00f3n sea real. Visita nuestro medio informativo publicado desde Hermosillo, Sonora. %\",\"breadcrumb\":{\"@id\":\"https:\/\/www.sonoraenequipo.com.mx\/fija-la-cre-precio-maximo-al-gas-lp\/#breadcrumb\"},\"inLanguage\":\"es\",\"potentialAction\":[{\"@type\":\"ReadAction\",\"target\":[\"https:\/\/www.sonoraenequipo.com.mx\/fija-la-cre-precio-maximo-al-gas-lp\/\"]}]},{\"@type\":\"ImageObject\",\"inLanguage\":\"es\",\"@id\":\"https:\/\/www.sonoraenequipo.com.mx\/fija-la-cre-precio-maximo-al-gas-lp\/#primaryimage\",\"url\":\"https:\/\/www.sonoraenequipo.com.mx\/storage\/2021\/08\/gsd-lp_opt.jpg\",\"contentUrl\":\"https:\/\/www.sonoraenequipo.com.mx\/storage\/2021\/08\/gsd-lp_opt.jpg\",\"width\":700,\"height\":400},{\"@type\":\"BreadcrumbList\",\"@id\":\"https:\/\/www.sonoraenequipo.com.mx\/fija-la-cre-precio-maximo-al-gas-lp\/#breadcrumb\",\"itemListElement\":[{\"@type\":\"ListItem\",\"position\":1,\"name\":\"Portada\",\"item\":\"https:\/\/www.sonoraenequipo.com.mx\/\"},{\"@type\":\"ListItem\",\"position\":2,\"name\":\"Fija la CRE precio m\u00e1ximo al gas LP\"}]},{\"@type\":\"WebSite\",\"@id\":\"https:\/\/www.sonoraenequipo.com.mx\/#website\",\"url\":\"https:\/\/www.sonoraenequipo.com.mx\/\",\"name\":\"Sonora en Equipo.\",\"description\":\"Diario en l\u00ednea con Noticias desde Hermosillo, Sonora\",\"publisher\":{\"@id\":\"https:\/\/www.sonoraenequipo.com.mx\/#organization\"},\"potentialAction\":[{\"@type\":\"SearchAction\",\"target\":{\"@type\":\"EntryPoint\",\"urlTemplate\":\"https:\/\/www.sonoraenequipo.com.mx\/?s={search_term_string}\"},\"query-input\":{\"@type\":\"PropertyValueSpecification\",\"valueRequired\":true,\"valueName\":\"search_term_string\"}}],\"inLanguage\":\"es\"},{\"@type\":\"Organization\",\"@id\":\"https:\/\/www.sonoraenequipo.com.mx\/#organization\",\"name\":\"Sonoraenequipo.com.mx\",\"url\":\"https:\/\/www.sonoraenequipo.com.mx\/\",\"logo\":{\"@type\":\"ImageObject\",\"inLanguage\":\"es\",\"@id\":\"https:\/\/www.sonoraenequipo.com.mx\/#\/schema\/logo\/image\/\",\"url\":\"https:\/\/www.sonoraenequipo.com.mx\/storage\/2019\/01\/sonoraenequipo_opt.png\",\"contentUrl\":\"https:\/\/www.sonoraenequipo.com.mx\/storage\/2019\/01\/sonoraenequipo_opt.png\",\"width\":375,\"height\":125,\"caption\":\"Sonoraenequipo.com.mx\"},\"image\":{\"@id\":\"https:\/\/www.sonoraenequipo.com.mx\/#\/schema\/logo\/image\/\"},\"sameAs\":[\"https:\/\/www.facebook.com\/SonoraEE\/\",\"https:\/\/x.com\/sonoraenequipo\",\"https:\/\/www.youtube.com\/channel\/UC338nW-lPEYmJQs4ZABQ1SQ\"]},{\"@type\":\"Person\",\"@id\":\"https:\/\/www.sonoraenequipo.com.mx\/#\/schema\/person\/50102df0fb23a8fa9e8effad8fa81386\",\"name\":\"enequipo\",\"image\":{\"@type\":\"ImageObject\",\"inLanguage\":\"es\",\"@id\":\"https:\/\/www.sonoraenequipo.com.mx\/#\/schema\/person\/image\/\",\"url\":\"https:\/\/secure.gravatar.com\/avatar\/049821681b589dabc0bc20695993ccebb09f5b5d4d790cd9251b97faac7c652b?s=96&d=blank&r=g\",\"contentUrl\":\"https:\/\/secure.gravatar.com\/avatar\/049821681b589dabc0bc20695993ccebb09f5b5d4d790cd9251b97faac7c652b?s=96&d=blank&r=g\",\"caption\":\"enequipo\"},\"sameAs\":[\"https:\/\/www.facebook.com\/SonoraEE\"]}]}<\/script>\n ","yoast_head_json":{"title":"Sonora en Equipo. Fija la CRE precio m\u00e1ximo al gas LP Rep\u00fablica","description":"CIUDAD DE M\u00c9XICO. MX. \u2014 La Comisi\u00f3n Reguladora de Energ\u00eda (CRE) public\u00f3 este s\u00e1bado los precios m\u00e1ximos del gas licuado de petr\u00f3leo (LP), luego de que el En Sonora en Equipo publicamos toda la informaci\u00f3n de Sonora, M\u00e9xico y el Mundo de manera oportuna y busca que la libertad de expresi\u00f3n sea real. Visita nuestro medio informativo publicado desde Hermosillo, Sonora. %","robots":{"index":"index","follow":"follow","max-snippet":"max-snippet:-1","max-image-preview":"max-image-preview:large","max-video-preview":"max-video-preview:-1"},"canonical":"https:\/\/www.sonoraenequipo.com.mx\/fija-la-cre-precio-maximo-al-gas-lp\/","og_locale":"es_ES","og_type":"article","og_title":"Sonora en Equipo. Fija la CRE precio m\u00e1ximo al gas LP Rep\u00fablica","og_description":"CIUDAD DE M\u00c9XICO. MX. \u2014 La Comisi\u00f3n Reguladora de Energ\u00eda (CRE) public\u00f3 este s\u00e1bado los precios m\u00e1ximos del gas licuado de petr\u00f3leo (LP), luego de que el En Sonora en Equipo publicamos toda la informaci\u00f3n de Sonora, M\u00e9xico y el Mundo de manera oportuna y busca que la libertad de expresi\u00f3n sea real. Visita nuestro medio informativo publicado desde Hermosillo, Sonora. %","og_url":"https:\/\/www.sonoraenequipo.com.mx\/fija-la-cre-precio-maximo-al-gas-lp\/","og_site_name":"Sonora en Equipo.","article_publisher":"https:\/\/www.facebook.com\/SonoraEE\/","article_author":"https:\/\/www.facebook.com\/SonoraEE","article_published_time":"2021-08-03T06:55:21+00:00","article_modified_time":"2021-08-03T21:00:10+00:00","og_image":[{"width":700,"height":400,"url":"https:\/\/www.sonoraenequipo.com.mx\/storage\/2021\/08\/gsd-lp_opt.jpg","type":"image\/jpeg"}],"author":"enequipo","twitter_card":"summary_large_image","twitter_creator":"@sonoraenequipo","twitter_site":"@sonoraenequipo","twitter_misc":{"Escrito por":"enequipo","Tiempo de lectura":"5 minutos"},"schema":{"@context":"https:\/\/schema.org","@graph":[{"@type":"Article","@id":"https:\/\/www.sonoraenequipo.com.mx\/fija-la-cre-precio-maximo-al-gas-lp\/#article","isPartOf":{"@id":"https:\/\/www.sonoraenequipo.com.mx\/fija-la-cre-precio-maximo-al-gas-lp\/"},"author":{"name":"enequipo","@id":"https:\/\/www.sonoraenequipo.com.mx\/#\/schema\/person\/50102df0fb23a8fa9e8effad8fa81386"},"headline":"Fija la CRE precio m\u00e1ximo al gas LP","datePublished":"2021-08-03T06:55:21+00:00","dateModified":"2021-08-03T21:00:10+00:00","mainEntityOfPage":{"@id":"https:\/\/www.sonoraenequipo.com.mx\/fija-la-cre-precio-maximo-al-gas-lp\/"},"wordCount":1142,"commentCount":0,"publisher":{"@id":"https:\/\/www.sonoraenequipo.com.mx\/#organization"},"image":{"@id":"https:\/\/www.sonoraenequipo.com.mx\/fija-la-cre-precio-maximo-al-gas-lp\/#primaryimage"},"thumbnailUrl":"https:\/\/www.sonoraenequipo.com.mx\/storage\/2021\/08\/gsd-lp_opt.jpg","articleSection":["Rep\u00fablica"],"inLanguage":"es","potentialAction":[{"@type":"CommentAction","name":"Comment","target":["https:\/\/www.sonoraenequipo.com.mx\/fija-la-cre-precio-maximo-al-gas-lp\/#respond"]}]},{"@type":"WebPage","@id":"https:\/\/www.sonoraenequipo.com.mx\/fija-la-cre-precio-maximo-al-gas-lp\/","url":"https:\/\/www.sonoraenequipo.com.mx\/fija-la-cre-precio-maximo-al-gas-lp\/","name":"Sonora en Equipo. Fija la CRE precio m\u00e1ximo al gas LP Rep\u00fablica","isPartOf":{"@id":"https:\/\/www.sonoraenequipo.com.mx\/#website"},"primaryImageOfPage":{"@id":"https:\/\/www.sonoraenequipo.com.mx\/fija-la-cre-precio-maximo-al-gas-lp\/#primaryimage"},"image":{"@id":"https:\/\/www.sonoraenequipo.com.mx\/fija-la-cre-precio-maximo-al-gas-lp\/#primaryimage"},"thumbnailUrl":"https:\/\/www.sonoraenequipo.com.mx\/storage\/2021\/08\/gsd-lp_opt.jpg","datePublished":"2021-08-03T06:55:21+00:00","dateModified":"2021-08-03T21:00:10+00:00","description":"CIUDAD DE M\u00c9XICO. MX. \u2014 La Comisi\u00f3n Reguladora de Energ\u00eda (CRE) public\u00f3 este s\u00e1bado los precios m\u00e1ximos del gas licuado de petr\u00f3leo (LP), luego de que el En Sonora en Equipo publicamos toda la informaci\u00f3n de Sonora, M\u00e9xico y el Mundo de manera oportuna y busca que la libertad de expresi\u00f3n sea real. Visita nuestro medio informativo publicado desde Hermosillo, Sonora. %","breadcrumb":{"@id":"https:\/\/www.sonoraenequipo.com.mx\/fija-la-cre-precio-maximo-al-gas-lp\/#breadcrumb"},"inLanguage":"es","potentialAction":[{"@type":"ReadAction","target":["https:\/\/www.sonoraenequipo.com.mx\/fija-la-cre-precio-maximo-al-gas-lp\/"]}]},{"@type":"ImageObject","inLanguage":"es","@id":"https:\/\/www.sonoraenequipo.com.mx\/fija-la-cre-precio-maximo-al-gas-lp\/#primaryimage","url":"https:\/\/www.sonoraenequipo.com.mx\/storage\/2021\/08\/gsd-lp_opt.jpg","contentUrl":"https:\/\/www.sonoraenequipo.com.mx\/storage\/2021\/08\/gsd-lp_opt.jpg","width":700,"height":400},{"@type":"BreadcrumbList","@id":"https:\/\/www.sonoraenequipo.com.mx\/fija-la-cre-precio-maximo-al-gas-lp\/#breadcrumb","itemListElement":[{"@type":"ListItem","position":1,"name":"Portada","item":"https:\/\/www.sonoraenequipo.com.mx\/"},{"@type":"ListItem","position":2,"name":"Fija la CRE precio m\u00e1ximo al gas LP"}]},{"@type":"WebSite","@id":"https:\/\/www.sonoraenequipo.com.mx\/#website","url":"https:\/\/www.sonoraenequipo.com.mx\/","name":"Sonora en Equipo.","description":"Diario en l\u00ednea con Noticias desde Hermosillo, Sonora","publisher":{"@id":"https:\/\/www.sonoraenequipo.com.mx\/#organization"},"potentialAction":[{"@type":"SearchAction","target":{"@type":"EntryPoint","urlTemplate":"https:\/\/www.sonoraenequipo.com.mx\/?s={search_term_string}"},"query-input":{"@type":"PropertyValueSpecification","valueRequired":true,"valueName":"search_term_string"}}],"inLanguage":"es"},{"@type":"Organization","@id":"https:\/\/www.sonoraenequipo.com.mx\/#organization","name":"Sonoraenequipo.com.mx","url":"https:\/\/www.sonoraenequipo.com.mx\/","logo":{"@type":"ImageObject","inLanguage":"es","@id":"https:\/\/www.sonoraenequipo.com.mx\/#\/schema\/logo\/image\/","url":"https:\/\/www.sonoraenequipo.com.mx\/storage\/2019\/01\/sonoraenequipo_opt.png","contentUrl":"https:\/\/www.sonoraenequipo.com.mx\/storage\/2019\/01\/sonoraenequipo_opt.png","width":375,"height":125,"caption":"Sonoraenequipo.com.mx"},"image":{"@id":"https:\/\/www.sonoraenequipo.com.mx\/#\/schema\/logo\/image\/"},"sameAs":["https:\/\/www.facebook.com\/SonoraEE\/","https:\/\/x.com\/sonoraenequipo","https:\/\/www.youtube.com\/channel\/UC338nW-lPEYmJQs4ZABQ1SQ"]},{"@type":"Person","@id":"https:\/\/www.sonoraenequipo.com.mx\/#\/schema\/person\/50102df0fb23a8fa9e8effad8fa81386","name":"enequipo","image":{"@type":"ImageObject","inLanguage":"es","@id":"https:\/\/www.sonoraenequipo.com.mx\/#\/schema\/person\/image\/","url":"https:\/\/secure.gravatar.com\/avatar\/049821681b589dabc0bc20695993ccebb09f5b5d4d790cd9251b97faac7c652b?s=96&d=blank&r=g","contentUrl":"https:\/\/secure.gravatar.com\/avatar\/049821681b589dabc0bc20695993ccebb09f5b5d4d790cd9251b97faac7c652b?s=96&d=blank&r=g","caption":"enequipo"},"sameAs":["https:\/\/www.facebook.com\/SonoraEE"]}]}},"jetpack_featured_media_url":"https:\/\/www.sonoraenequipo.com.mx\/storage\/2021\/08\/gsd-lp_opt.jpg","_links":{"self":[{"href":"https:\/\/www.sonoraenequipo.com.mx\/api\/wp\/v2\/posts\/119693","targetHints":{"allow":["GET"]}}],"collection":[{"href":"https:\/\/www.sonoraenequipo.com.mx\/api\/wp\/v2\/posts"}],"about":[{"href":"https:\/\/www.sonoraenequipo.com.mx\/api\/wp\/v2\/types\/post"}],"author":[{"embeddable":true,"href":"https:\/\/www.sonoraenequipo.com.mx\/api\/wp\/v2\/users\/1"}],"replies":[{"embeddable":true,"href":"https:\/\/www.sonoraenequipo.com.mx\/api\/wp\/v2\/comments?post=119693"}],"version-history":[{"count":2,"href":"https:\/\/www.sonoraenequipo.com.mx\/api\/wp\/v2\/posts\/119693\/revisions"}],"predecessor-version":[{"id":119696,"href":"https:\/\/www.sonoraenequipo.com.mx\/api\/wp\/v2\/posts\/119693\/revisions\/119696"}],"wp:featuredmedia":[{"embeddable":true,"href":"https:\/\/www.sonoraenequipo.com.mx\/api\/wp\/v2\/media\/119694"}],"wp:attachment":[{"href":"https:\/\/www.sonoraenequipo.com.mx\/api\/wp\/v2\/media?parent=119693"}],"wp:term":[{"taxonomy":"category","embeddable":true,"href":"https:\/\/www.sonoraenequipo.com.mx\/api\/wp\/v2\/categories?post=119693"},{"taxonomy":"post_tag","embeddable":true,"href":"https:\/\/www.sonoraenequipo.com.mx\/api\/wp\/v2\/tags?post=119693"}],"curies":[{"name":"wp","href":"https:\/\/api.w.org\/{rel}","templated":true}]}}