{"id":119701,"date":"2021-08-03T15:10:47","date_gmt":"2021-08-03T22:10:47","guid":{"rendered":"https:\/\/www.sonoraenequipo.com.mx\/?p=119701"},"modified":"2021-08-03T16:08:04","modified_gmt":"2021-08-03T23:08:04","slug":"se-retira-rommel-pacheco-en-tokio-2020-tras-28-anos-de-carrera-deportiva","status":"publish","type":"post","link":"https:\/\/www.sonoraenequipo.com.mx\/se-retira-rommel-pacheco-en-tokio-2020-tras-28-anos-de-carrera-deportiva\/","title":{"rendered":"Se\u00a0 retira Rommel Pacheco en Tokio 2020 tras 28 a\u00f1os de carrera deportiva"},"content":{"rendered":"<p>\u25baEl clavadista termin\u00f3 en el sexto sitio en trampol\u00edn tres metros, con una calificaci\u00f3n de 428.75; \u201cen m\u00ed no queda nada, me voy pleno y me voy contento\u201d, asegura<\/p>\n<p>TOKIO,JAP\u00d3N.\u2500\u2500 El fin de una era lleg\u00f3 para la disciplina de clavados en M\u00e9xico y para el deportista Rommel Pacheco Marrufo, que despu\u00e9s de culminar en el sexto sitio en la final de trampol\u00edn tres metros, durante su participaci\u00f3n en los Juegos Ol\u00edmpicos Tokio 2020, se despide de la disciplina, tras 28 a\u00f1os de carrera deportiva, en la que cosech\u00f3 m\u00faltiples medallas nacionales e internacionales y particip\u00f3 en cuatro justas veraniegas.<\/p>\n<p>&nbsp;<\/p>\n<p>Pacheco Marrufo, se present\u00f3 a su \u00faltima final ol\u00edmpica, en la que se enfrent\u00f3 a representantes de China, Gran Breta\u00f1a, Corea del Sur, Comit\u00e9 Ol\u00edmpico Ruso (ROC, por sus siglas en ingl\u00e9s), Alemania, Nueva Zelanda, Estados Unidos, Egipto y el anfitri\u00f3n, Jap\u00f3n.<\/p>\n<p>&nbsp;<\/p>\n<p>En esta instancia, obtuvo calificaciones de 83.30, 63.00, 73.10, 79.20, 33.25 y 96.90, tras seis rondas de clavados, que le dieron un total de 428.75 y que lo ubicaron en el sexto sitio de la prueba, para de esta manera poner punto final a su carrera, en el mejor escenario para el deporte amateur, en unos Juegos Ol\u00edmpicos.<\/p>\n<p>&nbsp;<\/p>\n<p>\/cms\/uploads\/image\/file\/663433\/WhatsApp_Image_2021-08-03_at_07.19.08__1_.jpeg<\/p>\n<p>&nbsp;<\/p>\n<p>El podio ol\u00edmpico qued\u00f3 conformado por los chinos Xie Siyi y Wang Zongyuan, que ganaron oro y plata, respectivamente. El bronce fue para el brit\u00e1nico Jack Laugher.<\/p>\n<p>&nbsp;<\/p>\n<p>Tras 28 a\u00f1os de trayectoria deportiva, tiempo en el que logr\u00f3 campeonatos mundiales, t\u00edtulos panamericanos, centroamericanos y m\u00faltiples medallas nacionales, el abanderado de la selecci\u00f3n mexicana para esta justa, anunci\u00f3 su retiro de los clavados.<\/p>\n<p>&nbsp;<\/p>\n<p>\u201cMe voy feliz, contento, satisfecho, me hubiera encantado la medalla, pero me voy feliz con el cari\u00f1o de la gente, no solo de M\u00e9xico, sino tambi\u00e9n de la familia de los clavados, entre el aplauso de la gente, de los entrenadores, de los jueces, de los dem\u00e1s deportistas, son 28 a\u00f1os haciendo clavados y de verdad que me voy feliz; en m\u00ed no queda nada, me voy pleno y me voy contento.<\/p>\n<p>&nbsp;<\/p>\n<p>\u201cMe retiro en el mejor de los escenarios: Juegos Ol\u00edmpicos, siendo abanderado, final ol\u00edmpica y sexto lugar ol\u00edmpico, de verdad que disfrut\u00e9 el poder representar a M\u00e9xico\u201d, asegur\u00f3.<\/p>\n<p>&nbsp;<\/p>\n<p>Por su parte, la entrenadora nacional Ma Jin, comparti\u00f3 su sentir sobre la despedida del que fue su pupilo por 18 a\u00f1os.<\/p>\n<p>Romel Pacheco se retira tras 28 a\u00f1os de carrera deportiva en clavados<\/p>\n<p>&nbsp;<\/p>\n<p>&nbsp;<\/p>\n<p>Luego de ejecutar el \u00faltimo clavado, que le vali\u00f3 su calificaci\u00f3n m\u00e1s alta, Rommel Pacheco fue despedido entre aplausos de los entrenadores, clavadistas y jueces; un momento emotivo que vivi\u00f3 al lado de su mentora Ma Jin, quien lo despidi\u00f3 entre l\u00e1grimas y con un abrazo.<\/p>\n<p>Fecha de Publicaci\u00f3n\u00a0 martes\u00a0 \/ 03\u00a0\u00a0 \/ agosto \/ 2021<\/p>\n<p>&nbsp;<\/p>\n","protected":false},"excerpt":{"rendered":"<p>\u25baEl clavadista termin\u00f3 en el sexto sitio en trampol\u00edn tres metros, con una calificaci\u00f3n de&#8230;<\/p>\n","protected":false},"author":1,"featured_media":119702,"comment_status":"open","ping_status":"open","sticky":false,"template":"","format":"standard","meta":{"_monsterinsights_skip_tracking":false,"_monsterinsights_sitenote_active":false,"_monsterinsights_sitenote_note":"","_monsterinsights_sitenote_category":0,"footnotes":""},"categories":[10],"tags":[4796],"class_list":["post"],"yoast_head":" \n<title>Sonora en Equipo. Se\u00a0 retira Rommel Pacheco en Tokio 2020 tras 28 a\u00f1os de carrera deportiva Deportes<\/title>\n<meta name=\"description\" content=\"\u25baEl clavadista termin\u00f3 en el sexto sitio en trampol\u00edn tres metros, con una calificaci\u00f3n de 428.75; \u201cen m\u00ed no queda nada, me voy pleno y me voy contento\u201d, En Sonora en Equipo publicamos toda la informaci\u00f3n de Sonora, M\u00e9xico y el Mundo de manera oportuna y busca que la libertad de expresi\u00f3n sea real. Visita nuestro medio informativo publicado desde Hermosillo, Sonora. %\" \/>\n<meta name=\"robots\" content=\"index, follow, max-snippet:-1, max-image-preview:large, max-video-preview:-1\" \/>\n<link rel=\"canonical\" href=\"https:\/\/www.sonoraenequipo.com.mx\/se-retira-rommel-pacheco-en-tokio-2020-tras-28-anos-de-carrera-deportiva\/\" \/>\n<meta property=\"og:locale\" content=\"es_ES\" \/>\n<meta property=\"og:type\" content=\"article\" \/>\n<meta property=\"og:title\" content=\"Sonora en Equipo. Se\u00a0 retira Rommel Pacheco en Tokio 2020 tras 28 a\u00f1os de carrera deportiva Deportes\" \/>\n<meta property=\"og:description\" content=\"\u25baEl clavadista termin\u00f3 en el sexto sitio en trampol\u00edn tres metros, con una calificaci\u00f3n de 428.75; \u201cen m\u00ed no queda nada, me voy pleno y me voy contento\u201d, En Sonora en Equipo publicamos toda la informaci\u00f3n de Sonora, M\u00e9xico y el Mundo de manera oportuna y busca que la libertad de expresi\u00f3n sea real. Visita nuestro medio informativo publicado desde Hermosillo, Sonora. %\" \/>\n<meta property=\"og:url\" content=\"https:\/\/www.sonoraenequipo.com.mx\/se-retira-rommel-pacheco-en-tokio-2020-tras-28-anos-de-carrera-deportiva\/\" \/>\n<meta property=\"og:site_name\" content=\"Sonora en Equipo.\" \/>\n<meta property=\"article:publisher\" content=\"https:\/\/www.facebook.com\/SonoraEE\/\" \/>\n<meta property=\"article:author\" content=\"https:\/\/www.facebook.com\/SonoraEE\" \/>\n<meta property=\"article:published_time\" content=\"2021-08-03T22:10:47+00:00\" \/>\n<meta property=\"article:modified_time\" content=\"2021-08-03T23:08:04+00:00\" \/>\n<meta property=\"og:image\" content=\"https:\/\/www.sonoraenequipo.com.mx\/storage\/2021\/08\/romel.jpg\" \/>\n\t<meta property=\"og:image:width\" content=\"700\" \/>\n\t<meta property=\"og:image:height\" content=\"400\" \/>\n\t<meta property=\"og:image:type\" content=\"image\/jpeg\" \/>\n<meta name=\"author\" content=\"enequipo\" \/>\n<meta name=\"twitter:card\" content=\"summary_large_image\" \/>\n<meta name=\"twitter:creator\" content=\"@sonoraenequipo\" \/>\n<meta name=\"twitter:site\" content=\"@sonoraenequipo\" \/>\n<meta name=\"twitter:label1\" content=\"Escrito por\" \/>\n\t<meta name=\"twitter:data1\" content=\"enequipo\" \/>\n\t<meta name=\"twitter:label2\" content=\"Tiempo de lectura\" \/>\n\t<meta name=\"twitter:data2\" content=\"2 minutos\" \/>\n<script type=\"application\/ld+json\" class=\"yoast-schema-graph\">{\"@context\":\"https:\/\/schema.org\",\"@graph\":[{\"@type\":\"Article\",\"@id\":\"https:\/\/www.sonoraenequipo.com.mx\/se-retira-rommel-pacheco-en-tokio-2020-tras-28-anos-de-carrera-deportiva\/#article\",\"isPartOf\":{\"@id\":\"https:\/\/www.sonoraenequipo.com.mx\/se-retira-rommel-pacheco-en-tokio-2020-tras-28-anos-de-carrera-deportiva\/\"},\"author\":{\"name\":\"enequipo\",\"@id\":\"https:\/\/www.sonoraenequipo.com.mx\/#\/schema\/person\/50102df0fb23a8fa9e8effad8fa81386\"},\"headline\":\"Se\u00a0 retira Rommel Pacheco en Tokio 2020 tras 28 a\u00f1os de carrera deportiva\",\"datePublished\":\"2021-08-03T22:10:47+00:00\",\"dateModified\":\"2021-08-03T23:08:04+00:00\",\"mainEntityOfPage\":{\"@id\":\"https:\/\/www.sonoraenequipo.com.mx\/se-retira-rommel-pacheco-en-tokio-2020-tras-28-anos-de-carrera-deportiva\/\"},\"wordCount\":505,\"commentCount\":0,\"publisher\":{\"@id\":\"https:\/\/www.sonoraenequipo.com.mx\/#organization\"},\"image\":{\"@id\":\"https:\/\/www.sonoraenequipo.com.mx\/se-retira-rommel-pacheco-en-tokio-2020-tras-28-anos-de-carrera-deportiva\/#primaryimage\"},\"thumbnailUrl\":\"https:\/\/www.sonoraenequipo.com.mx\/storage\/2021\/08\/romel.jpg\",\"keywords\":[\"Tokio 2020\"],\"articleSection\":[\"Deportes\"],\"inLanguage\":\"es\",\"potentialAction\":[{\"@type\":\"CommentAction\",\"name\":\"Comment\",\"target\":[\"https:\/\/www.sonoraenequipo.com.mx\/se-retira-rommel-pacheco-en-tokio-2020-tras-28-anos-de-carrera-deportiva\/#respond\"]}]},{\"@type\":\"WebPage\",\"@id\":\"https:\/\/www.sonoraenequipo.com.mx\/se-retira-rommel-pacheco-en-tokio-2020-tras-28-anos-de-carrera-deportiva\/\",\"url\":\"https:\/\/www.sonoraenequipo.com.mx\/se-retira-rommel-pacheco-en-tokio-2020-tras-28-anos-de-carrera-deportiva\/\",\"name\":\"Sonora en Equipo. Se\u00a0 retira Rommel Pacheco en Tokio 2020 tras 28 a\u00f1os de carrera deportiva Deportes\",\"isPartOf\":{\"@id\":\"https:\/\/www.sonoraenequipo.com.mx\/#website\"},\"primaryImageOfPage\":{\"@id\":\"https:\/\/www.sonoraenequipo.com.mx\/se-retira-rommel-pacheco-en-tokio-2020-tras-28-anos-de-carrera-deportiva\/#primaryimage\"},\"image\":{\"@id\":\"https:\/\/www.sonoraenequipo.com.mx\/se-retira-rommel-pacheco-en-tokio-2020-tras-28-anos-de-carrera-deportiva\/#primaryimage\"},\"thumbnailUrl\":\"https:\/\/www.sonoraenequipo.com.mx\/storage\/2021\/08\/romel.jpg\",\"datePublished\":\"2021-08-03T22:10:47+00:00\",\"dateModified\":\"2021-08-03T23:08:04+00:00\",\"description\":\"\u25baEl clavadista termin\u00f3 en el sexto sitio en trampol\u00edn tres metros, con una calificaci\u00f3n de 428.75; \u201cen m\u00ed no queda nada, me voy pleno y me voy contento\u201d, En Sonora en Equipo publicamos toda la informaci\u00f3n de Sonora, M\u00e9xico y el Mundo de manera oportuna y busca que la libertad de expresi\u00f3n sea real. Visita nuestro medio informativo publicado desde Hermosillo, Sonora. %\",\"breadcrumb\":{\"@id\":\"https:\/\/www.sonoraenequipo.com.mx\/se-retira-rommel-pacheco-en-tokio-2020-tras-28-anos-de-carrera-deportiva\/#breadcrumb\"},\"inLanguage\":\"es\",\"potentialAction\":[{\"@type\":\"ReadAction\",\"target\":[\"https:\/\/www.sonoraenequipo.com.mx\/se-retira-rommel-pacheco-en-tokio-2020-tras-28-anos-de-carrera-deportiva\/\"]}]},{\"@type\":\"ImageObject\",\"inLanguage\":\"es\",\"@id\":\"https:\/\/www.sonoraenequipo.com.mx\/se-retira-rommel-pacheco-en-tokio-2020-tras-28-anos-de-carrera-deportiva\/#primaryimage\",\"url\":\"https:\/\/www.sonoraenequipo.com.mx\/storage\/2021\/08\/romel.jpg\",\"contentUrl\":\"https:\/\/www.sonoraenequipo.com.mx\/storage\/2021\/08\/romel.jpg\",\"width\":700,\"height\":400},{\"@type\":\"BreadcrumbList\",\"@id\":\"https:\/\/www.sonoraenequipo.com.mx\/se-retira-rommel-pacheco-en-tokio-2020-tras-28-anos-de-carrera-deportiva\/#breadcrumb\",\"itemListElement\":[{\"@type\":\"ListItem\",\"position\":1,\"name\":\"Portada\",\"item\":\"https:\/\/www.sonoraenequipo.com.mx\/\"},{\"@type\":\"ListItem\",\"position\":2,\"name\":\"Se\u00a0 retira Rommel Pacheco en Tokio 2020 tras 28 a\u00f1os de carrera deportiva\"}]},{\"@type\":\"WebSite\",\"@id\":\"https:\/\/www.sonoraenequipo.com.mx\/#website\",\"url\":\"https:\/\/www.sonoraenequipo.com.mx\/\",\"name\":\"Sonora en Equipo.\",\"description\":\"Diario en l\u00ednea con Noticias desde Hermosillo, Sonora\",\"publisher\":{\"@id\":\"https:\/\/www.sonoraenequipo.com.mx\/#organization\"},\"potentialAction\":[{\"@type\":\"SearchAction\",\"target\":{\"@type\":\"EntryPoint\",\"urlTemplate\":\"https:\/\/www.sonoraenequipo.com.mx\/?s={search_term_string}\"},\"query-input\":{\"@type\":\"PropertyValueSpecification\",\"valueRequired\":true,\"valueName\":\"search_term_string\"}}],\"inLanguage\":\"es\"},{\"@type\":\"Organization\",\"@id\":\"https:\/\/www.sonoraenequipo.com.mx\/#organization\",\"name\":\"Sonoraenequipo.com.mx\",\"url\":\"https:\/\/www.sonoraenequipo.com.mx\/\",\"logo\":{\"@type\":\"ImageObject\",\"inLanguage\":\"es\",\"@id\":\"https:\/\/www.sonoraenequipo.com.mx\/#\/schema\/logo\/image\/\",\"url\":\"https:\/\/www.sonoraenequipo.com.mx\/storage\/2019\/01\/sonoraenequipo_opt.png\",\"contentUrl\":\"https:\/\/www.sonoraenequipo.com.mx\/storage\/2019\/01\/sonoraenequipo_opt.png\",\"width\":375,\"height\":125,\"caption\":\"Sonoraenequipo.com.mx\"},\"image\":{\"@id\":\"https:\/\/www.sonoraenequipo.com.mx\/#\/schema\/logo\/image\/\"},\"sameAs\":[\"https:\/\/www.facebook.com\/SonoraEE\/\",\"https:\/\/x.com\/sonoraenequipo\",\"https:\/\/www.youtube.com\/channel\/UC338nW-lPEYmJQs4ZABQ1SQ\"]},{\"@type\":\"Person\",\"@id\":\"https:\/\/www.sonoraenequipo.com.mx\/#\/schema\/person\/50102df0fb23a8fa9e8effad8fa81386\",\"name\":\"enequipo\",\"image\":{\"@type\":\"ImageObject\",\"inLanguage\":\"es\",\"@id\":\"https:\/\/www.sonoraenequipo.com.mx\/#\/schema\/person\/image\/\",\"url\":\"https:\/\/secure.gravatar.com\/avatar\/049821681b589dabc0bc20695993ccebb09f5b5d4d790cd9251b97faac7c652b?s=96&d=blank&r=g\",\"contentUrl\":\"https:\/\/secure.gravatar.com\/avatar\/049821681b589dabc0bc20695993ccebb09f5b5d4d790cd9251b97faac7c652b?s=96&d=blank&r=g\",\"caption\":\"enequipo\"},\"sameAs\":[\"https:\/\/www.facebook.com\/SonoraEE\"]}]}<\/script>\n ","yoast_head_json":{"title":"Sonora en Equipo. Se\u00a0 retira Rommel Pacheco en Tokio 2020 tras 28 a\u00f1os de carrera deportiva Deportes","description":"\u25baEl clavadista termin\u00f3 en el sexto sitio en trampol\u00edn tres metros, con una calificaci\u00f3n de 428.75; \u201cen m\u00ed no queda nada, me voy pleno y me voy contento\u201d, En Sonora en Equipo publicamos toda la informaci\u00f3n de Sonora, M\u00e9xico y el Mundo de manera oportuna y busca que la libertad de expresi\u00f3n sea real. Visita nuestro medio informativo publicado desde Hermosillo, Sonora. %","robots":{"index":"index","follow":"follow","max-snippet":"max-snippet:-1","max-image-preview":"max-image-preview:large","max-video-preview":"max-video-preview:-1"},"canonical":"https:\/\/www.sonoraenequipo.com.mx\/se-retira-rommel-pacheco-en-tokio-2020-tras-28-anos-de-carrera-deportiva\/","og_locale":"es_ES","og_type":"article","og_title":"Sonora en Equipo. Se\u00a0 retira Rommel Pacheco en Tokio 2020 tras 28 a\u00f1os de carrera deportiva Deportes","og_description":"\u25baEl clavadista termin\u00f3 en el sexto sitio en trampol\u00edn tres metros, con una calificaci\u00f3n de 428.75; \u201cen m\u00ed no queda nada, me voy pleno y me voy contento\u201d, En Sonora en Equipo publicamos toda la informaci\u00f3n de Sonora, M\u00e9xico y el Mundo de manera oportuna y busca que la libertad de expresi\u00f3n sea real. Visita nuestro medio informativo publicado desde Hermosillo, Sonora. %","og_url":"https:\/\/www.sonoraenequipo.com.mx\/se-retira-rommel-pacheco-en-tokio-2020-tras-28-anos-de-carrera-deportiva\/","og_site_name":"Sonora en Equipo.","article_publisher":"https:\/\/www.facebook.com\/SonoraEE\/","article_author":"https:\/\/www.facebook.com\/SonoraEE","article_published_time":"2021-08-03T22:10:47+00:00","article_modified_time":"2021-08-03T23:08:04+00:00","og_image":[{"width":700,"height":400,"url":"https:\/\/www.sonoraenequipo.com.mx\/storage\/2021\/08\/romel.jpg","type":"image\/jpeg"}],"author":"enequipo","twitter_card":"summary_large_image","twitter_creator":"@sonoraenequipo","twitter_site":"@sonoraenequipo","twitter_misc":{"Escrito por":"enequipo","Tiempo de lectura":"2 minutos"},"schema":{"@context":"https:\/\/schema.org","@graph":[{"@type":"Article","@id":"https:\/\/www.sonoraenequipo.com.mx\/se-retira-rommel-pacheco-en-tokio-2020-tras-28-anos-de-carrera-deportiva\/#article","isPartOf":{"@id":"https:\/\/www.sonoraenequipo.com.mx\/se-retira-rommel-pacheco-en-tokio-2020-tras-28-anos-de-carrera-deportiva\/"},"author":{"name":"enequipo","@id":"https:\/\/www.sonoraenequipo.com.mx\/#\/schema\/person\/50102df0fb23a8fa9e8effad8fa81386"},"headline":"Se\u00a0 retira Rommel Pacheco en Tokio 2020 tras 28 a\u00f1os de carrera deportiva","datePublished":"2021-08-03T22:10:47+00:00","dateModified":"2021-08-03T23:08:04+00:00","mainEntityOfPage":{"@id":"https:\/\/www.sonoraenequipo.com.mx\/se-retira-rommel-pacheco-en-tokio-2020-tras-28-anos-de-carrera-deportiva\/"},"wordCount":505,"commentCount":0,"publisher":{"@id":"https:\/\/www.sonoraenequipo.com.mx\/#organization"},"image":{"@id":"https:\/\/www.sonoraenequipo.com.mx\/se-retira-rommel-pacheco-en-tokio-2020-tras-28-anos-de-carrera-deportiva\/#primaryimage"},"thumbnailUrl":"https:\/\/www.sonoraenequipo.com.mx\/storage\/2021\/08\/romel.jpg","keywords":["Tokio 2020"],"articleSection":["Deportes"],"inLanguage":"es","potentialAction":[{"@type":"CommentAction","name":"Comment","target":["https:\/\/www.sonoraenequipo.com.mx\/se-retira-rommel-pacheco-en-tokio-2020-tras-28-anos-de-carrera-deportiva\/#respond"]}]},{"@type":"WebPage","@id":"https:\/\/www.sonoraenequipo.com.mx\/se-retira-rommel-pacheco-en-tokio-2020-tras-28-anos-de-carrera-deportiva\/","url":"https:\/\/www.sonoraenequipo.com.mx\/se-retira-rommel-pacheco-en-tokio-2020-tras-28-anos-de-carrera-deportiva\/","name":"Sonora en Equipo. Se\u00a0 retira Rommel Pacheco en Tokio 2020 tras 28 a\u00f1os de carrera deportiva Deportes","isPartOf":{"@id":"https:\/\/www.sonoraenequipo.com.mx\/#website"},"primaryImageOfPage":{"@id":"https:\/\/www.sonoraenequipo.com.mx\/se-retira-rommel-pacheco-en-tokio-2020-tras-28-anos-de-carrera-deportiva\/#primaryimage"},"image":{"@id":"https:\/\/www.sonoraenequipo.com.mx\/se-retira-rommel-pacheco-en-tokio-2020-tras-28-anos-de-carrera-deportiva\/#primaryimage"},"thumbnailUrl":"https:\/\/www.sonoraenequipo.com.mx\/storage\/2021\/08\/romel.jpg","datePublished":"2021-08-03T22:10:47+00:00","dateModified":"2021-08-03T23:08:04+00:00","description":"\u25baEl clavadista termin\u00f3 en el sexto sitio en trampol\u00edn tres metros, con una calificaci\u00f3n de 428.75; \u201cen m\u00ed no queda nada, me voy pleno y me voy contento\u201d, En Sonora en Equipo publicamos toda la informaci\u00f3n de Sonora, M\u00e9xico y el Mundo de manera oportuna y busca que la libertad de expresi\u00f3n sea real. Visita nuestro medio informativo publicado desde Hermosillo, Sonora. %","breadcrumb":{"@id":"https:\/\/www.sonoraenequipo.com.mx\/se-retira-rommel-pacheco-en-tokio-2020-tras-28-anos-de-carrera-deportiva\/#breadcrumb"},"inLanguage":"es","potentialAction":[{"@type":"ReadAction","target":["https:\/\/www.sonoraenequipo.com.mx\/se-retira-rommel-pacheco-en-tokio-2020-tras-28-anos-de-carrera-deportiva\/"]}]},{"@type":"ImageObject","inLanguage":"es","@id":"https:\/\/www.sonoraenequipo.com.mx\/se-retira-rommel-pacheco-en-tokio-2020-tras-28-anos-de-carrera-deportiva\/#primaryimage","url":"https:\/\/www.sonoraenequipo.com.mx\/storage\/2021\/08\/romel.jpg","contentUrl":"https:\/\/www.sonoraenequipo.com.mx\/storage\/2021\/08\/romel.jpg","width":700,"height":400},{"@type":"BreadcrumbList","@id":"https:\/\/www.sonoraenequipo.com.mx\/se-retira-rommel-pacheco-en-tokio-2020-tras-28-anos-de-carrera-deportiva\/#breadcrumb","itemListElement":[{"@type":"ListItem","position":1,"name":"Portada","item":"https:\/\/www.sonoraenequipo.com.mx\/"},{"@type":"ListItem","position":2,"name":"Se\u00a0 retira Rommel Pacheco en Tokio 2020 tras 28 a\u00f1os de carrera deportiva"}]},{"@type":"WebSite","@id":"https:\/\/www.sonoraenequipo.com.mx\/#website","url":"https:\/\/www.sonoraenequipo.com.mx\/","name":"Sonora en Equipo.","description":"Diario en l\u00ednea con Noticias desde Hermosillo, Sonora","publisher":{"@id":"https:\/\/www.sonoraenequipo.com.mx\/#organization"},"potentialAction":[{"@type":"SearchAction","target":{"@type":"EntryPoint","urlTemplate":"https:\/\/www.sonoraenequipo.com.mx\/?s={search_term_string}"},"query-input":{"@type":"PropertyValueSpecification","valueRequired":true,"valueName":"search_term_string"}}],"inLanguage":"es"},{"@type":"Organization","@id":"https:\/\/www.sonoraenequipo.com.mx\/#organization","name":"Sonoraenequipo.com.mx","url":"https:\/\/www.sonoraenequipo.com.mx\/","logo":{"@type":"ImageObject","inLanguage":"es","@id":"https:\/\/www.sonoraenequipo.com.mx\/#\/schema\/logo\/image\/","url":"https:\/\/www.sonoraenequipo.com.mx\/storage\/2019\/01\/sonoraenequipo_opt.png","contentUrl":"https:\/\/www.sonoraenequipo.com.mx\/storage\/2019\/01\/sonoraenequipo_opt.png","width":375,"height":125,"caption":"Sonoraenequipo.com.mx"},"image":{"@id":"https:\/\/www.sonoraenequipo.com.mx\/#\/schema\/logo\/image\/"},"sameAs":["https:\/\/www.facebook.com\/SonoraEE\/","https:\/\/x.com\/sonoraenequipo","https:\/\/www.youtube.com\/channel\/UC338nW-lPEYmJQs4ZABQ1SQ"]},{"@type":"Person","@id":"https:\/\/www.sonoraenequipo.com.mx\/#\/schema\/person\/50102df0fb23a8fa9e8effad8fa81386","name":"enequipo","image":{"@type":"ImageObject","inLanguage":"es","@id":"https:\/\/www.sonoraenequipo.com.mx\/#\/schema\/person\/image\/","url":"https:\/\/secure.gravatar.com\/avatar\/049821681b589dabc0bc20695993ccebb09f5b5d4d790cd9251b97faac7c652b?s=96&d=blank&r=g","contentUrl":"https:\/\/secure.gravatar.com\/avatar\/049821681b589dabc0bc20695993ccebb09f5b5d4d790cd9251b97faac7c652b?s=96&d=blank&r=g","caption":"enequipo"},"sameAs":["https:\/\/www.facebook.com\/SonoraEE"]}]}},"jetpack_featured_media_url":"https:\/\/www.sonoraenequipo.com.mx\/storage\/2021\/08\/romel.jpg","_links":{"self":[{"href":"https:\/\/www.sonoraenequipo.com.mx\/api\/wp\/v2\/posts\/119701","targetHints":{"allow":["GET"]}}],"collection":[{"href":"https:\/\/www.sonoraenequipo.com.mx\/api\/wp\/v2\/posts"}],"about":[{"href":"https:\/\/www.sonoraenequipo.com.mx\/api\/wp\/v2\/types\/post"}],"author":[{"embeddable":true,"href":"https:\/\/www.sonoraenequipo.com.mx\/api\/wp\/v2\/users\/1"}],"replies":[{"embeddable":true,"href":"https:\/\/www.sonoraenequipo.com.mx\/api\/wp\/v2\/comments?post=119701"}],"version-history":[{"count":1,"href":"https:\/\/www.sonoraenequipo.com.mx\/api\/wp\/v2\/posts\/119701\/revisions"}],"predecessor-version":[{"id":119703,"href":"https:\/\/www.sonoraenequipo.com.mx\/api\/wp\/v2\/posts\/119701\/revisions\/119703"}],"wp:featuredmedia":[{"embeddable":true,"href":"https:\/\/www.sonoraenequipo.com.mx\/api\/wp\/v2\/media\/119702"}],"wp:attachment":[{"href":"https:\/\/www.sonoraenequipo.com.mx\/api\/wp\/v2\/media?parent=119701"}],"wp:term":[{"taxonomy":"category","embeddable":true,"href":"https:\/\/www.sonoraenequipo.com.mx\/api\/wp\/v2\/categories?post=119701"},{"taxonomy":"post_tag","embeddable":true,"href":"https:\/\/www.sonoraenequipo.com.mx\/api\/wp\/v2\/tags?post=119701"}],"curies":[{"name":"wp","href":"https:\/\/api.w.org\/{rel}","templated":true}]}}