{"id":119704,"date":"2021-08-03T16:01:20","date_gmt":"2021-08-03T23:01:20","guid":{"rendered":"https:\/\/www.sonoraenequipo.com.mx\/?p=119704"},"modified":"2021-08-03T16:01:20","modified_gmt":"2021-08-03T23:01:20","slug":"si-tiembla-en-sonora-no-es-el-fin-del-mundo-ni-la-mal-llamada-falla-de-san-andres","status":"publish","type":"post","link":"https:\/\/www.sonoraenequipo.com.mx\/si-tiembla-en-sonora-no-es-el-fin-del-mundo-ni-la-mal-llamada-falla-de-san-andres\/","title":{"rendered":"Si tiembla en Sonora no es el fin del mundo ni la mal llamada falla de San Andr\u00e9s\u00a0\u00a0\u00a0\u00a0\u00a0"},"content":{"rendered":"<p>HERMOSILLO, SONORA,MX.\u2500\u2500 Ante la importante presencia s\u00edsmica que se ha registrado en las inmediaciones del estado de Sonora, es preciso mencionar que \u00e9sta corresponde a sucesos que para nada son novedosos, ya que el noroeste de M\u00e9xico se encuentra en una zona tect\u00f3nicamente activa, donde a diario ocurren sismos, siendo poco frecuentes los de magnitud considerable, afirm\u00f3 Alejandra Marisela G\u00f3mez Valencia.<\/p>\n<p><img loading=\"lazy\" decoding=\"async\" class=\"x-center  size-full\" src=\"https:\/\/www.sonoraenequipo.com.mx\/storage\/2021\/08\/temblores.jpg\" alt=\"\" width=\"1080\" height=\"1202\" \/>La acad\u00e9mica adscrita al Departamento de Ingenier\u00eda Civil y Minas de la Universidad de Sonora destac\u00f3 que Sonora se encuentra en la placa tect\u00f3nica Norteamericana, la que, hacia el oeste, en el Golfo de California, limita con la llamada del Pac\u00edfico (Baja California y Baja California Sur pertenecen a esta placa), y que en ese l\u00edmite tect\u00f3nico de contacto entre las dos placas se forma el sistema de fallas transformantes del Golfo de California, las cuales generan cuencas marinas que inclusive se tiene evidencia de que en ellas hay actividad volc\u00e1nica.<\/p>\n<p>Es este sistema de fallas, indic\u00f3, el que provoca que las Baja California se alejen de Sonora entre 5 y 8 cent\u00edmetros al a\u00f1o. \u201cPor consecuencia, ante tal desplazamiento de placas y la actividad magm\u00e1tica, es normal que en esta regi\u00f3n existan temblores como los sismos de 5.4 y 4.3 de magnitud registrados el pasado 31 de julio al oeste de Guaymas, en el Golfo\u201d, a\u00f1adi\u00f3.<\/p>\n<p>Por otro lado, la docente inform\u00f3 que posterior al \u00faltimo sismo de magnitud 5.2 ocurrido tambi\u00e9n el d\u00eda 31 de julio en el sector serrano del noreste de Sonora, al d\u00eda de hoy se sigue teniendo abundante registro de actividad s\u00edsmica, y esto se debe a que se est\u00e1 presentando evidencia de movimientos s\u00edsmicos de fallas activas, como la Pit\u00e1ycachi, Teras y Otates, donde el movimiento de la primer falla mencionada ocasion\u00f3, en el a\u00f1o de 1887, un sismo de magnitud estimada en 7.4, que trajo consigo importantes afectaciones materiales y humanas de las comunidades pr\u00f3ximas a la falla.<\/p>\n<p>Este sistema de fallas, precis\u00f3, no tiene que ver con el del Golfo de California; \u201caqu\u00ed el que impera es el fallamiento normal atribuido al movimiento de bloques de Sierras y Valles paralelos\u201d.<\/p>\n<p>Con el antecedente anterior, se\u00f1al\u00f3 que podemos reconocer que el estado de Sonora se ubica entre dos grandes sectores de fallas activas: uno ligado al Golfo de California con limitante al sector costero, en la conocida como Provincia Extensional del Golfo, y otro relacionado con la Provincia de Sierras y Valles Paralelos, en el sector serrano.<\/p>\n<p>\u201cPor lo tanto, cuando se siente alg\u00fan sismo en Sonora, y dependiendo del lugar que se habite, \u00e9ste estar\u00e1 relacionado o al sistema de fallas transformantes del Golfo de California o bien al sistema de fallas normales de Sierras y Valles, quedando excluida una asociaci\u00f3n con la falla de San Andreas (com\u00fanmente y mal denominada falla de San Andr\u00e9s), pues \u00e9sta termina a la altura del \u201cmar\u201d Salt\u00f3n, en California, justo al norte de Mexicali\u201d, indic\u00f3.<\/p>\n<p>&nbsp;<\/p>\n<p>Alejandra Marisela G\u00f3mez Valencia, quien actualmente se encuentra terminando su doctorado con temas de petrolog\u00eda magm\u00e1tica, tect\u00f3nica y estructural del noroeste de M\u00e9xico, hizo hincapi\u00e9 en que, con la finalidad de no sembrar p\u00e1nico en las comunidades ante eventos s\u00edsmicos comunes y esperados en regiones tect\u00f3nicamente activas, es recomendable brindar informaci\u00f3n oportuna, coherente y con fundamento cient\u00edfico sobre la situaci\u00f3n tect\u00f3nica del lugar donde se habita, y crear conciencia de los protocolos de seguridad que se deben tener presentes ante cualquier sismo de mayor magnitud.<\/p>\n<p>Fecha de Publicaci\u00f3n\u00a0 martes\u00a0 \/ 03\u00a0\u00a0 \/ agosto \/ 2021<\/p>\n<p>&nbsp;<\/p>\n","protected":false},"excerpt":{"rendered":"<p>HERMOSILLO, SONORA,MX.\u2500\u2500 Ante la importante presencia s\u00edsmica que se ha registrado en las inmediaciones del&#8230;<\/p>\n","protected":false},"author":1,"featured_media":119711,"comment_status":"open","ping_status":"open","sticky":false,"template":"","format":"standard","meta":{"_monsterinsights_skip_tracking":false,"_monsterinsights_sitenote_active":false,"_monsterinsights_sitenote_note":"","_monsterinsights_sitenote_category":0,"footnotes":""},"categories":[2216],"tags":[5964],"class_list":["post"],"yoast_head":" \n<title>Sonora en Equipo. Si tiembla en Sonora no es el fin del mundo ni la mal llamada falla de San Andr\u00e9s\u00a0\u00a0\u00a0\u00a0\u00a0 Ciencia y Tecnolog\u00eda<\/title>\n<meta name=\"description\" content=\"HERMOSILLO, SONORA,MX.\u2500\u2500 Ante la importante presencia s\u00edsmica que se ha registrado en las inmediaciones del estado de Sonora, es preciso mencionar que En Sonora en Equipo publicamos toda la informaci\u00f3n de Sonora, M\u00e9xico y el Mundo de manera oportuna y busca que la libertad de expresi\u00f3n sea real. Visita nuestro medio informativo publicado desde Hermosillo, Sonora. %\" \/>\n<meta name=\"robots\" content=\"index, follow, max-snippet:-1, max-image-preview:large, max-video-preview:-1\" \/>\n<link rel=\"canonical\" href=\"https:\/\/www.sonoraenequipo.com.mx\/si-tiembla-en-sonora-no-es-el-fin-del-mundo-ni-la-mal-llamada-falla-de-san-andres\/\" \/>\n<meta property=\"og:locale\" content=\"es_ES\" \/>\n<meta property=\"og:type\" content=\"article\" \/>\n<meta property=\"og:title\" content=\"Sonora en Equipo. Si tiembla en Sonora no es el fin del mundo ni la mal llamada falla de San Andr\u00e9s\u00a0\u00a0\u00a0\u00a0\u00a0 Ciencia y Tecnolog\u00eda\" \/>\n<meta property=\"og:description\" content=\"HERMOSILLO, SONORA,MX.\u2500\u2500 Ante la importante presencia s\u00edsmica que se ha registrado en las inmediaciones del estado de Sonora, es preciso mencionar que En Sonora en Equipo publicamos toda la informaci\u00f3n de Sonora, M\u00e9xico y el Mundo de manera oportuna y busca que la libertad de expresi\u00f3n sea real. Visita nuestro medio informativo publicado desde Hermosillo, Sonora. %\" \/>\n<meta property=\"og:url\" content=\"https:\/\/www.sonoraenequipo.com.mx\/si-tiembla-en-sonora-no-es-el-fin-del-mundo-ni-la-mal-llamada-falla-de-san-andres\/\" \/>\n<meta property=\"og:site_name\" content=\"Sonora en Equipo.\" \/>\n<meta property=\"article:publisher\" content=\"https:\/\/www.facebook.com\/SonoraEE\/\" \/>\n<meta property=\"article:author\" content=\"https:\/\/www.facebook.com\/SonoraEE\" \/>\n<meta property=\"article:published_time\" content=\"2021-08-03T23:01:20+00:00\" \/>\n<meta property=\"og:image\" content=\"https:\/\/www.sonoraenequipo.com.mx\/storage\/2021\/08\/mapa-sonora-sismografo-copy.jpg\" \/>\n\t<meta property=\"og:image:width\" content=\"700\" \/>\n\t<meta property=\"og:image:height\" content=\"400\" \/>\n\t<meta property=\"og:image:type\" content=\"image\/jpeg\" \/>\n<meta name=\"author\" content=\"enequipo\" \/>\n<meta name=\"twitter:card\" content=\"summary_large_image\" \/>\n<meta name=\"twitter:creator\" content=\"@sonoraenequipo\" \/>\n<meta name=\"twitter:site\" content=\"@sonoraenequipo\" \/>\n<meta name=\"twitter:label1\" content=\"Escrito por\" \/>\n\t<meta name=\"twitter:data1\" content=\"enequipo\" \/>\n\t<meta name=\"twitter:label2\" content=\"Tiempo de lectura\" \/>\n\t<meta name=\"twitter:data2\" content=\"3 minutos\" \/>\n<script type=\"application\/ld+json\" class=\"yoast-schema-graph\">{\"@context\":\"https:\/\/schema.org\",\"@graph\":[{\"@type\":\"Article\",\"@id\":\"https:\/\/www.sonoraenequipo.com.mx\/si-tiembla-en-sonora-no-es-el-fin-del-mundo-ni-la-mal-llamada-falla-de-san-andres\/#article\",\"isPartOf\":{\"@id\":\"https:\/\/www.sonoraenequipo.com.mx\/si-tiembla-en-sonora-no-es-el-fin-del-mundo-ni-la-mal-llamada-falla-de-san-andres\/\"},\"author\":{\"name\":\"enequipo\",\"@id\":\"https:\/\/www.sonoraenequipo.com.mx\/#\/schema\/person\/50102df0fb23a8fa9e8effad8fa81386\"},\"headline\":\"Si tiembla en Sonora no es el fin del mundo ni la mal llamada falla de San Andr\u00e9s\u00a0\u00a0\u00a0\u00a0\u00a0\",\"datePublished\":\"2021-08-03T23:01:20+00:00\",\"mainEntityOfPage\":{\"@id\":\"https:\/\/www.sonoraenequipo.com.mx\/si-tiembla-en-sonora-no-es-el-fin-del-mundo-ni-la-mal-llamada-falla-de-san-andres\/\"},\"wordCount\":628,\"commentCount\":0,\"publisher\":{\"@id\":\"https:\/\/www.sonoraenequipo.com.mx\/#organization\"},\"image\":{\"@id\":\"https:\/\/www.sonoraenequipo.com.mx\/si-tiembla-en-sonora-no-es-el-fin-del-mundo-ni-la-mal-llamada-falla-de-san-andres\/#primaryimage\"},\"thumbnailUrl\":\"https:\/\/www.sonoraenequipo.com.mx\/storage\/2021\/08\/mapa-sonora-sismografo-copy.jpg\",\"keywords\":[\"sismos sonora\"],\"articleSection\":[\"Ciencia y Tecnolog\u00eda\"],\"inLanguage\":\"es\",\"potentialAction\":[{\"@type\":\"CommentAction\",\"name\":\"Comment\",\"target\":[\"https:\/\/www.sonoraenequipo.com.mx\/si-tiembla-en-sonora-no-es-el-fin-del-mundo-ni-la-mal-llamada-falla-de-san-andres\/#respond\"]}]},{\"@type\":\"WebPage\",\"@id\":\"https:\/\/www.sonoraenequipo.com.mx\/si-tiembla-en-sonora-no-es-el-fin-del-mundo-ni-la-mal-llamada-falla-de-san-andres\/\",\"url\":\"https:\/\/www.sonoraenequipo.com.mx\/si-tiembla-en-sonora-no-es-el-fin-del-mundo-ni-la-mal-llamada-falla-de-san-andres\/\",\"name\":\"Sonora en Equipo. Si tiembla en Sonora no es el fin del mundo ni la mal llamada falla de San Andr\u00e9s\u00a0\u00a0\u00a0\u00a0\u00a0 Ciencia y Tecnolog\u00eda\",\"isPartOf\":{\"@id\":\"https:\/\/www.sonoraenequipo.com.mx\/#website\"},\"primaryImageOfPage\":{\"@id\":\"https:\/\/www.sonoraenequipo.com.mx\/si-tiembla-en-sonora-no-es-el-fin-del-mundo-ni-la-mal-llamada-falla-de-san-andres\/#primaryimage\"},\"image\":{\"@id\":\"https:\/\/www.sonoraenequipo.com.mx\/si-tiembla-en-sonora-no-es-el-fin-del-mundo-ni-la-mal-llamada-falla-de-san-andres\/#primaryimage\"},\"thumbnailUrl\":\"https:\/\/www.sonoraenequipo.com.mx\/storage\/2021\/08\/mapa-sonora-sismografo-copy.jpg\",\"datePublished\":\"2021-08-03T23:01:20+00:00\",\"description\":\"HERMOSILLO, SONORA,MX.\u2500\u2500 Ante la importante presencia s\u00edsmica que se ha registrado en las inmediaciones del estado de Sonora, es preciso mencionar que En Sonora en Equipo publicamos toda la informaci\u00f3n de Sonora, M\u00e9xico y el Mundo de manera oportuna y busca que la libertad de expresi\u00f3n sea real. Visita nuestro medio informativo publicado desde Hermosillo, Sonora. %\",\"breadcrumb\":{\"@id\":\"https:\/\/www.sonoraenequipo.com.mx\/si-tiembla-en-sonora-no-es-el-fin-del-mundo-ni-la-mal-llamada-falla-de-san-andres\/#breadcrumb\"},\"inLanguage\":\"es\",\"potentialAction\":[{\"@type\":\"ReadAction\",\"target\":[\"https:\/\/www.sonoraenequipo.com.mx\/si-tiembla-en-sonora-no-es-el-fin-del-mundo-ni-la-mal-llamada-falla-de-san-andres\/\"]}]},{\"@type\":\"ImageObject\",\"inLanguage\":\"es\",\"@id\":\"https:\/\/www.sonoraenequipo.com.mx\/si-tiembla-en-sonora-no-es-el-fin-del-mundo-ni-la-mal-llamada-falla-de-san-andres\/#primaryimage\",\"url\":\"https:\/\/www.sonoraenequipo.com.mx\/storage\/2021\/08\/mapa-sonora-sismografo-copy.jpg\",\"contentUrl\":\"https:\/\/www.sonoraenequipo.com.mx\/storage\/2021\/08\/mapa-sonora-sismografo-copy.jpg\",\"width\":700,\"height\":400},{\"@type\":\"BreadcrumbList\",\"@id\":\"https:\/\/www.sonoraenequipo.com.mx\/si-tiembla-en-sonora-no-es-el-fin-del-mundo-ni-la-mal-llamada-falla-de-san-andres\/#breadcrumb\",\"itemListElement\":[{\"@type\":\"ListItem\",\"position\":1,\"name\":\"Portada\",\"item\":\"https:\/\/www.sonoraenequipo.com.mx\/\"},{\"@type\":\"ListItem\",\"position\":2,\"name\":\"Si tiembla en Sonora no es el fin del mundo ni la mal llamada falla de San Andr\u00e9s\u00a0\u00a0\u00a0\u00a0\u00a0\"}]},{\"@type\":\"WebSite\",\"@id\":\"https:\/\/www.sonoraenequipo.com.mx\/#website\",\"url\":\"https:\/\/www.sonoraenequipo.com.mx\/\",\"name\":\"Sonora en Equipo.\",\"description\":\"Diario en l\u00ednea con Noticias desde Hermosillo, Sonora\",\"publisher\":{\"@id\":\"https:\/\/www.sonoraenequipo.com.mx\/#organization\"},\"potentialAction\":[{\"@type\":\"SearchAction\",\"target\":{\"@type\":\"EntryPoint\",\"urlTemplate\":\"https:\/\/www.sonoraenequipo.com.mx\/?s={search_term_string}\"},\"query-input\":{\"@type\":\"PropertyValueSpecification\",\"valueRequired\":true,\"valueName\":\"search_term_string\"}}],\"inLanguage\":\"es\"},{\"@type\":\"Organization\",\"@id\":\"https:\/\/www.sonoraenequipo.com.mx\/#organization\",\"name\":\"Sonoraenequipo.com.mx\",\"url\":\"https:\/\/www.sonoraenequipo.com.mx\/\",\"logo\":{\"@type\":\"ImageObject\",\"inLanguage\":\"es\",\"@id\":\"https:\/\/www.sonoraenequipo.com.mx\/#\/schema\/logo\/image\/\",\"url\":\"https:\/\/www.sonoraenequipo.com.mx\/storage\/2019\/01\/sonoraenequipo_opt.png\",\"contentUrl\":\"https:\/\/www.sonoraenequipo.com.mx\/storage\/2019\/01\/sonoraenequipo_opt.png\",\"width\":375,\"height\":125,\"caption\":\"Sonoraenequipo.com.mx\"},\"image\":{\"@id\":\"https:\/\/www.sonoraenequipo.com.mx\/#\/schema\/logo\/image\/\"},\"sameAs\":[\"https:\/\/www.facebook.com\/SonoraEE\/\",\"https:\/\/x.com\/sonoraenequipo\",\"https:\/\/www.youtube.com\/channel\/UC338nW-lPEYmJQs4ZABQ1SQ\"]},{\"@type\":\"Person\",\"@id\":\"https:\/\/www.sonoraenequipo.com.mx\/#\/schema\/person\/50102df0fb23a8fa9e8effad8fa81386\",\"name\":\"enequipo\",\"image\":{\"@type\":\"ImageObject\",\"inLanguage\":\"es\",\"@id\":\"https:\/\/www.sonoraenequipo.com.mx\/#\/schema\/person\/image\/\",\"url\":\"https:\/\/secure.gravatar.com\/avatar\/049821681b589dabc0bc20695993ccebb09f5b5d4d790cd9251b97faac7c652b?s=96&d=blank&r=g\",\"contentUrl\":\"https:\/\/secure.gravatar.com\/avatar\/049821681b589dabc0bc20695993ccebb09f5b5d4d790cd9251b97faac7c652b?s=96&d=blank&r=g\",\"caption\":\"enequipo\"},\"sameAs\":[\"https:\/\/www.facebook.com\/SonoraEE\"]}]}<\/script>\n ","yoast_head_json":{"title":"Sonora en Equipo. Si tiembla en Sonora no es el fin del mundo ni la mal llamada falla de San Andr\u00e9s\u00a0\u00a0\u00a0\u00a0\u00a0 Ciencia y Tecnolog\u00eda","description":"HERMOSILLO, SONORA,MX.\u2500\u2500 Ante la importante presencia s\u00edsmica que se ha registrado en las inmediaciones del estado de Sonora, es preciso mencionar que En Sonora en Equipo publicamos toda la informaci\u00f3n de Sonora, M\u00e9xico y el Mundo de manera oportuna y busca que la libertad de expresi\u00f3n sea real. Visita nuestro medio informativo publicado desde Hermosillo, Sonora. %","robots":{"index":"index","follow":"follow","max-snippet":"max-snippet:-1","max-image-preview":"max-image-preview:large","max-video-preview":"max-video-preview:-1"},"canonical":"https:\/\/www.sonoraenequipo.com.mx\/si-tiembla-en-sonora-no-es-el-fin-del-mundo-ni-la-mal-llamada-falla-de-san-andres\/","og_locale":"es_ES","og_type":"article","og_title":"Sonora en Equipo. Si tiembla en Sonora no es el fin del mundo ni la mal llamada falla de San Andr\u00e9s\u00a0\u00a0\u00a0\u00a0\u00a0 Ciencia y Tecnolog\u00eda","og_description":"HERMOSILLO, SONORA,MX.\u2500\u2500 Ante la importante presencia s\u00edsmica que se ha registrado en las inmediaciones del estado de Sonora, es preciso mencionar que En Sonora en Equipo publicamos toda la informaci\u00f3n de Sonora, M\u00e9xico y el Mundo de manera oportuna y busca que la libertad de expresi\u00f3n sea real. Visita nuestro medio informativo publicado desde Hermosillo, Sonora. %","og_url":"https:\/\/www.sonoraenequipo.com.mx\/si-tiembla-en-sonora-no-es-el-fin-del-mundo-ni-la-mal-llamada-falla-de-san-andres\/","og_site_name":"Sonora en Equipo.","article_publisher":"https:\/\/www.facebook.com\/SonoraEE\/","article_author":"https:\/\/www.facebook.com\/SonoraEE","article_published_time":"2021-08-03T23:01:20+00:00","og_image":[{"width":700,"height":400,"url":"https:\/\/www.sonoraenequipo.com.mx\/storage\/2021\/08\/mapa-sonora-sismografo-copy.jpg","type":"image\/jpeg"}],"author":"enequipo","twitter_card":"summary_large_image","twitter_creator":"@sonoraenequipo","twitter_site":"@sonoraenequipo","twitter_misc":{"Escrito por":"enequipo","Tiempo de lectura":"3 minutos"},"schema":{"@context":"https:\/\/schema.org","@graph":[{"@type":"Article","@id":"https:\/\/www.sonoraenequipo.com.mx\/si-tiembla-en-sonora-no-es-el-fin-del-mundo-ni-la-mal-llamada-falla-de-san-andres\/#article","isPartOf":{"@id":"https:\/\/www.sonoraenequipo.com.mx\/si-tiembla-en-sonora-no-es-el-fin-del-mundo-ni-la-mal-llamada-falla-de-san-andres\/"},"author":{"name":"enequipo","@id":"https:\/\/www.sonoraenequipo.com.mx\/#\/schema\/person\/50102df0fb23a8fa9e8effad8fa81386"},"headline":"Si tiembla en Sonora no es el fin del mundo ni la mal llamada falla de San Andr\u00e9s\u00a0\u00a0\u00a0\u00a0\u00a0","datePublished":"2021-08-03T23:01:20+00:00","mainEntityOfPage":{"@id":"https:\/\/www.sonoraenequipo.com.mx\/si-tiembla-en-sonora-no-es-el-fin-del-mundo-ni-la-mal-llamada-falla-de-san-andres\/"},"wordCount":628,"commentCount":0,"publisher":{"@id":"https:\/\/www.sonoraenequipo.com.mx\/#organization"},"image":{"@id":"https:\/\/www.sonoraenequipo.com.mx\/si-tiembla-en-sonora-no-es-el-fin-del-mundo-ni-la-mal-llamada-falla-de-san-andres\/#primaryimage"},"thumbnailUrl":"https:\/\/www.sonoraenequipo.com.mx\/storage\/2021\/08\/mapa-sonora-sismografo-copy.jpg","keywords":["sismos sonora"],"articleSection":["Ciencia y Tecnolog\u00eda"],"inLanguage":"es","potentialAction":[{"@type":"CommentAction","name":"Comment","target":["https:\/\/www.sonoraenequipo.com.mx\/si-tiembla-en-sonora-no-es-el-fin-del-mundo-ni-la-mal-llamada-falla-de-san-andres\/#respond"]}]},{"@type":"WebPage","@id":"https:\/\/www.sonoraenequipo.com.mx\/si-tiembla-en-sonora-no-es-el-fin-del-mundo-ni-la-mal-llamada-falla-de-san-andres\/","url":"https:\/\/www.sonoraenequipo.com.mx\/si-tiembla-en-sonora-no-es-el-fin-del-mundo-ni-la-mal-llamada-falla-de-san-andres\/","name":"Sonora en Equipo. Si tiembla en Sonora no es el fin del mundo ni la mal llamada falla de San Andr\u00e9s\u00a0\u00a0\u00a0\u00a0\u00a0 Ciencia y Tecnolog\u00eda","isPartOf":{"@id":"https:\/\/www.sonoraenequipo.com.mx\/#website"},"primaryImageOfPage":{"@id":"https:\/\/www.sonoraenequipo.com.mx\/si-tiembla-en-sonora-no-es-el-fin-del-mundo-ni-la-mal-llamada-falla-de-san-andres\/#primaryimage"},"image":{"@id":"https:\/\/www.sonoraenequipo.com.mx\/si-tiembla-en-sonora-no-es-el-fin-del-mundo-ni-la-mal-llamada-falla-de-san-andres\/#primaryimage"},"thumbnailUrl":"https:\/\/www.sonoraenequipo.com.mx\/storage\/2021\/08\/mapa-sonora-sismografo-copy.jpg","datePublished":"2021-08-03T23:01:20+00:00","description":"HERMOSILLO, SONORA,MX.\u2500\u2500 Ante la importante presencia s\u00edsmica que se ha registrado en las inmediaciones del estado de Sonora, es preciso mencionar que En Sonora en Equipo publicamos toda la informaci\u00f3n de Sonora, M\u00e9xico y el Mundo de manera oportuna y busca que la libertad de expresi\u00f3n sea real. Visita nuestro medio informativo publicado desde Hermosillo, Sonora. %","breadcrumb":{"@id":"https:\/\/www.sonoraenequipo.com.mx\/si-tiembla-en-sonora-no-es-el-fin-del-mundo-ni-la-mal-llamada-falla-de-san-andres\/#breadcrumb"},"inLanguage":"es","potentialAction":[{"@type":"ReadAction","target":["https:\/\/www.sonoraenequipo.com.mx\/si-tiembla-en-sonora-no-es-el-fin-del-mundo-ni-la-mal-llamada-falla-de-san-andres\/"]}]},{"@type":"ImageObject","inLanguage":"es","@id":"https:\/\/www.sonoraenequipo.com.mx\/si-tiembla-en-sonora-no-es-el-fin-del-mundo-ni-la-mal-llamada-falla-de-san-andres\/#primaryimage","url":"https:\/\/www.sonoraenequipo.com.mx\/storage\/2021\/08\/mapa-sonora-sismografo-copy.jpg","contentUrl":"https:\/\/www.sonoraenequipo.com.mx\/storage\/2021\/08\/mapa-sonora-sismografo-copy.jpg","width":700,"height":400},{"@type":"BreadcrumbList","@id":"https:\/\/www.sonoraenequipo.com.mx\/si-tiembla-en-sonora-no-es-el-fin-del-mundo-ni-la-mal-llamada-falla-de-san-andres\/#breadcrumb","itemListElement":[{"@type":"ListItem","position":1,"name":"Portada","item":"https:\/\/www.sonoraenequipo.com.mx\/"},{"@type":"ListItem","position":2,"name":"Si tiembla en Sonora no es el fin del mundo ni la mal llamada falla de San Andr\u00e9s\u00a0\u00a0\u00a0\u00a0\u00a0"}]},{"@type":"WebSite","@id":"https:\/\/www.sonoraenequipo.com.mx\/#website","url":"https:\/\/www.sonoraenequipo.com.mx\/","name":"Sonora en Equipo.","description":"Diario en l\u00ednea con Noticias desde Hermosillo, Sonora","publisher":{"@id":"https:\/\/www.sonoraenequipo.com.mx\/#organization"},"potentialAction":[{"@type":"SearchAction","target":{"@type":"EntryPoint","urlTemplate":"https:\/\/www.sonoraenequipo.com.mx\/?s={search_term_string}"},"query-input":{"@type":"PropertyValueSpecification","valueRequired":true,"valueName":"search_term_string"}}],"inLanguage":"es"},{"@type":"Organization","@id":"https:\/\/www.sonoraenequipo.com.mx\/#organization","name":"Sonoraenequipo.com.mx","url":"https:\/\/www.sonoraenequipo.com.mx\/","logo":{"@type":"ImageObject","inLanguage":"es","@id":"https:\/\/www.sonoraenequipo.com.mx\/#\/schema\/logo\/image\/","url":"https:\/\/www.sonoraenequipo.com.mx\/storage\/2019\/01\/sonoraenequipo_opt.png","contentUrl":"https:\/\/www.sonoraenequipo.com.mx\/storage\/2019\/01\/sonoraenequipo_opt.png","width":375,"height":125,"caption":"Sonoraenequipo.com.mx"},"image":{"@id":"https:\/\/www.sonoraenequipo.com.mx\/#\/schema\/logo\/image\/"},"sameAs":["https:\/\/www.facebook.com\/SonoraEE\/","https:\/\/x.com\/sonoraenequipo","https:\/\/www.youtube.com\/channel\/UC338nW-lPEYmJQs4ZABQ1SQ"]},{"@type":"Person","@id":"https:\/\/www.sonoraenequipo.com.mx\/#\/schema\/person\/50102df0fb23a8fa9e8effad8fa81386","name":"enequipo","image":{"@type":"ImageObject","inLanguage":"es","@id":"https:\/\/www.sonoraenequipo.com.mx\/#\/schema\/person\/image\/","url":"https:\/\/secure.gravatar.com\/avatar\/049821681b589dabc0bc20695993ccebb09f5b5d4d790cd9251b97faac7c652b?s=96&d=blank&r=g","contentUrl":"https:\/\/secure.gravatar.com\/avatar\/049821681b589dabc0bc20695993ccebb09f5b5d4d790cd9251b97faac7c652b?s=96&d=blank&r=g","caption":"enequipo"},"sameAs":["https:\/\/www.facebook.com\/SonoraEE"]}]}},"jetpack_featured_media_url":"https:\/\/www.sonoraenequipo.com.mx\/storage\/2021\/08\/mapa-sonora-sismografo-copy.jpg","_links":{"self":[{"href":"https:\/\/www.sonoraenequipo.com.mx\/api\/wp\/v2\/posts\/119704","targetHints":{"allow":["GET"]}}],"collection":[{"href":"https:\/\/www.sonoraenequipo.com.mx\/api\/wp\/v2\/posts"}],"about":[{"href":"https:\/\/www.sonoraenequipo.com.mx\/api\/wp\/v2\/types\/post"}],"author":[{"embeddable":true,"href":"https:\/\/www.sonoraenequipo.com.mx\/api\/wp\/v2\/users\/1"}],"replies":[{"embeddable":true,"href":"https:\/\/www.sonoraenequipo.com.mx\/api\/wp\/v2\/comments?post=119704"}],"version-history":[{"count":1,"href":"https:\/\/www.sonoraenequipo.com.mx\/api\/wp\/v2\/posts\/119704\/revisions"}],"predecessor-version":[{"id":119712,"href":"https:\/\/www.sonoraenequipo.com.mx\/api\/wp\/v2\/posts\/119704\/revisions\/119712"}],"wp:featuredmedia":[{"embeddable":true,"href":"https:\/\/www.sonoraenequipo.com.mx\/api\/wp\/v2\/media\/119711"}],"wp:attachment":[{"href":"https:\/\/www.sonoraenequipo.com.mx\/api\/wp\/v2\/media?parent=119704"}],"wp:term":[{"taxonomy":"category","embeddable":true,"href":"https:\/\/www.sonoraenequipo.com.mx\/api\/wp\/v2\/categories?post=119704"},{"taxonomy":"post_tag","embeddable":true,"href":"https:\/\/www.sonoraenequipo.com.mx\/api\/wp\/v2\/tags?post=119704"}],"curies":[{"name":"wp","href":"https:\/\/api.w.org\/{rel}","templated":true}]}}