{"id":119705,"date":"2021-08-03T08:20:13","date_gmt":"2021-08-03T15:20:13","guid":{"rendered":"https:\/\/www.sonoraenequipo.com.mx\/?p=119705"},"modified":"2021-08-03T15:16:09","modified_gmt":"2021-08-03T22:16:09","slug":"gobierno-federal-valora-vacunar-contra-covid-19-a-menores-de-18-anos-con-enfermedades-o-padecimientos","status":"publish","type":"post","link":"https:\/\/www.sonoraenequipo.com.mx\/gobierno-federal-valora-vacunar-contra-covid-19-a-menores-de-18-anos-con-enfermedades-o-padecimientos\/","title":{"rendered":"Gobierno federal valora vacunar contra COVID-19 a menores de 18 a\u00f1os con enfermedades o padecimientos"},"content":{"rendered":"<p>CIUDAD DE M\u00c9XICO. MX. \u2014 El presidente Andr\u00e9s Manuel L\u00f3pez Obrador inform\u00f3 que el gobierno federal analiza la posibilidad de vacunar contra COVID-19 a ni\u00f1as, ni\u00f1os y j\u00f3venes menores de 18 a\u00f1os con condiciones de salud particulares que ameritan una protecci\u00f3n especial.<\/p>\n<p>&nbsp;<\/p>\n<p> <\/p>\n<p>En conferencia de prensa matutina dijo que esto podr\u00eda llegar a ocurrir si los organismos internacionales de salud as\u00ed lo avalan con base en evidencia cient\u00edfica.<\/p>\n<p><em>\u201cEs notorio, es demostrable que la vacuna salva vidas. Tenemos ahora una nueva ola de contagios pero afortunadamente no hay fallecimientos en la misma proporci\u00f3n de los contagios o de las hospitalizaciones. Es menos el n\u00famero de las personas que lamentablemente pierden la vida por la vacuna. Hay que vacunarnos todos\u201d<\/em>, remarc\u00f3.<\/p>\n<p>&nbsp;<\/p>\n<p>&nbsp;<\/p>\n<p>El jefe del Ejecutivo destac\u00f3 que, como parte del Plan Nacional de Vacunaci\u00f3n, cada d\u00eda se est\u00e1 protegiendo a m\u00e1s personas en todo el pa\u00eds, de manera que para octubre todas las personas de m\u00e1s de 18 a\u00f1os de edad contar\u00e1n con la primera dosis.<\/p>\n<p>&nbsp;<\/p>\n<p>Hasta este d\u00eda, en M\u00e9xico suman 68 millones 89 mil 659 dosis aplicadas a 48 millones 95 mil 458 personas, que representan el 53 por ciento de la poblaci\u00f3n adulta.<\/p>\n<p>&nbsp;<\/p>\n<p>El subsecretario de Prevenci\u00f3n y Promoci\u00f3n de la Salud, Hugo L\u00f3pez-Gatell Ram\u00edrez, reafirm\u00f3 que la vacunaci\u00f3n \u201c<em>reduce el impacto del COVID-19. Reduce la mortalidad y la hospitalizaci\u00f3n\u201d.<\/em><\/p>\n<p>&nbsp;<\/p>\n<p>El mandatario sostuvo que hay dosis garantizadas porque el gobierno mexicano estableci\u00f3 contratos con farmac\u00e9uticas para la adquisici\u00f3n de vacunas suficientes que posibiliten la vacunaci\u00f3n universal y gratuita.<\/p>\n<p>&nbsp;<\/p>\n<p>Al respecto, el secretario de Relaciones Exteriores, Marcelo Ebrard Casaubon, explic\u00f3 que para el final de este mes se espera rebasar 100 millones de dosis recibidas. Adem\u00e1s, se han envasado en el pa\u00eds m\u00e1s de 11 millones de dosis.<\/p>\n<p>&nbsp;<\/p>\n<p>Operativo especial de vacunaci\u00f3n en la frontera norte registra avance del 85.7 por ciento<\/p>\n<p>&nbsp;<\/p>\n<p>La secretaria de Seguridad y Protecci\u00f3n Ciudadana, Rosa Icela Rodr\u00edguez Vel\u00e1zquez, present\u00f3 el reporte sobre los avances de la vacunaci\u00f3n en 45 municipios de seis estados de la frontera norte del pa\u00eds.<\/p>\n<p>&nbsp;<\/p>\n<p><em>\u201cEn cumplimiento a la instrucci\u00f3n del presidente L\u00f3pez Obrador se coordinaron acciones interinstitucionales (\u2026) logrando una vacunaci\u00f3n de 85.7 por ciento de la poblaci\u00f3n objetivo (personas de 18 a 39 a\u00f1os) en tan solo mes y medio\u201d,<\/em> apunt\u00f3.<\/p>\n<p>&nbsp;<\/p>\n<p>La cifra de personas vacunadas asciende a 2 millones 602 mil 635 personas, lo que equivale a un promedio de m\u00e1s de 57 mil personas vacunadas diariamente en un total de 133 centros de vacunaci\u00f3n.<\/p>\n<p>&nbsp;<\/p>\n<p>La titular de la SSPC detall\u00f3 que en Baja California se vacun\u00f3 al 91 por ciento de la poblaci\u00f3n objetivo, en Sonora al 75 por ciento, en Chihuahua al 81 por ciento, en Coahuila al 88 por ciento, en Nuevo Le\u00f3n al 93 por ciento y en Tamaulipas al 82 por ciento.<\/p>\n<p>&nbsp;<\/p>\n<p>Resalt\u00f3 que el d\u00eda m\u00e1s exitoso del operativo especial de vacunaci\u00f3n fue el 22 de junio con la aplicaci\u00f3n de 230 mil 634 dosis en Baja California.<\/p>\n<p>&nbsp;<\/p>\n<p>Anunci\u00f3 que a partir del domingo 15 de agosto comenzar\u00e1 la aplicaci\u00f3n de la segunda dosis de Pfizer en Sonora; el mi\u00e9rcoles 25 de agosto en Chihuahua; el jueves 9 de septiembre en Coahuila; el martes 7 de septiembre en Nuevo Le\u00f3n y el martes 14 de septiembre en Tamaulipas.<\/p>\n<p>&nbsp;<\/p>\n<p>Acompa\u00f1aron al presidente, los secretarios de Salud, Jorge Alcocer Varela y de la Defensa Nacional, Luis Cresencio Sandoval.<\/p>\n<p>&nbsp;<\/p>\n<p>(Publicada el 03\/08\/2021)<\/p>\n","protected":false},"excerpt":{"rendered":"<p>CIUDAD DE M\u00c9XICO. MX. \u2014 El presidente Andr\u00e9s Manuel L\u00f3pez Obrador inform\u00f3 que el gobierno&#8230;<\/p>\n","protected":false},"author":1,"featured_media":119706,"comment_status":"open","ping_status":"open","sticky":false,"template":"","format":"standard","meta":{"_monsterinsights_skip_tracking":false,"_monsterinsights_sitenote_active":false,"_monsterinsights_sitenote_note":"","_monsterinsights_sitenote_category":0,"footnotes":""},"categories":[5],"tags":[],"class_list":["post"],"yoast_head":" \n<title>Sonora en Equipo. Gobierno federal valora vacunar contra COVID-19 a menores de 18 a\u00f1os con enfermedades o padecimientos Rep\u00fablica<\/title>\n<meta name=\"description\" content=\"CIUDAD DE M\u00c9XICO. MX. \u2014 El presidente Andr\u00e9s Manuel L\u00f3pez Obrador inform\u00f3 que el gobierno federal analiza la posibilidad de vacunar contra COVID-19 a En Sonora en Equipo publicamos toda la informaci\u00f3n de Sonora, M\u00e9xico y el Mundo de manera oportuna y busca que la libertad de expresi\u00f3n sea real. Visita nuestro medio informativo publicado desde Hermosillo, Sonora. %\" \/>\n<meta name=\"robots\" content=\"index, follow, max-snippet:-1, max-image-preview:large, max-video-preview:-1\" \/>\n<link rel=\"canonical\" href=\"https:\/\/www.sonoraenequipo.com.mx\/gobierno-federal-valora-vacunar-contra-covid-19-a-menores-de-18-anos-con-enfermedades-o-padecimientos\/\" \/>\n<meta property=\"og:locale\" content=\"es_ES\" \/>\n<meta property=\"og:type\" content=\"article\" \/>\n<meta property=\"og:title\" content=\"Sonora en Equipo. Gobierno federal valora vacunar contra COVID-19 a menores de 18 a\u00f1os con enfermedades o padecimientos Rep\u00fablica\" \/>\n<meta property=\"og:description\" content=\"CIUDAD DE M\u00c9XICO. MX. \u2014 El presidente Andr\u00e9s Manuel L\u00f3pez Obrador inform\u00f3 que el gobierno federal analiza la posibilidad de vacunar contra COVID-19 a En Sonora en Equipo publicamos toda la informaci\u00f3n de Sonora, M\u00e9xico y el Mundo de manera oportuna y busca que la libertad de expresi\u00f3n sea real. Visita nuestro medio informativo publicado desde Hermosillo, Sonora. %\" \/>\n<meta property=\"og:url\" content=\"https:\/\/www.sonoraenequipo.com.mx\/gobierno-federal-valora-vacunar-contra-covid-19-a-menores-de-18-anos-con-enfermedades-o-padecimientos\/\" \/>\n<meta property=\"og:site_name\" content=\"Sonora en Equipo.\" \/>\n<meta property=\"article:publisher\" content=\"https:\/\/www.facebook.com\/SonoraEE\/\" \/>\n<meta property=\"article:author\" content=\"https:\/\/www.facebook.com\/SonoraEE\" \/>\n<meta property=\"article:published_time\" content=\"2021-08-03T15:20:13+00:00\" \/>\n<meta property=\"article:modified_time\" content=\"2021-08-03T22:16:09+00:00\" \/>\n<meta property=\"og:image\" content=\"https:\/\/www.sonoraenequipo.com.mx\/storage\/2021\/08\/conferencia-de-Lopez-Obrador_opt.jpg\" \/>\n\t<meta property=\"og:image:width\" content=\"700\" \/>\n\t<meta property=\"og:image:height\" content=\"467\" \/>\n\t<meta property=\"og:image:type\" content=\"image\/jpeg\" \/>\n<meta name=\"author\" content=\"enequipo\" \/>\n<meta name=\"twitter:card\" content=\"summary_large_image\" \/>\n<meta name=\"twitter:creator\" content=\"@sonoraenequipo\" \/>\n<meta name=\"twitter:site\" content=\"@sonoraenequipo\" \/>\n<meta name=\"twitter:label1\" content=\"Escrito por\" \/>\n\t<meta name=\"twitter:data1\" content=\"enequipo\" \/>\n\t<meta name=\"twitter:label2\" content=\"Tiempo de lectura\" \/>\n\t<meta name=\"twitter:data2\" content=\"3 minutos\" \/>\n<script type=\"application\/ld+json\" class=\"yoast-schema-graph\">{\"@context\":\"https:\/\/schema.org\",\"@graph\":[{\"@type\":\"Article\",\"@id\":\"https:\/\/www.sonoraenequipo.com.mx\/gobierno-federal-valora-vacunar-contra-covid-19-a-menores-de-18-anos-con-enfermedades-o-padecimientos\/#article\",\"isPartOf\":{\"@id\":\"https:\/\/www.sonoraenequipo.com.mx\/gobierno-federal-valora-vacunar-contra-covid-19-a-menores-de-18-anos-con-enfermedades-o-padecimientos\/\"},\"author\":{\"name\":\"enequipo\",\"@id\":\"https:\/\/www.sonoraenequipo.com.mx\/#\/schema\/person\/50102df0fb23a8fa9e8effad8fa81386\"},\"headline\":\"Gobierno federal valora vacunar contra COVID-19 a menores de 18 a\u00f1os con enfermedades o padecimientos\",\"datePublished\":\"2021-08-03T15:20:13+00:00\",\"dateModified\":\"2021-08-03T22:16:09+00:00\",\"mainEntityOfPage\":{\"@id\":\"https:\/\/www.sonoraenequipo.com.mx\/gobierno-federal-valora-vacunar-contra-covid-19-a-menores-de-18-anos-con-enfermedades-o-padecimientos\/\"},\"wordCount\":608,\"commentCount\":0,\"publisher\":{\"@id\":\"https:\/\/www.sonoraenequipo.com.mx\/#organization\"},\"image\":{\"@id\":\"https:\/\/www.sonoraenequipo.com.mx\/gobierno-federal-valora-vacunar-contra-covid-19-a-menores-de-18-anos-con-enfermedades-o-padecimientos\/#primaryimage\"},\"thumbnailUrl\":\"https:\/\/www.sonoraenequipo.com.mx\/storage\/2021\/08\/conferencia-de-Lopez-Obrador_opt.jpg\",\"articleSection\":[\"Rep\u00fablica\"],\"inLanguage\":\"es\",\"potentialAction\":[{\"@type\":\"CommentAction\",\"name\":\"Comment\",\"target\":[\"https:\/\/www.sonoraenequipo.com.mx\/gobierno-federal-valora-vacunar-contra-covid-19-a-menores-de-18-anos-con-enfermedades-o-padecimientos\/#respond\"]}]},{\"@type\":\"WebPage\",\"@id\":\"https:\/\/www.sonoraenequipo.com.mx\/gobierno-federal-valora-vacunar-contra-covid-19-a-menores-de-18-anos-con-enfermedades-o-padecimientos\/\",\"url\":\"https:\/\/www.sonoraenequipo.com.mx\/gobierno-federal-valora-vacunar-contra-covid-19-a-menores-de-18-anos-con-enfermedades-o-padecimientos\/\",\"name\":\"Sonora en Equipo. Gobierno federal valora vacunar contra COVID-19 a menores de 18 a\u00f1os con enfermedades o padecimientos Rep\u00fablica\",\"isPartOf\":{\"@id\":\"https:\/\/www.sonoraenequipo.com.mx\/#website\"},\"primaryImageOfPage\":{\"@id\":\"https:\/\/www.sonoraenequipo.com.mx\/gobierno-federal-valora-vacunar-contra-covid-19-a-menores-de-18-anos-con-enfermedades-o-padecimientos\/#primaryimage\"},\"image\":{\"@id\":\"https:\/\/www.sonoraenequipo.com.mx\/gobierno-federal-valora-vacunar-contra-covid-19-a-menores-de-18-anos-con-enfermedades-o-padecimientos\/#primaryimage\"},\"thumbnailUrl\":\"https:\/\/www.sonoraenequipo.com.mx\/storage\/2021\/08\/conferencia-de-Lopez-Obrador_opt.jpg\",\"datePublished\":\"2021-08-03T15:20:13+00:00\",\"dateModified\":\"2021-08-03T22:16:09+00:00\",\"description\":\"CIUDAD DE M\u00c9XICO. MX. \u2014 El presidente Andr\u00e9s Manuel L\u00f3pez Obrador inform\u00f3 que el gobierno federal analiza la posibilidad de vacunar contra COVID-19 a En Sonora en Equipo publicamos toda la informaci\u00f3n de Sonora, M\u00e9xico y el Mundo de manera oportuna y busca que la libertad de expresi\u00f3n sea real. Visita nuestro medio informativo publicado desde Hermosillo, Sonora. %\",\"breadcrumb\":{\"@id\":\"https:\/\/www.sonoraenequipo.com.mx\/gobierno-federal-valora-vacunar-contra-covid-19-a-menores-de-18-anos-con-enfermedades-o-padecimientos\/#breadcrumb\"},\"inLanguage\":\"es\",\"potentialAction\":[{\"@type\":\"ReadAction\",\"target\":[\"https:\/\/www.sonoraenequipo.com.mx\/gobierno-federal-valora-vacunar-contra-covid-19-a-menores-de-18-anos-con-enfermedades-o-padecimientos\/\"]}]},{\"@type\":\"ImageObject\",\"inLanguage\":\"es\",\"@id\":\"https:\/\/www.sonoraenequipo.com.mx\/gobierno-federal-valora-vacunar-contra-covid-19-a-menores-de-18-anos-con-enfermedades-o-padecimientos\/#primaryimage\",\"url\":\"https:\/\/www.sonoraenequipo.com.mx\/storage\/2021\/08\/conferencia-de-Lopez-Obrador_opt.jpg\",\"contentUrl\":\"https:\/\/www.sonoraenequipo.com.mx\/storage\/2021\/08\/conferencia-de-Lopez-Obrador_opt.jpg\",\"width\":700,\"height\":467},{\"@type\":\"BreadcrumbList\",\"@id\":\"https:\/\/www.sonoraenequipo.com.mx\/gobierno-federal-valora-vacunar-contra-covid-19-a-menores-de-18-anos-con-enfermedades-o-padecimientos\/#breadcrumb\",\"itemListElement\":[{\"@type\":\"ListItem\",\"position\":1,\"name\":\"Portada\",\"item\":\"https:\/\/www.sonoraenequipo.com.mx\/\"},{\"@type\":\"ListItem\",\"position\":2,\"name\":\"Gobierno federal valora vacunar contra COVID-19 a menores de 18 a\u00f1os con enfermedades o padecimientos\"}]},{\"@type\":\"WebSite\",\"@id\":\"https:\/\/www.sonoraenequipo.com.mx\/#website\",\"url\":\"https:\/\/www.sonoraenequipo.com.mx\/\",\"name\":\"Sonora en Equipo.\",\"description\":\"Diario en l\u00ednea con Noticias desde Hermosillo, Sonora\",\"publisher\":{\"@id\":\"https:\/\/www.sonoraenequipo.com.mx\/#organization\"},\"potentialAction\":[{\"@type\":\"SearchAction\",\"target\":{\"@type\":\"EntryPoint\",\"urlTemplate\":\"https:\/\/www.sonoraenequipo.com.mx\/?s={search_term_string}\"},\"query-input\":{\"@type\":\"PropertyValueSpecification\",\"valueRequired\":true,\"valueName\":\"search_term_string\"}}],\"inLanguage\":\"es\"},{\"@type\":\"Organization\",\"@id\":\"https:\/\/www.sonoraenequipo.com.mx\/#organization\",\"name\":\"Sonoraenequipo.com.mx\",\"url\":\"https:\/\/www.sonoraenequipo.com.mx\/\",\"logo\":{\"@type\":\"ImageObject\",\"inLanguage\":\"es\",\"@id\":\"https:\/\/www.sonoraenequipo.com.mx\/#\/schema\/logo\/image\/\",\"url\":\"https:\/\/www.sonoraenequipo.com.mx\/storage\/2019\/01\/sonoraenequipo_opt.png\",\"contentUrl\":\"https:\/\/www.sonoraenequipo.com.mx\/storage\/2019\/01\/sonoraenequipo_opt.png\",\"width\":375,\"height\":125,\"caption\":\"Sonoraenequipo.com.mx\"},\"image\":{\"@id\":\"https:\/\/www.sonoraenequipo.com.mx\/#\/schema\/logo\/image\/\"},\"sameAs\":[\"https:\/\/www.facebook.com\/SonoraEE\/\",\"https:\/\/x.com\/sonoraenequipo\",\"https:\/\/www.youtube.com\/channel\/UC338nW-lPEYmJQs4ZABQ1SQ\"]},{\"@type\":\"Person\",\"@id\":\"https:\/\/www.sonoraenequipo.com.mx\/#\/schema\/person\/50102df0fb23a8fa9e8effad8fa81386\",\"name\":\"enequipo\",\"image\":{\"@type\":\"ImageObject\",\"inLanguage\":\"es\",\"@id\":\"https:\/\/www.sonoraenequipo.com.mx\/#\/schema\/person\/image\/\",\"url\":\"https:\/\/secure.gravatar.com\/avatar\/049821681b589dabc0bc20695993ccebb09f5b5d4d790cd9251b97faac7c652b?s=96&d=blank&r=g\",\"contentUrl\":\"https:\/\/secure.gravatar.com\/avatar\/049821681b589dabc0bc20695993ccebb09f5b5d4d790cd9251b97faac7c652b?s=96&d=blank&r=g\",\"caption\":\"enequipo\"},\"sameAs\":[\"https:\/\/www.facebook.com\/SonoraEE\"]}]}<\/script>\n ","yoast_head_json":{"title":"Sonora en Equipo. Gobierno federal valora vacunar contra COVID-19 a menores de 18 a\u00f1os con enfermedades o padecimientos Rep\u00fablica","description":"CIUDAD DE M\u00c9XICO. MX. \u2014 El presidente Andr\u00e9s Manuel L\u00f3pez Obrador inform\u00f3 que el gobierno federal analiza la posibilidad de vacunar contra COVID-19 a En Sonora en Equipo publicamos toda la informaci\u00f3n de Sonora, M\u00e9xico y el Mundo de manera oportuna y busca que la libertad de expresi\u00f3n sea real. Visita nuestro medio informativo publicado desde Hermosillo, Sonora. %","robots":{"index":"index","follow":"follow","max-snippet":"max-snippet:-1","max-image-preview":"max-image-preview:large","max-video-preview":"max-video-preview:-1"},"canonical":"https:\/\/www.sonoraenequipo.com.mx\/gobierno-federal-valora-vacunar-contra-covid-19-a-menores-de-18-anos-con-enfermedades-o-padecimientos\/","og_locale":"es_ES","og_type":"article","og_title":"Sonora en Equipo. Gobierno federal valora vacunar contra COVID-19 a menores de 18 a\u00f1os con enfermedades o padecimientos Rep\u00fablica","og_description":"CIUDAD DE M\u00c9XICO. MX. \u2014 El presidente Andr\u00e9s Manuel L\u00f3pez Obrador inform\u00f3 que el gobierno federal analiza la posibilidad de vacunar contra COVID-19 a En Sonora en Equipo publicamos toda la informaci\u00f3n de Sonora, M\u00e9xico y el Mundo de manera oportuna y busca que la libertad de expresi\u00f3n sea real. Visita nuestro medio informativo publicado desde Hermosillo, Sonora. %","og_url":"https:\/\/www.sonoraenequipo.com.mx\/gobierno-federal-valora-vacunar-contra-covid-19-a-menores-de-18-anos-con-enfermedades-o-padecimientos\/","og_site_name":"Sonora en Equipo.","article_publisher":"https:\/\/www.facebook.com\/SonoraEE\/","article_author":"https:\/\/www.facebook.com\/SonoraEE","article_published_time":"2021-08-03T15:20:13+00:00","article_modified_time":"2021-08-03T22:16:09+00:00","og_image":[{"width":700,"height":467,"url":"https:\/\/www.sonoraenequipo.com.mx\/storage\/2021\/08\/conferencia-de-Lopez-Obrador_opt.jpg","type":"image\/jpeg"}],"author":"enequipo","twitter_card":"summary_large_image","twitter_creator":"@sonoraenequipo","twitter_site":"@sonoraenequipo","twitter_misc":{"Escrito por":"enequipo","Tiempo de lectura":"3 minutos"},"schema":{"@context":"https:\/\/schema.org","@graph":[{"@type":"Article","@id":"https:\/\/www.sonoraenequipo.com.mx\/gobierno-federal-valora-vacunar-contra-covid-19-a-menores-de-18-anos-con-enfermedades-o-padecimientos\/#article","isPartOf":{"@id":"https:\/\/www.sonoraenequipo.com.mx\/gobierno-federal-valora-vacunar-contra-covid-19-a-menores-de-18-anos-con-enfermedades-o-padecimientos\/"},"author":{"name":"enequipo","@id":"https:\/\/www.sonoraenequipo.com.mx\/#\/schema\/person\/50102df0fb23a8fa9e8effad8fa81386"},"headline":"Gobierno federal valora vacunar contra COVID-19 a menores de 18 a\u00f1os con enfermedades o padecimientos","datePublished":"2021-08-03T15:20:13+00:00","dateModified":"2021-08-03T22:16:09+00:00","mainEntityOfPage":{"@id":"https:\/\/www.sonoraenequipo.com.mx\/gobierno-federal-valora-vacunar-contra-covid-19-a-menores-de-18-anos-con-enfermedades-o-padecimientos\/"},"wordCount":608,"commentCount":0,"publisher":{"@id":"https:\/\/www.sonoraenequipo.com.mx\/#organization"},"image":{"@id":"https:\/\/www.sonoraenequipo.com.mx\/gobierno-federal-valora-vacunar-contra-covid-19-a-menores-de-18-anos-con-enfermedades-o-padecimientos\/#primaryimage"},"thumbnailUrl":"https:\/\/www.sonoraenequipo.com.mx\/storage\/2021\/08\/conferencia-de-Lopez-Obrador_opt.jpg","articleSection":["Rep\u00fablica"],"inLanguage":"es","potentialAction":[{"@type":"CommentAction","name":"Comment","target":["https:\/\/www.sonoraenequipo.com.mx\/gobierno-federal-valora-vacunar-contra-covid-19-a-menores-de-18-anos-con-enfermedades-o-padecimientos\/#respond"]}]},{"@type":"WebPage","@id":"https:\/\/www.sonoraenequipo.com.mx\/gobierno-federal-valora-vacunar-contra-covid-19-a-menores-de-18-anos-con-enfermedades-o-padecimientos\/","url":"https:\/\/www.sonoraenequipo.com.mx\/gobierno-federal-valora-vacunar-contra-covid-19-a-menores-de-18-anos-con-enfermedades-o-padecimientos\/","name":"Sonora en Equipo. Gobierno federal valora vacunar contra COVID-19 a menores de 18 a\u00f1os con enfermedades o padecimientos Rep\u00fablica","isPartOf":{"@id":"https:\/\/www.sonoraenequipo.com.mx\/#website"},"primaryImageOfPage":{"@id":"https:\/\/www.sonoraenequipo.com.mx\/gobierno-federal-valora-vacunar-contra-covid-19-a-menores-de-18-anos-con-enfermedades-o-padecimientos\/#primaryimage"},"image":{"@id":"https:\/\/www.sonoraenequipo.com.mx\/gobierno-federal-valora-vacunar-contra-covid-19-a-menores-de-18-anos-con-enfermedades-o-padecimientos\/#primaryimage"},"thumbnailUrl":"https:\/\/www.sonoraenequipo.com.mx\/storage\/2021\/08\/conferencia-de-Lopez-Obrador_opt.jpg","datePublished":"2021-08-03T15:20:13+00:00","dateModified":"2021-08-03T22:16:09+00:00","description":"CIUDAD DE M\u00c9XICO. MX. \u2014 El presidente Andr\u00e9s Manuel L\u00f3pez Obrador inform\u00f3 que el gobierno federal analiza la posibilidad de vacunar contra COVID-19 a En Sonora en Equipo publicamos toda la informaci\u00f3n de Sonora, M\u00e9xico y el Mundo de manera oportuna y busca que la libertad de expresi\u00f3n sea real. Visita nuestro medio informativo publicado desde Hermosillo, Sonora. %","breadcrumb":{"@id":"https:\/\/www.sonoraenequipo.com.mx\/gobierno-federal-valora-vacunar-contra-covid-19-a-menores-de-18-anos-con-enfermedades-o-padecimientos\/#breadcrumb"},"inLanguage":"es","potentialAction":[{"@type":"ReadAction","target":["https:\/\/www.sonoraenequipo.com.mx\/gobierno-federal-valora-vacunar-contra-covid-19-a-menores-de-18-anos-con-enfermedades-o-padecimientos\/"]}]},{"@type":"ImageObject","inLanguage":"es","@id":"https:\/\/www.sonoraenequipo.com.mx\/gobierno-federal-valora-vacunar-contra-covid-19-a-menores-de-18-anos-con-enfermedades-o-padecimientos\/#primaryimage","url":"https:\/\/www.sonoraenequipo.com.mx\/storage\/2021\/08\/conferencia-de-Lopez-Obrador_opt.jpg","contentUrl":"https:\/\/www.sonoraenequipo.com.mx\/storage\/2021\/08\/conferencia-de-Lopez-Obrador_opt.jpg","width":700,"height":467},{"@type":"BreadcrumbList","@id":"https:\/\/www.sonoraenequipo.com.mx\/gobierno-federal-valora-vacunar-contra-covid-19-a-menores-de-18-anos-con-enfermedades-o-padecimientos\/#breadcrumb","itemListElement":[{"@type":"ListItem","position":1,"name":"Portada","item":"https:\/\/www.sonoraenequipo.com.mx\/"},{"@type":"ListItem","position":2,"name":"Gobierno federal valora vacunar contra COVID-19 a menores de 18 a\u00f1os con enfermedades o padecimientos"}]},{"@type":"WebSite","@id":"https:\/\/www.sonoraenequipo.com.mx\/#website","url":"https:\/\/www.sonoraenequipo.com.mx\/","name":"Sonora en Equipo.","description":"Diario en l\u00ednea con Noticias desde Hermosillo, Sonora","publisher":{"@id":"https:\/\/www.sonoraenequipo.com.mx\/#organization"},"potentialAction":[{"@type":"SearchAction","target":{"@type":"EntryPoint","urlTemplate":"https:\/\/www.sonoraenequipo.com.mx\/?s={search_term_string}"},"query-input":{"@type":"PropertyValueSpecification","valueRequired":true,"valueName":"search_term_string"}}],"inLanguage":"es"},{"@type":"Organization","@id":"https:\/\/www.sonoraenequipo.com.mx\/#organization","name":"Sonoraenequipo.com.mx","url":"https:\/\/www.sonoraenequipo.com.mx\/","logo":{"@type":"ImageObject","inLanguage":"es","@id":"https:\/\/www.sonoraenequipo.com.mx\/#\/schema\/logo\/image\/","url":"https:\/\/www.sonoraenequipo.com.mx\/storage\/2019\/01\/sonoraenequipo_opt.png","contentUrl":"https:\/\/www.sonoraenequipo.com.mx\/storage\/2019\/01\/sonoraenequipo_opt.png","width":375,"height":125,"caption":"Sonoraenequipo.com.mx"},"image":{"@id":"https:\/\/www.sonoraenequipo.com.mx\/#\/schema\/logo\/image\/"},"sameAs":["https:\/\/www.facebook.com\/SonoraEE\/","https:\/\/x.com\/sonoraenequipo","https:\/\/www.youtube.com\/channel\/UC338nW-lPEYmJQs4ZABQ1SQ"]},{"@type":"Person","@id":"https:\/\/www.sonoraenequipo.com.mx\/#\/schema\/person\/50102df0fb23a8fa9e8effad8fa81386","name":"enequipo","image":{"@type":"ImageObject","inLanguage":"es","@id":"https:\/\/www.sonoraenequipo.com.mx\/#\/schema\/person\/image\/","url":"https:\/\/secure.gravatar.com\/avatar\/049821681b589dabc0bc20695993ccebb09f5b5d4d790cd9251b97faac7c652b?s=96&d=blank&r=g","contentUrl":"https:\/\/secure.gravatar.com\/avatar\/049821681b589dabc0bc20695993ccebb09f5b5d4d790cd9251b97faac7c652b?s=96&d=blank&r=g","caption":"enequipo"},"sameAs":["https:\/\/www.facebook.com\/SonoraEE"]}]}},"jetpack_featured_media_url":"https:\/\/www.sonoraenequipo.com.mx\/storage\/2021\/08\/conferencia-de-Lopez-Obrador_opt.jpg","_links":{"self":[{"href":"https:\/\/www.sonoraenequipo.com.mx\/api\/wp\/v2\/posts\/119705","targetHints":{"allow":["GET"]}}],"collection":[{"href":"https:\/\/www.sonoraenequipo.com.mx\/api\/wp\/v2\/posts"}],"about":[{"href":"https:\/\/www.sonoraenequipo.com.mx\/api\/wp\/v2\/types\/post"}],"author":[{"embeddable":true,"href":"https:\/\/www.sonoraenequipo.com.mx\/api\/wp\/v2\/users\/1"}],"replies":[{"embeddable":true,"href":"https:\/\/www.sonoraenequipo.com.mx\/api\/wp\/v2\/comments?post=119705"}],"version-history":[{"count":1,"href":"https:\/\/www.sonoraenequipo.com.mx\/api\/wp\/v2\/posts\/119705\/revisions"}],"predecessor-version":[{"id":119707,"href":"https:\/\/www.sonoraenequipo.com.mx\/api\/wp\/v2\/posts\/119705\/revisions\/119707"}],"wp:featuredmedia":[{"embeddable":true,"href":"https:\/\/www.sonoraenequipo.com.mx\/api\/wp\/v2\/media\/119706"}],"wp:attachment":[{"href":"https:\/\/www.sonoraenequipo.com.mx\/api\/wp\/v2\/media?parent=119705"}],"wp:term":[{"taxonomy":"category","embeddable":true,"href":"https:\/\/www.sonoraenequipo.com.mx\/api\/wp\/v2\/categories?post=119705"},{"taxonomy":"post_tag","embeddable":true,"href":"https:\/\/www.sonoraenequipo.com.mx\/api\/wp\/v2\/tags?post=119705"}],"curies":[{"name":"wp","href":"https:\/\/api.w.org\/{rel}","templated":true}]}}