{"id":119708,"date":"2021-08-03T12:27:09","date_gmt":"2021-08-03T19:27:09","guid":{"rendered":"https:\/\/www.sonoraenequipo.com.mx\/?p=119708"},"modified":"2021-08-03T16:05:59","modified_gmt":"2021-08-03T23:05:59","slug":"alerta-en-el-pentagono-por-un-tiroteo-cercano","status":"publish","type":"post","link":"https:\/\/www.sonoraenequipo.com.mx\/alerta-en-el-pentagono-por-un-tiroteo-cercano\/","title":{"rendered":"Alerta en el Pent\u00e1gono por un tiroteo cercano"},"content":{"rendered":"<p>WASHINGTON, ESTADOS UNIDOS. \u2014 El Pent\u00e1gono fue puesto en alerta m\u00e1xima el martes (03.08.2021) por la ma\u00f1ana durante una hora y media debido a un tiroteo ocurrido frente a una de sus entradas, donde hay una parada de autobuses y de metro, seg\u00fan los servicios de seguridad del Departamento de Defensa de Estados Unidos.<\/p>\n<p>&nbsp;<\/p>\n<p> <\/p>\n<p>&nbsp;<\/p>\n<p>Los empleados fueron llamados por un altavoz a permanecer dentro del edificio sobre las 10:40 (14:40 CET) despu\u00e9s de que se escucharon varios disparos en la estaci\u00f3n de metro y autobuses situada a pocos metros del complejo militar ubicado en Arlington, en las afueras de Washington. El suceso se produjo en un punto donde se encuentra uno de los accesos principales al recinto, utilizado a diario por miles de sus empleados del Pent\u00e1gono, y en donde se detienen autobuses de varias l\u00edneas en la zona. La instituci\u00f3n no inform\u00f3 de heridos o fallecidos en el lugar.<\/p>\n<p>&nbsp;<\/p>\n<p><em>\u00abEl Pent\u00e1gono est\u00e1 actualmente bloqueado debido a un incidente en el Centro de Tr\u00e1nsito del Pent\u00e1gono. Le pedimos al p\u00fablico que por favor evite el \u00e1rea\u00bb, dijo la fuerza de seguridad del Pent\u00e1gono en un comunicado publicado en su cuenta en Twitter. Alrededor de 40 minutos despu\u00e9s, la fuerza dijo que el lugar del incidente era seguro, sin proporcionar ning\u00fan detalle de lo sucedido. \u00abTodav\u00eda es una escena de crimen activa. Solicitamos que todos se mantengan alejados de la entrada de trenes del Metro y el \u00e1rea de la plataforma de autobuses. El transporte al Pent\u00e1gono se desv\u00eda a Pentagon City\u00bb<\/em>, se\u00f1alaron.<\/p>\n<p>&nbsp;<\/p>\n<p>Los servicios de emergencia del condado de Arlington dijeron que hab\u00ed<em>a \u00abvarios pacientes\u00bb<\/em> en la escena del incidente, aunque no precisaron el car\u00e1cter de las lesiones. Las televisoras locales mostraron ambulancias y veh\u00edculos policiales en las inmediaciones. El estado de alerta se levant\u00f3 alrededor de las 12:10 (18:10 CET), pero las salidas m\u00e1s cercanas a la estaci\u00f3n de metro y autob\u00fas del Pent\u00e1gono permanec\u00edan cerradas hasta nuevo aviso. Las circunstancias de lo ocurrido siguen sin estar claras.<\/p>\n<p>&nbsp;<\/p>\n<p>El secretario de Defensa, Lloyd Austin<em> \u00abno se encontraba en el edificio en el momento del incidente\u00bb<\/em>, dijo el portavoz John Kirby, y agreg\u00f3 que el jefe del Pent\u00e1gono ha estado informado \u00abregularmente\u00bb de c\u00f3mo evolucionaba todo. Austin y el jefe de gabinete, el general Mark Milley, estaban en la Casa Blanca para una reuni\u00f3n semanal con el presidente Joe Biden.<\/p>\n<p>&nbsp;<\/p>\n<p>&nbsp;<\/p>\n<p>(Publicada el 03\/08\/2021)<\/p>\n","protected":false},"excerpt":{"rendered":"<p>WASHINGTON, ESTADOS UNIDOS. \u2014 El Pent\u00e1gono fue puesto en alerta m\u00e1xima el martes (03.08.2021) por&#8230;<\/p>\n","protected":false},"author":1,"featured_media":119713,"comment_status":"open","ping_status":"open","sticky":false,"template":"","format":"standard","meta":{"_monsterinsights_skip_tracking":false,"_monsterinsights_sitenote_active":false,"_monsterinsights_sitenote_note":"","_monsterinsights_sitenote_category":0,"footnotes":""},"categories":[3],"tags":[],"class_list":["post"],"yoast_head":" \n<title>Sonora en Equipo. Alerta en el Pent\u00e1gono por un tiroteo cercano MUNDO<\/title>\n<meta name=\"description\" content=\"WASHINGTON, ESTADOS UNIDOS. \u2014 El Pent\u00e1gono fue puesto en alerta m\u00e1xima el martes (03.08.2021) por la ma\u00f1ana durante una hora y media debido a un tiroteo En Sonora en Equipo publicamos toda la informaci\u00f3n de Sonora, M\u00e9xico y el Mundo de manera oportuna y busca que la libertad de expresi\u00f3n sea real. Visita nuestro medio informativo publicado desde Hermosillo, Sonora. %\" \/>\n<meta name=\"robots\" content=\"index, follow, max-snippet:-1, max-image-preview:large, max-video-preview:-1\" \/>\n<link rel=\"canonical\" href=\"https:\/\/www.sonoraenequipo.com.mx\/alerta-en-el-pentagono-por-un-tiroteo-cercano\/\" \/>\n<meta property=\"og:locale\" content=\"es_ES\" \/>\n<meta property=\"og:type\" content=\"article\" \/>\n<meta property=\"og:title\" content=\"Sonora en Equipo. Alerta en el Pent\u00e1gono por un tiroteo cercano MUNDO\" \/>\n<meta property=\"og:description\" content=\"WASHINGTON, ESTADOS UNIDOS. \u2014 El Pent\u00e1gono fue puesto en alerta m\u00e1xima el martes (03.08.2021) por la ma\u00f1ana durante una hora y media debido a un tiroteo En Sonora en Equipo publicamos toda la informaci\u00f3n de Sonora, M\u00e9xico y el Mundo de manera oportuna y busca que la libertad de expresi\u00f3n sea real. Visita nuestro medio informativo publicado desde Hermosillo, Sonora. %\" \/>\n<meta property=\"og:url\" content=\"https:\/\/www.sonoraenequipo.com.mx\/alerta-en-el-pentagono-por-un-tiroteo-cercano\/\" \/>\n<meta property=\"og:site_name\" content=\"Sonora en Equipo.\" \/>\n<meta property=\"article:publisher\" content=\"https:\/\/www.facebook.com\/SonoraEE\/\" \/>\n<meta property=\"article:author\" content=\"https:\/\/www.facebook.com\/SonoraEE\" \/>\n<meta property=\"article:published_time\" content=\"2021-08-03T19:27:09+00:00\" \/>\n<meta property=\"article:modified_time\" content=\"2021-08-03T23:05:59+00:00\" \/>\n<meta property=\"og:image\" content=\"https:\/\/www.sonoraenequipo.com.mx\/storage\/2021\/08\/Pentagono_opt.jpg\" \/>\n\t<meta property=\"og:image:width\" content=\"700\" \/>\n\t<meta property=\"og:image:height\" content=\"400\" \/>\n\t<meta property=\"og:image:type\" content=\"image\/jpeg\" \/>\n<meta name=\"author\" content=\"enequipo\" \/>\n<meta name=\"twitter:card\" content=\"summary_large_image\" \/>\n<meta name=\"twitter:creator\" content=\"@sonoraenequipo\" \/>\n<meta name=\"twitter:site\" content=\"@sonoraenequipo\" \/>\n<meta name=\"twitter:label1\" content=\"Escrito por\" \/>\n\t<meta name=\"twitter:data1\" content=\"enequipo\" \/>\n\t<meta name=\"twitter:label2\" content=\"Tiempo de lectura\" \/>\n\t<meta name=\"twitter:data2\" content=\"2 minutos\" \/>\n<script type=\"application\/ld+json\" class=\"yoast-schema-graph\">{\"@context\":\"https:\/\/schema.org\",\"@graph\":[{\"@type\":\"Article\",\"@id\":\"https:\/\/www.sonoraenequipo.com.mx\/alerta-en-el-pentagono-por-un-tiroteo-cercano\/#article\",\"isPartOf\":{\"@id\":\"https:\/\/www.sonoraenequipo.com.mx\/alerta-en-el-pentagono-por-un-tiroteo-cercano\/\"},\"author\":{\"name\":\"enequipo\",\"@id\":\"https:\/\/www.sonoraenequipo.com.mx\/#\/schema\/person\/50102df0fb23a8fa9e8effad8fa81386\"},\"headline\":\"Alerta en el Pent\u00e1gono por un tiroteo cercano\",\"datePublished\":\"2021-08-03T19:27:09+00:00\",\"dateModified\":\"2021-08-03T23:05:59+00:00\",\"mainEntityOfPage\":{\"@id\":\"https:\/\/www.sonoraenequipo.com.mx\/alerta-en-el-pentagono-por-un-tiroteo-cercano\/\"},\"wordCount\":432,\"commentCount\":0,\"publisher\":{\"@id\":\"https:\/\/www.sonoraenequipo.com.mx\/#organization\"},\"image\":{\"@id\":\"https:\/\/www.sonoraenequipo.com.mx\/alerta-en-el-pentagono-por-un-tiroteo-cercano\/#primaryimage\"},\"thumbnailUrl\":\"https:\/\/www.sonoraenequipo.com.mx\/storage\/2021\/08\/Pentagono_opt.jpg\",\"articleSection\":[\"MUNDO\"],\"inLanguage\":\"es\",\"potentialAction\":[{\"@type\":\"CommentAction\",\"name\":\"Comment\",\"target\":[\"https:\/\/www.sonoraenequipo.com.mx\/alerta-en-el-pentagono-por-un-tiroteo-cercano\/#respond\"]}]},{\"@type\":\"WebPage\",\"@id\":\"https:\/\/www.sonoraenequipo.com.mx\/alerta-en-el-pentagono-por-un-tiroteo-cercano\/\",\"url\":\"https:\/\/www.sonoraenequipo.com.mx\/alerta-en-el-pentagono-por-un-tiroteo-cercano\/\",\"name\":\"Sonora en Equipo. Alerta en el Pent\u00e1gono por un tiroteo cercano MUNDO\",\"isPartOf\":{\"@id\":\"https:\/\/www.sonoraenequipo.com.mx\/#website\"},\"primaryImageOfPage\":{\"@id\":\"https:\/\/www.sonoraenequipo.com.mx\/alerta-en-el-pentagono-por-un-tiroteo-cercano\/#primaryimage\"},\"image\":{\"@id\":\"https:\/\/www.sonoraenequipo.com.mx\/alerta-en-el-pentagono-por-un-tiroteo-cercano\/#primaryimage\"},\"thumbnailUrl\":\"https:\/\/www.sonoraenequipo.com.mx\/storage\/2021\/08\/Pentagono_opt.jpg\",\"datePublished\":\"2021-08-03T19:27:09+00:00\",\"dateModified\":\"2021-08-03T23:05:59+00:00\",\"description\":\"WASHINGTON, ESTADOS UNIDOS. \u2014 El Pent\u00e1gono fue puesto en alerta m\u00e1xima el martes (03.08.2021) por la ma\u00f1ana durante una hora y media debido a un tiroteo En Sonora en Equipo publicamos toda la informaci\u00f3n de Sonora, M\u00e9xico y el Mundo de manera oportuna y busca que la libertad de expresi\u00f3n sea real. Visita nuestro medio informativo publicado desde Hermosillo, Sonora. %\",\"breadcrumb\":{\"@id\":\"https:\/\/www.sonoraenequipo.com.mx\/alerta-en-el-pentagono-por-un-tiroteo-cercano\/#breadcrumb\"},\"inLanguage\":\"es\",\"potentialAction\":[{\"@type\":\"ReadAction\",\"target\":[\"https:\/\/www.sonoraenequipo.com.mx\/alerta-en-el-pentagono-por-un-tiroteo-cercano\/\"]}]},{\"@type\":\"ImageObject\",\"inLanguage\":\"es\",\"@id\":\"https:\/\/www.sonoraenequipo.com.mx\/alerta-en-el-pentagono-por-un-tiroteo-cercano\/#primaryimage\",\"url\":\"https:\/\/www.sonoraenequipo.com.mx\/storage\/2021\/08\/Pentagono_opt.jpg\",\"contentUrl\":\"https:\/\/www.sonoraenequipo.com.mx\/storage\/2021\/08\/Pentagono_opt.jpg\",\"width\":700,\"height\":400},{\"@type\":\"BreadcrumbList\",\"@id\":\"https:\/\/www.sonoraenequipo.com.mx\/alerta-en-el-pentagono-por-un-tiroteo-cercano\/#breadcrumb\",\"itemListElement\":[{\"@type\":\"ListItem\",\"position\":1,\"name\":\"Portada\",\"item\":\"https:\/\/www.sonoraenequipo.com.mx\/\"},{\"@type\":\"ListItem\",\"position\":2,\"name\":\"Alerta en el Pent\u00e1gono por un tiroteo cercano\"}]},{\"@type\":\"WebSite\",\"@id\":\"https:\/\/www.sonoraenequipo.com.mx\/#website\",\"url\":\"https:\/\/www.sonoraenequipo.com.mx\/\",\"name\":\"Sonora en Equipo.\",\"description\":\"Diario en l\u00ednea con Noticias desde Hermosillo, Sonora\",\"publisher\":{\"@id\":\"https:\/\/www.sonoraenequipo.com.mx\/#organization\"},\"potentialAction\":[{\"@type\":\"SearchAction\",\"target\":{\"@type\":\"EntryPoint\",\"urlTemplate\":\"https:\/\/www.sonoraenequipo.com.mx\/?s={search_term_string}\"},\"query-input\":{\"@type\":\"PropertyValueSpecification\",\"valueRequired\":true,\"valueName\":\"search_term_string\"}}],\"inLanguage\":\"es\"},{\"@type\":\"Organization\",\"@id\":\"https:\/\/www.sonoraenequipo.com.mx\/#organization\",\"name\":\"Sonoraenequipo.com.mx\",\"url\":\"https:\/\/www.sonoraenequipo.com.mx\/\",\"logo\":{\"@type\":\"ImageObject\",\"inLanguage\":\"es\",\"@id\":\"https:\/\/www.sonoraenequipo.com.mx\/#\/schema\/logo\/image\/\",\"url\":\"https:\/\/www.sonoraenequipo.com.mx\/storage\/2019\/01\/sonoraenequipo_opt.png\",\"contentUrl\":\"https:\/\/www.sonoraenequipo.com.mx\/storage\/2019\/01\/sonoraenequipo_opt.png\",\"width\":375,\"height\":125,\"caption\":\"Sonoraenequipo.com.mx\"},\"image\":{\"@id\":\"https:\/\/www.sonoraenequipo.com.mx\/#\/schema\/logo\/image\/\"},\"sameAs\":[\"https:\/\/www.facebook.com\/SonoraEE\/\",\"https:\/\/x.com\/sonoraenequipo\",\"https:\/\/www.youtube.com\/channel\/UC338nW-lPEYmJQs4ZABQ1SQ\"]},{\"@type\":\"Person\",\"@id\":\"https:\/\/www.sonoraenequipo.com.mx\/#\/schema\/person\/50102df0fb23a8fa9e8effad8fa81386\",\"name\":\"enequipo\",\"image\":{\"@type\":\"ImageObject\",\"inLanguage\":\"es\",\"@id\":\"https:\/\/www.sonoraenequipo.com.mx\/#\/schema\/person\/image\/\",\"url\":\"https:\/\/secure.gravatar.com\/avatar\/049821681b589dabc0bc20695993ccebb09f5b5d4d790cd9251b97faac7c652b?s=96&d=blank&r=g\",\"contentUrl\":\"https:\/\/secure.gravatar.com\/avatar\/049821681b589dabc0bc20695993ccebb09f5b5d4d790cd9251b97faac7c652b?s=96&d=blank&r=g\",\"caption\":\"enequipo\"},\"sameAs\":[\"https:\/\/www.facebook.com\/SonoraEE\"]}]}<\/script>\n ","yoast_head_json":{"title":"Sonora en Equipo. Alerta en el Pent\u00e1gono por un tiroteo cercano MUNDO","description":"WASHINGTON, ESTADOS UNIDOS. \u2014 El Pent\u00e1gono fue puesto en alerta m\u00e1xima el martes (03.08.2021) por la ma\u00f1ana durante una hora y media debido a un tiroteo En Sonora en Equipo publicamos toda la informaci\u00f3n de Sonora, M\u00e9xico y el Mundo de manera oportuna y busca que la libertad de expresi\u00f3n sea real. Visita nuestro medio informativo publicado desde Hermosillo, Sonora. %","robots":{"index":"index","follow":"follow","max-snippet":"max-snippet:-1","max-image-preview":"max-image-preview:large","max-video-preview":"max-video-preview:-1"},"canonical":"https:\/\/www.sonoraenequipo.com.mx\/alerta-en-el-pentagono-por-un-tiroteo-cercano\/","og_locale":"es_ES","og_type":"article","og_title":"Sonora en Equipo. Alerta en el Pent\u00e1gono por un tiroteo cercano MUNDO","og_description":"WASHINGTON, ESTADOS UNIDOS. \u2014 El Pent\u00e1gono fue puesto en alerta m\u00e1xima el martes (03.08.2021) por la ma\u00f1ana durante una hora y media debido a un tiroteo En Sonora en Equipo publicamos toda la informaci\u00f3n de Sonora, M\u00e9xico y el Mundo de manera oportuna y busca que la libertad de expresi\u00f3n sea real. Visita nuestro medio informativo publicado desde Hermosillo, Sonora. %","og_url":"https:\/\/www.sonoraenequipo.com.mx\/alerta-en-el-pentagono-por-un-tiroteo-cercano\/","og_site_name":"Sonora en Equipo.","article_publisher":"https:\/\/www.facebook.com\/SonoraEE\/","article_author":"https:\/\/www.facebook.com\/SonoraEE","article_published_time":"2021-08-03T19:27:09+00:00","article_modified_time":"2021-08-03T23:05:59+00:00","og_image":[{"width":700,"height":400,"url":"https:\/\/www.sonoraenequipo.com.mx\/storage\/2021\/08\/Pentagono_opt.jpg","type":"image\/jpeg"}],"author":"enequipo","twitter_card":"summary_large_image","twitter_creator":"@sonoraenequipo","twitter_site":"@sonoraenequipo","twitter_misc":{"Escrito por":"enequipo","Tiempo de lectura":"2 minutos"},"schema":{"@context":"https:\/\/schema.org","@graph":[{"@type":"Article","@id":"https:\/\/www.sonoraenequipo.com.mx\/alerta-en-el-pentagono-por-un-tiroteo-cercano\/#article","isPartOf":{"@id":"https:\/\/www.sonoraenequipo.com.mx\/alerta-en-el-pentagono-por-un-tiroteo-cercano\/"},"author":{"name":"enequipo","@id":"https:\/\/www.sonoraenequipo.com.mx\/#\/schema\/person\/50102df0fb23a8fa9e8effad8fa81386"},"headline":"Alerta en el Pent\u00e1gono por un tiroteo cercano","datePublished":"2021-08-03T19:27:09+00:00","dateModified":"2021-08-03T23:05:59+00:00","mainEntityOfPage":{"@id":"https:\/\/www.sonoraenequipo.com.mx\/alerta-en-el-pentagono-por-un-tiroteo-cercano\/"},"wordCount":432,"commentCount":0,"publisher":{"@id":"https:\/\/www.sonoraenequipo.com.mx\/#organization"},"image":{"@id":"https:\/\/www.sonoraenequipo.com.mx\/alerta-en-el-pentagono-por-un-tiroteo-cercano\/#primaryimage"},"thumbnailUrl":"https:\/\/www.sonoraenequipo.com.mx\/storage\/2021\/08\/Pentagono_opt.jpg","articleSection":["MUNDO"],"inLanguage":"es","potentialAction":[{"@type":"CommentAction","name":"Comment","target":["https:\/\/www.sonoraenequipo.com.mx\/alerta-en-el-pentagono-por-un-tiroteo-cercano\/#respond"]}]},{"@type":"WebPage","@id":"https:\/\/www.sonoraenequipo.com.mx\/alerta-en-el-pentagono-por-un-tiroteo-cercano\/","url":"https:\/\/www.sonoraenequipo.com.mx\/alerta-en-el-pentagono-por-un-tiroteo-cercano\/","name":"Sonora en Equipo. Alerta en el Pent\u00e1gono por un tiroteo cercano MUNDO","isPartOf":{"@id":"https:\/\/www.sonoraenequipo.com.mx\/#website"},"primaryImageOfPage":{"@id":"https:\/\/www.sonoraenequipo.com.mx\/alerta-en-el-pentagono-por-un-tiroteo-cercano\/#primaryimage"},"image":{"@id":"https:\/\/www.sonoraenequipo.com.mx\/alerta-en-el-pentagono-por-un-tiroteo-cercano\/#primaryimage"},"thumbnailUrl":"https:\/\/www.sonoraenequipo.com.mx\/storage\/2021\/08\/Pentagono_opt.jpg","datePublished":"2021-08-03T19:27:09+00:00","dateModified":"2021-08-03T23:05:59+00:00","description":"WASHINGTON, ESTADOS UNIDOS. \u2014 El Pent\u00e1gono fue puesto en alerta m\u00e1xima el martes (03.08.2021) por la ma\u00f1ana durante una hora y media debido a un tiroteo En Sonora en Equipo publicamos toda la informaci\u00f3n de Sonora, M\u00e9xico y el Mundo de manera oportuna y busca que la libertad de expresi\u00f3n sea real. Visita nuestro medio informativo publicado desde Hermosillo, Sonora. %","breadcrumb":{"@id":"https:\/\/www.sonoraenequipo.com.mx\/alerta-en-el-pentagono-por-un-tiroteo-cercano\/#breadcrumb"},"inLanguage":"es","potentialAction":[{"@type":"ReadAction","target":["https:\/\/www.sonoraenequipo.com.mx\/alerta-en-el-pentagono-por-un-tiroteo-cercano\/"]}]},{"@type":"ImageObject","inLanguage":"es","@id":"https:\/\/www.sonoraenequipo.com.mx\/alerta-en-el-pentagono-por-un-tiroteo-cercano\/#primaryimage","url":"https:\/\/www.sonoraenequipo.com.mx\/storage\/2021\/08\/Pentagono_opt.jpg","contentUrl":"https:\/\/www.sonoraenequipo.com.mx\/storage\/2021\/08\/Pentagono_opt.jpg","width":700,"height":400},{"@type":"BreadcrumbList","@id":"https:\/\/www.sonoraenequipo.com.mx\/alerta-en-el-pentagono-por-un-tiroteo-cercano\/#breadcrumb","itemListElement":[{"@type":"ListItem","position":1,"name":"Portada","item":"https:\/\/www.sonoraenequipo.com.mx\/"},{"@type":"ListItem","position":2,"name":"Alerta en el Pent\u00e1gono por un tiroteo cercano"}]},{"@type":"WebSite","@id":"https:\/\/www.sonoraenequipo.com.mx\/#website","url":"https:\/\/www.sonoraenequipo.com.mx\/","name":"Sonora en Equipo.","description":"Diario en l\u00ednea con Noticias desde Hermosillo, Sonora","publisher":{"@id":"https:\/\/www.sonoraenequipo.com.mx\/#organization"},"potentialAction":[{"@type":"SearchAction","target":{"@type":"EntryPoint","urlTemplate":"https:\/\/www.sonoraenequipo.com.mx\/?s={search_term_string}"},"query-input":{"@type":"PropertyValueSpecification","valueRequired":true,"valueName":"search_term_string"}}],"inLanguage":"es"},{"@type":"Organization","@id":"https:\/\/www.sonoraenequipo.com.mx\/#organization","name":"Sonoraenequipo.com.mx","url":"https:\/\/www.sonoraenequipo.com.mx\/","logo":{"@type":"ImageObject","inLanguage":"es","@id":"https:\/\/www.sonoraenequipo.com.mx\/#\/schema\/logo\/image\/","url":"https:\/\/www.sonoraenequipo.com.mx\/storage\/2019\/01\/sonoraenequipo_opt.png","contentUrl":"https:\/\/www.sonoraenequipo.com.mx\/storage\/2019\/01\/sonoraenequipo_opt.png","width":375,"height":125,"caption":"Sonoraenequipo.com.mx"},"image":{"@id":"https:\/\/www.sonoraenequipo.com.mx\/#\/schema\/logo\/image\/"},"sameAs":["https:\/\/www.facebook.com\/SonoraEE\/","https:\/\/x.com\/sonoraenequipo","https:\/\/www.youtube.com\/channel\/UC338nW-lPEYmJQs4ZABQ1SQ"]},{"@type":"Person","@id":"https:\/\/www.sonoraenequipo.com.mx\/#\/schema\/person\/50102df0fb23a8fa9e8effad8fa81386","name":"enequipo","image":{"@type":"ImageObject","inLanguage":"es","@id":"https:\/\/www.sonoraenequipo.com.mx\/#\/schema\/person\/image\/","url":"https:\/\/secure.gravatar.com\/avatar\/049821681b589dabc0bc20695993ccebb09f5b5d4d790cd9251b97faac7c652b?s=96&d=blank&r=g","contentUrl":"https:\/\/secure.gravatar.com\/avatar\/049821681b589dabc0bc20695993ccebb09f5b5d4d790cd9251b97faac7c652b?s=96&d=blank&r=g","caption":"enequipo"},"sameAs":["https:\/\/www.facebook.com\/SonoraEE"]}]}},"jetpack_featured_media_url":"https:\/\/www.sonoraenequipo.com.mx\/storage\/2021\/08\/Pentagono_opt.jpg","_links":{"self":[{"href":"https:\/\/www.sonoraenequipo.com.mx\/api\/wp\/v2\/posts\/119708","targetHints":{"allow":["GET"]}}],"collection":[{"href":"https:\/\/www.sonoraenequipo.com.mx\/api\/wp\/v2\/posts"}],"about":[{"href":"https:\/\/www.sonoraenequipo.com.mx\/api\/wp\/v2\/types\/post"}],"author":[{"embeddable":true,"href":"https:\/\/www.sonoraenequipo.com.mx\/api\/wp\/v2\/users\/1"}],"replies":[{"embeddable":true,"href":"https:\/\/www.sonoraenequipo.com.mx\/api\/wp\/v2\/comments?post=119708"}],"version-history":[{"count":1,"href":"https:\/\/www.sonoraenequipo.com.mx\/api\/wp\/v2\/posts\/119708\/revisions"}],"predecessor-version":[{"id":119714,"href":"https:\/\/www.sonoraenequipo.com.mx\/api\/wp\/v2\/posts\/119708\/revisions\/119714"}],"wp:featuredmedia":[{"embeddable":true,"href":"https:\/\/www.sonoraenequipo.com.mx\/api\/wp\/v2\/media\/119713"}],"wp:attachment":[{"href":"https:\/\/www.sonoraenequipo.com.mx\/api\/wp\/v2\/media?parent=119708"}],"wp:term":[{"taxonomy":"category","embeddable":true,"href":"https:\/\/www.sonoraenequipo.com.mx\/api\/wp\/v2\/categories?post=119708"},{"taxonomy":"post_tag","embeddable":true,"href":"https:\/\/www.sonoraenequipo.com.mx\/api\/wp\/v2\/tags?post=119708"}],"curies":[{"name":"wp","href":"https:\/\/api.w.org\/{rel}","templated":true}]}}