{"id":119716,"date":"2021-08-03T19:29:12","date_gmt":"2021-08-04T02:29:12","guid":{"rendered":"https:\/\/www.sonoraenequipo.com.mx\/?p=119716"},"modified":"2021-08-03T19:29:12","modified_gmt":"2021-08-04T02:29:12","slug":"hermosillo-inicia-pavimentacion-de-la-calle-la-colorada-de-la-colonia-insurgentes","status":"publish","type":"post","link":"https:\/\/www.sonoraenequipo.com.mx\/hermosillo-inicia-pavimentacion-de-la-calle-la-colorada-de-la-colonia-insurgentes\/","title":{"rendered":"HERMOSILLO. Inicia pavimentaci\u00f3n de la calle La Colorada de la colonia Insurgentes"},"content":{"rendered":"<p>HERMOSILLO. Inicia pavimentaci\u00f3n de la calle La Colorada de la colonia Insurgentes<\/p>\n<p>&nbsp;<\/p>\n<p>&nbsp;<\/p>\n<p>HERMOSILLO, SONORA,MX.\u2500\u2500 Vecinos de la calle La Colorada, en la colonia Insurgentes, se beneficiar\u00e1n con una obra de pavimentaci\u00f3n integral en el tramo de General Pi\u00f1a a Guadalupe Victoria, que concluir\u00e1 a finales del mes de agosto.<\/p>\n<p>&nbsp;<\/p>\n<p>&nbsp;<\/p>\n<p>\u201cLos trabajos que se realizan van desde infraestructura de agua y drenaje, pavimentaci\u00f3n y banquetas\u201d inform\u00f3 el titular de la Coordinaci\u00f3n de Infraestructura, Desarrollo Urbano y Ecolog\u00eda (CIDUE), Jos\u00e9 Carrillo Atondo.<\/p>\n<p>&nbsp;<\/p>\n<p>&nbsp;<\/p>\n<p>Dijo que es una obra de pavimentaci\u00f3n de mil 333 metros cuadrados con concreto asf\u00e1ltico, en la que se invertir\u00e1n 1.8 millones, en beneficio de alrededor de mil usuarios del sector.<\/p>\n<p>&nbsp;<\/p>\n<p>&nbsp;<\/p>\n<p>Carrillo Atondo record\u00f3 que es una de las calles del norte de la ciudad que sufren afectaciones cuando hay fuertes precipitaciones pluviales.<\/p>\n<p>&nbsp;<\/p>\n<p>&nbsp;<\/p>\n<p>Es una obra de fondo en la que se instalar\u00e1n 191.94 metros lineales de infraestructura hidr\u00e1ulica, 189.52 metros lineales de infraestructura sanitaria y se construir\u00e1n 154.41 metros cuadrados de guarniciones y banqueta.<\/p>\n<p>&nbsp;<\/p>\n<p>&nbsp;<\/p>\n<p>Vicente C\u00f3rdoba Leyva, uno de los vecinos beneficiados, coment\u00f3 que tuvieron que pasar m\u00e1s de 30 a\u00f1os para poder ver mejoras en su calle, obra que la presente administraci\u00f3n municipal gestion\u00f3.<\/p>\n<p>&nbsp;<\/p>\n<p>&nbsp;<\/p>\n<p>\u201cYa ten\u00edamos much\u00edsimos a\u00f1os esperando esta obra, y gracias a Dios hasta ahora parece ser que se nos va a hacer\u2026 pues esperemos que nos mejore much\u00edsimo porque sobra y basta con la tierra, el polvo y la contaminaci\u00f3n\u201d, expres\u00f3.<\/p>\n<p>Fecha de Publicaci\u00f3n\u00a0 martes\u00a0 \/ 03\u00a0\u00a0 \/ agosto \/ 2021<\/p>\n","protected":false},"excerpt":{"rendered":"<p>HERMOSILLO. Inicia pavimentaci\u00f3n de la calle La Colorada de la colonia Insurgentes &nbsp; &nbsp; HERMOSILLO,&#8230;<\/p>\n","protected":false},"author":1,"featured_media":119717,"comment_status":"open","ping_status":"open","sticky":false,"template":"","format":"standard","meta":{"_monsterinsights_skip_tracking":false,"_monsterinsights_sitenote_active":false,"_monsterinsights_sitenote_note":"","_monsterinsights_sitenote_category":0,"footnotes":""},"categories":[4],"tags":[35,591],"class_list":["post"],"yoast_head":" \n<title>Sonora en Equipo. HERMOSILLO. Inicia pavimentaci\u00f3n de la calle La Colorada de la colonia Insurgentes Municipios<\/title>\n<meta name=\"description\" content=\"HERMOSILLO. Inicia pavimentaci\u00f3n de la calle La Colorada de la colonia Insurgentes &nbsp; &nbsp; HERMOSILLO, SONORA,MX.\u2500\u2500 Vecinos de la calle La Colorada, En Sonora en Equipo publicamos toda la informaci\u00f3n de Sonora, M\u00e9xico y el Mundo de manera oportuna y busca que la libertad de expresi\u00f3n sea real. Visita nuestro medio informativo publicado desde Hermosillo, Sonora. %\" \/>\n<meta name=\"robots\" content=\"index, follow, max-snippet:-1, max-image-preview:large, max-video-preview:-1\" \/>\n<link rel=\"canonical\" href=\"https:\/\/www.sonoraenequipo.com.mx\/hermosillo-inicia-pavimentacion-de-la-calle-la-colorada-de-la-colonia-insurgentes\/\" \/>\n<meta property=\"og:locale\" content=\"es_ES\" \/>\n<meta property=\"og:type\" content=\"article\" \/>\n<meta property=\"og:title\" content=\"Sonora en Equipo. HERMOSILLO. Inicia pavimentaci\u00f3n de la calle La Colorada de la colonia Insurgentes Municipios\" \/>\n<meta property=\"og:description\" content=\"HERMOSILLO. Inicia pavimentaci\u00f3n de la calle La Colorada de la colonia Insurgentes &nbsp; &nbsp; HERMOSILLO, SONORA,MX.\u2500\u2500 Vecinos de la calle La Colorada, En Sonora en Equipo publicamos toda la informaci\u00f3n de Sonora, M\u00e9xico y el Mundo de manera oportuna y busca que la libertad de expresi\u00f3n sea real. Visita nuestro medio informativo publicado desde Hermosillo, Sonora. %\" \/>\n<meta property=\"og:url\" content=\"https:\/\/www.sonoraenequipo.com.mx\/hermosillo-inicia-pavimentacion-de-la-calle-la-colorada-de-la-colonia-insurgentes\/\" \/>\n<meta property=\"og:site_name\" content=\"Sonora en Equipo.\" \/>\n<meta property=\"article:publisher\" content=\"https:\/\/www.facebook.com\/SonoraEE\/\" \/>\n<meta property=\"article:author\" content=\"https:\/\/www.facebook.com\/SonoraEE\" \/>\n<meta property=\"article:published_time\" content=\"2021-08-04T02:29:12+00:00\" \/>\n<meta property=\"og:image\" content=\"https:\/\/www.sonoraenequipo.com.mx\/storage\/2021\/08\/CALLE-LA-COLORADA.jpg\" \/>\n\t<meta property=\"og:image:width\" content=\"700\" \/>\n\t<meta property=\"og:image:height\" content=\"466\" \/>\n\t<meta property=\"og:image:type\" content=\"image\/jpeg\" \/>\n<meta name=\"author\" content=\"enequipo\" \/>\n<meta name=\"twitter:card\" content=\"summary_large_image\" \/>\n<meta name=\"twitter:creator\" content=\"@sonoraenequipo\" \/>\n<meta name=\"twitter:site\" content=\"@sonoraenequipo\" \/>\n<meta name=\"twitter:label1\" content=\"Escrito por\" \/>\n\t<meta name=\"twitter:data1\" content=\"enequipo\" \/>\n\t<meta name=\"twitter:label2\" content=\"Tiempo de lectura\" \/>\n\t<meta name=\"twitter:data2\" content=\"2 minutos\" \/>\n<script type=\"application\/ld+json\" class=\"yoast-schema-graph\">{\"@context\":\"https:\/\/schema.org\",\"@graph\":[{\"@type\":\"Article\",\"@id\":\"https:\/\/www.sonoraenequipo.com.mx\/hermosillo-inicia-pavimentacion-de-la-calle-la-colorada-de-la-colonia-insurgentes\/#article\",\"isPartOf\":{\"@id\":\"https:\/\/www.sonoraenequipo.com.mx\/hermosillo-inicia-pavimentacion-de-la-calle-la-colorada-de-la-colonia-insurgentes\/\"},\"author\":{\"name\":\"enequipo\",\"@id\":\"https:\/\/www.sonoraenequipo.com.mx\/#\/schema\/person\/50102df0fb23a8fa9e8effad8fa81386\"},\"headline\":\"HERMOSILLO. Inicia pavimentaci\u00f3n de la calle La Colorada de la colonia Insurgentes\",\"datePublished\":\"2021-08-04T02:29:12+00:00\",\"mainEntityOfPage\":{\"@id\":\"https:\/\/www.sonoraenequipo.com.mx\/hermosillo-inicia-pavimentacion-de-la-calle-la-colorada-de-la-colonia-insurgentes\/\"},\"wordCount\":286,\"commentCount\":0,\"publisher\":{\"@id\":\"https:\/\/www.sonoraenequipo.com.mx\/#organization\"},\"image\":{\"@id\":\"https:\/\/www.sonoraenequipo.com.mx\/hermosillo-inicia-pavimentacion-de-la-calle-la-colorada-de-la-colonia-insurgentes\/#primaryimage\"},\"thumbnailUrl\":\"https:\/\/www.sonoraenequipo.com.mx\/storage\/2021\/08\/CALLE-LA-COLORADA.jpg\",\"keywords\":[\"hermosillo\",\"pavimentaci\u00f3n\"],\"articleSection\":[\"Municipios\"],\"inLanguage\":\"es\",\"potentialAction\":[{\"@type\":\"CommentAction\",\"name\":\"Comment\",\"target\":[\"https:\/\/www.sonoraenequipo.com.mx\/hermosillo-inicia-pavimentacion-de-la-calle-la-colorada-de-la-colonia-insurgentes\/#respond\"]}]},{\"@type\":\"WebPage\",\"@id\":\"https:\/\/www.sonoraenequipo.com.mx\/hermosillo-inicia-pavimentacion-de-la-calle-la-colorada-de-la-colonia-insurgentes\/\",\"url\":\"https:\/\/www.sonoraenequipo.com.mx\/hermosillo-inicia-pavimentacion-de-la-calle-la-colorada-de-la-colonia-insurgentes\/\",\"name\":\"Sonora en Equipo. HERMOSILLO. Inicia pavimentaci\u00f3n de la calle La Colorada de la colonia Insurgentes Municipios\",\"isPartOf\":{\"@id\":\"https:\/\/www.sonoraenequipo.com.mx\/#website\"},\"primaryImageOfPage\":{\"@id\":\"https:\/\/www.sonoraenequipo.com.mx\/hermosillo-inicia-pavimentacion-de-la-calle-la-colorada-de-la-colonia-insurgentes\/#primaryimage\"},\"image\":{\"@id\":\"https:\/\/www.sonoraenequipo.com.mx\/hermosillo-inicia-pavimentacion-de-la-calle-la-colorada-de-la-colonia-insurgentes\/#primaryimage\"},\"thumbnailUrl\":\"https:\/\/www.sonoraenequipo.com.mx\/storage\/2021\/08\/CALLE-LA-COLORADA.jpg\",\"datePublished\":\"2021-08-04T02:29:12+00:00\",\"description\":\"HERMOSILLO. Inicia pavimentaci\u00f3n de la calle La Colorada de la colonia Insurgentes &nbsp; &nbsp; HERMOSILLO, SONORA,MX.\u2500\u2500 Vecinos de la calle La Colorada, En Sonora en Equipo publicamos toda la informaci\u00f3n de Sonora, M\u00e9xico y el Mundo de manera oportuna y busca que la libertad de expresi\u00f3n sea real. Visita nuestro medio informativo publicado desde Hermosillo, Sonora. %\",\"breadcrumb\":{\"@id\":\"https:\/\/www.sonoraenequipo.com.mx\/hermosillo-inicia-pavimentacion-de-la-calle-la-colorada-de-la-colonia-insurgentes\/#breadcrumb\"},\"inLanguage\":\"es\",\"potentialAction\":[{\"@type\":\"ReadAction\",\"target\":[\"https:\/\/www.sonoraenequipo.com.mx\/hermosillo-inicia-pavimentacion-de-la-calle-la-colorada-de-la-colonia-insurgentes\/\"]}]},{\"@type\":\"ImageObject\",\"inLanguage\":\"es\",\"@id\":\"https:\/\/www.sonoraenequipo.com.mx\/hermosillo-inicia-pavimentacion-de-la-calle-la-colorada-de-la-colonia-insurgentes\/#primaryimage\",\"url\":\"https:\/\/www.sonoraenequipo.com.mx\/storage\/2021\/08\/CALLE-LA-COLORADA.jpg\",\"contentUrl\":\"https:\/\/www.sonoraenequipo.com.mx\/storage\/2021\/08\/CALLE-LA-COLORADA.jpg\",\"width\":700,\"height\":466},{\"@type\":\"BreadcrumbList\",\"@id\":\"https:\/\/www.sonoraenequipo.com.mx\/hermosillo-inicia-pavimentacion-de-la-calle-la-colorada-de-la-colonia-insurgentes\/#breadcrumb\",\"itemListElement\":[{\"@type\":\"ListItem\",\"position\":1,\"name\":\"Portada\",\"item\":\"https:\/\/www.sonoraenequipo.com.mx\/\"},{\"@type\":\"ListItem\",\"position\":2,\"name\":\"HERMOSILLO. Inicia pavimentaci\u00f3n de la calle La Colorada de la colonia Insurgentes\"}]},{\"@type\":\"WebSite\",\"@id\":\"https:\/\/www.sonoraenequipo.com.mx\/#website\",\"url\":\"https:\/\/www.sonoraenequipo.com.mx\/\",\"name\":\"Sonora en Equipo.\",\"description\":\"Diario en l\u00ednea con Noticias desde Hermosillo, Sonora\",\"publisher\":{\"@id\":\"https:\/\/www.sonoraenequipo.com.mx\/#organization\"},\"potentialAction\":[{\"@type\":\"SearchAction\",\"target\":{\"@type\":\"EntryPoint\",\"urlTemplate\":\"https:\/\/www.sonoraenequipo.com.mx\/?s={search_term_string}\"},\"query-input\":{\"@type\":\"PropertyValueSpecification\",\"valueRequired\":true,\"valueName\":\"search_term_string\"}}],\"inLanguage\":\"es\"},{\"@type\":\"Organization\",\"@id\":\"https:\/\/www.sonoraenequipo.com.mx\/#organization\",\"name\":\"Sonoraenequipo.com.mx\",\"url\":\"https:\/\/www.sonoraenequipo.com.mx\/\",\"logo\":{\"@type\":\"ImageObject\",\"inLanguage\":\"es\",\"@id\":\"https:\/\/www.sonoraenequipo.com.mx\/#\/schema\/logo\/image\/\",\"url\":\"https:\/\/www.sonoraenequipo.com.mx\/storage\/2019\/01\/sonoraenequipo_opt.png\",\"contentUrl\":\"https:\/\/www.sonoraenequipo.com.mx\/storage\/2019\/01\/sonoraenequipo_opt.png\",\"width\":375,\"height\":125,\"caption\":\"Sonoraenequipo.com.mx\"},\"image\":{\"@id\":\"https:\/\/www.sonoraenequipo.com.mx\/#\/schema\/logo\/image\/\"},\"sameAs\":[\"https:\/\/www.facebook.com\/SonoraEE\/\",\"https:\/\/x.com\/sonoraenequipo\",\"https:\/\/www.youtube.com\/channel\/UC338nW-lPEYmJQs4ZABQ1SQ\"]},{\"@type\":\"Person\",\"@id\":\"https:\/\/www.sonoraenequipo.com.mx\/#\/schema\/person\/50102df0fb23a8fa9e8effad8fa81386\",\"name\":\"enequipo\",\"image\":{\"@type\":\"ImageObject\",\"inLanguage\":\"es\",\"@id\":\"https:\/\/www.sonoraenequipo.com.mx\/#\/schema\/person\/image\/\",\"url\":\"https:\/\/secure.gravatar.com\/avatar\/049821681b589dabc0bc20695993ccebb09f5b5d4d790cd9251b97faac7c652b?s=96&d=blank&r=g\",\"contentUrl\":\"https:\/\/secure.gravatar.com\/avatar\/049821681b589dabc0bc20695993ccebb09f5b5d4d790cd9251b97faac7c652b?s=96&d=blank&r=g\",\"caption\":\"enequipo\"},\"sameAs\":[\"https:\/\/www.facebook.com\/SonoraEE\"]}]}<\/script>\n ","yoast_head_json":{"title":"Sonora en Equipo. HERMOSILLO. Inicia pavimentaci\u00f3n de la calle La Colorada de la colonia Insurgentes Municipios","description":"HERMOSILLO. Inicia pavimentaci\u00f3n de la calle La Colorada de la colonia Insurgentes &nbsp; &nbsp; HERMOSILLO, SONORA,MX.\u2500\u2500 Vecinos de la calle La Colorada, En Sonora en Equipo publicamos toda la informaci\u00f3n de Sonora, M\u00e9xico y el Mundo de manera oportuna y busca que la libertad de expresi\u00f3n sea real. Visita nuestro medio informativo publicado desde Hermosillo, Sonora. %","robots":{"index":"index","follow":"follow","max-snippet":"max-snippet:-1","max-image-preview":"max-image-preview:large","max-video-preview":"max-video-preview:-1"},"canonical":"https:\/\/www.sonoraenequipo.com.mx\/hermosillo-inicia-pavimentacion-de-la-calle-la-colorada-de-la-colonia-insurgentes\/","og_locale":"es_ES","og_type":"article","og_title":"Sonora en Equipo. HERMOSILLO. Inicia pavimentaci\u00f3n de la calle La Colorada de la colonia Insurgentes Municipios","og_description":"HERMOSILLO. Inicia pavimentaci\u00f3n de la calle La Colorada de la colonia Insurgentes &nbsp; &nbsp; HERMOSILLO, SONORA,MX.\u2500\u2500 Vecinos de la calle La Colorada, En Sonora en Equipo publicamos toda la informaci\u00f3n de Sonora, M\u00e9xico y el Mundo de manera oportuna y busca que la libertad de expresi\u00f3n sea real. Visita nuestro medio informativo publicado desde Hermosillo, Sonora. %","og_url":"https:\/\/www.sonoraenequipo.com.mx\/hermosillo-inicia-pavimentacion-de-la-calle-la-colorada-de-la-colonia-insurgentes\/","og_site_name":"Sonora en Equipo.","article_publisher":"https:\/\/www.facebook.com\/SonoraEE\/","article_author":"https:\/\/www.facebook.com\/SonoraEE","article_published_time":"2021-08-04T02:29:12+00:00","og_image":[{"width":700,"height":466,"url":"https:\/\/www.sonoraenequipo.com.mx\/storage\/2021\/08\/CALLE-LA-COLORADA.jpg","type":"image\/jpeg"}],"author":"enequipo","twitter_card":"summary_large_image","twitter_creator":"@sonoraenequipo","twitter_site":"@sonoraenequipo","twitter_misc":{"Escrito por":"enequipo","Tiempo de lectura":"2 minutos"},"schema":{"@context":"https:\/\/schema.org","@graph":[{"@type":"Article","@id":"https:\/\/www.sonoraenequipo.com.mx\/hermosillo-inicia-pavimentacion-de-la-calle-la-colorada-de-la-colonia-insurgentes\/#article","isPartOf":{"@id":"https:\/\/www.sonoraenequipo.com.mx\/hermosillo-inicia-pavimentacion-de-la-calle-la-colorada-de-la-colonia-insurgentes\/"},"author":{"name":"enequipo","@id":"https:\/\/www.sonoraenequipo.com.mx\/#\/schema\/person\/50102df0fb23a8fa9e8effad8fa81386"},"headline":"HERMOSILLO. Inicia pavimentaci\u00f3n de la calle La Colorada de la colonia Insurgentes","datePublished":"2021-08-04T02:29:12+00:00","mainEntityOfPage":{"@id":"https:\/\/www.sonoraenequipo.com.mx\/hermosillo-inicia-pavimentacion-de-la-calle-la-colorada-de-la-colonia-insurgentes\/"},"wordCount":286,"commentCount":0,"publisher":{"@id":"https:\/\/www.sonoraenequipo.com.mx\/#organization"},"image":{"@id":"https:\/\/www.sonoraenequipo.com.mx\/hermosillo-inicia-pavimentacion-de-la-calle-la-colorada-de-la-colonia-insurgentes\/#primaryimage"},"thumbnailUrl":"https:\/\/www.sonoraenequipo.com.mx\/storage\/2021\/08\/CALLE-LA-COLORADA.jpg","keywords":["hermosillo","pavimentaci\u00f3n"],"articleSection":["Municipios"],"inLanguage":"es","potentialAction":[{"@type":"CommentAction","name":"Comment","target":["https:\/\/www.sonoraenequipo.com.mx\/hermosillo-inicia-pavimentacion-de-la-calle-la-colorada-de-la-colonia-insurgentes\/#respond"]}]},{"@type":"WebPage","@id":"https:\/\/www.sonoraenequipo.com.mx\/hermosillo-inicia-pavimentacion-de-la-calle-la-colorada-de-la-colonia-insurgentes\/","url":"https:\/\/www.sonoraenequipo.com.mx\/hermosillo-inicia-pavimentacion-de-la-calle-la-colorada-de-la-colonia-insurgentes\/","name":"Sonora en Equipo. HERMOSILLO. Inicia pavimentaci\u00f3n de la calle La Colorada de la colonia Insurgentes Municipios","isPartOf":{"@id":"https:\/\/www.sonoraenequipo.com.mx\/#website"},"primaryImageOfPage":{"@id":"https:\/\/www.sonoraenequipo.com.mx\/hermosillo-inicia-pavimentacion-de-la-calle-la-colorada-de-la-colonia-insurgentes\/#primaryimage"},"image":{"@id":"https:\/\/www.sonoraenequipo.com.mx\/hermosillo-inicia-pavimentacion-de-la-calle-la-colorada-de-la-colonia-insurgentes\/#primaryimage"},"thumbnailUrl":"https:\/\/www.sonoraenequipo.com.mx\/storage\/2021\/08\/CALLE-LA-COLORADA.jpg","datePublished":"2021-08-04T02:29:12+00:00","description":"HERMOSILLO. Inicia pavimentaci\u00f3n de la calle La Colorada de la colonia Insurgentes &nbsp; &nbsp; HERMOSILLO, SONORA,MX.\u2500\u2500 Vecinos de la calle La Colorada, En Sonora en Equipo publicamos toda la informaci\u00f3n de Sonora, M\u00e9xico y el Mundo de manera oportuna y busca que la libertad de expresi\u00f3n sea real. Visita nuestro medio informativo publicado desde Hermosillo, Sonora. %","breadcrumb":{"@id":"https:\/\/www.sonoraenequipo.com.mx\/hermosillo-inicia-pavimentacion-de-la-calle-la-colorada-de-la-colonia-insurgentes\/#breadcrumb"},"inLanguage":"es","potentialAction":[{"@type":"ReadAction","target":["https:\/\/www.sonoraenequipo.com.mx\/hermosillo-inicia-pavimentacion-de-la-calle-la-colorada-de-la-colonia-insurgentes\/"]}]},{"@type":"ImageObject","inLanguage":"es","@id":"https:\/\/www.sonoraenequipo.com.mx\/hermosillo-inicia-pavimentacion-de-la-calle-la-colorada-de-la-colonia-insurgentes\/#primaryimage","url":"https:\/\/www.sonoraenequipo.com.mx\/storage\/2021\/08\/CALLE-LA-COLORADA.jpg","contentUrl":"https:\/\/www.sonoraenequipo.com.mx\/storage\/2021\/08\/CALLE-LA-COLORADA.jpg","width":700,"height":466},{"@type":"BreadcrumbList","@id":"https:\/\/www.sonoraenequipo.com.mx\/hermosillo-inicia-pavimentacion-de-la-calle-la-colorada-de-la-colonia-insurgentes\/#breadcrumb","itemListElement":[{"@type":"ListItem","position":1,"name":"Portada","item":"https:\/\/www.sonoraenequipo.com.mx\/"},{"@type":"ListItem","position":2,"name":"HERMOSILLO. Inicia pavimentaci\u00f3n de la calle La Colorada de la colonia Insurgentes"}]},{"@type":"WebSite","@id":"https:\/\/www.sonoraenequipo.com.mx\/#website","url":"https:\/\/www.sonoraenequipo.com.mx\/","name":"Sonora en Equipo.","description":"Diario en l\u00ednea con Noticias desde Hermosillo, Sonora","publisher":{"@id":"https:\/\/www.sonoraenequipo.com.mx\/#organization"},"potentialAction":[{"@type":"SearchAction","target":{"@type":"EntryPoint","urlTemplate":"https:\/\/www.sonoraenequipo.com.mx\/?s={search_term_string}"},"query-input":{"@type":"PropertyValueSpecification","valueRequired":true,"valueName":"search_term_string"}}],"inLanguage":"es"},{"@type":"Organization","@id":"https:\/\/www.sonoraenequipo.com.mx\/#organization","name":"Sonoraenequipo.com.mx","url":"https:\/\/www.sonoraenequipo.com.mx\/","logo":{"@type":"ImageObject","inLanguage":"es","@id":"https:\/\/www.sonoraenequipo.com.mx\/#\/schema\/logo\/image\/","url":"https:\/\/www.sonoraenequipo.com.mx\/storage\/2019\/01\/sonoraenequipo_opt.png","contentUrl":"https:\/\/www.sonoraenequipo.com.mx\/storage\/2019\/01\/sonoraenequipo_opt.png","width":375,"height":125,"caption":"Sonoraenequipo.com.mx"},"image":{"@id":"https:\/\/www.sonoraenequipo.com.mx\/#\/schema\/logo\/image\/"},"sameAs":["https:\/\/www.facebook.com\/SonoraEE\/","https:\/\/x.com\/sonoraenequipo","https:\/\/www.youtube.com\/channel\/UC338nW-lPEYmJQs4ZABQ1SQ"]},{"@type":"Person","@id":"https:\/\/www.sonoraenequipo.com.mx\/#\/schema\/person\/50102df0fb23a8fa9e8effad8fa81386","name":"enequipo","image":{"@type":"ImageObject","inLanguage":"es","@id":"https:\/\/www.sonoraenequipo.com.mx\/#\/schema\/person\/image\/","url":"https:\/\/secure.gravatar.com\/avatar\/049821681b589dabc0bc20695993ccebb09f5b5d4d790cd9251b97faac7c652b?s=96&d=blank&r=g","contentUrl":"https:\/\/secure.gravatar.com\/avatar\/049821681b589dabc0bc20695993ccebb09f5b5d4d790cd9251b97faac7c652b?s=96&d=blank&r=g","caption":"enequipo"},"sameAs":["https:\/\/www.facebook.com\/SonoraEE"]}]}},"jetpack_featured_media_url":"https:\/\/www.sonoraenequipo.com.mx\/storage\/2021\/08\/CALLE-LA-COLORADA.jpg","_links":{"self":[{"href":"https:\/\/www.sonoraenequipo.com.mx\/api\/wp\/v2\/posts\/119716","targetHints":{"allow":["GET"]}}],"collection":[{"href":"https:\/\/www.sonoraenequipo.com.mx\/api\/wp\/v2\/posts"}],"about":[{"href":"https:\/\/www.sonoraenequipo.com.mx\/api\/wp\/v2\/types\/post"}],"author":[{"embeddable":true,"href":"https:\/\/www.sonoraenequipo.com.mx\/api\/wp\/v2\/users\/1"}],"replies":[{"embeddable":true,"href":"https:\/\/www.sonoraenequipo.com.mx\/api\/wp\/v2\/comments?post=119716"}],"version-history":[{"count":1,"href":"https:\/\/www.sonoraenequipo.com.mx\/api\/wp\/v2\/posts\/119716\/revisions"}],"predecessor-version":[{"id":119718,"href":"https:\/\/www.sonoraenequipo.com.mx\/api\/wp\/v2\/posts\/119716\/revisions\/119718"}],"wp:featuredmedia":[{"embeddable":true,"href":"https:\/\/www.sonoraenequipo.com.mx\/api\/wp\/v2\/media\/119717"}],"wp:attachment":[{"href":"https:\/\/www.sonoraenequipo.com.mx\/api\/wp\/v2\/media?parent=119716"}],"wp:term":[{"taxonomy":"category","embeddable":true,"href":"https:\/\/www.sonoraenequipo.com.mx\/api\/wp\/v2\/categories?post=119716"},{"taxonomy":"post_tag","embeddable":true,"href":"https:\/\/www.sonoraenequipo.com.mx\/api\/wp\/v2\/tags?post=119716"}],"curies":[{"name":"wp","href":"https:\/\/api.w.org\/{rel}","templated":true}]}}