{"id":119719,"date":"2021-08-03T19:41:36","date_gmt":"2021-08-04T02:41:36","guid":{"rendered":"https:\/\/www.sonoraenequipo.com.mx\/?p=119719"},"modified":"2021-08-03T19:41:36","modified_gmt":"2021-08-04T02:41:36","slug":"no-se-suspendera-el-servicio-de-agua-para-colonias-del-sur-de-hermosillo-por-trabajos-de-cfe-en-acueducto-independencia","status":"publish","type":"post","link":"https:\/\/www.sonoraenequipo.com.mx\/no-se-suspendera-el-servicio-de-agua-para-colonias-del-sur-de-hermosillo-por-trabajos-de-cfe-en-acueducto-independencia\/","title":{"rendered":"No se suspender\u00e1 el servicio de agua para colonias del sur de Hermosillo\u00a0 por trabajos de CFE en acueducto independencia \u00a0"},"content":{"rendered":"<p>HERMOSILLO, SONORA,MX.\u2500\u2500 \u00a0A trav\u00e9s de un comunicado emitido por Gerencia Regional de Transmisi\u00f3n Noroeste, Zona Transmisi\u00f3n Hermosillo, de la Comisi\u00f3n Federal de Electricidad (CFE), se dio a conocer que el programa de mantenimiento preventivo y mejoras a la infraestructura el\u00e9ctrica que se realizar\u00eda los d\u00edas 4 y 6 de agosto, y que dejar\u00eda fuera de operaci\u00f3n moment\u00e1neamente el sistema de rebombeo del Acueducto Independencia, se pondr\u00e1 en marcha sin interrumpir la energ\u00eda de la subestaci\u00f3n \u201cNovillo\u201d.<\/p>\n<p>&nbsp;<\/p>\n<p>Esto significa que el servicio que presta Agua de Hermosillo para las colonias del sur de la ciudad se mantendr\u00e1 sin afectaci\u00f3n relacionada con el corte previsto en d\u00edas anteriores.<\/p>\n<p>&nbsp;<\/p>\n<p>En el oficio fechado el 3 de agosto y enviado a Joaqu\u00edn Vicente R\u00e1bago Rodr\u00edguez, de la Oficina de Grandes Clientes, y a Nydia Ofelia L\u00f3pez Quinteros, de la Superintendencia de CFE Suministro B\u00e1sico, el Superintendente de la Zona Transmisi\u00f3n Hermosillo, Imeldo Adri\u00e1n Villanueva Fava, explica que debido a valoraciones de CFE se descart\u00f3 la necesidad de llevar a cabo el corte del suministro el\u00e9ctrico que se ten\u00eda contemplado.<\/p>\n<p>&nbsp;<\/p>\n<p>Es por ello que Agua de Hermosillo cancela el aviso de afectaci\u00f3n en el suministro de agua potable para las colonias del sur de la ciudad, as\u00ed como la posible afectaci\u00f3n para los sectores centro y poniente de la capital sonorense.<\/p>\n<p>Fecha de Publicaci\u00f3n\u00a0 martes\u00a0 \/ 03\u00a0\u00a0 \/ agosto \/ 2021<\/p>\n","protected":false},"excerpt":{"rendered":"<p>HERMOSILLO, SONORA,MX.\u2500\u2500 \u00a0A trav\u00e9s de un comunicado emitido por Gerencia Regional de Transmisi\u00f3n Noroeste, Zona&#8230;<\/p>\n","protected":false},"author":1,"featured_media":119720,"comment_status":"open","ping_status":"open","sticky":false,"template":"","format":"standard","meta":{"_monsterinsights_skip_tracking":false,"_monsterinsights_sitenote_active":false,"_monsterinsights_sitenote_note":"","_monsterinsights_sitenote_category":0,"footnotes":""},"categories":[4],"tags":[473,5965],"class_list":["post"],"yoast_head":" \n<title>Sonora en Equipo. No se suspender\u00e1 el servicio de agua para colonias del sur de Hermosillo\u00a0 por trabajos de CFE en acueducto independencia \u00a0 Municipios<\/title>\n<meta name=\"description\" content=\"HERMOSILLO, SONORA,MX.\u2500\u2500 \u00a0A trav\u00e9s de un comunicado emitido por Gerencia Regional de Transmisi\u00f3n Noroeste, Zona Transmisi\u00f3n Hermosillo, de la Comisi\u00f3n En Sonora en Equipo publicamos toda la informaci\u00f3n de Sonora, M\u00e9xico y el Mundo de manera oportuna y busca que la libertad de expresi\u00f3n sea real. Visita nuestro medio informativo publicado desde Hermosillo, Sonora. %\" \/>\n<meta name=\"robots\" content=\"index, follow, max-snippet:-1, max-image-preview:large, max-video-preview:-1\" \/>\n<link rel=\"canonical\" href=\"https:\/\/www.sonoraenequipo.com.mx\/no-se-suspendera-el-servicio-de-agua-para-colonias-del-sur-de-hermosillo-por-trabajos-de-cfe-en-acueducto-independencia\/\" \/>\n<meta property=\"og:locale\" content=\"es_ES\" \/>\n<meta property=\"og:type\" content=\"article\" \/>\n<meta property=\"og:title\" content=\"Sonora en Equipo. No se suspender\u00e1 el servicio de agua para colonias del sur de Hermosillo\u00a0 por trabajos de CFE en acueducto independencia \u00a0 Municipios\" \/>\n<meta property=\"og:description\" content=\"HERMOSILLO, SONORA,MX.\u2500\u2500 \u00a0A trav\u00e9s de un comunicado emitido por Gerencia Regional de Transmisi\u00f3n Noroeste, Zona Transmisi\u00f3n Hermosillo, de la Comisi\u00f3n En Sonora en Equipo publicamos toda la informaci\u00f3n de Sonora, M\u00e9xico y el Mundo de manera oportuna y busca que la libertad de expresi\u00f3n sea real. Visita nuestro medio informativo publicado desde Hermosillo, Sonora. %\" \/>\n<meta property=\"og:url\" content=\"https:\/\/www.sonoraenequipo.com.mx\/no-se-suspendera-el-servicio-de-agua-para-colonias-del-sur-de-hermosillo-por-trabajos-de-cfe-en-acueducto-independencia\/\" \/>\n<meta property=\"og:site_name\" content=\"Sonora en Equipo.\" \/>\n<meta property=\"article:publisher\" content=\"https:\/\/www.facebook.com\/SonoraEE\/\" \/>\n<meta property=\"article:author\" content=\"https:\/\/www.facebook.com\/SonoraEE\" \/>\n<meta property=\"article:published_time\" content=\"2021-08-04T02:41:36+00:00\" \/>\n<meta property=\"og:image\" content=\"https:\/\/www.sonoraenequipo.com.mx\/storage\/2021\/08\/acued-ind-3.jpg\" \/>\n\t<meta property=\"og:image:width\" content=\"700\" \/>\n\t<meta property=\"og:image:height\" content=\"400\" \/>\n\t<meta property=\"og:image:type\" content=\"image\/jpeg\" \/>\n<meta name=\"author\" content=\"enequipo\" \/>\n<meta name=\"twitter:card\" content=\"summary_large_image\" \/>\n<meta name=\"twitter:creator\" content=\"@sonoraenequipo\" \/>\n<meta name=\"twitter:site\" content=\"@sonoraenequipo\" \/>\n<meta name=\"twitter:label1\" content=\"Escrito por\" \/>\n\t<meta name=\"twitter:data1\" content=\"enequipo\" \/>\n\t<meta name=\"twitter:label2\" content=\"Tiempo de lectura\" \/>\n\t<meta name=\"twitter:data2\" content=\"1 minuto\" \/>\n<script type=\"application\/ld+json\" class=\"yoast-schema-graph\">{\"@context\":\"https:\/\/schema.org\",\"@graph\":[{\"@type\":\"Article\",\"@id\":\"https:\/\/www.sonoraenequipo.com.mx\/no-se-suspendera-el-servicio-de-agua-para-colonias-del-sur-de-hermosillo-por-trabajos-de-cfe-en-acueducto-independencia\/#article\",\"isPartOf\":{\"@id\":\"https:\/\/www.sonoraenequipo.com.mx\/no-se-suspendera-el-servicio-de-agua-para-colonias-del-sur-de-hermosillo-por-trabajos-de-cfe-en-acueducto-independencia\/\"},\"author\":{\"name\":\"enequipo\",\"@id\":\"https:\/\/www.sonoraenequipo.com.mx\/#\/schema\/person\/50102df0fb23a8fa9e8effad8fa81386\"},\"headline\":\"No se suspender\u00e1 el servicio de agua para colonias del sur de Hermosillo\u00a0 por trabajos de CFE en acueducto independencia \u00a0\",\"datePublished\":\"2021-08-04T02:41:36+00:00\",\"mainEntityOfPage\":{\"@id\":\"https:\/\/www.sonoraenequipo.com.mx\/no-se-suspendera-el-servicio-de-agua-para-colonias-del-sur-de-hermosillo-por-trabajos-de-cfe-en-acueducto-independencia\/\"},\"wordCount\":268,\"commentCount\":0,\"publisher\":{\"@id\":\"https:\/\/www.sonoraenequipo.com.mx\/#organization\"},\"image\":{\"@id\":\"https:\/\/www.sonoraenequipo.com.mx\/no-se-suspendera-el-servicio-de-agua-para-colonias-del-sur-de-hermosillo-por-trabajos-de-cfe-en-acueducto-independencia\/#primaryimage\"},\"thumbnailUrl\":\"https:\/\/www.sonoraenequipo.com.mx\/storage\/2021\/08\/acued-ind-3.jpg\",\"keywords\":[\"Acueducto Independencia\",\"aguahermosillo\"],\"articleSection\":[\"Municipios\"],\"inLanguage\":\"es\",\"potentialAction\":[{\"@type\":\"CommentAction\",\"name\":\"Comment\",\"target\":[\"https:\/\/www.sonoraenequipo.com.mx\/no-se-suspendera-el-servicio-de-agua-para-colonias-del-sur-de-hermosillo-por-trabajos-de-cfe-en-acueducto-independencia\/#respond\"]}]},{\"@type\":\"WebPage\",\"@id\":\"https:\/\/www.sonoraenequipo.com.mx\/no-se-suspendera-el-servicio-de-agua-para-colonias-del-sur-de-hermosillo-por-trabajos-de-cfe-en-acueducto-independencia\/\",\"url\":\"https:\/\/www.sonoraenequipo.com.mx\/no-se-suspendera-el-servicio-de-agua-para-colonias-del-sur-de-hermosillo-por-trabajos-de-cfe-en-acueducto-independencia\/\",\"name\":\"Sonora en Equipo. No se suspender\u00e1 el servicio de agua para colonias del sur de Hermosillo\u00a0 por trabajos de CFE en acueducto independencia \u00a0 Municipios\",\"isPartOf\":{\"@id\":\"https:\/\/www.sonoraenequipo.com.mx\/#website\"},\"primaryImageOfPage\":{\"@id\":\"https:\/\/www.sonoraenequipo.com.mx\/no-se-suspendera-el-servicio-de-agua-para-colonias-del-sur-de-hermosillo-por-trabajos-de-cfe-en-acueducto-independencia\/#primaryimage\"},\"image\":{\"@id\":\"https:\/\/www.sonoraenequipo.com.mx\/no-se-suspendera-el-servicio-de-agua-para-colonias-del-sur-de-hermosillo-por-trabajos-de-cfe-en-acueducto-independencia\/#primaryimage\"},\"thumbnailUrl\":\"https:\/\/www.sonoraenequipo.com.mx\/storage\/2021\/08\/acued-ind-3.jpg\",\"datePublished\":\"2021-08-04T02:41:36+00:00\",\"description\":\"HERMOSILLO, SONORA,MX.\u2500\u2500 \u00a0A trav\u00e9s de un comunicado emitido por Gerencia Regional de Transmisi\u00f3n Noroeste, Zona Transmisi\u00f3n Hermosillo, de la Comisi\u00f3n En Sonora en Equipo publicamos toda la informaci\u00f3n de Sonora, M\u00e9xico y el Mundo de manera oportuna y busca que la libertad de expresi\u00f3n sea real. Visita nuestro medio informativo publicado desde Hermosillo, Sonora. %\",\"breadcrumb\":{\"@id\":\"https:\/\/www.sonoraenequipo.com.mx\/no-se-suspendera-el-servicio-de-agua-para-colonias-del-sur-de-hermosillo-por-trabajos-de-cfe-en-acueducto-independencia\/#breadcrumb\"},\"inLanguage\":\"es\",\"potentialAction\":[{\"@type\":\"ReadAction\",\"target\":[\"https:\/\/www.sonoraenequipo.com.mx\/no-se-suspendera-el-servicio-de-agua-para-colonias-del-sur-de-hermosillo-por-trabajos-de-cfe-en-acueducto-independencia\/\"]}]},{\"@type\":\"ImageObject\",\"inLanguage\":\"es\",\"@id\":\"https:\/\/www.sonoraenequipo.com.mx\/no-se-suspendera-el-servicio-de-agua-para-colonias-del-sur-de-hermosillo-por-trabajos-de-cfe-en-acueducto-independencia\/#primaryimage\",\"url\":\"https:\/\/www.sonoraenequipo.com.mx\/storage\/2021\/08\/acued-ind-3.jpg\",\"contentUrl\":\"https:\/\/www.sonoraenequipo.com.mx\/storage\/2021\/08\/acued-ind-3.jpg\",\"width\":700,\"height\":400},{\"@type\":\"BreadcrumbList\",\"@id\":\"https:\/\/www.sonoraenequipo.com.mx\/no-se-suspendera-el-servicio-de-agua-para-colonias-del-sur-de-hermosillo-por-trabajos-de-cfe-en-acueducto-independencia\/#breadcrumb\",\"itemListElement\":[{\"@type\":\"ListItem\",\"position\":1,\"name\":\"Portada\",\"item\":\"https:\/\/www.sonoraenequipo.com.mx\/\"},{\"@type\":\"ListItem\",\"position\":2,\"name\":\"No se suspender\u00e1 el servicio de agua para colonias del sur de Hermosillo\u00a0 por trabajos de CFE en acueducto independencia \u00a0\"}]},{\"@type\":\"WebSite\",\"@id\":\"https:\/\/www.sonoraenequipo.com.mx\/#website\",\"url\":\"https:\/\/www.sonoraenequipo.com.mx\/\",\"name\":\"Sonora en Equipo.\",\"description\":\"Diario en l\u00ednea con Noticias desde Hermosillo, Sonora\",\"publisher\":{\"@id\":\"https:\/\/www.sonoraenequipo.com.mx\/#organization\"},\"potentialAction\":[{\"@type\":\"SearchAction\",\"target\":{\"@type\":\"EntryPoint\",\"urlTemplate\":\"https:\/\/www.sonoraenequipo.com.mx\/?s={search_term_string}\"},\"query-input\":{\"@type\":\"PropertyValueSpecification\",\"valueRequired\":true,\"valueName\":\"search_term_string\"}}],\"inLanguage\":\"es\"},{\"@type\":\"Organization\",\"@id\":\"https:\/\/www.sonoraenequipo.com.mx\/#organization\",\"name\":\"Sonoraenequipo.com.mx\",\"url\":\"https:\/\/www.sonoraenequipo.com.mx\/\",\"logo\":{\"@type\":\"ImageObject\",\"inLanguage\":\"es\",\"@id\":\"https:\/\/www.sonoraenequipo.com.mx\/#\/schema\/logo\/image\/\",\"url\":\"https:\/\/www.sonoraenequipo.com.mx\/storage\/2019\/01\/sonoraenequipo_opt.png\",\"contentUrl\":\"https:\/\/www.sonoraenequipo.com.mx\/storage\/2019\/01\/sonoraenequipo_opt.png\",\"width\":375,\"height\":125,\"caption\":\"Sonoraenequipo.com.mx\"},\"image\":{\"@id\":\"https:\/\/www.sonoraenequipo.com.mx\/#\/schema\/logo\/image\/\"},\"sameAs\":[\"https:\/\/www.facebook.com\/SonoraEE\/\",\"https:\/\/x.com\/sonoraenequipo\",\"https:\/\/www.youtube.com\/channel\/UC338nW-lPEYmJQs4ZABQ1SQ\"]},{\"@type\":\"Person\",\"@id\":\"https:\/\/www.sonoraenequipo.com.mx\/#\/schema\/person\/50102df0fb23a8fa9e8effad8fa81386\",\"name\":\"enequipo\",\"image\":{\"@type\":\"ImageObject\",\"inLanguage\":\"es\",\"@id\":\"https:\/\/www.sonoraenequipo.com.mx\/#\/schema\/person\/image\/\",\"url\":\"https:\/\/secure.gravatar.com\/avatar\/049821681b589dabc0bc20695993ccebb09f5b5d4d790cd9251b97faac7c652b?s=96&d=blank&r=g\",\"contentUrl\":\"https:\/\/secure.gravatar.com\/avatar\/049821681b589dabc0bc20695993ccebb09f5b5d4d790cd9251b97faac7c652b?s=96&d=blank&r=g\",\"caption\":\"enequipo\"},\"sameAs\":[\"https:\/\/www.facebook.com\/SonoraEE\"]}]}<\/script>\n ","yoast_head_json":{"title":"Sonora en Equipo. No se suspender\u00e1 el servicio de agua para colonias del sur de Hermosillo\u00a0 por trabajos de CFE en acueducto independencia \u00a0 Municipios","description":"HERMOSILLO, SONORA,MX.\u2500\u2500 \u00a0A trav\u00e9s de un comunicado emitido por Gerencia Regional de Transmisi\u00f3n Noroeste, Zona Transmisi\u00f3n Hermosillo, de la Comisi\u00f3n En Sonora en Equipo publicamos toda la informaci\u00f3n de Sonora, M\u00e9xico y el Mundo de manera oportuna y busca que la libertad de expresi\u00f3n sea real. Visita nuestro medio informativo publicado desde Hermosillo, Sonora. %","robots":{"index":"index","follow":"follow","max-snippet":"max-snippet:-1","max-image-preview":"max-image-preview:large","max-video-preview":"max-video-preview:-1"},"canonical":"https:\/\/www.sonoraenequipo.com.mx\/no-se-suspendera-el-servicio-de-agua-para-colonias-del-sur-de-hermosillo-por-trabajos-de-cfe-en-acueducto-independencia\/","og_locale":"es_ES","og_type":"article","og_title":"Sonora en Equipo. No se suspender\u00e1 el servicio de agua para colonias del sur de Hermosillo\u00a0 por trabajos de CFE en acueducto independencia \u00a0 Municipios","og_description":"HERMOSILLO, SONORA,MX.\u2500\u2500 \u00a0A trav\u00e9s de un comunicado emitido por Gerencia Regional de Transmisi\u00f3n Noroeste, Zona Transmisi\u00f3n Hermosillo, de la Comisi\u00f3n En Sonora en Equipo publicamos toda la informaci\u00f3n de Sonora, M\u00e9xico y el Mundo de manera oportuna y busca que la libertad de expresi\u00f3n sea real. Visita nuestro medio informativo publicado desde Hermosillo, Sonora. %","og_url":"https:\/\/www.sonoraenequipo.com.mx\/no-se-suspendera-el-servicio-de-agua-para-colonias-del-sur-de-hermosillo-por-trabajos-de-cfe-en-acueducto-independencia\/","og_site_name":"Sonora en Equipo.","article_publisher":"https:\/\/www.facebook.com\/SonoraEE\/","article_author":"https:\/\/www.facebook.com\/SonoraEE","article_published_time":"2021-08-04T02:41:36+00:00","og_image":[{"width":700,"height":400,"url":"https:\/\/www.sonoraenequipo.com.mx\/storage\/2021\/08\/acued-ind-3.jpg","type":"image\/jpeg"}],"author":"enequipo","twitter_card":"summary_large_image","twitter_creator":"@sonoraenequipo","twitter_site":"@sonoraenequipo","twitter_misc":{"Escrito por":"enequipo","Tiempo de lectura":"1 minuto"},"schema":{"@context":"https:\/\/schema.org","@graph":[{"@type":"Article","@id":"https:\/\/www.sonoraenequipo.com.mx\/no-se-suspendera-el-servicio-de-agua-para-colonias-del-sur-de-hermosillo-por-trabajos-de-cfe-en-acueducto-independencia\/#article","isPartOf":{"@id":"https:\/\/www.sonoraenequipo.com.mx\/no-se-suspendera-el-servicio-de-agua-para-colonias-del-sur-de-hermosillo-por-trabajos-de-cfe-en-acueducto-independencia\/"},"author":{"name":"enequipo","@id":"https:\/\/www.sonoraenequipo.com.mx\/#\/schema\/person\/50102df0fb23a8fa9e8effad8fa81386"},"headline":"No se suspender\u00e1 el servicio de agua para colonias del sur de Hermosillo\u00a0 por trabajos de CFE en acueducto independencia \u00a0","datePublished":"2021-08-04T02:41:36+00:00","mainEntityOfPage":{"@id":"https:\/\/www.sonoraenequipo.com.mx\/no-se-suspendera-el-servicio-de-agua-para-colonias-del-sur-de-hermosillo-por-trabajos-de-cfe-en-acueducto-independencia\/"},"wordCount":268,"commentCount":0,"publisher":{"@id":"https:\/\/www.sonoraenequipo.com.mx\/#organization"},"image":{"@id":"https:\/\/www.sonoraenequipo.com.mx\/no-se-suspendera-el-servicio-de-agua-para-colonias-del-sur-de-hermosillo-por-trabajos-de-cfe-en-acueducto-independencia\/#primaryimage"},"thumbnailUrl":"https:\/\/www.sonoraenequipo.com.mx\/storage\/2021\/08\/acued-ind-3.jpg","keywords":["Acueducto Independencia","aguahermosillo"],"articleSection":["Municipios"],"inLanguage":"es","potentialAction":[{"@type":"CommentAction","name":"Comment","target":["https:\/\/www.sonoraenequipo.com.mx\/no-se-suspendera-el-servicio-de-agua-para-colonias-del-sur-de-hermosillo-por-trabajos-de-cfe-en-acueducto-independencia\/#respond"]}]},{"@type":"WebPage","@id":"https:\/\/www.sonoraenequipo.com.mx\/no-se-suspendera-el-servicio-de-agua-para-colonias-del-sur-de-hermosillo-por-trabajos-de-cfe-en-acueducto-independencia\/","url":"https:\/\/www.sonoraenequipo.com.mx\/no-se-suspendera-el-servicio-de-agua-para-colonias-del-sur-de-hermosillo-por-trabajos-de-cfe-en-acueducto-independencia\/","name":"Sonora en Equipo. No se suspender\u00e1 el servicio de agua para colonias del sur de Hermosillo\u00a0 por trabajos de CFE en acueducto independencia \u00a0 Municipios","isPartOf":{"@id":"https:\/\/www.sonoraenequipo.com.mx\/#website"},"primaryImageOfPage":{"@id":"https:\/\/www.sonoraenequipo.com.mx\/no-se-suspendera-el-servicio-de-agua-para-colonias-del-sur-de-hermosillo-por-trabajos-de-cfe-en-acueducto-independencia\/#primaryimage"},"image":{"@id":"https:\/\/www.sonoraenequipo.com.mx\/no-se-suspendera-el-servicio-de-agua-para-colonias-del-sur-de-hermosillo-por-trabajos-de-cfe-en-acueducto-independencia\/#primaryimage"},"thumbnailUrl":"https:\/\/www.sonoraenequipo.com.mx\/storage\/2021\/08\/acued-ind-3.jpg","datePublished":"2021-08-04T02:41:36+00:00","description":"HERMOSILLO, SONORA,MX.\u2500\u2500 \u00a0A trav\u00e9s de un comunicado emitido por Gerencia Regional de Transmisi\u00f3n Noroeste, Zona Transmisi\u00f3n Hermosillo, de la Comisi\u00f3n En Sonora en Equipo publicamos toda la informaci\u00f3n de Sonora, M\u00e9xico y el Mundo de manera oportuna y busca que la libertad de expresi\u00f3n sea real. Visita nuestro medio informativo publicado desde Hermosillo, Sonora. %","breadcrumb":{"@id":"https:\/\/www.sonoraenequipo.com.mx\/no-se-suspendera-el-servicio-de-agua-para-colonias-del-sur-de-hermosillo-por-trabajos-de-cfe-en-acueducto-independencia\/#breadcrumb"},"inLanguage":"es","potentialAction":[{"@type":"ReadAction","target":["https:\/\/www.sonoraenequipo.com.mx\/no-se-suspendera-el-servicio-de-agua-para-colonias-del-sur-de-hermosillo-por-trabajos-de-cfe-en-acueducto-independencia\/"]}]},{"@type":"ImageObject","inLanguage":"es","@id":"https:\/\/www.sonoraenequipo.com.mx\/no-se-suspendera-el-servicio-de-agua-para-colonias-del-sur-de-hermosillo-por-trabajos-de-cfe-en-acueducto-independencia\/#primaryimage","url":"https:\/\/www.sonoraenequipo.com.mx\/storage\/2021\/08\/acued-ind-3.jpg","contentUrl":"https:\/\/www.sonoraenequipo.com.mx\/storage\/2021\/08\/acued-ind-3.jpg","width":700,"height":400},{"@type":"BreadcrumbList","@id":"https:\/\/www.sonoraenequipo.com.mx\/no-se-suspendera-el-servicio-de-agua-para-colonias-del-sur-de-hermosillo-por-trabajos-de-cfe-en-acueducto-independencia\/#breadcrumb","itemListElement":[{"@type":"ListItem","position":1,"name":"Portada","item":"https:\/\/www.sonoraenequipo.com.mx\/"},{"@type":"ListItem","position":2,"name":"No se suspender\u00e1 el servicio de agua para colonias del sur de Hermosillo\u00a0 por trabajos de CFE en acueducto independencia \u00a0"}]},{"@type":"WebSite","@id":"https:\/\/www.sonoraenequipo.com.mx\/#website","url":"https:\/\/www.sonoraenequipo.com.mx\/","name":"Sonora en Equipo.","description":"Diario en l\u00ednea con Noticias desde Hermosillo, Sonora","publisher":{"@id":"https:\/\/www.sonoraenequipo.com.mx\/#organization"},"potentialAction":[{"@type":"SearchAction","target":{"@type":"EntryPoint","urlTemplate":"https:\/\/www.sonoraenequipo.com.mx\/?s={search_term_string}"},"query-input":{"@type":"PropertyValueSpecification","valueRequired":true,"valueName":"search_term_string"}}],"inLanguage":"es"},{"@type":"Organization","@id":"https:\/\/www.sonoraenequipo.com.mx\/#organization","name":"Sonoraenequipo.com.mx","url":"https:\/\/www.sonoraenequipo.com.mx\/","logo":{"@type":"ImageObject","inLanguage":"es","@id":"https:\/\/www.sonoraenequipo.com.mx\/#\/schema\/logo\/image\/","url":"https:\/\/www.sonoraenequipo.com.mx\/storage\/2019\/01\/sonoraenequipo_opt.png","contentUrl":"https:\/\/www.sonoraenequipo.com.mx\/storage\/2019\/01\/sonoraenequipo_opt.png","width":375,"height":125,"caption":"Sonoraenequipo.com.mx"},"image":{"@id":"https:\/\/www.sonoraenequipo.com.mx\/#\/schema\/logo\/image\/"},"sameAs":["https:\/\/www.facebook.com\/SonoraEE\/","https:\/\/x.com\/sonoraenequipo","https:\/\/www.youtube.com\/channel\/UC338nW-lPEYmJQs4ZABQ1SQ"]},{"@type":"Person","@id":"https:\/\/www.sonoraenequipo.com.mx\/#\/schema\/person\/50102df0fb23a8fa9e8effad8fa81386","name":"enequipo","image":{"@type":"ImageObject","inLanguage":"es","@id":"https:\/\/www.sonoraenequipo.com.mx\/#\/schema\/person\/image\/","url":"https:\/\/secure.gravatar.com\/avatar\/049821681b589dabc0bc20695993ccebb09f5b5d4d790cd9251b97faac7c652b?s=96&d=blank&r=g","contentUrl":"https:\/\/secure.gravatar.com\/avatar\/049821681b589dabc0bc20695993ccebb09f5b5d4d790cd9251b97faac7c652b?s=96&d=blank&r=g","caption":"enequipo"},"sameAs":["https:\/\/www.facebook.com\/SonoraEE"]}]}},"jetpack_featured_media_url":"https:\/\/www.sonoraenequipo.com.mx\/storage\/2021\/08\/acued-ind-3.jpg","_links":{"self":[{"href":"https:\/\/www.sonoraenequipo.com.mx\/api\/wp\/v2\/posts\/119719","targetHints":{"allow":["GET"]}}],"collection":[{"href":"https:\/\/www.sonoraenequipo.com.mx\/api\/wp\/v2\/posts"}],"about":[{"href":"https:\/\/www.sonoraenequipo.com.mx\/api\/wp\/v2\/types\/post"}],"author":[{"embeddable":true,"href":"https:\/\/www.sonoraenequipo.com.mx\/api\/wp\/v2\/users\/1"}],"replies":[{"embeddable":true,"href":"https:\/\/www.sonoraenequipo.com.mx\/api\/wp\/v2\/comments?post=119719"}],"version-history":[{"count":1,"href":"https:\/\/www.sonoraenequipo.com.mx\/api\/wp\/v2\/posts\/119719\/revisions"}],"predecessor-version":[{"id":119721,"href":"https:\/\/www.sonoraenequipo.com.mx\/api\/wp\/v2\/posts\/119719\/revisions\/119721"}],"wp:featuredmedia":[{"embeddable":true,"href":"https:\/\/www.sonoraenequipo.com.mx\/api\/wp\/v2\/media\/119720"}],"wp:attachment":[{"href":"https:\/\/www.sonoraenequipo.com.mx\/api\/wp\/v2\/media?parent=119719"}],"wp:term":[{"taxonomy":"category","embeddable":true,"href":"https:\/\/www.sonoraenequipo.com.mx\/api\/wp\/v2\/categories?post=119719"},{"taxonomy":"post_tag","embeddable":true,"href":"https:\/\/www.sonoraenequipo.com.mx\/api\/wp\/v2\/tags?post=119719"}],"curies":[{"name":"wp","href":"https:\/\/api.w.org\/{rel}","templated":true}]}}