{"id":119726,"date":"2021-08-03T23:41:33","date_gmt":"2021-08-04T06:41:33","guid":{"rendered":"https:\/\/www.sonoraenequipo.com.mx\/?p=119726"},"modified":"2021-08-04T09:39:31","modified_gmt":"2021-08-04T16:39:31","slug":"presentan-iniciativas-a-favor-de-elementos-de-policia","status":"publish","type":"post","link":"https:\/\/www.sonoraenequipo.com.mx\/presentan-iniciativas-a-favor-de-elementos-de-policia\/","title":{"rendered":"Presentan iniciativas a favor de elementos de Polic\u00eda"},"content":{"rendered":"<p>HERMOSILLO, SONORA,MX.\u2500\u2500 \u00a0Un proyecto de ley que crea el fondo de previsi\u00f3n social de los elementos de Polic\u00eda del Estado de Sonora y un proyecto de decreto para agravar en el C\u00f3digo Penal el delito de homicidio en contra de elementos de la Polic\u00eda, fueron presentados durante la sesi\u00f3n ordinaria de la Diputaci\u00f3n Permanente.<\/p>\n<p>&nbsp;<\/p>\n<p>&nbsp;<\/p>\n<p>&nbsp;<\/p>\n<p>La primera iniciativa, que el presidente de la mesa directiva, diputado Francisco Javier Duarte Flores, turn\u00f3 a las comisiones de Asuntos del Trabajo y de Seguridad P\u00fablica, en forma unida, fue presentada por el diputado Jes\u00fas Alonso Montes Pi\u00f1a, quien sostuvo que las autoridades de los tres \u00e1mbitos de gobierno est\u00e1n obligadas a instrumentar sistemas complementarios de seguridad social, a fin de propiciar el fortalecimiento del sistema de seguridad social del personal del Ministerio P\u00fablico, corporaciones policiales y servicios periciales.<\/p>\n<p>&nbsp;<\/p>\n<p>&nbsp;<\/p>\n<p>&nbsp;<\/p>\n<p>\u201cLo anterior debe ser para cubrir riesgos y enfermedades profesionales, formar fondos y haberes de retiro, para primas de antig\u00fcedad, fondos que cubran gastos m\u00e9dicos, gastos de funeral, subsidios por incapacidad, becas educacionales para ellos y sus hijos e hijas, servicio de guarder\u00edas infantiles, actividades culturales y deportivas y otras prestaciones de previsi\u00f3n social de naturaleza an\u00e1loga\u201d, expres\u00f3.<\/p>\n<p>&nbsp;<\/p>\n<p>&nbsp;<\/p>\n<p>&nbsp;<\/p>\n<p>El diputado agreg\u00f3 que con esta propuesta se busca que a trav\u00e9s del fondo de previsi\u00f3n social exclusivo para los elementos de las diversas corporaciones policiales del Estado y de los municipios, se otorgue la protecci\u00f3n necesaria para ellos y sus familias, y se combatan las privaciones econ\u00f3micas y sociales que les ocasionan un duro golpe en su econom\u00eda, pues actualmente muchos de ellos no pueden solventar los gastos elementales, como son la maternidad, enfermedad, accidentes laborales, invalidez, vejez o incluso la muerte.<\/p>\n<p>&nbsp;<\/p>\n<p>&nbsp;<\/p>\n<p>&nbsp;<\/p>\n<p>El proyecto de ley establece el otorgamiento de pr\u00e9stamos a corto y mediano plazo, en vista de que la previsi\u00f3n social ha tenido un avance importante durante los \u00faltimos a\u00f1os, dijo, ya que busca prever las contingencias a futuro, pues los polic\u00edas en M\u00e9xico tienen bajos sueldos, escasa capacitaci\u00f3n, est\u00e1n mal equipados, trabajan en condiciones de peligro extremo y con jornadas extenuantes.<\/p>\n<p>&nbsp;<\/p>\n<p>&nbsp;<\/p>\n<p>&nbsp;<\/p>\n<p>La segunda iniciativa presentada durante la sesi\u00f3n ordinaria de la Diputaci\u00f3n Permanente correspondi\u00f3 a la diputada Mar\u00eda Magdalena Uribe Pe\u00f1a, quien propuso adiciones a diversas disposiciones del C\u00f3digo Penal del Estado de Sonora, como una acci\u00f3n legislativa para subir un escal\u00f3n en la dignificaci\u00f3n de los integrantes de las instituciones de seguridad, procuraci\u00f3n y administraci\u00f3n de justicia, se\u00f1al\u00f3.<\/p>\n<p>&nbsp;<\/p>\n<p>&nbsp;<\/p>\n<p>&nbsp;<\/p>\n<p>Expuso que solo trece entidades federativas no cuentan con la calificativa de homicidio trat\u00e1ndose de miembros de instituciones policiales, por lo que su propuesta busca abarcar no solo este delito, sino tambi\u00e9n aquellas lesiones que sean cometidas en contra de servidores p\u00fablicos que desempe\u00f1en funciones de seguridad p\u00fablica, de investigaci\u00f3n de delitos, de administraci\u00f3n, procuraci\u00f3n e impartici\u00f3n de justicia.<\/p>\n<p>&nbsp;<\/p>\n<p>&nbsp;<\/p>\n<p>&nbsp;<\/p>\n<p>\u201cEn Sonora, del primero de enero de 2018 al 30 de noviembre de 2020 fueron asesinados 55 elementos, y en lo que va de 2021 se hab\u00edan registrado cinco polic\u00edas abatidos. Los datos, aparentemente representan s\u00f3lo n\u00fameros o una casilla de estad\u00edstica, pero hablamos de personas que ten\u00edan familias, que dieron su vida por la ciudadan\u00eda en el cumplimiento de su deber, dejando hijos, hermanos, primos, entre muchos otros familiares y amigos\u201d, extern\u00f3.<\/p>\n<p>&nbsp;<\/p>\n<p>&nbsp;<\/p>\n<p>&nbsp;<\/p>\n<p>La diputada indic\u00f3 es necesario que hoy pongan especial \u00e9nfasis en esos elementos que perdieron la vida en el desempe\u00f1o de sus labores, entre los que mencion\u00f3 el ataque armado que sufrieron cinco elementos de la Polic\u00eda Municipal de Guaymas, en octubre de 2018, y otro ocurrido en el crucero de L\u00f3pez Portillo y Bulevar Morelos, en contra de elementos de la Polic\u00eda Municipal de Hermosillo.<\/p>\n<p>&nbsp;<\/p>\n<p>&nbsp;<\/p>\n<p>&nbsp;<\/p>\n<p>En el proyecto de decreto se propone que tanto en el delito de lesiones como en el de homicidio, cuando sea cometido en contra de servidores p\u00fablicos con motivo de sus funciones de seguridad p\u00fablica, de investigaci\u00f3n de delitos, de administraci\u00f3n, procuraci\u00f3n o impartici\u00f3n de justicia, aumentar\u00e1 la pena que corresponda hasta en una tercera parte.<\/p>\n<p>&nbsp;<\/p>\n<p>&nbsp;<\/p>\n<p>&nbsp;<\/p>\n<p>En esta sesi\u00f3n ordinaria, los integrantes de la mesa directiva aprobaron un punto de Acuerdo mediante el cual el Congreso del Estado resuelve exhortar a diversas autoridades para que, en el \u00e1mbito de sus atribuciones, realicen las acciones tendientes a resarcir los da\u00f1os ecol\u00f3gico-ambientales, a la salud y a la econom\u00eda, provocados por Grupo M\u00e9xico el 6 de agosto de 2014, con el derrame de residuos t\u00f3xicos, afirm\u00f3 el diputado Carlos Navarrete Aguirre.<\/p>\n<p>&nbsp;<\/p>\n<p>&nbsp;<\/p>\n<p>&nbsp;<\/p>\n<p>La iniciativa contiene tres puntos: exhortar a los titulares de la Secretar\u00eda de Salud del Gobierno Federal, del Gobierno del Estado y de la Comisi\u00f3n Estatal de Protecci\u00f3n contra Riesgos Sanitarios, COESPRISON, para que realicen estudios m\u00e9dicos y se haga una evaluaci\u00f3n real de los da\u00f1os provocados a la salud de las y los habitantes de los municipios pertenecientes a la regi\u00f3n del R\u00edo Sonora.<\/p>\n<p>&nbsp;<\/p>\n<p>&nbsp;<\/p>\n<p>&nbsp;<\/p>\n<p>En el segundo punto se exhorta a los titulares de la Comisi\u00f3n Nacional del Agua, CONAGUA; de la Comisi\u00f3n Estatal del Agua, CEA; y de la COESPRISON, para que analicen, de manera urgente, los mantos acu\u00edferos de la regi\u00f3n del R\u00edo Sonora, para saber si existen afectaciones en los mismos que pudieran provocar da\u00f1os a la ciudadan\u00eda, en caso de que consuman el agua.<\/p>\n<p>&nbsp;<\/p>\n<p>&nbsp;<\/p>\n<p>&nbsp;<\/p>\n<p>En un tercer punto se dirige exhorto a los titulares de las secretar\u00edas de Econom\u00eda de los gobiernos federal y estatal, para que, de manera conjunta, realicen an\u00e1lisis y estudios de impacto econ\u00f3mico derivados del derrame de residuos t\u00f3xicos en el R\u00edo Sonora, as\u00ed como acciones para mejorar la econom\u00eda y calidad de vida de las y los afectados en forma directa por dicho derrame.<\/p>\n<p>&nbsp;<\/p>\n<p>&nbsp;<\/p>\n<p>&nbsp;<\/p>\n<p>Con oportunidad se informar\u00e1 a trav\u00e9s de la Gaceta Parlamentaria, el d\u00eda y la hora de una pr\u00f3xima sesi\u00f3n ordinaria de la Diputaci\u00f3n Permanente.<\/p>\n<p>Fecha de Publicaci\u00f3n\u00a0 martes\u00a0 \/ 03\u00a0\u00a0 \/ agosto \/ 2021<\/p>\n","protected":false},"excerpt":{"rendered":"<p>HERMOSILLO, SONORA,MX.\u2500\u2500 \u00a0Un proyecto de ley que crea el fondo de previsi\u00f3n social de los&#8230;<\/p>\n","protected":false},"author":1,"featured_media":119727,"comment_status":"open","ping_status":"open","sticky":false,"template":"","format":"standard","meta":{"_monsterinsights_skip_tracking":false,"_monsterinsights_sitenote_active":false,"_monsterinsights_sitenote_note":"","_monsterinsights_sitenote_category":0,"footnotes":""},"categories":[3281],"tags":[1248,15],"class_list":["post"],"yoast_head":" \n<title>Sonora en Equipo. Presentan iniciativas a favor de elementos de Polic\u00eda Congreso<\/title>\n<meta name=\"description\" content=\"HERMOSILLO, SONORA,MX.\u2500\u2500 \u00a0Un proyecto de ley que crea el fondo de previsi\u00f3n social de los elementos de Polic\u00eda del Estado de Sonora y un proyecto de En Sonora en Equipo publicamos toda la informaci\u00f3n de Sonora, M\u00e9xico y el Mundo de manera oportuna y busca que la libertad de expresi\u00f3n sea real. Visita nuestro medio informativo publicado desde Hermosillo, Sonora. %\" \/>\n<meta name=\"robots\" content=\"index, follow, max-snippet:-1, max-image-preview:large, max-video-preview:-1\" \/>\n<link rel=\"canonical\" href=\"https:\/\/www.sonoraenequipo.com.mx\/presentan-iniciativas-a-favor-de-elementos-de-policia\/\" \/>\n<meta property=\"og:locale\" content=\"es_ES\" \/>\n<meta property=\"og:type\" content=\"article\" \/>\n<meta property=\"og:title\" content=\"Sonora en Equipo. Presentan iniciativas a favor de elementos de Polic\u00eda Congreso\" \/>\n<meta property=\"og:description\" content=\"HERMOSILLO, SONORA,MX.\u2500\u2500 \u00a0Un proyecto de ley que crea el fondo de previsi\u00f3n social de los elementos de Polic\u00eda del Estado de Sonora y un proyecto de En Sonora en Equipo publicamos toda la informaci\u00f3n de Sonora, M\u00e9xico y el Mundo de manera oportuna y busca que la libertad de expresi\u00f3n sea real. Visita nuestro medio informativo publicado desde Hermosillo, Sonora. %\" \/>\n<meta property=\"og:url\" content=\"https:\/\/www.sonoraenequipo.com.mx\/presentan-iniciativas-a-favor-de-elementos-de-policia\/\" \/>\n<meta property=\"og:site_name\" content=\"Sonora en Equipo.\" \/>\n<meta property=\"article:publisher\" content=\"https:\/\/www.facebook.com\/SonoraEE\/\" \/>\n<meta property=\"article:author\" content=\"https:\/\/www.facebook.com\/SonoraEE\" \/>\n<meta property=\"article:published_time\" content=\"2021-08-04T06:41:33+00:00\" \/>\n<meta property=\"article:modified_time\" content=\"2021-08-04T16:39:31+00:00\" \/>\n<meta property=\"og:image\" content=\"https:\/\/www.sonoraenequipo.com.mx\/storage\/2021\/08\/cong030821.jpg\" \/>\n\t<meta property=\"og:image:width\" content=\"700\" \/>\n\t<meta property=\"og:image:height\" content=\"400\" \/>\n\t<meta property=\"og:image:type\" content=\"image\/jpeg\" \/>\n<meta name=\"author\" content=\"enequipo\" \/>\n<meta name=\"twitter:card\" content=\"summary_large_image\" \/>\n<meta name=\"twitter:creator\" content=\"@sonoraenequipo\" \/>\n<meta name=\"twitter:site\" content=\"@sonoraenequipo\" \/>\n<meta name=\"twitter:label1\" content=\"Escrito por\" \/>\n\t<meta name=\"twitter:data1\" content=\"enequipo\" \/>\n\t<meta name=\"twitter:label2\" content=\"Tiempo de lectura\" \/>\n\t<meta name=\"twitter:data2\" content=\"5 minutos\" \/>\n<script type=\"application\/ld+json\" class=\"yoast-schema-graph\">{\"@context\":\"https:\/\/schema.org\",\"@graph\":[{\"@type\":\"Article\",\"@id\":\"https:\/\/www.sonoraenequipo.com.mx\/presentan-iniciativas-a-favor-de-elementos-de-policia\/#article\",\"isPartOf\":{\"@id\":\"https:\/\/www.sonoraenequipo.com.mx\/presentan-iniciativas-a-favor-de-elementos-de-policia\/\"},\"author\":{\"name\":\"enequipo\",\"@id\":\"https:\/\/www.sonoraenequipo.com.mx\/#\/schema\/person\/50102df0fb23a8fa9e8effad8fa81386\"},\"headline\":\"Presentan iniciativas a favor de elementos de Polic\u00eda\",\"datePublished\":\"2021-08-04T06:41:33+00:00\",\"dateModified\":\"2021-08-04T16:39:31+00:00\",\"mainEntityOfPage\":{\"@id\":\"https:\/\/www.sonoraenequipo.com.mx\/presentan-iniciativas-a-favor-de-elementos-de-policia\/\"},\"wordCount\":1088,\"commentCount\":0,\"publisher\":{\"@id\":\"https:\/\/www.sonoraenequipo.com.mx\/#organization\"},\"image\":{\"@id\":\"https:\/\/www.sonoraenequipo.com.mx\/presentan-iniciativas-a-favor-de-elementos-de-policia\/#primaryimage\"},\"thumbnailUrl\":\"https:\/\/www.sonoraenequipo.com.mx\/storage\/2021\/08\/cong030821.jpg\",\"keywords\":[\"CONGRESO\",\"Sonora\"],\"articleSection\":[\"Congreso\"],\"inLanguage\":\"es\",\"potentialAction\":[{\"@type\":\"CommentAction\",\"name\":\"Comment\",\"target\":[\"https:\/\/www.sonoraenequipo.com.mx\/presentan-iniciativas-a-favor-de-elementos-de-policia\/#respond\"]}]},{\"@type\":\"WebPage\",\"@id\":\"https:\/\/www.sonoraenequipo.com.mx\/presentan-iniciativas-a-favor-de-elementos-de-policia\/\",\"url\":\"https:\/\/www.sonoraenequipo.com.mx\/presentan-iniciativas-a-favor-de-elementos-de-policia\/\",\"name\":\"Sonora en Equipo. Presentan iniciativas a favor de elementos de Polic\u00eda Congreso\",\"isPartOf\":{\"@id\":\"https:\/\/www.sonoraenequipo.com.mx\/#website\"},\"primaryImageOfPage\":{\"@id\":\"https:\/\/www.sonoraenequipo.com.mx\/presentan-iniciativas-a-favor-de-elementos-de-policia\/#primaryimage\"},\"image\":{\"@id\":\"https:\/\/www.sonoraenequipo.com.mx\/presentan-iniciativas-a-favor-de-elementos-de-policia\/#primaryimage\"},\"thumbnailUrl\":\"https:\/\/www.sonoraenequipo.com.mx\/storage\/2021\/08\/cong030821.jpg\",\"datePublished\":\"2021-08-04T06:41:33+00:00\",\"dateModified\":\"2021-08-04T16:39:31+00:00\",\"description\":\"HERMOSILLO, SONORA,MX.\u2500\u2500 \u00a0Un proyecto de ley que crea el fondo de previsi\u00f3n social de los elementos de Polic\u00eda del Estado de Sonora y un proyecto de En Sonora en Equipo publicamos toda la informaci\u00f3n de Sonora, M\u00e9xico y el Mundo de manera oportuna y busca que la libertad de expresi\u00f3n sea real. Visita nuestro medio informativo publicado desde Hermosillo, Sonora. %\",\"breadcrumb\":{\"@id\":\"https:\/\/www.sonoraenequipo.com.mx\/presentan-iniciativas-a-favor-de-elementos-de-policia\/#breadcrumb\"},\"inLanguage\":\"es\",\"potentialAction\":[{\"@type\":\"ReadAction\",\"target\":[\"https:\/\/www.sonoraenequipo.com.mx\/presentan-iniciativas-a-favor-de-elementos-de-policia\/\"]}]},{\"@type\":\"ImageObject\",\"inLanguage\":\"es\",\"@id\":\"https:\/\/www.sonoraenequipo.com.mx\/presentan-iniciativas-a-favor-de-elementos-de-policia\/#primaryimage\",\"url\":\"https:\/\/www.sonoraenequipo.com.mx\/storage\/2021\/08\/cong030821.jpg\",\"contentUrl\":\"https:\/\/www.sonoraenequipo.com.mx\/storage\/2021\/08\/cong030821.jpg\",\"width\":700,\"height\":400},{\"@type\":\"BreadcrumbList\",\"@id\":\"https:\/\/www.sonoraenequipo.com.mx\/presentan-iniciativas-a-favor-de-elementos-de-policia\/#breadcrumb\",\"itemListElement\":[{\"@type\":\"ListItem\",\"position\":1,\"name\":\"Portada\",\"item\":\"https:\/\/www.sonoraenequipo.com.mx\/\"},{\"@type\":\"ListItem\",\"position\":2,\"name\":\"Presentan iniciativas a favor de elementos de Polic\u00eda\"}]},{\"@type\":\"WebSite\",\"@id\":\"https:\/\/www.sonoraenequipo.com.mx\/#website\",\"url\":\"https:\/\/www.sonoraenequipo.com.mx\/\",\"name\":\"Sonora en Equipo.\",\"description\":\"Diario en l\u00ednea con Noticias desde Hermosillo, Sonora\",\"publisher\":{\"@id\":\"https:\/\/www.sonoraenequipo.com.mx\/#organization\"},\"potentialAction\":[{\"@type\":\"SearchAction\",\"target\":{\"@type\":\"EntryPoint\",\"urlTemplate\":\"https:\/\/www.sonoraenequipo.com.mx\/?s={search_term_string}\"},\"query-input\":{\"@type\":\"PropertyValueSpecification\",\"valueRequired\":true,\"valueName\":\"search_term_string\"}}],\"inLanguage\":\"es\"},{\"@type\":\"Organization\",\"@id\":\"https:\/\/www.sonoraenequipo.com.mx\/#organization\",\"name\":\"Sonoraenequipo.com.mx\",\"url\":\"https:\/\/www.sonoraenequipo.com.mx\/\",\"logo\":{\"@type\":\"ImageObject\",\"inLanguage\":\"es\",\"@id\":\"https:\/\/www.sonoraenequipo.com.mx\/#\/schema\/logo\/image\/\",\"url\":\"https:\/\/www.sonoraenequipo.com.mx\/storage\/2019\/01\/sonoraenequipo_opt.png\",\"contentUrl\":\"https:\/\/www.sonoraenequipo.com.mx\/storage\/2019\/01\/sonoraenequipo_opt.png\",\"width\":375,\"height\":125,\"caption\":\"Sonoraenequipo.com.mx\"},\"image\":{\"@id\":\"https:\/\/www.sonoraenequipo.com.mx\/#\/schema\/logo\/image\/\"},\"sameAs\":[\"https:\/\/www.facebook.com\/SonoraEE\/\",\"https:\/\/x.com\/sonoraenequipo\",\"https:\/\/www.youtube.com\/channel\/UC338nW-lPEYmJQs4ZABQ1SQ\"]},{\"@type\":\"Person\",\"@id\":\"https:\/\/www.sonoraenequipo.com.mx\/#\/schema\/person\/50102df0fb23a8fa9e8effad8fa81386\",\"name\":\"enequipo\",\"image\":{\"@type\":\"ImageObject\",\"inLanguage\":\"es\",\"@id\":\"https:\/\/www.sonoraenequipo.com.mx\/#\/schema\/person\/image\/\",\"url\":\"https:\/\/secure.gravatar.com\/avatar\/049821681b589dabc0bc20695993ccebb09f5b5d4d790cd9251b97faac7c652b?s=96&d=blank&r=g\",\"contentUrl\":\"https:\/\/secure.gravatar.com\/avatar\/049821681b589dabc0bc20695993ccebb09f5b5d4d790cd9251b97faac7c652b?s=96&d=blank&r=g\",\"caption\":\"enequipo\"},\"sameAs\":[\"https:\/\/www.facebook.com\/SonoraEE\"]}]}<\/script>\n ","yoast_head_json":{"title":"Sonora en Equipo. Presentan iniciativas a favor de elementos de Polic\u00eda Congreso","description":"HERMOSILLO, SONORA,MX.\u2500\u2500 \u00a0Un proyecto de ley que crea el fondo de previsi\u00f3n social de los elementos de Polic\u00eda del Estado de Sonora y un proyecto de En Sonora en Equipo publicamos toda la informaci\u00f3n de Sonora, M\u00e9xico y el Mundo de manera oportuna y busca que la libertad de expresi\u00f3n sea real. Visita nuestro medio informativo publicado desde Hermosillo, Sonora. %","robots":{"index":"index","follow":"follow","max-snippet":"max-snippet:-1","max-image-preview":"max-image-preview:large","max-video-preview":"max-video-preview:-1"},"canonical":"https:\/\/www.sonoraenequipo.com.mx\/presentan-iniciativas-a-favor-de-elementos-de-policia\/","og_locale":"es_ES","og_type":"article","og_title":"Sonora en Equipo. Presentan iniciativas a favor de elementos de Polic\u00eda Congreso","og_description":"HERMOSILLO, SONORA,MX.\u2500\u2500 \u00a0Un proyecto de ley que crea el fondo de previsi\u00f3n social de los elementos de Polic\u00eda del Estado de Sonora y un proyecto de En Sonora en Equipo publicamos toda la informaci\u00f3n de Sonora, M\u00e9xico y el Mundo de manera oportuna y busca que la libertad de expresi\u00f3n sea real. Visita nuestro medio informativo publicado desde Hermosillo, Sonora. %","og_url":"https:\/\/www.sonoraenequipo.com.mx\/presentan-iniciativas-a-favor-de-elementos-de-policia\/","og_site_name":"Sonora en Equipo.","article_publisher":"https:\/\/www.facebook.com\/SonoraEE\/","article_author":"https:\/\/www.facebook.com\/SonoraEE","article_published_time":"2021-08-04T06:41:33+00:00","article_modified_time":"2021-08-04T16:39:31+00:00","og_image":[{"width":700,"height":400,"url":"https:\/\/www.sonoraenequipo.com.mx\/storage\/2021\/08\/cong030821.jpg","type":"image\/jpeg"}],"author":"enequipo","twitter_card":"summary_large_image","twitter_creator":"@sonoraenequipo","twitter_site":"@sonoraenequipo","twitter_misc":{"Escrito por":"enequipo","Tiempo de lectura":"5 minutos"},"schema":{"@context":"https:\/\/schema.org","@graph":[{"@type":"Article","@id":"https:\/\/www.sonoraenequipo.com.mx\/presentan-iniciativas-a-favor-de-elementos-de-policia\/#article","isPartOf":{"@id":"https:\/\/www.sonoraenequipo.com.mx\/presentan-iniciativas-a-favor-de-elementos-de-policia\/"},"author":{"name":"enequipo","@id":"https:\/\/www.sonoraenequipo.com.mx\/#\/schema\/person\/50102df0fb23a8fa9e8effad8fa81386"},"headline":"Presentan iniciativas a favor de elementos de Polic\u00eda","datePublished":"2021-08-04T06:41:33+00:00","dateModified":"2021-08-04T16:39:31+00:00","mainEntityOfPage":{"@id":"https:\/\/www.sonoraenequipo.com.mx\/presentan-iniciativas-a-favor-de-elementos-de-policia\/"},"wordCount":1088,"commentCount":0,"publisher":{"@id":"https:\/\/www.sonoraenequipo.com.mx\/#organization"},"image":{"@id":"https:\/\/www.sonoraenequipo.com.mx\/presentan-iniciativas-a-favor-de-elementos-de-policia\/#primaryimage"},"thumbnailUrl":"https:\/\/www.sonoraenequipo.com.mx\/storage\/2021\/08\/cong030821.jpg","keywords":["CONGRESO","Sonora"],"articleSection":["Congreso"],"inLanguage":"es","potentialAction":[{"@type":"CommentAction","name":"Comment","target":["https:\/\/www.sonoraenequipo.com.mx\/presentan-iniciativas-a-favor-de-elementos-de-policia\/#respond"]}]},{"@type":"WebPage","@id":"https:\/\/www.sonoraenequipo.com.mx\/presentan-iniciativas-a-favor-de-elementos-de-policia\/","url":"https:\/\/www.sonoraenequipo.com.mx\/presentan-iniciativas-a-favor-de-elementos-de-policia\/","name":"Sonora en Equipo. Presentan iniciativas a favor de elementos de Polic\u00eda Congreso","isPartOf":{"@id":"https:\/\/www.sonoraenequipo.com.mx\/#website"},"primaryImageOfPage":{"@id":"https:\/\/www.sonoraenequipo.com.mx\/presentan-iniciativas-a-favor-de-elementos-de-policia\/#primaryimage"},"image":{"@id":"https:\/\/www.sonoraenequipo.com.mx\/presentan-iniciativas-a-favor-de-elementos-de-policia\/#primaryimage"},"thumbnailUrl":"https:\/\/www.sonoraenequipo.com.mx\/storage\/2021\/08\/cong030821.jpg","datePublished":"2021-08-04T06:41:33+00:00","dateModified":"2021-08-04T16:39:31+00:00","description":"HERMOSILLO, SONORA,MX.\u2500\u2500 \u00a0Un proyecto de ley que crea el fondo de previsi\u00f3n social de los elementos de Polic\u00eda del Estado de Sonora y un proyecto de En Sonora en Equipo publicamos toda la informaci\u00f3n de Sonora, M\u00e9xico y el Mundo de manera oportuna y busca que la libertad de expresi\u00f3n sea real. Visita nuestro medio informativo publicado desde Hermosillo, Sonora. %","breadcrumb":{"@id":"https:\/\/www.sonoraenequipo.com.mx\/presentan-iniciativas-a-favor-de-elementos-de-policia\/#breadcrumb"},"inLanguage":"es","potentialAction":[{"@type":"ReadAction","target":["https:\/\/www.sonoraenequipo.com.mx\/presentan-iniciativas-a-favor-de-elementos-de-policia\/"]}]},{"@type":"ImageObject","inLanguage":"es","@id":"https:\/\/www.sonoraenequipo.com.mx\/presentan-iniciativas-a-favor-de-elementos-de-policia\/#primaryimage","url":"https:\/\/www.sonoraenequipo.com.mx\/storage\/2021\/08\/cong030821.jpg","contentUrl":"https:\/\/www.sonoraenequipo.com.mx\/storage\/2021\/08\/cong030821.jpg","width":700,"height":400},{"@type":"BreadcrumbList","@id":"https:\/\/www.sonoraenequipo.com.mx\/presentan-iniciativas-a-favor-de-elementos-de-policia\/#breadcrumb","itemListElement":[{"@type":"ListItem","position":1,"name":"Portada","item":"https:\/\/www.sonoraenequipo.com.mx\/"},{"@type":"ListItem","position":2,"name":"Presentan iniciativas a favor de elementos de Polic\u00eda"}]},{"@type":"WebSite","@id":"https:\/\/www.sonoraenequipo.com.mx\/#website","url":"https:\/\/www.sonoraenequipo.com.mx\/","name":"Sonora en Equipo.","description":"Diario en l\u00ednea con Noticias desde Hermosillo, Sonora","publisher":{"@id":"https:\/\/www.sonoraenequipo.com.mx\/#organization"},"potentialAction":[{"@type":"SearchAction","target":{"@type":"EntryPoint","urlTemplate":"https:\/\/www.sonoraenequipo.com.mx\/?s={search_term_string}"},"query-input":{"@type":"PropertyValueSpecification","valueRequired":true,"valueName":"search_term_string"}}],"inLanguage":"es"},{"@type":"Organization","@id":"https:\/\/www.sonoraenequipo.com.mx\/#organization","name":"Sonoraenequipo.com.mx","url":"https:\/\/www.sonoraenequipo.com.mx\/","logo":{"@type":"ImageObject","inLanguage":"es","@id":"https:\/\/www.sonoraenequipo.com.mx\/#\/schema\/logo\/image\/","url":"https:\/\/www.sonoraenequipo.com.mx\/storage\/2019\/01\/sonoraenequipo_opt.png","contentUrl":"https:\/\/www.sonoraenequipo.com.mx\/storage\/2019\/01\/sonoraenequipo_opt.png","width":375,"height":125,"caption":"Sonoraenequipo.com.mx"},"image":{"@id":"https:\/\/www.sonoraenequipo.com.mx\/#\/schema\/logo\/image\/"},"sameAs":["https:\/\/www.facebook.com\/SonoraEE\/","https:\/\/x.com\/sonoraenequipo","https:\/\/www.youtube.com\/channel\/UC338nW-lPEYmJQs4ZABQ1SQ"]},{"@type":"Person","@id":"https:\/\/www.sonoraenequipo.com.mx\/#\/schema\/person\/50102df0fb23a8fa9e8effad8fa81386","name":"enequipo","image":{"@type":"ImageObject","inLanguage":"es","@id":"https:\/\/www.sonoraenequipo.com.mx\/#\/schema\/person\/image\/","url":"https:\/\/secure.gravatar.com\/avatar\/049821681b589dabc0bc20695993ccebb09f5b5d4d790cd9251b97faac7c652b?s=96&d=blank&r=g","contentUrl":"https:\/\/secure.gravatar.com\/avatar\/049821681b589dabc0bc20695993ccebb09f5b5d4d790cd9251b97faac7c652b?s=96&d=blank&r=g","caption":"enequipo"},"sameAs":["https:\/\/www.facebook.com\/SonoraEE"]}]}},"jetpack_featured_media_url":"https:\/\/www.sonoraenequipo.com.mx\/storage\/2021\/08\/cong030821.jpg","_links":{"self":[{"href":"https:\/\/www.sonoraenequipo.com.mx\/api\/wp\/v2\/posts\/119726","targetHints":{"allow":["GET"]}}],"collection":[{"href":"https:\/\/www.sonoraenequipo.com.mx\/api\/wp\/v2\/posts"}],"about":[{"href":"https:\/\/www.sonoraenequipo.com.mx\/api\/wp\/v2\/types\/post"}],"author":[{"embeddable":true,"href":"https:\/\/www.sonoraenequipo.com.mx\/api\/wp\/v2\/users\/1"}],"replies":[{"embeddable":true,"href":"https:\/\/www.sonoraenequipo.com.mx\/api\/wp\/v2\/comments?post=119726"}],"version-history":[{"count":1,"href":"https:\/\/www.sonoraenequipo.com.mx\/api\/wp\/v2\/posts\/119726\/revisions"}],"predecessor-version":[{"id":119728,"href":"https:\/\/www.sonoraenequipo.com.mx\/api\/wp\/v2\/posts\/119726\/revisions\/119728"}],"wp:featuredmedia":[{"embeddable":true,"href":"https:\/\/www.sonoraenequipo.com.mx\/api\/wp\/v2\/media\/119727"}],"wp:attachment":[{"href":"https:\/\/www.sonoraenequipo.com.mx\/api\/wp\/v2\/media?parent=119726"}],"wp:term":[{"taxonomy":"category","embeddable":true,"href":"https:\/\/www.sonoraenequipo.com.mx\/api\/wp\/v2\/categories?post=119726"},{"taxonomy":"post_tag","embeddable":true,"href":"https:\/\/www.sonoraenequipo.com.mx\/api\/wp\/v2\/tags?post=119726"}],"curies":[{"name":"wp","href":"https:\/\/api.w.org\/{rel}","templated":true}]}}