{"id":119729,"date":"2021-08-03T17:50:28","date_gmt":"2021-08-04T00:50:28","guid":{"rendered":"https:\/\/www.sonoraenequipo.com.mx\/?p=119729"},"modified":"2021-08-03T21:13:36","modified_gmt":"2021-08-04T04:13:36","slug":"gobierno-discrepa-con-ssa-de-cdmx-sobre-tratamientos-contra-covid-19","status":"publish","type":"post","link":"https:\/\/www.sonoraenequipo.com.mx\/gobierno-discrepa-con-ssa-de-cdmx-sobre-tratamientos-contra-covid-19\/","title":{"rendered":"Gobierno discrepa con SSa de CDMX sobre \u201ctratamientos\u201d contra covid-19"},"content":{"rendered":"<p>CIUDAD DE M\u00c9XICO. MX. \u2014 El Gobierno Federal discrep\u00f3 con los <em>\u201ctratamientos\u201d<\/em> que hasta hace poco la Secretar\u00eda de Salud (Ssa) de la Ciudad de M\u00e9xico segu\u00eda fomentando como medida contra el covid-19.<\/p>\n<p>&nbsp;<\/p>\n<p> <\/p>\n<p>En la actualizaci\u00f3n de la gu\u00eda cl\u00ednica para el tratamiento de la enfermedad, se replante\u00f3 la postura de las autoridades locales sobre el uso de la azitromicina y la ivermectina, para atender la enfermedad, y se concluy\u00f3 que la primera no debe utilizarse bajo ninguna circunstancia; mientras que la segunda se usa exclusivamente para estudios cl\u00ednicos.<\/p>\n<p>&nbsp;<\/p>\n<p>Fue el pasado 31 de julio que, mediante una tarjeta informativa, la Ssa de la CDMX defendi\u00f3 el uso de estos f\u00e1rmacos, en respuesta a un reportaje del medio LatinUs, donde se indicaba que, mientras autoridades locales promov\u00edan su uso, eran contraindicados en otros pa\u00edses, al no estar comprobada su eficacia y, por otra parte, podr\u00edan implicar severos riesgos.<\/p>\n<p>&nbsp;<\/p>\n<p><strong>La dependencia dijo que:<\/strong><\/p>\n<p><em>\u201cLa ivermectina es un medicamento seguro y eficaz en casos leves de Covid-19 de acuerdo con la \u00faltima valoraci\u00f3n de los Institutos Nacionales de Salud de Estados Unidos\u201d<\/em>.<\/p>\n<p>&nbsp;<\/p>\n<p>Pero en la p\u00e1gina oficial de dichos institutos aparecen otros datos. En la actualizaci\u00f3n del 19 de julio informan que \u201c<em>el panel ha revisado otros estudios cl\u00ednicos de ivermectina para el tratamiento de Covid-19. Sin embargo, los estudios tienen limitaciones que los hacen menos concluyentes e informativos\u201d.<\/em><\/p>\n<p>&nbsp;<\/p>\n<p>Sin embargo, tras las distintas pol\u00e9micas generadas, a ra\u00edz de este medicamento, as\u00ed como la azitromicina, la gu\u00eda cl\u00ednica apunta espec\u00edficamente que:<\/p>\n<p>&nbsp;<\/p>\n<p><em>\u201cNo se debe usar azitromicina pues no hay beneficios demostrados\u201d y la ivermectina s\u00f3lo debe usarse en estudios de investigaci\u00f3n pues no hay beneficios con \u201cnivel de evidencia adecuado\u201d.<\/em><\/p>\n<p>&nbsp;<\/p>\n<p>(Publicada el 03\/08\/2021)<\/p>\n","protected":false},"excerpt":{"rendered":"<p>CIUDAD DE M\u00c9XICO. MX. \u2014 El Gobierno Federal discrep\u00f3 con los \u201ctratamientos\u201d que hasta hace&#8230;<\/p>\n","protected":false},"author":1,"featured_media":119733,"comment_status":"open","ping_status":"open","sticky":false,"template":"","format":"standard","meta":{"_monsterinsights_skip_tracking":false,"_monsterinsights_sitenote_active":false,"_monsterinsights_sitenote_note":"","_monsterinsights_sitenote_category":0,"footnotes":""},"categories":[5],"tags":[],"class_list":["post"],"yoast_head":" \n<title>Sonora en Equipo. Gobierno discrepa con SSa de CDMX sobre \u201ctratamientos\u201d contra covid-19 Rep\u00fablica<\/title>\n<meta name=\"description\" content=\"CIUDAD DE M\u00c9XICO. MX. \u2014 El Gobierno Federal discrep\u00f3 con los \u201ctratamientos\u201d que hasta hace poco la Secretar\u00eda de Salud (Ssa) de la Ciudad de M\u00e9xico segu\u00eda En Sonora en Equipo publicamos toda la informaci\u00f3n de Sonora, M\u00e9xico y el Mundo de manera oportuna y busca que la libertad de expresi\u00f3n sea real. Visita nuestro medio informativo publicado desde Hermosillo, Sonora. %\" \/>\n<meta name=\"robots\" content=\"index, follow, max-snippet:-1, max-image-preview:large, max-video-preview:-1\" \/>\n<link rel=\"canonical\" href=\"https:\/\/www.sonoraenequipo.com.mx\/gobierno-discrepa-con-ssa-de-cdmx-sobre-tratamientos-contra-covid-19\/\" \/>\n<meta property=\"og:locale\" content=\"es_ES\" \/>\n<meta property=\"og:type\" content=\"article\" \/>\n<meta property=\"og:title\" content=\"Sonora en Equipo. Gobierno discrepa con SSa de CDMX sobre \u201ctratamientos\u201d contra covid-19 Rep\u00fablica\" \/>\n<meta property=\"og:description\" content=\"CIUDAD DE M\u00c9XICO. MX. \u2014 El Gobierno Federal discrep\u00f3 con los \u201ctratamientos\u201d que hasta hace poco la Secretar\u00eda de Salud (Ssa) de la Ciudad de M\u00e9xico segu\u00eda En Sonora en Equipo publicamos toda la informaci\u00f3n de Sonora, M\u00e9xico y el Mundo de manera oportuna y busca que la libertad de expresi\u00f3n sea real. Visita nuestro medio informativo publicado desde Hermosillo, Sonora. %\" \/>\n<meta property=\"og:url\" content=\"https:\/\/www.sonoraenequipo.com.mx\/gobierno-discrepa-con-ssa-de-cdmx-sobre-tratamientos-contra-covid-19\/\" \/>\n<meta property=\"og:site_name\" content=\"Sonora en Equipo.\" \/>\n<meta property=\"article:publisher\" content=\"https:\/\/www.facebook.com\/SonoraEE\/\" \/>\n<meta property=\"article:author\" content=\"https:\/\/www.facebook.com\/SonoraEE\" \/>\n<meta property=\"article:published_time\" content=\"2021-08-04T00:50:28+00:00\" \/>\n<meta property=\"article:modified_time\" content=\"2021-08-04T04:13:36+00:00\" \/>\n<meta property=\"og:image\" content=\"https:\/\/www.sonoraenequipo.com.mx\/storage\/2021\/08\/tratamientos-covid-gobierno_opt.jpg\" \/>\n\t<meta property=\"og:image:width\" content=\"700\" \/>\n\t<meta property=\"og:image:height\" content=\"400\" \/>\n\t<meta property=\"og:image:type\" content=\"image\/jpeg\" \/>\n<meta name=\"author\" content=\"enequipo\" \/>\n<meta name=\"twitter:card\" content=\"summary_large_image\" \/>\n<meta name=\"twitter:creator\" content=\"@sonoraenequipo\" \/>\n<meta name=\"twitter:site\" content=\"@sonoraenequipo\" \/>\n<meta name=\"twitter:label1\" content=\"Escrito por\" \/>\n\t<meta name=\"twitter:data1\" content=\"enequipo\" \/>\n\t<meta name=\"twitter:label2\" content=\"Tiempo de lectura\" \/>\n\t<meta name=\"twitter:data2\" content=\"2 minutos\" \/>\n<script type=\"application\/ld+json\" class=\"yoast-schema-graph\">{\"@context\":\"https:\/\/schema.org\",\"@graph\":[{\"@type\":\"Article\",\"@id\":\"https:\/\/www.sonoraenequipo.com.mx\/gobierno-discrepa-con-ssa-de-cdmx-sobre-tratamientos-contra-covid-19\/#article\",\"isPartOf\":{\"@id\":\"https:\/\/www.sonoraenequipo.com.mx\/gobierno-discrepa-con-ssa-de-cdmx-sobre-tratamientos-contra-covid-19\/\"},\"author\":{\"name\":\"enequipo\",\"@id\":\"https:\/\/www.sonoraenequipo.com.mx\/#\/schema\/person\/50102df0fb23a8fa9e8effad8fa81386\"},\"headline\":\"Gobierno discrepa con SSa de CDMX sobre \u201ctratamientos\u201d contra covid-19\",\"datePublished\":\"2021-08-04T00:50:28+00:00\",\"dateModified\":\"2021-08-04T04:13:36+00:00\",\"mainEntityOfPage\":{\"@id\":\"https:\/\/www.sonoraenequipo.com.mx\/gobierno-discrepa-con-ssa-de-cdmx-sobre-tratamientos-contra-covid-19\/\"},\"wordCount\":317,\"commentCount\":0,\"publisher\":{\"@id\":\"https:\/\/www.sonoraenequipo.com.mx\/#organization\"},\"image\":{\"@id\":\"https:\/\/www.sonoraenequipo.com.mx\/gobierno-discrepa-con-ssa-de-cdmx-sobre-tratamientos-contra-covid-19\/#primaryimage\"},\"thumbnailUrl\":\"https:\/\/www.sonoraenequipo.com.mx\/storage\/2021\/08\/tratamientos-covid-gobierno_opt.jpg\",\"articleSection\":[\"Rep\u00fablica\"],\"inLanguage\":\"es\",\"potentialAction\":[{\"@type\":\"CommentAction\",\"name\":\"Comment\",\"target\":[\"https:\/\/www.sonoraenequipo.com.mx\/gobierno-discrepa-con-ssa-de-cdmx-sobre-tratamientos-contra-covid-19\/#respond\"]}]},{\"@type\":\"WebPage\",\"@id\":\"https:\/\/www.sonoraenequipo.com.mx\/gobierno-discrepa-con-ssa-de-cdmx-sobre-tratamientos-contra-covid-19\/\",\"url\":\"https:\/\/www.sonoraenequipo.com.mx\/gobierno-discrepa-con-ssa-de-cdmx-sobre-tratamientos-contra-covid-19\/\",\"name\":\"Sonora en Equipo. Gobierno discrepa con SSa de CDMX sobre \u201ctratamientos\u201d contra covid-19 Rep\u00fablica\",\"isPartOf\":{\"@id\":\"https:\/\/www.sonoraenequipo.com.mx\/#website\"},\"primaryImageOfPage\":{\"@id\":\"https:\/\/www.sonoraenequipo.com.mx\/gobierno-discrepa-con-ssa-de-cdmx-sobre-tratamientos-contra-covid-19\/#primaryimage\"},\"image\":{\"@id\":\"https:\/\/www.sonoraenequipo.com.mx\/gobierno-discrepa-con-ssa-de-cdmx-sobre-tratamientos-contra-covid-19\/#primaryimage\"},\"thumbnailUrl\":\"https:\/\/www.sonoraenequipo.com.mx\/storage\/2021\/08\/tratamientos-covid-gobierno_opt.jpg\",\"datePublished\":\"2021-08-04T00:50:28+00:00\",\"dateModified\":\"2021-08-04T04:13:36+00:00\",\"description\":\"CIUDAD DE M\u00c9XICO. MX. \u2014 El Gobierno Federal discrep\u00f3 con los \u201ctratamientos\u201d que hasta hace poco la Secretar\u00eda de Salud (Ssa) de la Ciudad de M\u00e9xico segu\u00eda En Sonora en Equipo publicamos toda la informaci\u00f3n de Sonora, M\u00e9xico y el Mundo de manera oportuna y busca que la libertad de expresi\u00f3n sea real. Visita nuestro medio informativo publicado desde Hermosillo, Sonora. %\",\"breadcrumb\":{\"@id\":\"https:\/\/www.sonoraenequipo.com.mx\/gobierno-discrepa-con-ssa-de-cdmx-sobre-tratamientos-contra-covid-19\/#breadcrumb\"},\"inLanguage\":\"es\",\"potentialAction\":[{\"@type\":\"ReadAction\",\"target\":[\"https:\/\/www.sonoraenequipo.com.mx\/gobierno-discrepa-con-ssa-de-cdmx-sobre-tratamientos-contra-covid-19\/\"]}]},{\"@type\":\"ImageObject\",\"inLanguage\":\"es\",\"@id\":\"https:\/\/www.sonoraenequipo.com.mx\/gobierno-discrepa-con-ssa-de-cdmx-sobre-tratamientos-contra-covid-19\/#primaryimage\",\"url\":\"https:\/\/www.sonoraenequipo.com.mx\/storage\/2021\/08\/tratamientos-covid-gobierno_opt.jpg\",\"contentUrl\":\"https:\/\/www.sonoraenequipo.com.mx\/storage\/2021\/08\/tratamientos-covid-gobierno_opt.jpg\",\"width\":700,\"height\":400},{\"@type\":\"BreadcrumbList\",\"@id\":\"https:\/\/www.sonoraenequipo.com.mx\/gobierno-discrepa-con-ssa-de-cdmx-sobre-tratamientos-contra-covid-19\/#breadcrumb\",\"itemListElement\":[{\"@type\":\"ListItem\",\"position\":1,\"name\":\"Portada\",\"item\":\"https:\/\/www.sonoraenequipo.com.mx\/\"},{\"@type\":\"ListItem\",\"position\":2,\"name\":\"Gobierno discrepa con SSa de CDMX sobre \u201ctratamientos\u201d contra covid-19\"}]},{\"@type\":\"WebSite\",\"@id\":\"https:\/\/www.sonoraenequipo.com.mx\/#website\",\"url\":\"https:\/\/www.sonoraenequipo.com.mx\/\",\"name\":\"Sonora en Equipo.\",\"description\":\"Diario en l\u00ednea con Noticias desde Hermosillo, Sonora\",\"publisher\":{\"@id\":\"https:\/\/www.sonoraenequipo.com.mx\/#organization\"},\"potentialAction\":[{\"@type\":\"SearchAction\",\"target\":{\"@type\":\"EntryPoint\",\"urlTemplate\":\"https:\/\/www.sonoraenequipo.com.mx\/?s={search_term_string}\"},\"query-input\":{\"@type\":\"PropertyValueSpecification\",\"valueRequired\":true,\"valueName\":\"search_term_string\"}}],\"inLanguage\":\"es\"},{\"@type\":\"Organization\",\"@id\":\"https:\/\/www.sonoraenequipo.com.mx\/#organization\",\"name\":\"Sonoraenequipo.com.mx\",\"url\":\"https:\/\/www.sonoraenequipo.com.mx\/\",\"logo\":{\"@type\":\"ImageObject\",\"inLanguage\":\"es\",\"@id\":\"https:\/\/www.sonoraenequipo.com.mx\/#\/schema\/logo\/image\/\",\"url\":\"https:\/\/www.sonoraenequipo.com.mx\/storage\/2019\/01\/sonoraenequipo_opt.png\",\"contentUrl\":\"https:\/\/www.sonoraenequipo.com.mx\/storage\/2019\/01\/sonoraenequipo_opt.png\",\"width\":375,\"height\":125,\"caption\":\"Sonoraenequipo.com.mx\"},\"image\":{\"@id\":\"https:\/\/www.sonoraenequipo.com.mx\/#\/schema\/logo\/image\/\"},\"sameAs\":[\"https:\/\/www.facebook.com\/SonoraEE\/\",\"https:\/\/x.com\/sonoraenequipo\",\"https:\/\/www.youtube.com\/channel\/UC338nW-lPEYmJQs4ZABQ1SQ\"]},{\"@type\":\"Person\",\"@id\":\"https:\/\/www.sonoraenequipo.com.mx\/#\/schema\/person\/50102df0fb23a8fa9e8effad8fa81386\",\"name\":\"enequipo\",\"image\":{\"@type\":\"ImageObject\",\"inLanguage\":\"es\",\"@id\":\"https:\/\/www.sonoraenequipo.com.mx\/#\/schema\/person\/image\/\",\"url\":\"https:\/\/secure.gravatar.com\/avatar\/049821681b589dabc0bc20695993ccebb09f5b5d4d790cd9251b97faac7c652b?s=96&d=blank&r=g\",\"contentUrl\":\"https:\/\/secure.gravatar.com\/avatar\/049821681b589dabc0bc20695993ccebb09f5b5d4d790cd9251b97faac7c652b?s=96&d=blank&r=g\",\"caption\":\"enequipo\"},\"sameAs\":[\"https:\/\/www.facebook.com\/SonoraEE\"]}]}<\/script>\n ","yoast_head_json":{"title":"Sonora en Equipo. Gobierno discrepa con SSa de CDMX sobre \u201ctratamientos\u201d contra covid-19 Rep\u00fablica","description":"CIUDAD DE M\u00c9XICO. MX. \u2014 El Gobierno Federal discrep\u00f3 con los \u201ctratamientos\u201d que hasta hace poco la Secretar\u00eda de Salud (Ssa) de la Ciudad de M\u00e9xico segu\u00eda En Sonora en Equipo publicamos toda la informaci\u00f3n de Sonora, M\u00e9xico y el Mundo de manera oportuna y busca que la libertad de expresi\u00f3n sea real. Visita nuestro medio informativo publicado desde Hermosillo, Sonora. %","robots":{"index":"index","follow":"follow","max-snippet":"max-snippet:-1","max-image-preview":"max-image-preview:large","max-video-preview":"max-video-preview:-1"},"canonical":"https:\/\/www.sonoraenequipo.com.mx\/gobierno-discrepa-con-ssa-de-cdmx-sobre-tratamientos-contra-covid-19\/","og_locale":"es_ES","og_type":"article","og_title":"Sonora en Equipo. Gobierno discrepa con SSa de CDMX sobre \u201ctratamientos\u201d contra covid-19 Rep\u00fablica","og_description":"CIUDAD DE M\u00c9XICO. MX. \u2014 El Gobierno Federal discrep\u00f3 con los \u201ctratamientos\u201d que hasta hace poco la Secretar\u00eda de Salud (Ssa) de la Ciudad de M\u00e9xico segu\u00eda En Sonora en Equipo publicamos toda la informaci\u00f3n de Sonora, M\u00e9xico y el Mundo de manera oportuna y busca que la libertad de expresi\u00f3n sea real. Visita nuestro medio informativo publicado desde Hermosillo, Sonora. %","og_url":"https:\/\/www.sonoraenequipo.com.mx\/gobierno-discrepa-con-ssa-de-cdmx-sobre-tratamientos-contra-covid-19\/","og_site_name":"Sonora en Equipo.","article_publisher":"https:\/\/www.facebook.com\/SonoraEE\/","article_author":"https:\/\/www.facebook.com\/SonoraEE","article_published_time":"2021-08-04T00:50:28+00:00","article_modified_time":"2021-08-04T04:13:36+00:00","og_image":[{"width":700,"height":400,"url":"https:\/\/www.sonoraenequipo.com.mx\/storage\/2021\/08\/tratamientos-covid-gobierno_opt.jpg","type":"image\/jpeg"}],"author":"enequipo","twitter_card":"summary_large_image","twitter_creator":"@sonoraenequipo","twitter_site":"@sonoraenequipo","twitter_misc":{"Escrito por":"enequipo","Tiempo de lectura":"2 minutos"},"schema":{"@context":"https:\/\/schema.org","@graph":[{"@type":"Article","@id":"https:\/\/www.sonoraenequipo.com.mx\/gobierno-discrepa-con-ssa-de-cdmx-sobre-tratamientos-contra-covid-19\/#article","isPartOf":{"@id":"https:\/\/www.sonoraenequipo.com.mx\/gobierno-discrepa-con-ssa-de-cdmx-sobre-tratamientos-contra-covid-19\/"},"author":{"name":"enequipo","@id":"https:\/\/www.sonoraenequipo.com.mx\/#\/schema\/person\/50102df0fb23a8fa9e8effad8fa81386"},"headline":"Gobierno discrepa con SSa de CDMX sobre \u201ctratamientos\u201d contra covid-19","datePublished":"2021-08-04T00:50:28+00:00","dateModified":"2021-08-04T04:13:36+00:00","mainEntityOfPage":{"@id":"https:\/\/www.sonoraenequipo.com.mx\/gobierno-discrepa-con-ssa-de-cdmx-sobre-tratamientos-contra-covid-19\/"},"wordCount":317,"commentCount":0,"publisher":{"@id":"https:\/\/www.sonoraenequipo.com.mx\/#organization"},"image":{"@id":"https:\/\/www.sonoraenequipo.com.mx\/gobierno-discrepa-con-ssa-de-cdmx-sobre-tratamientos-contra-covid-19\/#primaryimage"},"thumbnailUrl":"https:\/\/www.sonoraenequipo.com.mx\/storage\/2021\/08\/tratamientos-covid-gobierno_opt.jpg","articleSection":["Rep\u00fablica"],"inLanguage":"es","potentialAction":[{"@type":"CommentAction","name":"Comment","target":["https:\/\/www.sonoraenequipo.com.mx\/gobierno-discrepa-con-ssa-de-cdmx-sobre-tratamientos-contra-covid-19\/#respond"]}]},{"@type":"WebPage","@id":"https:\/\/www.sonoraenequipo.com.mx\/gobierno-discrepa-con-ssa-de-cdmx-sobre-tratamientos-contra-covid-19\/","url":"https:\/\/www.sonoraenequipo.com.mx\/gobierno-discrepa-con-ssa-de-cdmx-sobre-tratamientos-contra-covid-19\/","name":"Sonora en Equipo. Gobierno discrepa con SSa de CDMX sobre \u201ctratamientos\u201d contra covid-19 Rep\u00fablica","isPartOf":{"@id":"https:\/\/www.sonoraenequipo.com.mx\/#website"},"primaryImageOfPage":{"@id":"https:\/\/www.sonoraenequipo.com.mx\/gobierno-discrepa-con-ssa-de-cdmx-sobre-tratamientos-contra-covid-19\/#primaryimage"},"image":{"@id":"https:\/\/www.sonoraenequipo.com.mx\/gobierno-discrepa-con-ssa-de-cdmx-sobre-tratamientos-contra-covid-19\/#primaryimage"},"thumbnailUrl":"https:\/\/www.sonoraenequipo.com.mx\/storage\/2021\/08\/tratamientos-covid-gobierno_opt.jpg","datePublished":"2021-08-04T00:50:28+00:00","dateModified":"2021-08-04T04:13:36+00:00","description":"CIUDAD DE M\u00c9XICO. MX. \u2014 El Gobierno Federal discrep\u00f3 con los \u201ctratamientos\u201d que hasta hace poco la Secretar\u00eda de Salud (Ssa) de la Ciudad de M\u00e9xico segu\u00eda En Sonora en Equipo publicamos toda la informaci\u00f3n de Sonora, M\u00e9xico y el Mundo de manera oportuna y busca que la libertad de expresi\u00f3n sea real. Visita nuestro medio informativo publicado desde Hermosillo, Sonora. %","breadcrumb":{"@id":"https:\/\/www.sonoraenequipo.com.mx\/gobierno-discrepa-con-ssa-de-cdmx-sobre-tratamientos-contra-covid-19\/#breadcrumb"},"inLanguage":"es","potentialAction":[{"@type":"ReadAction","target":["https:\/\/www.sonoraenequipo.com.mx\/gobierno-discrepa-con-ssa-de-cdmx-sobre-tratamientos-contra-covid-19\/"]}]},{"@type":"ImageObject","inLanguage":"es","@id":"https:\/\/www.sonoraenequipo.com.mx\/gobierno-discrepa-con-ssa-de-cdmx-sobre-tratamientos-contra-covid-19\/#primaryimage","url":"https:\/\/www.sonoraenequipo.com.mx\/storage\/2021\/08\/tratamientos-covid-gobierno_opt.jpg","contentUrl":"https:\/\/www.sonoraenequipo.com.mx\/storage\/2021\/08\/tratamientos-covid-gobierno_opt.jpg","width":700,"height":400},{"@type":"BreadcrumbList","@id":"https:\/\/www.sonoraenequipo.com.mx\/gobierno-discrepa-con-ssa-de-cdmx-sobre-tratamientos-contra-covid-19\/#breadcrumb","itemListElement":[{"@type":"ListItem","position":1,"name":"Portada","item":"https:\/\/www.sonoraenequipo.com.mx\/"},{"@type":"ListItem","position":2,"name":"Gobierno discrepa con SSa de CDMX sobre \u201ctratamientos\u201d contra covid-19"}]},{"@type":"WebSite","@id":"https:\/\/www.sonoraenequipo.com.mx\/#website","url":"https:\/\/www.sonoraenequipo.com.mx\/","name":"Sonora en Equipo.","description":"Diario en l\u00ednea con Noticias desde Hermosillo, Sonora","publisher":{"@id":"https:\/\/www.sonoraenequipo.com.mx\/#organization"},"potentialAction":[{"@type":"SearchAction","target":{"@type":"EntryPoint","urlTemplate":"https:\/\/www.sonoraenequipo.com.mx\/?s={search_term_string}"},"query-input":{"@type":"PropertyValueSpecification","valueRequired":true,"valueName":"search_term_string"}}],"inLanguage":"es"},{"@type":"Organization","@id":"https:\/\/www.sonoraenequipo.com.mx\/#organization","name":"Sonoraenequipo.com.mx","url":"https:\/\/www.sonoraenequipo.com.mx\/","logo":{"@type":"ImageObject","inLanguage":"es","@id":"https:\/\/www.sonoraenequipo.com.mx\/#\/schema\/logo\/image\/","url":"https:\/\/www.sonoraenequipo.com.mx\/storage\/2019\/01\/sonoraenequipo_opt.png","contentUrl":"https:\/\/www.sonoraenequipo.com.mx\/storage\/2019\/01\/sonoraenequipo_opt.png","width":375,"height":125,"caption":"Sonoraenequipo.com.mx"},"image":{"@id":"https:\/\/www.sonoraenequipo.com.mx\/#\/schema\/logo\/image\/"},"sameAs":["https:\/\/www.facebook.com\/SonoraEE\/","https:\/\/x.com\/sonoraenequipo","https:\/\/www.youtube.com\/channel\/UC338nW-lPEYmJQs4ZABQ1SQ"]},{"@type":"Person","@id":"https:\/\/www.sonoraenequipo.com.mx\/#\/schema\/person\/50102df0fb23a8fa9e8effad8fa81386","name":"enequipo","image":{"@type":"ImageObject","inLanguage":"es","@id":"https:\/\/www.sonoraenequipo.com.mx\/#\/schema\/person\/image\/","url":"https:\/\/secure.gravatar.com\/avatar\/049821681b589dabc0bc20695993ccebb09f5b5d4d790cd9251b97faac7c652b?s=96&d=blank&r=g","contentUrl":"https:\/\/secure.gravatar.com\/avatar\/049821681b589dabc0bc20695993ccebb09f5b5d4d790cd9251b97faac7c652b?s=96&d=blank&r=g","caption":"enequipo"},"sameAs":["https:\/\/www.facebook.com\/SonoraEE"]}]}},"jetpack_featured_media_url":"https:\/\/www.sonoraenequipo.com.mx\/storage\/2021\/08\/tratamientos-covid-gobierno_opt.jpg","_links":{"self":[{"href":"https:\/\/www.sonoraenequipo.com.mx\/api\/wp\/v2\/posts\/119729","targetHints":{"allow":["GET"]}}],"collection":[{"href":"https:\/\/www.sonoraenequipo.com.mx\/api\/wp\/v2\/posts"}],"about":[{"href":"https:\/\/www.sonoraenequipo.com.mx\/api\/wp\/v2\/types\/post"}],"author":[{"embeddable":true,"href":"https:\/\/www.sonoraenequipo.com.mx\/api\/wp\/v2\/users\/1"}],"replies":[{"embeddable":true,"href":"https:\/\/www.sonoraenequipo.com.mx\/api\/wp\/v2\/comments?post=119729"}],"version-history":[{"count":1,"href":"https:\/\/www.sonoraenequipo.com.mx\/api\/wp\/v2\/posts\/119729\/revisions"}],"predecessor-version":[{"id":119734,"href":"https:\/\/www.sonoraenequipo.com.mx\/api\/wp\/v2\/posts\/119729\/revisions\/119734"}],"wp:featuredmedia":[{"embeddable":true,"href":"https:\/\/www.sonoraenequipo.com.mx\/api\/wp\/v2\/media\/119733"}],"wp:attachment":[{"href":"https:\/\/www.sonoraenequipo.com.mx\/api\/wp\/v2\/media?parent=119729"}],"wp:term":[{"taxonomy":"category","embeddable":true,"href":"https:\/\/www.sonoraenequipo.com.mx\/api\/wp\/v2\/categories?post=119729"},{"taxonomy":"post_tag","embeddable":true,"href":"https:\/\/www.sonoraenequipo.com.mx\/api\/wp\/v2\/tags?post=119729"}],"curies":[{"name":"wp","href":"https:\/\/api.w.org\/{rel}","templated":true}]}}