{"id":119730,"date":"2021-08-03T21:00:06","date_gmt":"2021-08-04T04:00:06","guid":{"rendered":"https:\/\/www.sonoraenequipo.com.mx\/?p=119730"},"modified":"2021-08-04T09:38:52","modified_gmt":"2021-08-04T16:38:52","slug":"pugna-diputado-carlos-navarrete-por-una-verdadera-reparacion-del-dano-ecologico-en-el-rio-sonora","status":"publish","type":"post","link":"https:\/\/www.sonoraenequipo.com.mx\/pugna-diputado-carlos-navarrete-por-una-verdadera-reparacion-del-dano-ecologico-en-el-rio-sonora\/","title":{"rendered":"Pugna diputado Carlos Navarrete por una verdadera reparaci\u00f3n del da\u00f1o ecol\u00f3gico en el R\u00edo Sonora"},"content":{"rendered":"<p>HERMOSILLO, SONORA,MX.\u2500\u2500 \u00a0Ante la nulidad del seguimiento efectivo a las afectaciones generadas en el cauce del R\u00edo Sonora y las comunidades del mismo a causa del derrame de qu\u00edmicos provocado por Grupo M\u00e9xico en 2014, el diputado Carlos Navarrete Aguirre levant\u00f3 la voz nuevamente para apremiar a las instancias correspondientes a fin de que se busque la reparaci\u00f3n del da\u00f1o.<\/p>\n<p>&nbsp;<\/p>\n<p>&nbsp;<\/p>\n<p>&nbsp;<\/p>\n<p>El legislador representante del S\u00e9ptimo Distrito de Sonora explic\u00f3 que a lo largo de los a\u00f1os los trabajos realizados para este fin no han sido eficientes y muchas veces se han convertido en un pretexto para que pocos se beneficien con la tragedia de muchos.<\/p>\n<p>&nbsp;<\/p>\n<p>&nbsp;<\/p>\n<p>&nbsp;<\/p>\n<p>Es por esto que llam\u00f3 a que se cumpla el compromiso adquirido con los afectados, realizando una revisi\u00f3n real de los mantos acu\u00edferos de la zona afectada a fin de conocer las magnitudes verdaderas de la tragedia, a la par con una serie de estudios m\u00e9dicos de los pobladores afectados, para que su salud sea atendida de forma integral.<\/p>\n<p>&nbsp;<\/p>\n<p>&nbsp;<\/p>\n<p>&nbsp;<\/p>\n<p>Adem\u00e1s de esto, Navarrete Aguirre apunt\u00f3 a la necesidad de una reactivaci\u00f3n econ\u00f3mica efectiva en los municipios afectados sin dejar de lado la necesidad de una reparaci\u00f3n verdadera del da\u00f1o ecol\u00f3gico.<\/p>\n<p>&nbsp;<\/p>\n<p>&nbsp;<\/p>\n<p>&nbsp;<\/p>\n<p>Estos puntos fueron compartidos por los legisladores de la Diputaci\u00f3n Permanente, aprob\u00e1ndose el exhorto para que se haga de conocimiento de las autoridades correspondientes, quienes deber\u00e1n de iniciar con estas labores.<\/p>\n<p>&nbsp;<\/p>\n<p>&nbsp;<\/p>\n<p>&nbsp;<\/p>\n<p>\u201cAntes como luchador social y ahora como legislador seguir\u00e9 pugnando para que se haga justicia, que se reparen los da\u00f1os provocados, pero de forma real, no en papel como lo han querido hacer en comparsa con funcionarios p\u00fablicos, queremos que se realicen estudios m\u00e9dicos, para que se realice una evaluaci\u00f3n real de los da\u00f1os provocados a la salud de los y las habitantes del R\u00edo Sonora\u201d, dijo Navarrete Aguirre.<\/p>\n<p>Fecha de Publicaci\u00f3n\u00a0 martes\u00a0 \/ 03\u00a0\u00a0 \/ agosto \/ 2021<\/p>\n<p>&nbsp;<\/p>\n","protected":false},"excerpt":{"rendered":"<p>HERMOSILLO, SONORA,MX.\u2500\u2500 \u00a0Ante la nulidad del seguimiento efectivo a las afectaciones generadas en el cauce&#8230;<\/p>\n","protected":false},"author":1,"featured_media":119731,"comment_status":"open","ping_status":"open","sticky":false,"template":"","format":"standard","meta":{"_monsterinsights_skip_tracking":false,"_monsterinsights_sitenote_active":false,"_monsterinsights_sitenote_note":"","_monsterinsights_sitenote_category":0,"footnotes":""},"categories":[3281],"tags":[4729,3337],"class_list":["post"],"yoast_head":" \n<title>Sonora en Equipo. Pugna diputado Carlos Navarrete por una verdadera reparaci\u00f3n del da\u00f1o ecol\u00f3gico en el R\u00edo Sonora Congreso<\/title>\n<meta name=\"description\" content=\"HERMOSILLO, SONORA,MX.\u2500\u2500 \u00a0Ante la nulidad del seguimiento efectivo a las afectaciones generadas en el cauce del R\u00edo Sonora y las comunidades del mismo a En Sonora en Equipo publicamos toda la informaci\u00f3n de Sonora, M\u00e9xico y el Mundo de manera oportuna y busca que la libertad de expresi\u00f3n sea real. Visita nuestro medio informativo publicado desde Hermosillo, Sonora. %\" \/>\n<meta name=\"robots\" content=\"index, follow, max-snippet:-1, max-image-preview:large, max-video-preview:-1\" \/>\n<link rel=\"canonical\" href=\"https:\/\/www.sonoraenequipo.com.mx\/pugna-diputado-carlos-navarrete-por-una-verdadera-reparacion-del-dano-ecologico-en-el-rio-sonora\/\" \/>\n<meta property=\"og:locale\" content=\"es_ES\" \/>\n<meta property=\"og:type\" content=\"article\" \/>\n<meta property=\"og:title\" content=\"Sonora en Equipo. Pugna diputado Carlos Navarrete por una verdadera reparaci\u00f3n del da\u00f1o ecol\u00f3gico en el R\u00edo Sonora Congreso\" \/>\n<meta property=\"og:description\" content=\"HERMOSILLO, SONORA,MX.\u2500\u2500 \u00a0Ante la nulidad del seguimiento efectivo a las afectaciones generadas en el cauce del R\u00edo Sonora y las comunidades del mismo a En Sonora en Equipo publicamos toda la informaci\u00f3n de Sonora, M\u00e9xico y el Mundo de manera oportuna y busca que la libertad de expresi\u00f3n sea real. Visita nuestro medio informativo publicado desde Hermosillo, Sonora. %\" \/>\n<meta property=\"og:url\" content=\"https:\/\/www.sonoraenequipo.com.mx\/pugna-diputado-carlos-navarrete-por-una-verdadera-reparacion-del-dano-ecologico-en-el-rio-sonora\/\" \/>\n<meta property=\"og:site_name\" content=\"Sonora en Equipo.\" \/>\n<meta property=\"article:publisher\" content=\"https:\/\/www.facebook.com\/SonoraEE\/\" \/>\n<meta property=\"article:author\" content=\"https:\/\/www.facebook.com\/SonoraEE\" \/>\n<meta property=\"article:published_time\" content=\"2021-08-04T04:00:06+00:00\" \/>\n<meta property=\"article:modified_time\" content=\"2021-08-04T16:38:52+00:00\" \/>\n<meta property=\"og:image\" content=\"https:\/\/www.sonoraenequipo.com.mx\/storage\/2021\/08\/carlos-navarrete.jpg\" \/>\n\t<meta property=\"og:image:width\" content=\"700\" \/>\n\t<meta property=\"og:image:height\" content=\"400\" \/>\n\t<meta property=\"og:image:type\" content=\"image\/jpeg\" \/>\n<meta name=\"author\" content=\"enequipo\" \/>\n<meta name=\"twitter:card\" content=\"summary_large_image\" \/>\n<meta name=\"twitter:creator\" content=\"@sonoraenequipo\" \/>\n<meta name=\"twitter:site\" content=\"@sonoraenequipo\" \/>\n<meta name=\"twitter:label1\" content=\"Escrito por\" \/>\n\t<meta name=\"twitter:data1\" content=\"enequipo\" \/>\n\t<meta name=\"twitter:label2\" content=\"Tiempo de lectura\" \/>\n\t<meta name=\"twitter:data2\" content=\"2 minutos\" \/>\n<script type=\"application\/ld+json\" class=\"yoast-schema-graph\">{\"@context\":\"https:\/\/schema.org\",\"@graph\":[{\"@type\":\"Article\",\"@id\":\"https:\/\/www.sonoraenequipo.com.mx\/pugna-diputado-carlos-navarrete-por-una-verdadera-reparacion-del-dano-ecologico-en-el-rio-sonora\/#article\",\"isPartOf\":{\"@id\":\"https:\/\/www.sonoraenequipo.com.mx\/pugna-diputado-carlos-navarrete-por-una-verdadera-reparacion-del-dano-ecologico-en-el-rio-sonora\/\"},\"author\":{\"name\":\"enequipo\",\"@id\":\"https:\/\/www.sonoraenequipo.com.mx\/#\/schema\/person\/50102df0fb23a8fa9e8effad8fa81386\"},\"headline\":\"Pugna diputado Carlos Navarrete por una verdadera reparaci\u00f3n del da\u00f1o ecol\u00f3gico en el R\u00edo Sonora\",\"datePublished\":\"2021-08-04T04:00:06+00:00\",\"dateModified\":\"2021-08-04T16:38:52+00:00\",\"mainEntityOfPage\":{\"@id\":\"https:\/\/www.sonoraenequipo.com.mx\/pugna-diputado-carlos-navarrete-por-una-verdadera-reparacion-del-dano-ecologico-en-el-rio-sonora\/\"},\"wordCount\":361,\"commentCount\":0,\"publisher\":{\"@id\":\"https:\/\/www.sonoraenequipo.com.mx\/#organization\"},\"image\":{\"@id\":\"https:\/\/www.sonoraenequipo.com.mx\/pugna-diputado-carlos-navarrete-por-una-verdadera-reparacion-del-dano-ecologico-en-el-rio-sonora\/#primaryimage\"},\"thumbnailUrl\":\"https:\/\/www.sonoraenequipo.com.mx\/storage\/2021\/08\/carlos-navarrete.jpg\",\"keywords\":[\"Contaminaci\u00f3n\",\"rio sonora\"],\"articleSection\":[\"Congreso\"],\"inLanguage\":\"es\",\"potentialAction\":[{\"@type\":\"CommentAction\",\"name\":\"Comment\",\"target\":[\"https:\/\/www.sonoraenequipo.com.mx\/pugna-diputado-carlos-navarrete-por-una-verdadera-reparacion-del-dano-ecologico-en-el-rio-sonora\/#respond\"]}]},{\"@type\":\"WebPage\",\"@id\":\"https:\/\/www.sonoraenequipo.com.mx\/pugna-diputado-carlos-navarrete-por-una-verdadera-reparacion-del-dano-ecologico-en-el-rio-sonora\/\",\"url\":\"https:\/\/www.sonoraenequipo.com.mx\/pugna-diputado-carlos-navarrete-por-una-verdadera-reparacion-del-dano-ecologico-en-el-rio-sonora\/\",\"name\":\"Sonora en Equipo. Pugna diputado Carlos Navarrete por una verdadera reparaci\u00f3n del da\u00f1o ecol\u00f3gico en el R\u00edo Sonora Congreso\",\"isPartOf\":{\"@id\":\"https:\/\/www.sonoraenequipo.com.mx\/#website\"},\"primaryImageOfPage\":{\"@id\":\"https:\/\/www.sonoraenequipo.com.mx\/pugna-diputado-carlos-navarrete-por-una-verdadera-reparacion-del-dano-ecologico-en-el-rio-sonora\/#primaryimage\"},\"image\":{\"@id\":\"https:\/\/www.sonoraenequipo.com.mx\/pugna-diputado-carlos-navarrete-por-una-verdadera-reparacion-del-dano-ecologico-en-el-rio-sonora\/#primaryimage\"},\"thumbnailUrl\":\"https:\/\/www.sonoraenequipo.com.mx\/storage\/2021\/08\/carlos-navarrete.jpg\",\"datePublished\":\"2021-08-04T04:00:06+00:00\",\"dateModified\":\"2021-08-04T16:38:52+00:00\",\"description\":\"HERMOSILLO, SONORA,MX.\u2500\u2500 \u00a0Ante la nulidad del seguimiento efectivo a las afectaciones generadas en el cauce del R\u00edo Sonora y las comunidades del mismo a En Sonora en Equipo publicamos toda la informaci\u00f3n de Sonora, M\u00e9xico y el Mundo de manera oportuna y busca que la libertad de expresi\u00f3n sea real. Visita nuestro medio informativo publicado desde Hermosillo, Sonora. %\",\"breadcrumb\":{\"@id\":\"https:\/\/www.sonoraenequipo.com.mx\/pugna-diputado-carlos-navarrete-por-una-verdadera-reparacion-del-dano-ecologico-en-el-rio-sonora\/#breadcrumb\"},\"inLanguage\":\"es\",\"potentialAction\":[{\"@type\":\"ReadAction\",\"target\":[\"https:\/\/www.sonoraenequipo.com.mx\/pugna-diputado-carlos-navarrete-por-una-verdadera-reparacion-del-dano-ecologico-en-el-rio-sonora\/\"]}]},{\"@type\":\"ImageObject\",\"inLanguage\":\"es\",\"@id\":\"https:\/\/www.sonoraenequipo.com.mx\/pugna-diputado-carlos-navarrete-por-una-verdadera-reparacion-del-dano-ecologico-en-el-rio-sonora\/#primaryimage\",\"url\":\"https:\/\/www.sonoraenequipo.com.mx\/storage\/2021\/08\/carlos-navarrete.jpg\",\"contentUrl\":\"https:\/\/www.sonoraenequipo.com.mx\/storage\/2021\/08\/carlos-navarrete.jpg\",\"width\":700,\"height\":400},{\"@type\":\"BreadcrumbList\",\"@id\":\"https:\/\/www.sonoraenequipo.com.mx\/pugna-diputado-carlos-navarrete-por-una-verdadera-reparacion-del-dano-ecologico-en-el-rio-sonora\/#breadcrumb\",\"itemListElement\":[{\"@type\":\"ListItem\",\"position\":1,\"name\":\"Portada\",\"item\":\"https:\/\/www.sonoraenequipo.com.mx\/\"},{\"@type\":\"ListItem\",\"position\":2,\"name\":\"Pugna diputado Carlos Navarrete por una verdadera reparaci\u00f3n del da\u00f1o ecol\u00f3gico en el R\u00edo Sonora\"}]},{\"@type\":\"WebSite\",\"@id\":\"https:\/\/www.sonoraenequipo.com.mx\/#website\",\"url\":\"https:\/\/www.sonoraenequipo.com.mx\/\",\"name\":\"Sonora en Equipo.\",\"description\":\"Diario en l\u00ednea con Noticias desde Hermosillo, Sonora\",\"publisher\":{\"@id\":\"https:\/\/www.sonoraenequipo.com.mx\/#organization\"},\"potentialAction\":[{\"@type\":\"SearchAction\",\"target\":{\"@type\":\"EntryPoint\",\"urlTemplate\":\"https:\/\/www.sonoraenequipo.com.mx\/?s={search_term_string}\"},\"query-input\":{\"@type\":\"PropertyValueSpecification\",\"valueRequired\":true,\"valueName\":\"search_term_string\"}}],\"inLanguage\":\"es\"},{\"@type\":\"Organization\",\"@id\":\"https:\/\/www.sonoraenequipo.com.mx\/#organization\",\"name\":\"Sonoraenequipo.com.mx\",\"url\":\"https:\/\/www.sonoraenequipo.com.mx\/\",\"logo\":{\"@type\":\"ImageObject\",\"inLanguage\":\"es\",\"@id\":\"https:\/\/www.sonoraenequipo.com.mx\/#\/schema\/logo\/image\/\",\"url\":\"https:\/\/www.sonoraenequipo.com.mx\/storage\/2019\/01\/sonoraenequipo_opt.png\",\"contentUrl\":\"https:\/\/www.sonoraenequipo.com.mx\/storage\/2019\/01\/sonoraenequipo_opt.png\",\"width\":375,\"height\":125,\"caption\":\"Sonoraenequipo.com.mx\"},\"image\":{\"@id\":\"https:\/\/www.sonoraenequipo.com.mx\/#\/schema\/logo\/image\/\"},\"sameAs\":[\"https:\/\/www.facebook.com\/SonoraEE\/\",\"https:\/\/x.com\/sonoraenequipo\",\"https:\/\/www.youtube.com\/channel\/UC338nW-lPEYmJQs4ZABQ1SQ\"]},{\"@type\":\"Person\",\"@id\":\"https:\/\/www.sonoraenequipo.com.mx\/#\/schema\/person\/50102df0fb23a8fa9e8effad8fa81386\",\"name\":\"enequipo\",\"image\":{\"@type\":\"ImageObject\",\"inLanguage\":\"es\",\"@id\":\"https:\/\/www.sonoraenequipo.com.mx\/#\/schema\/person\/image\/\",\"url\":\"https:\/\/secure.gravatar.com\/avatar\/049821681b589dabc0bc20695993ccebb09f5b5d4d790cd9251b97faac7c652b?s=96&d=blank&r=g\",\"contentUrl\":\"https:\/\/secure.gravatar.com\/avatar\/049821681b589dabc0bc20695993ccebb09f5b5d4d790cd9251b97faac7c652b?s=96&d=blank&r=g\",\"caption\":\"enequipo\"},\"sameAs\":[\"https:\/\/www.facebook.com\/SonoraEE\"]}]}<\/script>\n ","yoast_head_json":{"title":"Sonora en Equipo. Pugna diputado Carlos Navarrete por una verdadera reparaci\u00f3n del da\u00f1o ecol\u00f3gico en el R\u00edo Sonora Congreso","description":"HERMOSILLO, SONORA,MX.\u2500\u2500 \u00a0Ante la nulidad del seguimiento efectivo a las afectaciones generadas en el cauce del R\u00edo Sonora y las comunidades del mismo a En Sonora en Equipo publicamos toda la informaci\u00f3n de Sonora, M\u00e9xico y el Mundo de manera oportuna y busca que la libertad de expresi\u00f3n sea real. Visita nuestro medio informativo publicado desde Hermosillo, Sonora. %","robots":{"index":"index","follow":"follow","max-snippet":"max-snippet:-1","max-image-preview":"max-image-preview:large","max-video-preview":"max-video-preview:-1"},"canonical":"https:\/\/www.sonoraenequipo.com.mx\/pugna-diputado-carlos-navarrete-por-una-verdadera-reparacion-del-dano-ecologico-en-el-rio-sonora\/","og_locale":"es_ES","og_type":"article","og_title":"Sonora en Equipo. Pugna diputado Carlos Navarrete por una verdadera reparaci\u00f3n del da\u00f1o ecol\u00f3gico en el R\u00edo Sonora Congreso","og_description":"HERMOSILLO, SONORA,MX.\u2500\u2500 \u00a0Ante la nulidad del seguimiento efectivo a las afectaciones generadas en el cauce del R\u00edo Sonora y las comunidades del mismo a En Sonora en Equipo publicamos toda la informaci\u00f3n de Sonora, M\u00e9xico y el Mundo de manera oportuna y busca que la libertad de expresi\u00f3n sea real. Visita nuestro medio informativo publicado desde Hermosillo, Sonora. %","og_url":"https:\/\/www.sonoraenequipo.com.mx\/pugna-diputado-carlos-navarrete-por-una-verdadera-reparacion-del-dano-ecologico-en-el-rio-sonora\/","og_site_name":"Sonora en Equipo.","article_publisher":"https:\/\/www.facebook.com\/SonoraEE\/","article_author":"https:\/\/www.facebook.com\/SonoraEE","article_published_time":"2021-08-04T04:00:06+00:00","article_modified_time":"2021-08-04T16:38:52+00:00","og_image":[{"width":700,"height":400,"url":"https:\/\/www.sonoraenequipo.com.mx\/storage\/2021\/08\/carlos-navarrete.jpg","type":"image\/jpeg"}],"author":"enequipo","twitter_card":"summary_large_image","twitter_creator":"@sonoraenequipo","twitter_site":"@sonoraenequipo","twitter_misc":{"Escrito por":"enequipo","Tiempo de lectura":"2 minutos"},"schema":{"@context":"https:\/\/schema.org","@graph":[{"@type":"Article","@id":"https:\/\/www.sonoraenequipo.com.mx\/pugna-diputado-carlos-navarrete-por-una-verdadera-reparacion-del-dano-ecologico-en-el-rio-sonora\/#article","isPartOf":{"@id":"https:\/\/www.sonoraenequipo.com.mx\/pugna-diputado-carlos-navarrete-por-una-verdadera-reparacion-del-dano-ecologico-en-el-rio-sonora\/"},"author":{"name":"enequipo","@id":"https:\/\/www.sonoraenequipo.com.mx\/#\/schema\/person\/50102df0fb23a8fa9e8effad8fa81386"},"headline":"Pugna diputado Carlos Navarrete por una verdadera reparaci\u00f3n del da\u00f1o ecol\u00f3gico en el R\u00edo Sonora","datePublished":"2021-08-04T04:00:06+00:00","dateModified":"2021-08-04T16:38:52+00:00","mainEntityOfPage":{"@id":"https:\/\/www.sonoraenequipo.com.mx\/pugna-diputado-carlos-navarrete-por-una-verdadera-reparacion-del-dano-ecologico-en-el-rio-sonora\/"},"wordCount":361,"commentCount":0,"publisher":{"@id":"https:\/\/www.sonoraenequipo.com.mx\/#organization"},"image":{"@id":"https:\/\/www.sonoraenequipo.com.mx\/pugna-diputado-carlos-navarrete-por-una-verdadera-reparacion-del-dano-ecologico-en-el-rio-sonora\/#primaryimage"},"thumbnailUrl":"https:\/\/www.sonoraenequipo.com.mx\/storage\/2021\/08\/carlos-navarrete.jpg","keywords":["Contaminaci\u00f3n","rio sonora"],"articleSection":["Congreso"],"inLanguage":"es","potentialAction":[{"@type":"CommentAction","name":"Comment","target":["https:\/\/www.sonoraenequipo.com.mx\/pugna-diputado-carlos-navarrete-por-una-verdadera-reparacion-del-dano-ecologico-en-el-rio-sonora\/#respond"]}]},{"@type":"WebPage","@id":"https:\/\/www.sonoraenequipo.com.mx\/pugna-diputado-carlos-navarrete-por-una-verdadera-reparacion-del-dano-ecologico-en-el-rio-sonora\/","url":"https:\/\/www.sonoraenequipo.com.mx\/pugna-diputado-carlos-navarrete-por-una-verdadera-reparacion-del-dano-ecologico-en-el-rio-sonora\/","name":"Sonora en Equipo. Pugna diputado Carlos Navarrete por una verdadera reparaci\u00f3n del da\u00f1o ecol\u00f3gico en el R\u00edo Sonora Congreso","isPartOf":{"@id":"https:\/\/www.sonoraenequipo.com.mx\/#website"},"primaryImageOfPage":{"@id":"https:\/\/www.sonoraenequipo.com.mx\/pugna-diputado-carlos-navarrete-por-una-verdadera-reparacion-del-dano-ecologico-en-el-rio-sonora\/#primaryimage"},"image":{"@id":"https:\/\/www.sonoraenequipo.com.mx\/pugna-diputado-carlos-navarrete-por-una-verdadera-reparacion-del-dano-ecologico-en-el-rio-sonora\/#primaryimage"},"thumbnailUrl":"https:\/\/www.sonoraenequipo.com.mx\/storage\/2021\/08\/carlos-navarrete.jpg","datePublished":"2021-08-04T04:00:06+00:00","dateModified":"2021-08-04T16:38:52+00:00","description":"HERMOSILLO, SONORA,MX.\u2500\u2500 \u00a0Ante la nulidad del seguimiento efectivo a las afectaciones generadas en el cauce del R\u00edo Sonora y las comunidades del mismo a En Sonora en Equipo publicamos toda la informaci\u00f3n de Sonora, M\u00e9xico y el Mundo de manera oportuna y busca que la libertad de expresi\u00f3n sea real. Visita nuestro medio informativo publicado desde Hermosillo, Sonora. %","breadcrumb":{"@id":"https:\/\/www.sonoraenequipo.com.mx\/pugna-diputado-carlos-navarrete-por-una-verdadera-reparacion-del-dano-ecologico-en-el-rio-sonora\/#breadcrumb"},"inLanguage":"es","potentialAction":[{"@type":"ReadAction","target":["https:\/\/www.sonoraenequipo.com.mx\/pugna-diputado-carlos-navarrete-por-una-verdadera-reparacion-del-dano-ecologico-en-el-rio-sonora\/"]}]},{"@type":"ImageObject","inLanguage":"es","@id":"https:\/\/www.sonoraenequipo.com.mx\/pugna-diputado-carlos-navarrete-por-una-verdadera-reparacion-del-dano-ecologico-en-el-rio-sonora\/#primaryimage","url":"https:\/\/www.sonoraenequipo.com.mx\/storage\/2021\/08\/carlos-navarrete.jpg","contentUrl":"https:\/\/www.sonoraenequipo.com.mx\/storage\/2021\/08\/carlos-navarrete.jpg","width":700,"height":400},{"@type":"BreadcrumbList","@id":"https:\/\/www.sonoraenequipo.com.mx\/pugna-diputado-carlos-navarrete-por-una-verdadera-reparacion-del-dano-ecologico-en-el-rio-sonora\/#breadcrumb","itemListElement":[{"@type":"ListItem","position":1,"name":"Portada","item":"https:\/\/www.sonoraenequipo.com.mx\/"},{"@type":"ListItem","position":2,"name":"Pugna diputado Carlos Navarrete por una verdadera reparaci\u00f3n del da\u00f1o ecol\u00f3gico en el R\u00edo Sonora"}]},{"@type":"WebSite","@id":"https:\/\/www.sonoraenequipo.com.mx\/#website","url":"https:\/\/www.sonoraenequipo.com.mx\/","name":"Sonora en Equipo.","description":"Diario en l\u00ednea con Noticias desde Hermosillo, Sonora","publisher":{"@id":"https:\/\/www.sonoraenequipo.com.mx\/#organization"},"potentialAction":[{"@type":"SearchAction","target":{"@type":"EntryPoint","urlTemplate":"https:\/\/www.sonoraenequipo.com.mx\/?s={search_term_string}"},"query-input":{"@type":"PropertyValueSpecification","valueRequired":true,"valueName":"search_term_string"}}],"inLanguage":"es"},{"@type":"Organization","@id":"https:\/\/www.sonoraenequipo.com.mx\/#organization","name":"Sonoraenequipo.com.mx","url":"https:\/\/www.sonoraenequipo.com.mx\/","logo":{"@type":"ImageObject","inLanguage":"es","@id":"https:\/\/www.sonoraenequipo.com.mx\/#\/schema\/logo\/image\/","url":"https:\/\/www.sonoraenequipo.com.mx\/storage\/2019\/01\/sonoraenequipo_opt.png","contentUrl":"https:\/\/www.sonoraenequipo.com.mx\/storage\/2019\/01\/sonoraenequipo_opt.png","width":375,"height":125,"caption":"Sonoraenequipo.com.mx"},"image":{"@id":"https:\/\/www.sonoraenequipo.com.mx\/#\/schema\/logo\/image\/"},"sameAs":["https:\/\/www.facebook.com\/SonoraEE\/","https:\/\/x.com\/sonoraenequipo","https:\/\/www.youtube.com\/channel\/UC338nW-lPEYmJQs4ZABQ1SQ"]},{"@type":"Person","@id":"https:\/\/www.sonoraenequipo.com.mx\/#\/schema\/person\/50102df0fb23a8fa9e8effad8fa81386","name":"enequipo","image":{"@type":"ImageObject","inLanguage":"es","@id":"https:\/\/www.sonoraenequipo.com.mx\/#\/schema\/person\/image\/","url":"https:\/\/secure.gravatar.com\/avatar\/049821681b589dabc0bc20695993ccebb09f5b5d4d790cd9251b97faac7c652b?s=96&d=blank&r=g","contentUrl":"https:\/\/secure.gravatar.com\/avatar\/049821681b589dabc0bc20695993ccebb09f5b5d4d790cd9251b97faac7c652b?s=96&d=blank&r=g","caption":"enequipo"},"sameAs":["https:\/\/www.facebook.com\/SonoraEE"]}]}},"jetpack_featured_media_url":"https:\/\/www.sonoraenequipo.com.mx\/storage\/2021\/08\/carlos-navarrete.jpg","_links":{"self":[{"href":"https:\/\/www.sonoraenequipo.com.mx\/api\/wp\/v2\/posts\/119730","targetHints":{"allow":["GET"]}}],"collection":[{"href":"https:\/\/www.sonoraenequipo.com.mx\/api\/wp\/v2\/posts"}],"about":[{"href":"https:\/\/www.sonoraenequipo.com.mx\/api\/wp\/v2\/types\/post"}],"author":[{"embeddable":true,"href":"https:\/\/www.sonoraenequipo.com.mx\/api\/wp\/v2\/users\/1"}],"replies":[{"embeddable":true,"href":"https:\/\/www.sonoraenequipo.com.mx\/api\/wp\/v2\/comments?post=119730"}],"version-history":[{"count":1,"href":"https:\/\/www.sonoraenequipo.com.mx\/api\/wp\/v2\/posts\/119730\/revisions"}],"predecessor-version":[{"id":119732,"href":"https:\/\/www.sonoraenequipo.com.mx\/api\/wp\/v2\/posts\/119730\/revisions\/119732"}],"wp:featuredmedia":[{"embeddable":true,"href":"https:\/\/www.sonoraenequipo.com.mx\/api\/wp\/v2\/media\/119731"}],"wp:attachment":[{"href":"https:\/\/www.sonoraenequipo.com.mx\/api\/wp\/v2\/media?parent=119730"}],"wp:term":[{"taxonomy":"category","embeddable":true,"href":"https:\/\/www.sonoraenequipo.com.mx\/api\/wp\/v2\/categories?post=119730"},{"taxonomy":"post_tag","embeddable":true,"href":"https:\/\/www.sonoraenequipo.com.mx\/api\/wp\/v2\/tags?post=119730"}],"curies":[{"name":"wp","href":"https:\/\/api.w.org\/{rel}","templated":true}]}}