{"id":119735,"date":"2021-08-03T22:45:39","date_gmt":"2021-08-04T05:45:39","guid":{"rendered":"https:\/\/www.sonoraenequipo.com.mx\/?p=119735"},"modified":"2021-08-03T21:19:35","modified_gmt":"2021-08-04T04:19:35","slug":"biden-pide-la-dimision-del-gobernador-de-nueva-york-por-acusaciones-de-acoso","status":"publish","type":"post","link":"https:\/\/www.sonoraenequipo.com.mx\/biden-pide-la-dimision-del-gobernador-de-nueva-york-por-acusaciones-de-acoso\/","title":{"rendered":"Biden pide la dimisi\u00f3n del gobernador de Nueva York por acusaciones de acoso"},"content":{"rendered":"<p>WASHINGTON, ESTADOS UNIDOS. \u2014 El presidente de Estados Unidos, Joe Biden, opin\u00f3 este martes que el gobernador de Nueva York, Andrew Cuomo, deber\u00eda dimitir, a la luz del informe de la Fiscal\u00eda de Nueva York que le acusa de haber acosado sexualmente a varias mujeres, la mayor\u00eda empleadas y exempleadas, entre 2013 y 2020.<\/p>\n<p>&nbsp;<\/p>\n<p> <\/p>\n<p>&nbsp;<\/p>\n<p><em>\u00abCreo que deber\u00eda renunciar\u00bb,<\/em> dijo Joe Biden durante una rueda de prensa en la Casa Blanca.<\/p>\n<p>El mandatario estadounidense hab\u00eda evitado hasta ahora pedir la dimisi\u00f3n de Cuomo a pesar de las m\u00faltiples acusaciones en su contra por acoso sexual, pero el informe publicado este martes por la fiscal general de Nueva York, Letitia James, le hizo cambiar de opini\u00f3n.<\/p>\n<p>&nbsp;<\/p>\n<p>Sin embargo, Joe Biden no quiso pronunciarse sobre si Cuomo deber\u00eda enfrentar un juicio pol\u00edtico en caso de que se niegue a renunciar, aunque asegur\u00f3 que esa es \u00abuna posibilidad\u00bb a la que se arriesga el gobernador.<\/p>\n<p>&nbsp;<\/p>\n<p>Andrew Cuomo, que pertenece al Partido Dem\u00f3crata, el mismo que Joe Biden, neg\u00f3 rotundamente este martes las acusaciones en su contra e insisti\u00f3 en que \u00abnunca\u00bb toc\u00f3 \u00aba ninguna mujer de manera inapropiada\u00bb ni se insinu\u00f3 \u00absexualmente\u00bb.<\/p>\n<p>&nbsp;<\/p>\n<p>Durante su comparecencia ante la prensa, Andrew Cuomo exhibi\u00f3 un video con varias fotograf\u00edas de sus muestras de afecto a lo largo de los a\u00f1os a figuras p\u00fablicas, entre ellas Biden.<\/p>\n<p>&nbsp;<\/p>\n<p>Preguntado por si le molestaba que hubiera usado una foto de \u00e9l abraz\u00e1ndolo para defenderse, Biden respondi\u00f3: \u00abEstoy seguro de que algunos abrazos fueron totalmente inocentes. Pero aparentemente, la fiscal general ha decidido que hay cosas que no lo fueron\u00bb.<\/p>\n<p>&nbsp;<\/p>\n<p>Joe Biden asegur\u00f3 que no hab\u00eda le\u00eddo el informe de la fiscal neoyorquina y no conoc\u00eda los \u00abdetalles\u00bb, solo sus conclusiones, y record\u00f3 que en marzo ya dijo que, si la investigaci\u00f3n de James conclu\u00eda que Cuomo era responsable de acoso, \u00e9l pedir\u00eda su dimisi\u00f3n.<\/p>\n<p>&nbsp;<\/p>\n<p>El mandatario evit\u00f3, no obstante, responder a las preguntas sobre cu\u00e1l era su mensaje para las mujeres afectadas por la conducta de Cuomo.<\/p>\n<p>&nbsp;<\/p>\n<p>Adem\u00e1s de Biden, tambi\u00e9n pidieron este martes la renuncia de Cuomo la presidenta de la C\u00e1mara de Representantes, la dem\u00f3crata Nancy Pelosi, y los dos senadores que representan a Nueva York: el l\u00edder de la mayor\u00eda progresista en el Senado, Chuck Schumer, y la legisladora Kirsten Gillibrand.<\/p>\n<p>&nbsp;<\/p>\n<p>El informe de James es el resultado de cinco meses de investigaci\u00f3n sobre varias alegaciones de acoso contra Andrew Cuomo, tras entrevistar a 179 personas y obtener 74.000 pruebas, entre documentos, correos, mensajes y fotos.<\/p>\n<p>&nbsp;<\/p>\n<p>James se\u00f1al\u00f3 que el gobernador infringi\u00f3 \u00ableyes estatales y federales\u00bb al \u00abacosar sexualmente a m\u00faltiples mujeres, muchas de ellas j\u00f3venes, con tocamientos, besos, abrazos y comentarios inapropiados que no fueron deseados\u00bb, entre 2013 y 2020.<\/p>\n<p>&nbsp;<\/p>\n<p>El informe, de 169 p\u00e1ginas, cuenta con once denunciantes cuyas alegaciones se describen con gran detalle, nueve de ellas empleadas o exempleadas del estado, y \u00abtodas ellas consideraron perturbador, humillante, inc\u00f3modo e inapropiado\u00bb el comportamiento del gobernador, ya fuera en un encuentro o repetidamente.<\/p>\n<p>(Publicada el 03\/08\/2021 \/Con informaci\u00f3n de EFE)<\/p>\n","protected":false},"excerpt":{"rendered":"<p>WASHINGTON, ESTADOS UNIDOS. \u2014 El presidente de Estados Unidos, Joe Biden, opin\u00f3 este martes que&#8230;<\/p>\n","protected":false},"author":1,"featured_media":119737,"comment_status":"open","ping_status":"open","sticky":false,"template":"","format":"standard","meta":{"_monsterinsights_skip_tracking":false,"_monsterinsights_sitenote_active":false,"_monsterinsights_sitenote_note":"","_monsterinsights_sitenote_category":0,"footnotes":""},"categories":[3],"tags":[],"class_list":["post"],"yoast_head":" \n<title>Sonora en Equipo. Biden pide la dimisi\u00f3n del gobernador de Nueva York por acusaciones de acoso MUNDO<\/title>\n<meta name=\"description\" content=\"WASHINGTON, ESTADOS UNIDOS. \u2014 El presidente de Estados Unidos, Joe Biden, opin\u00f3 este martes que el gobernador de Nueva York, Andrew Cuomo, deber\u00eda En Sonora en Equipo publicamos toda la informaci\u00f3n de Sonora, M\u00e9xico y el Mundo de manera oportuna y busca que la libertad de expresi\u00f3n sea real. Visita nuestro medio informativo publicado desde Hermosillo, Sonora. %\" \/>\n<meta name=\"robots\" content=\"index, follow, max-snippet:-1, max-image-preview:large, max-video-preview:-1\" \/>\n<link rel=\"canonical\" href=\"https:\/\/www.sonoraenequipo.com.mx\/biden-pide-la-dimision-del-gobernador-de-nueva-york-por-acusaciones-de-acoso\/\" \/>\n<meta property=\"og:locale\" content=\"es_ES\" \/>\n<meta property=\"og:type\" content=\"article\" \/>\n<meta property=\"og:title\" content=\"Sonora en Equipo. Biden pide la dimisi\u00f3n del gobernador de Nueva York por acusaciones de acoso MUNDO\" \/>\n<meta property=\"og:description\" content=\"WASHINGTON, ESTADOS UNIDOS. \u2014 El presidente de Estados Unidos, Joe Biden, opin\u00f3 este martes que el gobernador de Nueva York, Andrew Cuomo, deber\u00eda En Sonora en Equipo publicamos toda la informaci\u00f3n de Sonora, M\u00e9xico y el Mundo de manera oportuna y busca que la libertad de expresi\u00f3n sea real. Visita nuestro medio informativo publicado desde Hermosillo, Sonora. %\" \/>\n<meta property=\"og:url\" content=\"https:\/\/www.sonoraenequipo.com.mx\/biden-pide-la-dimision-del-gobernador-de-nueva-york-por-acusaciones-de-acoso\/\" \/>\n<meta property=\"og:site_name\" content=\"Sonora en Equipo.\" \/>\n<meta property=\"article:publisher\" content=\"https:\/\/www.facebook.com\/SonoraEE\/\" \/>\n<meta property=\"article:author\" content=\"https:\/\/www.facebook.com\/SonoraEE\" \/>\n<meta property=\"article:published_time\" content=\"2021-08-04T05:45:39+00:00\" \/>\n<meta property=\"og:image\" content=\"https:\/\/www.sonoraenequipo.com.mx\/storage\/2021\/08\/Andrew-Cuomo_opt.jpg\" \/>\n\t<meta property=\"og:image:width\" content=\"700\" \/>\n\t<meta property=\"og:image:height\" content=\"400\" \/>\n\t<meta property=\"og:image:type\" content=\"image\/jpeg\" \/>\n<meta name=\"author\" content=\"enequipo\" \/>\n<meta name=\"twitter:card\" content=\"summary_large_image\" \/>\n<meta name=\"twitter:creator\" content=\"@sonoraenequipo\" \/>\n<meta name=\"twitter:site\" content=\"@sonoraenequipo\" \/>\n<meta name=\"twitter:label1\" content=\"Escrito por\" \/>\n\t<meta name=\"twitter:data1\" content=\"enequipo\" \/>\n\t<meta name=\"twitter:label2\" content=\"Tiempo de lectura\" \/>\n\t<meta name=\"twitter:data2\" content=\"3 minutos\" \/>\n<script type=\"application\/ld+json\" class=\"yoast-schema-graph\">{\"@context\":\"https:\/\/schema.org\",\"@graph\":[{\"@type\":\"Article\",\"@id\":\"https:\/\/www.sonoraenequipo.com.mx\/biden-pide-la-dimision-del-gobernador-de-nueva-york-por-acusaciones-de-acoso\/#article\",\"isPartOf\":{\"@id\":\"https:\/\/www.sonoraenequipo.com.mx\/biden-pide-la-dimision-del-gobernador-de-nueva-york-por-acusaciones-de-acoso\/\"},\"author\":{\"name\":\"enequipo\",\"@id\":\"https:\/\/www.sonoraenequipo.com.mx\/#\/schema\/person\/50102df0fb23a8fa9e8effad8fa81386\"},\"headline\":\"Biden pide la dimisi\u00f3n del gobernador de Nueva York por acusaciones de acoso\",\"datePublished\":\"2021-08-04T05:45:39+00:00\",\"mainEntityOfPage\":{\"@id\":\"https:\/\/www.sonoraenequipo.com.mx\/biden-pide-la-dimision-del-gobernador-de-nueva-york-por-acusaciones-de-acoso\/\"},\"wordCount\":548,\"commentCount\":0,\"publisher\":{\"@id\":\"https:\/\/www.sonoraenequipo.com.mx\/#organization\"},\"image\":{\"@id\":\"https:\/\/www.sonoraenequipo.com.mx\/biden-pide-la-dimision-del-gobernador-de-nueva-york-por-acusaciones-de-acoso\/#primaryimage\"},\"thumbnailUrl\":\"https:\/\/www.sonoraenequipo.com.mx\/storage\/2021\/08\/Andrew-Cuomo_opt.jpg\",\"articleSection\":[\"MUNDO\"],\"inLanguage\":\"es\",\"potentialAction\":[{\"@type\":\"CommentAction\",\"name\":\"Comment\",\"target\":[\"https:\/\/www.sonoraenequipo.com.mx\/biden-pide-la-dimision-del-gobernador-de-nueva-york-por-acusaciones-de-acoso\/#respond\"]}]},{\"@type\":\"WebPage\",\"@id\":\"https:\/\/www.sonoraenequipo.com.mx\/biden-pide-la-dimision-del-gobernador-de-nueva-york-por-acusaciones-de-acoso\/\",\"url\":\"https:\/\/www.sonoraenequipo.com.mx\/biden-pide-la-dimision-del-gobernador-de-nueva-york-por-acusaciones-de-acoso\/\",\"name\":\"Sonora en Equipo. Biden pide la dimisi\u00f3n del gobernador de Nueva York por acusaciones de acoso MUNDO\",\"isPartOf\":{\"@id\":\"https:\/\/www.sonoraenequipo.com.mx\/#website\"},\"primaryImageOfPage\":{\"@id\":\"https:\/\/www.sonoraenequipo.com.mx\/biden-pide-la-dimision-del-gobernador-de-nueva-york-por-acusaciones-de-acoso\/#primaryimage\"},\"image\":{\"@id\":\"https:\/\/www.sonoraenequipo.com.mx\/biden-pide-la-dimision-del-gobernador-de-nueva-york-por-acusaciones-de-acoso\/#primaryimage\"},\"thumbnailUrl\":\"https:\/\/www.sonoraenequipo.com.mx\/storage\/2021\/08\/Andrew-Cuomo_opt.jpg\",\"datePublished\":\"2021-08-04T05:45:39+00:00\",\"description\":\"WASHINGTON, ESTADOS UNIDOS. \u2014 El presidente de Estados Unidos, Joe Biden, opin\u00f3 este martes que el gobernador de Nueva York, Andrew Cuomo, deber\u00eda En Sonora en Equipo publicamos toda la informaci\u00f3n de Sonora, M\u00e9xico y el Mundo de manera oportuna y busca que la libertad de expresi\u00f3n sea real. Visita nuestro medio informativo publicado desde Hermosillo, Sonora. %\",\"breadcrumb\":{\"@id\":\"https:\/\/www.sonoraenequipo.com.mx\/biden-pide-la-dimision-del-gobernador-de-nueva-york-por-acusaciones-de-acoso\/#breadcrumb\"},\"inLanguage\":\"es\",\"potentialAction\":[{\"@type\":\"ReadAction\",\"target\":[\"https:\/\/www.sonoraenequipo.com.mx\/biden-pide-la-dimision-del-gobernador-de-nueva-york-por-acusaciones-de-acoso\/\"]}]},{\"@type\":\"ImageObject\",\"inLanguage\":\"es\",\"@id\":\"https:\/\/www.sonoraenequipo.com.mx\/biden-pide-la-dimision-del-gobernador-de-nueva-york-por-acusaciones-de-acoso\/#primaryimage\",\"url\":\"https:\/\/www.sonoraenequipo.com.mx\/storage\/2021\/08\/Andrew-Cuomo_opt.jpg\",\"contentUrl\":\"https:\/\/www.sonoraenequipo.com.mx\/storage\/2021\/08\/Andrew-Cuomo_opt.jpg\",\"width\":700,\"height\":400},{\"@type\":\"BreadcrumbList\",\"@id\":\"https:\/\/www.sonoraenequipo.com.mx\/biden-pide-la-dimision-del-gobernador-de-nueva-york-por-acusaciones-de-acoso\/#breadcrumb\",\"itemListElement\":[{\"@type\":\"ListItem\",\"position\":1,\"name\":\"Portada\",\"item\":\"https:\/\/www.sonoraenequipo.com.mx\/\"},{\"@type\":\"ListItem\",\"position\":2,\"name\":\"Biden pide la dimisi\u00f3n del gobernador de Nueva York por acusaciones de acoso\"}]},{\"@type\":\"WebSite\",\"@id\":\"https:\/\/www.sonoraenequipo.com.mx\/#website\",\"url\":\"https:\/\/www.sonoraenequipo.com.mx\/\",\"name\":\"Sonora en Equipo.\",\"description\":\"Diario en l\u00ednea con Noticias desde Hermosillo, Sonora\",\"publisher\":{\"@id\":\"https:\/\/www.sonoraenequipo.com.mx\/#organization\"},\"potentialAction\":[{\"@type\":\"SearchAction\",\"target\":{\"@type\":\"EntryPoint\",\"urlTemplate\":\"https:\/\/www.sonoraenequipo.com.mx\/?s={search_term_string}\"},\"query-input\":{\"@type\":\"PropertyValueSpecification\",\"valueRequired\":true,\"valueName\":\"search_term_string\"}}],\"inLanguage\":\"es\"},{\"@type\":\"Organization\",\"@id\":\"https:\/\/www.sonoraenequipo.com.mx\/#organization\",\"name\":\"Sonoraenequipo.com.mx\",\"url\":\"https:\/\/www.sonoraenequipo.com.mx\/\",\"logo\":{\"@type\":\"ImageObject\",\"inLanguage\":\"es\",\"@id\":\"https:\/\/www.sonoraenequipo.com.mx\/#\/schema\/logo\/image\/\",\"url\":\"https:\/\/www.sonoraenequipo.com.mx\/storage\/2019\/01\/sonoraenequipo_opt.png\",\"contentUrl\":\"https:\/\/www.sonoraenequipo.com.mx\/storage\/2019\/01\/sonoraenequipo_opt.png\",\"width\":375,\"height\":125,\"caption\":\"Sonoraenequipo.com.mx\"},\"image\":{\"@id\":\"https:\/\/www.sonoraenequipo.com.mx\/#\/schema\/logo\/image\/\"},\"sameAs\":[\"https:\/\/www.facebook.com\/SonoraEE\/\",\"https:\/\/x.com\/sonoraenequipo\",\"https:\/\/www.youtube.com\/channel\/UC338nW-lPEYmJQs4ZABQ1SQ\"]},{\"@type\":\"Person\",\"@id\":\"https:\/\/www.sonoraenequipo.com.mx\/#\/schema\/person\/50102df0fb23a8fa9e8effad8fa81386\",\"name\":\"enequipo\",\"image\":{\"@type\":\"ImageObject\",\"inLanguage\":\"es\",\"@id\":\"https:\/\/www.sonoraenequipo.com.mx\/#\/schema\/person\/image\/\",\"url\":\"https:\/\/secure.gravatar.com\/avatar\/049821681b589dabc0bc20695993ccebb09f5b5d4d790cd9251b97faac7c652b?s=96&d=blank&r=g\",\"contentUrl\":\"https:\/\/secure.gravatar.com\/avatar\/049821681b589dabc0bc20695993ccebb09f5b5d4d790cd9251b97faac7c652b?s=96&d=blank&r=g\",\"caption\":\"enequipo\"},\"sameAs\":[\"https:\/\/www.facebook.com\/SonoraEE\"]}]}<\/script>\n ","yoast_head_json":{"title":"Sonora en Equipo. Biden pide la dimisi\u00f3n del gobernador de Nueva York por acusaciones de acoso MUNDO","description":"WASHINGTON, ESTADOS UNIDOS. \u2014 El presidente de Estados Unidos, Joe Biden, opin\u00f3 este martes que el gobernador de Nueva York, Andrew Cuomo, deber\u00eda En Sonora en Equipo publicamos toda la informaci\u00f3n de Sonora, M\u00e9xico y el Mundo de manera oportuna y busca que la libertad de expresi\u00f3n sea real. Visita nuestro medio informativo publicado desde Hermosillo, Sonora. %","robots":{"index":"index","follow":"follow","max-snippet":"max-snippet:-1","max-image-preview":"max-image-preview:large","max-video-preview":"max-video-preview:-1"},"canonical":"https:\/\/www.sonoraenequipo.com.mx\/biden-pide-la-dimision-del-gobernador-de-nueva-york-por-acusaciones-de-acoso\/","og_locale":"es_ES","og_type":"article","og_title":"Sonora en Equipo. Biden pide la dimisi\u00f3n del gobernador de Nueva York por acusaciones de acoso MUNDO","og_description":"WASHINGTON, ESTADOS UNIDOS. \u2014 El presidente de Estados Unidos, Joe Biden, opin\u00f3 este martes que el gobernador de Nueva York, Andrew Cuomo, deber\u00eda En Sonora en Equipo publicamos toda la informaci\u00f3n de Sonora, M\u00e9xico y el Mundo de manera oportuna y busca que la libertad de expresi\u00f3n sea real. Visita nuestro medio informativo publicado desde Hermosillo, Sonora. %","og_url":"https:\/\/www.sonoraenequipo.com.mx\/biden-pide-la-dimision-del-gobernador-de-nueva-york-por-acusaciones-de-acoso\/","og_site_name":"Sonora en Equipo.","article_publisher":"https:\/\/www.facebook.com\/SonoraEE\/","article_author":"https:\/\/www.facebook.com\/SonoraEE","article_published_time":"2021-08-04T05:45:39+00:00","og_image":[{"width":700,"height":400,"url":"https:\/\/www.sonoraenequipo.com.mx\/storage\/2021\/08\/Andrew-Cuomo_opt.jpg","type":"image\/jpeg"}],"author":"enequipo","twitter_card":"summary_large_image","twitter_creator":"@sonoraenequipo","twitter_site":"@sonoraenequipo","twitter_misc":{"Escrito por":"enequipo","Tiempo de lectura":"3 minutos"},"schema":{"@context":"https:\/\/schema.org","@graph":[{"@type":"Article","@id":"https:\/\/www.sonoraenequipo.com.mx\/biden-pide-la-dimision-del-gobernador-de-nueva-york-por-acusaciones-de-acoso\/#article","isPartOf":{"@id":"https:\/\/www.sonoraenequipo.com.mx\/biden-pide-la-dimision-del-gobernador-de-nueva-york-por-acusaciones-de-acoso\/"},"author":{"name":"enequipo","@id":"https:\/\/www.sonoraenequipo.com.mx\/#\/schema\/person\/50102df0fb23a8fa9e8effad8fa81386"},"headline":"Biden pide la dimisi\u00f3n del gobernador de Nueva York por acusaciones de acoso","datePublished":"2021-08-04T05:45:39+00:00","mainEntityOfPage":{"@id":"https:\/\/www.sonoraenequipo.com.mx\/biden-pide-la-dimision-del-gobernador-de-nueva-york-por-acusaciones-de-acoso\/"},"wordCount":548,"commentCount":0,"publisher":{"@id":"https:\/\/www.sonoraenequipo.com.mx\/#organization"},"image":{"@id":"https:\/\/www.sonoraenequipo.com.mx\/biden-pide-la-dimision-del-gobernador-de-nueva-york-por-acusaciones-de-acoso\/#primaryimage"},"thumbnailUrl":"https:\/\/www.sonoraenequipo.com.mx\/storage\/2021\/08\/Andrew-Cuomo_opt.jpg","articleSection":["MUNDO"],"inLanguage":"es","potentialAction":[{"@type":"CommentAction","name":"Comment","target":["https:\/\/www.sonoraenequipo.com.mx\/biden-pide-la-dimision-del-gobernador-de-nueva-york-por-acusaciones-de-acoso\/#respond"]}]},{"@type":"WebPage","@id":"https:\/\/www.sonoraenequipo.com.mx\/biden-pide-la-dimision-del-gobernador-de-nueva-york-por-acusaciones-de-acoso\/","url":"https:\/\/www.sonoraenequipo.com.mx\/biden-pide-la-dimision-del-gobernador-de-nueva-york-por-acusaciones-de-acoso\/","name":"Sonora en Equipo. Biden pide la dimisi\u00f3n del gobernador de Nueva York por acusaciones de acoso MUNDO","isPartOf":{"@id":"https:\/\/www.sonoraenequipo.com.mx\/#website"},"primaryImageOfPage":{"@id":"https:\/\/www.sonoraenequipo.com.mx\/biden-pide-la-dimision-del-gobernador-de-nueva-york-por-acusaciones-de-acoso\/#primaryimage"},"image":{"@id":"https:\/\/www.sonoraenequipo.com.mx\/biden-pide-la-dimision-del-gobernador-de-nueva-york-por-acusaciones-de-acoso\/#primaryimage"},"thumbnailUrl":"https:\/\/www.sonoraenequipo.com.mx\/storage\/2021\/08\/Andrew-Cuomo_opt.jpg","datePublished":"2021-08-04T05:45:39+00:00","description":"WASHINGTON, ESTADOS UNIDOS. \u2014 El presidente de Estados Unidos, Joe Biden, opin\u00f3 este martes que el gobernador de Nueva York, Andrew Cuomo, deber\u00eda En Sonora en Equipo publicamos toda la informaci\u00f3n de Sonora, M\u00e9xico y el Mundo de manera oportuna y busca que la libertad de expresi\u00f3n sea real. Visita nuestro medio informativo publicado desde Hermosillo, Sonora. %","breadcrumb":{"@id":"https:\/\/www.sonoraenequipo.com.mx\/biden-pide-la-dimision-del-gobernador-de-nueva-york-por-acusaciones-de-acoso\/#breadcrumb"},"inLanguage":"es","potentialAction":[{"@type":"ReadAction","target":["https:\/\/www.sonoraenequipo.com.mx\/biden-pide-la-dimision-del-gobernador-de-nueva-york-por-acusaciones-de-acoso\/"]}]},{"@type":"ImageObject","inLanguage":"es","@id":"https:\/\/www.sonoraenequipo.com.mx\/biden-pide-la-dimision-del-gobernador-de-nueva-york-por-acusaciones-de-acoso\/#primaryimage","url":"https:\/\/www.sonoraenequipo.com.mx\/storage\/2021\/08\/Andrew-Cuomo_opt.jpg","contentUrl":"https:\/\/www.sonoraenequipo.com.mx\/storage\/2021\/08\/Andrew-Cuomo_opt.jpg","width":700,"height":400},{"@type":"BreadcrumbList","@id":"https:\/\/www.sonoraenequipo.com.mx\/biden-pide-la-dimision-del-gobernador-de-nueva-york-por-acusaciones-de-acoso\/#breadcrumb","itemListElement":[{"@type":"ListItem","position":1,"name":"Portada","item":"https:\/\/www.sonoraenequipo.com.mx\/"},{"@type":"ListItem","position":2,"name":"Biden pide la dimisi\u00f3n del gobernador de Nueva York por acusaciones de acoso"}]},{"@type":"WebSite","@id":"https:\/\/www.sonoraenequipo.com.mx\/#website","url":"https:\/\/www.sonoraenequipo.com.mx\/","name":"Sonora en Equipo.","description":"Diario en l\u00ednea con Noticias desde Hermosillo, Sonora","publisher":{"@id":"https:\/\/www.sonoraenequipo.com.mx\/#organization"},"potentialAction":[{"@type":"SearchAction","target":{"@type":"EntryPoint","urlTemplate":"https:\/\/www.sonoraenequipo.com.mx\/?s={search_term_string}"},"query-input":{"@type":"PropertyValueSpecification","valueRequired":true,"valueName":"search_term_string"}}],"inLanguage":"es"},{"@type":"Organization","@id":"https:\/\/www.sonoraenequipo.com.mx\/#organization","name":"Sonoraenequipo.com.mx","url":"https:\/\/www.sonoraenequipo.com.mx\/","logo":{"@type":"ImageObject","inLanguage":"es","@id":"https:\/\/www.sonoraenequipo.com.mx\/#\/schema\/logo\/image\/","url":"https:\/\/www.sonoraenequipo.com.mx\/storage\/2019\/01\/sonoraenequipo_opt.png","contentUrl":"https:\/\/www.sonoraenequipo.com.mx\/storage\/2019\/01\/sonoraenequipo_opt.png","width":375,"height":125,"caption":"Sonoraenequipo.com.mx"},"image":{"@id":"https:\/\/www.sonoraenequipo.com.mx\/#\/schema\/logo\/image\/"},"sameAs":["https:\/\/www.facebook.com\/SonoraEE\/","https:\/\/x.com\/sonoraenequipo","https:\/\/www.youtube.com\/channel\/UC338nW-lPEYmJQs4ZABQ1SQ"]},{"@type":"Person","@id":"https:\/\/www.sonoraenequipo.com.mx\/#\/schema\/person\/50102df0fb23a8fa9e8effad8fa81386","name":"enequipo","image":{"@type":"ImageObject","inLanguage":"es","@id":"https:\/\/www.sonoraenequipo.com.mx\/#\/schema\/person\/image\/","url":"https:\/\/secure.gravatar.com\/avatar\/049821681b589dabc0bc20695993ccebb09f5b5d4d790cd9251b97faac7c652b?s=96&d=blank&r=g","contentUrl":"https:\/\/secure.gravatar.com\/avatar\/049821681b589dabc0bc20695993ccebb09f5b5d4d790cd9251b97faac7c652b?s=96&d=blank&r=g","caption":"enequipo"},"sameAs":["https:\/\/www.facebook.com\/SonoraEE"]}]}},"jetpack_featured_media_url":"https:\/\/www.sonoraenequipo.com.mx\/storage\/2021\/08\/Andrew-Cuomo_opt.jpg","_links":{"self":[{"href":"https:\/\/www.sonoraenequipo.com.mx\/api\/wp\/v2\/posts\/119735","targetHints":{"allow":["GET"]}}],"collection":[{"href":"https:\/\/www.sonoraenequipo.com.mx\/api\/wp\/v2\/posts"}],"about":[{"href":"https:\/\/www.sonoraenequipo.com.mx\/api\/wp\/v2\/types\/post"}],"author":[{"embeddable":true,"href":"https:\/\/www.sonoraenequipo.com.mx\/api\/wp\/v2\/users\/1"}],"replies":[{"embeddable":true,"href":"https:\/\/www.sonoraenequipo.com.mx\/api\/wp\/v2\/comments?post=119735"}],"version-history":[{"count":1,"href":"https:\/\/www.sonoraenequipo.com.mx\/api\/wp\/v2\/posts\/119735\/revisions"}],"predecessor-version":[{"id":119739,"href":"https:\/\/www.sonoraenequipo.com.mx\/api\/wp\/v2\/posts\/119735\/revisions\/119739"}],"wp:featuredmedia":[{"embeddable":true,"href":"https:\/\/www.sonoraenequipo.com.mx\/api\/wp\/v2\/media\/119737"}],"wp:attachment":[{"href":"https:\/\/www.sonoraenequipo.com.mx\/api\/wp\/v2\/media?parent=119735"}],"wp:term":[{"taxonomy":"category","embeddable":true,"href":"https:\/\/www.sonoraenequipo.com.mx\/api\/wp\/v2\/categories?post=119735"},{"taxonomy":"post_tag","embeddable":true,"href":"https:\/\/www.sonoraenequipo.com.mx\/api\/wp\/v2\/tags?post=119735"}],"curies":[{"name":"wp","href":"https:\/\/api.w.org\/{rel}","templated":true}]}}