{"id":119736,"date":"2021-08-03T21:19:08","date_gmt":"2021-08-04T04:19:08","guid":{"rendered":"https:\/\/www.sonoraenequipo.com.mx\/?p=119736"},"modified":"2021-08-03T21:19:08","modified_gmt":"2021-08-04T04:19:08","slug":"ordenaremos-el-transporte-urbano-en-el-estado-en-beneficio-de-los-usuarios-durazo","status":"publish","type":"post","link":"https:\/\/www.sonoraenequipo.com.mx\/ordenaremos-el-transporte-urbano-en-el-estado-en-beneficio-de-los-usuarios-durazo\/","title":{"rendered":"Ordenaremos el transporte urbano en el estado en beneficio de los usuarios: Durazo"},"content":{"rendered":"<p>&nbsp;<\/p>\n<p>&nbsp;<\/p>\n<p>HERMOSILLO, SONORA,MX.\u2500\u2500 El problema del transporte es uno de los grandes temas que requiere una soluci\u00f3n de car\u00e1cter estatal, ya que impacta la competitividad econ\u00f3mica de la entidad, afirm\u00f3 Alfonso Durazo Monta\u00f1o, gobernador electo de Sonora.<\/p>\n<p>&nbsp;<\/p>\n<p>\u201cImaginen&#8230; un transporte eficiente, que te permita llegar al punto de donde tomas el cami\u00f3n a una hora determinada, con la certeza de que no vas a perder tu d\u00eda esperando el cami\u00f3n. Que el transporte sea c\u00f3modo y que te regrese a tu casa con puntualidad, con comodidad, con seguridad. Vamos a tener a trabajadores con un \u00e1nimo mejor para cumplir su responsabilidad. Yo lo veo desde esa perspectiva\u201d.<\/p>\n<p>&nbsp;<\/p>\n<p>Durazo Monta\u00f1o coment\u00f3 que para lograr el ordenamiento de los sistemas de transporte urbano se requerir\u00e1 la cooperaci\u00f3n de todos los involucrados y se deber\u00e1 privilegiar invariablemente a las y los usuarios, garantizando el leg\u00edtimo beneficio econ\u00f3mico de la empresa prestadora del servicio.<\/p>\n<p>Fecha de Publicaci\u00f3n\u00a0 martes\u00a0 \/ 03\u00a0\u00a0 \/ agosto \/ 2021<\/p>\n","protected":false},"excerpt":{"rendered":"<p>&nbsp; &nbsp; HERMOSILLO, SONORA,MX.\u2500\u2500 El problema del transporte es uno de los grandes temas que&#8230;<\/p>\n","protected":false},"author":1,"featured_media":119738,"comment_status":"open","ping_status":"open","sticky":false,"template":"","format":"standard","meta":{"_monsterinsights_skip_tracking":false,"_monsterinsights_sitenote_active":false,"_monsterinsights_sitenote_note":"","_monsterinsights_sitenote_category":0,"footnotes":""},"categories":[22],"tags":[2200,15,1171],"class_list":["post"],"yoast_head":" \n<title>Sonora en Equipo. Ordenaremos el transporte urbano en el estado en beneficio de los usuarios: Durazo Sonora<\/title>\n<meta name=\"description\" content=\"&nbsp; &nbsp; HERMOSILLO, SONORA,MX.\u2500\u2500 El problema del transporte es uno de los grandes temas que requiere una soluci\u00f3n de car\u00e1cter estatal, ya que En Sonora en Equipo publicamos toda la informaci\u00f3n de Sonora, M\u00e9xico y el Mundo de manera oportuna y busca que la libertad de expresi\u00f3n sea real. Visita nuestro medio informativo publicado desde Hermosillo, Sonora. %\" \/>\n<meta name=\"robots\" content=\"index, follow, max-snippet:-1, max-image-preview:large, max-video-preview:-1\" \/>\n<link rel=\"canonical\" href=\"https:\/\/www.sonoraenequipo.com.mx\/ordenaremos-el-transporte-urbano-en-el-estado-en-beneficio-de-los-usuarios-durazo\/\" \/>\n<meta property=\"og:locale\" content=\"es_ES\" \/>\n<meta property=\"og:type\" content=\"article\" \/>\n<meta property=\"og:title\" content=\"Sonora en Equipo. Ordenaremos el transporte urbano en el estado en beneficio de los usuarios: Durazo Sonora\" \/>\n<meta property=\"og:description\" content=\"&nbsp; &nbsp; HERMOSILLO, SONORA,MX.\u2500\u2500 El problema del transporte es uno de los grandes temas que requiere una soluci\u00f3n de car\u00e1cter estatal, ya que En Sonora en Equipo publicamos toda la informaci\u00f3n de Sonora, M\u00e9xico y el Mundo de manera oportuna y busca que la libertad de expresi\u00f3n sea real. Visita nuestro medio informativo publicado desde Hermosillo, Sonora. %\" \/>\n<meta property=\"og:url\" content=\"https:\/\/www.sonoraenequipo.com.mx\/ordenaremos-el-transporte-urbano-en-el-estado-en-beneficio-de-los-usuarios-durazo\/\" \/>\n<meta property=\"og:site_name\" content=\"Sonora en Equipo.\" \/>\n<meta property=\"article:publisher\" content=\"https:\/\/www.facebook.com\/SonoraEE\/\" \/>\n<meta property=\"article:author\" content=\"https:\/\/www.facebook.com\/SonoraEE\" \/>\n<meta property=\"article:published_time\" content=\"2021-08-04T04:19:08+00:00\" \/>\n<meta property=\"og:image\" content=\"https:\/\/www.sonoraenequipo.com.mx\/storage\/2021\/08\/adm030821.jpg\" \/>\n\t<meta property=\"og:image:width\" content=\"700\" \/>\n\t<meta property=\"og:image:height\" content=\"400\" \/>\n\t<meta property=\"og:image:type\" content=\"image\/jpeg\" \/>\n<meta name=\"author\" content=\"enequipo\" \/>\n<meta name=\"twitter:card\" content=\"summary_large_image\" \/>\n<meta name=\"twitter:creator\" content=\"@sonoraenequipo\" \/>\n<meta name=\"twitter:site\" content=\"@sonoraenequipo\" \/>\n<meta name=\"twitter:label1\" content=\"Escrito por\" \/>\n\t<meta name=\"twitter:data1\" content=\"enequipo\" \/>\n\t<meta name=\"twitter:label2\" content=\"Tiempo de lectura\" \/>\n\t<meta name=\"twitter:data2\" content=\"1 minuto\" \/>\n<script type=\"application\/ld+json\" class=\"yoast-schema-graph\">{\"@context\":\"https:\/\/schema.org\",\"@graph\":[{\"@type\":\"Article\",\"@id\":\"https:\/\/www.sonoraenequipo.com.mx\/ordenaremos-el-transporte-urbano-en-el-estado-en-beneficio-de-los-usuarios-durazo\/#article\",\"isPartOf\":{\"@id\":\"https:\/\/www.sonoraenequipo.com.mx\/ordenaremos-el-transporte-urbano-en-el-estado-en-beneficio-de-los-usuarios-durazo\/\"},\"author\":{\"name\":\"enequipo\",\"@id\":\"https:\/\/www.sonoraenequipo.com.mx\/#\/schema\/person\/50102df0fb23a8fa9e8effad8fa81386\"},\"headline\":\"Ordenaremos el transporte urbano en el estado en beneficio de los usuarios: Durazo\",\"datePublished\":\"2021-08-04T04:19:08+00:00\",\"mainEntityOfPage\":{\"@id\":\"https:\/\/www.sonoraenequipo.com.mx\/ordenaremos-el-transporte-urbano-en-el-estado-en-beneficio-de-los-usuarios-durazo\/\"},\"wordCount\":185,\"commentCount\":0,\"publisher\":{\"@id\":\"https:\/\/www.sonoraenequipo.com.mx\/#organization\"},\"image\":{\"@id\":\"https:\/\/www.sonoraenequipo.com.mx\/ordenaremos-el-transporte-urbano-en-el-estado-en-beneficio-de-los-usuarios-durazo\/#primaryimage\"},\"thumbnailUrl\":\"https:\/\/www.sonoraenequipo.com.mx\/storage\/2021\/08\/adm030821.jpg\",\"keywords\":[\"Alfonso Durazo\",\"Sonora\",\"Transporte urbano\"],\"articleSection\":[\"Sonora\"],\"inLanguage\":\"es\",\"potentialAction\":[{\"@type\":\"CommentAction\",\"name\":\"Comment\",\"target\":[\"https:\/\/www.sonoraenequipo.com.mx\/ordenaremos-el-transporte-urbano-en-el-estado-en-beneficio-de-los-usuarios-durazo\/#respond\"]}]},{\"@type\":\"WebPage\",\"@id\":\"https:\/\/www.sonoraenequipo.com.mx\/ordenaremos-el-transporte-urbano-en-el-estado-en-beneficio-de-los-usuarios-durazo\/\",\"url\":\"https:\/\/www.sonoraenequipo.com.mx\/ordenaremos-el-transporte-urbano-en-el-estado-en-beneficio-de-los-usuarios-durazo\/\",\"name\":\"Sonora en Equipo. Ordenaremos el transporte urbano en el estado en beneficio de los usuarios: Durazo Sonora\",\"isPartOf\":{\"@id\":\"https:\/\/www.sonoraenequipo.com.mx\/#website\"},\"primaryImageOfPage\":{\"@id\":\"https:\/\/www.sonoraenequipo.com.mx\/ordenaremos-el-transporte-urbano-en-el-estado-en-beneficio-de-los-usuarios-durazo\/#primaryimage\"},\"image\":{\"@id\":\"https:\/\/www.sonoraenequipo.com.mx\/ordenaremos-el-transporte-urbano-en-el-estado-en-beneficio-de-los-usuarios-durazo\/#primaryimage\"},\"thumbnailUrl\":\"https:\/\/www.sonoraenequipo.com.mx\/storage\/2021\/08\/adm030821.jpg\",\"datePublished\":\"2021-08-04T04:19:08+00:00\",\"description\":\"&nbsp; &nbsp; HERMOSILLO, SONORA,MX.\u2500\u2500 El problema del transporte es uno de los grandes temas que requiere una soluci\u00f3n de car\u00e1cter estatal, ya que En Sonora en Equipo publicamos toda la informaci\u00f3n de Sonora, M\u00e9xico y el Mundo de manera oportuna y busca que la libertad de expresi\u00f3n sea real. Visita nuestro medio informativo publicado desde Hermosillo, Sonora. %\",\"breadcrumb\":{\"@id\":\"https:\/\/www.sonoraenequipo.com.mx\/ordenaremos-el-transporte-urbano-en-el-estado-en-beneficio-de-los-usuarios-durazo\/#breadcrumb\"},\"inLanguage\":\"es\",\"potentialAction\":[{\"@type\":\"ReadAction\",\"target\":[\"https:\/\/www.sonoraenequipo.com.mx\/ordenaremos-el-transporte-urbano-en-el-estado-en-beneficio-de-los-usuarios-durazo\/\"]}]},{\"@type\":\"ImageObject\",\"inLanguage\":\"es\",\"@id\":\"https:\/\/www.sonoraenequipo.com.mx\/ordenaremos-el-transporte-urbano-en-el-estado-en-beneficio-de-los-usuarios-durazo\/#primaryimage\",\"url\":\"https:\/\/www.sonoraenequipo.com.mx\/storage\/2021\/08\/adm030821.jpg\",\"contentUrl\":\"https:\/\/www.sonoraenequipo.com.mx\/storage\/2021\/08\/adm030821.jpg\",\"width\":700,\"height\":400},{\"@type\":\"BreadcrumbList\",\"@id\":\"https:\/\/www.sonoraenequipo.com.mx\/ordenaremos-el-transporte-urbano-en-el-estado-en-beneficio-de-los-usuarios-durazo\/#breadcrumb\",\"itemListElement\":[{\"@type\":\"ListItem\",\"position\":1,\"name\":\"Portada\",\"item\":\"https:\/\/www.sonoraenequipo.com.mx\/\"},{\"@type\":\"ListItem\",\"position\":2,\"name\":\"Ordenaremos el transporte urbano en el estado en beneficio de los usuarios: Durazo\"}]},{\"@type\":\"WebSite\",\"@id\":\"https:\/\/www.sonoraenequipo.com.mx\/#website\",\"url\":\"https:\/\/www.sonoraenequipo.com.mx\/\",\"name\":\"Sonora en Equipo.\",\"description\":\"Diario en l\u00ednea con Noticias desde Hermosillo, Sonora\",\"publisher\":{\"@id\":\"https:\/\/www.sonoraenequipo.com.mx\/#organization\"},\"potentialAction\":[{\"@type\":\"SearchAction\",\"target\":{\"@type\":\"EntryPoint\",\"urlTemplate\":\"https:\/\/www.sonoraenequipo.com.mx\/?s={search_term_string}\"},\"query-input\":{\"@type\":\"PropertyValueSpecification\",\"valueRequired\":true,\"valueName\":\"search_term_string\"}}],\"inLanguage\":\"es\"},{\"@type\":\"Organization\",\"@id\":\"https:\/\/www.sonoraenequipo.com.mx\/#organization\",\"name\":\"Sonoraenequipo.com.mx\",\"url\":\"https:\/\/www.sonoraenequipo.com.mx\/\",\"logo\":{\"@type\":\"ImageObject\",\"inLanguage\":\"es\",\"@id\":\"https:\/\/www.sonoraenequipo.com.mx\/#\/schema\/logo\/image\/\",\"url\":\"https:\/\/www.sonoraenequipo.com.mx\/storage\/2019\/01\/sonoraenequipo_opt.png\",\"contentUrl\":\"https:\/\/www.sonoraenequipo.com.mx\/storage\/2019\/01\/sonoraenequipo_opt.png\",\"width\":375,\"height\":125,\"caption\":\"Sonoraenequipo.com.mx\"},\"image\":{\"@id\":\"https:\/\/www.sonoraenequipo.com.mx\/#\/schema\/logo\/image\/\"},\"sameAs\":[\"https:\/\/www.facebook.com\/SonoraEE\/\",\"https:\/\/x.com\/sonoraenequipo\",\"https:\/\/www.youtube.com\/channel\/UC338nW-lPEYmJQs4ZABQ1SQ\"]},{\"@type\":\"Person\",\"@id\":\"https:\/\/www.sonoraenequipo.com.mx\/#\/schema\/person\/50102df0fb23a8fa9e8effad8fa81386\",\"name\":\"enequipo\",\"image\":{\"@type\":\"ImageObject\",\"inLanguage\":\"es\",\"@id\":\"https:\/\/www.sonoraenequipo.com.mx\/#\/schema\/person\/image\/\",\"url\":\"https:\/\/secure.gravatar.com\/avatar\/049821681b589dabc0bc20695993ccebb09f5b5d4d790cd9251b97faac7c652b?s=96&d=blank&r=g\",\"contentUrl\":\"https:\/\/secure.gravatar.com\/avatar\/049821681b589dabc0bc20695993ccebb09f5b5d4d790cd9251b97faac7c652b?s=96&d=blank&r=g\",\"caption\":\"enequipo\"},\"sameAs\":[\"https:\/\/www.facebook.com\/SonoraEE\"]}]}<\/script>\n ","yoast_head_json":{"title":"Sonora en Equipo. Ordenaremos el transporte urbano en el estado en beneficio de los usuarios: Durazo Sonora","description":"&nbsp; &nbsp; HERMOSILLO, SONORA,MX.\u2500\u2500 El problema del transporte es uno de los grandes temas que requiere una soluci\u00f3n de car\u00e1cter estatal, ya que En Sonora en Equipo publicamos toda la informaci\u00f3n de Sonora, M\u00e9xico y el Mundo de manera oportuna y busca que la libertad de expresi\u00f3n sea real. Visita nuestro medio informativo publicado desde Hermosillo, Sonora. %","robots":{"index":"index","follow":"follow","max-snippet":"max-snippet:-1","max-image-preview":"max-image-preview:large","max-video-preview":"max-video-preview:-1"},"canonical":"https:\/\/www.sonoraenequipo.com.mx\/ordenaremos-el-transporte-urbano-en-el-estado-en-beneficio-de-los-usuarios-durazo\/","og_locale":"es_ES","og_type":"article","og_title":"Sonora en Equipo. Ordenaremos el transporte urbano en el estado en beneficio de los usuarios: Durazo Sonora","og_description":"&nbsp; &nbsp; HERMOSILLO, SONORA,MX.\u2500\u2500 El problema del transporte es uno de los grandes temas que requiere una soluci\u00f3n de car\u00e1cter estatal, ya que En Sonora en Equipo publicamos toda la informaci\u00f3n de Sonora, M\u00e9xico y el Mundo de manera oportuna y busca que la libertad de expresi\u00f3n sea real. Visita nuestro medio informativo publicado desde Hermosillo, Sonora. %","og_url":"https:\/\/www.sonoraenequipo.com.mx\/ordenaremos-el-transporte-urbano-en-el-estado-en-beneficio-de-los-usuarios-durazo\/","og_site_name":"Sonora en Equipo.","article_publisher":"https:\/\/www.facebook.com\/SonoraEE\/","article_author":"https:\/\/www.facebook.com\/SonoraEE","article_published_time":"2021-08-04T04:19:08+00:00","og_image":[{"width":700,"height":400,"url":"https:\/\/www.sonoraenequipo.com.mx\/storage\/2021\/08\/adm030821.jpg","type":"image\/jpeg"}],"author":"enequipo","twitter_card":"summary_large_image","twitter_creator":"@sonoraenequipo","twitter_site":"@sonoraenequipo","twitter_misc":{"Escrito por":"enequipo","Tiempo de lectura":"1 minuto"},"schema":{"@context":"https:\/\/schema.org","@graph":[{"@type":"Article","@id":"https:\/\/www.sonoraenequipo.com.mx\/ordenaremos-el-transporte-urbano-en-el-estado-en-beneficio-de-los-usuarios-durazo\/#article","isPartOf":{"@id":"https:\/\/www.sonoraenequipo.com.mx\/ordenaremos-el-transporte-urbano-en-el-estado-en-beneficio-de-los-usuarios-durazo\/"},"author":{"name":"enequipo","@id":"https:\/\/www.sonoraenequipo.com.mx\/#\/schema\/person\/50102df0fb23a8fa9e8effad8fa81386"},"headline":"Ordenaremos el transporte urbano en el estado en beneficio de los usuarios: Durazo","datePublished":"2021-08-04T04:19:08+00:00","mainEntityOfPage":{"@id":"https:\/\/www.sonoraenequipo.com.mx\/ordenaremos-el-transporte-urbano-en-el-estado-en-beneficio-de-los-usuarios-durazo\/"},"wordCount":185,"commentCount":0,"publisher":{"@id":"https:\/\/www.sonoraenequipo.com.mx\/#organization"},"image":{"@id":"https:\/\/www.sonoraenequipo.com.mx\/ordenaremos-el-transporte-urbano-en-el-estado-en-beneficio-de-los-usuarios-durazo\/#primaryimage"},"thumbnailUrl":"https:\/\/www.sonoraenequipo.com.mx\/storage\/2021\/08\/adm030821.jpg","keywords":["Alfonso Durazo","Sonora","Transporte urbano"],"articleSection":["Sonora"],"inLanguage":"es","potentialAction":[{"@type":"CommentAction","name":"Comment","target":["https:\/\/www.sonoraenequipo.com.mx\/ordenaremos-el-transporte-urbano-en-el-estado-en-beneficio-de-los-usuarios-durazo\/#respond"]}]},{"@type":"WebPage","@id":"https:\/\/www.sonoraenequipo.com.mx\/ordenaremos-el-transporte-urbano-en-el-estado-en-beneficio-de-los-usuarios-durazo\/","url":"https:\/\/www.sonoraenequipo.com.mx\/ordenaremos-el-transporte-urbano-en-el-estado-en-beneficio-de-los-usuarios-durazo\/","name":"Sonora en Equipo. Ordenaremos el transporte urbano en el estado en beneficio de los usuarios: Durazo Sonora","isPartOf":{"@id":"https:\/\/www.sonoraenequipo.com.mx\/#website"},"primaryImageOfPage":{"@id":"https:\/\/www.sonoraenequipo.com.mx\/ordenaremos-el-transporte-urbano-en-el-estado-en-beneficio-de-los-usuarios-durazo\/#primaryimage"},"image":{"@id":"https:\/\/www.sonoraenequipo.com.mx\/ordenaremos-el-transporte-urbano-en-el-estado-en-beneficio-de-los-usuarios-durazo\/#primaryimage"},"thumbnailUrl":"https:\/\/www.sonoraenequipo.com.mx\/storage\/2021\/08\/adm030821.jpg","datePublished":"2021-08-04T04:19:08+00:00","description":"&nbsp; &nbsp; HERMOSILLO, SONORA,MX.\u2500\u2500 El problema del transporte es uno de los grandes temas que requiere una soluci\u00f3n de car\u00e1cter estatal, ya que En Sonora en Equipo publicamos toda la informaci\u00f3n de Sonora, M\u00e9xico y el Mundo de manera oportuna y busca que la libertad de expresi\u00f3n sea real. Visita nuestro medio informativo publicado desde Hermosillo, Sonora. %","breadcrumb":{"@id":"https:\/\/www.sonoraenequipo.com.mx\/ordenaremos-el-transporte-urbano-en-el-estado-en-beneficio-de-los-usuarios-durazo\/#breadcrumb"},"inLanguage":"es","potentialAction":[{"@type":"ReadAction","target":["https:\/\/www.sonoraenequipo.com.mx\/ordenaremos-el-transporte-urbano-en-el-estado-en-beneficio-de-los-usuarios-durazo\/"]}]},{"@type":"ImageObject","inLanguage":"es","@id":"https:\/\/www.sonoraenequipo.com.mx\/ordenaremos-el-transporte-urbano-en-el-estado-en-beneficio-de-los-usuarios-durazo\/#primaryimage","url":"https:\/\/www.sonoraenequipo.com.mx\/storage\/2021\/08\/adm030821.jpg","contentUrl":"https:\/\/www.sonoraenequipo.com.mx\/storage\/2021\/08\/adm030821.jpg","width":700,"height":400},{"@type":"BreadcrumbList","@id":"https:\/\/www.sonoraenequipo.com.mx\/ordenaremos-el-transporte-urbano-en-el-estado-en-beneficio-de-los-usuarios-durazo\/#breadcrumb","itemListElement":[{"@type":"ListItem","position":1,"name":"Portada","item":"https:\/\/www.sonoraenequipo.com.mx\/"},{"@type":"ListItem","position":2,"name":"Ordenaremos el transporte urbano en el estado en beneficio de los usuarios: Durazo"}]},{"@type":"WebSite","@id":"https:\/\/www.sonoraenequipo.com.mx\/#website","url":"https:\/\/www.sonoraenequipo.com.mx\/","name":"Sonora en Equipo.","description":"Diario en l\u00ednea con Noticias desde Hermosillo, Sonora","publisher":{"@id":"https:\/\/www.sonoraenequipo.com.mx\/#organization"},"potentialAction":[{"@type":"SearchAction","target":{"@type":"EntryPoint","urlTemplate":"https:\/\/www.sonoraenequipo.com.mx\/?s={search_term_string}"},"query-input":{"@type":"PropertyValueSpecification","valueRequired":true,"valueName":"search_term_string"}}],"inLanguage":"es"},{"@type":"Organization","@id":"https:\/\/www.sonoraenequipo.com.mx\/#organization","name":"Sonoraenequipo.com.mx","url":"https:\/\/www.sonoraenequipo.com.mx\/","logo":{"@type":"ImageObject","inLanguage":"es","@id":"https:\/\/www.sonoraenequipo.com.mx\/#\/schema\/logo\/image\/","url":"https:\/\/www.sonoraenequipo.com.mx\/storage\/2019\/01\/sonoraenequipo_opt.png","contentUrl":"https:\/\/www.sonoraenequipo.com.mx\/storage\/2019\/01\/sonoraenequipo_opt.png","width":375,"height":125,"caption":"Sonoraenequipo.com.mx"},"image":{"@id":"https:\/\/www.sonoraenequipo.com.mx\/#\/schema\/logo\/image\/"},"sameAs":["https:\/\/www.facebook.com\/SonoraEE\/","https:\/\/x.com\/sonoraenequipo","https:\/\/www.youtube.com\/channel\/UC338nW-lPEYmJQs4ZABQ1SQ"]},{"@type":"Person","@id":"https:\/\/www.sonoraenequipo.com.mx\/#\/schema\/person\/50102df0fb23a8fa9e8effad8fa81386","name":"enequipo","image":{"@type":"ImageObject","inLanguage":"es","@id":"https:\/\/www.sonoraenequipo.com.mx\/#\/schema\/person\/image\/","url":"https:\/\/secure.gravatar.com\/avatar\/049821681b589dabc0bc20695993ccebb09f5b5d4d790cd9251b97faac7c652b?s=96&d=blank&r=g","contentUrl":"https:\/\/secure.gravatar.com\/avatar\/049821681b589dabc0bc20695993ccebb09f5b5d4d790cd9251b97faac7c652b?s=96&d=blank&r=g","caption":"enequipo"},"sameAs":["https:\/\/www.facebook.com\/SonoraEE"]}]}},"jetpack_featured_media_url":"https:\/\/www.sonoraenequipo.com.mx\/storage\/2021\/08\/adm030821.jpg","_links":{"self":[{"href":"https:\/\/www.sonoraenequipo.com.mx\/api\/wp\/v2\/posts\/119736","targetHints":{"allow":["GET"]}}],"collection":[{"href":"https:\/\/www.sonoraenequipo.com.mx\/api\/wp\/v2\/posts"}],"about":[{"href":"https:\/\/www.sonoraenequipo.com.mx\/api\/wp\/v2\/types\/post"}],"author":[{"embeddable":true,"href":"https:\/\/www.sonoraenequipo.com.mx\/api\/wp\/v2\/users\/1"}],"replies":[{"embeddable":true,"href":"https:\/\/www.sonoraenequipo.com.mx\/api\/wp\/v2\/comments?post=119736"}],"version-history":[{"count":1,"href":"https:\/\/www.sonoraenequipo.com.mx\/api\/wp\/v2\/posts\/119736\/revisions"}],"predecessor-version":[{"id":119740,"href":"https:\/\/www.sonoraenequipo.com.mx\/api\/wp\/v2\/posts\/119736\/revisions\/119740"}],"wp:featuredmedia":[{"embeddable":true,"href":"https:\/\/www.sonoraenequipo.com.mx\/api\/wp\/v2\/media\/119738"}],"wp:attachment":[{"href":"https:\/\/www.sonoraenequipo.com.mx\/api\/wp\/v2\/media?parent=119736"}],"wp:term":[{"taxonomy":"category","embeddable":true,"href":"https:\/\/www.sonoraenequipo.com.mx\/api\/wp\/v2\/categories?post=119736"},{"taxonomy":"post_tag","embeddable":true,"href":"https:\/\/www.sonoraenequipo.com.mx\/api\/wp\/v2\/tags?post=119736"}],"curies":[{"name":"wp","href":"https:\/\/api.w.org\/{rel}","templated":true}]}}