{"id":119747,"date":"2021-08-03T23:55:40","date_gmt":"2021-08-04T06:55:40","guid":{"rendered":"https:\/\/www.sonoraenequipo.com.mx\/?p=119747"},"modified":"2021-08-04T10:03:11","modified_gmt":"2021-08-04T17:03:11","slug":"diputados-ratifican-a-ramirez-de-la-o-como-secretario-de-hacienda","status":"publish","type":"post","link":"https:\/\/www.sonoraenequipo.com.mx\/diputados-ratifican-a-ramirez-de-la-o-como-secretario-de-hacienda\/","title":{"rendered":"Diputados ratifican a Ram\u00edrez de la O como secretario de Hacienda"},"content":{"rendered":"<p>CIUDAD DE M\u00c9XICO. MX. \u2014 La mayor\u00eda parlamentaria ratific\u00f3 esta noche el nombramiento de Rogelio Ram\u00edrez de la O como secretario de Hacienda, quien de inmediato rindi\u00f3 protesta del cargo ante el pleno de la C\u00e1mara de Diputados. Previamente hab\u00eda comparecido ante la Comisi\u00f3n de Hacienda, que aprob\u00f3 el dictamen de su nombramiento.<\/p>\n<p>&nbsp;<\/p>\n<p> <\/p>\n<p>En sesi\u00f3n extraordinaria, las bancadas de Morena, PRI, PT, MC, PVEM y PES sumaron 319 votos en favor del nombramiento del presidente Andr\u00e9s Manuel L\u00f3pez Obrador. En contra se registraron 53 votos de los grupos parlamentarios del PAN y PRD.<\/p>\n<p>&nbsp;<\/p>\n<p>Morena defendi\u00f3 las credenciales del nuevo secretario y evalu\u00f3 que se trata del <em>\u201cmejor perfil que se puede encontrar en este momento\u201d.<\/em><\/p>\n<p>&nbsp;<\/p>\n<p>Desde la tribuna, el secretario de la Comisi\u00f3n de Hacienda por Morena, Carol Antonino Altamirano, dijo que la experiencia acad\u00e9mica y profesional de Ram\u00edrez de la O abonar\u00e1n a darle certidumbre al rumbo econ\u00f3mico del pa\u00eds, especialmente <em>\u201ccuando se vive una crisis mundial sin precedentes y a\u00fan por resolver, en la que la nueva variante del covid nos recuerda que no estamos ante circunstancias de una econom\u00eda mundial que lucha por su recuperaci\u00f3n\u201d.<\/em><\/p>\n<p>&nbsp;<\/p>\n<p>Al explicar el dictamen en favor de la designaci\u00f3n de Ram\u00edrez de la O, la presidenta de la Comisi\u00f3n de Hacienda, Patricia Terrazas Baca (PAN) resalt\u00f3 que se trata del tercer secretario de Hacienda que la c\u00e1mara ratifica en menos de tres a\u00f1os. <em>\u201cSin duda es una situaci\u00f3n un poco usual\u201d,<\/em> agreg\u00f3.<\/p>\n<p>&nbsp;<\/p>\n<p>El PRI, que respald\u00f3 el nombramiento, evalu\u00f3 que uno de los nuevos riesgos del nuevo secretario es la p\u00e9rdida de credibilidad de Petr\u00f3leos Mexicanos y explic\u00f3 que su voto en favor se da en espera de que la conducci\u00f3n de Hacienda mejore las condiciones econ\u00f3micas de las familias y el gasto en salud sea coherente con los niveles de la pandemia.<\/p>\n<p>&nbsp;<\/p>\n<p>&nbsp;<\/p>\n<p>(Publicada el 03\/08\/2021\/Con informaci\u00f3n de Dora Villanueva y Enrique M\u00e9ndez)<\/p>\n","protected":false},"excerpt":{"rendered":"<p>CIUDAD DE M\u00c9XICO. MX. \u2014 La mayor\u00eda parlamentaria ratific\u00f3 esta noche el nombramiento de Rogelio&#8230;<\/p>\n","protected":false},"author":1,"featured_media":119748,"comment_status":"open","ping_status":"open","sticky":false,"template":"","format":"standard","meta":{"_monsterinsights_skip_tracking":false,"_monsterinsights_sitenote_active":false,"_monsterinsights_sitenote_note":"","_monsterinsights_sitenote_category":0,"footnotes":""},"categories":[5],"tags":[],"class_list":["post"],"yoast_head":" \n<title>Sonora en Equipo. Diputados ratifican a Ram\u00edrez de la O como secretario de Hacienda Rep\u00fablica<\/title>\n<meta name=\"description\" content=\"CIUDAD DE M\u00c9XICO. MX. \u2014 La mayor\u00eda parlamentaria ratific\u00f3 esta noche el nombramiento de Rogelio Ram\u00edrez de la O como secretario de Hacienda, quien de En Sonora en Equipo publicamos toda la informaci\u00f3n de Sonora, M\u00e9xico y el Mundo de manera oportuna y busca que la libertad de expresi\u00f3n sea real. Visita nuestro medio informativo publicado desde Hermosillo, Sonora. %\" \/>\n<meta name=\"robots\" content=\"index, follow, max-snippet:-1, max-image-preview:large, max-video-preview:-1\" \/>\n<link rel=\"canonical\" href=\"https:\/\/www.sonoraenequipo.com.mx\/diputados-ratifican-a-ramirez-de-la-o-como-secretario-de-hacienda\/\" \/>\n<meta property=\"og:locale\" content=\"es_ES\" \/>\n<meta property=\"og:type\" content=\"article\" \/>\n<meta property=\"og:title\" content=\"Sonora en Equipo. Diputados ratifican a Ram\u00edrez de la O como secretario de Hacienda Rep\u00fablica\" \/>\n<meta property=\"og:description\" content=\"CIUDAD DE M\u00c9XICO. MX. \u2014 La mayor\u00eda parlamentaria ratific\u00f3 esta noche el nombramiento de Rogelio Ram\u00edrez de la O como secretario de Hacienda, quien de En Sonora en Equipo publicamos toda la informaci\u00f3n de Sonora, M\u00e9xico y el Mundo de manera oportuna y busca que la libertad de expresi\u00f3n sea real. Visita nuestro medio informativo publicado desde Hermosillo, Sonora. %\" \/>\n<meta property=\"og:url\" content=\"https:\/\/www.sonoraenequipo.com.mx\/diputados-ratifican-a-ramirez-de-la-o-como-secretario-de-hacienda\/\" \/>\n<meta property=\"og:site_name\" content=\"Sonora en Equipo.\" \/>\n<meta property=\"article:publisher\" content=\"https:\/\/www.facebook.com\/SonoraEE\/\" \/>\n<meta property=\"article:author\" content=\"https:\/\/www.facebook.com\/SonoraEE\" \/>\n<meta property=\"article:published_time\" content=\"2021-08-04T06:55:40+00:00\" \/>\n<meta property=\"article:modified_time\" content=\"2021-08-04T17:03:11+00:00\" \/>\n<meta property=\"og:image\" content=\"https:\/\/www.sonoraenequipo.com.mx\/storage\/2021\/08\/Ramirez-de-la-O-ratificado-por-Camara_opt.jpg\" \/>\n\t<meta property=\"og:image:width\" content=\"700\" \/>\n\t<meta property=\"og:image:height\" content=\"400\" \/>\n\t<meta property=\"og:image:type\" content=\"image\/jpeg\" \/>\n<meta name=\"author\" content=\"enequipo\" \/>\n<meta name=\"twitter:card\" content=\"summary_large_image\" \/>\n<meta name=\"twitter:creator\" content=\"@sonoraenequipo\" \/>\n<meta name=\"twitter:site\" content=\"@sonoraenequipo\" \/>\n<meta name=\"twitter:label1\" content=\"Escrito por\" \/>\n\t<meta name=\"twitter:data1\" content=\"enequipo\" \/>\n\t<meta name=\"twitter:label2\" content=\"Tiempo de lectura\" \/>\n\t<meta name=\"twitter:data2\" content=\"2 minutos\" \/>\n<script type=\"application\/ld+json\" class=\"yoast-schema-graph\">{\"@context\":\"https:\/\/schema.org\",\"@graph\":[{\"@type\":\"Article\",\"@id\":\"https:\/\/www.sonoraenequipo.com.mx\/diputados-ratifican-a-ramirez-de-la-o-como-secretario-de-hacienda\/#article\",\"isPartOf\":{\"@id\":\"https:\/\/www.sonoraenequipo.com.mx\/diputados-ratifican-a-ramirez-de-la-o-como-secretario-de-hacienda\/\"},\"author\":{\"name\":\"enequipo\",\"@id\":\"https:\/\/www.sonoraenequipo.com.mx\/#\/schema\/person\/50102df0fb23a8fa9e8effad8fa81386\"},\"headline\":\"Diputados ratifican a Ram\u00edrez de la O como secretario de Hacienda\",\"datePublished\":\"2021-08-04T06:55:40+00:00\",\"dateModified\":\"2021-08-04T17:03:11+00:00\",\"mainEntityOfPage\":{\"@id\":\"https:\/\/www.sonoraenequipo.com.mx\/diputados-ratifican-a-ramirez-de-la-o-como-secretario-de-hacienda\/\"},\"wordCount\":357,\"commentCount\":0,\"publisher\":{\"@id\":\"https:\/\/www.sonoraenequipo.com.mx\/#organization\"},\"image\":{\"@id\":\"https:\/\/www.sonoraenequipo.com.mx\/diputados-ratifican-a-ramirez-de-la-o-como-secretario-de-hacienda\/#primaryimage\"},\"thumbnailUrl\":\"https:\/\/www.sonoraenequipo.com.mx\/storage\/2021\/08\/Ramirez-de-la-O-ratificado-por-Camara_opt.jpg\",\"articleSection\":[\"Rep\u00fablica\"],\"inLanguage\":\"es\",\"potentialAction\":[{\"@type\":\"CommentAction\",\"name\":\"Comment\",\"target\":[\"https:\/\/www.sonoraenequipo.com.mx\/diputados-ratifican-a-ramirez-de-la-o-como-secretario-de-hacienda\/#respond\"]}]},{\"@type\":\"WebPage\",\"@id\":\"https:\/\/www.sonoraenequipo.com.mx\/diputados-ratifican-a-ramirez-de-la-o-como-secretario-de-hacienda\/\",\"url\":\"https:\/\/www.sonoraenequipo.com.mx\/diputados-ratifican-a-ramirez-de-la-o-como-secretario-de-hacienda\/\",\"name\":\"Sonora en Equipo. Diputados ratifican a Ram\u00edrez de la O como secretario de Hacienda Rep\u00fablica\",\"isPartOf\":{\"@id\":\"https:\/\/www.sonoraenequipo.com.mx\/#website\"},\"primaryImageOfPage\":{\"@id\":\"https:\/\/www.sonoraenequipo.com.mx\/diputados-ratifican-a-ramirez-de-la-o-como-secretario-de-hacienda\/#primaryimage\"},\"image\":{\"@id\":\"https:\/\/www.sonoraenequipo.com.mx\/diputados-ratifican-a-ramirez-de-la-o-como-secretario-de-hacienda\/#primaryimage\"},\"thumbnailUrl\":\"https:\/\/www.sonoraenequipo.com.mx\/storage\/2021\/08\/Ramirez-de-la-O-ratificado-por-Camara_opt.jpg\",\"datePublished\":\"2021-08-04T06:55:40+00:00\",\"dateModified\":\"2021-08-04T17:03:11+00:00\",\"description\":\"CIUDAD DE M\u00c9XICO. MX. \u2014 La mayor\u00eda parlamentaria ratific\u00f3 esta noche el nombramiento de Rogelio Ram\u00edrez de la O como secretario de Hacienda, quien de En Sonora en Equipo publicamos toda la informaci\u00f3n de Sonora, M\u00e9xico y el Mundo de manera oportuna y busca que la libertad de expresi\u00f3n sea real. Visita nuestro medio informativo publicado desde Hermosillo, Sonora. %\",\"breadcrumb\":{\"@id\":\"https:\/\/www.sonoraenequipo.com.mx\/diputados-ratifican-a-ramirez-de-la-o-como-secretario-de-hacienda\/#breadcrumb\"},\"inLanguage\":\"es\",\"potentialAction\":[{\"@type\":\"ReadAction\",\"target\":[\"https:\/\/www.sonoraenequipo.com.mx\/diputados-ratifican-a-ramirez-de-la-o-como-secretario-de-hacienda\/\"]}]},{\"@type\":\"ImageObject\",\"inLanguage\":\"es\",\"@id\":\"https:\/\/www.sonoraenequipo.com.mx\/diputados-ratifican-a-ramirez-de-la-o-como-secretario-de-hacienda\/#primaryimage\",\"url\":\"https:\/\/www.sonoraenequipo.com.mx\/storage\/2021\/08\/Ramirez-de-la-O-ratificado-por-Camara_opt.jpg\",\"contentUrl\":\"https:\/\/www.sonoraenequipo.com.mx\/storage\/2021\/08\/Ramirez-de-la-O-ratificado-por-Camara_opt.jpg\",\"width\":700,\"height\":400},{\"@type\":\"BreadcrumbList\",\"@id\":\"https:\/\/www.sonoraenequipo.com.mx\/diputados-ratifican-a-ramirez-de-la-o-como-secretario-de-hacienda\/#breadcrumb\",\"itemListElement\":[{\"@type\":\"ListItem\",\"position\":1,\"name\":\"Portada\",\"item\":\"https:\/\/www.sonoraenequipo.com.mx\/\"},{\"@type\":\"ListItem\",\"position\":2,\"name\":\"Diputados ratifican a Ram\u00edrez de la O como secretario de Hacienda\"}]},{\"@type\":\"WebSite\",\"@id\":\"https:\/\/www.sonoraenequipo.com.mx\/#website\",\"url\":\"https:\/\/www.sonoraenequipo.com.mx\/\",\"name\":\"Sonora en Equipo.\",\"description\":\"Diario en l\u00ednea con Noticias desde Hermosillo, Sonora\",\"publisher\":{\"@id\":\"https:\/\/www.sonoraenequipo.com.mx\/#organization\"},\"potentialAction\":[{\"@type\":\"SearchAction\",\"target\":{\"@type\":\"EntryPoint\",\"urlTemplate\":\"https:\/\/www.sonoraenequipo.com.mx\/?s={search_term_string}\"},\"query-input\":{\"@type\":\"PropertyValueSpecification\",\"valueRequired\":true,\"valueName\":\"search_term_string\"}}],\"inLanguage\":\"es\"},{\"@type\":\"Organization\",\"@id\":\"https:\/\/www.sonoraenequipo.com.mx\/#organization\",\"name\":\"Sonoraenequipo.com.mx\",\"url\":\"https:\/\/www.sonoraenequipo.com.mx\/\",\"logo\":{\"@type\":\"ImageObject\",\"inLanguage\":\"es\",\"@id\":\"https:\/\/www.sonoraenequipo.com.mx\/#\/schema\/logo\/image\/\",\"url\":\"https:\/\/www.sonoraenequipo.com.mx\/storage\/2019\/01\/sonoraenequipo_opt.png\",\"contentUrl\":\"https:\/\/www.sonoraenequipo.com.mx\/storage\/2019\/01\/sonoraenequipo_opt.png\",\"width\":375,\"height\":125,\"caption\":\"Sonoraenequipo.com.mx\"},\"image\":{\"@id\":\"https:\/\/www.sonoraenequipo.com.mx\/#\/schema\/logo\/image\/\"},\"sameAs\":[\"https:\/\/www.facebook.com\/SonoraEE\/\",\"https:\/\/x.com\/sonoraenequipo\",\"https:\/\/www.youtube.com\/channel\/UC338nW-lPEYmJQs4ZABQ1SQ\"]},{\"@type\":\"Person\",\"@id\":\"https:\/\/www.sonoraenequipo.com.mx\/#\/schema\/person\/50102df0fb23a8fa9e8effad8fa81386\",\"name\":\"enequipo\",\"image\":{\"@type\":\"ImageObject\",\"inLanguage\":\"es\",\"@id\":\"https:\/\/www.sonoraenequipo.com.mx\/#\/schema\/person\/image\/\",\"url\":\"https:\/\/secure.gravatar.com\/avatar\/049821681b589dabc0bc20695993ccebb09f5b5d4d790cd9251b97faac7c652b?s=96&d=blank&r=g\",\"contentUrl\":\"https:\/\/secure.gravatar.com\/avatar\/049821681b589dabc0bc20695993ccebb09f5b5d4d790cd9251b97faac7c652b?s=96&d=blank&r=g\",\"caption\":\"enequipo\"},\"sameAs\":[\"https:\/\/www.facebook.com\/SonoraEE\"]}]}<\/script>\n ","yoast_head_json":{"title":"Sonora en Equipo. Diputados ratifican a Ram\u00edrez de la O como secretario de Hacienda Rep\u00fablica","description":"CIUDAD DE M\u00c9XICO. MX. \u2014 La mayor\u00eda parlamentaria ratific\u00f3 esta noche el nombramiento de Rogelio Ram\u00edrez de la O como secretario de Hacienda, quien de En Sonora en Equipo publicamos toda la informaci\u00f3n de Sonora, M\u00e9xico y el Mundo de manera oportuna y busca que la libertad de expresi\u00f3n sea real. Visita nuestro medio informativo publicado desde Hermosillo, Sonora. %","robots":{"index":"index","follow":"follow","max-snippet":"max-snippet:-1","max-image-preview":"max-image-preview:large","max-video-preview":"max-video-preview:-1"},"canonical":"https:\/\/www.sonoraenequipo.com.mx\/diputados-ratifican-a-ramirez-de-la-o-como-secretario-de-hacienda\/","og_locale":"es_ES","og_type":"article","og_title":"Sonora en Equipo. Diputados ratifican a Ram\u00edrez de la O como secretario de Hacienda Rep\u00fablica","og_description":"CIUDAD DE M\u00c9XICO. MX. \u2014 La mayor\u00eda parlamentaria ratific\u00f3 esta noche el nombramiento de Rogelio Ram\u00edrez de la O como secretario de Hacienda, quien de En Sonora en Equipo publicamos toda la informaci\u00f3n de Sonora, M\u00e9xico y el Mundo de manera oportuna y busca que la libertad de expresi\u00f3n sea real. Visita nuestro medio informativo publicado desde Hermosillo, Sonora. %","og_url":"https:\/\/www.sonoraenequipo.com.mx\/diputados-ratifican-a-ramirez-de-la-o-como-secretario-de-hacienda\/","og_site_name":"Sonora en Equipo.","article_publisher":"https:\/\/www.facebook.com\/SonoraEE\/","article_author":"https:\/\/www.facebook.com\/SonoraEE","article_published_time":"2021-08-04T06:55:40+00:00","article_modified_time":"2021-08-04T17:03:11+00:00","og_image":[{"width":700,"height":400,"url":"https:\/\/www.sonoraenequipo.com.mx\/storage\/2021\/08\/Ramirez-de-la-O-ratificado-por-Camara_opt.jpg","type":"image\/jpeg"}],"author":"enequipo","twitter_card":"summary_large_image","twitter_creator":"@sonoraenequipo","twitter_site":"@sonoraenequipo","twitter_misc":{"Escrito por":"enequipo","Tiempo de lectura":"2 minutos"},"schema":{"@context":"https:\/\/schema.org","@graph":[{"@type":"Article","@id":"https:\/\/www.sonoraenequipo.com.mx\/diputados-ratifican-a-ramirez-de-la-o-como-secretario-de-hacienda\/#article","isPartOf":{"@id":"https:\/\/www.sonoraenequipo.com.mx\/diputados-ratifican-a-ramirez-de-la-o-como-secretario-de-hacienda\/"},"author":{"name":"enequipo","@id":"https:\/\/www.sonoraenequipo.com.mx\/#\/schema\/person\/50102df0fb23a8fa9e8effad8fa81386"},"headline":"Diputados ratifican a Ram\u00edrez de la O como secretario de Hacienda","datePublished":"2021-08-04T06:55:40+00:00","dateModified":"2021-08-04T17:03:11+00:00","mainEntityOfPage":{"@id":"https:\/\/www.sonoraenequipo.com.mx\/diputados-ratifican-a-ramirez-de-la-o-como-secretario-de-hacienda\/"},"wordCount":357,"commentCount":0,"publisher":{"@id":"https:\/\/www.sonoraenequipo.com.mx\/#organization"},"image":{"@id":"https:\/\/www.sonoraenequipo.com.mx\/diputados-ratifican-a-ramirez-de-la-o-como-secretario-de-hacienda\/#primaryimage"},"thumbnailUrl":"https:\/\/www.sonoraenequipo.com.mx\/storage\/2021\/08\/Ramirez-de-la-O-ratificado-por-Camara_opt.jpg","articleSection":["Rep\u00fablica"],"inLanguage":"es","potentialAction":[{"@type":"CommentAction","name":"Comment","target":["https:\/\/www.sonoraenequipo.com.mx\/diputados-ratifican-a-ramirez-de-la-o-como-secretario-de-hacienda\/#respond"]}]},{"@type":"WebPage","@id":"https:\/\/www.sonoraenequipo.com.mx\/diputados-ratifican-a-ramirez-de-la-o-como-secretario-de-hacienda\/","url":"https:\/\/www.sonoraenequipo.com.mx\/diputados-ratifican-a-ramirez-de-la-o-como-secretario-de-hacienda\/","name":"Sonora en Equipo. Diputados ratifican a Ram\u00edrez de la O como secretario de Hacienda Rep\u00fablica","isPartOf":{"@id":"https:\/\/www.sonoraenequipo.com.mx\/#website"},"primaryImageOfPage":{"@id":"https:\/\/www.sonoraenequipo.com.mx\/diputados-ratifican-a-ramirez-de-la-o-como-secretario-de-hacienda\/#primaryimage"},"image":{"@id":"https:\/\/www.sonoraenequipo.com.mx\/diputados-ratifican-a-ramirez-de-la-o-como-secretario-de-hacienda\/#primaryimage"},"thumbnailUrl":"https:\/\/www.sonoraenequipo.com.mx\/storage\/2021\/08\/Ramirez-de-la-O-ratificado-por-Camara_opt.jpg","datePublished":"2021-08-04T06:55:40+00:00","dateModified":"2021-08-04T17:03:11+00:00","description":"CIUDAD DE M\u00c9XICO. MX. \u2014 La mayor\u00eda parlamentaria ratific\u00f3 esta noche el nombramiento de Rogelio Ram\u00edrez de la O como secretario de Hacienda, quien de En Sonora en Equipo publicamos toda la informaci\u00f3n de Sonora, M\u00e9xico y el Mundo de manera oportuna y busca que la libertad de expresi\u00f3n sea real. Visita nuestro medio informativo publicado desde Hermosillo, Sonora. %","breadcrumb":{"@id":"https:\/\/www.sonoraenequipo.com.mx\/diputados-ratifican-a-ramirez-de-la-o-como-secretario-de-hacienda\/#breadcrumb"},"inLanguage":"es","potentialAction":[{"@type":"ReadAction","target":["https:\/\/www.sonoraenequipo.com.mx\/diputados-ratifican-a-ramirez-de-la-o-como-secretario-de-hacienda\/"]}]},{"@type":"ImageObject","inLanguage":"es","@id":"https:\/\/www.sonoraenequipo.com.mx\/diputados-ratifican-a-ramirez-de-la-o-como-secretario-de-hacienda\/#primaryimage","url":"https:\/\/www.sonoraenequipo.com.mx\/storage\/2021\/08\/Ramirez-de-la-O-ratificado-por-Camara_opt.jpg","contentUrl":"https:\/\/www.sonoraenequipo.com.mx\/storage\/2021\/08\/Ramirez-de-la-O-ratificado-por-Camara_opt.jpg","width":700,"height":400},{"@type":"BreadcrumbList","@id":"https:\/\/www.sonoraenequipo.com.mx\/diputados-ratifican-a-ramirez-de-la-o-como-secretario-de-hacienda\/#breadcrumb","itemListElement":[{"@type":"ListItem","position":1,"name":"Portada","item":"https:\/\/www.sonoraenequipo.com.mx\/"},{"@type":"ListItem","position":2,"name":"Diputados ratifican a Ram\u00edrez de la O como secretario de Hacienda"}]},{"@type":"WebSite","@id":"https:\/\/www.sonoraenequipo.com.mx\/#website","url":"https:\/\/www.sonoraenequipo.com.mx\/","name":"Sonora en Equipo.","description":"Diario en l\u00ednea con Noticias desde Hermosillo, Sonora","publisher":{"@id":"https:\/\/www.sonoraenequipo.com.mx\/#organization"},"potentialAction":[{"@type":"SearchAction","target":{"@type":"EntryPoint","urlTemplate":"https:\/\/www.sonoraenequipo.com.mx\/?s={search_term_string}"},"query-input":{"@type":"PropertyValueSpecification","valueRequired":true,"valueName":"search_term_string"}}],"inLanguage":"es"},{"@type":"Organization","@id":"https:\/\/www.sonoraenequipo.com.mx\/#organization","name":"Sonoraenequipo.com.mx","url":"https:\/\/www.sonoraenequipo.com.mx\/","logo":{"@type":"ImageObject","inLanguage":"es","@id":"https:\/\/www.sonoraenequipo.com.mx\/#\/schema\/logo\/image\/","url":"https:\/\/www.sonoraenequipo.com.mx\/storage\/2019\/01\/sonoraenequipo_opt.png","contentUrl":"https:\/\/www.sonoraenequipo.com.mx\/storage\/2019\/01\/sonoraenequipo_opt.png","width":375,"height":125,"caption":"Sonoraenequipo.com.mx"},"image":{"@id":"https:\/\/www.sonoraenequipo.com.mx\/#\/schema\/logo\/image\/"},"sameAs":["https:\/\/www.facebook.com\/SonoraEE\/","https:\/\/x.com\/sonoraenequipo","https:\/\/www.youtube.com\/channel\/UC338nW-lPEYmJQs4ZABQ1SQ"]},{"@type":"Person","@id":"https:\/\/www.sonoraenequipo.com.mx\/#\/schema\/person\/50102df0fb23a8fa9e8effad8fa81386","name":"enequipo","image":{"@type":"ImageObject","inLanguage":"es","@id":"https:\/\/www.sonoraenequipo.com.mx\/#\/schema\/person\/image\/","url":"https:\/\/secure.gravatar.com\/avatar\/049821681b589dabc0bc20695993ccebb09f5b5d4d790cd9251b97faac7c652b?s=96&d=blank&r=g","contentUrl":"https:\/\/secure.gravatar.com\/avatar\/049821681b589dabc0bc20695993ccebb09f5b5d4d790cd9251b97faac7c652b?s=96&d=blank&r=g","caption":"enequipo"},"sameAs":["https:\/\/www.facebook.com\/SonoraEE"]}]}},"jetpack_featured_media_url":"https:\/\/www.sonoraenequipo.com.mx\/storage\/2021\/08\/Ramirez-de-la-O-ratificado-por-Camara_opt.jpg","_links":{"self":[{"href":"https:\/\/www.sonoraenequipo.com.mx\/api\/wp\/v2\/posts\/119747","targetHints":{"allow":["GET"]}}],"collection":[{"href":"https:\/\/www.sonoraenequipo.com.mx\/api\/wp\/v2\/posts"}],"about":[{"href":"https:\/\/www.sonoraenequipo.com.mx\/api\/wp\/v2\/types\/post"}],"author":[{"embeddable":true,"href":"https:\/\/www.sonoraenequipo.com.mx\/api\/wp\/v2\/users\/1"}],"replies":[{"embeddable":true,"href":"https:\/\/www.sonoraenequipo.com.mx\/api\/wp\/v2\/comments?post=119747"}],"version-history":[{"count":1,"href":"https:\/\/www.sonoraenequipo.com.mx\/api\/wp\/v2\/posts\/119747\/revisions"}],"predecessor-version":[{"id":119749,"href":"https:\/\/www.sonoraenequipo.com.mx\/api\/wp\/v2\/posts\/119747\/revisions\/119749"}],"wp:featuredmedia":[{"embeddable":true,"href":"https:\/\/www.sonoraenequipo.com.mx\/api\/wp\/v2\/media\/119748"}],"wp:attachment":[{"href":"https:\/\/www.sonoraenequipo.com.mx\/api\/wp\/v2\/media?parent=119747"}],"wp:term":[{"taxonomy":"category","embeddable":true,"href":"https:\/\/www.sonoraenequipo.com.mx\/api\/wp\/v2\/categories?post=119747"},{"taxonomy":"post_tag","embeddable":true,"href":"https:\/\/www.sonoraenequipo.com.mx\/api\/wp\/v2\/tags?post=119747"}],"curies":[{"name":"wp","href":"https:\/\/api.w.org\/{rel}","templated":true}]}}