{"id":119750,"date":"2021-08-04T08:10:56","date_gmt":"2021-08-04T15:10:56","guid":{"rendered":"https:\/\/www.sonoraenequipo.com.mx\/?p=119750"},"modified":"2021-08-04T13:42:29","modified_gmt":"2021-08-04T20:42:29","slug":"gaseras-de-cdmx-se-van-a-paro","status":"publish","type":"post","link":"https:\/\/www.sonoraenequipo.com.mx\/gaseras-de-cdmx-se-van-a-paro\/","title":{"rendered":"Gaseras de CDMX  se van a paro"},"content":{"rendered":"<p>CDMX. M\u00c9XICO. \u2014 Ante el anuncio del gremio gasero de paro de labores y suministro de Gas LP en el pa\u00eds, Grupo Imagen realiz\u00f3 un recorrido por la Ciudad de M\u00e9xico constatando que algunas han decidido cerrar sus puertas.<\/p>\n<p>&nbsp;<\/p>\n<p>&nbsp;<\/p>\n<p>Una de ellas, la empresa Ultra Gas de M\u00e9xico S.A de C.V se ubica en Eje 5 Norte y Avenida Ceyl\u00e1n, en la zona Industrial de Vallejo, donde se observan algunos empleados y los portones de acceso cerrados.<\/p>\n<p>&nbsp;<\/p>\n<p>Cerca de ese punto se ubic\u00f3 un centro de llenado de Gas LP, en la esquina de Avenida Ceyl\u00e1n y el Norte 59, el suministro del hidrocarburo era a trav\u00e9s de una pipa de la empresa \u201cLuxor\u201d.<\/p>\n<p>&nbsp;<\/p>\n<p><em>\u201cExiste un problema con el precio oficial, el precio oficial se marc\u00f3 a partir del 1 del mes a 11.52 pesos, posiblemente lo que est\u00e9 causando el problema del paro o la negociaci\u00f3n que est\u00e9n buscando los dem\u00e1s comisionistas o gente que tenga asunto en el ramo. Nosotros estamos trabajando de manera normal con una capacidad\u2026 porque tenemos con la pipa. Al terminarse la pipa ya no sigo surtiendo porque posiblemente la planta est\u00e9 cerrada y no me puedan suministrar m\u00e1s\u201d<\/em>, indic\u00f3 Gilberto, el encargado de este centro de llenado.<\/p>\n<p>&nbsp;<\/p>\n<p>Para los usuarios y consumidores del hidrocarburo, las variaciones en los precios han pegado en sus bolsillos, algunos prefieren caminar treinta minutos para cargar su cilindro de gas y pagar el precio justo. Tal es el caso del se\u00f1or Ignacio Mart\u00ednez de la colonia Prensa Nacional, en los l\u00edmites de Azcapotzalco y el municipio de Tlalnepantla de Baz.<\/p>\n<p>&nbsp;<\/p>\n<p><em>\u201cVoy a llenarlo porque ya no alcanza para comprarlo en el cami\u00f3n porque ya est\u00e1 muy caro, vengo a echarle cierta cantidad para que no me quede sin dinero\u2026 El cami\u00f3n me lo da como en 770 (pesos), es de 30 litros, y en el centro de llenado yo lo puedo meter lo que yo quiera desde 50 pesos, de acuerdo a c\u00f3mo ande yo del bolsillo. El gas ha aumentado es porque eso que vengo hasta ac\u00e1 porque aqu\u00ed todav\u00eda te lo llenan m\u00e1s, en el cami\u00f3n luego no vienen llenos \u201d,<\/em> narr\u00f3 el afectado.<\/p>\n<p>&nbsp;<\/p>\n<p>Los integrantes del Gremio Gasero Nacional piden a las autoridades ser escuchados y encontrar la mejor soluci\u00f3n para no afectar a los consumidores.<\/p>\n<p>&nbsp;<\/p>\n<p>&nbsp;<\/p>\n<p>(Publicada el 04\/08\/2021\/Con informaci\u00f3n de Exc\u00e9lsior)<\/p>\n","protected":false},"excerpt":{"rendered":"<p>CDMX. M\u00c9XICO. \u2014 Ante el anuncio del gremio gasero de paro de labores y suministro&#8230;<\/p>\n","protected":false},"author":1,"featured_media":119757,"comment_status":"open","ping_status":"open","sticky":false,"template":"","format":"standard","meta":{"_monsterinsights_skip_tracking":false,"_monsterinsights_sitenote_active":false,"_monsterinsights_sitenote_note":"","_monsterinsights_sitenote_category":0,"footnotes":""},"categories":[5],"tags":[],"class_list":["post"],"yoast_head":" \n<title>Sonora en Equipo. Gaseras de CDMX se van a paro Rep\u00fablica<\/title>\n<meta name=\"description\" content=\"CDMX. M\u00c9XICO. \u2014 Ante el anuncio del gremio gasero de paro de labores y suministro de Gas LP en el pa\u00eds, Grupo Imagen realiz\u00f3 un recorrido por la Ciudad de En Sonora en Equipo publicamos toda la informaci\u00f3n de Sonora, M\u00e9xico y el Mundo de manera oportuna y busca que la libertad de expresi\u00f3n sea real. Visita nuestro medio informativo publicado desde Hermosillo, Sonora. %\" \/>\n<meta name=\"robots\" content=\"index, follow, max-snippet:-1, max-image-preview:large, max-video-preview:-1\" \/>\n<link rel=\"canonical\" href=\"https:\/\/www.sonoraenequipo.com.mx\/gaseras-de-cdmx-se-van-a-paro\/\" \/>\n<meta property=\"og:locale\" content=\"es_ES\" \/>\n<meta property=\"og:type\" content=\"article\" \/>\n<meta property=\"og:title\" content=\"Sonora en Equipo. Gaseras de CDMX se van a paro Rep\u00fablica\" \/>\n<meta property=\"og:description\" content=\"CDMX. M\u00c9XICO. \u2014 Ante el anuncio del gremio gasero de paro de labores y suministro de Gas LP en el pa\u00eds, Grupo Imagen realiz\u00f3 un recorrido por la Ciudad de En Sonora en Equipo publicamos toda la informaci\u00f3n de Sonora, M\u00e9xico y el Mundo de manera oportuna y busca que la libertad de expresi\u00f3n sea real. Visita nuestro medio informativo publicado desde Hermosillo, Sonora. %\" \/>\n<meta property=\"og:url\" content=\"https:\/\/www.sonoraenequipo.com.mx\/gaseras-de-cdmx-se-van-a-paro\/\" \/>\n<meta property=\"og:site_name\" content=\"Sonora en Equipo.\" \/>\n<meta property=\"article:publisher\" content=\"https:\/\/www.facebook.com\/SonoraEE\/\" \/>\n<meta property=\"article:author\" content=\"https:\/\/www.facebook.com\/SonoraEE\" \/>\n<meta property=\"article:published_time\" content=\"2021-08-04T15:10:56+00:00\" \/>\n<meta property=\"article:modified_time\" content=\"2021-08-04T20:42:29+00:00\" \/>\n<meta property=\"og:image\" content=\"https:\/\/www.sonoraenequipo.com.mx\/storage\/2021\/08\/amlo-protestas-gaseras_opt.jpg\" \/>\n\t<meta property=\"og:image:width\" content=\"700\" \/>\n\t<meta property=\"og:image:height\" content=\"400\" \/>\n\t<meta property=\"og:image:type\" content=\"image\/jpeg\" \/>\n<meta name=\"author\" content=\"enequipo\" \/>\n<meta name=\"twitter:card\" content=\"summary_large_image\" \/>\n<meta name=\"twitter:creator\" content=\"@sonoraenequipo\" \/>\n<meta name=\"twitter:site\" content=\"@sonoraenequipo\" \/>\n<meta name=\"twitter:label1\" content=\"Escrito por\" \/>\n\t<meta name=\"twitter:data1\" content=\"enequipo\" \/>\n\t<meta name=\"twitter:label2\" content=\"Tiempo de lectura\" \/>\n\t<meta name=\"twitter:data2\" content=\"2 minutos\" \/>\n<script type=\"application\/ld+json\" class=\"yoast-schema-graph\">{\"@context\":\"https:\/\/schema.org\",\"@graph\":[{\"@type\":\"Article\",\"@id\":\"https:\/\/www.sonoraenequipo.com.mx\/gaseras-de-cdmx-se-van-a-paro\/#article\",\"isPartOf\":{\"@id\":\"https:\/\/www.sonoraenequipo.com.mx\/gaseras-de-cdmx-se-van-a-paro\/\"},\"author\":{\"name\":\"enequipo\",\"@id\":\"https:\/\/www.sonoraenequipo.com.mx\/#\/schema\/person\/50102df0fb23a8fa9e8effad8fa81386\"},\"headline\":\"Gaseras de CDMX se van a paro\",\"datePublished\":\"2021-08-04T15:10:56+00:00\",\"dateModified\":\"2021-08-04T20:42:29+00:00\",\"mainEntityOfPage\":{\"@id\":\"https:\/\/www.sonoraenequipo.com.mx\/gaseras-de-cdmx-se-van-a-paro\/\"},\"wordCount\":419,\"commentCount\":0,\"publisher\":{\"@id\":\"https:\/\/www.sonoraenequipo.com.mx\/#organization\"},\"image\":{\"@id\":\"https:\/\/www.sonoraenequipo.com.mx\/gaseras-de-cdmx-se-van-a-paro\/#primaryimage\"},\"thumbnailUrl\":\"https:\/\/www.sonoraenequipo.com.mx\/storage\/2021\/08\/amlo-protestas-gaseras_opt.jpg\",\"articleSection\":[\"Rep\u00fablica\"],\"inLanguage\":\"es\",\"potentialAction\":[{\"@type\":\"CommentAction\",\"name\":\"Comment\",\"target\":[\"https:\/\/www.sonoraenequipo.com.mx\/gaseras-de-cdmx-se-van-a-paro\/#respond\"]}]},{\"@type\":\"WebPage\",\"@id\":\"https:\/\/www.sonoraenequipo.com.mx\/gaseras-de-cdmx-se-van-a-paro\/\",\"url\":\"https:\/\/www.sonoraenequipo.com.mx\/gaseras-de-cdmx-se-van-a-paro\/\",\"name\":\"Sonora en Equipo. Gaseras de CDMX se van a paro Rep\u00fablica\",\"isPartOf\":{\"@id\":\"https:\/\/www.sonoraenequipo.com.mx\/#website\"},\"primaryImageOfPage\":{\"@id\":\"https:\/\/www.sonoraenequipo.com.mx\/gaseras-de-cdmx-se-van-a-paro\/#primaryimage\"},\"image\":{\"@id\":\"https:\/\/www.sonoraenequipo.com.mx\/gaseras-de-cdmx-se-van-a-paro\/#primaryimage\"},\"thumbnailUrl\":\"https:\/\/www.sonoraenequipo.com.mx\/storage\/2021\/08\/amlo-protestas-gaseras_opt.jpg\",\"datePublished\":\"2021-08-04T15:10:56+00:00\",\"dateModified\":\"2021-08-04T20:42:29+00:00\",\"description\":\"CDMX. M\u00c9XICO. \u2014 Ante el anuncio del gremio gasero de paro de labores y suministro de Gas LP en el pa\u00eds, Grupo Imagen realiz\u00f3 un recorrido por la Ciudad de En Sonora en Equipo publicamos toda la informaci\u00f3n de Sonora, M\u00e9xico y el Mundo de manera oportuna y busca que la libertad de expresi\u00f3n sea real. Visita nuestro medio informativo publicado desde Hermosillo, Sonora. %\",\"breadcrumb\":{\"@id\":\"https:\/\/www.sonoraenequipo.com.mx\/gaseras-de-cdmx-se-van-a-paro\/#breadcrumb\"},\"inLanguage\":\"es\",\"potentialAction\":[{\"@type\":\"ReadAction\",\"target\":[\"https:\/\/www.sonoraenequipo.com.mx\/gaseras-de-cdmx-se-van-a-paro\/\"]}]},{\"@type\":\"ImageObject\",\"inLanguage\":\"es\",\"@id\":\"https:\/\/www.sonoraenequipo.com.mx\/gaseras-de-cdmx-se-van-a-paro\/#primaryimage\",\"url\":\"https:\/\/www.sonoraenequipo.com.mx\/storage\/2021\/08\/amlo-protestas-gaseras_opt.jpg\",\"contentUrl\":\"https:\/\/www.sonoraenequipo.com.mx\/storage\/2021\/08\/amlo-protestas-gaseras_opt.jpg\",\"width\":700,\"height\":400},{\"@type\":\"BreadcrumbList\",\"@id\":\"https:\/\/www.sonoraenequipo.com.mx\/gaseras-de-cdmx-se-van-a-paro\/#breadcrumb\",\"itemListElement\":[{\"@type\":\"ListItem\",\"position\":1,\"name\":\"Portada\",\"item\":\"https:\/\/www.sonoraenequipo.com.mx\/\"},{\"@type\":\"ListItem\",\"position\":2,\"name\":\"Gaseras de CDMX se van a paro\"}]},{\"@type\":\"WebSite\",\"@id\":\"https:\/\/www.sonoraenequipo.com.mx\/#website\",\"url\":\"https:\/\/www.sonoraenequipo.com.mx\/\",\"name\":\"Sonora en Equipo.\",\"description\":\"Diario en l\u00ednea con Noticias desde Hermosillo, Sonora\",\"publisher\":{\"@id\":\"https:\/\/www.sonoraenequipo.com.mx\/#organization\"},\"potentialAction\":[{\"@type\":\"SearchAction\",\"target\":{\"@type\":\"EntryPoint\",\"urlTemplate\":\"https:\/\/www.sonoraenequipo.com.mx\/?s={search_term_string}\"},\"query-input\":{\"@type\":\"PropertyValueSpecification\",\"valueRequired\":true,\"valueName\":\"search_term_string\"}}],\"inLanguage\":\"es\"},{\"@type\":\"Organization\",\"@id\":\"https:\/\/www.sonoraenequipo.com.mx\/#organization\",\"name\":\"Sonoraenequipo.com.mx\",\"url\":\"https:\/\/www.sonoraenequipo.com.mx\/\",\"logo\":{\"@type\":\"ImageObject\",\"inLanguage\":\"es\",\"@id\":\"https:\/\/www.sonoraenequipo.com.mx\/#\/schema\/logo\/image\/\",\"url\":\"https:\/\/www.sonoraenequipo.com.mx\/storage\/2019\/01\/sonoraenequipo_opt.png\",\"contentUrl\":\"https:\/\/www.sonoraenequipo.com.mx\/storage\/2019\/01\/sonoraenequipo_opt.png\",\"width\":375,\"height\":125,\"caption\":\"Sonoraenequipo.com.mx\"},\"image\":{\"@id\":\"https:\/\/www.sonoraenequipo.com.mx\/#\/schema\/logo\/image\/\"},\"sameAs\":[\"https:\/\/www.facebook.com\/SonoraEE\/\",\"https:\/\/x.com\/sonoraenequipo\",\"https:\/\/www.youtube.com\/channel\/UC338nW-lPEYmJQs4ZABQ1SQ\"]},{\"@type\":\"Person\",\"@id\":\"https:\/\/www.sonoraenequipo.com.mx\/#\/schema\/person\/50102df0fb23a8fa9e8effad8fa81386\",\"name\":\"enequipo\",\"image\":{\"@type\":\"ImageObject\",\"inLanguage\":\"es\",\"@id\":\"https:\/\/www.sonoraenequipo.com.mx\/#\/schema\/person\/image\/\",\"url\":\"https:\/\/secure.gravatar.com\/avatar\/049821681b589dabc0bc20695993ccebb09f5b5d4d790cd9251b97faac7c652b?s=96&d=blank&r=g\",\"contentUrl\":\"https:\/\/secure.gravatar.com\/avatar\/049821681b589dabc0bc20695993ccebb09f5b5d4d790cd9251b97faac7c652b?s=96&d=blank&r=g\",\"caption\":\"enequipo\"},\"sameAs\":[\"https:\/\/www.facebook.com\/SonoraEE\"]}]}<\/script>\n ","yoast_head_json":{"title":"Sonora en Equipo. Gaseras de CDMX se van a paro Rep\u00fablica","description":"CDMX. M\u00c9XICO. \u2014 Ante el anuncio del gremio gasero de paro de labores y suministro de Gas LP en el pa\u00eds, Grupo Imagen realiz\u00f3 un recorrido por la Ciudad de En Sonora en Equipo publicamos toda la informaci\u00f3n de Sonora, M\u00e9xico y el Mundo de manera oportuna y busca que la libertad de expresi\u00f3n sea real. Visita nuestro medio informativo publicado desde Hermosillo, Sonora. %","robots":{"index":"index","follow":"follow","max-snippet":"max-snippet:-1","max-image-preview":"max-image-preview:large","max-video-preview":"max-video-preview:-1"},"canonical":"https:\/\/www.sonoraenequipo.com.mx\/gaseras-de-cdmx-se-van-a-paro\/","og_locale":"es_ES","og_type":"article","og_title":"Sonora en Equipo. Gaseras de CDMX se van a paro Rep\u00fablica","og_description":"CDMX. M\u00c9XICO. \u2014 Ante el anuncio del gremio gasero de paro de labores y suministro de Gas LP en el pa\u00eds, Grupo Imagen realiz\u00f3 un recorrido por la Ciudad de En Sonora en Equipo publicamos toda la informaci\u00f3n de Sonora, M\u00e9xico y el Mundo de manera oportuna y busca que la libertad de expresi\u00f3n sea real. Visita nuestro medio informativo publicado desde Hermosillo, Sonora. %","og_url":"https:\/\/www.sonoraenequipo.com.mx\/gaseras-de-cdmx-se-van-a-paro\/","og_site_name":"Sonora en Equipo.","article_publisher":"https:\/\/www.facebook.com\/SonoraEE\/","article_author":"https:\/\/www.facebook.com\/SonoraEE","article_published_time":"2021-08-04T15:10:56+00:00","article_modified_time":"2021-08-04T20:42:29+00:00","og_image":[{"width":700,"height":400,"url":"https:\/\/www.sonoraenequipo.com.mx\/storage\/2021\/08\/amlo-protestas-gaseras_opt.jpg","type":"image\/jpeg"}],"author":"enequipo","twitter_card":"summary_large_image","twitter_creator":"@sonoraenequipo","twitter_site":"@sonoraenequipo","twitter_misc":{"Escrito por":"enequipo","Tiempo de lectura":"2 minutos"},"schema":{"@context":"https:\/\/schema.org","@graph":[{"@type":"Article","@id":"https:\/\/www.sonoraenequipo.com.mx\/gaseras-de-cdmx-se-van-a-paro\/#article","isPartOf":{"@id":"https:\/\/www.sonoraenequipo.com.mx\/gaseras-de-cdmx-se-van-a-paro\/"},"author":{"name":"enequipo","@id":"https:\/\/www.sonoraenequipo.com.mx\/#\/schema\/person\/50102df0fb23a8fa9e8effad8fa81386"},"headline":"Gaseras de CDMX se van a paro","datePublished":"2021-08-04T15:10:56+00:00","dateModified":"2021-08-04T20:42:29+00:00","mainEntityOfPage":{"@id":"https:\/\/www.sonoraenequipo.com.mx\/gaseras-de-cdmx-se-van-a-paro\/"},"wordCount":419,"commentCount":0,"publisher":{"@id":"https:\/\/www.sonoraenequipo.com.mx\/#organization"},"image":{"@id":"https:\/\/www.sonoraenequipo.com.mx\/gaseras-de-cdmx-se-van-a-paro\/#primaryimage"},"thumbnailUrl":"https:\/\/www.sonoraenequipo.com.mx\/storage\/2021\/08\/amlo-protestas-gaseras_opt.jpg","articleSection":["Rep\u00fablica"],"inLanguage":"es","potentialAction":[{"@type":"CommentAction","name":"Comment","target":["https:\/\/www.sonoraenequipo.com.mx\/gaseras-de-cdmx-se-van-a-paro\/#respond"]}]},{"@type":"WebPage","@id":"https:\/\/www.sonoraenequipo.com.mx\/gaseras-de-cdmx-se-van-a-paro\/","url":"https:\/\/www.sonoraenequipo.com.mx\/gaseras-de-cdmx-se-van-a-paro\/","name":"Sonora en Equipo. Gaseras de CDMX se van a paro Rep\u00fablica","isPartOf":{"@id":"https:\/\/www.sonoraenequipo.com.mx\/#website"},"primaryImageOfPage":{"@id":"https:\/\/www.sonoraenequipo.com.mx\/gaseras-de-cdmx-se-van-a-paro\/#primaryimage"},"image":{"@id":"https:\/\/www.sonoraenequipo.com.mx\/gaseras-de-cdmx-se-van-a-paro\/#primaryimage"},"thumbnailUrl":"https:\/\/www.sonoraenequipo.com.mx\/storage\/2021\/08\/amlo-protestas-gaseras_opt.jpg","datePublished":"2021-08-04T15:10:56+00:00","dateModified":"2021-08-04T20:42:29+00:00","description":"CDMX. M\u00c9XICO. \u2014 Ante el anuncio del gremio gasero de paro de labores y suministro de Gas LP en el pa\u00eds, Grupo Imagen realiz\u00f3 un recorrido por la Ciudad de En Sonora en Equipo publicamos toda la informaci\u00f3n de Sonora, M\u00e9xico y el Mundo de manera oportuna y busca que la libertad de expresi\u00f3n sea real. Visita nuestro medio informativo publicado desde Hermosillo, Sonora. %","breadcrumb":{"@id":"https:\/\/www.sonoraenequipo.com.mx\/gaseras-de-cdmx-se-van-a-paro\/#breadcrumb"},"inLanguage":"es","potentialAction":[{"@type":"ReadAction","target":["https:\/\/www.sonoraenequipo.com.mx\/gaseras-de-cdmx-se-van-a-paro\/"]}]},{"@type":"ImageObject","inLanguage":"es","@id":"https:\/\/www.sonoraenequipo.com.mx\/gaseras-de-cdmx-se-van-a-paro\/#primaryimage","url":"https:\/\/www.sonoraenequipo.com.mx\/storage\/2021\/08\/amlo-protestas-gaseras_opt.jpg","contentUrl":"https:\/\/www.sonoraenequipo.com.mx\/storage\/2021\/08\/amlo-protestas-gaseras_opt.jpg","width":700,"height":400},{"@type":"BreadcrumbList","@id":"https:\/\/www.sonoraenequipo.com.mx\/gaseras-de-cdmx-se-van-a-paro\/#breadcrumb","itemListElement":[{"@type":"ListItem","position":1,"name":"Portada","item":"https:\/\/www.sonoraenequipo.com.mx\/"},{"@type":"ListItem","position":2,"name":"Gaseras de CDMX se van a paro"}]},{"@type":"WebSite","@id":"https:\/\/www.sonoraenequipo.com.mx\/#website","url":"https:\/\/www.sonoraenequipo.com.mx\/","name":"Sonora en Equipo.","description":"Diario en l\u00ednea con Noticias desde Hermosillo, Sonora","publisher":{"@id":"https:\/\/www.sonoraenequipo.com.mx\/#organization"},"potentialAction":[{"@type":"SearchAction","target":{"@type":"EntryPoint","urlTemplate":"https:\/\/www.sonoraenequipo.com.mx\/?s={search_term_string}"},"query-input":{"@type":"PropertyValueSpecification","valueRequired":true,"valueName":"search_term_string"}}],"inLanguage":"es"},{"@type":"Organization","@id":"https:\/\/www.sonoraenequipo.com.mx\/#organization","name":"Sonoraenequipo.com.mx","url":"https:\/\/www.sonoraenequipo.com.mx\/","logo":{"@type":"ImageObject","inLanguage":"es","@id":"https:\/\/www.sonoraenequipo.com.mx\/#\/schema\/logo\/image\/","url":"https:\/\/www.sonoraenequipo.com.mx\/storage\/2019\/01\/sonoraenequipo_opt.png","contentUrl":"https:\/\/www.sonoraenequipo.com.mx\/storage\/2019\/01\/sonoraenequipo_opt.png","width":375,"height":125,"caption":"Sonoraenequipo.com.mx"},"image":{"@id":"https:\/\/www.sonoraenequipo.com.mx\/#\/schema\/logo\/image\/"},"sameAs":["https:\/\/www.facebook.com\/SonoraEE\/","https:\/\/x.com\/sonoraenequipo","https:\/\/www.youtube.com\/channel\/UC338nW-lPEYmJQs4ZABQ1SQ"]},{"@type":"Person","@id":"https:\/\/www.sonoraenequipo.com.mx\/#\/schema\/person\/50102df0fb23a8fa9e8effad8fa81386","name":"enequipo","image":{"@type":"ImageObject","inLanguage":"es","@id":"https:\/\/www.sonoraenequipo.com.mx\/#\/schema\/person\/image\/","url":"https:\/\/secure.gravatar.com\/avatar\/049821681b589dabc0bc20695993ccebb09f5b5d4d790cd9251b97faac7c652b?s=96&d=blank&r=g","contentUrl":"https:\/\/secure.gravatar.com\/avatar\/049821681b589dabc0bc20695993ccebb09f5b5d4d790cd9251b97faac7c652b?s=96&d=blank&r=g","caption":"enequipo"},"sameAs":["https:\/\/www.facebook.com\/SonoraEE"]}]}},"jetpack_featured_media_url":"https:\/\/www.sonoraenequipo.com.mx\/storage\/2021\/08\/amlo-protestas-gaseras_opt.jpg","_links":{"self":[{"href":"https:\/\/www.sonoraenequipo.com.mx\/api\/wp\/v2\/posts\/119750","targetHints":{"allow":["GET"]}}],"collection":[{"href":"https:\/\/www.sonoraenequipo.com.mx\/api\/wp\/v2\/posts"}],"about":[{"href":"https:\/\/www.sonoraenequipo.com.mx\/api\/wp\/v2\/types\/post"}],"author":[{"embeddable":true,"href":"https:\/\/www.sonoraenequipo.com.mx\/api\/wp\/v2\/users\/1"}],"replies":[{"embeddable":true,"href":"https:\/\/www.sonoraenequipo.com.mx\/api\/wp\/v2\/comments?post=119750"}],"version-history":[{"count":1,"href":"https:\/\/www.sonoraenequipo.com.mx\/api\/wp\/v2\/posts\/119750\/revisions"}],"predecessor-version":[{"id":119759,"href":"https:\/\/www.sonoraenequipo.com.mx\/api\/wp\/v2\/posts\/119750\/revisions\/119759"}],"wp:featuredmedia":[{"embeddable":true,"href":"https:\/\/www.sonoraenequipo.com.mx\/api\/wp\/v2\/media\/119757"}],"wp:attachment":[{"href":"https:\/\/www.sonoraenequipo.com.mx\/api\/wp\/v2\/media?parent=119750"}],"wp:term":[{"taxonomy":"category","embeddable":true,"href":"https:\/\/www.sonoraenequipo.com.mx\/api\/wp\/v2\/categories?post=119750"},{"taxonomy":"post_tag","embeddable":true,"href":"https:\/\/www.sonoraenequipo.com.mx\/api\/wp\/v2\/tags?post=119750"}],"curies":[{"name":"wp","href":"https:\/\/api.w.org\/{rel}","templated":true}]}}