{"id":119751,"date":"2021-08-04T11:42:56","date_gmt":"2021-08-04T18:42:56","guid":{"rendered":"https:\/\/www.sonoraenequipo.com.mx\/?p=119751"},"modified":"2021-08-04T13:45:54","modified_gmt":"2021-08-04T20:45:54","slug":"gran-recibimiento-para-la-medallista-olimpica-alejandra-valencia","status":"publish","type":"post","link":"https:\/\/www.sonoraenequipo.com.mx\/gran-recibimiento-para-la-medallista-olimpica-alejandra-valencia\/","title":{"rendered":"Gran recibimiento para la medallista ol\u00edmpica Alejandra Valencia"},"content":{"rendered":"<p>HERMOSILLO, SONORA,MX.\u2500\u2500 Despu\u00e9s de una actuaci\u00f3n que paraliz\u00f3 a todo M\u00e9xico, y le vali\u00f3 ganar una medalla de bronce en los Juegos Ol\u00edmpicos Tokio 2020, la arquera sonorense Alejandra Valencia Trujillo tuvo este martes un regreso triunfal a su tierra.<\/p>\n<p>&nbsp;<\/p>\n<p>Valencia Trujillo, quien el pasado 24 de julio escribi\u00f3 una nueva p\u00e1gina en el libro de la historia del deporte mexicano, al obtener la medalla ol\u00edmpica n\u00famero 70 para M\u00e9xico, y a la vez la quinta presea de Sonora en dicho certamen (desde 1924), arrib\u00f3 a la capital sonorense v\u00eda a\u00e9rea alrededor de las 15:00 horas.<\/p>\n<p>&nbsp;<\/p>\n<p>El ambiente en el aeropuerto \u201cIgnacio L. Pesqueira\u201d se impregn\u00f3 de emoci\u00f3n de parte de los asistentes al recibimiento, que incluy\u00f3 a directivos del deporte, medios de comunicaci\u00f3n, familiares, amigos, y algunos curiosos que no dejaron pasar la oportunidad de vivir el gran momento.<\/p>\n<p>&nbsp;<\/p>\n<p>Incluso, como un homenaje y una manera de agradecerle su pasi\u00f3n por la gran participaci\u00f3n en Tokio, el avi\u00f3n en el que la medallista ol\u00edmpica lleg\u00f3 a Hermosillo recibi\u00f3 un \u201cbautizo\u201d, situaci\u00f3n en donde la aeronave atraviesa un gran arco de agua producida por una bombera, y que s\u00f3lo ocurre en momentos muy especiales.<\/p>\n<p>&nbsp;<\/p>\n<p>Cuando Alejandra, acompa\u00f1ada de su familia -pap\u00e1s y hermana- pas\u00f3 la puerta de llegada, sonaron los acordes de \u201cSonora Querida\u201d interpretada por un mariachi especial para la ocasi\u00f3n, al tiempo que el director general de la Comisi\u00f3n del Deporte del Estado de Sonora (Codeson), Gabriel Tapia Montiel, le dio la bienvenida entreg\u00e1ndole un arreglo floral y felicit\u00e1ndola por la gran participaci\u00f3n lograda en Tokio 2020.<\/p>\n<p>&nbsp;<\/p>\n<p>La tres veces ol\u00edmpica dibuj\u00f3 una gran sonrisa y mostr\u00f3 orgullosa su presea de bronce que conquist\u00f3 en la modalidad de Equipos Mixto de Arco Recurvo junto al bajacaliforniano Luis \u201cAbuelo\u201d \u00c1lvarez, siendo en ese momento la primera medalla de M\u00e9xico en los actuales Juegos Ol\u00edmpicos.<\/p>\n<p>&nbsp;<\/p>\n<p>Llena de alegr\u00eda, como si acabara de terminar su competencia, y apenas le hubieran entregado la medalla de bronce ol\u00edmpica, Valencia Trujillo, de manera amena, relat\u00f3 las experiencias tras cumplirse el anhelado sue\u00f1o de subirse al podio luego de tres Juegos Ol\u00edmpicos.<\/p>\n<p>&nbsp;<\/p>\n<p>\u201cRealmente s\u00ed es algo que est\u00e1bamos buscando (la medalla ol\u00edmpica), lo logramos, indica el gran trabajo para llegar a eso, y todav\u00eda podemos hacerlo mejor. La verdad no pens\u00e9 tanto, m\u00e1s que nada me dije \u2018mantente en tu trabajo\u2019 a seguir como entrenaste\u201d, dijo refiri\u00e9ndose al tercer lugar obtenido.<\/p>\n<p>&nbsp;<\/p>\n<p>Pero conseguir la medalla fue una gran batalla, pues la sonorense reconoci\u00f3 lo dif\u00edcil de adaptarse a las condiciones climatol\u00f3gicas de la capital japonesa, en donde rein\u00f3 el calor y la humedad en el campo de tiro con arco.<\/p>\n<p>&nbsp;<\/p>\n<p>\u201cYa arriba del podio cuando vi la medalla dije \u00a1Qu\u00e9 bonita! Nos la merec\u00edamos, lo hemos hecho bien todo este a\u00f1o, pero las condiciones de Tokio eran horribles: calor h\u00famedo y el viento que estaba a todo, m\u00e1s que la medalla, fue la experiencia para llegar a eso, el podio estuvo super variado porque ganaron quienes se adaptaron primero\u201d, coment\u00f3.<\/p>\n<p>&nbsp;<\/p>\n<p>Adem\u00e1s, la arquera tres veces ol\u00edmpica record\u00f3 su match de cuartos de final, en donde cay\u00f3 dram\u00e1ticamente, por escasos mil\u00edmetros en flecha de desempate (ambas le atinaron al 10) ante la estadounidense Mackenzie Brown, para finalizar en el quinto puesto general en la modalidad de Individual.<\/p>\n<p>&nbsp;<\/p>\n<p>\u201cMe sent\u00ed bien y a la vez mal (risas) porque perd\u00ed por apenas 12 mil\u00edmetros, es una buena manera de hacerlo, no es grande la diferencia, hay que seguirle por ah\u00ed\u201d, agreg\u00f3 la sonorense que en R\u00edo 2016 termin\u00f3 cuarta en la misma prueba.<\/p>\n<p>&nbsp;<\/p>\n<p>Adem\u00e1s, enfatiz\u00f3, que, aunque M\u00e9xico s\u00f3lo ha ganado tres medallas en Tokio 2020 (todas de bronce), ha habido varios cuartos lugares, posiciones sin preseas, aunque dejan en claro la gran calidad de los atletas aztecas.<\/p>\n<p>&nbsp;<\/p>\n<p>\u201cEstamos entre lo mejor del mundo, un cuarto lugar, como el m\u00edo en R\u00edo 2016 va m\u00e1s all\u00e1 de decir que perdiste una medalla, indica que lo hiciste ante los mejores pa\u00edses y s\u00f3lo hay tres preseas. Todos queremos ganar y al quedar a nadita es un \u2018estoy entre los mejores despu\u00e9s de todo lo que tuve que pasar\u2019, eso significa que puedo salir adelante y hacerlo mejor\u201d, destac\u00f3.<\/p>\n<p>&nbsp;<\/p>\n<p>Alejandra humildemente comparti\u00f3 el \u00e9xito ol\u00edmpico al lado de Miguel \u00c1ngel Flores, quien la ha entrenado desde hace 17 a\u00f1os, y con sus padres, pues sabe que sin ellos nada hubiera sido posible.<\/p>\n<p>&nbsp;<\/p>\n<p>\u201cEs una de las primeras personas que pas\u00f3 por mi mente (Flores Casta\u00f1eda) cuando ganamos la medalla no s\u00f3lo era m\u00eda sino de \u00e9l, son 17 a\u00f1os que llevo tirando y lo conozco\u2026 es gratificante saber que se pudo lograr, estoy muy feliz de hab\u00e9rsela dado (la presea ol\u00edmpica)\u201d, se\u00f1al\u00f3.<\/p>\n<p>&nbsp;<\/p>\n<p>\u201cSobre mis padres, la verdad no esperaba verlos en M\u00e9xico, me sorprendi\u00f3 que llegaran, los vi y me qued\u00e9 congelada un rato, ellos siempre han estado ah\u00ed, paso a paso, si no me hubieran llevado al CUM (a practicar tiro con arco) no estar\u00eda aqu\u00ed\u201d, agreg\u00f3.<\/p>\n<p>&nbsp;<\/p>\n<p>De igual manera \u201cAle Vale\u201d, que es un gran ejemplo para las nuevas generaciones en todo el pa\u00eds, inst\u00f3 a ni\u00f1as, ni\u00f1os y j\u00f3venes a tener confianza en s\u00ed mismos, a no escuchar las cr\u00edticas adversas y a entrenar duro.<\/p>\n<p>&nbsp;<\/p>\n<p>Sobre la oportunidad que representan los pr\u00f3ximos Juegos Ol\u00edmpicos, a celebrarse el 2024 en la capital francesa, la arquera sonorense dijo que continuar\u00e1 prepar\u00e1ndose para llegar a esa nueva meta, incluso, dijo, podr\u00eda tambi\u00e9n hacerlo en Los \u00c1ngeles 2028.<\/p>\n<p>&nbsp;<\/p>\n<p>Asimismo, aplaudi\u00f3 que vienen empujando nuevas arqueras mexicanas, para hacer a\u00fan m\u00e1s competitivo al pa\u00eds en el tiro con arco a nivel mundial, como es el caso de Ana Paula V\u00e1zquez, quien debut\u00f3 como ol\u00edmpica en Tokio.<\/p>\n<p>&nbsp;<\/p>\n<p>\u201cEst\u00e1 tambi\u00e9n Valentina V\u00e1zquez quien qued\u00f3 como reserva para los Juegos Ol\u00edmpicos (en el Equipo Femenil de Arco Recurvo), ella es super fuerte, por eso estar\u00e1 bueno el pr\u00f3ximo selectivo, las cuatro estamos fuertes y las compa\u00f1eras juveniles que se no anexen\u201d, mencion\u00f3.<\/p>\n<p>&nbsp;<\/p>\n<p>Ya disipado el humo ol\u00edmpico, Valencia Trujillo sabe que debe seguir de frente, y debido a eso ya tiene en mente el futuro, pues en septiembre retomar\u00e1 el arco y las fechas para ver acci\u00f3n en el Campeonato Mundial de Tiro con Arco a realizarse en septiembre en Estados Unidos.<\/p>\n<p>&nbsp;<\/p>\n<p>\u201cEn tres semanas m\u00e1s viene el Campeonato Mundial, que es el \u00faltimo evento del ciclo, y despu\u00e9s otra vez vamos a empezar el 2022 con s\u00f3lo las Copas del Mundo, pero luego el 2023 siguen los Juegos Centroamericanos y los Juegos Panamericanos, y el pr\u00f3ximo a\u00f1o Par\u00eds (los Juegos Ol\u00edmpicos 2024)\u201d.<\/p>\n<p>Fecha de Publicaci\u00f3n\u00a0 mi\u00e9rcoles\u00a0 \/ 04\u00a0\u00a0 \/ agosto \/ 2021<\/p>\n","protected":false},"excerpt":{"rendered":"<p>HERMOSILLO, SONORA,MX.\u2500\u2500 Despu\u00e9s de una actuaci\u00f3n que paraliz\u00f3 a todo M\u00e9xico, y le vali\u00f3 ganar&#8230;<\/p>\n","protected":false},"author":1,"featured_media":119752,"comment_status":"open","ping_status":"open","sticky":false,"template":"","format":"standard","meta":{"_monsterinsights_skip_tracking":false,"_monsterinsights_sitenote_active":false,"_monsterinsights_sitenote_note":"","_monsterinsights_sitenote_category":0,"footnotes":""},"categories":[10],"tags":[5936,4796],"class_list":["post"],"yoast_head":" \n<title>Sonora en Equipo. Gran recibimiento para la medallista ol\u00edmpica Alejandra Valencia Deportes<\/title>\n<meta name=\"description\" content=\"HERMOSILLO, SONORA,MX.\u2500\u2500 Despu\u00e9s de una actuaci\u00f3n que paraliz\u00f3 a todo M\u00e9xico, y le vali\u00f3 ganar una medalla de bronce en los Juegos Ol\u00edmpicos Tokio 2020, En Sonora en Equipo publicamos toda la informaci\u00f3n de Sonora, M\u00e9xico y el Mundo de manera oportuna y busca que la libertad de expresi\u00f3n sea real. Visita nuestro medio informativo publicado desde Hermosillo, Sonora. %\" \/>\n<meta name=\"robots\" content=\"index, follow, max-snippet:-1, max-image-preview:large, max-video-preview:-1\" \/>\n<link rel=\"canonical\" href=\"https:\/\/www.sonoraenequipo.com.mx\/gran-recibimiento-para-la-medallista-olimpica-alejandra-valencia\/\" \/>\n<meta property=\"og:locale\" content=\"es_ES\" \/>\n<meta property=\"og:type\" content=\"article\" \/>\n<meta property=\"og:title\" content=\"Sonora en Equipo. Gran recibimiento para la medallista ol\u00edmpica Alejandra Valencia Deportes\" \/>\n<meta property=\"og:description\" content=\"HERMOSILLO, SONORA,MX.\u2500\u2500 Despu\u00e9s de una actuaci\u00f3n que paraliz\u00f3 a todo M\u00e9xico, y le vali\u00f3 ganar una medalla de bronce en los Juegos Ol\u00edmpicos Tokio 2020, En Sonora en Equipo publicamos toda la informaci\u00f3n de Sonora, M\u00e9xico y el Mundo de manera oportuna y busca que la libertad de expresi\u00f3n sea real. Visita nuestro medio informativo publicado desde Hermosillo, Sonora. %\" \/>\n<meta property=\"og:url\" content=\"https:\/\/www.sonoraenequipo.com.mx\/gran-recibimiento-para-la-medallista-olimpica-alejandra-valencia\/\" \/>\n<meta property=\"og:site_name\" content=\"Sonora en Equipo.\" \/>\n<meta property=\"article:publisher\" content=\"https:\/\/www.facebook.com\/SonoraEE\/\" \/>\n<meta property=\"article:author\" content=\"https:\/\/www.facebook.com\/SonoraEE\" \/>\n<meta property=\"article:published_time\" content=\"2021-08-04T18:42:56+00:00\" \/>\n<meta property=\"article:modified_time\" content=\"2021-08-04T20:45:54+00:00\" \/>\n<meta property=\"og:image\" content=\"https:\/\/www.sonoraenequipo.com.mx\/storage\/2021\/08\/ale-valencia-llegada.jpg\" \/>\n\t<meta property=\"og:image:width\" content=\"700\" \/>\n\t<meta property=\"og:image:height\" content=\"400\" \/>\n\t<meta property=\"og:image:type\" content=\"image\/jpeg\" \/>\n<meta name=\"author\" content=\"enequipo\" \/>\n<meta name=\"twitter:card\" content=\"summary_large_image\" \/>\n<meta name=\"twitter:creator\" content=\"@sonoraenequipo\" \/>\n<meta name=\"twitter:site\" content=\"@sonoraenequipo\" \/>\n<meta name=\"twitter:label1\" content=\"Escrito por\" \/>\n\t<meta name=\"twitter:data1\" content=\"enequipo\" \/>\n\t<meta name=\"twitter:label2\" content=\"Tiempo de lectura\" \/>\n\t<meta name=\"twitter:data2\" content=\"5 minutos\" \/>\n<script type=\"application\/ld+json\" class=\"yoast-schema-graph\">{\"@context\":\"https:\/\/schema.org\",\"@graph\":[{\"@type\":\"Article\",\"@id\":\"https:\/\/www.sonoraenequipo.com.mx\/gran-recibimiento-para-la-medallista-olimpica-alejandra-valencia\/#article\",\"isPartOf\":{\"@id\":\"https:\/\/www.sonoraenequipo.com.mx\/gran-recibimiento-para-la-medallista-olimpica-alejandra-valencia\/\"},\"author\":{\"name\":\"enequipo\",\"@id\":\"https:\/\/www.sonoraenequipo.com.mx\/#\/schema\/person\/50102df0fb23a8fa9e8effad8fa81386\"},\"headline\":\"Gran recibimiento para la medallista ol\u00edmpica Alejandra Valencia\",\"datePublished\":\"2021-08-04T18:42:56+00:00\",\"dateModified\":\"2021-08-04T20:45:54+00:00\",\"mainEntityOfPage\":{\"@id\":\"https:\/\/www.sonoraenequipo.com.mx\/gran-recibimiento-para-la-medallista-olimpica-alejandra-valencia\/\"},\"wordCount\":1197,\"commentCount\":0,\"publisher\":{\"@id\":\"https:\/\/www.sonoraenequipo.com.mx\/#organization\"},\"image\":{\"@id\":\"https:\/\/www.sonoraenequipo.com.mx\/gran-recibimiento-para-la-medallista-olimpica-alejandra-valencia\/#primaryimage\"},\"thumbnailUrl\":\"https:\/\/www.sonoraenequipo.com.mx\/storage\/2021\/08\/ale-valencia-llegada.jpg\",\"keywords\":[\"alejandra valencia\",\"Tokio 2020\"],\"articleSection\":[\"Deportes\"],\"inLanguage\":\"es\",\"potentialAction\":[{\"@type\":\"CommentAction\",\"name\":\"Comment\",\"target\":[\"https:\/\/www.sonoraenequipo.com.mx\/gran-recibimiento-para-la-medallista-olimpica-alejandra-valencia\/#respond\"]}]},{\"@type\":\"WebPage\",\"@id\":\"https:\/\/www.sonoraenequipo.com.mx\/gran-recibimiento-para-la-medallista-olimpica-alejandra-valencia\/\",\"url\":\"https:\/\/www.sonoraenequipo.com.mx\/gran-recibimiento-para-la-medallista-olimpica-alejandra-valencia\/\",\"name\":\"Sonora en Equipo. Gran recibimiento para la medallista ol\u00edmpica Alejandra Valencia Deportes\",\"isPartOf\":{\"@id\":\"https:\/\/www.sonoraenequipo.com.mx\/#website\"},\"primaryImageOfPage\":{\"@id\":\"https:\/\/www.sonoraenequipo.com.mx\/gran-recibimiento-para-la-medallista-olimpica-alejandra-valencia\/#primaryimage\"},\"image\":{\"@id\":\"https:\/\/www.sonoraenequipo.com.mx\/gran-recibimiento-para-la-medallista-olimpica-alejandra-valencia\/#primaryimage\"},\"thumbnailUrl\":\"https:\/\/www.sonoraenequipo.com.mx\/storage\/2021\/08\/ale-valencia-llegada.jpg\",\"datePublished\":\"2021-08-04T18:42:56+00:00\",\"dateModified\":\"2021-08-04T20:45:54+00:00\",\"description\":\"HERMOSILLO, SONORA,MX.\u2500\u2500 Despu\u00e9s de una actuaci\u00f3n que paraliz\u00f3 a todo M\u00e9xico, y le vali\u00f3 ganar una medalla de bronce en los Juegos Ol\u00edmpicos Tokio 2020, En Sonora en Equipo publicamos toda la informaci\u00f3n de Sonora, M\u00e9xico y el Mundo de manera oportuna y busca que la libertad de expresi\u00f3n sea real. Visita nuestro medio informativo publicado desde Hermosillo, Sonora. %\",\"breadcrumb\":{\"@id\":\"https:\/\/www.sonoraenequipo.com.mx\/gran-recibimiento-para-la-medallista-olimpica-alejandra-valencia\/#breadcrumb\"},\"inLanguage\":\"es\",\"potentialAction\":[{\"@type\":\"ReadAction\",\"target\":[\"https:\/\/www.sonoraenequipo.com.mx\/gran-recibimiento-para-la-medallista-olimpica-alejandra-valencia\/\"]}]},{\"@type\":\"ImageObject\",\"inLanguage\":\"es\",\"@id\":\"https:\/\/www.sonoraenequipo.com.mx\/gran-recibimiento-para-la-medallista-olimpica-alejandra-valencia\/#primaryimage\",\"url\":\"https:\/\/www.sonoraenequipo.com.mx\/storage\/2021\/08\/ale-valencia-llegada.jpg\",\"contentUrl\":\"https:\/\/www.sonoraenequipo.com.mx\/storage\/2021\/08\/ale-valencia-llegada.jpg\",\"width\":700,\"height\":400},{\"@type\":\"BreadcrumbList\",\"@id\":\"https:\/\/www.sonoraenequipo.com.mx\/gran-recibimiento-para-la-medallista-olimpica-alejandra-valencia\/#breadcrumb\",\"itemListElement\":[{\"@type\":\"ListItem\",\"position\":1,\"name\":\"Portada\",\"item\":\"https:\/\/www.sonoraenequipo.com.mx\/\"},{\"@type\":\"ListItem\",\"position\":2,\"name\":\"Gran recibimiento para la medallista ol\u00edmpica Alejandra Valencia\"}]},{\"@type\":\"WebSite\",\"@id\":\"https:\/\/www.sonoraenequipo.com.mx\/#website\",\"url\":\"https:\/\/www.sonoraenequipo.com.mx\/\",\"name\":\"Sonora en Equipo.\",\"description\":\"Diario en l\u00ednea con Noticias desde Hermosillo, Sonora\",\"publisher\":{\"@id\":\"https:\/\/www.sonoraenequipo.com.mx\/#organization\"},\"potentialAction\":[{\"@type\":\"SearchAction\",\"target\":{\"@type\":\"EntryPoint\",\"urlTemplate\":\"https:\/\/www.sonoraenequipo.com.mx\/?s={search_term_string}\"},\"query-input\":{\"@type\":\"PropertyValueSpecification\",\"valueRequired\":true,\"valueName\":\"search_term_string\"}}],\"inLanguage\":\"es\"},{\"@type\":\"Organization\",\"@id\":\"https:\/\/www.sonoraenequipo.com.mx\/#organization\",\"name\":\"Sonoraenequipo.com.mx\",\"url\":\"https:\/\/www.sonoraenequipo.com.mx\/\",\"logo\":{\"@type\":\"ImageObject\",\"inLanguage\":\"es\",\"@id\":\"https:\/\/www.sonoraenequipo.com.mx\/#\/schema\/logo\/image\/\",\"url\":\"https:\/\/www.sonoraenequipo.com.mx\/storage\/2019\/01\/sonoraenequipo_opt.png\",\"contentUrl\":\"https:\/\/www.sonoraenequipo.com.mx\/storage\/2019\/01\/sonoraenequipo_opt.png\",\"width\":375,\"height\":125,\"caption\":\"Sonoraenequipo.com.mx\"},\"image\":{\"@id\":\"https:\/\/www.sonoraenequipo.com.mx\/#\/schema\/logo\/image\/\"},\"sameAs\":[\"https:\/\/www.facebook.com\/SonoraEE\/\",\"https:\/\/x.com\/sonoraenequipo\",\"https:\/\/www.youtube.com\/channel\/UC338nW-lPEYmJQs4ZABQ1SQ\"]},{\"@type\":\"Person\",\"@id\":\"https:\/\/www.sonoraenequipo.com.mx\/#\/schema\/person\/50102df0fb23a8fa9e8effad8fa81386\",\"name\":\"enequipo\",\"image\":{\"@type\":\"ImageObject\",\"inLanguage\":\"es\",\"@id\":\"https:\/\/www.sonoraenequipo.com.mx\/#\/schema\/person\/image\/\",\"url\":\"https:\/\/secure.gravatar.com\/avatar\/049821681b589dabc0bc20695993ccebb09f5b5d4d790cd9251b97faac7c652b?s=96&d=blank&r=g\",\"contentUrl\":\"https:\/\/secure.gravatar.com\/avatar\/049821681b589dabc0bc20695993ccebb09f5b5d4d790cd9251b97faac7c652b?s=96&d=blank&r=g\",\"caption\":\"enequipo\"},\"sameAs\":[\"https:\/\/www.facebook.com\/SonoraEE\"]}]}<\/script>\n ","yoast_head_json":{"title":"Sonora en Equipo. Gran recibimiento para la medallista ol\u00edmpica Alejandra Valencia Deportes","description":"HERMOSILLO, SONORA,MX.\u2500\u2500 Despu\u00e9s de una actuaci\u00f3n que paraliz\u00f3 a todo M\u00e9xico, y le vali\u00f3 ganar una medalla de bronce en los Juegos Ol\u00edmpicos Tokio 2020, En Sonora en Equipo publicamos toda la informaci\u00f3n de Sonora, M\u00e9xico y el Mundo de manera oportuna y busca que la libertad de expresi\u00f3n sea real. Visita nuestro medio informativo publicado desde Hermosillo, Sonora. %","robots":{"index":"index","follow":"follow","max-snippet":"max-snippet:-1","max-image-preview":"max-image-preview:large","max-video-preview":"max-video-preview:-1"},"canonical":"https:\/\/www.sonoraenequipo.com.mx\/gran-recibimiento-para-la-medallista-olimpica-alejandra-valencia\/","og_locale":"es_ES","og_type":"article","og_title":"Sonora en Equipo. Gran recibimiento para la medallista ol\u00edmpica Alejandra Valencia Deportes","og_description":"HERMOSILLO, SONORA,MX.\u2500\u2500 Despu\u00e9s de una actuaci\u00f3n que paraliz\u00f3 a todo M\u00e9xico, y le vali\u00f3 ganar una medalla de bronce en los Juegos Ol\u00edmpicos Tokio 2020, En Sonora en Equipo publicamos toda la informaci\u00f3n de Sonora, M\u00e9xico y el Mundo de manera oportuna y busca que la libertad de expresi\u00f3n sea real. Visita nuestro medio informativo publicado desde Hermosillo, Sonora. %","og_url":"https:\/\/www.sonoraenequipo.com.mx\/gran-recibimiento-para-la-medallista-olimpica-alejandra-valencia\/","og_site_name":"Sonora en Equipo.","article_publisher":"https:\/\/www.facebook.com\/SonoraEE\/","article_author":"https:\/\/www.facebook.com\/SonoraEE","article_published_time":"2021-08-04T18:42:56+00:00","article_modified_time":"2021-08-04T20:45:54+00:00","og_image":[{"width":700,"height":400,"url":"https:\/\/www.sonoraenequipo.com.mx\/storage\/2021\/08\/ale-valencia-llegada.jpg","type":"image\/jpeg"}],"author":"enequipo","twitter_card":"summary_large_image","twitter_creator":"@sonoraenequipo","twitter_site":"@sonoraenequipo","twitter_misc":{"Escrito por":"enequipo","Tiempo de lectura":"5 minutos"},"schema":{"@context":"https:\/\/schema.org","@graph":[{"@type":"Article","@id":"https:\/\/www.sonoraenequipo.com.mx\/gran-recibimiento-para-la-medallista-olimpica-alejandra-valencia\/#article","isPartOf":{"@id":"https:\/\/www.sonoraenequipo.com.mx\/gran-recibimiento-para-la-medallista-olimpica-alejandra-valencia\/"},"author":{"name":"enequipo","@id":"https:\/\/www.sonoraenequipo.com.mx\/#\/schema\/person\/50102df0fb23a8fa9e8effad8fa81386"},"headline":"Gran recibimiento para la medallista ol\u00edmpica Alejandra Valencia","datePublished":"2021-08-04T18:42:56+00:00","dateModified":"2021-08-04T20:45:54+00:00","mainEntityOfPage":{"@id":"https:\/\/www.sonoraenequipo.com.mx\/gran-recibimiento-para-la-medallista-olimpica-alejandra-valencia\/"},"wordCount":1197,"commentCount":0,"publisher":{"@id":"https:\/\/www.sonoraenequipo.com.mx\/#organization"},"image":{"@id":"https:\/\/www.sonoraenequipo.com.mx\/gran-recibimiento-para-la-medallista-olimpica-alejandra-valencia\/#primaryimage"},"thumbnailUrl":"https:\/\/www.sonoraenequipo.com.mx\/storage\/2021\/08\/ale-valencia-llegada.jpg","keywords":["alejandra valencia","Tokio 2020"],"articleSection":["Deportes"],"inLanguage":"es","potentialAction":[{"@type":"CommentAction","name":"Comment","target":["https:\/\/www.sonoraenequipo.com.mx\/gran-recibimiento-para-la-medallista-olimpica-alejandra-valencia\/#respond"]}]},{"@type":"WebPage","@id":"https:\/\/www.sonoraenequipo.com.mx\/gran-recibimiento-para-la-medallista-olimpica-alejandra-valencia\/","url":"https:\/\/www.sonoraenequipo.com.mx\/gran-recibimiento-para-la-medallista-olimpica-alejandra-valencia\/","name":"Sonora en Equipo. Gran recibimiento para la medallista ol\u00edmpica Alejandra Valencia Deportes","isPartOf":{"@id":"https:\/\/www.sonoraenequipo.com.mx\/#website"},"primaryImageOfPage":{"@id":"https:\/\/www.sonoraenequipo.com.mx\/gran-recibimiento-para-la-medallista-olimpica-alejandra-valencia\/#primaryimage"},"image":{"@id":"https:\/\/www.sonoraenequipo.com.mx\/gran-recibimiento-para-la-medallista-olimpica-alejandra-valencia\/#primaryimage"},"thumbnailUrl":"https:\/\/www.sonoraenequipo.com.mx\/storage\/2021\/08\/ale-valencia-llegada.jpg","datePublished":"2021-08-04T18:42:56+00:00","dateModified":"2021-08-04T20:45:54+00:00","description":"HERMOSILLO, SONORA,MX.\u2500\u2500 Despu\u00e9s de una actuaci\u00f3n que paraliz\u00f3 a todo M\u00e9xico, y le vali\u00f3 ganar una medalla de bronce en los Juegos Ol\u00edmpicos Tokio 2020, En Sonora en Equipo publicamos toda la informaci\u00f3n de Sonora, M\u00e9xico y el Mundo de manera oportuna y busca que la libertad de expresi\u00f3n sea real. Visita nuestro medio informativo publicado desde Hermosillo, Sonora. %","breadcrumb":{"@id":"https:\/\/www.sonoraenequipo.com.mx\/gran-recibimiento-para-la-medallista-olimpica-alejandra-valencia\/#breadcrumb"},"inLanguage":"es","potentialAction":[{"@type":"ReadAction","target":["https:\/\/www.sonoraenequipo.com.mx\/gran-recibimiento-para-la-medallista-olimpica-alejandra-valencia\/"]}]},{"@type":"ImageObject","inLanguage":"es","@id":"https:\/\/www.sonoraenequipo.com.mx\/gran-recibimiento-para-la-medallista-olimpica-alejandra-valencia\/#primaryimage","url":"https:\/\/www.sonoraenequipo.com.mx\/storage\/2021\/08\/ale-valencia-llegada.jpg","contentUrl":"https:\/\/www.sonoraenequipo.com.mx\/storage\/2021\/08\/ale-valencia-llegada.jpg","width":700,"height":400},{"@type":"BreadcrumbList","@id":"https:\/\/www.sonoraenequipo.com.mx\/gran-recibimiento-para-la-medallista-olimpica-alejandra-valencia\/#breadcrumb","itemListElement":[{"@type":"ListItem","position":1,"name":"Portada","item":"https:\/\/www.sonoraenequipo.com.mx\/"},{"@type":"ListItem","position":2,"name":"Gran recibimiento para la medallista ol\u00edmpica Alejandra Valencia"}]},{"@type":"WebSite","@id":"https:\/\/www.sonoraenequipo.com.mx\/#website","url":"https:\/\/www.sonoraenequipo.com.mx\/","name":"Sonora en Equipo.","description":"Diario en l\u00ednea con Noticias desde Hermosillo, Sonora","publisher":{"@id":"https:\/\/www.sonoraenequipo.com.mx\/#organization"},"potentialAction":[{"@type":"SearchAction","target":{"@type":"EntryPoint","urlTemplate":"https:\/\/www.sonoraenequipo.com.mx\/?s={search_term_string}"},"query-input":{"@type":"PropertyValueSpecification","valueRequired":true,"valueName":"search_term_string"}}],"inLanguage":"es"},{"@type":"Organization","@id":"https:\/\/www.sonoraenequipo.com.mx\/#organization","name":"Sonoraenequipo.com.mx","url":"https:\/\/www.sonoraenequipo.com.mx\/","logo":{"@type":"ImageObject","inLanguage":"es","@id":"https:\/\/www.sonoraenequipo.com.mx\/#\/schema\/logo\/image\/","url":"https:\/\/www.sonoraenequipo.com.mx\/storage\/2019\/01\/sonoraenequipo_opt.png","contentUrl":"https:\/\/www.sonoraenequipo.com.mx\/storage\/2019\/01\/sonoraenequipo_opt.png","width":375,"height":125,"caption":"Sonoraenequipo.com.mx"},"image":{"@id":"https:\/\/www.sonoraenequipo.com.mx\/#\/schema\/logo\/image\/"},"sameAs":["https:\/\/www.facebook.com\/SonoraEE\/","https:\/\/x.com\/sonoraenequipo","https:\/\/www.youtube.com\/channel\/UC338nW-lPEYmJQs4ZABQ1SQ"]},{"@type":"Person","@id":"https:\/\/www.sonoraenequipo.com.mx\/#\/schema\/person\/50102df0fb23a8fa9e8effad8fa81386","name":"enequipo","image":{"@type":"ImageObject","inLanguage":"es","@id":"https:\/\/www.sonoraenequipo.com.mx\/#\/schema\/person\/image\/","url":"https:\/\/secure.gravatar.com\/avatar\/049821681b589dabc0bc20695993ccebb09f5b5d4d790cd9251b97faac7c652b?s=96&d=blank&r=g","contentUrl":"https:\/\/secure.gravatar.com\/avatar\/049821681b589dabc0bc20695993ccebb09f5b5d4d790cd9251b97faac7c652b?s=96&d=blank&r=g","caption":"enequipo"},"sameAs":["https:\/\/www.facebook.com\/SonoraEE"]}]}},"jetpack_featured_media_url":"https:\/\/www.sonoraenequipo.com.mx\/storage\/2021\/08\/ale-valencia-llegada.jpg","_links":{"self":[{"href":"https:\/\/www.sonoraenequipo.com.mx\/api\/wp\/v2\/posts\/119751","targetHints":{"allow":["GET"]}}],"collection":[{"href":"https:\/\/www.sonoraenequipo.com.mx\/api\/wp\/v2\/posts"}],"about":[{"href":"https:\/\/www.sonoraenequipo.com.mx\/api\/wp\/v2\/types\/post"}],"author":[{"embeddable":true,"href":"https:\/\/www.sonoraenequipo.com.mx\/api\/wp\/v2\/users\/1"}],"replies":[{"embeddable":true,"href":"https:\/\/www.sonoraenequipo.com.mx\/api\/wp\/v2\/comments?post=119751"}],"version-history":[{"count":1,"href":"https:\/\/www.sonoraenequipo.com.mx\/api\/wp\/v2\/posts\/119751\/revisions"}],"predecessor-version":[{"id":119753,"href":"https:\/\/www.sonoraenequipo.com.mx\/api\/wp\/v2\/posts\/119751\/revisions\/119753"}],"wp:featuredmedia":[{"embeddable":true,"href":"https:\/\/www.sonoraenequipo.com.mx\/api\/wp\/v2\/media\/119752"}],"wp:attachment":[{"href":"https:\/\/www.sonoraenequipo.com.mx\/api\/wp\/v2\/media?parent=119751"}],"wp:term":[{"taxonomy":"category","embeddable":true,"href":"https:\/\/www.sonoraenequipo.com.mx\/api\/wp\/v2\/categories?post=119751"},{"taxonomy":"post_tag","embeddable":true,"href":"https:\/\/www.sonoraenequipo.com.mx\/api\/wp\/v2\/tags?post=119751"}],"curies":[{"name":"wp","href":"https:\/\/api.w.org\/{rel}","templated":true}]}}