{"id":119761,"date":"2021-08-01T13:45:11","date_gmt":"2021-08-01T20:45:11","guid":{"rendered":"https:\/\/www.sonoraenequipo.com.mx\/?p=119761"},"modified":"2021-08-04T14:00:23","modified_gmt":"2021-08-04T21:00:23","slug":"notas-sueltas-vacunacion-voluntaria","status":"publish","type":"post","link":"https:\/\/www.sonoraenequipo.com.mx\/notas-sueltas-vacunacion-voluntaria\/","title":{"rendered":"NOTAS SUELTAS. Vacunaci\u00f3n voluntaria"},"content":{"rendered":"<p style=\"text-align: right;\">\u201c<em><strong>La vacunaci\u00f3n de Covid no ser\u00e1 obligatoria\u201d<\/strong><\/em> (AMLO).<\/p>\n<p>&nbsp;<\/p>\n<p>Usted podr\u00e1 decir que la vacunaci\u00f3n debe ser obligatoria, que es cosa de responsabilidad social imponer medidas para la protecci\u00f3n de los ciudadanos y las familias, que la gente no entiende, no hace caso y por eso hay que tomar medidas en\u00e9rgicas como en Francia, o como amenaza el gobierno de EEUU. S\u00ed, podr\u00e1 decir eso y m\u00e1s, pero la realidad se cuece aparte.<\/p>\n<p>&nbsp;<\/p>\n<p> <\/p>\n<p>&nbsp;<\/p>\n<p>Desde luego, la aplicaci\u00f3n de una sustancia con caracter\u00edsticas preventivas es muy importante y \u00e9ticamente recomendable por la inmunidad que genera frente al virus que nos acecha.<\/p>\n<p>&nbsp;<\/p>\n<p>Considerando lo anterior, es \u00fatil aclarar que se llama vacuna a una \u201csubstancia compuesta por una suspensi\u00f3n de microorganismos atenuados o muertos que se introduce en el organismo para prevenir y tratar determinadas enfermedades infecciosas; estimula la formaci\u00f3n de anticuerpos con lo que se consigue una inmunizaci\u00f3n contra esas enfermedades\u201d (Oxford Lenguages).<\/p>\n<p>&nbsp;<\/p>\n<p>Dicho en pocas palabras, \u201cla vacuna se administra para producir en el receptor inmunidad contra un microorganismo en particular\u201d (Prosalud.org).<\/p>\n<p>&nbsp;<\/p>\n<p>La inmunidad se define como el \u201cestado de resistencia, natural o adquirida, que poseen ciertos individuos o especies frente a determinadas acciones pat\u00f3genas de microorganismos o sustancias extra\u00f1as\u201d (Diccionario de la lengua espa\u00f1ola RAE).<\/p>\n<p>&nbsp;<\/p>\n<p>Como sabemos de viva voz de los representantes de la Secretar\u00eda de Salud (federal y estatal), la actual vacuna no evita la aparici\u00f3n de la enfermedad, no evita los contagios ni est\u00e1 plenamente demostrada su eficacia y seguridad por la sencilla raz\u00f3n de que a\u00fan est\u00e1 en fase experimental (etapa III), y que su aplicaci\u00f3n fue autorizada por tratarse de una situaci\u00f3n de emergencia mundial.<\/p>\n<p>&nbsp;<\/p>\n<p>Para decirlo en forma breve y directa, las actuales <em>\u201cvacunas\u201d<\/em> a\u00fan no re\u00fanen la caracter\u00edsticas de una substancia que se pueda llamar categ\u00f3ricamente vacuna porque, a\u00fan no son capaces de generar inmunidad aunque, al parecer, aten\u00faan los efectos de la enfermedad.<\/p>\n<p>&nbsp;<\/p>\n<p>En este caso, la vacunaci\u00f3n debe ser voluntaria e informada, porque en realidad se est\u00e1 participando en un experimento m\u00e9dico en pleno proceso que, si bien arroja resultados alentadores a\u00fan no son concluyentes.<\/p>\n<p>&nbsp;<\/p>\n<p>Quedando claro que las vacunas contra Covid-19 son experimentales, cabe recordar al lector que la Declaraci\u00f3n Universal sobre Bio\u00e9tica y Derechos Humanos de la UNESCO (en lo sucesivo Declaraci\u00f3n), establece que \u201cse habr\u00e1 de respetar la autonom\u00eda de la persona en lo que se refiere a la facultad de adoptar decisiones, asumiendo la responsabilidad de \u00e9stas y respetando la autonom\u00eda de los dem\u00e1s. Para las personas que carecen de la capacidad de ejercer su autonom\u00eda, se habr\u00e1n de tomar medidas especiales para proteger sus derechos e intereses\u201d (Art\u00edculo 5).<\/p>\n<p>&nbsp;<\/p>\n<p>Y que, \u201ctoda intervenci\u00f3n m\u00e9dica preventiva, diagn\u00f3stica y terap\u00e9utica s\u00f3lo habr\u00e1 de llevarse a cabo previo consentimiento libre e informado de la persona interesada, basado en la informaci\u00f3n adecuada. Cuando proceda, el consentimiento deber\u00eda ser expreso y la persona interesada podr\u00e1 revocarlo en todo momento y por cualquier motivo, sin que esto entra\u00f1e para ella desventaja o perjuicio alguno\u201d (Art\u00edculo 6).<\/p>\n<p>&nbsp;<\/p>\n<p>Es decir, gracias a las gestiones del gobierno tenemos acceso a una vacuna en fase experimental cuya aplicaci\u00f3n debe ser, por razones \u00e9ticas y legales, totalmente voluntaria, sin que las personas que decidan abstenerse de su aplicaci\u00f3n sean se\u00f1aladas, discriminadas, atacadas y objeto de coacci\u00f3n por parte de alguna entidad p\u00fablica o privada.<\/p>\n<p>&nbsp;<\/p>\n<p>Al respecto, la Declaraci\u00f3n se\u00f1ala que \u201cning\u00fan individuo o grupo deber\u00eda ser sometido por ning\u00fan motivo, en violaci\u00f3n de la dignidad humana, los derechos humanos y las libertades fundamentales, a discriminaci\u00f3n o estigmatizaci\u00f3n alguna\u201d (Art\u00edculo 11).<\/p>\n<p>&nbsp;<\/p>\n<p>De acuerdo con lo anterior, es de esperar que el Ayuntamiento o el Estado no rebasen el l\u00edmite de sus competencias, que act\u00faen en beneficio de la sociedad con absoluto respeto a los Derechos Humanos y que se peguen a las normas \u00e9ticas y morales admitidas en el plano nacional y mundial.<\/p>\n<p>&nbsp;<\/p>\n<p>Recordemos que por convicci\u00f3n humanitaria nuestro pa\u00eds est\u00e1 suscrito al Convenio para la Protecci\u00f3n de los Derechos Humanos y la Dignidad del Ser Humano, con respecto a las aplicaciones de la biolog\u00eda y la medicina.<\/p>\n<p>&nbsp;<\/p>\n<p>En un contexto de emergencia sanitaria se corre el riesgo de ceder al impulso de imitar medidas absurdas o francamente autoritarias anunciadas o emprendidas por parte de gobiernos extranjeros.<\/p>\n<p>&nbsp;<\/p>\n<p>No dejemos que el miedo y la ignorancia den paso a acciones violatorias de los derechos y la dignidad de los ciudadanos y sigamos atendiendo las recomendaciones que, desde el inicio, dictaron las autoridades responsables.<\/p>\n<p>&nbsp;<\/p>\n<p><a href=\"http:\/\/jdarredondo.blogspot.com\"><strong>http:\/\/jdarredondo.blogspot.com<\/strong><\/a><\/p>\n<p>&nbsp;<\/p>\n<p>&nbsp;<\/p>\n<p>(Publicada el 04\/08\/2021)<\/p>\n","protected":false},"excerpt":{"rendered":"<p>\u201cLa vacunaci\u00f3n de Covid no ser\u00e1 obligatoria\u201d (AMLO). &nbsp; Usted podr\u00e1 decir que la vacunaci\u00f3n&#8230;<\/p>\n","protected":false},"author":8,"featured_media":119762,"comment_status":"open","ping_status":"open","sticky":false,"template":"","format":"standard","meta":{"_monsterinsights_skip_tracking":false,"_monsterinsights_sitenote_active":false,"_monsterinsights_sitenote_note":"","_monsterinsights_sitenote_category":0,"footnotes":""},"categories":[14],"tags":[],"class_list":["post"],"yoast_head":" \n<title>Sonora en Equipo. NOTAS SUELTAS. Vacunaci\u00f3n voluntaria Voces<\/title>\n<meta name=\"description\" content=\"\u201cLa vacunaci\u00f3n de Covid no ser\u00e1 obligatoria\u201d (AMLO). &nbsp; Usted podr\u00e1 decir que la vacunaci\u00f3n debe ser obligatoria, que es cosa de responsabilidad En Sonora en Equipo publicamos toda la informaci\u00f3n de Sonora, M\u00e9xico y el Mundo de manera oportuna y busca que la libertad de expresi\u00f3n sea real. Visita nuestro medio informativo publicado desde Hermosillo, Sonora. %\" \/>\n<meta name=\"robots\" content=\"index, follow, max-snippet:-1, max-image-preview:large, max-video-preview:-1\" \/>\n<link rel=\"canonical\" href=\"https:\/\/www.sonoraenequipo.com.mx\/notas-sueltas-vacunacion-voluntaria\/\" \/>\n<meta property=\"og:locale\" content=\"es_ES\" \/>\n<meta property=\"og:type\" content=\"article\" \/>\n<meta property=\"og:title\" content=\"Sonora en Equipo. NOTAS SUELTAS. Vacunaci\u00f3n voluntaria Voces\" \/>\n<meta property=\"og:description\" content=\"\u201cLa vacunaci\u00f3n de Covid no ser\u00e1 obligatoria\u201d (AMLO). &nbsp; Usted podr\u00e1 decir que la vacunaci\u00f3n debe ser obligatoria, que es cosa de responsabilidad En Sonora en Equipo publicamos toda la informaci\u00f3n de Sonora, M\u00e9xico y el Mundo de manera oportuna y busca que la libertad de expresi\u00f3n sea real. Visita nuestro medio informativo publicado desde Hermosillo, Sonora. %\" \/>\n<meta property=\"og:url\" content=\"https:\/\/www.sonoraenequipo.com.mx\/notas-sueltas-vacunacion-voluntaria\/\" \/>\n<meta property=\"og:site_name\" content=\"Sonora en Equipo.\" \/>\n<meta property=\"article:publisher\" content=\"https:\/\/www.facebook.com\/SonoraEE\/\" \/>\n<meta property=\"article:published_time\" content=\"2021-08-01T20:45:11+00:00\" \/>\n<meta property=\"article:modified_time\" content=\"2021-08-04T21:00:23+00:00\" \/>\n<meta property=\"og:image\" content=\"https:\/\/www.sonoraenequipo.com.mx\/storage\/2021\/08\/hombre-vacuna_opt.jpg\" \/>\n\t<meta property=\"og:image:width\" content=\"700\" \/>\n\t<meta property=\"og:image:height\" content=\"400\" \/>\n\t<meta property=\"og:image:type\" content=\"image\/jpeg\" \/>\n<meta name=\"author\" content=\"Jos\u00e9 Dar\u00edo Arredondo L\u00f3pez\" \/>\n<meta name=\"twitter:card\" content=\"summary_large_image\" \/>\n<meta name=\"twitter:creator\" content=\"@sonoraenequipo\" \/>\n<meta name=\"twitter:site\" content=\"@sonoraenequipo\" \/>\n<meta name=\"twitter:label1\" content=\"Escrito por\" \/>\n\t<meta name=\"twitter:data1\" content=\"Jos\u00e9 Dar\u00edo Arredondo L\u00f3pez\" \/>\n\t<meta name=\"twitter:label2\" content=\"Tiempo de lectura\" \/>\n\t<meta name=\"twitter:data2\" content=\"4 minutos\" \/>\n<script type=\"application\/ld+json\" class=\"yoast-schema-graph\">{\"@context\":\"https:\/\/schema.org\",\"@graph\":[{\"@type\":\"Article\",\"@id\":\"https:\/\/www.sonoraenequipo.com.mx\/notas-sueltas-vacunacion-voluntaria\/#article\",\"isPartOf\":{\"@id\":\"https:\/\/www.sonoraenequipo.com.mx\/notas-sueltas-vacunacion-voluntaria\/\"},\"author\":{\"name\":\"Jos\u00e9 Dar\u00edo Arredondo L\u00f3pez\",\"@id\":\"https:\/\/www.sonoraenequipo.com.mx\/#\/schema\/person\/b2f7d4b3e5504aad00b5aca5d6793968\"},\"headline\":\"NOTAS SUELTAS. Vacunaci\u00f3n voluntaria\",\"datePublished\":\"2021-08-01T20:45:11+00:00\",\"dateModified\":\"2021-08-04T21:00:23+00:00\",\"mainEntityOfPage\":{\"@id\":\"https:\/\/www.sonoraenequipo.com.mx\/notas-sueltas-vacunacion-voluntaria\/\"},\"wordCount\":829,\"commentCount\":0,\"publisher\":{\"@id\":\"https:\/\/www.sonoraenequipo.com.mx\/#organization\"},\"image\":{\"@id\":\"https:\/\/www.sonoraenequipo.com.mx\/notas-sueltas-vacunacion-voluntaria\/#primaryimage\"},\"thumbnailUrl\":\"https:\/\/www.sonoraenequipo.com.mx\/storage\/2021\/08\/hombre-vacuna_opt.jpg\",\"articleSection\":[\"Voces\"],\"inLanguage\":\"es\",\"potentialAction\":[{\"@type\":\"CommentAction\",\"name\":\"Comment\",\"target\":[\"https:\/\/www.sonoraenequipo.com.mx\/notas-sueltas-vacunacion-voluntaria\/#respond\"]}]},{\"@type\":\"WebPage\",\"@id\":\"https:\/\/www.sonoraenequipo.com.mx\/notas-sueltas-vacunacion-voluntaria\/\",\"url\":\"https:\/\/www.sonoraenequipo.com.mx\/notas-sueltas-vacunacion-voluntaria\/\",\"name\":\"Sonora en Equipo. NOTAS SUELTAS. Vacunaci\u00f3n voluntaria Voces\",\"isPartOf\":{\"@id\":\"https:\/\/www.sonoraenequipo.com.mx\/#website\"},\"primaryImageOfPage\":{\"@id\":\"https:\/\/www.sonoraenequipo.com.mx\/notas-sueltas-vacunacion-voluntaria\/#primaryimage\"},\"image\":{\"@id\":\"https:\/\/www.sonoraenequipo.com.mx\/notas-sueltas-vacunacion-voluntaria\/#primaryimage\"},\"thumbnailUrl\":\"https:\/\/www.sonoraenequipo.com.mx\/storage\/2021\/08\/hombre-vacuna_opt.jpg\",\"datePublished\":\"2021-08-01T20:45:11+00:00\",\"dateModified\":\"2021-08-04T21:00:23+00:00\",\"description\":\"\u201cLa vacunaci\u00f3n de Covid no ser\u00e1 obligatoria\u201d (AMLO). &nbsp; Usted podr\u00e1 decir que la vacunaci\u00f3n debe ser obligatoria, que es cosa de responsabilidad En Sonora en Equipo publicamos toda la informaci\u00f3n de Sonora, M\u00e9xico y el Mundo de manera oportuna y busca que la libertad de expresi\u00f3n sea real. Visita nuestro medio informativo publicado desde Hermosillo, Sonora. %\",\"breadcrumb\":{\"@id\":\"https:\/\/www.sonoraenequipo.com.mx\/notas-sueltas-vacunacion-voluntaria\/#breadcrumb\"},\"inLanguage\":\"es\",\"potentialAction\":[{\"@type\":\"ReadAction\",\"target\":[\"https:\/\/www.sonoraenequipo.com.mx\/notas-sueltas-vacunacion-voluntaria\/\"]}]},{\"@type\":\"ImageObject\",\"inLanguage\":\"es\",\"@id\":\"https:\/\/www.sonoraenequipo.com.mx\/notas-sueltas-vacunacion-voluntaria\/#primaryimage\",\"url\":\"https:\/\/www.sonoraenequipo.com.mx\/storage\/2021\/08\/hombre-vacuna_opt.jpg\",\"contentUrl\":\"https:\/\/www.sonoraenequipo.com.mx\/storage\/2021\/08\/hombre-vacuna_opt.jpg\",\"width\":700,\"height\":400},{\"@type\":\"BreadcrumbList\",\"@id\":\"https:\/\/www.sonoraenequipo.com.mx\/notas-sueltas-vacunacion-voluntaria\/#breadcrumb\",\"itemListElement\":[{\"@type\":\"ListItem\",\"position\":1,\"name\":\"Portada\",\"item\":\"https:\/\/www.sonoraenequipo.com.mx\/\"},{\"@type\":\"ListItem\",\"position\":2,\"name\":\"NOTAS SUELTAS. Vacunaci\u00f3n voluntaria\"}]},{\"@type\":\"WebSite\",\"@id\":\"https:\/\/www.sonoraenequipo.com.mx\/#website\",\"url\":\"https:\/\/www.sonoraenequipo.com.mx\/\",\"name\":\"Sonora en Equipo.\",\"description\":\"Diario en l\u00ednea con Noticias desde Hermosillo, Sonora\",\"publisher\":{\"@id\":\"https:\/\/www.sonoraenequipo.com.mx\/#organization\"},\"potentialAction\":[{\"@type\":\"SearchAction\",\"target\":{\"@type\":\"EntryPoint\",\"urlTemplate\":\"https:\/\/www.sonoraenequipo.com.mx\/?s={search_term_string}\"},\"query-input\":{\"@type\":\"PropertyValueSpecification\",\"valueRequired\":true,\"valueName\":\"search_term_string\"}}],\"inLanguage\":\"es\"},{\"@type\":\"Organization\",\"@id\":\"https:\/\/www.sonoraenequipo.com.mx\/#organization\",\"name\":\"Sonoraenequipo.com.mx\",\"url\":\"https:\/\/www.sonoraenequipo.com.mx\/\",\"logo\":{\"@type\":\"ImageObject\",\"inLanguage\":\"es\",\"@id\":\"https:\/\/www.sonoraenequipo.com.mx\/#\/schema\/logo\/image\/\",\"url\":\"https:\/\/www.sonoraenequipo.com.mx\/storage\/2019\/01\/sonoraenequipo_opt.png\",\"contentUrl\":\"https:\/\/www.sonoraenequipo.com.mx\/storage\/2019\/01\/sonoraenequipo_opt.png\",\"width\":375,\"height\":125,\"caption\":\"Sonoraenequipo.com.mx\"},\"image\":{\"@id\":\"https:\/\/www.sonoraenequipo.com.mx\/#\/schema\/logo\/image\/\"},\"sameAs\":[\"https:\/\/www.facebook.com\/SonoraEE\/\",\"https:\/\/x.com\/sonoraenequipo\",\"https:\/\/www.youtube.com\/channel\/UC338nW-lPEYmJQs4ZABQ1SQ\"]},{\"@type\":\"Person\",\"@id\":\"https:\/\/www.sonoraenequipo.com.mx\/#\/schema\/person\/b2f7d4b3e5504aad00b5aca5d6793968\",\"name\":\"Jos\u00e9 Dar\u00edo Arredondo L\u00f3pez\",\"image\":{\"@type\":\"ImageObject\",\"inLanguage\":\"es\",\"@id\":\"https:\/\/www.sonoraenequipo.com.mx\/#\/schema\/person\/image\/\",\"url\":\"https:\/\/secure.gravatar.com\/avatar\/f2045d0fa3f125a8f9d8560826b10fdcf77b66c7124667565c680e91be13a925?s=96&d=blank&r=g\",\"contentUrl\":\"https:\/\/secure.gravatar.com\/avatar\/f2045d0fa3f125a8f9d8560826b10fdcf77b66c7124667565c680e91be13a925?s=96&d=blank&r=g\",\"caption\":\"Jos\u00e9 Dar\u00edo Arredondo L\u00f3pez\"},\"sameAs\":[\"http:\/\/sonoraenequipo.com.mx\"]}]}<\/script>\n ","yoast_head_json":{"title":"Sonora en Equipo. NOTAS SUELTAS. Vacunaci\u00f3n voluntaria Voces","description":"\u201cLa vacunaci\u00f3n de Covid no ser\u00e1 obligatoria\u201d (AMLO). &nbsp; Usted podr\u00e1 decir que la vacunaci\u00f3n debe ser obligatoria, que es cosa de responsabilidad En Sonora en Equipo publicamos toda la informaci\u00f3n de Sonora, M\u00e9xico y el Mundo de manera oportuna y busca que la libertad de expresi\u00f3n sea real. Visita nuestro medio informativo publicado desde Hermosillo, Sonora. %","robots":{"index":"index","follow":"follow","max-snippet":"max-snippet:-1","max-image-preview":"max-image-preview:large","max-video-preview":"max-video-preview:-1"},"canonical":"https:\/\/www.sonoraenequipo.com.mx\/notas-sueltas-vacunacion-voluntaria\/","og_locale":"es_ES","og_type":"article","og_title":"Sonora en Equipo. NOTAS SUELTAS. Vacunaci\u00f3n voluntaria Voces","og_description":"\u201cLa vacunaci\u00f3n de Covid no ser\u00e1 obligatoria\u201d (AMLO). &nbsp; Usted podr\u00e1 decir que la vacunaci\u00f3n debe ser obligatoria, que es cosa de responsabilidad En Sonora en Equipo publicamos toda la informaci\u00f3n de Sonora, M\u00e9xico y el Mundo de manera oportuna y busca que la libertad de expresi\u00f3n sea real. Visita nuestro medio informativo publicado desde Hermosillo, Sonora. %","og_url":"https:\/\/www.sonoraenequipo.com.mx\/notas-sueltas-vacunacion-voluntaria\/","og_site_name":"Sonora en Equipo.","article_publisher":"https:\/\/www.facebook.com\/SonoraEE\/","article_published_time":"2021-08-01T20:45:11+00:00","article_modified_time":"2021-08-04T21:00:23+00:00","og_image":[{"width":700,"height":400,"url":"https:\/\/www.sonoraenequipo.com.mx\/storage\/2021\/08\/hombre-vacuna_opt.jpg","type":"image\/jpeg"}],"author":"Jos\u00e9 Dar\u00edo Arredondo L\u00f3pez","twitter_card":"summary_large_image","twitter_creator":"@sonoraenequipo","twitter_site":"@sonoraenequipo","twitter_misc":{"Escrito por":"Jos\u00e9 Dar\u00edo Arredondo L\u00f3pez","Tiempo de lectura":"4 minutos"},"schema":{"@context":"https:\/\/schema.org","@graph":[{"@type":"Article","@id":"https:\/\/www.sonoraenequipo.com.mx\/notas-sueltas-vacunacion-voluntaria\/#article","isPartOf":{"@id":"https:\/\/www.sonoraenequipo.com.mx\/notas-sueltas-vacunacion-voluntaria\/"},"author":{"name":"Jos\u00e9 Dar\u00edo Arredondo L\u00f3pez","@id":"https:\/\/www.sonoraenequipo.com.mx\/#\/schema\/person\/b2f7d4b3e5504aad00b5aca5d6793968"},"headline":"NOTAS SUELTAS. Vacunaci\u00f3n voluntaria","datePublished":"2021-08-01T20:45:11+00:00","dateModified":"2021-08-04T21:00:23+00:00","mainEntityOfPage":{"@id":"https:\/\/www.sonoraenequipo.com.mx\/notas-sueltas-vacunacion-voluntaria\/"},"wordCount":829,"commentCount":0,"publisher":{"@id":"https:\/\/www.sonoraenequipo.com.mx\/#organization"},"image":{"@id":"https:\/\/www.sonoraenequipo.com.mx\/notas-sueltas-vacunacion-voluntaria\/#primaryimage"},"thumbnailUrl":"https:\/\/www.sonoraenequipo.com.mx\/storage\/2021\/08\/hombre-vacuna_opt.jpg","articleSection":["Voces"],"inLanguage":"es","potentialAction":[{"@type":"CommentAction","name":"Comment","target":["https:\/\/www.sonoraenequipo.com.mx\/notas-sueltas-vacunacion-voluntaria\/#respond"]}]},{"@type":"WebPage","@id":"https:\/\/www.sonoraenequipo.com.mx\/notas-sueltas-vacunacion-voluntaria\/","url":"https:\/\/www.sonoraenequipo.com.mx\/notas-sueltas-vacunacion-voluntaria\/","name":"Sonora en Equipo. NOTAS SUELTAS. Vacunaci\u00f3n voluntaria Voces","isPartOf":{"@id":"https:\/\/www.sonoraenequipo.com.mx\/#website"},"primaryImageOfPage":{"@id":"https:\/\/www.sonoraenequipo.com.mx\/notas-sueltas-vacunacion-voluntaria\/#primaryimage"},"image":{"@id":"https:\/\/www.sonoraenequipo.com.mx\/notas-sueltas-vacunacion-voluntaria\/#primaryimage"},"thumbnailUrl":"https:\/\/www.sonoraenequipo.com.mx\/storage\/2021\/08\/hombre-vacuna_opt.jpg","datePublished":"2021-08-01T20:45:11+00:00","dateModified":"2021-08-04T21:00:23+00:00","description":"\u201cLa vacunaci\u00f3n de Covid no ser\u00e1 obligatoria\u201d (AMLO). &nbsp; Usted podr\u00e1 decir que la vacunaci\u00f3n debe ser obligatoria, que es cosa de responsabilidad En Sonora en Equipo publicamos toda la informaci\u00f3n de Sonora, M\u00e9xico y el Mundo de manera oportuna y busca que la libertad de expresi\u00f3n sea real. Visita nuestro medio informativo publicado desde Hermosillo, Sonora. %","breadcrumb":{"@id":"https:\/\/www.sonoraenequipo.com.mx\/notas-sueltas-vacunacion-voluntaria\/#breadcrumb"},"inLanguage":"es","potentialAction":[{"@type":"ReadAction","target":["https:\/\/www.sonoraenequipo.com.mx\/notas-sueltas-vacunacion-voluntaria\/"]}]},{"@type":"ImageObject","inLanguage":"es","@id":"https:\/\/www.sonoraenequipo.com.mx\/notas-sueltas-vacunacion-voluntaria\/#primaryimage","url":"https:\/\/www.sonoraenequipo.com.mx\/storage\/2021\/08\/hombre-vacuna_opt.jpg","contentUrl":"https:\/\/www.sonoraenequipo.com.mx\/storage\/2021\/08\/hombre-vacuna_opt.jpg","width":700,"height":400},{"@type":"BreadcrumbList","@id":"https:\/\/www.sonoraenequipo.com.mx\/notas-sueltas-vacunacion-voluntaria\/#breadcrumb","itemListElement":[{"@type":"ListItem","position":1,"name":"Portada","item":"https:\/\/www.sonoraenequipo.com.mx\/"},{"@type":"ListItem","position":2,"name":"NOTAS SUELTAS. Vacunaci\u00f3n voluntaria"}]},{"@type":"WebSite","@id":"https:\/\/www.sonoraenequipo.com.mx\/#website","url":"https:\/\/www.sonoraenequipo.com.mx\/","name":"Sonora en Equipo.","description":"Diario en l\u00ednea con Noticias desde Hermosillo, Sonora","publisher":{"@id":"https:\/\/www.sonoraenequipo.com.mx\/#organization"},"potentialAction":[{"@type":"SearchAction","target":{"@type":"EntryPoint","urlTemplate":"https:\/\/www.sonoraenequipo.com.mx\/?s={search_term_string}"},"query-input":{"@type":"PropertyValueSpecification","valueRequired":true,"valueName":"search_term_string"}}],"inLanguage":"es"},{"@type":"Organization","@id":"https:\/\/www.sonoraenequipo.com.mx\/#organization","name":"Sonoraenequipo.com.mx","url":"https:\/\/www.sonoraenequipo.com.mx\/","logo":{"@type":"ImageObject","inLanguage":"es","@id":"https:\/\/www.sonoraenequipo.com.mx\/#\/schema\/logo\/image\/","url":"https:\/\/www.sonoraenequipo.com.mx\/storage\/2019\/01\/sonoraenequipo_opt.png","contentUrl":"https:\/\/www.sonoraenequipo.com.mx\/storage\/2019\/01\/sonoraenequipo_opt.png","width":375,"height":125,"caption":"Sonoraenequipo.com.mx"},"image":{"@id":"https:\/\/www.sonoraenequipo.com.mx\/#\/schema\/logo\/image\/"},"sameAs":["https:\/\/www.facebook.com\/SonoraEE\/","https:\/\/x.com\/sonoraenequipo","https:\/\/www.youtube.com\/channel\/UC338nW-lPEYmJQs4ZABQ1SQ"]},{"@type":"Person","@id":"https:\/\/www.sonoraenequipo.com.mx\/#\/schema\/person\/b2f7d4b3e5504aad00b5aca5d6793968","name":"Jos\u00e9 Dar\u00edo Arredondo L\u00f3pez","image":{"@type":"ImageObject","inLanguage":"es","@id":"https:\/\/www.sonoraenequipo.com.mx\/#\/schema\/person\/image\/","url":"https:\/\/secure.gravatar.com\/avatar\/f2045d0fa3f125a8f9d8560826b10fdcf77b66c7124667565c680e91be13a925?s=96&d=blank&r=g","contentUrl":"https:\/\/secure.gravatar.com\/avatar\/f2045d0fa3f125a8f9d8560826b10fdcf77b66c7124667565c680e91be13a925?s=96&d=blank&r=g","caption":"Jos\u00e9 Dar\u00edo Arredondo L\u00f3pez"},"sameAs":["http:\/\/sonoraenequipo.com.mx"]}]}},"jetpack_featured_media_url":"https:\/\/www.sonoraenequipo.com.mx\/storage\/2021\/08\/hombre-vacuna_opt.jpg","_links":{"self":[{"href":"https:\/\/www.sonoraenequipo.com.mx\/api\/wp\/v2\/posts\/119761","targetHints":{"allow":["GET"]}}],"collection":[{"href":"https:\/\/www.sonoraenequipo.com.mx\/api\/wp\/v2\/posts"}],"about":[{"href":"https:\/\/www.sonoraenequipo.com.mx\/api\/wp\/v2\/types\/post"}],"author":[{"embeddable":true,"href":"https:\/\/www.sonoraenequipo.com.mx\/api\/wp\/v2\/users\/8"}],"replies":[{"embeddable":true,"href":"https:\/\/www.sonoraenequipo.com.mx\/api\/wp\/v2\/comments?post=119761"}],"version-history":[{"count":1,"href":"https:\/\/www.sonoraenequipo.com.mx\/api\/wp\/v2\/posts\/119761\/revisions"}],"predecessor-version":[{"id":119763,"href":"https:\/\/www.sonoraenequipo.com.mx\/api\/wp\/v2\/posts\/119761\/revisions\/119763"}],"wp:featuredmedia":[{"embeddable":true,"href":"https:\/\/www.sonoraenequipo.com.mx\/api\/wp\/v2\/media\/119762"}],"wp:attachment":[{"href":"https:\/\/www.sonoraenequipo.com.mx\/api\/wp\/v2\/media?parent=119761"}],"wp:term":[{"taxonomy":"category","embeddable":true,"href":"https:\/\/www.sonoraenequipo.com.mx\/api\/wp\/v2\/categories?post=119761"},{"taxonomy":"post_tag","embeddable":true,"href":"https:\/\/www.sonoraenequipo.com.mx\/api\/wp\/v2\/tags?post=119761"}],"curies":[{"name":"wp","href":"https:\/\/api.w.org\/{rel}","templated":true}]}}