{"id":119764,"date":"2021-08-04T14:10:48","date_gmt":"2021-08-04T21:10:48","guid":{"rendered":"https:\/\/www.sonoraenequipo.com.mx\/?p=119764"},"modified":"2021-08-04T14:10:48","modified_gmt":"2021-08-04T21:10:48","slug":"demanda-mexico-en-eu-a-fabricantes-de-armas","status":"publish","type":"post","link":"https:\/\/www.sonoraenequipo.com.mx\/demanda-mexico-en-eu-a-fabricantes-de-armas\/","title":{"rendered":"Demanda M\u00e9xico en EU a fabricantes de armas"},"content":{"rendered":"<p>CIUDAD DE M\u00c9XICO. MX. \u2014 M\u00e9xico present\u00f3 este mi\u00e9rcoles ante una corte federal de Estados Unidos una demanda en contra del comercio negligente e il\u00edcito de armas en aquel pa\u00eds. Se trata de un litigio que busca que los productores de armas asuman una responsabilidad para prevenir el tr\u00e1fico de armas a M\u00e9xico.<\/p>\n<p>&nbsp;<\/p>\n<p> <\/p>\n<p>&nbsp;<\/p>\n<p>Un d\u00eda despu\u00e9s del segundo aniversario del tiroteo en un Walmart de El Paso, Texas, que dej\u00f3 23 muertos, muchos de ellos mexicanos, el canciller Marcelo Ebrard expuso en una ceremonia transmitida en l\u00ednea que con esta demanda la Secretar\u00eda de Relaciones Exteriores busca que las empresas demandadas compensen al gobierno de M\u00e9xico por los da\u00f1os causados por sus pr\u00e1cticas negligentes por un monto que ser\u00e1 determinado en el juicio.<\/p>\n<p>Se busca \u201c<em>que las empresas cesen de inmediato las pr\u00e1cticas negligentes que ocasionan da\u00f1o en M\u00e9xico, que ocasionan muertes en M\u00e9xico\u201d,<\/em> dijo Ebrard.<\/p>\n<p>&nbsp;<\/p>\n<p>Tambi\u00e9n se busca que los productores de armas desarrollen e implementen est\u00e1ndares razonables para monitorear y, en su caso, disciplinar a sus distribuidores que participan en el tr\u00e1fico de armas a M\u00e9xico. <em>\u201cLas empresas saben esto. Argumentan que cuando sus productos salen a venta y a comercializaci\u00f3n ellos ya no tienen ninguna responsabilidad, pero s\u00ed la tienen. Por supuesto que tienen la informaci\u00f3n precisa de quien compra armamento pesado\u201d.<\/em><\/p>\n<p>&nbsp;<\/p>\n<p>&nbsp;<\/p>\n<p>Se\u00f1al\u00f3 que adem\u00e1s los productores de armas desarrollan armamento para el narco. Hay armas, dijo, \u201c<em>hechas para eso, para que las compren. Son m\u00e1s valiosas, tienen diferentes tipos de arreglos, desde el punto de vista est\u00e9tico y de uso. Esto es parte de la demanda\u201d,<\/em> dijo.<\/p>\n<p>&nbsp;<\/p>\n<p>Tambi\u00e9n se exige que los fabricantes incorporen mecanismos de seguridad en las armas para prevenir que sean usadas por personas no autorizadas o vinculadas a la delincuencia; que paguen estudios y campa\u00f1as en medios enfocadas para prevenir el tr\u00e1fico il\u00edcito de armas.<\/p>\n<p>&nbsp;<\/p>\n<p>Se\u00f1al\u00f3 que esta demanda no sustituye otros esfuerzos que se est\u00e1n haciendo y que se deben continuar.<em> \u201cM\u00e9xico debe hacer m\u00e1s y mejor para controlar su frontera, tenemos que pensar en otro tipo de supervisi\u00f3n en la frontera y en eso estamos\u201d.<\/em><\/p>\n<p>&nbsp;<\/p>\n<p>A\u00f1adi\u00f3 que<em> \u201csin una demanda como esta y si no la ganamos, no van a entender y vamos a seguir viendo lo mismo, vamos a seguir teniendo muertos todos los d\u00edas en nuestro pa\u00eds\u201d.<\/em><\/p>\n<p>&nbsp;<\/p>\n<p>Asegur\u00f3 que M\u00e9xico conf\u00eda en la calidad de los argumentos legales que est\u00e1 presentado y confi\u00f3 en que se ganar\u00e1 el litigio.<\/p>\n<p>&nbsp;<\/p>\n<p>Los abogados responsables del litigio, Alejandro Celorio Alc\u00e1ntara, consultor jur\u00eddico de la SRE, y Steve Shadowen, del despacho Shadowen PLLC, explicaron que la demanda en materia civil fue presentada ante un tribunal de Boston, Massachusetts.<\/p>\n<p>&nbsp;<\/p>\n<p>Se\u00f1alaron que se busca remediar con este litigio es que los productores de armas tomen medidas para evitar el tr\u00e1fico de armas.<\/p>\n<p>&nbsp;<\/p>\n<p><em>\u201cEllos no tienen ning\u00fan cuidado que uno esperar\u00eda que cualquier productor de cualquier otro producto tome\u201d<\/em>, dijo Shadowen.<\/p>\n<p>&nbsp;<\/p>\n<p><em>\u201cEs un litigio estrat\u00e9gico\u201d<\/em>, expuso. <em>\u201cHemos analizado y visto que es lo que no se ha hecho y se deber\u00eda hacer. Hemos decidido que lo que hace falta son los productores y distribuidores de armas. Ellos tienen informaci\u00f3n y datos en tiempo real de qui\u00e9nes est\u00e1n comprando las armas. Ellos saben qu\u00e9 distribuidor dentro de su red son los problem\u00e1ticos. El gobierno de M\u00e9xico no conoce esta informaci\u00f3n, tampoco el de Estados Unidos. Consideraron que los gobiernos de Estados Unidos y de M\u00e9xico est\u00e1n haciendo su trabajo para atender este problema, pero que los productores de armas no\u201d.<\/em><\/p>\n<p>&nbsp;<\/p>\n<p>El senador Ricardo Monreal dijo que la demanda \u201ces un hecho sin precedentes\u201d. Con esta demanda, dijo,<em> \u201cse busca la reparaci\u00f3n del da\u00f1o, pero tambi\u00e9n evitar que se siga generando esta tragedia que M\u00e9xico vive. Estoy seguro de que muchos de nuestros problemas en materia de violencia son provocados por el uso ilegal y la introducci\u00f3n ilegal de armas a nuestro pa\u00eds\u201d.<\/em><\/p>\n<p>&nbsp;<\/p>\n<p>&nbsp;<\/p>\n<p>(Publicada el 04\/08\/2021 \/Con Arturo S\u00e1nchez Jim\u00e9nez\/LAJORNADA)<\/p>\n","protected":false},"excerpt":{"rendered":"<p>CIUDAD DE M\u00c9XICO. MX. \u2014 M\u00e9xico present\u00f3 este mi\u00e9rcoles ante una corte federal de Estados&#8230;<\/p>\n","protected":false},"author":1,"featured_media":119767,"comment_status":"open","ping_status":"open","sticky":false,"template":"","format":"standard","meta":{"_monsterinsights_skip_tracking":false,"_monsterinsights_sitenote_active":false,"_monsterinsights_sitenote_note":"","_monsterinsights_sitenote_category":0,"footnotes":""},"categories":[3],"tags":[],"class_list":["post"],"yoast_head":" \n<title>Sonora en Equipo. Demanda M\u00e9xico en EU a fabricantes de armas MUNDO<\/title>\n<meta name=\"description\" content=\"CIUDAD DE M\u00c9XICO. MX. \u2014 M\u00e9xico present\u00f3 este mi\u00e9rcoles ante una corte federal de Estados Unidos una demanda en contra del comercio negligente e il\u00edcito de En Sonora en Equipo publicamos toda la informaci\u00f3n de Sonora, M\u00e9xico y el Mundo de manera oportuna y busca que la libertad de expresi\u00f3n sea real. Visita nuestro medio informativo publicado desde Hermosillo, Sonora. %\" \/>\n<meta name=\"robots\" content=\"index, follow, max-snippet:-1, max-image-preview:large, max-video-preview:-1\" \/>\n<link rel=\"canonical\" href=\"https:\/\/www.sonoraenequipo.com.mx\/demanda-mexico-en-eu-a-fabricantes-de-armas\/\" \/>\n<meta property=\"og:locale\" content=\"es_ES\" \/>\n<meta property=\"og:type\" content=\"article\" \/>\n<meta property=\"og:title\" content=\"Sonora en Equipo. Demanda M\u00e9xico en EU a fabricantes de armas MUNDO\" \/>\n<meta property=\"og:description\" content=\"CIUDAD DE M\u00c9XICO. MX. \u2014 M\u00e9xico present\u00f3 este mi\u00e9rcoles ante una corte federal de Estados Unidos una demanda en contra del comercio negligente e il\u00edcito de En Sonora en Equipo publicamos toda la informaci\u00f3n de Sonora, M\u00e9xico y el Mundo de manera oportuna y busca que la libertad de expresi\u00f3n sea real. Visita nuestro medio informativo publicado desde Hermosillo, Sonora. %\" \/>\n<meta property=\"og:url\" content=\"https:\/\/www.sonoraenequipo.com.mx\/demanda-mexico-en-eu-a-fabricantes-de-armas\/\" \/>\n<meta property=\"og:site_name\" content=\"Sonora en Equipo.\" \/>\n<meta property=\"article:publisher\" content=\"https:\/\/www.facebook.com\/SonoraEE\/\" \/>\n<meta property=\"article:author\" content=\"https:\/\/www.facebook.com\/SonoraEE\" \/>\n<meta property=\"article:published_time\" content=\"2021-08-04T21:10:48+00:00\" \/>\n<meta property=\"og:image\" content=\"https:\/\/www.sonoraenequipo.com.mx\/storage\/2021\/08\/venta-de-armas_opt.jpg\" \/>\n\t<meta property=\"og:image:width\" content=\"700\" \/>\n\t<meta property=\"og:image:height\" content=\"400\" \/>\n\t<meta property=\"og:image:type\" content=\"image\/jpeg\" \/>\n<meta name=\"author\" content=\"enequipo\" \/>\n<meta name=\"twitter:card\" content=\"summary_large_image\" \/>\n<meta name=\"twitter:creator\" content=\"@sonoraenequipo\" \/>\n<meta name=\"twitter:site\" content=\"@sonoraenequipo\" \/>\n<meta name=\"twitter:label1\" content=\"Escrito por\" \/>\n\t<meta name=\"twitter:data1\" content=\"enequipo\" \/>\n\t<meta name=\"twitter:label2\" content=\"Tiempo de lectura\" \/>\n\t<meta name=\"twitter:data2\" content=\"3 minutos\" \/>\n<script type=\"application\/ld+json\" class=\"yoast-schema-graph\">{\"@context\":\"https:\/\/schema.org\",\"@graph\":[{\"@type\":\"Article\",\"@id\":\"https:\/\/www.sonoraenequipo.com.mx\/demanda-mexico-en-eu-a-fabricantes-de-armas\/#article\",\"isPartOf\":{\"@id\":\"https:\/\/www.sonoraenequipo.com.mx\/demanda-mexico-en-eu-a-fabricantes-de-armas\/\"},\"author\":{\"name\":\"enequipo\",\"@id\":\"https:\/\/www.sonoraenequipo.com.mx\/#\/schema\/person\/50102df0fb23a8fa9e8effad8fa81386\"},\"headline\":\"Demanda M\u00e9xico en EU a fabricantes de armas\",\"datePublished\":\"2021-08-04T21:10:48+00:00\",\"mainEntityOfPage\":{\"@id\":\"https:\/\/www.sonoraenequipo.com.mx\/demanda-mexico-en-eu-a-fabricantes-de-armas\/\"},\"wordCount\":732,\"commentCount\":0,\"publisher\":{\"@id\":\"https:\/\/www.sonoraenequipo.com.mx\/#organization\"},\"image\":{\"@id\":\"https:\/\/www.sonoraenequipo.com.mx\/demanda-mexico-en-eu-a-fabricantes-de-armas\/#primaryimage\"},\"thumbnailUrl\":\"https:\/\/www.sonoraenequipo.com.mx\/storage\/2021\/08\/venta-de-armas_opt.jpg\",\"articleSection\":[\"MUNDO\"],\"inLanguage\":\"es\",\"potentialAction\":[{\"@type\":\"CommentAction\",\"name\":\"Comment\",\"target\":[\"https:\/\/www.sonoraenequipo.com.mx\/demanda-mexico-en-eu-a-fabricantes-de-armas\/#respond\"]}]},{\"@type\":\"WebPage\",\"@id\":\"https:\/\/www.sonoraenequipo.com.mx\/demanda-mexico-en-eu-a-fabricantes-de-armas\/\",\"url\":\"https:\/\/www.sonoraenequipo.com.mx\/demanda-mexico-en-eu-a-fabricantes-de-armas\/\",\"name\":\"Sonora en Equipo. Demanda M\u00e9xico en EU a fabricantes de armas MUNDO\",\"isPartOf\":{\"@id\":\"https:\/\/www.sonoraenequipo.com.mx\/#website\"},\"primaryImageOfPage\":{\"@id\":\"https:\/\/www.sonoraenequipo.com.mx\/demanda-mexico-en-eu-a-fabricantes-de-armas\/#primaryimage\"},\"image\":{\"@id\":\"https:\/\/www.sonoraenequipo.com.mx\/demanda-mexico-en-eu-a-fabricantes-de-armas\/#primaryimage\"},\"thumbnailUrl\":\"https:\/\/www.sonoraenequipo.com.mx\/storage\/2021\/08\/venta-de-armas_opt.jpg\",\"datePublished\":\"2021-08-04T21:10:48+00:00\",\"description\":\"CIUDAD DE M\u00c9XICO. MX. \u2014 M\u00e9xico present\u00f3 este mi\u00e9rcoles ante una corte federal de Estados Unidos una demanda en contra del comercio negligente e il\u00edcito de En Sonora en Equipo publicamos toda la informaci\u00f3n de Sonora, M\u00e9xico y el Mundo de manera oportuna y busca que la libertad de expresi\u00f3n sea real. Visita nuestro medio informativo publicado desde Hermosillo, Sonora. %\",\"breadcrumb\":{\"@id\":\"https:\/\/www.sonoraenequipo.com.mx\/demanda-mexico-en-eu-a-fabricantes-de-armas\/#breadcrumb\"},\"inLanguage\":\"es\",\"potentialAction\":[{\"@type\":\"ReadAction\",\"target\":[\"https:\/\/www.sonoraenequipo.com.mx\/demanda-mexico-en-eu-a-fabricantes-de-armas\/\"]}]},{\"@type\":\"ImageObject\",\"inLanguage\":\"es\",\"@id\":\"https:\/\/www.sonoraenequipo.com.mx\/demanda-mexico-en-eu-a-fabricantes-de-armas\/#primaryimage\",\"url\":\"https:\/\/www.sonoraenequipo.com.mx\/storage\/2021\/08\/venta-de-armas_opt.jpg\",\"contentUrl\":\"https:\/\/www.sonoraenequipo.com.mx\/storage\/2021\/08\/venta-de-armas_opt.jpg\",\"width\":700,\"height\":400},{\"@type\":\"BreadcrumbList\",\"@id\":\"https:\/\/www.sonoraenequipo.com.mx\/demanda-mexico-en-eu-a-fabricantes-de-armas\/#breadcrumb\",\"itemListElement\":[{\"@type\":\"ListItem\",\"position\":1,\"name\":\"Portada\",\"item\":\"https:\/\/www.sonoraenequipo.com.mx\/\"},{\"@type\":\"ListItem\",\"position\":2,\"name\":\"Demanda M\u00e9xico en EU a fabricantes de armas\"}]},{\"@type\":\"WebSite\",\"@id\":\"https:\/\/www.sonoraenequipo.com.mx\/#website\",\"url\":\"https:\/\/www.sonoraenequipo.com.mx\/\",\"name\":\"Sonora en Equipo.\",\"description\":\"Diario en l\u00ednea con Noticias desde Hermosillo, Sonora\",\"publisher\":{\"@id\":\"https:\/\/www.sonoraenequipo.com.mx\/#organization\"},\"potentialAction\":[{\"@type\":\"SearchAction\",\"target\":{\"@type\":\"EntryPoint\",\"urlTemplate\":\"https:\/\/www.sonoraenequipo.com.mx\/?s={search_term_string}\"},\"query-input\":{\"@type\":\"PropertyValueSpecification\",\"valueRequired\":true,\"valueName\":\"search_term_string\"}}],\"inLanguage\":\"es\"},{\"@type\":\"Organization\",\"@id\":\"https:\/\/www.sonoraenequipo.com.mx\/#organization\",\"name\":\"Sonoraenequipo.com.mx\",\"url\":\"https:\/\/www.sonoraenequipo.com.mx\/\",\"logo\":{\"@type\":\"ImageObject\",\"inLanguage\":\"es\",\"@id\":\"https:\/\/www.sonoraenequipo.com.mx\/#\/schema\/logo\/image\/\",\"url\":\"https:\/\/www.sonoraenequipo.com.mx\/storage\/2019\/01\/sonoraenequipo_opt.png\",\"contentUrl\":\"https:\/\/www.sonoraenequipo.com.mx\/storage\/2019\/01\/sonoraenequipo_opt.png\",\"width\":375,\"height\":125,\"caption\":\"Sonoraenequipo.com.mx\"},\"image\":{\"@id\":\"https:\/\/www.sonoraenequipo.com.mx\/#\/schema\/logo\/image\/\"},\"sameAs\":[\"https:\/\/www.facebook.com\/SonoraEE\/\",\"https:\/\/x.com\/sonoraenequipo\",\"https:\/\/www.youtube.com\/channel\/UC338nW-lPEYmJQs4ZABQ1SQ\"]},{\"@type\":\"Person\",\"@id\":\"https:\/\/www.sonoraenequipo.com.mx\/#\/schema\/person\/50102df0fb23a8fa9e8effad8fa81386\",\"name\":\"enequipo\",\"image\":{\"@type\":\"ImageObject\",\"inLanguage\":\"es\",\"@id\":\"https:\/\/www.sonoraenequipo.com.mx\/#\/schema\/person\/image\/\",\"url\":\"https:\/\/secure.gravatar.com\/avatar\/049821681b589dabc0bc20695993ccebb09f5b5d4d790cd9251b97faac7c652b?s=96&d=blank&r=g\",\"contentUrl\":\"https:\/\/secure.gravatar.com\/avatar\/049821681b589dabc0bc20695993ccebb09f5b5d4d790cd9251b97faac7c652b?s=96&d=blank&r=g\",\"caption\":\"enequipo\"},\"sameAs\":[\"https:\/\/www.facebook.com\/SonoraEE\"]}]}<\/script>\n ","yoast_head_json":{"title":"Sonora en Equipo. Demanda M\u00e9xico en EU a fabricantes de armas MUNDO","description":"CIUDAD DE M\u00c9XICO. MX. \u2014 M\u00e9xico present\u00f3 este mi\u00e9rcoles ante una corte federal de Estados Unidos una demanda en contra del comercio negligente e il\u00edcito de En Sonora en Equipo publicamos toda la informaci\u00f3n de Sonora, M\u00e9xico y el Mundo de manera oportuna y busca que la libertad de expresi\u00f3n sea real. Visita nuestro medio informativo publicado desde Hermosillo, Sonora. %","robots":{"index":"index","follow":"follow","max-snippet":"max-snippet:-1","max-image-preview":"max-image-preview:large","max-video-preview":"max-video-preview:-1"},"canonical":"https:\/\/www.sonoraenequipo.com.mx\/demanda-mexico-en-eu-a-fabricantes-de-armas\/","og_locale":"es_ES","og_type":"article","og_title":"Sonora en Equipo. Demanda M\u00e9xico en EU a fabricantes de armas MUNDO","og_description":"CIUDAD DE M\u00c9XICO. MX. \u2014 M\u00e9xico present\u00f3 este mi\u00e9rcoles ante una corte federal de Estados Unidos una demanda en contra del comercio negligente e il\u00edcito de En Sonora en Equipo publicamos toda la informaci\u00f3n de Sonora, M\u00e9xico y el Mundo de manera oportuna y busca que la libertad de expresi\u00f3n sea real. Visita nuestro medio informativo publicado desde Hermosillo, Sonora. %","og_url":"https:\/\/www.sonoraenequipo.com.mx\/demanda-mexico-en-eu-a-fabricantes-de-armas\/","og_site_name":"Sonora en Equipo.","article_publisher":"https:\/\/www.facebook.com\/SonoraEE\/","article_author":"https:\/\/www.facebook.com\/SonoraEE","article_published_time":"2021-08-04T21:10:48+00:00","og_image":[{"width":700,"height":400,"url":"https:\/\/www.sonoraenequipo.com.mx\/storage\/2021\/08\/venta-de-armas_opt.jpg","type":"image\/jpeg"}],"author":"enequipo","twitter_card":"summary_large_image","twitter_creator":"@sonoraenequipo","twitter_site":"@sonoraenequipo","twitter_misc":{"Escrito por":"enequipo","Tiempo de lectura":"3 minutos"},"schema":{"@context":"https:\/\/schema.org","@graph":[{"@type":"Article","@id":"https:\/\/www.sonoraenequipo.com.mx\/demanda-mexico-en-eu-a-fabricantes-de-armas\/#article","isPartOf":{"@id":"https:\/\/www.sonoraenequipo.com.mx\/demanda-mexico-en-eu-a-fabricantes-de-armas\/"},"author":{"name":"enequipo","@id":"https:\/\/www.sonoraenequipo.com.mx\/#\/schema\/person\/50102df0fb23a8fa9e8effad8fa81386"},"headline":"Demanda M\u00e9xico en EU a fabricantes de armas","datePublished":"2021-08-04T21:10:48+00:00","mainEntityOfPage":{"@id":"https:\/\/www.sonoraenequipo.com.mx\/demanda-mexico-en-eu-a-fabricantes-de-armas\/"},"wordCount":732,"commentCount":0,"publisher":{"@id":"https:\/\/www.sonoraenequipo.com.mx\/#organization"},"image":{"@id":"https:\/\/www.sonoraenequipo.com.mx\/demanda-mexico-en-eu-a-fabricantes-de-armas\/#primaryimage"},"thumbnailUrl":"https:\/\/www.sonoraenequipo.com.mx\/storage\/2021\/08\/venta-de-armas_opt.jpg","articleSection":["MUNDO"],"inLanguage":"es","potentialAction":[{"@type":"CommentAction","name":"Comment","target":["https:\/\/www.sonoraenequipo.com.mx\/demanda-mexico-en-eu-a-fabricantes-de-armas\/#respond"]}]},{"@type":"WebPage","@id":"https:\/\/www.sonoraenequipo.com.mx\/demanda-mexico-en-eu-a-fabricantes-de-armas\/","url":"https:\/\/www.sonoraenequipo.com.mx\/demanda-mexico-en-eu-a-fabricantes-de-armas\/","name":"Sonora en Equipo. Demanda M\u00e9xico en EU a fabricantes de armas MUNDO","isPartOf":{"@id":"https:\/\/www.sonoraenequipo.com.mx\/#website"},"primaryImageOfPage":{"@id":"https:\/\/www.sonoraenequipo.com.mx\/demanda-mexico-en-eu-a-fabricantes-de-armas\/#primaryimage"},"image":{"@id":"https:\/\/www.sonoraenequipo.com.mx\/demanda-mexico-en-eu-a-fabricantes-de-armas\/#primaryimage"},"thumbnailUrl":"https:\/\/www.sonoraenequipo.com.mx\/storage\/2021\/08\/venta-de-armas_opt.jpg","datePublished":"2021-08-04T21:10:48+00:00","description":"CIUDAD DE M\u00c9XICO. MX. \u2014 M\u00e9xico present\u00f3 este mi\u00e9rcoles ante una corte federal de Estados Unidos una demanda en contra del comercio negligente e il\u00edcito de En Sonora en Equipo publicamos toda la informaci\u00f3n de Sonora, M\u00e9xico y el Mundo de manera oportuna y busca que la libertad de expresi\u00f3n sea real. Visita nuestro medio informativo publicado desde Hermosillo, Sonora. %","breadcrumb":{"@id":"https:\/\/www.sonoraenequipo.com.mx\/demanda-mexico-en-eu-a-fabricantes-de-armas\/#breadcrumb"},"inLanguage":"es","potentialAction":[{"@type":"ReadAction","target":["https:\/\/www.sonoraenequipo.com.mx\/demanda-mexico-en-eu-a-fabricantes-de-armas\/"]}]},{"@type":"ImageObject","inLanguage":"es","@id":"https:\/\/www.sonoraenequipo.com.mx\/demanda-mexico-en-eu-a-fabricantes-de-armas\/#primaryimage","url":"https:\/\/www.sonoraenequipo.com.mx\/storage\/2021\/08\/venta-de-armas_opt.jpg","contentUrl":"https:\/\/www.sonoraenequipo.com.mx\/storage\/2021\/08\/venta-de-armas_opt.jpg","width":700,"height":400},{"@type":"BreadcrumbList","@id":"https:\/\/www.sonoraenequipo.com.mx\/demanda-mexico-en-eu-a-fabricantes-de-armas\/#breadcrumb","itemListElement":[{"@type":"ListItem","position":1,"name":"Portada","item":"https:\/\/www.sonoraenequipo.com.mx\/"},{"@type":"ListItem","position":2,"name":"Demanda M\u00e9xico en EU a fabricantes de armas"}]},{"@type":"WebSite","@id":"https:\/\/www.sonoraenequipo.com.mx\/#website","url":"https:\/\/www.sonoraenequipo.com.mx\/","name":"Sonora en Equipo.","description":"Diario en l\u00ednea con Noticias desde Hermosillo, Sonora","publisher":{"@id":"https:\/\/www.sonoraenequipo.com.mx\/#organization"},"potentialAction":[{"@type":"SearchAction","target":{"@type":"EntryPoint","urlTemplate":"https:\/\/www.sonoraenequipo.com.mx\/?s={search_term_string}"},"query-input":{"@type":"PropertyValueSpecification","valueRequired":true,"valueName":"search_term_string"}}],"inLanguage":"es"},{"@type":"Organization","@id":"https:\/\/www.sonoraenequipo.com.mx\/#organization","name":"Sonoraenequipo.com.mx","url":"https:\/\/www.sonoraenequipo.com.mx\/","logo":{"@type":"ImageObject","inLanguage":"es","@id":"https:\/\/www.sonoraenequipo.com.mx\/#\/schema\/logo\/image\/","url":"https:\/\/www.sonoraenequipo.com.mx\/storage\/2019\/01\/sonoraenequipo_opt.png","contentUrl":"https:\/\/www.sonoraenequipo.com.mx\/storage\/2019\/01\/sonoraenequipo_opt.png","width":375,"height":125,"caption":"Sonoraenequipo.com.mx"},"image":{"@id":"https:\/\/www.sonoraenequipo.com.mx\/#\/schema\/logo\/image\/"},"sameAs":["https:\/\/www.facebook.com\/SonoraEE\/","https:\/\/x.com\/sonoraenequipo","https:\/\/www.youtube.com\/channel\/UC338nW-lPEYmJQs4ZABQ1SQ"]},{"@type":"Person","@id":"https:\/\/www.sonoraenequipo.com.mx\/#\/schema\/person\/50102df0fb23a8fa9e8effad8fa81386","name":"enequipo","image":{"@type":"ImageObject","inLanguage":"es","@id":"https:\/\/www.sonoraenequipo.com.mx\/#\/schema\/person\/image\/","url":"https:\/\/secure.gravatar.com\/avatar\/049821681b589dabc0bc20695993ccebb09f5b5d4d790cd9251b97faac7c652b?s=96&d=blank&r=g","contentUrl":"https:\/\/secure.gravatar.com\/avatar\/049821681b589dabc0bc20695993ccebb09f5b5d4d790cd9251b97faac7c652b?s=96&d=blank&r=g","caption":"enequipo"},"sameAs":["https:\/\/www.facebook.com\/SonoraEE"]}]}},"jetpack_featured_media_url":"https:\/\/www.sonoraenequipo.com.mx\/storage\/2021\/08\/venta-de-armas_opt.jpg","_links":{"self":[{"href":"https:\/\/www.sonoraenequipo.com.mx\/api\/wp\/v2\/posts\/119764","targetHints":{"allow":["GET"]}}],"collection":[{"href":"https:\/\/www.sonoraenequipo.com.mx\/api\/wp\/v2\/posts"}],"about":[{"href":"https:\/\/www.sonoraenequipo.com.mx\/api\/wp\/v2\/types\/post"}],"author":[{"embeddable":true,"href":"https:\/\/www.sonoraenequipo.com.mx\/api\/wp\/v2\/users\/1"}],"replies":[{"embeddable":true,"href":"https:\/\/www.sonoraenequipo.com.mx\/api\/wp\/v2\/comments?post=119764"}],"version-history":[{"count":1,"href":"https:\/\/www.sonoraenequipo.com.mx\/api\/wp\/v2\/posts\/119764\/revisions"}],"predecessor-version":[{"id":119769,"href":"https:\/\/www.sonoraenequipo.com.mx\/api\/wp\/v2\/posts\/119764\/revisions\/119769"}],"wp:featuredmedia":[{"embeddable":true,"href":"https:\/\/www.sonoraenequipo.com.mx\/api\/wp\/v2\/media\/119767"}],"wp:attachment":[{"href":"https:\/\/www.sonoraenequipo.com.mx\/api\/wp\/v2\/media?parent=119764"}],"wp:term":[{"taxonomy":"category","embeddable":true,"href":"https:\/\/www.sonoraenequipo.com.mx\/api\/wp\/v2\/categories?post=119764"},{"taxonomy":"post_tag","embeddable":true,"href":"https:\/\/www.sonoraenequipo.com.mx\/api\/wp\/v2\/tags?post=119764"}],"curies":[{"name":"wp","href":"https:\/\/api.w.org\/{rel}","templated":true}]}}