{"id":119765,"date":"2021-08-04T14:10:46","date_gmt":"2021-08-04T21:10:46","guid":{"rendered":"https:\/\/www.sonoraenequipo.com.mx\/?p=119765"},"modified":"2021-08-04T14:10:46","modified_gmt":"2021-08-04T21:10:46","slug":"clavadistas-orozco-y-agundez-vuelven-a-la-antesala-de-las-medallas","status":"publish","type":"post","link":"https:\/\/www.sonoraenequipo.com.mx\/clavadistas-orozco-y-agundez-vuelven-a-la-antesala-de-las-medallas\/","title":{"rendered":"Clavadistas Orozco y Ag\u00fandez vuelven a la antesala de las medallas"},"content":{"rendered":"<p>Las clavadistas Alejandra Orozco y Gabriela Ag\u00fandez, lograron su boleto a la semifinal de plataforma 10 metros individual, de los Juegos Ol\u00edmpicos Tokio 2020, tras cerrar en los lugares 9 y 12 respectivamente, de la preliminar que se realiz\u00f3 en el Centro Acu\u00e1tico de Tokio, con la participaci\u00f3n de 30 atletas.<\/p>\n<p>&nbsp;<\/p>\n<p>La jalisciense Alejandra Orozco Loza, quien tuvo su mejor salto en la tercera ronda, obtuvo calificaciones de 66.00, 57.60, 69.30, 59.20 y 56.00, para acumular un total de 308.10 puntos y ubicarse en el top 10 de la prueba.<\/p>\n<p>&nbsp;<\/p>\n<p>&nbsp;<\/p>\n<p>Por su parte, la sudcaliforniana Gabriela Belem Ag\u00fandez Garc\u00eda, festej\u00f3 este mi\u00e9rcoles su cumplea\u00f1os n\u00famero 21, con el pase a la siguiente ronda que consigui\u00f3 tras finalizar con un total de 297.65 unidades, luego de obtener calificaciones de 67.50, 37.95, 70.40, 59.40 y 62.40 en sus cinco clavados.<\/p>\n<p>&nbsp;<\/p>\n<p>En esta ronda s\u00f3lo las mejores 18 clavadistas obtuvieron su lugar en la semifinal que se llevar\u00e1 a cabo este mi\u00e9rcoles 4 de agosto a las 20:00 horas, tiempo de M\u00e9xico (5 de agosto, 10:00 a.m. hora de Jap\u00f3n).<\/p>\n<p>&nbsp;<\/p>\n<p>&nbsp;<\/p>\n<p>A la final, clasificar\u00e1n las mejores 12 de la semifinal, quienes competir\u00e1n el jueves 5 de agosto a la 01:00 a.m. hora de M\u00e9xico (15:00 horas de Jap\u00f3n).<\/p>\n<p>&nbsp;<\/p>\n<p>Orozco y Ag\u00fandez conquistaron la medalla de bronce en la final de plataforma 10 metros sincronizados, que se realiz\u00f3 el pasado 27 de julio, por lo que esta es la segunda vez en la presente edici\u00f3n ol\u00edmpica, que se meten a una semifinal.<\/p>\n<p>Fecha de Publicaci\u00f3n\u00a0 mi\u00e9rcoles\u00a0 \/ 04\u00a0\u00a0 \/ agosto \/ 2021<\/p>\n","protected":false},"excerpt":{"rendered":"<p>Las clavadistas Alejandra Orozco y Gabriela Ag\u00fandez, lograron su boleto a la semifinal de plataforma&#8230;<\/p>\n","protected":false},"author":1,"featured_media":119766,"comment_status":"open","ping_status":"open","sticky":false,"template":"","format":"standard","meta":{"_monsterinsights_skip_tracking":false,"_monsterinsights_sitenote_active":false,"_monsterinsights_sitenote_note":"","_monsterinsights_sitenote_category":0,"footnotes":""},"categories":[10],"tags":[4796],"class_list":["post"],"yoast_head":" \n<title>Sonora en Equipo. Clavadistas Orozco y Ag\u00fandez vuelven a la antesala de las medallas Deportes<\/title>\n<meta name=\"description\" content=\"Las clavadistas Alejandra Orozco y Gabriela Ag\u00fandez, lograron su boleto a la semifinal de plataforma 10 metros individual, de los Juegos Ol\u00edmpicos Tokio En Sonora en Equipo publicamos toda la informaci\u00f3n de Sonora, M\u00e9xico y el Mundo de manera oportuna y busca que la libertad de expresi\u00f3n sea real. Visita nuestro medio informativo publicado desde Hermosillo, Sonora. %\" \/>\n<meta name=\"robots\" content=\"index, follow, max-snippet:-1, max-image-preview:large, max-video-preview:-1\" \/>\n<link rel=\"canonical\" href=\"https:\/\/www.sonoraenequipo.com.mx\/clavadistas-orozco-y-agundez-vuelven-a-la-antesala-de-las-medallas\/\" \/>\n<meta property=\"og:locale\" content=\"es_ES\" \/>\n<meta property=\"og:type\" content=\"article\" \/>\n<meta property=\"og:title\" content=\"Sonora en Equipo. Clavadistas Orozco y Ag\u00fandez vuelven a la antesala de las medallas Deportes\" \/>\n<meta property=\"og:description\" content=\"Las clavadistas Alejandra Orozco y Gabriela Ag\u00fandez, lograron su boleto a la semifinal de plataforma 10 metros individual, de los Juegos Ol\u00edmpicos Tokio En Sonora en Equipo publicamos toda la informaci\u00f3n de Sonora, M\u00e9xico y el Mundo de manera oportuna y busca que la libertad de expresi\u00f3n sea real. Visita nuestro medio informativo publicado desde Hermosillo, Sonora. %\" \/>\n<meta property=\"og:url\" content=\"https:\/\/www.sonoraenequipo.com.mx\/clavadistas-orozco-y-agundez-vuelven-a-la-antesala-de-las-medallas\/\" \/>\n<meta property=\"og:site_name\" content=\"Sonora en Equipo.\" \/>\n<meta property=\"article:publisher\" content=\"https:\/\/www.facebook.com\/SonoraEE\/\" \/>\n<meta property=\"article:author\" content=\"https:\/\/www.facebook.com\/SonoraEE\" \/>\n<meta property=\"article:published_time\" content=\"2021-08-04T21:10:46+00:00\" \/>\n<meta property=\"og:image\" content=\"https:\/\/www.sonoraenequipo.com.mx\/storage\/2021\/08\/orozco-y-agundez.jpg\" \/>\n\t<meta property=\"og:image:width\" content=\"711\" \/>\n\t<meta property=\"og:image:height\" content=\"412\" \/>\n\t<meta property=\"og:image:type\" content=\"image\/jpeg\" \/>\n<meta name=\"author\" content=\"enequipo\" \/>\n<meta name=\"twitter:card\" content=\"summary_large_image\" \/>\n<meta name=\"twitter:creator\" content=\"@sonoraenequipo\" \/>\n<meta name=\"twitter:site\" content=\"@sonoraenequipo\" \/>\n<meta name=\"twitter:label1\" content=\"Escrito por\" \/>\n\t<meta name=\"twitter:data1\" content=\"enequipo\" \/>\n\t<meta name=\"twitter:label2\" content=\"Tiempo de lectura\" \/>\n\t<meta name=\"twitter:data2\" content=\"2 minutos\" \/>\n<script type=\"application\/ld+json\" class=\"yoast-schema-graph\">{\"@context\":\"https:\/\/schema.org\",\"@graph\":[{\"@type\":\"Article\",\"@id\":\"https:\/\/www.sonoraenequipo.com.mx\/clavadistas-orozco-y-agundez-vuelven-a-la-antesala-de-las-medallas\/#article\",\"isPartOf\":{\"@id\":\"https:\/\/www.sonoraenequipo.com.mx\/clavadistas-orozco-y-agundez-vuelven-a-la-antesala-de-las-medallas\/\"},\"author\":{\"name\":\"enequipo\",\"@id\":\"https:\/\/www.sonoraenequipo.com.mx\/#\/schema\/person\/50102df0fb23a8fa9e8effad8fa81386\"},\"headline\":\"Clavadistas Orozco y Ag\u00fandez vuelven a la antesala de las medallas\",\"datePublished\":\"2021-08-04T21:10:46+00:00\",\"mainEntityOfPage\":{\"@id\":\"https:\/\/www.sonoraenequipo.com.mx\/clavadistas-orozco-y-agundez-vuelven-a-la-antesala-de-las-medallas\/\"},\"wordCount\":266,\"commentCount\":0,\"publisher\":{\"@id\":\"https:\/\/www.sonoraenequipo.com.mx\/#organization\"},\"image\":{\"@id\":\"https:\/\/www.sonoraenequipo.com.mx\/clavadistas-orozco-y-agundez-vuelven-a-la-antesala-de-las-medallas\/#primaryimage\"},\"thumbnailUrl\":\"https:\/\/www.sonoraenequipo.com.mx\/storage\/2021\/08\/orozco-y-agundez.jpg\",\"keywords\":[\"Tokio 2020\"],\"articleSection\":[\"Deportes\"],\"inLanguage\":\"es\",\"potentialAction\":[{\"@type\":\"CommentAction\",\"name\":\"Comment\",\"target\":[\"https:\/\/www.sonoraenequipo.com.mx\/clavadistas-orozco-y-agundez-vuelven-a-la-antesala-de-las-medallas\/#respond\"]}]},{\"@type\":\"WebPage\",\"@id\":\"https:\/\/www.sonoraenequipo.com.mx\/clavadistas-orozco-y-agundez-vuelven-a-la-antesala-de-las-medallas\/\",\"url\":\"https:\/\/www.sonoraenequipo.com.mx\/clavadistas-orozco-y-agundez-vuelven-a-la-antesala-de-las-medallas\/\",\"name\":\"Sonora en Equipo. Clavadistas Orozco y Ag\u00fandez vuelven a la antesala de las medallas Deportes\",\"isPartOf\":{\"@id\":\"https:\/\/www.sonoraenequipo.com.mx\/#website\"},\"primaryImageOfPage\":{\"@id\":\"https:\/\/www.sonoraenequipo.com.mx\/clavadistas-orozco-y-agundez-vuelven-a-la-antesala-de-las-medallas\/#primaryimage\"},\"image\":{\"@id\":\"https:\/\/www.sonoraenequipo.com.mx\/clavadistas-orozco-y-agundez-vuelven-a-la-antesala-de-las-medallas\/#primaryimage\"},\"thumbnailUrl\":\"https:\/\/www.sonoraenequipo.com.mx\/storage\/2021\/08\/orozco-y-agundez.jpg\",\"datePublished\":\"2021-08-04T21:10:46+00:00\",\"description\":\"Las clavadistas Alejandra Orozco y Gabriela Ag\u00fandez, lograron su boleto a la semifinal de plataforma 10 metros individual, de los Juegos Ol\u00edmpicos Tokio En Sonora en Equipo publicamos toda la informaci\u00f3n de Sonora, M\u00e9xico y el Mundo de manera oportuna y busca que la libertad de expresi\u00f3n sea real. Visita nuestro medio informativo publicado desde Hermosillo, Sonora. %\",\"breadcrumb\":{\"@id\":\"https:\/\/www.sonoraenequipo.com.mx\/clavadistas-orozco-y-agundez-vuelven-a-la-antesala-de-las-medallas\/#breadcrumb\"},\"inLanguage\":\"es\",\"potentialAction\":[{\"@type\":\"ReadAction\",\"target\":[\"https:\/\/www.sonoraenequipo.com.mx\/clavadistas-orozco-y-agundez-vuelven-a-la-antesala-de-las-medallas\/\"]}]},{\"@type\":\"ImageObject\",\"inLanguage\":\"es\",\"@id\":\"https:\/\/www.sonoraenequipo.com.mx\/clavadistas-orozco-y-agundez-vuelven-a-la-antesala-de-las-medallas\/#primaryimage\",\"url\":\"https:\/\/www.sonoraenequipo.com.mx\/storage\/2021\/08\/orozco-y-agundez.jpg\",\"contentUrl\":\"https:\/\/www.sonoraenequipo.com.mx\/storage\/2021\/08\/orozco-y-agundez.jpg\",\"width\":711,\"height\":412,\"caption\":\"Aspecto de Alejandra Orozco y Gabriela Ag\u00fandez, durante su pasada competencia en sincronizado plataforma 10 metros. CONADE\"},{\"@type\":\"BreadcrumbList\",\"@id\":\"https:\/\/www.sonoraenequipo.com.mx\/clavadistas-orozco-y-agundez-vuelven-a-la-antesala-de-las-medallas\/#breadcrumb\",\"itemListElement\":[{\"@type\":\"ListItem\",\"position\":1,\"name\":\"Portada\",\"item\":\"https:\/\/www.sonoraenequipo.com.mx\/\"},{\"@type\":\"ListItem\",\"position\":2,\"name\":\"Clavadistas Orozco y Ag\u00fandez vuelven a la antesala de las medallas\"}]},{\"@type\":\"WebSite\",\"@id\":\"https:\/\/www.sonoraenequipo.com.mx\/#website\",\"url\":\"https:\/\/www.sonoraenequipo.com.mx\/\",\"name\":\"Sonora en Equipo.\",\"description\":\"Diario en l\u00ednea con Noticias desde Hermosillo, Sonora\",\"publisher\":{\"@id\":\"https:\/\/www.sonoraenequipo.com.mx\/#organization\"},\"potentialAction\":[{\"@type\":\"SearchAction\",\"target\":{\"@type\":\"EntryPoint\",\"urlTemplate\":\"https:\/\/www.sonoraenequipo.com.mx\/?s={search_term_string}\"},\"query-input\":{\"@type\":\"PropertyValueSpecification\",\"valueRequired\":true,\"valueName\":\"search_term_string\"}}],\"inLanguage\":\"es\"},{\"@type\":\"Organization\",\"@id\":\"https:\/\/www.sonoraenequipo.com.mx\/#organization\",\"name\":\"Sonoraenequipo.com.mx\",\"url\":\"https:\/\/www.sonoraenequipo.com.mx\/\",\"logo\":{\"@type\":\"ImageObject\",\"inLanguage\":\"es\",\"@id\":\"https:\/\/www.sonoraenequipo.com.mx\/#\/schema\/logo\/image\/\",\"url\":\"https:\/\/www.sonoraenequipo.com.mx\/storage\/2019\/01\/sonoraenequipo_opt.png\",\"contentUrl\":\"https:\/\/www.sonoraenequipo.com.mx\/storage\/2019\/01\/sonoraenequipo_opt.png\",\"width\":375,\"height\":125,\"caption\":\"Sonoraenequipo.com.mx\"},\"image\":{\"@id\":\"https:\/\/www.sonoraenequipo.com.mx\/#\/schema\/logo\/image\/\"},\"sameAs\":[\"https:\/\/www.facebook.com\/SonoraEE\/\",\"https:\/\/x.com\/sonoraenequipo\",\"https:\/\/www.youtube.com\/channel\/UC338nW-lPEYmJQs4ZABQ1SQ\"]},{\"@type\":\"Person\",\"@id\":\"https:\/\/www.sonoraenequipo.com.mx\/#\/schema\/person\/50102df0fb23a8fa9e8effad8fa81386\",\"name\":\"enequipo\",\"image\":{\"@type\":\"ImageObject\",\"inLanguage\":\"es\",\"@id\":\"https:\/\/www.sonoraenequipo.com.mx\/#\/schema\/person\/image\/\",\"url\":\"https:\/\/secure.gravatar.com\/avatar\/049821681b589dabc0bc20695993ccebb09f5b5d4d790cd9251b97faac7c652b?s=96&d=blank&r=g\",\"contentUrl\":\"https:\/\/secure.gravatar.com\/avatar\/049821681b589dabc0bc20695993ccebb09f5b5d4d790cd9251b97faac7c652b?s=96&d=blank&r=g\",\"caption\":\"enequipo\"},\"sameAs\":[\"https:\/\/www.facebook.com\/SonoraEE\"]}]}<\/script>\n ","yoast_head_json":{"title":"Sonora en Equipo. Clavadistas Orozco y Ag\u00fandez vuelven a la antesala de las medallas Deportes","description":"Las clavadistas Alejandra Orozco y Gabriela Ag\u00fandez, lograron su boleto a la semifinal de plataforma 10 metros individual, de los Juegos Ol\u00edmpicos Tokio En Sonora en Equipo publicamos toda la informaci\u00f3n de Sonora, M\u00e9xico y el Mundo de manera oportuna y busca que la libertad de expresi\u00f3n sea real. Visita nuestro medio informativo publicado desde Hermosillo, Sonora. %","robots":{"index":"index","follow":"follow","max-snippet":"max-snippet:-1","max-image-preview":"max-image-preview:large","max-video-preview":"max-video-preview:-1"},"canonical":"https:\/\/www.sonoraenequipo.com.mx\/clavadistas-orozco-y-agundez-vuelven-a-la-antesala-de-las-medallas\/","og_locale":"es_ES","og_type":"article","og_title":"Sonora en Equipo. Clavadistas Orozco y Ag\u00fandez vuelven a la antesala de las medallas Deportes","og_description":"Las clavadistas Alejandra Orozco y Gabriela Ag\u00fandez, lograron su boleto a la semifinal de plataforma 10 metros individual, de los Juegos Ol\u00edmpicos Tokio En Sonora en Equipo publicamos toda la informaci\u00f3n de Sonora, M\u00e9xico y el Mundo de manera oportuna y busca que la libertad de expresi\u00f3n sea real. Visita nuestro medio informativo publicado desde Hermosillo, Sonora. %","og_url":"https:\/\/www.sonoraenequipo.com.mx\/clavadistas-orozco-y-agundez-vuelven-a-la-antesala-de-las-medallas\/","og_site_name":"Sonora en Equipo.","article_publisher":"https:\/\/www.facebook.com\/SonoraEE\/","article_author":"https:\/\/www.facebook.com\/SonoraEE","article_published_time":"2021-08-04T21:10:46+00:00","og_image":[{"width":711,"height":412,"url":"https:\/\/www.sonoraenequipo.com.mx\/storage\/2021\/08\/orozco-y-agundez.jpg","type":"image\/jpeg"}],"author":"enequipo","twitter_card":"summary_large_image","twitter_creator":"@sonoraenequipo","twitter_site":"@sonoraenequipo","twitter_misc":{"Escrito por":"enequipo","Tiempo de lectura":"2 minutos"},"schema":{"@context":"https:\/\/schema.org","@graph":[{"@type":"Article","@id":"https:\/\/www.sonoraenequipo.com.mx\/clavadistas-orozco-y-agundez-vuelven-a-la-antesala-de-las-medallas\/#article","isPartOf":{"@id":"https:\/\/www.sonoraenequipo.com.mx\/clavadistas-orozco-y-agundez-vuelven-a-la-antesala-de-las-medallas\/"},"author":{"name":"enequipo","@id":"https:\/\/www.sonoraenequipo.com.mx\/#\/schema\/person\/50102df0fb23a8fa9e8effad8fa81386"},"headline":"Clavadistas Orozco y Ag\u00fandez vuelven a la antesala de las medallas","datePublished":"2021-08-04T21:10:46+00:00","mainEntityOfPage":{"@id":"https:\/\/www.sonoraenequipo.com.mx\/clavadistas-orozco-y-agundez-vuelven-a-la-antesala-de-las-medallas\/"},"wordCount":266,"commentCount":0,"publisher":{"@id":"https:\/\/www.sonoraenequipo.com.mx\/#organization"},"image":{"@id":"https:\/\/www.sonoraenequipo.com.mx\/clavadistas-orozco-y-agundez-vuelven-a-la-antesala-de-las-medallas\/#primaryimage"},"thumbnailUrl":"https:\/\/www.sonoraenequipo.com.mx\/storage\/2021\/08\/orozco-y-agundez.jpg","keywords":["Tokio 2020"],"articleSection":["Deportes"],"inLanguage":"es","potentialAction":[{"@type":"CommentAction","name":"Comment","target":["https:\/\/www.sonoraenequipo.com.mx\/clavadistas-orozco-y-agundez-vuelven-a-la-antesala-de-las-medallas\/#respond"]}]},{"@type":"WebPage","@id":"https:\/\/www.sonoraenequipo.com.mx\/clavadistas-orozco-y-agundez-vuelven-a-la-antesala-de-las-medallas\/","url":"https:\/\/www.sonoraenequipo.com.mx\/clavadistas-orozco-y-agundez-vuelven-a-la-antesala-de-las-medallas\/","name":"Sonora en Equipo. Clavadistas Orozco y Ag\u00fandez vuelven a la antesala de las medallas Deportes","isPartOf":{"@id":"https:\/\/www.sonoraenequipo.com.mx\/#website"},"primaryImageOfPage":{"@id":"https:\/\/www.sonoraenequipo.com.mx\/clavadistas-orozco-y-agundez-vuelven-a-la-antesala-de-las-medallas\/#primaryimage"},"image":{"@id":"https:\/\/www.sonoraenequipo.com.mx\/clavadistas-orozco-y-agundez-vuelven-a-la-antesala-de-las-medallas\/#primaryimage"},"thumbnailUrl":"https:\/\/www.sonoraenequipo.com.mx\/storage\/2021\/08\/orozco-y-agundez.jpg","datePublished":"2021-08-04T21:10:46+00:00","description":"Las clavadistas Alejandra Orozco y Gabriela Ag\u00fandez, lograron su boleto a la semifinal de plataforma 10 metros individual, de los Juegos Ol\u00edmpicos Tokio En Sonora en Equipo publicamos toda la informaci\u00f3n de Sonora, M\u00e9xico y el Mundo de manera oportuna y busca que la libertad de expresi\u00f3n sea real. Visita nuestro medio informativo publicado desde Hermosillo, Sonora. %","breadcrumb":{"@id":"https:\/\/www.sonoraenequipo.com.mx\/clavadistas-orozco-y-agundez-vuelven-a-la-antesala-de-las-medallas\/#breadcrumb"},"inLanguage":"es","potentialAction":[{"@type":"ReadAction","target":["https:\/\/www.sonoraenequipo.com.mx\/clavadistas-orozco-y-agundez-vuelven-a-la-antesala-de-las-medallas\/"]}]},{"@type":"ImageObject","inLanguage":"es","@id":"https:\/\/www.sonoraenequipo.com.mx\/clavadistas-orozco-y-agundez-vuelven-a-la-antesala-de-las-medallas\/#primaryimage","url":"https:\/\/www.sonoraenequipo.com.mx\/storage\/2021\/08\/orozco-y-agundez.jpg","contentUrl":"https:\/\/www.sonoraenequipo.com.mx\/storage\/2021\/08\/orozco-y-agundez.jpg","width":711,"height":412,"caption":"Aspecto de Alejandra Orozco y Gabriela Ag\u00fandez, durante su pasada competencia en sincronizado plataforma 10 metros. CONADE"},{"@type":"BreadcrumbList","@id":"https:\/\/www.sonoraenequipo.com.mx\/clavadistas-orozco-y-agundez-vuelven-a-la-antesala-de-las-medallas\/#breadcrumb","itemListElement":[{"@type":"ListItem","position":1,"name":"Portada","item":"https:\/\/www.sonoraenequipo.com.mx\/"},{"@type":"ListItem","position":2,"name":"Clavadistas Orozco y Ag\u00fandez vuelven a la antesala de las medallas"}]},{"@type":"WebSite","@id":"https:\/\/www.sonoraenequipo.com.mx\/#website","url":"https:\/\/www.sonoraenequipo.com.mx\/","name":"Sonora en Equipo.","description":"Diario en l\u00ednea con Noticias desde Hermosillo, Sonora","publisher":{"@id":"https:\/\/www.sonoraenequipo.com.mx\/#organization"},"potentialAction":[{"@type":"SearchAction","target":{"@type":"EntryPoint","urlTemplate":"https:\/\/www.sonoraenequipo.com.mx\/?s={search_term_string}"},"query-input":{"@type":"PropertyValueSpecification","valueRequired":true,"valueName":"search_term_string"}}],"inLanguage":"es"},{"@type":"Organization","@id":"https:\/\/www.sonoraenequipo.com.mx\/#organization","name":"Sonoraenequipo.com.mx","url":"https:\/\/www.sonoraenequipo.com.mx\/","logo":{"@type":"ImageObject","inLanguage":"es","@id":"https:\/\/www.sonoraenequipo.com.mx\/#\/schema\/logo\/image\/","url":"https:\/\/www.sonoraenequipo.com.mx\/storage\/2019\/01\/sonoraenequipo_opt.png","contentUrl":"https:\/\/www.sonoraenequipo.com.mx\/storage\/2019\/01\/sonoraenequipo_opt.png","width":375,"height":125,"caption":"Sonoraenequipo.com.mx"},"image":{"@id":"https:\/\/www.sonoraenequipo.com.mx\/#\/schema\/logo\/image\/"},"sameAs":["https:\/\/www.facebook.com\/SonoraEE\/","https:\/\/x.com\/sonoraenequipo","https:\/\/www.youtube.com\/channel\/UC338nW-lPEYmJQs4ZABQ1SQ"]},{"@type":"Person","@id":"https:\/\/www.sonoraenequipo.com.mx\/#\/schema\/person\/50102df0fb23a8fa9e8effad8fa81386","name":"enequipo","image":{"@type":"ImageObject","inLanguage":"es","@id":"https:\/\/www.sonoraenequipo.com.mx\/#\/schema\/person\/image\/","url":"https:\/\/secure.gravatar.com\/avatar\/049821681b589dabc0bc20695993ccebb09f5b5d4d790cd9251b97faac7c652b?s=96&d=blank&r=g","contentUrl":"https:\/\/secure.gravatar.com\/avatar\/049821681b589dabc0bc20695993ccebb09f5b5d4d790cd9251b97faac7c652b?s=96&d=blank&r=g","caption":"enequipo"},"sameAs":["https:\/\/www.facebook.com\/SonoraEE"]}]}},"jetpack_featured_media_url":"https:\/\/www.sonoraenequipo.com.mx\/storage\/2021\/08\/orozco-y-agundez.jpg","_links":{"self":[{"href":"https:\/\/www.sonoraenequipo.com.mx\/api\/wp\/v2\/posts\/119765","targetHints":{"allow":["GET"]}}],"collection":[{"href":"https:\/\/www.sonoraenequipo.com.mx\/api\/wp\/v2\/posts"}],"about":[{"href":"https:\/\/www.sonoraenequipo.com.mx\/api\/wp\/v2\/types\/post"}],"author":[{"embeddable":true,"href":"https:\/\/www.sonoraenequipo.com.mx\/api\/wp\/v2\/users\/1"}],"replies":[{"embeddable":true,"href":"https:\/\/www.sonoraenequipo.com.mx\/api\/wp\/v2\/comments?post=119765"}],"version-history":[{"count":1,"href":"https:\/\/www.sonoraenequipo.com.mx\/api\/wp\/v2\/posts\/119765\/revisions"}],"predecessor-version":[{"id":119768,"href":"https:\/\/www.sonoraenequipo.com.mx\/api\/wp\/v2\/posts\/119765\/revisions\/119768"}],"wp:featuredmedia":[{"embeddable":true,"href":"https:\/\/www.sonoraenequipo.com.mx\/api\/wp\/v2\/media\/119766"}],"wp:attachment":[{"href":"https:\/\/www.sonoraenequipo.com.mx\/api\/wp\/v2\/media?parent=119765"}],"wp:term":[{"taxonomy":"category","embeddable":true,"href":"https:\/\/www.sonoraenequipo.com.mx\/api\/wp\/v2\/categories?post=119765"},{"taxonomy":"post_tag","embeddable":true,"href":"https:\/\/www.sonoraenequipo.com.mx\/api\/wp\/v2\/tags?post=119765"}],"curies":[{"name":"wp","href":"https:\/\/api.w.org\/{rel}","templated":true}]}}