{"id":119770,"date":"2021-08-04T11:11:01","date_gmt":"2021-08-04T18:11:01","guid":{"rendered":"https:\/\/www.sonoraenequipo.com.mx\/?p=119770"},"modified":"2021-08-04T15:15:42","modified_gmt":"2021-08-04T22:15:42","slug":"trump-oposicion-y-el-resto-del-sexenio-en-nuevo-libro-de-amlo","status":"publish","type":"post","link":"https:\/\/www.sonoraenequipo.com.mx\/trump-oposicion-y-el-resto-del-sexenio-en-nuevo-libro-de-amlo\/","title":{"rendered":"Trump, oposici\u00f3n y el resto del sexenio, en nuevo libro de AMLO"},"content":{"rendered":"<p>CIUDAD DE M\u00c9XICO.MX. \u2014 El presidente Andr\u00e9s Manuel L\u00f3pez Obrador concluy\u00f3 su nuevo libro en el cual aborda la pol\u00edtica interior y exterior de su gobierno; la relaci\u00f3n con el ex presidente Donald Trump, y el comportamiento de la oposici\u00f3n en M\u00e9xico, as\u00ed como la perspectiva para la segunda mitad de su sexenio.<\/p>\n<p>&nbsp;<\/p>\n<p> <\/p>\n<p>&nbsp;<\/p>\n<p>Hace un mes anunci\u00f3 que en trayectos y algunos ratos libres los dedicaba a escribir. Hoy, igualmente en la conferencia de prensa matutina dijo que ya entreg\u00f3 el borrador a la editorial y que la obra saldr\u00e1 a finales del mes en curso.<\/p>\n<p>&nbsp;<\/p>\n<p>El 6 de mayo pasado, el Presidente precis\u00f3 acerca del libro en producci\u00f3n: tiene dos vertientes: <em>\u201cqu\u00e9 hemos hecho en pol\u00edtica interna y qu\u00e9 se ha hecho en pol\u00edtica exterior. Yo sostengo que no se puede ser candil de la calle y oscuridad en la casa, y para ser respetados afuera tenemos que entregar buenas cuentas, primero a nuestro pueblo.<\/em><\/p>\n<p>&nbsp;<\/p>\n<p><em>\u00abLo segundo, pol\u00edtica exterior, que ha representado un apoyo fundamental a nuestra pol\u00edtica interna. El que se haya firmado el Tratado de Libre Comercio nos est\u00e1 ayudando mucho. M\u00e9xico es de los pa\u00edses m\u00e1s atractivos en el mundo para invertir. Tenemos la garant\u00eda de que no va a faltar la inversi\u00f3n extranjera, somos el principal socio comercial de Estados Unidos. Esto significa empleos, bienestar, divisas, crecimiento econ\u00f3mico.<\/em><\/p>\n<p>&nbsp;<\/p>\n<p>En ese mismo cap\u00edtulo explicar\u00e1 la relaci\u00f3n con el ex presidente Trump.<\/p>\n<p>&nbsp;<\/p>\n<p>El tercer cap\u00edtulo<em> \u201cest\u00e1 dirigido a reflexionar sobre el comportamiento de nuestros adversarios, c\u00f3mo se ha conformado en M\u00e9xico un bloque conservador, reaccionario, que ha querido detener el proceso de transformaci\u00f3n\u201d<\/em>.<\/p>\n<p>&nbsp;<\/p>\n<p>Y la \u00faltima parte es <em>\u201cc\u00f3mo estoy viendo el futuro, qu\u00e9 espero para finales del gobierno, aclarando que voy a pasar todav\u00eda la prueba de la revocaci\u00f3n del mandato, que sinceramente no me preocupa mucho\u201d,<\/em> dijo el mes pasado.<\/p>\n<p>&nbsp;<\/p>\n<p>(Publicada el 04\/08\/2021)<\/p>\n","protected":false},"excerpt":{"rendered":"<p>CIUDAD DE M\u00c9XICO.MX. \u2014 El presidente Andr\u00e9s Manuel L\u00f3pez Obrador concluy\u00f3 su nuevo libro en&#8230;<\/p>\n","protected":false},"author":1,"featured_media":119779,"comment_status":"open","ping_status":"open","sticky":false,"template":"","format":"standard","meta":{"_monsterinsights_skip_tracking":false,"_monsterinsights_sitenote_active":false,"_monsterinsights_sitenote_note":"","_monsterinsights_sitenote_category":0,"footnotes":""},"categories":[5],"tags":[],"class_list":["post"],"yoast_head":" \n<title>Sonora en Equipo. Trump, oposici\u00f3n y el resto del sexenio, en nuevo libro de AMLO Rep\u00fablica<\/title>\n<meta name=\"description\" content=\"CIUDAD DE M\u00c9XICO.MX. \u2014 El presidente Andr\u00e9s Manuel L\u00f3pez Obrador concluy\u00f3 su nuevo libro en el cual aborda la pol\u00edtica interior y exterior de su gobierno; En Sonora en Equipo publicamos toda la informaci\u00f3n de Sonora, M\u00e9xico y el Mundo de manera oportuna y busca que la libertad de expresi\u00f3n sea real. Visita nuestro medio informativo publicado desde Hermosillo, Sonora. %\" \/>\n<meta name=\"robots\" content=\"index, follow, max-snippet:-1, max-image-preview:large, max-video-preview:-1\" \/>\n<link rel=\"canonical\" href=\"https:\/\/www.sonoraenequipo.com.mx\/trump-oposicion-y-el-resto-del-sexenio-en-nuevo-libro-de-amlo\/\" \/>\n<meta property=\"og:locale\" content=\"es_ES\" \/>\n<meta property=\"og:type\" content=\"article\" \/>\n<meta property=\"og:title\" content=\"Sonora en Equipo. Trump, oposici\u00f3n y el resto del sexenio, en nuevo libro de AMLO Rep\u00fablica\" \/>\n<meta property=\"og:description\" content=\"CIUDAD DE M\u00c9XICO.MX. \u2014 El presidente Andr\u00e9s Manuel L\u00f3pez Obrador concluy\u00f3 su nuevo libro en el cual aborda la pol\u00edtica interior y exterior de su gobierno; En Sonora en Equipo publicamos toda la informaci\u00f3n de Sonora, M\u00e9xico y el Mundo de manera oportuna y busca que la libertad de expresi\u00f3n sea real. Visita nuestro medio informativo publicado desde Hermosillo, Sonora. %\" \/>\n<meta property=\"og:url\" content=\"https:\/\/www.sonoraenequipo.com.mx\/trump-oposicion-y-el-resto-del-sexenio-en-nuevo-libro-de-amlo\/\" \/>\n<meta property=\"og:site_name\" content=\"Sonora en Equipo.\" \/>\n<meta property=\"article:publisher\" content=\"https:\/\/www.facebook.com\/SonoraEE\/\" \/>\n<meta property=\"article:author\" content=\"https:\/\/www.facebook.com\/SonoraEE\" \/>\n<meta property=\"article:published_time\" content=\"2021-08-04T18:11:01+00:00\" \/>\n<meta property=\"article:modified_time\" content=\"2021-08-04T22:15:42+00:00\" \/>\n<meta property=\"og:image\" content=\"https:\/\/www.sonoraenequipo.com.mx\/storage\/2021\/08\/1Andres-Manuel-Lopez-Obrador_opt.jpg\" \/>\n\t<meta property=\"og:image:width\" content=\"700\" \/>\n\t<meta property=\"og:image:height\" content=\"400\" \/>\n\t<meta property=\"og:image:type\" content=\"image\/jpeg\" \/>\n<meta name=\"author\" content=\"enequipo\" \/>\n<meta name=\"twitter:card\" content=\"summary_large_image\" \/>\n<meta name=\"twitter:creator\" content=\"@sonoraenequipo\" \/>\n<meta name=\"twitter:site\" content=\"@sonoraenequipo\" \/>\n<meta name=\"twitter:label1\" content=\"Escrito por\" \/>\n\t<meta name=\"twitter:data1\" content=\"enequipo\" \/>\n\t<meta name=\"twitter:label2\" content=\"Tiempo de lectura\" \/>\n\t<meta name=\"twitter:data2\" content=\"2 minutos\" \/>\n<script type=\"application\/ld+json\" class=\"yoast-schema-graph\">{\"@context\":\"https:\/\/schema.org\",\"@graph\":[{\"@type\":\"Article\",\"@id\":\"https:\/\/www.sonoraenequipo.com.mx\/trump-oposicion-y-el-resto-del-sexenio-en-nuevo-libro-de-amlo\/#article\",\"isPartOf\":{\"@id\":\"https:\/\/www.sonoraenequipo.com.mx\/trump-oposicion-y-el-resto-del-sexenio-en-nuevo-libro-de-amlo\/\"},\"author\":{\"name\":\"enequipo\",\"@id\":\"https:\/\/www.sonoraenequipo.com.mx\/#\/schema\/person\/50102df0fb23a8fa9e8effad8fa81386\"},\"headline\":\"Trump, oposici\u00f3n y el resto del sexenio, en nuevo libro de AMLO\",\"datePublished\":\"2021-08-04T18:11:01+00:00\",\"dateModified\":\"2021-08-04T22:15:42+00:00\",\"mainEntityOfPage\":{\"@id\":\"https:\/\/www.sonoraenequipo.com.mx\/trump-oposicion-y-el-resto-del-sexenio-en-nuevo-libro-de-amlo\/\"},\"wordCount\":354,\"commentCount\":0,\"publisher\":{\"@id\":\"https:\/\/www.sonoraenequipo.com.mx\/#organization\"},\"image\":{\"@id\":\"https:\/\/www.sonoraenequipo.com.mx\/trump-oposicion-y-el-resto-del-sexenio-en-nuevo-libro-de-amlo\/#primaryimage\"},\"thumbnailUrl\":\"https:\/\/www.sonoraenequipo.com.mx\/storage\/2021\/08\/1Andres-Manuel-Lopez-Obrador_opt.jpg\",\"articleSection\":[\"Rep\u00fablica\"],\"inLanguage\":\"es\",\"potentialAction\":[{\"@type\":\"CommentAction\",\"name\":\"Comment\",\"target\":[\"https:\/\/www.sonoraenequipo.com.mx\/trump-oposicion-y-el-resto-del-sexenio-en-nuevo-libro-de-amlo\/#respond\"]}]},{\"@type\":\"WebPage\",\"@id\":\"https:\/\/www.sonoraenequipo.com.mx\/trump-oposicion-y-el-resto-del-sexenio-en-nuevo-libro-de-amlo\/\",\"url\":\"https:\/\/www.sonoraenequipo.com.mx\/trump-oposicion-y-el-resto-del-sexenio-en-nuevo-libro-de-amlo\/\",\"name\":\"Sonora en Equipo. Trump, oposici\u00f3n y el resto del sexenio, en nuevo libro de AMLO Rep\u00fablica\",\"isPartOf\":{\"@id\":\"https:\/\/www.sonoraenequipo.com.mx\/#website\"},\"primaryImageOfPage\":{\"@id\":\"https:\/\/www.sonoraenequipo.com.mx\/trump-oposicion-y-el-resto-del-sexenio-en-nuevo-libro-de-amlo\/#primaryimage\"},\"image\":{\"@id\":\"https:\/\/www.sonoraenequipo.com.mx\/trump-oposicion-y-el-resto-del-sexenio-en-nuevo-libro-de-amlo\/#primaryimage\"},\"thumbnailUrl\":\"https:\/\/www.sonoraenequipo.com.mx\/storage\/2021\/08\/1Andres-Manuel-Lopez-Obrador_opt.jpg\",\"datePublished\":\"2021-08-04T18:11:01+00:00\",\"dateModified\":\"2021-08-04T22:15:42+00:00\",\"description\":\"CIUDAD DE M\u00c9XICO.MX. \u2014 El presidente Andr\u00e9s Manuel L\u00f3pez Obrador concluy\u00f3 su nuevo libro en el cual aborda la pol\u00edtica interior y exterior de su gobierno; En Sonora en Equipo publicamos toda la informaci\u00f3n de Sonora, M\u00e9xico y el Mundo de manera oportuna y busca que la libertad de expresi\u00f3n sea real. Visita nuestro medio informativo publicado desde Hermosillo, Sonora. %\",\"breadcrumb\":{\"@id\":\"https:\/\/www.sonoraenequipo.com.mx\/trump-oposicion-y-el-resto-del-sexenio-en-nuevo-libro-de-amlo\/#breadcrumb\"},\"inLanguage\":\"es\",\"potentialAction\":[{\"@type\":\"ReadAction\",\"target\":[\"https:\/\/www.sonoraenequipo.com.mx\/trump-oposicion-y-el-resto-del-sexenio-en-nuevo-libro-de-amlo\/\"]}]},{\"@type\":\"ImageObject\",\"inLanguage\":\"es\",\"@id\":\"https:\/\/www.sonoraenequipo.com.mx\/trump-oposicion-y-el-resto-del-sexenio-en-nuevo-libro-de-amlo\/#primaryimage\",\"url\":\"https:\/\/www.sonoraenequipo.com.mx\/storage\/2021\/08\/1Andres-Manuel-Lopez-Obrador_opt.jpg\",\"contentUrl\":\"https:\/\/www.sonoraenequipo.com.mx\/storage\/2021\/08\/1Andres-Manuel-Lopez-Obrador_opt.jpg\",\"width\":700,\"height\":400},{\"@type\":\"BreadcrumbList\",\"@id\":\"https:\/\/www.sonoraenequipo.com.mx\/trump-oposicion-y-el-resto-del-sexenio-en-nuevo-libro-de-amlo\/#breadcrumb\",\"itemListElement\":[{\"@type\":\"ListItem\",\"position\":1,\"name\":\"Portada\",\"item\":\"https:\/\/www.sonoraenequipo.com.mx\/\"},{\"@type\":\"ListItem\",\"position\":2,\"name\":\"Trump, oposici\u00f3n y el resto del sexenio, en nuevo libro de AMLO\"}]},{\"@type\":\"WebSite\",\"@id\":\"https:\/\/www.sonoraenequipo.com.mx\/#website\",\"url\":\"https:\/\/www.sonoraenequipo.com.mx\/\",\"name\":\"Sonora en Equipo.\",\"description\":\"Diario en l\u00ednea con Noticias desde Hermosillo, Sonora\",\"publisher\":{\"@id\":\"https:\/\/www.sonoraenequipo.com.mx\/#organization\"},\"potentialAction\":[{\"@type\":\"SearchAction\",\"target\":{\"@type\":\"EntryPoint\",\"urlTemplate\":\"https:\/\/www.sonoraenequipo.com.mx\/?s={search_term_string}\"},\"query-input\":{\"@type\":\"PropertyValueSpecification\",\"valueRequired\":true,\"valueName\":\"search_term_string\"}}],\"inLanguage\":\"es\"},{\"@type\":\"Organization\",\"@id\":\"https:\/\/www.sonoraenequipo.com.mx\/#organization\",\"name\":\"Sonoraenequipo.com.mx\",\"url\":\"https:\/\/www.sonoraenequipo.com.mx\/\",\"logo\":{\"@type\":\"ImageObject\",\"inLanguage\":\"es\",\"@id\":\"https:\/\/www.sonoraenequipo.com.mx\/#\/schema\/logo\/image\/\",\"url\":\"https:\/\/www.sonoraenequipo.com.mx\/storage\/2019\/01\/sonoraenequipo_opt.png\",\"contentUrl\":\"https:\/\/www.sonoraenequipo.com.mx\/storage\/2019\/01\/sonoraenequipo_opt.png\",\"width\":375,\"height\":125,\"caption\":\"Sonoraenequipo.com.mx\"},\"image\":{\"@id\":\"https:\/\/www.sonoraenequipo.com.mx\/#\/schema\/logo\/image\/\"},\"sameAs\":[\"https:\/\/www.facebook.com\/SonoraEE\/\",\"https:\/\/x.com\/sonoraenequipo\",\"https:\/\/www.youtube.com\/channel\/UC338nW-lPEYmJQs4ZABQ1SQ\"]},{\"@type\":\"Person\",\"@id\":\"https:\/\/www.sonoraenequipo.com.mx\/#\/schema\/person\/50102df0fb23a8fa9e8effad8fa81386\",\"name\":\"enequipo\",\"image\":{\"@type\":\"ImageObject\",\"inLanguage\":\"es\",\"@id\":\"https:\/\/www.sonoraenequipo.com.mx\/#\/schema\/person\/image\/\",\"url\":\"https:\/\/secure.gravatar.com\/avatar\/049821681b589dabc0bc20695993ccebb09f5b5d4d790cd9251b97faac7c652b?s=96&d=blank&r=g\",\"contentUrl\":\"https:\/\/secure.gravatar.com\/avatar\/049821681b589dabc0bc20695993ccebb09f5b5d4d790cd9251b97faac7c652b?s=96&d=blank&r=g\",\"caption\":\"enequipo\"},\"sameAs\":[\"https:\/\/www.facebook.com\/SonoraEE\"]}]}<\/script>\n ","yoast_head_json":{"title":"Sonora en Equipo. Trump, oposici\u00f3n y el resto del sexenio, en nuevo libro de AMLO Rep\u00fablica","description":"CIUDAD DE M\u00c9XICO.MX. \u2014 El presidente Andr\u00e9s Manuel L\u00f3pez Obrador concluy\u00f3 su nuevo libro en el cual aborda la pol\u00edtica interior y exterior de su gobierno; En Sonora en Equipo publicamos toda la informaci\u00f3n de Sonora, M\u00e9xico y el Mundo de manera oportuna y busca que la libertad de expresi\u00f3n sea real. Visita nuestro medio informativo publicado desde Hermosillo, Sonora. %","robots":{"index":"index","follow":"follow","max-snippet":"max-snippet:-1","max-image-preview":"max-image-preview:large","max-video-preview":"max-video-preview:-1"},"canonical":"https:\/\/www.sonoraenequipo.com.mx\/trump-oposicion-y-el-resto-del-sexenio-en-nuevo-libro-de-amlo\/","og_locale":"es_ES","og_type":"article","og_title":"Sonora en Equipo. Trump, oposici\u00f3n y el resto del sexenio, en nuevo libro de AMLO Rep\u00fablica","og_description":"CIUDAD DE M\u00c9XICO.MX. \u2014 El presidente Andr\u00e9s Manuel L\u00f3pez Obrador concluy\u00f3 su nuevo libro en el cual aborda la pol\u00edtica interior y exterior de su gobierno; En Sonora en Equipo publicamos toda la informaci\u00f3n de Sonora, M\u00e9xico y el Mundo de manera oportuna y busca que la libertad de expresi\u00f3n sea real. Visita nuestro medio informativo publicado desde Hermosillo, Sonora. %","og_url":"https:\/\/www.sonoraenequipo.com.mx\/trump-oposicion-y-el-resto-del-sexenio-en-nuevo-libro-de-amlo\/","og_site_name":"Sonora en Equipo.","article_publisher":"https:\/\/www.facebook.com\/SonoraEE\/","article_author":"https:\/\/www.facebook.com\/SonoraEE","article_published_time":"2021-08-04T18:11:01+00:00","article_modified_time":"2021-08-04T22:15:42+00:00","og_image":[{"width":700,"height":400,"url":"https:\/\/www.sonoraenequipo.com.mx\/storage\/2021\/08\/1Andres-Manuel-Lopez-Obrador_opt.jpg","type":"image\/jpeg"}],"author":"enequipo","twitter_card":"summary_large_image","twitter_creator":"@sonoraenequipo","twitter_site":"@sonoraenequipo","twitter_misc":{"Escrito por":"enequipo","Tiempo de lectura":"2 minutos"},"schema":{"@context":"https:\/\/schema.org","@graph":[{"@type":"Article","@id":"https:\/\/www.sonoraenequipo.com.mx\/trump-oposicion-y-el-resto-del-sexenio-en-nuevo-libro-de-amlo\/#article","isPartOf":{"@id":"https:\/\/www.sonoraenequipo.com.mx\/trump-oposicion-y-el-resto-del-sexenio-en-nuevo-libro-de-amlo\/"},"author":{"name":"enequipo","@id":"https:\/\/www.sonoraenequipo.com.mx\/#\/schema\/person\/50102df0fb23a8fa9e8effad8fa81386"},"headline":"Trump, oposici\u00f3n y el resto del sexenio, en nuevo libro de AMLO","datePublished":"2021-08-04T18:11:01+00:00","dateModified":"2021-08-04T22:15:42+00:00","mainEntityOfPage":{"@id":"https:\/\/www.sonoraenequipo.com.mx\/trump-oposicion-y-el-resto-del-sexenio-en-nuevo-libro-de-amlo\/"},"wordCount":354,"commentCount":0,"publisher":{"@id":"https:\/\/www.sonoraenequipo.com.mx\/#organization"},"image":{"@id":"https:\/\/www.sonoraenequipo.com.mx\/trump-oposicion-y-el-resto-del-sexenio-en-nuevo-libro-de-amlo\/#primaryimage"},"thumbnailUrl":"https:\/\/www.sonoraenequipo.com.mx\/storage\/2021\/08\/1Andres-Manuel-Lopez-Obrador_opt.jpg","articleSection":["Rep\u00fablica"],"inLanguage":"es","potentialAction":[{"@type":"CommentAction","name":"Comment","target":["https:\/\/www.sonoraenequipo.com.mx\/trump-oposicion-y-el-resto-del-sexenio-en-nuevo-libro-de-amlo\/#respond"]}]},{"@type":"WebPage","@id":"https:\/\/www.sonoraenequipo.com.mx\/trump-oposicion-y-el-resto-del-sexenio-en-nuevo-libro-de-amlo\/","url":"https:\/\/www.sonoraenequipo.com.mx\/trump-oposicion-y-el-resto-del-sexenio-en-nuevo-libro-de-amlo\/","name":"Sonora en Equipo. Trump, oposici\u00f3n y el resto del sexenio, en nuevo libro de AMLO Rep\u00fablica","isPartOf":{"@id":"https:\/\/www.sonoraenequipo.com.mx\/#website"},"primaryImageOfPage":{"@id":"https:\/\/www.sonoraenequipo.com.mx\/trump-oposicion-y-el-resto-del-sexenio-en-nuevo-libro-de-amlo\/#primaryimage"},"image":{"@id":"https:\/\/www.sonoraenequipo.com.mx\/trump-oposicion-y-el-resto-del-sexenio-en-nuevo-libro-de-amlo\/#primaryimage"},"thumbnailUrl":"https:\/\/www.sonoraenequipo.com.mx\/storage\/2021\/08\/1Andres-Manuel-Lopez-Obrador_opt.jpg","datePublished":"2021-08-04T18:11:01+00:00","dateModified":"2021-08-04T22:15:42+00:00","description":"CIUDAD DE M\u00c9XICO.MX. \u2014 El presidente Andr\u00e9s Manuel L\u00f3pez Obrador concluy\u00f3 su nuevo libro en el cual aborda la pol\u00edtica interior y exterior de su gobierno; En Sonora en Equipo publicamos toda la informaci\u00f3n de Sonora, M\u00e9xico y el Mundo de manera oportuna y busca que la libertad de expresi\u00f3n sea real. Visita nuestro medio informativo publicado desde Hermosillo, Sonora. %","breadcrumb":{"@id":"https:\/\/www.sonoraenequipo.com.mx\/trump-oposicion-y-el-resto-del-sexenio-en-nuevo-libro-de-amlo\/#breadcrumb"},"inLanguage":"es","potentialAction":[{"@type":"ReadAction","target":["https:\/\/www.sonoraenequipo.com.mx\/trump-oposicion-y-el-resto-del-sexenio-en-nuevo-libro-de-amlo\/"]}]},{"@type":"ImageObject","inLanguage":"es","@id":"https:\/\/www.sonoraenequipo.com.mx\/trump-oposicion-y-el-resto-del-sexenio-en-nuevo-libro-de-amlo\/#primaryimage","url":"https:\/\/www.sonoraenequipo.com.mx\/storage\/2021\/08\/1Andres-Manuel-Lopez-Obrador_opt.jpg","contentUrl":"https:\/\/www.sonoraenequipo.com.mx\/storage\/2021\/08\/1Andres-Manuel-Lopez-Obrador_opt.jpg","width":700,"height":400},{"@type":"BreadcrumbList","@id":"https:\/\/www.sonoraenequipo.com.mx\/trump-oposicion-y-el-resto-del-sexenio-en-nuevo-libro-de-amlo\/#breadcrumb","itemListElement":[{"@type":"ListItem","position":1,"name":"Portada","item":"https:\/\/www.sonoraenequipo.com.mx\/"},{"@type":"ListItem","position":2,"name":"Trump, oposici\u00f3n y el resto del sexenio, en nuevo libro de AMLO"}]},{"@type":"WebSite","@id":"https:\/\/www.sonoraenequipo.com.mx\/#website","url":"https:\/\/www.sonoraenequipo.com.mx\/","name":"Sonora en Equipo.","description":"Diario en l\u00ednea con Noticias desde Hermosillo, Sonora","publisher":{"@id":"https:\/\/www.sonoraenequipo.com.mx\/#organization"},"potentialAction":[{"@type":"SearchAction","target":{"@type":"EntryPoint","urlTemplate":"https:\/\/www.sonoraenequipo.com.mx\/?s={search_term_string}"},"query-input":{"@type":"PropertyValueSpecification","valueRequired":true,"valueName":"search_term_string"}}],"inLanguage":"es"},{"@type":"Organization","@id":"https:\/\/www.sonoraenequipo.com.mx\/#organization","name":"Sonoraenequipo.com.mx","url":"https:\/\/www.sonoraenequipo.com.mx\/","logo":{"@type":"ImageObject","inLanguage":"es","@id":"https:\/\/www.sonoraenequipo.com.mx\/#\/schema\/logo\/image\/","url":"https:\/\/www.sonoraenequipo.com.mx\/storage\/2019\/01\/sonoraenequipo_opt.png","contentUrl":"https:\/\/www.sonoraenequipo.com.mx\/storage\/2019\/01\/sonoraenequipo_opt.png","width":375,"height":125,"caption":"Sonoraenequipo.com.mx"},"image":{"@id":"https:\/\/www.sonoraenequipo.com.mx\/#\/schema\/logo\/image\/"},"sameAs":["https:\/\/www.facebook.com\/SonoraEE\/","https:\/\/x.com\/sonoraenequipo","https:\/\/www.youtube.com\/channel\/UC338nW-lPEYmJQs4ZABQ1SQ"]},{"@type":"Person","@id":"https:\/\/www.sonoraenequipo.com.mx\/#\/schema\/person\/50102df0fb23a8fa9e8effad8fa81386","name":"enequipo","image":{"@type":"ImageObject","inLanguage":"es","@id":"https:\/\/www.sonoraenequipo.com.mx\/#\/schema\/person\/image\/","url":"https:\/\/secure.gravatar.com\/avatar\/049821681b589dabc0bc20695993ccebb09f5b5d4d790cd9251b97faac7c652b?s=96&d=blank&r=g","contentUrl":"https:\/\/secure.gravatar.com\/avatar\/049821681b589dabc0bc20695993ccebb09f5b5d4d790cd9251b97faac7c652b?s=96&d=blank&r=g","caption":"enequipo"},"sameAs":["https:\/\/www.facebook.com\/SonoraEE"]}]}},"jetpack_featured_media_url":"https:\/\/www.sonoraenequipo.com.mx\/storage\/2021\/08\/1Andres-Manuel-Lopez-Obrador_opt.jpg","_links":{"self":[{"href":"https:\/\/www.sonoraenequipo.com.mx\/api\/wp\/v2\/posts\/119770","targetHints":{"allow":["GET"]}}],"collection":[{"href":"https:\/\/www.sonoraenequipo.com.mx\/api\/wp\/v2\/posts"}],"about":[{"href":"https:\/\/www.sonoraenequipo.com.mx\/api\/wp\/v2\/types\/post"}],"author":[{"embeddable":true,"href":"https:\/\/www.sonoraenequipo.com.mx\/api\/wp\/v2\/users\/1"}],"replies":[{"embeddable":true,"href":"https:\/\/www.sonoraenequipo.com.mx\/api\/wp\/v2\/comments?post=119770"}],"version-history":[{"count":1,"href":"https:\/\/www.sonoraenequipo.com.mx\/api\/wp\/v2\/posts\/119770\/revisions"}],"predecessor-version":[{"id":119781,"href":"https:\/\/www.sonoraenequipo.com.mx\/api\/wp\/v2\/posts\/119770\/revisions\/119781"}],"wp:featuredmedia":[{"embeddable":true,"href":"https:\/\/www.sonoraenequipo.com.mx\/api\/wp\/v2\/media\/119779"}],"wp:attachment":[{"href":"https:\/\/www.sonoraenequipo.com.mx\/api\/wp\/v2\/media?parent=119770"}],"wp:term":[{"taxonomy":"category","embeddable":true,"href":"https:\/\/www.sonoraenequipo.com.mx\/api\/wp\/v2\/categories?post=119770"},{"taxonomy":"post_tag","embeddable":true,"href":"https:\/\/www.sonoraenequipo.com.mx\/api\/wp\/v2\/tags?post=119770"}],"curies":[{"name":"wp","href":"https:\/\/api.w.org\/{rel}","templated":true}]}}