{"id":119772,"date":"2021-08-04T14:37:58","date_gmt":"2021-08-04T21:37:58","guid":{"rendered":"https:\/\/www.sonoraenequipo.com.mx\/?p=119772"},"modified":"2021-08-04T14:37:58","modified_gmt":"2021-08-04T21:37:58","slug":"reconoce-secretario-de-salud-a-sonorenses-que-se-han-vacunado-contra-covid","status":"publish","type":"post","link":"https:\/\/www.sonoraenequipo.com.mx\/reconoce-secretario-de-salud-a-sonorenses-que-se-han-vacunado-contra-covid\/","title":{"rendered":"Reconoce secretario de Salud a sonorenses que se han vacunado contra COVID"},"content":{"rendered":"<p>&nbsp;<\/p>\n<p>\u25baSe confirman cinco defunciones y 210 nuevos casos<\/p>\n<p>&nbsp;<\/p>\n<p>&nbsp;<\/p>\n<p>HERMOSILLO, SONORA,MX.\u2500\u2500 \u00a0Un reconocimiento a las personas que ya se vacunaron contra el COVID-19, con esquema completo o con la primera dosis, realiz\u00f3 el secretario de Salud Enrique Clausen Iberri, porque adem\u00e1s de protegerse uno mismo, dijo, est\u00e1n protegiendo a quienes est\u00e1n a tu alrededor.<\/p>\n<p>&nbsp;<\/p>\n<p>&nbsp;<\/p>\n<p>&nbsp;<\/p>\n<p>Despu\u00e9s de confirmarse cinco defunciones y 210 nuevos casos por Covid, es su mensaje a las y los sonorenses tambi\u00e9n detallo que al vacunarse tambi\u00e9n ayudan a todo el sector salud, porque en caso de tener la enfermedad, la vacuna ayudar\u00e1 a no llegar grave al hospital.<\/p>\n<p>&nbsp;<\/p>\n<p>&nbsp;<\/p>\n<p>&nbsp;<\/p>\n<p>Clausen Iberri asegur\u00f3 que contar con cualquiera de las vacunas contra el Coronavirus que hay disponible protege de la enfermedad y de llegar a enfermar, el biol\u00f3gico disminuir\u00e1 la posibilidad de desarrollar s\u00edntomas graves.<\/p>\n<p>&nbsp;<\/p>\n<p>&nbsp;<\/p>\n<p>&nbsp;<\/p>\n<p>\u201cSi ya te vacunaste debes seguir con los mismos protocolos que has llevado a cabo por m\u00e1s de un a\u00f1o desde que inici\u00f3 la pandemia: uso de cubrebocas, lavado frecuente de mano, y practicar el distanciamiento social; gracias por este acto de responsabilidad\u201d, finaliz\u00f3.<\/p>\n<p>&nbsp;<\/p>\n<p>&nbsp;<\/p>\n<p>&nbsp;<\/p>\n<p>En cuanto a los datos estad\u00edsticos 79 mil 152 personas se han recuperado en Sonora; nueve pacientes Covid fueron dados de alta; se confirman cinco decesos en cinco mujeres residentes de Cajeme tres; Caborca dos; todas derechohabientes del IMSS; acumul\u00e1ndose 6 mil 768 defunciones.<\/p>\n<p>&nbsp;<\/p>\n<p>&nbsp;<\/p>\n<p>&nbsp;<\/p>\n<p>Se suman 210 nuevos casos por Covid, en 110 mujeres y 100 hombres; acumul\u00e1ndose 88 mil 656 casos en total. Lod nuevos contagios son en residentes de Cajeme 128; Hermosillo 37; Guaymas 23; Nogales siete; Huatabampo seis; Empalme cuatro; Etchojoa y Agua Prieta dos cada uno; Benito Ju\u00e1rez uno.<\/p>\n<p>&nbsp;<\/p>\n<p>Se confirmaron 11 casos pedi\u00e1tricos, en siete ni\u00f1as y cuatro ni\u00f1os; acumul\u00e1ndose 2 mil 114 casos en total y cuatro casos en mujeres embarazadas, acumul\u00e1ndose 625 casos en total.<\/p>\n<p>&nbsp;<\/p>\n<p>No se confirmaron casos en trabajadores de la salud.<\/p>\n<p>&nbsp;<\/p>\n<p>Al momento se han realizado 163 mil 596 pruebas; 88 mil 656 casos se han confirmado y 74 mil 940 han sido descartados; 10 mil 228 personas presentan cuadro leve (2 mil 394 activos y 7 mil 834 seguimiento terminado); 71 mil 318 pacientes curados; hospitalizados 342 (48 estables, 216 graves, 78 cr\u00edticos).<\/p>\n<p>&nbsp;<\/p>\n<p>&nbsp;<\/p>\n<p>&nbsp;<\/p>\n<p>Casos COVID-19 en Sonora 88,656 casos confirmados y 6,768 defunciones<\/p>\n<p>Fecha de Publicaci\u00f3n\u00a0 mi\u00e9rcoles\u00a0 \/ 04\u00a0\u00a0 \/ agosto \/ 2021<\/p>\n<p>&nbsp;<\/p>\n","protected":false},"excerpt":{"rendered":"<p>&nbsp; \u25baSe confirman cinco defunciones y 210 nuevos casos &nbsp; &nbsp; HERMOSILLO, SONORA,MX.\u2500\u2500 \u00a0Un reconocimiento&#8230;<\/p>\n","protected":false},"author":1,"featured_media":115964,"comment_status":"open","ping_status":"open","sticky":false,"template":"","format":"standard","meta":{"_monsterinsights_skip_tracking":false,"_monsterinsights_sitenote_active":false,"_monsterinsights_sitenote_note":"","_monsterinsights_sitenote_category":0,"footnotes":""},"categories":[22],"tags":[4249,15],"class_list":["post"],"yoast_head":" \n<title>Sonora en Equipo. Reconoce secretario de Salud a sonorenses que se han vacunado contra COVID Sonora<\/title>\n<meta name=\"description\" content=\"&nbsp; \u25baSe confirman cinco defunciones y 210 nuevos casos &nbsp; &nbsp; HERMOSILLO, SONORA,MX.\u2500\u2500 \u00a0Un reconocimiento a las personas que ya se vacunaron En Sonora en Equipo publicamos toda la informaci\u00f3n de Sonora, M\u00e9xico y el Mundo de manera oportuna y busca que la libertad de expresi\u00f3n sea real. Visita nuestro medio informativo publicado desde Hermosillo, Sonora. %\" \/>\n<meta name=\"robots\" content=\"index, follow, max-snippet:-1, max-image-preview:large, max-video-preview:-1\" \/>\n<link rel=\"canonical\" href=\"https:\/\/www.sonoraenequipo.com.mx\/reconoce-secretario-de-salud-a-sonorenses-que-se-han-vacunado-contra-covid\/\" \/>\n<meta property=\"og:locale\" content=\"es_ES\" \/>\n<meta property=\"og:type\" content=\"article\" \/>\n<meta property=\"og:title\" content=\"Sonora en Equipo. Reconoce secretario de Salud a sonorenses que se han vacunado contra COVID Sonora\" \/>\n<meta property=\"og:description\" content=\"&nbsp; \u25baSe confirman cinco defunciones y 210 nuevos casos &nbsp; &nbsp; HERMOSILLO, SONORA,MX.\u2500\u2500 \u00a0Un reconocimiento a las personas que ya se vacunaron En Sonora en Equipo publicamos toda la informaci\u00f3n de Sonora, M\u00e9xico y el Mundo de manera oportuna y busca que la libertad de expresi\u00f3n sea real. Visita nuestro medio informativo publicado desde Hermosillo, Sonora. %\" \/>\n<meta property=\"og:url\" content=\"https:\/\/www.sonoraenequipo.com.mx\/reconoce-secretario-de-salud-a-sonorenses-que-se-han-vacunado-contra-covid\/\" \/>\n<meta property=\"og:site_name\" content=\"Sonora en Equipo.\" \/>\n<meta property=\"article:publisher\" content=\"https:\/\/www.facebook.com\/SonoraEE\/\" \/>\n<meta property=\"article:author\" content=\"https:\/\/www.facebook.com\/SonoraEE\" \/>\n<meta property=\"article:published_time\" content=\"2021-08-04T21:37:58+00:00\" \/>\n<meta property=\"og:image\" content=\"https:\/\/www.sonoraenequipo.com.mx\/storage\/2021\/06\/e-clausen16.jpg\" \/>\n\t<meta property=\"og:image:width\" content=\"700\" \/>\n\t<meta property=\"og:image:height\" content=\"400\" \/>\n\t<meta property=\"og:image:type\" content=\"image\/jpeg\" \/>\n<meta name=\"author\" content=\"enequipo\" \/>\n<meta name=\"twitter:card\" content=\"summary_large_image\" \/>\n<meta name=\"twitter:creator\" content=\"@sonoraenequipo\" \/>\n<meta name=\"twitter:site\" content=\"@sonoraenequipo\" \/>\n<meta name=\"twitter:label1\" content=\"Escrito por\" \/>\n\t<meta name=\"twitter:data1\" content=\"enequipo\" \/>\n\t<meta name=\"twitter:label2\" content=\"Tiempo de lectura\" \/>\n\t<meta name=\"twitter:data2\" content=\"2 minutos\" \/>\n<script type=\"application\/ld+json\" class=\"yoast-schema-graph\">{\"@context\":\"https:\/\/schema.org\",\"@graph\":[{\"@type\":\"Article\",\"@id\":\"https:\/\/www.sonoraenequipo.com.mx\/reconoce-secretario-de-salud-a-sonorenses-que-se-han-vacunado-contra-covid\/#article\",\"isPartOf\":{\"@id\":\"https:\/\/www.sonoraenequipo.com.mx\/reconoce-secretario-de-salud-a-sonorenses-que-se-han-vacunado-contra-covid\/\"},\"author\":{\"name\":\"enequipo\",\"@id\":\"https:\/\/www.sonoraenequipo.com.mx\/#\/schema\/person\/50102df0fb23a8fa9e8effad8fa81386\"},\"headline\":\"Reconoce secretario de Salud a sonorenses que se han vacunado contra COVID\",\"datePublished\":\"2021-08-04T21:37:58+00:00\",\"mainEntityOfPage\":{\"@id\":\"https:\/\/www.sonoraenequipo.com.mx\/reconoce-secretario-de-salud-a-sonorenses-que-se-han-vacunado-contra-covid\/\"},\"wordCount\":399,\"commentCount\":0,\"publisher\":{\"@id\":\"https:\/\/www.sonoraenequipo.com.mx\/#organization\"},\"image\":{\"@id\":\"https:\/\/www.sonoraenequipo.com.mx\/reconoce-secretario-de-salud-a-sonorenses-que-se-han-vacunado-contra-covid\/#primaryimage\"},\"thumbnailUrl\":\"https:\/\/www.sonoraenequipo.com.mx\/storage\/2021\/06\/e-clausen16.jpg\",\"keywords\":[\"covid\",\"Sonora\"],\"articleSection\":[\"Sonora\"],\"inLanguage\":\"es\",\"potentialAction\":[{\"@type\":\"CommentAction\",\"name\":\"Comment\",\"target\":[\"https:\/\/www.sonoraenequipo.com.mx\/reconoce-secretario-de-salud-a-sonorenses-que-se-han-vacunado-contra-covid\/#respond\"]}]},{\"@type\":\"WebPage\",\"@id\":\"https:\/\/www.sonoraenequipo.com.mx\/reconoce-secretario-de-salud-a-sonorenses-que-se-han-vacunado-contra-covid\/\",\"url\":\"https:\/\/www.sonoraenequipo.com.mx\/reconoce-secretario-de-salud-a-sonorenses-que-se-han-vacunado-contra-covid\/\",\"name\":\"Sonora en Equipo. Reconoce secretario de Salud a sonorenses que se han vacunado contra COVID Sonora\",\"isPartOf\":{\"@id\":\"https:\/\/www.sonoraenequipo.com.mx\/#website\"},\"primaryImageOfPage\":{\"@id\":\"https:\/\/www.sonoraenequipo.com.mx\/reconoce-secretario-de-salud-a-sonorenses-que-se-han-vacunado-contra-covid\/#primaryimage\"},\"image\":{\"@id\":\"https:\/\/www.sonoraenequipo.com.mx\/reconoce-secretario-de-salud-a-sonorenses-que-se-han-vacunado-contra-covid\/#primaryimage\"},\"thumbnailUrl\":\"https:\/\/www.sonoraenequipo.com.mx\/storage\/2021\/06\/e-clausen16.jpg\",\"datePublished\":\"2021-08-04T21:37:58+00:00\",\"description\":\"&nbsp; \u25baSe confirman cinco defunciones y 210 nuevos casos &nbsp; &nbsp; HERMOSILLO, SONORA,MX.\u2500\u2500 \u00a0Un reconocimiento a las personas que ya se vacunaron En Sonora en Equipo publicamos toda la informaci\u00f3n de Sonora, M\u00e9xico y el Mundo de manera oportuna y busca que la libertad de expresi\u00f3n sea real. Visita nuestro medio informativo publicado desde Hermosillo, Sonora. %\",\"breadcrumb\":{\"@id\":\"https:\/\/www.sonoraenequipo.com.mx\/reconoce-secretario-de-salud-a-sonorenses-que-se-han-vacunado-contra-covid\/#breadcrumb\"},\"inLanguage\":\"es\",\"potentialAction\":[{\"@type\":\"ReadAction\",\"target\":[\"https:\/\/www.sonoraenequipo.com.mx\/reconoce-secretario-de-salud-a-sonorenses-que-se-han-vacunado-contra-covid\/\"]}]},{\"@type\":\"ImageObject\",\"inLanguage\":\"es\",\"@id\":\"https:\/\/www.sonoraenequipo.com.mx\/reconoce-secretario-de-salud-a-sonorenses-que-se-han-vacunado-contra-covid\/#primaryimage\",\"url\":\"https:\/\/www.sonoraenequipo.com.mx\/storage\/2021\/06\/e-clausen16.jpg\",\"contentUrl\":\"https:\/\/www.sonoraenequipo.com.mx\/storage\/2021\/06\/e-clausen16.jpg\",\"width\":700,\"height\":400},{\"@type\":\"BreadcrumbList\",\"@id\":\"https:\/\/www.sonoraenequipo.com.mx\/reconoce-secretario-de-salud-a-sonorenses-que-se-han-vacunado-contra-covid\/#breadcrumb\",\"itemListElement\":[{\"@type\":\"ListItem\",\"position\":1,\"name\":\"Portada\",\"item\":\"https:\/\/www.sonoraenequipo.com.mx\/\"},{\"@type\":\"ListItem\",\"position\":2,\"name\":\"Reconoce secretario de Salud a sonorenses que se han vacunado contra COVID\"}]},{\"@type\":\"WebSite\",\"@id\":\"https:\/\/www.sonoraenequipo.com.mx\/#website\",\"url\":\"https:\/\/www.sonoraenequipo.com.mx\/\",\"name\":\"Sonora en Equipo.\",\"description\":\"Diario en l\u00ednea con Noticias desde Hermosillo, Sonora\",\"publisher\":{\"@id\":\"https:\/\/www.sonoraenequipo.com.mx\/#organization\"},\"potentialAction\":[{\"@type\":\"SearchAction\",\"target\":{\"@type\":\"EntryPoint\",\"urlTemplate\":\"https:\/\/www.sonoraenequipo.com.mx\/?s={search_term_string}\"},\"query-input\":{\"@type\":\"PropertyValueSpecification\",\"valueRequired\":true,\"valueName\":\"search_term_string\"}}],\"inLanguage\":\"es\"},{\"@type\":\"Organization\",\"@id\":\"https:\/\/www.sonoraenequipo.com.mx\/#organization\",\"name\":\"Sonoraenequipo.com.mx\",\"url\":\"https:\/\/www.sonoraenequipo.com.mx\/\",\"logo\":{\"@type\":\"ImageObject\",\"inLanguage\":\"es\",\"@id\":\"https:\/\/www.sonoraenequipo.com.mx\/#\/schema\/logo\/image\/\",\"url\":\"https:\/\/www.sonoraenequipo.com.mx\/storage\/2019\/01\/sonoraenequipo_opt.png\",\"contentUrl\":\"https:\/\/www.sonoraenequipo.com.mx\/storage\/2019\/01\/sonoraenequipo_opt.png\",\"width\":375,\"height\":125,\"caption\":\"Sonoraenequipo.com.mx\"},\"image\":{\"@id\":\"https:\/\/www.sonoraenequipo.com.mx\/#\/schema\/logo\/image\/\"},\"sameAs\":[\"https:\/\/www.facebook.com\/SonoraEE\/\",\"https:\/\/x.com\/sonoraenequipo\",\"https:\/\/www.youtube.com\/channel\/UC338nW-lPEYmJQs4ZABQ1SQ\"]},{\"@type\":\"Person\",\"@id\":\"https:\/\/www.sonoraenequipo.com.mx\/#\/schema\/person\/50102df0fb23a8fa9e8effad8fa81386\",\"name\":\"enequipo\",\"image\":{\"@type\":\"ImageObject\",\"inLanguage\":\"es\",\"@id\":\"https:\/\/www.sonoraenequipo.com.mx\/#\/schema\/person\/image\/\",\"url\":\"https:\/\/secure.gravatar.com\/avatar\/049821681b589dabc0bc20695993ccebb09f5b5d4d790cd9251b97faac7c652b?s=96&d=blank&r=g\",\"contentUrl\":\"https:\/\/secure.gravatar.com\/avatar\/049821681b589dabc0bc20695993ccebb09f5b5d4d790cd9251b97faac7c652b?s=96&d=blank&r=g\",\"caption\":\"enequipo\"},\"sameAs\":[\"https:\/\/www.facebook.com\/SonoraEE\"]}]}<\/script>\n ","yoast_head_json":{"title":"Sonora en Equipo. Reconoce secretario de Salud a sonorenses que se han vacunado contra COVID Sonora","description":"&nbsp; \u25baSe confirman cinco defunciones y 210 nuevos casos &nbsp; &nbsp; HERMOSILLO, SONORA,MX.\u2500\u2500 \u00a0Un reconocimiento a las personas que ya se vacunaron En Sonora en Equipo publicamos toda la informaci\u00f3n de Sonora, M\u00e9xico y el Mundo de manera oportuna y busca que la libertad de expresi\u00f3n sea real. Visita nuestro medio informativo publicado desde Hermosillo, Sonora. %","robots":{"index":"index","follow":"follow","max-snippet":"max-snippet:-1","max-image-preview":"max-image-preview:large","max-video-preview":"max-video-preview:-1"},"canonical":"https:\/\/www.sonoraenequipo.com.mx\/reconoce-secretario-de-salud-a-sonorenses-que-se-han-vacunado-contra-covid\/","og_locale":"es_ES","og_type":"article","og_title":"Sonora en Equipo. Reconoce secretario de Salud a sonorenses que se han vacunado contra COVID Sonora","og_description":"&nbsp; \u25baSe confirman cinco defunciones y 210 nuevos casos &nbsp; &nbsp; HERMOSILLO, SONORA,MX.\u2500\u2500 \u00a0Un reconocimiento a las personas que ya se vacunaron En Sonora en Equipo publicamos toda la informaci\u00f3n de Sonora, M\u00e9xico y el Mundo de manera oportuna y busca que la libertad de expresi\u00f3n sea real. Visita nuestro medio informativo publicado desde Hermosillo, Sonora. %","og_url":"https:\/\/www.sonoraenequipo.com.mx\/reconoce-secretario-de-salud-a-sonorenses-que-se-han-vacunado-contra-covid\/","og_site_name":"Sonora en Equipo.","article_publisher":"https:\/\/www.facebook.com\/SonoraEE\/","article_author":"https:\/\/www.facebook.com\/SonoraEE","article_published_time":"2021-08-04T21:37:58+00:00","og_image":[{"width":700,"height":400,"url":"https:\/\/www.sonoraenequipo.com.mx\/storage\/2021\/06\/e-clausen16.jpg","type":"image\/jpeg"}],"author":"enequipo","twitter_card":"summary_large_image","twitter_creator":"@sonoraenequipo","twitter_site":"@sonoraenequipo","twitter_misc":{"Escrito por":"enequipo","Tiempo de lectura":"2 minutos"},"schema":{"@context":"https:\/\/schema.org","@graph":[{"@type":"Article","@id":"https:\/\/www.sonoraenequipo.com.mx\/reconoce-secretario-de-salud-a-sonorenses-que-se-han-vacunado-contra-covid\/#article","isPartOf":{"@id":"https:\/\/www.sonoraenequipo.com.mx\/reconoce-secretario-de-salud-a-sonorenses-que-se-han-vacunado-contra-covid\/"},"author":{"name":"enequipo","@id":"https:\/\/www.sonoraenequipo.com.mx\/#\/schema\/person\/50102df0fb23a8fa9e8effad8fa81386"},"headline":"Reconoce secretario de Salud a sonorenses que se han vacunado contra COVID","datePublished":"2021-08-04T21:37:58+00:00","mainEntityOfPage":{"@id":"https:\/\/www.sonoraenequipo.com.mx\/reconoce-secretario-de-salud-a-sonorenses-que-se-han-vacunado-contra-covid\/"},"wordCount":399,"commentCount":0,"publisher":{"@id":"https:\/\/www.sonoraenequipo.com.mx\/#organization"},"image":{"@id":"https:\/\/www.sonoraenequipo.com.mx\/reconoce-secretario-de-salud-a-sonorenses-que-se-han-vacunado-contra-covid\/#primaryimage"},"thumbnailUrl":"https:\/\/www.sonoraenequipo.com.mx\/storage\/2021\/06\/e-clausen16.jpg","keywords":["covid","Sonora"],"articleSection":["Sonora"],"inLanguage":"es","potentialAction":[{"@type":"CommentAction","name":"Comment","target":["https:\/\/www.sonoraenequipo.com.mx\/reconoce-secretario-de-salud-a-sonorenses-que-se-han-vacunado-contra-covid\/#respond"]}]},{"@type":"WebPage","@id":"https:\/\/www.sonoraenequipo.com.mx\/reconoce-secretario-de-salud-a-sonorenses-que-se-han-vacunado-contra-covid\/","url":"https:\/\/www.sonoraenequipo.com.mx\/reconoce-secretario-de-salud-a-sonorenses-que-se-han-vacunado-contra-covid\/","name":"Sonora en Equipo. Reconoce secretario de Salud a sonorenses que se han vacunado contra COVID Sonora","isPartOf":{"@id":"https:\/\/www.sonoraenequipo.com.mx\/#website"},"primaryImageOfPage":{"@id":"https:\/\/www.sonoraenequipo.com.mx\/reconoce-secretario-de-salud-a-sonorenses-que-se-han-vacunado-contra-covid\/#primaryimage"},"image":{"@id":"https:\/\/www.sonoraenequipo.com.mx\/reconoce-secretario-de-salud-a-sonorenses-que-se-han-vacunado-contra-covid\/#primaryimage"},"thumbnailUrl":"https:\/\/www.sonoraenequipo.com.mx\/storage\/2021\/06\/e-clausen16.jpg","datePublished":"2021-08-04T21:37:58+00:00","description":"&nbsp; \u25baSe confirman cinco defunciones y 210 nuevos casos &nbsp; &nbsp; HERMOSILLO, SONORA,MX.\u2500\u2500 \u00a0Un reconocimiento a las personas que ya se vacunaron En Sonora en Equipo publicamos toda la informaci\u00f3n de Sonora, M\u00e9xico y el Mundo de manera oportuna y busca que la libertad de expresi\u00f3n sea real. Visita nuestro medio informativo publicado desde Hermosillo, Sonora. %","breadcrumb":{"@id":"https:\/\/www.sonoraenequipo.com.mx\/reconoce-secretario-de-salud-a-sonorenses-que-se-han-vacunado-contra-covid\/#breadcrumb"},"inLanguage":"es","potentialAction":[{"@type":"ReadAction","target":["https:\/\/www.sonoraenequipo.com.mx\/reconoce-secretario-de-salud-a-sonorenses-que-se-han-vacunado-contra-covid\/"]}]},{"@type":"ImageObject","inLanguage":"es","@id":"https:\/\/www.sonoraenequipo.com.mx\/reconoce-secretario-de-salud-a-sonorenses-que-se-han-vacunado-contra-covid\/#primaryimage","url":"https:\/\/www.sonoraenequipo.com.mx\/storage\/2021\/06\/e-clausen16.jpg","contentUrl":"https:\/\/www.sonoraenequipo.com.mx\/storage\/2021\/06\/e-clausen16.jpg","width":700,"height":400},{"@type":"BreadcrumbList","@id":"https:\/\/www.sonoraenequipo.com.mx\/reconoce-secretario-de-salud-a-sonorenses-que-se-han-vacunado-contra-covid\/#breadcrumb","itemListElement":[{"@type":"ListItem","position":1,"name":"Portada","item":"https:\/\/www.sonoraenequipo.com.mx\/"},{"@type":"ListItem","position":2,"name":"Reconoce secretario de Salud a sonorenses que se han vacunado contra COVID"}]},{"@type":"WebSite","@id":"https:\/\/www.sonoraenequipo.com.mx\/#website","url":"https:\/\/www.sonoraenequipo.com.mx\/","name":"Sonora en Equipo.","description":"Diario en l\u00ednea con Noticias desde Hermosillo, Sonora","publisher":{"@id":"https:\/\/www.sonoraenequipo.com.mx\/#organization"},"potentialAction":[{"@type":"SearchAction","target":{"@type":"EntryPoint","urlTemplate":"https:\/\/www.sonoraenequipo.com.mx\/?s={search_term_string}"},"query-input":{"@type":"PropertyValueSpecification","valueRequired":true,"valueName":"search_term_string"}}],"inLanguage":"es"},{"@type":"Organization","@id":"https:\/\/www.sonoraenequipo.com.mx\/#organization","name":"Sonoraenequipo.com.mx","url":"https:\/\/www.sonoraenequipo.com.mx\/","logo":{"@type":"ImageObject","inLanguage":"es","@id":"https:\/\/www.sonoraenequipo.com.mx\/#\/schema\/logo\/image\/","url":"https:\/\/www.sonoraenequipo.com.mx\/storage\/2019\/01\/sonoraenequipo_opt.png","contentUrl":"https:\/\/www.sonoraenequipo.com.mx\/storage\/2019\/01\/sonoraenequipo_opt.png","width":375,"height":125,"caption":"Sonoraenequipo.com.mx"},"image":{"@id":"https:\/\/www.sonoraenequipo.com.mx\/#\/schema\/logo\/image\/"},"sameAs":["https:\/\/www.facebook.com\/SonoraEE\/","https:\/\/x.com\/sonoraenequipo","https:\/\/www.youtube.com\/channel\/UC338nW-lPEYmJQs4ZABQ1SQ"]},{"@type":"Person","@id":"https:\/\/www.sonoraenequipo.com.mx\/#\/schema\/person\/50102df0fb23a8fa9e8effad8fa81386","name":"enequipo","image":{"@type":"ImageObject","inLanguage":"es","@id":"https:\/\/www.sonoraenequipo.com.mx\/#\/schema\/person\/image\/","url":"https:\/\/secure.gravatar.com\/avatar\/049821681b589dabc0bc20695993ccebb09f5b5d4d790cd9251b97faac7c652b?s=96&d=blank&r=g","contentUrl":"https:\/\/secure.gravatar.com\/avatar\/049821681b589dabc0bc20695993ccebb09f5b5d4d790cd9251b97faac7c652b?s=96&d=blank&r=g","caption":"enequipo"},"sameAs":["https:\/\/www.facebook.com\/SonoraEE"]}]}},"jetpack_featured_media_url":"https:\/\/www.sonoraenequipo.com.mx\/storage\/2021\/06\/e-clausen16.jpg","_links":{"self":[{"href":"https:\/\/www.sonoraenequipo.com.mx\/api\/wp\/v2\/posts\/119772","targetHints":{"allow":["GET"]}}],"collection":[{"href":"https:\/\/www.sonoraenequipo.com.mx\/api\/wp\/v2\/posts"}],"about":[{"href":"https:\/\/www.sonoraenequipo.com.mx\/api\/wp\/v2\/types\/post"}],"author":[{"embeddable":true,"href":"https:\/\/www.sonoraenequipo.com.mx\/api\/wp\/v2\/users\/1"}],"replies":[{"embeddable":true,"href":"https:\/\/www.sonoraenequipo.com.mx\/api\/wp\/v2\/comments?post=119772"}],"version-history":[{"count":1,"href":"https:\/\/www.sonoraenequipo.com.mx\/api\/wp\/v2\/posts\/119772\/revisions"}],"predecessor-version":[{"id":119773,"href":"https:\/\/www.sonoraenequipo.com.mx\/api\/wp\/v2\/posts\/119772\/revisions\/119773"}],"wp:featuredmedia":[{"embeddable":true,"href":"https:\/\/www.sonoraenequipo.com.mx\/api\/wp\/v2\/media\/115964"}],"wp:attachment":[{"href":"https:\/\/www.sonoraenequipo.com.mx\/api\/wp\/v2\/media?parent=119772"}],"wp:term":[{"taxonomy":"category","embeddable":true,"href":"https:\/\/www.sonoraenequipo.com.mx\/api\/wp\/v2\/categories?post=119772"},{"taxonomy":"post_tag","embeddable":true,"href":"https:\/\/www.sonoraenequipo.com.mx\/api\/wp\/v2\/tags?post=119772"}],"curies":[{"name":"wp","href":"https:\/\/api.w.org\/{rel}","templated":true}]}}