{"id":119788,"date":"2021-08-04T13:48:30","date_gmt":"2021-08-04T20:48:30","guid":{"rendered":"https:\/\/www.sonoraenequipo.com.mx\/?p=119788"},"modified":"2021-08-04T15:57:07","modified_gmt":"2021-08-04T22:57:07","slug":"millenials-con-papel-fundamental-en-reactivacion-economica-bbva","status":"publish","type":"post","link":"https:\/\/www.sonoraenequipo.com.mx\/millenials-con-papel-fundamental-en-reactivacion-economica-bbva\/","title":{"rendered":"\u00abMillenials\u00bb, con papel fundamental en reactivaci\u00f3n econ\u00f3mica: BBVA"},"content":{"rendered":"<p>CIUDAD DE M\u00c9XICO. MX. \u2014 Un total de 20 millones de millenials, personas que hoy tienen entre 25 y 40 a\u00f1os, trabajaron durante la segunda mitad del a\u00f1o pasado tras el peor momento de la crisis que gener\u00f3 la pandemia, por lo que jugaron un papel fundamental en la reactivaci\u00f3n de la econom\u00eda, revel\u00f3 este mi\u00e9rcoles BBVA M\u00e9xico.<\/p>\n<p>&nbsp;<\/p>\n<p> <\/p>\n<p>\u201cLa poblaci\u00f3n millennial desempe\u00f1\u00f3 un papel fundamental en esta reapertura econ\u00f3mica en M\u00e9xico. Se estima que casi 20 millones de millennials trabajaron durante la segunda mitad de 2020, lo que equivale casi a uno de cada tres trabajadores activos\u201d, refiri\u00f3 la instituci\u00f3n financiera.<\/p>\n<p>&nbsp;<\/p>\n<p>En un estudio, el ingreso corriente personal entre la poblaci\u00f3n millennial ascendi\u00f3 a 7 mil 251 pesos mensuales en 2020, mientras que entre los miembros de la generaci\u00f3n X \u2014personas de entre 41 y 56 a\u00f1os\u2014 fue 12.3 por ciento superior, pues lleg\u00f3 a 8 mil 141 pesos mensuales.<\/p>\n<p>&nbsp;<\/p>\n<p><em>\u201cCasi 90 de cada 100 pesos de los ingresos corrientes de la poblaci\u00f3n millennial provino de actividades laborales como trabajador subordinado, de la realizaci\u00f3n de actividades de negocios (comercial, servicios, industrial o en el sector primario), o como trabajador independiente\u201d,<\/em> apunt\u00f3.<\/p>\n<p>&nbsp;<\/p>\n<p>BBVA enfatiz\u00f3 que los millenials pr\u00e1cticamente no reciben ingresos provenientes de rentas de la propiedad e intereses, mientras que por este concepto, casi 10 por ciento de los ingresos totales de la generaci\u00f3n X provino de rentas de la propiedad o intereses.<\/p>\n<p>&nbsp;<\/p>\n<p>Plante\u00f3 que en lo que respecta a las transferencias, que principalmente son de programas gubernamentales, entre los millennials, \u00e9stas representaron 3.7 por ciento del total de sus ingresos corrientes personales, mientras que para la generaci\u00f3n X equivalieron a 5 por ciento.<\/p>\n<p>&nbsp;<\/p>\n<p>La instituci\u00f3n explic\u00f3 que el nivel de ingreso de esta generaci\u00f3n de entre 25 y 40 a\u00f1os aumenta conforme al nivel de escolaridad que tengan. As\u00ed, las personas que tienen estudios completos o incompletos a nivel profesional tuvieron ingresos por 11 mil 252 pesos mensuales, m\u00e1s del doble de lo que recibieron quienes tienen nivel de secundaria con un monto de 5 mil 546 pesos.<\/p>\n<p>&nbsp;<\/p>\n<p>En tanto, los millenials que tienen bachillerato o una carrera t\u00e9cnica percibieron un ingreso promedio de 6 mil 883 pesos, pero aquellos con nivel educativo de maestr\u00eda o doctorado obtuvieron en promedio 16 mil 102 pesos mensuales.<\/p>\n<p>&nbsp;<\/p>\n<p><em>\u201cEl mercado laboral premia la experiencia laboral que obtienen las personas con niveles de estudios de nivel profesional o posgrado, pero no valora mucho la experiencia laboral de las personas con estudios de nivel secundaria, primaria o sin educaci\u00f3n formal\u201d,<\/em> asegur\u00f3.<\/p>\n<p>&nbsp;<\/p>\n<p>BBVA expuso que la poblaci\u00f3n millenial que decide independizarse tiene como uno de los gastos m\u00e1s importantes el pago de la renta de vivienda.<\/p>\n<p>&nbsp;<\/p>\n<p>En este sentido, dijo, para la poblaci\u00f3n millennial, la Ciudad de M\u00e9xico fue la m\u00e1s costosa para la renta de una vivienda, pues el a\u00f1o pasado el gasto promedio ascendi\u00f3 5 mil 62 pesos mensuales en promedio.<\/p>\n<p>&nbsp;<\/p>\n<p>Otras entidades con los costos relativamente m\u00e1s elevados en la renta de una vivienda fueron: Quer\u00e9taro, con un monto de 3 mil 759 pesos mensuales; Nuevo Le\u00f3n, con una cifra de 3 mil 637; Baja California, 3 mil 177 y Baja California Sur por una cantidad de 2 mil 952.<\/p>\n<p>&nbsp;<\/p>\n<p>(Publicada el 04\/08\/2021 \/Con informaci\u00f3n de Julio Guti\u00e9rrez-LAJORNADA)<\/p>\n","protected":false},"excerpt":{"rendered":"<p>CIUDAD DE M\u00c9XICO. MX. \u2014 Un total de 20 millones de millenials, personas que hoy&#8230;<\/p>\n","protected":false},"author":1,"featured_media":119775,"comment_status":"open","ping_status":"open","sticky":false,"template":"","format":"standard","meta":{"_monsterinsights_skip_tracking":false,"_monsterinsights_sitenote_active":false,"_monsterinsights_sitenote_note":"","_monsterinsights_sitenote_category":0,"footnotes":""},"categories":[12],"tags":[],"class_list":["post"],"yoast_head":" \n<title>Sonora en Equipo. &quot;Millenials&quot;, con papel fundamental en reactivaci\u00f3n econ\u00f3mica: BBVA Especiales<\/title>\n<meta name=\"description\" content=\"CIUDAD DE M\u00c9XICO. MX. \u2014 Un total de 20 millones de millenials, personas que hoy tienen entre 25 y 40 a\u00f1os, trabajaron durante la segunda mitad del a\u00f1o En Sonora en Equipo publicamos toda la informaci\u00f3n de Sonora, M\u00e9xico y el Mundo de manera oportuna y busca que la libertad de expresi\u00f3n sea real. Visita nuestro medio informativo publicado desde Hermosillo, Sonora. %\" \/>\n<meta name=\"robots\" content=\"index, follow, max-snippet:-1, max-image-preview:large, max-video-preview:-1\" \/>\n<link rel=\"canonical\" href=\"https:\/\/www.sonoraenequipo.com.mx\/millenials-con-papel-fundamental-en-reactivacion-economica-bbva\/\" \/>\n<meta property=\"og:locale\" content=\"es_ES\" \/>\n<meta property=\"og:type\" content=\"article\" \/>\n<meta property=\"og:title\" content=\"Sonora en Equipo. &quot;Millenials&quot;, con papel fundamental en reactivaci\u00f3n econ\u00f3mica: BBVA Especiales\" \/>\n<meta property=\"og:description\" content=\"CIUDAD DE M\u00c9XICO. MX. \u2014 Un total de 20 millones de millenials, personas que hoy tienen entre 25 y 40 a\u00f1os, trabajaron durante la segunda mitad del a\u00f1o En Sonora en Equipo publicamos toda la informaci\u00f3n de Sonora, M\u00e9xico y el Mundo de manera oportuna y busca que la libertad de expresi\u00f3n sea real. Visita nuestro medio informativo publicado desde Hermosillo, Sonora. %\" \/>\n<meta property=\"og:url\" content=\"https:\/\/www.sonoraenequipo.com.mx\/millenials-con-papel-fundamental-en-reactivacion-economica-bbva\/\" \/>\n<meta property=\"og:site_name\" content=\"Sonora en Equipo.\" \/>\n<meta property=\"article:publisher\" content=\"https:\/\/www.facebook.com\/SonoraEE\/\" \/>\n<meta property=\"article:author\" content=\"https:\/\/www.facebook.com\/SonoraEE\" \/>\n<meta property=\"article:published_time\" content=\"2021-08-04T20:48:30+00:00\" \/>\n<meta property=\"article:modified_time\" content=\"2021-08-04T22:57:07+00:00\" \/>\n<meta property=\"og:image\" content=\"https:\/\/www.sonoraenequipo.com.mx\/storage\/2021\/08\/Millenials-reactivacion-economica_opt.jpg\" \/>\n\t<meta property=\"og:image:width\" content=\"700\" \/>\n\t<meta property=\"og:image:height\" content=\"400\" \/>\n\t<meta property=\"og:image:type\" content=\"image\/jpeg\" \/>\n<meta name=\"author\" content=\"enequipo\" \/>\n<meta name=\"twitter:card\" content=\"summary_large_image\" \/>\n<meta name=\"twitter:creator\" content=\"@sonoraenequipo\" \/>\n<meta name=\"twitter:site\" content=\"@sonoraenequipo\" \/>\n<meta name=\"twitter:label1\" content=\"Escrito por\" \/>\n\t<meta name=\"twitter:data1\" content=\"enequipo\" \/>\n\t<meta name=\"twitter:label2\" content=\"Tiempo de lectura\" \/>\n\t<meta name=\"twitter:data2\" content=\"3 minutos\" \/>\n<script type=\"application\/ld+json\" class=\"yoast-schema-graph\">{\"@context\":\"https:\/\/schema.org\",\"@graph\":[{\"@type\":\"Article\",\"@id\":\"https:\/\/www.sonoraenequipo.com.mx\/millenials-con-papel-fundamental-en-reactivacion-economica-bbva\/#article\",\"isPartOf\":{\"@id\":\"https:\/\/www.sonoraenequipo.com.mx\/millenials-con-papel-fundamental-en-reactivacion-economica-bbva\/\"},\"author\":{\"name\":\"enequipo\",\"@id\":\"https:\/\/www.sonoraenequipo.com.mx\/#\/schema\/person\/50102df0fb23a8fa9e8effad8fa81386\"},\"headline\":\"\u00abMillenials\u00bb, con papel fundamental en reactivaci\u00f3n econ\u00f3mica: BBVA\",\"datePublished\":\"2021-08-04T20:48:30+00:00\",\"dateModified\":\"2021-08-04T22:57:07+00:00\",\"mainEntityOfPage\":{\"@id\":\"https:\/\/www.sonoraenequipo.com.mx\/millenials-con-papel-fundamental-en-reactivacion-economica-bbva\/\"},\"wordCount\":555,\"commentCount\":0,\"publisher\":{\"@id\":\"https:\/\/www.sonoraenequipo.com.mx\/#organization\"},\"image\":{\"@id\":\"https:\/\/www.sonoraenequipo.com.mx\/millenials-con-papel-fundamental-en-reactivacion-economica-bbva\/#primaryimage\"},\"thumbnailUrl\":\"https:\/\/www.sonoraenequipo.com.mx\/storage\/2021\/08\/Millenials-reactivacion-economica_opt.jpg\",\"articleSection\":[\"Especiales\"],\"inLanguage\":\"es\",\"potentialAction\":[{\"@type\":\"CommentAction\",\"name\":\"Comment\",\"target\":[\"https:\/\/www.sonoraenequipo.com.mx\/millenials-con-papel-fundamental-en-reactivacion-economica-bbva\/#respond\"]}]},{\"@type\":\"WebPage\",\"@id\":\"https:\/\/www.sonoraenequipo.com.mx\/millenials-con-papel-fundamental-en-reactivacion-economica-bbva\/\",\"url\":\"https:\/\/www.sonoraenequipo.com.mx\/millenials-con-papel-fundamental-en-reactivacion-economica-bbva\/\",\"name\":\"Sonora en Equipo. \\\"Millenials\\\", con papel fundamental en reactivaci\u00f3n econ\u00f3mica: BBVA Especiales\",\"isPartOf\":{\"@id\":\"https:\/\/www.sonoraenequipo.com.mx\/#website\"},\"primaryImageOfPage\":{\"@id\":\"https:\/\/www.sonoraenequipo.com.mx\/millenials-con-papel-fundamental-en-reactivacion-economica-bbva\/#primaryimage\"},\"image\":{\"@id\":\"https:\/\/www.sonoraenequipo.com.mx\/millenials-con-papel-fundamental-en-reactivacion-economica-bbva\/#primaryimage\"},\"thumbnailUrl\":\"https:\/\/www.sonoraenequipo.com.mx\/storage\/2021\/08\/Millenials-reactivacion-economica_opt.jpg\",\"datePublished\":\"2021-08-04T20:48:30+00:00\",\"dateModified\":\"2021-08-04T22:57:07+00:00\",\"description\":\"CIUDAD DE M\u00c9XICO. MX. \u2014 Un total de 20 millones de millenials, personas que hoy tienen entre 25 y 40 a\u00f1os, trabajaron durante la segunda mitad del a\u00f1o En Sonora en Equipo publicamos toda la informaci\u00f3n de Sonora, M\u00e9xico y el Mundo de manera oportuna y busca que la libertad de expresi\u00f3n sea real. Visita nuestro medio informativo publicado desde Hermosillo, Sonora. %\",\"breadcrumb\":{\"@id\":\"https:\/\/www.sonoraenequipo.com.mx\/millenials-con-papel-fundamental-en-reactivacion-economica-bbva\/#breadcrumb\"},\"inLanguage\":\"es\",\"potentialAction\":[{\"@type\":\"ReadAction\",\"target\":[\"https:\/\/www.sonoraenequipo.com.mx\/millenials-con-papel-fundamental-en-reactivacion-economica-bbva\/\"]}]},{\"@type\":\"ImageObject\",\"inLanguage\":\"es\",\"@id\":\"https:\/\/www.sonoraenequipo.com.mx\/millenials-con-papel-fundamental-en-reactivacion-economica-bbva\/#primaryimage\",\"url\":\"https:\/\/www.sonoraenequipo.com.mx\/storage\/2021\/08\/Millenials-reactivacion-economica_opt.jpg\",\"contentUrl\":\"https:\/\/www.sonoraenequipo.com.mx\/storage\/2021\/08\/Millenials-reactivacion-economica_opt.jpg\",\"width\":700,\"height\":400},{\"@type\":\"BreadcrumbList\",\"@id\":\"https:\/\/www.sonoraenequipo.com.mx\/millenials-con-papel-fundamental-en-reactivacion-economica-bbva\/#breadcrumb\",\"itemListElement\":[{\"@type\":\"ListItem\",\"position\":1,\"name\":\"Portada\",\"item\":\"https:\/\/www.sonoraenequipo.com.mx\/\"},{\"@type\":\"ListItem\",\"position\":2,\"name\":\"\u00abMillenials\u00bb, con papel fundamental en reactivaci\u00f3n econ\u00f3mica: BBVA\"}]},{\"@type\":\"WebSite\",\"@id\":\"https:\/\/www.sonoraenequipo.com.mx\/#website\",\"url\":\"https:\/\/www.sonoraenequipo.com.mx\/\",\"name\":\"Sonora en Equipo.\",\"description\":\"Diario en l\u00ednea con Noticias desde Hermosillo, Sonora\",\"publisher\":{\"@id\":\"https:\/\/www.sonoraenequipo.com.mx\/#organization\"},\"potentialAction\":[{\"@type\":\"SearchAction\",\"target\":{\"@type\":\"EntryPoint\",\"urlTemplate\":\"https:\/\/www.sonoraenequipo.com.mx\/?s={search_term_string}\"},\"query-input\":{\"@type\":\"PropertyValueSpecification\",\"valueRequired\":true,\"valueName\":\"search_term_string\"}}],\"inLanguage\":\"es\"},{\"@type\":\"Organization\",\"@id\":\"https:\/\/www.sonoraenequipo.com.mx\/#organization\",\"name\":\"Sonoraenequipo.com.mx\",\"url\":\"https:\/\/www.sonoraenequipo.com.mx\/\",\"logo\":{\"@type\":\"ImageObject\",\"inLanguage\":\"es\",\"@id\":\"https:\/\/www.sonoraenequipo.com.mx\/#\/schema\/logo\/image\/\",\"url\":\"https:\/\/www.sonoraenequipo.com.mx\/storage\/2019\/01\/sonoraenequipo_opt.png\",\"contentUrl\":\"https:\/\/www.sonoraenequipo.com.mx\/storage\/2019\/01\/sonoraenequipo_opt.png\",\"width\":375,\"height\":125,\"caption\":\"Sonoraenequipo.com.mx\"},\"image\":{\"@id\":\"https:\/\/www.sonoraenequipo.com.mx\/#\/schema\/logo\/image\/\"},\"sameAs\":[\"https:\/\/www.facebook.com\/SonoraEE\/\",\"https:\/\/x.com\/sonoraenequipo\",\"https:\/\/www.youtube.com\/channel\/UC338nW-lPEYmJQs4ZABQ1SQ\"]},{\"@type\":\"Person\",\"@id\":\"https:\/\/www.sonoraenequipo.com.mx\/#\/schema\/person\/50102df0fb23a8fa9e8effad8fa81386\",\"name\":\"enequipo\",\"image\":{\"@type\":\"ImageObject\",\"inLanguage\":\"es\",\"@id\":\"https:\/\/www.sonoraenequipo.com.mx\/#\/schema\/person\/image\/\",\"url\":\"https:\/\/secure.gravatar.com\/avatar\/049821681b589dabc0bc20695993ccebb09f5b5d4d790cd9251b97faac7c652b?s=96&d=blank&r=g\",\"contentUrl\":\"https:\/\/secure.gravatar.com\/avatar\/049821681b589dabc0bc20695993ccebb09f5b5d4d790cd9251b97faac7c652b?s=96&d=blank&r=g\",\"caption\":\"enequipo\"},\"sameAs\":[\"https:\/\/www.facebook.com\/SonoraEE\"]}]}<\/script>\n ","yoast_head_json":{"title":"Sonora en Equipo. \"Millenials\", con papel fundamental en reactivaci\u00f3n econ\u00f3mica: BBVA Especiales","description":"CIUDAD DE M\u00c9XICO. MX. \u2014 Un total de 20 millones de millenials, personas que hoy tienen entre 25 y 40 a\u00f1os, trabajaron durante la segunda mitad del a\u00f1o En Sonora en Equipo publicamos toda la informaci\u00f3n de Sonora, M\u00e9xico y el Mundo de manera oportuna y busca que la libertad de expresi\u00f3n sea real. Visita nuestro medio informativo publicado desde Hermosillo, Sonora. %","robots":{"index":"index","follow":"follow","max-snippet":"max-snippet:-1","max-image-preview":"max-image-preview:large","max-video-preview":"max-video-preview:-1"},"canonical":"https:\/\/www.sonoraenequipo.com.mx\/millenials-con-papel-fundamental-en-reactivacion-economica-bbva\/","og_locale":"es_ES","og_type":"article","og_title":"Sonora en Equipo. \"Millenials\", con papel fundamental en reactivaci\u00f3n econ\u00f3mica: BBVA Especiales","og_description":"CIUDAD DE M\u00c9XICO. MX. \u2014 Un total de 20 millones de millenials, personas que hoy tienen entre 25 y 40 a\u00f1os, trabajaron durante la segunda mitad del a\u00f1o En Sonora en Equipo publicamos toda la informaci\u00f3n de Sonora, M\u00e9xico y el Mundo de manera oportuna y busca que la libertad de expresi\u00f3n sea real. Visita nuestro medio informativo publicado desde Hermosillo, Sonora. %","og_url":"https:\/\/www.sonoraenequipo.com.mx\/millenials-con-papel-fundamental-en-reactivacion-economica-bbva\/","og_site_name":"Sonora en Equipo.","article_publisher":"https:\/\/www.facebook.com\/SonoraEE\/","article_author":"https:\/\/www.facebook.com\/SonoraEE","article_published_time":"2021-08-04T20:48:30+00:00","article_modified_time":"2021-08-04T22:57:07+00:00","og_image":[{"width":700,"height":400,"url":"https:\/\/www.sonoraenequipo.com.mx\/storage\/2021\/08\/Millenials-reactivacion-economica_opt.jpg","type":"image\/jpeg"}],"author":"enequipo","twitter_card":"summary_large_image","twitter_creator":"@sonoraenequipo","twitter_site":"@sonoraenequipo","twitter_misc":{"Escrito por":"enequipo","Tiempo de lectura":"3 minutos"},"schema":{"@context":"https:\/\/schema.org","@graph":[{"@type":"Article","@id":"https:\/\/www.sonoraenequipo.com.mx\/millenials-con-papel-fundamental-en-reactivacion-economica-bbva\/#article","isPartOf":{"@id":"https:\/\/www.sonoraenequipo.com.mx\/millenials-con-papel-fundamental-en-reactivacion-economica-bbva\/"},"author":{"name":"enequipo","@id":"https:\/\/www.sonoraenequipo.com.mx\/#\/schema\/person\/50102df0fb23a8fa9e8effad8fa81386"},"headline":"\u00abMillenials\u00bb, con papel fundamental en reactivaci\u00f3n econ\u00f3mica: BBVA","datePublished":"2021-08-04T20:48:30+00:00","dateModified":"2021-08-04T22:57:07+00:00","mainEntityOfPage":{"@id":"https:\/\/www.sonoraenequipo.com.mx\/millenials-con-papel-fundamental-en-reactivacion-economica-bbva\/"},"wordCount":555,"commentCount":0,"publisher":{"@id":"https:\/\/www.sonoraenequipo.com.mx\/#organization"},"image":{"@id":"https:\/\/www.sonoraenequipo.com.mx\/millenials-con-papel-fundamental-en-reactivacion-economica-bbva\/#primaryimage"},"thumbnailUrl":"https:\/\/www.sonoraenequipo.com.mx\/storage\/2021\/08\/Millenials-reactivacion-economica_opt.jpg","articleSection":["Especiales"],"inLanguage":"es","potentialAction":[{"@type":"CommentAction","name":"Comment","target":["https:\/\/www.sonoraenequipo.com.mx\/millenials-con-papel-fundamental-en-reactivacion-economica-bbva\/#respond"]}]},{"@type":"WebPage","@id":"https:\/\/www.sonoraenequipo.com.mx\/millenials-con-papel-fundamental-en-reactivacion-economica-bbva\/","url":"https:\/\/www.sonoraenequipo.com.mx\/millenials-con-papel-fundamental-en-reactivacion-economica-bbva\/","name":"Sonora en Equipo. \"Millenials\", con papel fundamental en reactivaci\u00f3n econ\u00f3mica: BBVA Especiales","isPartOf":{"@id":"https:\/\/www.sonoraenequipo.com.mx\/#website"},"primaryImageOfPage":{"@id":"https:\/\/www.sonoraenequipo.com.mx\/millenials-con-papel-fundamental-en-reactivacion-economica-bbva\/#primaryimage"},"image":{"@id":"https:\/\/www.sonoraenequipo.com.mx\/millenials-con-papel-fundamental-en-reactivacion-economica-bbva\/#primaryimage"},"thumbnailUrl":"https:\/\/www.sonoraenequipo.com.mx\/storage\/2021\/08\/Millenials-reactivacion-economica_opt.jpg","datePublished":"2021-08-04T20:48:30+00:00","dateModified":"2021-08-04T22:57:07+00:00","description":"CIUDAD DE M\u00c9XICO. MX. \u2014 Un total de 20 millones de millenials, personas que hoy tienen entre 25 y 40 a\u00f1os, trabajaron durante la segunda mitad del a\u00f1o En Sonora en Equipo publicamos toda la informaci\u00f3n de Sonora, M\u00e9xico y el Mundo de manera oportuna y busca que la libertad de expresi\u00f3n sea real. Visita nuestro medio informativo publicado desde Hermosillo, Sonora. %","breadcrumb":{"@id":"https:\/\/www.sonoraenequipo.com.mx\/millenials-con-papel-fundamental-en-reactivacion-economica-bbva\/#breadcrumb"},"inLanguage":"es","potentialAction":[{"@type":"ReadAction","target":["https:\/\/www.sonoraenequipo.com.mx\/millenials-con-papel-fundamental-en-reactivacion-economica-bbva\/"]}]},{"@type":"ImageObject","inLanguage":"es","@id":"https:\/\/www.sonoraenequipo.com.mx\/millenials-con-papel-fundamental-en-reactivacion-economica-bbva\/#primaryimage","url":"https:\/\/www.sonoraenequipo.com.mx\/storage\/2021\/08\/Millenials-reactivacion-economica_opt.jpg","contentUrl":"https:\/\/www.sonoraenequipo.com.mx\/storage\/2021\/08\/Millenials-reactivacion-economica_opt.jpg","width":700,"height":400},{"@type":"BreadcrumbList","@id":"https:\/\/www.sonoraenequipo.com.mx\/millenials-con-papel-fundamental-en-reactivacion-economica-bbva\/#breadcrumb","itemListElement":[{"@type":"ListItem","position":1,"name":"Portada","item":"https:\/\/www.sonoraenequipo.com.mx\/"},{"@type":"ListItem","position":2,"name":"\u00abMillenials\u00bb, con papel fundamental en reactivaci\u00f3n econ\u00f3mica: BBVA"}]},{"@type":"WebSite","@id":"https:\/\/www.sonoraenequipo.com.mx\/#website","url":"https:\/\/www.sonoraenequipo.com.mx\/","name":"Sonora en Equipo.","description":"Diario en l\u00ednea con Noticias desde Hermosillo, Sonora","publisher":{"@id":"https:\/\/www.sonoraenequipo.com.mx\/#organization"},"potentialAction":[{"@type":"SearchAction","target":{"@type":"EntryPoint","urlTemplate":"https:\/\/www.sonoraenequipo.com.mx\/?s={search_term_string}"},"query-input":{"@type":"PropertyValueSpecification","valueRequired":true,"valueName":"search_term_string"}}],"inLanguage":"es"},{"@type":"Organization","@id":"https:\/\/www.sonoraenequipo.com.mx\/#organization","name":"Sonoraenequipo.com.mx","url":"https:\/\/www.sonoraenequipo.com.mx\/","logo":{"@type":"ImageObject","inLanguage":"es","@id":"https:\/\/www.sonoraenequipo.com.mx\/#\/schema\/logo\/image\/","url":"https:\/\/www.sonoraenequipo.com.mx\/storage\/2019\/01\/sonoraenequipo_opt.png","contentUrl":"https:\/\/www.sonoraenequipo.com.mx\/storage\/2019\/01\/sonoraenequipo_opt.png","width":375,"height":125,"caption":"Sonoraenequipo.com.mx"},"image":{"@id":"https:\/\/www.sonoraenequipo.com.mx\/#\/schema\/logo\/image\/"},"sameAs":["https:\/\/www.facebook.com\/SonoraEE\/","https:\/\/x.com\/sonoraenequipo","https:\/\/www.youtube.com\/channel\/UC338nW-lPEYmJQs4ZABQ1SQ"]},{"@type":"Person","@id":"https:\/\/www.sonoraenequipo.com.mx\/#\/schema\/person\/50102df0fb23a8fa9e8effad8fa81386","name":"enequipo","image":{"@type":"ImageObject","inLanguage":"es","@id":"https:\/\/www.sonoraenequipo.com.mx\/#\/schema\/person\/image\/","url":"https:\/\/secure.gravatar.com\/avatar\/049821681b589dabc0bc20695993ccebb09f5b5d4d790cd9251b97faac7c652b?s=96&d=blank&r=g","contentUrl":"https:\/\/secure.gravatar.com\/avatar\/049821681b589dabc0bc20695993ccebb09f5b5d4d790cd9251b97faac7c652b?s=96&d=blank&r=g","caption":"enequipo"},"sameAs":["https:\/\/www.facebook.com\/SonoraEE"]}]}},"jetpack_featured_media_url":"https:\/\/www.sonoraenequipo.com.mx\/storage\/2021\/08\/Millenials-reactivacion-economica_opt.jpg","_links":{"self":[{"href":"https:\/\/www.sonoraenequipo.com.mx\/api\/wp\/v2\/posts\/119788","targetHints":{"allow":["GET"]}}],"collection":[{"href":"https:\/\/www.sonoraenequipo.com.mx\/api\/wp\/v2\/posts"}],"about":[{"href":"https:\/\/www.sonoraenequipo.com.mx\/api\/wp\/v2\/types\/post"}],"author":[{"embeddable":true,"href":"https:\/\/www.sonoraenequipo.com.mx\/api\/wp\/v2\/users\/1"}],"replies":[{"embeddable":true,"href":"https:\/\/www.sonoraenequipo.com.mx\/api\/wp\/v2\/comments?post=119788"}],"version-history":[{"count":1,"href":"https:\/\/www.sonoraenequipo.com.mx\/api\/wp\/v2\/posts\/119788\/revisions"}],"predecessor-version":[{"id":119791,"href":"https:\/\/www.sonoraenequipo.com.mx\/api\/wp\/v2\/posts\/119788\/revisions\/119791"}],"wp:featuredmedia":[{"embeddable":true,"href":"https:\/\/www.sonoraenequipo.com.mx\/api\/wp\/v2\/media\/119775"}],"wp:attachment":[{"href":"https:\/\/www.sonoraenequipo.com.mx\/api\/wp\/v2\/media?parent=119788"}],"wp:term":[{"taxonomy":"category","embeddable":true,"href":"https:\/\/www.sonoraenequipo.com.mx\/api\/wp\/v2\/categories?post=119788"},{"taxonomy":"post_tag","embeddable":true,"href":"https:\/\/www.sonoraenequipo.com.mx\/api\/wp\/v2\/tags?post=119788"}],"curies":[{"name":"wp","href":"https:\/\/api.w.org\/{rel}","templated":true}]}}