{"id":119792,"date":"2021-08-04T09:15:20","date_gmt":"2021-08-04T16:15:20","guid":{"rendered":"https:\/\/www.sonoraenequipo.com.mx\/?p=119792"},"modified":"2021-08-04T16:10:27","modified_gmt":"2021-08-04T23:10:27","slug":"eu-rechaza-peticion-de-la-oms-para-frenar-vacunas-de-refuerzo","status":"publish","type":"post","link":"https:\/\/www.sonoraenequipo.com.mx\/eu-rechaza-peticion-de-la-oms-para-frenar-vacunas-de-refuerzo\/","title":{"rendered":"EU rechaza petici\u00f3n de la OMS para frenar vacunas de refuerzo"},"content":{"rendered":"<p>WASHINGTON, ESTADOS UNIDOS. \u2014 Estados Unidos rechaz\u00f3 el mi\u00e9rcoles (04.08.2021) un llamado de la Organizaci\u00f3n Mundial de la Salud (OMS) a una moratoria de las dosis de refuerzo de la vacuna contra el Covid-19 para que los pa\u00edses ricos se concentren en abastecer a las naciones m\u00e1s pobres.<\/p>\n<p>&nbsp;<\/p>\n<p> <\/p>\n<p>El jefe de la OMS, Tedros Adhanom Ghebreyesus, ha pedido a los pa\u00edses y compa\u00f1\u00edas que controlan el suministro de las dosis que prioricen el atender la gran inequidad existente en la distribuci\u00f3n de vacunas entre naciones ricas y pobres.<\/p>\n<p>&nbsp;<\/p>\n<p><em>\u00abDefinitivamente sentimos que es una elecci\u00f3n falsa y que podemos hacer ambas cosas\u00bb<\/em>, dijo a periodistas la secretaria de prensa de la Casa Blanca, Jen Psaki, y agreg\u00f3 que Estados Unidos tiene suficiente suministro como para continuar distribuyendo vacunas en el extranjero y al mismo tiempo garantizar que todos sus ciudadanos reciban las dosis que necesitan.<\/p>\n<p>&nbsp;<\/p>\n<p><em>\u00abTenemos suficiente suministro para que, si la FDA decide que los refuerzos son recomendables para una parte de la poblaci\u00f3n, podamos proveerlos. Creemos que podemos hacer ambas cosas y que no necesitamos tomar esa decisi\u00f3n<\/em>\u00ab, asegur\u00f3.<\/p>\n<p>&nbsp;<\/p>\n<p>Desde hace meses, la OMS ha advertido de un creciente desbalance en la disponibilidad de vacunas contra la enfermedad que ha matado a 4.2 millones de personas en el mundo.<\/p>\n<p>&nbsp;<\/p>\n<p>La OMS quiere que cada pa\u00eds haya vacunado al menos al 10% de su poblaci\u00f3n para fines de septiembre, a al menos 40% para finales de a\u00f1o y al 70% para mediados de 2022.<\/p>\n<p>&nbsp;<\/p>\n<p>En pa\u00edses catalogados como de altos ingresos por el Banco Mundial, han sido inyectadas 101 dosis por cada 100 personas. Mientras que la cifra cae a 1.7 dosis por cada 100 personas en las 29 naciones de menores ingresos.<\/p>\n<p>&nbsp;<\/p>\n<p>(Publicada el 04\/08\/2021 \/AFP)<\/p>\n","protected":false},"excerpt":{"rendered":"<p>WASHINGTON, ESTADOS UNIDOS. \u2014 Estados Unidos rechaz\u00f3 el mi\u00e9rcoles (04.08.2021) un llamado de la Organizaci\u00f3n&#8230;<\/p>\n","protected":false},"author":1,"featured_media":119776,"comment_status":"open","ping_status":"open","sticky":false,"template":"","format":"standard","meta":{"_monsterinsights_skip_tracking":false,"_monsterinsights_sitenote_active":false,"_monsterinsights_sitenote_note":"","_monsterinsights_sitenote_category":0,"footnotes":""},"categories":[3],"tags":[],"class_list":["post"],"yoast_head":" \n<title>Sonora en Equipo. EU rechaza petici\u00f3n de la OMS para frenar vacunas de refuerzo MUNDO<\/title>\n<meta name=\"description\" content=\"WASHINGTON, ESTADOS UNIDOS. \u2014 Estados Unidos rechaz\u00f3 el mi\u00e9rcoles (04.08.2021) un llamado de la Organizaci\u00f3n Mundial de la Salud (OMS) a una moratoria de En Sonora en Equipo publicamos toda la informaci\u00f3n de Sonora, M\u00e9xico y el Mundo de manera oportuna y busca que la libertad de expresi\u00f3n sea real. Visita nuestro medio informativo publicado desde Hermosillo, Sonora. %\" \/>\n<meta name=\"robots\" content=\"index, follow, max-snippet:-1, max-image-preview:large, max-video-preview:-1\" \/>\n<link rel=\"canonical\" href=\"https:\/\/www.sonoraenequipo.com.mx\/eu-rechaza-peticion-de-la-oms-para-frenar-vacunas-de-refuerzo\/\" \/>\n<meta property=\"og:locale\" content=\"es_ES\" \/>\n<meta property=\"og:type\" content=\"article\" \/>\n<meta property=\"og:title\" content=\"Sonora en Equipo. EU rechaza petici\u00f3n de la OMS para frenar vacunas de refuerzo MUNDO\" \/>\n<meta property=\"og:description\" content=\"WASHINGTON, ESTADOS UNIDOS. \u2014 Estados Unidos rechaz\u00f3 el mi\u00e9rcoles (04.08.2021) un llamado de la Organizaci\u00f3n Mundial de la Salud (OMS) a una moratoria de En Sonora en Equipo publicamos toda la informaci\u00f3n de Sonora, M\u00e9xico y el Mundo de manera oportuna y busca que la libertad de expresi\u00f3n sea real. Visita nuestro medio informativo publicado desde Hermosillo, Sonora. %\" \/>\n<meta property=\"og:url\" content=\"https:\/\/www.sonoraenequipo.com.mx\/eu-rechaza-peticion-de-la-oms-para-frenar-vacunas-de-refuerzo\/\" \/>\n<meta property=\"og:site_name\" content=\"Sonora en Equipo.\" \/>\n<meta property=\"article:publisher\" content=\"https:\/\/www.facebook.com\/SonoraEE\/\" \/>\n<meta property=\"article:author\" content=\"https:\/\/www.facebook.com\/SonoraEE\" \/>\n<meta property=\"article:published_time\" content=\"2021-08-04T16:15:20+00:00\" \/>\n<meta property=\"article:modified_time\" content=\"2021-08-04T23:10:27+00:00\" \/>\n<meta property=\"og:image\" content=\"https:\/\/www.sonoraenequipo.com.mx\/storage\/2021\/08\/secretaria-de-prensa-de-la-Casa-Blanca-Jen-Psaki_opt.jpg\" \/>\n\t<meta property=\"og:image:width\" content=\"700\" \/>\n\t<meta property=\"og:image:height\" content=\"400\" \/>\n\t<meta property=\"og:image:type\" content=\"image\/jpeg\" \/>\n<meta name=\"author\" content=\"enequipo\" \/>\n<meta name=\"twitter:card\" content=\"summary_large_image\" \/>\n<meta name=\"twitter:creator\" content=\"@sonoraenequipo\" \/>\n<meta name=\"twitter:site\" content=\"@sonoraenequipo\" \/>\n<meta name=\"twitter:label1\" content=\"Escrito por\" \/>\n\t<meta name=\"twitter:data1\" content=\"enequipo\" \/>\n\t<meta name=\"twitter:label2\" content=\"Tiempo de lectura\" \/>\n\t<meta name=\"twitter:data2\" content=\"2 minutos\" \/>\n<script type=\"application\/ld+json\" class=\"yoast-schema-graph\">{\"@context\":\"https:\/\/schema.org\",\"@graph\":[{\"@type\":\"Article\",\"@id\":\"https:\/\/www.sonoraenequipo.com.mx\/eu-rechaza-peticion-de-la-oms-para-frenar-vacunas-de-refuerzo\/#article\",\"isPartOf\":{\"@id\":\"https:\/\/www.sonoraenequipo.com.mx\/eu-rechaza-peticion-de-la-oms-para-frenar-vacunas-de-refuerzo\/\"},\"author\":{\"name\":\"enequipo\",\"@id\":\"https:\/\/www.sonoraenequipo.com.mx\/#\/schema\/person\/50102df0fb23a8fa9e8effad8fa81386\"},\"headline\":\"EU rechaza petici\u00f3n de la OMS para frenar vacunas de refuerzo\",\"datePublished\":\"2021-08-04T16:15:20+00:00\",\"dateModified\":\"2021-08-04T23:10:27+00:00\",\"mainEntityOfPage\":{\"@id\":\"https:\/\/www.sonoraenequipo.com.mx\/eu-rechaza-peticion-de-la-oms-para-frenar-vacunas-de-refuerzo\/\"},\"wordCount\":307,\"commentCount\":0,\"publisher\":{\"@id\":\"https:\/\/www.sonoraenequipo.com.mx\/#organization\"},\"image\":{\"@id\":\"https:\/\/www.sonoraenequipo.com.mx\/eu-rechaza-peticion-de-la-oms-para-frenar-vacunas-de-refuerzo\/#primaryimage\"},\"thumbnailUrl\":\"https:\/\/www.sonoraenequipo.com.mx\/storage\/2021\/08\/secretaria-de-prensa-de-la-Casa-Blanca-Jen-Psaki_opt.jpg\",\"articleSection\":[\"MUNDO\"],\"inLanguage\":\"es\",\"potentialAction\":[{\"@type\":\"CommentAction\",\"name\":\"Comment\",\"target\":[\"https:\/\/www.sonoraenequipo.com.mx\/eu-rechaza-peticion-de-la-oms-para-frenar-vacunas-de-refuerzo\/#respond\"]}]},{\"@type\":\"WebPage\",\"@id\":\"https:\/\/www.sonoraenequipo.com.mx\/eu-rechaza-peticion-de-la-oms-para-frenar-vacunas-de-refuerzo\/\",\"url\":\"https:\/\/www.sonoraenequipo.com.mx\/eu-rechaza-peticion-de-la-oms-para-frenar-vacunas-de-refuerzo\/\",\"name\":\"Sonora en Equipo. EU rechaza petici\u00f3n de la OMS para frenar vacunas de refuerzo MUNDO\",\"isPartOf\":{\"@id\":\"https:\/\/www.sonoraenequipo.com.mx\/#website\"},\"primaryImageOfPage\":{\"@id\":\"https:\/\/www.sonoraenequipo.com.mx\/eu-rechaza-peticion-de-la-oms-para-frenar-vacunas-de-refuerzo\/#primaryimage\"},\"image\":{\"@id\":\"https:\/\/www.sonoraenequipo.com.mx\/eu-rechaza-peticion-de-la-oms-para-frenar-vacunas-de-refuerzo\/#primaryimage\"},\"thumbnailUrl\":\"https:\/\/www.sonoraenequipo.com.mx\/storage\/2021\/08\/secretaria-de-prensa-de-la-Casa-Blanca-Jen-Psaki_opt.jpg\",\"datePublished\":\"2021-08-04T16:15:20+00:00\",\"dateModified\":\"2021-08-04T23:10:27+00:00\",\"description\":\"WASHINGTON, ESTADOS UNIDOS. \u2014 Estados Unidos rechaz\u00f3 el mi\u00e9rcoles (04.08.2021) un llamado de la Organizaci\u00f3n Mundial de la Salud (OMS) a una moratoria de En Sonora en Equipo publicamos toda la informaci\u00f3n de Sonora, M\u00e9xico y el Mundo de manera oportuna y busca que la libertad de expresi\u00f3n sea real. Visita nuestro medio informativo publicado desde Hermosillo, Sonora. %\",\"breadcrumb\":{\"@id\":\"https:\/\/www.sonoraenequipo.com.mx\/eu-rechaza-peticion-de-la-oms-para-frenar-vacunas-de-refuerzo\/#breadcrumb\"},\"inLanguage\":\"es\",\"potentialAction\":[{\"@type\":\"ReadAction\",\"target\":[\"https:\/\/www.sonoraenequipo.com.mx\/eu-rechaza-peticion-de-la-oms-para-frenar-vacunas-de-refuerzo\/\"]}]},{\"@type\":\"ImageObject\",\"inLanguage\":\"es\",\"@id\":\"https:\/\/www.sonoraenequipo.com.mx\/eu-rechaza-peticion-de-la-oms-para-frenar-vacunas-de-refuerzo\/#primaryimage\",\"url\":\"https:\/\/www.sonoraenequipo.com.mx\/storage\/2021\/08\/secretaria-de-prensa-de-la-Casa-Blanca-Jen-Psaki_opt.jpg\",\"contentUrl\":\"https:\/\/www.sonoraenequipo.com.mx\/storage\/2021\/08\/secretaria-de-prensa-de-la-Casa-Blanca-Jen-Psaki_opt.jpg\",\"width\":700,\"height\":400},{\"@type\":\"BreadcrumbList\",\"@id\":\"https:\/\/www.sonoraenequipo.com.mx\/eu-rechaza-peticion-de-la-oms-para-frenar-vacunas-de-refuerzo\/#breadcrumb\",\"itemListElement\":[{\"@type\":\"ListItem\",\"position\":1,\"name\":\"Portada\",\"item\":\"https:\/\/www.sonoraenequipo.com.mx\/\"},{\"@type\":\"ListItem\",\"position\":2,\"name\":\"EU rechaza petici\u00f3n de la OMS para frenar vacunas de refuerzo\"}]},{\"@type\":\"WebSite\",\"@id\":\"https:\/\/www.sonoraenequipo.com.mx\/#website\",\"url\":\"https:\/\/www.sonoraenequipo.com.mx\/\",\"name\":\"Sonora en Equipo.\",\"description\":\"Diario en l\u00ednea con Noticias desde Hermosillo, Sonora\",\"publisher\":{\"@id\":\"https:\/\/www.sonoraenequipo.com.mx\/#organization\"},\"potentialAction\":[{\"@type\":\"SearchAction\",\"target\":{\"@type\":\"EntryPoint\",\"urlTemplate\":\"https:\/\/www.sonoraenequipo.com.mx\/?s={search_term_string}\"},\"query-input\":{\"@type\":\"PropertyValueSpecification\",\"valueRequired\":true,\"valueName\":\"search_term_string\"}}],\"inLanguage\":\"es\"},{\"@type\":\"Organization\",\"@id\":\"https:\/\/www.sonoraenequipo.com.mx\/#organization\",\"name\":\"Sonoraenequipo.com.mx\",\"url\":\"https:\/\/www.sonoraenequipo.com.mx\/\",\"logo\":{\"@type\":\"ImageObject\",\"inLanguage\":\"es\",\"@id\":\"https:\/\/www.sonoraenequipo.com.mx\/#\/schema\/logo\/image\/\",\"url\":\"https:\/\/www.sonoraenequipo.com.mx\/storage\/2019\/01\/sonoraenequipo_opt.png\",\"contentUrl\":\"https:\/\/www.sonoraenequipo.com.mx\/storage\/2019\/01\/sonoraenequipo_opt.png\",\"width\":375,\"height\":125,\"caption\":\"Sonoraenequipo.com.mx\"},\"image\":{\"@id\":\"https:\/\/www.sonoraenequipo.com.mx\/#\/schema\/logo\/image\/\"},\"sameAs\":[\"https:\/\/www.facebook.com\/SonoraEE\/\",\"https:\/\/x.com\/sonoraenequipo\",\"https:\/\/www.youtube.com\/channel\/UC338nW-lPEYmJQs4ZABQ1SQ\"]},{\"@type\":\"Person\",\"@id\":\"https:\/\/www.sonoraenequipo.com.mx\/#\/schema\/person\/50102df0fb23a8fa9e8effad8fa81386\",\"name\":\"enequipo\",\"image\":{\"@type\":\"ImageObject\",\"inLanguage\":\"es\",\"@id\":\"https:\/\/www.sonoraenequipo.com.mx\/#\/schema\/person\/image\/\",\"url\":\"https:\/\/secure.gravatar.com\/avatar\/049821681b589dabc0bc20695993ccebb09f5b5d4d790cd9251b97faac7c652b?s=96&d=blank&r=g\",\"contentUrl\":\"https:\/\/secure.gravatar.com\/avatar\/049821681b589dabc0bc20695993ccebb09f5b5d4d790cd9251b97faac7c652b?s=96&d=blank&r=g\",\"caption\":\"enequipo\"},\"sameAs\":[\"https:\/\/www.facebook.com\/SonoraEE\"]}]}<\/script>\n ","yoast_head_json":{"title":"Sonora en Equipo. EU rechaza petici\u00f3n de la OMS para frenar vacunas de refuerzo MUNDO","description":"WASHINGTON, ESTADOS UNIDOS. \u2014 Estados Unidos rechaz\u00f3 el mi\u00e9rcoles (04.08.2021) un llamado de la Organizaci\u00f3n Mundial de la Salud (OMS) a una moratoria de En Sonora en Equipo publicamos toda la informaci\u00f3n de Sonora, M\u00e9xico y el Mundo de manera oportuna y busca que la libertad de expresi\u00f3n sea real. Visita nuestro medio informativo publicado desde Hermosillo, Sonora. %","robots":{"index":"index","follow":"follow","max-snippet":"max-snippet:-1","max-image-preview":"max-image-preview:large","max-video-preview":"max-video-preview:-1"},"canonical":"https:\/\/www.sonoraenequipo.com.mx\/eu-rechaza-peticion-de-la-oms-para-frenar-vacunas-de-refuerzo\/","og_locale":"es_ES","og_type":"article","og_title":"Sonora en Equipo. EU rechaza petici\u00f3n de la OMS para frenar vacunas de refuerzo MUNDO","og_description":"WASHINGTON, ESTADOS UNIDOS. \u2014 Estados Unidos rechaz\u00f3 el mi\u00e9rcoles (04.08.2021) un llamado de la Organizaci\u00f3n Mundial de la Salud (OMS) a una moratoria de En Sonora en Equipo publicamos toda la informaci\u00f3n de Sonora, M\u00e9xico y el Mundo de manera oportuna y busca que la libertad de expresi\u00f3n sea real. Visita nuestro medio informativo publicado desde Hermosillo, Sonora. %","og_url":"https:\/\/www.sonoraenequipo.com.mx\/eu-rechaza-peticion-de-la-oms-para-frenar-vacunas-de-refuerzo\/","og_site_name":"Sonora en Equipo.","article_publisher":"https:\/\/www.facebook.com\/SonoraEE\/","article_author":"https:\/\/www.facebook.com\/SonoraEE","article_published_time":"2021-08-04T16:15:20+00:00","article_modified_time":"2021-08-04T23:10:27+00:00","og_image":[{"width":700,"height":400,"url":"https:\/\/www.sonoraenequipo.com.mx\/storage\/2021\/08\/secretaria-de-prensa-de-la-Casa-Blanca-Jen-Psaki_opt.jpg","type":"image\/jpeg"}],"author":"enequipo","twitter_card":"summary_large_image","twitter_creator":"@sonoraenequipo","twitter_site":"@sonoraenequipo","twitter_misc":{"Escrito por":"enequipo","Tiempo de lectura":"2 minutos"},"schema":{"@context":"https:\/\/schema.org","@graph":[{"@type":"Article","@id":"https:\/\/www.sonoraenequipo.com.mx\/eu-rechaza-peticion-de-la-oms-para-frenar-vacunas-de-refuerzo\/#article","isPartOf":{"@id":"https:\/\/www.sonoraenequipo.com.mx\/eu-rechaza-peticion-de-la-oms-para-frenar-vacunas-de-refuerzo\/"},"author":{"name":"enequipo","@id":"https:\/\/www.sonoraenequipo.com.mx\/#\/schema\/person\/50102df0fb23a8fa9e8effad8fa81386"},"headline":"EU rechaza petici\u00f3n de la OMS para frenar vacunas de refuerzo","datePublished":"2021-08-04T16:15:20+00:00","dateModified":"2021-08-04T23:10:27+00:00","mainEntityOfPage":{"@id":"https:\/\/www.sonoraenequipo.com.mx\/eu-rechaza-peticion-de-la-oms-para-frenar-vacunas-de-refuerzo\/"},"wordCount":307,"commentCount":0,"publisher":{"@id":"https:\/\/www.sonoraenequipo.com.mx\/#organization"},"image":{"@id":"https:\/\/www.sonoraenequipo.com.mx\/eu-rechaza-peticion-de-la-oms-para-frenar-vacunas-de-refuerzo\/#primaryimage"},"thumbnailUrl":"https:\/\/www.sonoraenequipo.com.mx\/storage\/2021\/08\/secretaria-de-prensa-de-la-Casa-Blanca-Jen-Psaki_opt.jpg","articleSection":["MUNDO"],"inLanguage":"es","potentialAction":[{"@type":"CommentAction","name":"Comment","target":["https:\/\/www.sonoraenequipo.com.mx\/eu-rechaza-peticion-de-la-oms-para-frenar-vacunas-de-refuerzo\/#respond"]}]},{"@type":"WebPage","@id":"https:\/\/www.sonoraenequipo.com.mx\/eu-rechaza-peticion-de-la-oms-para-frenar-vacunas-de-refuerzo\/","url":"https:\/\/www.sonoraenequipo.com.mx\/eu-rechaza-peticion-de-la-oms-para-frenar-vacunas-de-refuerzo\/","name":"Sonora en Equipo. EU rechaza petici\u00f3n de la OMS para frenar vacunas de refuerzo MUNDO","isPartOf":{"@id":"https:\/\/www.sonoraenequipo.com.mx\/#website"},"primaryImageOfPage":{"@id":"https:\/\/www.sonoraenequipo.com.mx\/eu-rechaza-peticion-de-la-oms-para-frenar-vacunas-de-refuerzo\/#primaryimage"},"image":{"@id":"https:\/\/www.sonoraenequipo.com.mx\/eu-rechaza-peticion-de-la-oms-para-frenar-vacunas-de-refuerzo\/#primaryimage"},"thumbnailUrl":"https:\/\/www.sonoraenequipo.com.mx\/storage\/2021\/08\/secretaria-de-prensa-de-la-Casa-Blanca-Jen-Psaki_opt.jpg","datePublished":"2021-08-04T16:15:20+00:00","dateModified":"2021-08-04T23:10:27+00:00","description":"WASHINGTON, ESTADOS UNIDOS. \u2014 Estados Unidos rechaz\u00f3 el mi\u00e9rcoles (04.08.2021) un llamado de la Organizaci\u00f3n Mundial de la Salud (OMS) a una moratoria de En Sonora en Equipo publicamos toda la informaci\u00f3n de Sonora, M\u00e9xico y el Mundo de manera oportuna y busca que la libertad de expresi\u00f3n sea real. Visita nuestro medio informativo publicado desde Hermosillo, Sonora. %","breadcrumb":{"@id":"https:\/\/www.sonoraenequipo.com.mx\/eu-rechaza-peticion-de-la-oms-para-frenar-vacunas-de-refuerzo\/#breadcrumb"},"inLanguage":"es","potentialAction":[{"@type":"ReadAction","target":["https:\/\/www.sonoraenequipo.com.mx\/eu-rechaza-peticion-de-la-oms-para-frenar-vacunas-de-refuerzo\/"]}]},{"@type":"ImageObject","inLanguage":"es","@id":"https:\/\/www.sonoraenequipo.com.mx\/eu-rechaza-peticion-de-la-oms-para-frenar-vacunas-de-refuerzo\/#primaryimage","url":"https:\/\/www.sonoraenequipo.com.mx\/storage\/2021\/08\/secretaria-de-prensa-de-la-Casa-Blanca-Jen-Psaki_opt.jpg","contentUrl":"https:\/\/www.sonoraenequipo.com.mx\/storage\/2021\/08\/secretaria-de-prensa-de-la-Casa-Blanca-Jen-Psaki_opt.jpg","width":700,"height":400},{"@type":"BreadcrumbList","@id":"https:\/\/www.sonoraenequipo.com.mx\/eu-rechaza-peticion-de-la-oms-para-frenar-vacunas-de-refuerzo\/#breadcrumb","itemListElement":[{"@type":"ListItem","position":1,"name":"Portada","item":"https:\/\/www.sonoraenequipo.com.mx\/"},{"@type":"ListItem","position":2,"name":"EU rechaza petici\u00f3n de la OMS para frenar vacunas de refuerzo"}]},{"@type":"WebSite","@id":"https:\/\/www.sonoraenequipo.com.mx\/#website","url":"https:\/\/www.sonoraenequipo.com.mx\/","name":"Sonora en Equipo.","description":"Diario en l\u00ednea con Noticias desde Hermosillo, Sonora","publisher":{"@id":"https:\/\/www.sonoraenequipo.com.mx\/#organization"},"potentialAction":[{"@type":"SearchAction","target":{"@type":"EntryPoint","urlTemplate":"https:\/\/www.sonoraenequipo.com.mx\/?s={search_term_string}"},"query-input":{"@type":"PropertyValueSpecification","valueRequired":true,"valueName":"search_term_string"}}],"inLanguage":"es"},{"@type":"Organization","@id":"https:\/\/www.sonoraenequipo.com.mx\/#organization","name":"Sonoraenequipo.com.mx","url":"https:\/\/www.sonoraenequipo.com.mx\/","logo":{"@type":"ImageObject","inLanguage":"es","@id":"https:\/\/www.sonoraenequipo.com.mx\/#\/schema\/logo\/image\/","url":"https:\/\/www.sonoraenequipo.com.mx\/storage\/2019\/01\/sonoraenequipo_opt.png","contentUrl":"https:\/\/www.sonoraenequipo.com.mx\/storage\/2019\/01\/sonoraenequipo_opt.png","width":375,"height":125,"caption":"Sonoraenequipo.com.mx"},"image":{"@id":"https:\/\/www.sonoraenequipo.com.mx\/#\/schema\/logo\/image\/"},"sameAs":["https:\/\/www.facebook.com\/SonoraEE\/","https:\/\/x.com\/sonoraenequipo","https:\/\/www.youtube.com\/channel\/UC338nW-lPEYmJQs4ZABQ1SQ"]},{"@type":"Person","@id":"https:\/\/www.sonoraenequipo.com.mx\/#\/schema\/person\/50102df0fb23a8fa9e8effad8fa81386","name":"enequipo","image":{"@type":"ImageObject","inLanguage":"es","@id":"https:\/\/www.sonoraenequipo.com.mx\/#\/schema\/person\/image\/","url":"https:\/\/secure.gravatar.com\/avatar\/049821681b589dabc0bc20695993ccebb09f5b5d4d790cd9251b97faac7c652b?s=96&d=blank&r=g","contentUrl":"https:\/\/secure.gravatar.com\/avatar\/049821681b589dabc0bc20695993ccebb09f5b5d4d790cd9251b97faac7c652b?s=96&d=blank&r=g","caption":"enequipo"},"sameAs":["https:\/\/www.facebook.com\/SonoraEE"]}]}},"jetpack_featured_media_url":"https:\/\/www.sonoraenequipo.com.mx\/storage\/2021\/08\/secretaria-de-prensa-de-la-Casa-Blanca-Jen-Psaki_opt.jpg","_links":{"self":[{"href":"https:\/\/www.sonoraenequipo.com.mx\/api\/wp\/v2\/posts\/119792","targetHints":{"allow":["GET"]}}],"collection":[{"href":"https:\/\/www.sonoraenequipo.com.mx\/api\/wp\/v2\/posts"}],"about":[{"href":"https:\/\/www.sonoraenequipo.com.mx\/api\/wp\/v2\/types\/post"}],"author":[{"embeddable":true,"href":"https:\/\/www.sonoraenequipo.com.mx\/api\/wp\/v2\/users\/1"}],"replies":[{"embeddable":true,"href":"https:\/\/www.sonoraenequipo.com.mx\/api\/wp\/v2\/comments?post=119792"}],"version-history":[{"count":1,"href":"https:\/\/www.sonoraenequipo.com.mx\/api\/wp\/v2\/posts\/119792\/revisions"}],"predecessor-version":[{"id":119796,"href":"https:\/\/www.sonoraenequipo.com.mx\/api\/wp\/v2\/posts\/119792\/revisions\/119796"}],"wp:featuredmedia":[{"embeddable":true,"href":"https:\/\/www.sonoraenequipo.com.mx\/api\/wp\/v2\/media\/119776"}],"wp:attachment":[{"href":"https:\/\/www.sonoraenequipo.com.mx\/api\/wp\/v2\/media?parent=119792"}],"wp:term":[{"taxonomy":"category","embeddable":true,"href":"https:\/\/www.sonoraenequipo.com.mx\/api\/wp\/v2\/categories?post=119792"},{"taxonomy":"post_tag","embeddable":true,"href":"https:\/\/www.sonoraenequipo.com.mx\/api\/wp\/v2\/tags?post=119792"}],"curies":[{"name":"wp","href":"https:\/\/api.w.org\/{rel}","templated":true}]}}