{"id":119805,"date":"2021-08-04T18:04:50","date_gmt":"2021-08-05T01:04:50","guid":{"rendered":"https:\/\/www.sonoraenequipo.com.mx\/?p=119805"},"modified":"2021-08-04T18:04:50","modified_gmt":"2021-08-05T01:04:50","slug":"italia-presiona-a-las-naciones-de-la-ue-para-que-abran-los-puertos-a-los-migrantes-rescatados","status":"publish","type":"post","link":"https:\/\/www.sonoraenequipo.com.mx\/italia-presiona-a-las-naciones-de-la-ue-para-que-abran-los-puertos-a-los-migrantes-rescatados\/","title":{"rendered":"Italia presiona a las naciones de la UE para que abran los puertos a los migrantes rescatados"},"content":{"rendered":"<p>ROMAITALIA\u2014 Italia aument\u00f3 la presi\u00f3n HOY sobre otras naciones de la UE Uni\u00f3n Europea para que abran sus puertos a los migrantes rescatados por barcos humanitarios a medida que la tensi\u00f3n pol\u00edtica se cuece a fuego lento en la coalici\u00f3n del gobierno italiano por un n\u00famero marcadamente creciente de llegadas este verano a las costas del sur del pa\u00eds.<\/p>\n<p>&nbsp;<\/p>\n<p>&nbsp;<\/p>\n<p>La oficina de la ministra del Interior, Luciana Lamorgese, dijo que tuvo una larga conversaci\u00f3n telef\u00f3nica con la comisionada de asuntos internos de la Uni\u00f3n Europea, Ylva Johansson. Las crisis pol\u00edticas y econ\u00f3micas en T\u00fanez est\u00e1n alimentando flujos cada vez mayores de migrantes decididos a llegar a Europa, muchos de los cuales partieron en barcos de traficantes desde las costas libias. La declaraci\u00f3n del ministerio del interior italiano dijo que esos factores figuraban en la solicitud de Lamorgese de \u00abun cambio urgente de direcci\u00f3n en las intervenciones de la pol\u00edtica migratoria de la Uni\u00f3n\u00bb.<\/p>\n<p>&nbsp;<\/p>\n<p>&nbsp;<\/p>\n<p>En mayo y junio, el n\u00famero de migrantes que llegaron a las costas italianas se triplic\u00f3 con creces en comparaci\u00f3n con la cifra del a\u00f1o anterior, seg\u00fan el recuento del ministerio. En julio, la diferencia interanual fue menos marcada : 8.600 en 2021 en comparaci\u00f3n con 7.000 en 2020. Pero hasta ahora agosto ha visto barcos de caridad que llevan las banderas de Francia y Alemania rescatar a cientos de migrantes de barcos no aptos para navegar lanzados por traficantes de personas.<\/p>\n<p>&nbsp;<\/p>\n<p>Actualmente, unos 800 pasajeros rescatados se encuentran a bordo de barcos de caridad esperando el permiso de Italia o Malta para entrar en un puerto seguro. Cientos m\u00e1s en los \u00faltimos d\u00edas, incluso de T\u00fanez, han llegado a Cerde\u00f1a o a la peque\u00f1a isla italiana de Lampedusa sin ning\u00fan tipo de acuerdo. La residencia de la isla para los migrantes reci\u00e9n llegados que buscan asilo tiene unas 250 personas, pero en repetidas ocasiones, el n\u00famero de ocupantes ha aumentado m\u00e1s all\u00e1 de 1.000.<\/p>\n<p>&nbsp;<\/p>\n<p>Italia solicit\u00f3 el mi\u00e9rcoles \u00abla activaci\u00f3n inmediata, incluso temporal, de un mecanismo que involucre a los Estados miembros para permitir un atraque que sea seguro y compatible con las medidas anti-COVID-19, a los buques de las ONG que enarbolan banderas europeas\u00bb y que est\u00e1n llevando a cabo operaciones de b\u00fasqueda y rescate en aguas internacionales, dijo el ministerio.<\/p>\n<p>&nbsp;<\/p>\n<p>El l\u00edder derechista Matteo Salvini, cuyo partido antimigrante Liga, es un socio prominente en la coalici\u00f3n del primer ministro Mario Draghi, ha sido cada vez m\u00e1s contundente en sus cr\u00edticas a la gesti\u00f3n de la migraci\u00f3n por parte de Italia.<\/p>\n<p>&nbsp;<\/p>\n<p>\u00abEstoy convencido de que Draghi despertar\u00e1 a Lamorgese\u00bb, dijo Salvini a principios de esta semana tras conversaciones con el premier. Lamorgese es un funcionario de carrera del Ministerio del Interior que fue elegido por el primer ministro para el puesto cuando form\u00f3 su gobierno de unidad pand\u00e9mica en febrero.<\/p>\n<p>&nbsp;<\/p>\n<p>Salvini se\u00f1al\u00f3 que en los primeros siete meses de 2021, casi 30.000 migrantes han desembarcado en Italia, aproximadamente el doble que en el mismo per\u00edodo del a\u00f1o anterior. \u00ab\u00bfA qu\u00e9 estamos esperando, que se conviertan en 100.000?\u00bb Salvini dijo a los periodistas.<\/p>\n<p>&nbsp;<\/p>\n<p>Entre los barcos de caridad que actualmente navegan por el Mediterr\u00e1neo central se encuentra Ocean Viking, operado por la organizaci\u00f3n humanitaria con sede en Francia SOS Mediterranee. La ONG tuite\u00f3 que una mujer embarazada y su acompa\u00f1ante fueron evacuados de la embarcaci\u00f3n el martes por la guardia costera italiana, pero m\u00e1s de 550 migrantes rescatados segu\u00edan a bordo.<\/p>\n<p>&nbsp;<\/p>\n<p>A principios de la semana, SOS Mediterranee dijo que muchos de los migrantes sufr\u00edan de enfermedades del mar, mientras que varios otros se desmayaron al calor en una cubierta abarrotada. A bordo de un buque de bandera alemana operado por el grupo humanitario Sea-Watch hab\u00eda m\u00e1s de 250 migrantes, rescatados en cinco operaciones separadas en los \u00faltimos d\u00edas. \u00abMuchos est\u00e1n deshidratados y mareados, algunos recibieron infusiones despu\u00e9s de colapsar\u00bb, tuite\u00f3 Sea-Watch el mi\u00e9rcoles. \u00bb Nuestros m\u00e9dicos est\u00e1n haciendo lo que pueden, pero la gente necesita un tratamiento adecuado en tierra\u00bb.<\/p>\n<p>&nbsp;<\/p>\n<p>Durante la pandemia, Italia ha estado transfiriendo a muchos de los migrantes rescatados a transbordadores de pasajeros desocupados para que los migrantes puedan hacer una cuarentena preventiva contra el COVID-19 antes de eventualmente transferirlos a instalaciones residenciales en tierra.<\/p>\n<p>&nbsp;<\/p>\n<p>En los \u00faltimos a\u00f1os, las s\u00faplicas de Italia para que otras naciones de la UE acogieran a algunos de los migrantes, muchos de los cuales quieren llegar a familias en el norte de Europa, no han sido escuchadas como parte de un acuerdo de solidaridad voluntaria en el bloque de 27 miembros.<\/p>\n<p>&nbsp;<\/p>\n<p>En su llamamiento a Johansson, la ministra italiana se lanz\u00f3 a negociar un nuevo pacto de inmigraci\u00f3n y asilo para pedir \u00abuna redistribuci\u00f3n obligatoria de los migrantes salvados en el mar\u00bb. Muchas de las personas tra\u00eddas a las costas de Italia huyen de la pobreza, no de conflictos o persecuciones, y finalmente se descubre que no son elegibles para el asilo. Pero solo unos pocos pa\u00edses, en particular T\u00fanez, tienen acuerdos de repatriaci\u00f3n con Italia, y decenas de miles de migrantes terminan permaneciendo ilegalmente durante a\u00f1os.<\/p>\n<p>Fecha de Publicaci\u00f3n\u00a0 mi\u00e9rcoles\u00a0 \/ 04\u00a0\u00a0 \/ agosto \/ 2021\/ Con informaci\u00f3n de AP<\/p>\n<p>&nbsp;<\/p>\n","protected":false},"excerpt":{"rendered":"<p>ROMAITALIA\u2014 Italia aument\u00f3 la presi\u00f3n HOY sobre otras naciones de la UE Uni\u00f3n Europea para&#8230;<\/p>\n","protected":false},"author":1,"featured_media":119806,"comment_status":"open","ping_status":"open","sticky":false,"template":"","format":"standard","meta":{"_monsterinsights_skip_tracking":false,"_monsterinsights_sitenote_active":false,"_monsterinsights_sitenote_note":"","_monsterinsights_sitenote_category":0,"footnotes":""},"categories":[3],"tags":[4274,2536],"class_list":["post"],"yoast_head":" \n<title>Sonora en Equipo. Italia presiona a las naciones de la UE para que abran los puertos a los migrantes rescatados MUNDO<\/title>\n<meta name=\"description\" content=\"ROMAITALIA\u2014 Italia aument\u00f3 la presi\u00f3n HOY sobre otras naciones de la UE Uni\u00f3n Europea para que abran sus puertos a los migrantes rescatados por barcos En Sonora en Equipo publicamos toda la informaci\u00f3n de Sonora, M\u00e9xico y el Mundo de manera oportuna y busca que la libertad de expresi\u00f3n sea real. Visita nuestro medio informativo publicado desde Hermosillo, Sonora. %\" \/>\n<meta name=\"robots\" content=\"index, follow, max-snippet:-1, max-image-preview:large, max-video-preview:-1\" \/>\n<link rel=\"canonical\" href=\"https:\/\/www.sonoraenequipo.com.mx\/italia-presiona-a-las-naciones-de-la-ue-para-que-abran-los-puertos-a-los-migrantes-rescatados\/\" \/>\n<meta property=\"og:locale\" content=\"es_ES\" \/>\n<meta property=\"og:type\" content=\"article\" \/>\n<meta property=\"og:title\" content=\"Sonora en Equipo. Italia presiona a las naciones de la UE para que abran los puertos a los migrantes rescatados MUNDO\" \/>\n<meta property=\"og:description\" content=\"ROMAITALIA\u2014 Italia aument\u00f3 la presi\u00f3n HOY sobre otras naciones de la UE Uni\u00f3n Europea para que abran sus puertos a los migrantes rescatados por barcos En Sonora en Equipo publicamos toda la informaci\u00f3n de Sonora, M\u00e9xico y el Mundo de manera oportuna y busca que la libertad de expresi\u00f3n sea real. Visita nuestro medio informativo publicado desde Hermosillo, Sonora. %\" \/>\n<meta property=\"og:url\" content=\"https:\/\/www.sonoraenequipo.com.mx\/italia-presiona-a-las-naciones-de-la-ue-para-que-abran-los-puertos-a-los-migrantes-rescatados\/\" \/>\n<meta property=\"og:site_name\" content=\"Sonora en Equipo.\" \/>\n<meta property=\"article:publisher\" content=\"https:\/\/www.facebook.com\/SonoraEE\/\" \/>\n<meta property=\"article:author\" content=\"https:\/\/www.facebook.com\/SonoraEE\" \/>\n<meta property=\"article:published_time\" content=\"2021-08-05T01:04:50+00:00\" \/>\n<meta property=\"og:image\" content=\"https:\/\/www.sonoraenequipo.com.mx\/storage\/2021\/08\/migrantes-italia.jpg\" \/>\n\t<meta property=\"og:image:width\" content=\"700\" \/>\n\t<meta property=\"og:image:height\" content=\"400\" \/>\n\t<meta property=\"og:image:type\" content=\"image\/jpeg\" \/>\n<meta name=\"author\" content=\"enequipo\" \/>\n<meta name=\"twitter:card\" content=\"summary_large_image\" \/>\n<meta name=\"twitter:creator\" content=\"@sonoraenequipo\" \/>\n<meta name=\"twitter:site\" content=\"@sonoraenequipo\" \/>\n<meta name=\"twitter:label1\" content=\"Escrito por\" \/>\n\t<meta name=\"twitter:data1\" content=\"enequipo\" \/>\n\t<meta name=\"twitter:label2\" content=\"Tiempo de lectura\" \/>\n\t<meta name=\"twitter:data2\" content=\"4 minutos\" \/>\n<script type=\"application\/ld+json\" class=\"yoast-schema-graph\">{\"@context\":\"https:\/\/schema.org\",\"@graph\":[{\"@type\":\"Article\",\"@id\":\"https:\/\/www.sonoraenequipo.com.mx\/italia-presiona-a-las-naciones-de-la-ue-para-que-abran-los-puertos-a-los-migrantes-rescatados\/#article\",\"isPartOf\":{\"@id\":\"https:\/\/www.sonoraenequipo.com.mx\/italia-presiona-a-las-naciones-de-la-ue-para-que-abran-los-puertos-a-los-migrantes-rescatados\/\"},\"author\":{\"name\":\"enequipo\",\"@id\":\"https:\/\/www.sonoraenequipo.com.mx\/#\/schema\/person\/50102df0fb23a8fa9e8effad8fa81386\"},\"headline\":\"Italia presiona a las naciones de la UE para que abran los puertos a los migrantes rescatados\",\"datePublished\":\"2021-08-05T01:04:50+00:00\",\"mainEntityOfPage\":{\"@id\":\"https:\/\/www.sonoraenequipo.com.mx\/italia-presiona-a-las-naciones-de-la-ue-para-que-abran-los-puertos-a-los-migrantes-rescatados\/\"},\"wordCount\":931,\"commentCount\":0,\"publisher\":{\"@id\":\"https:\/\/www.sonoraenequipo.com.mx\/#organization\"},\"image\":{\"@id\":\"https:\/\/www.sonoraenequipo.com.mx\/italia-presiona-a-las-naciones-de-la-ue-para-que-abran-los-puertos-a-los-migrantes-rescatados\/#primaryimage\"},\"thumbnailUrl\":\"https:\/\/www.sonoraenequipo.com.mx\/storage\/2021\/08\/migrantes-italia.jpg\",\"keywords\":[\"ITALIA\",\"migrantes\"],\"articleSection\":[\"MUNDO\"],\"inLanguage\":\"es\",\"potentialAction\":[{\"@type\":\"CommentAction\",\"name\":\"Comment\",\"target\":[\"https:\/\/www.sonoraenequipo.com.mx\/italia-presiona-a-las-naciones-de-la-ue-para-que-abran-los-puertos-a-los-migrantes-rescatados\/#respond\"]}]},{\"@type\":\"WebPage\",\"@id\":\"https:\/\/www.sonoraenequipo.com.mx\/italia-presiona-a-las-naciones-de-la-ue-para-que-abran-los-puertos-a-los-migrantes-rescatados\/\",\"url\":\"https:\/\/www.sonoraenequipo.com.mx\/italia-presiona-a-las-naciones-de-la-ue-para-que-abran-los-puertos-a-los-migrantes-rescatados\/\",\"name\":\"Sonora en Equipo. Italia presiona a las naciones de la UE para que abran los puertos a los migrantes rescatados MUNDO\",\"isPartOf\":{\"@id\":\"https:\/\/www.sonoraenequipo.com.mx\/#website\"},\"primaryImageOfPage\":{\"@id\":\"https:\/\/www.sonoraenequipo.com.mx\/italia-presiona-a-las-naciones-de-la-ue-para-que-abran-los-puertos-a-los-migrantes-rescatados\/#primaryimage\"},\"image\":{\"@id\":\"https:\/\/www.sonoraenequipo.com.mx\/italia-presiona-a-las-naciones-de-la-ue-para-que-abran-los-puertos-a-los-migrantes-rescatados\/#primaryimage\"},\"thumbnailUrl\":\"https:\/\/www.sonoraenequipo.com.mx\/storage\/2021\/08\/migrantes-italia.jpg\",\"datePublished\":\"2021-08-05T01:04:50+00:00\",\"description\":\"ROMAITALIA\u2014 Italia aument\u00f3 la presi\u00f3n HOY sobre otras naciones de la UE Uni\u00f3n Europea para que abran sus puertos a los migrantes rescatados por barcos En Sonora en Equipo publicamos toda la informaci\u00f3n de Sonora, M\u00e9xico y el Mundo de manera oportuna y busca que la libertad de expresi\u00f3n sea real. Visita nuestro medio informativo publicado desde Hermosillo, Sonora. %\",\"breadcrumb\":{\"@id\":\"https:\/\/www.sonoraenequipo.com.mx\/italia-presiona-a-las-naciones-de-la-ue-para-que-abran-los-puertos-a-los-migrantes-rescatados\/#breadcrumb\"},\"inLanguage\":\"es\",\"potentialAction\":[{\"@type\":\"ReadAction\",\"target\":[\"https:\/\/www.sonoraenequipo.com.mx\/italia-presiona-a-las-naciones-de-la-ue-para-que-abran-los-puertos-a-los-migrantes-rescatados\/\"]}]},{\"@type\":\"ImageObject\",\"inLanguage\":\"es\",\"@id\":\"https:\/\/www.sonoraenequipo.com.mx\/italia-presiona-a-las-naciones-de-la-ue-para-que-abran-los-puertos-a-los-migrantes-rescatados\/#primaryimage\",\"url\":\"https:\/\/www.sonoraenequipo.com.mx\/storage\/2021\/08\/migrantes-italia.jpg\",\"contentUrl\":\"https:\/\/www.sonoraenequipo.com.mx\/storage\/2021\/08\/migrantes-italia.jpg\",\"width\":700,\"height\":400,\"caption\":\"Un barco atestado de migrantes est\u00e1 a la espera de ser rescatado por sea Watch 3 en el mar Mediterr\u00e1neo. (AP)\"},{\"@type\":\"BreadcrumbList\",\"@id\":\"https:\/\/www.sonoraenequipo.com.mx\/italia-presiona-a-las-naciones-de-la-ue-para-que-abran-los-puertos-a-los-migrantes-rescatados\/#breadcrumb\",\"itemListElement\":[{\"@type\":\"ListItem\",\"position\":1,\"name\":\"Portada\",\"item\":\"https:\/\/www.sonoraenequipo.com.mx\/\"},{\"@type\":\"ListItem\",\"position\":2,\"name\":\"Italia presiona a las naciones de la UE para que abran los puertos a los migrantes rescatados\"}]},{\"@type\":\"WebSite\",\"@id\":\"https:\/\/www.sonoraenequipo.com.mx\/#website\",\"url\":\"https:\/\/www.sonoraenequipo.com.mx\/\",\"name\":\"Sonora en Equipo.\",\"description\":\"Diario en l\u00ednea con Noticias desde Hermosillo, Sonora\",\"publisher\":{\"@id\":\"https:\/\/www.sonoraenequipo.com.mx\/#organization\"},\"potentialAction\":[{\"@type\":\"SearchAction\",\"target\":{\"@type\":\"EntryPoint\",\"urlTemplate\":\"https:\/\/www.sonoraenequipo.com.mx\/?s={search_term_string}\"},\"query-input\":{\"@type\":\"PropertyValueSpecification\",\"valueRequired\":true,\"valueName\":\"search_term_string\"}}],\"inLanguage\":\"es\"},{\"@type\":\"Organization\",\"@id\":\"https:\/\/www.sonoraenequipo.com.mx\/#organization\",\"name\":\"Sonoraenequipo.com.mx\",\"url\":\"https:\/\/www.sonoraenequipo.com.mx\/\",\"logo\":{\"@type\":\"ImageObject\",\"inLanguage\":\"es\",\"@id\":\"https:\/\/www.sonoraenequipo.com.mx\/#\/schema\/logo\/image\/\",\"url\":\"https:\/\/www.sonoraenequipo.com.mx\/storage\/2019\/01\/sonoraenequipo_opt.png\",\"contentUrl\":\"https:\/\/www.sonoraenequipo.com.mx\/storage\/2019\/01\/sonoraenequipo_opt.png\",\"width\":375,\"height\":125,\"caption\":\"Sonoraenequipo.com.mx\"},\"image\":{\"@id\":\"https:\/\/www.sonoraenequipo.com.mx\/#\/schema\/logo\/image\/\"},\"sameAs\":[\"https:\/\/www.facebook.com\/SonoraEE\/\",\"https:\/\/x.com\/sonoraenequipo\",\"https:\/\/www.youtube.com\/channel\/UC338nW-lPEYmJQs4ZABQ1SQ\"]},{\"@type\":\"Person\",\"@id\":\"https:\/\/www.sonoraenequipo.com.mx\/#\/schema\/person\/50102df0fb23a8fa9e8effad8fa81386\",\"name\":\"enequipo\",\"image\":{\"@type\":\"ImageObject\",\"inLanguage\":\"es\",\"@id\":\"https:\/\/www.sonoraenequipo.com.mx\/#\/schema\/person\/image\/\",\"url\":\"https:\/\/secure.gravatar.com\/avatar\/049821681b589dabc0bc20695993ccebb09f5b5d4d790cd9251b97faac7c652b?s=96&d=blank&r=g\",\"contentUrl\":\"https:\/\/secure.gravatar.com\/avatar\/049821681b589dabc0bc20695993ccebb09f5b5d4d790cd9251b97faac7c652b?s=96&d=blank&r=g\",\"caption\":\"enequipo\"},\"sameAs\":[\"https:\/\/www.facebook.com\/SonoraEE\"]}]}<\/script>\n ","yoast_head_json":{"title":"Sonora en Equipo. Italia presiona a las naciones de la UE para que abran los puertos a los migrantes rescatados MUNDO","description":"ROMAITALIA\u2014 Italia aument\u00f3 la presi\u00f3n HOY sobre otras naciones de la UE Uni\u00f3n Europea para que abran sus puertos a los migrantes rescatados por barcos En Sonora en Equipo publicamos toda la informaci\u00f3n de Sonora, M\u00e9xico y el Mundo de manera oportuna y busca que la libertad de expresi\u00f3n sea real. Visita nuestro medio informativo publicado desde Hermosillo, Sonora. %","robots":{"index":"index","follow":"follow","max-snippet":"max-snippet:-1","max-image-preview":"max-image-preview:large","max-video-preview":"max-video-preview:-1"},"canonical":"https:\/\/www.sonoraenequipo.com.mx\/italia-presiona-a-las-naciones-de-la-ue-para-que-abran-los-puertos-a-los-migrantes-rescatados\/","og_locale":"es_ES","og_type":"article","og_title":"Sonora en Equipo. Italia presiona a las naciones de la UE para que abran los puertos a los migrantes rescatados MUNDO","og_description":"ROMAITALIA\u2014 Italia aument\u00f3 la presi\u00f3n HOY sobre otras naciones de la UE Uni\u00f3n Europea para que abran sus puertos a los migrantes rescatados por barcos En Sonora en Equipo publicamos toda la informaci\u00f3n de Sonora, M\u00e9xico y el Mundo de manera oportuna y busca que la libertad de expresi\u00f3n sea real. Visita nuestro medio informativo publicado desde Hermosillo, Sonora. %","og_url":"https:\/\/www.sonoraenequipo.com.mx\/italia-presiona-a-las-naciones-de-la-ue-para-que-abran-los-puertos-a-los-migrantes-rescatados\/","og_site_name":"Sonora en Equipo.","article_publisher":"https:\/\/www.facebook.com\/SonoraEE\/","article_author":"https:\/\/www.facebook.com\/SonoraEE","article_published_time":"2021-08-05T01:04:50+00:00","og_image":[{"width":700,"height":400,"url":"https:\/\/www.sonoraenequipo.com.mx\/storage\/2021\/08\/migrantes-italia.jpg","type":"image\/jpeg"}],"author":"enequipo","twitter_card":"summary_large_image","twitter_creator":"@sonoraenequipo","twitter_site":"@sonoraenequipo","twitter_misc":{"Escrito por":"enequipo","Tiempo de lectura":"4 minutos"},"schema":{"@context":"https:\/\/schema.org","@graph":[{"@type":"Article","@id":"https:\/\/www.sonoraenequipo.com.mx\/italia-presiona-a-las-naciones-de-la-ue-para-que-abran-los-puertos-a-los-migrantes-rescatados\/#article","isPartOf":{"@id":"https:\/\/www.sonoraenequipo.com.mx\/italia-presiona-a-las-naciones-de-la-ue-para-que-abran-los-puertos-a-los-migrantes-rescatados\/"},"author":{"name":"enequipo","@id":"https:\/\/www.sonoraenequipo.com.mx\/#\/schema\/person\/50102df0fb23a8fa9e8effad8fa81386"},"headline":"Italia presiona a las naciones de la UE para que abran los puertos a los migrantes rescatados","datePublished":"2021-08-05T01:04:50+00:00","mainEntityOfPage":{"@id":"https:\/\/www.sonoraenequipo.com.mx\/italia-presiona-a-las-naciones-de-la-ue-para-que-abran-los-puertos-a-los-migrantes-rescatados\/"},"wordCount":931,"commentCount":0,"publisher":{"@id":"https:\/\/www.sonoraenequipo.com.mx\/#organization"},"image":{"@id":"https:\/\/www.sonoraenequipo.com.mx\/italia-presiona-a-las-naciones-de-la-ue-para-que-abran-los-puertos-a-los-migrantes-rescatados\/#primaryimage"},"thumbnailUrl":"https:\/\/www.sonoraenequipo.com.mx\/storage\/2021\/08\/migrantes-italia.jpg","keywords":["ITALIA","migrantes"],"articleSection":["MUNDO"],"inLanguage":"es","potentialAction":[{"@type":"CommentAction","name":"Comment","target":["https:\/\/www.sonoraenequipo.com.mx\/italia-presiona-a-las-naciones-de-la-ue-para-que-abran-los-puertos-a-los-migrantes-rescatados\/#respond"]}]},{"@type":"WebPage","@id":"https:\/\/www.sonoraenequipo.com.mx\/italia-presiona-a-las-naciones-de-la-ue-para-que-abran-los-puertos-a-los-migrantes-rescatados\/","url":"https:\/\/www.sonoraenequipo.com.mx\/italia-presiona-a-las-naciones-de-la-ue-para-que-abran-los-puertos-a-los-migrantes-rescatados\/","name":"Sonora en Equipo. Italia presiona a las naciones de la UE para que abran los puertos a los migrantes rescatados MUNDO","isPartOf":{"@id":"https:\/\/www.sonoraenequipo.com.mx\/#website"},"primaryImageOfPage":{"@id":"https:\/\/www.sonoraenequipo.com.mx\/italia-presiona-a-las-naciones-de-la-ue-para-que-abran-los-puertos-a-los-migrantes-rescatados\/#primaryimage"},"image":{"@id":"https:\/\/www.sonoraenequipo.com.mx\/italia-presiona-a-las-naciones-de-la-ue-para-que-abran-los-puertos-a-los-migrantes-rescatados\/#primaryimage"},"thumbnailUrl":"https:\/\/www.sonoraenequipo.com.mx\/storage\/2021\/08\/migrantes-italia.jpg","datePublished":"2021-08-05T01:04:50+00:00","description":"ROMAITALIA\u2014 Italia aument\u00f3 la presi\u00f3n HOY sobre otras naciones de la UE Uni\u00f3n Europea para que abran sus puertos a los migrantes rescatados por barcos En Sonora en Equipo publicamos toda la informaci\u00f3n de Sonora, M\u00e9xico y el Mundo de manera oportuna y busca que la libertad de expresi\u00f3n sea real. Visita nuestro medio informativo publicado desde Hermosillo, Sonora. %","breadcrumb":{"@id":"https:\/\/www.sonoraenequipo.com.mx\/italia-presiona-a-las-naciones-de-la-ue-para-que-abran-los-puertos-a-los-migrantes-rescatados\/#breadcrumb"},"inLanguage":"es","potentialAction":[{"@type":"ReadAction","target":["https:\/\/www.sonoraenequipo.com.mx\/italia-presiona-a-las-naciones-de-la-ue-para-que-abran-los-puertos-a-los-migrantes-rescatados\/"]}]},{"@type":"ImageObject","inLanguage":"es","@id":"https:\/\/www.sonoraenequipo.com.mx\/italia-presiona-a-las-naciones-de-la-ue-para-que-abran-los-puertos-a-los-migrantes-rescatados\/#primaryimage","url":"https:\/\/www.sonoraenequipo.com.mx\/storage\/2021\/08\/migrantes-italia.jpg","contentUrl":"https:\/\/www.sonoraenequipo.com.mx\/storage\/2021\/08\/migrantes-italia.jpg","width":700,"height":400,"caption":"Un barco atestado de migrantes est\u00e1 a la espera de ser rescatado por sea Watch 3 en el mar Mediterr\u00e1neo. (AP)"},{"@type":"BreadcrumbList","@id":"https:\/\/www.sonoraenequipo.com.mx\/italia-presiona-a-las-naciones-de-la-ue-para-que-abran-los-puertos-a-los-migrantes-rescatados\/#breadcrumb","itemListElement":[{"@type":"ListItem","position":1,"name":"Portada","item":"https:\/\/www.sonoraenequipo.com.mx\/"},{"@type":"ListItem","position":2,"name":"Italia presiona a las naciones de la UE para que abran los puertos a los migrantes rescatados"}]},{"@type":"WebSite","@id":"https:\/\/www.sonoraenequipo.com.mx\/#website","url":"https:\/\/www.sonoraenequipo.com.mx\/","name":"Sonora en Equipo.","description":"Diario en l\u00ednea con Noticias desde Hermosillo, Sonora","publisher":{"@id":"https:\/\/www.sonoraenequipo.com.mx\/#organization"},"potentialAction":[{"@type":"SearchAction","target":{"@type":"EntryPoint","urlTemplate":"https:\/\/www.sonoraenequipo.com.mx\/?s={search_term_string}"},"query-input":{"@type":"PropertyValueSpecification","valueRequired":true,"valueName":"search_term_string"}}],"inLanguage":"es"},{"@type":"Organization","@id":"https:\/\/www.sonoraenequipo.com.mx\/#organization","name":"Sonoraenequipo.com.mx","url":"https:\/\/www.sonoraenequipo.com.mx\/","logo":{"@type":"ImageObject","inLanguage":"es","@id":"https:\/\/www.sonoraenequipo.com.mx\/#\/schema\/logo\/image\/","url":"https:\/\/www.sonoraenequipo.com.mx\/storage\/2019\/01\/sonoraenequipo_opt.png","contentUrl":"https:\/\/www.sonoraenequipo.com.mx\/storage\/2019\/01\/sonoraenequipo_opt.png","width":375,"height":125,"caption":"Sonoraenequipo.com.mx"},"image":{"@id":"https:\/\/www.sonoraenequipo.com.mx\/#\/schema\/logo\/image\/"},"sameAs":["https:\/\/www.facebook.com\/SonoraEE\/","https:\/\/x.com\/sonoraenequipo","https:\/\/www.youtube.com\/channel\/UC338nW-lPEYmJQs4ZABQ1SQ"]},{"@type":"Person","@id":"https:\/\/www.sonoraenequipo.com.mx\/#\/schema\/person\/50102df0fb23a8fa9e8effad8fa81386","name":"enequipo","image":{"@type":"ImageObject","inLanguage":"es","@id":"https:\/\/www.sonoraenequipo.com.mx\/#\/schema\/person\/image\/","url":"https:\/\/secure.gravatar.com\/avatar\/049821681b589dabc0bc20695993ccebb09f5b5d4d790cd9251b97faac7c652b?s=96&d=blank&r=g","contentUrl":"https:\/\/secure.gravatar.com\/avatar\/049821681b589dabc0bc20695993ccebb09f5b5d4d790cd9251b97faac7c652b?s=96&d=blank&r=g","caption":"enequipo"},"sameAs":["https:\/\/www.facebook.com\/SonoraEE"]}]}},"jetpack_featured_media_url":"https:\/\/www.sonoraenequipo.com.mx\/storage\/2021\/08\/migrantes-italia.jpg","_links":{"self":[{"href":"https:\/\/www.sonoraenequipo.com.mx\/api\/wp\/v2\/posts\/119805","targetHints":{"allow":["GET"]}}],"collection":[{"href":"https:\/\/www.sonoraenequipo.com.mx\/api\/wp\/v2\/posts"}],"about":[{"href":"https:\/\/www.sonoraenequipo.com.mx\/api\/wp\/v2\/types\/post"}],"author":[{"embeddable":true,"href":"https:\/\/www.sonoraenequipo.com.mx\/api\/wp\/v2\/users\/1"}],"replies":[{"embeddable":true,"href":"https:\/\/www.sonoraenequipo.com.mx\/api\/wp\/v2\/comments?post=119805"}],"version-history":[{"count":1,"href":"https:\/\/www.sonoraenequipo.com.mx\/api\/wp\/v2\/posts\/119805\/revisions"}],"predecessor-version":[{"id":119807,"href":"https:\/\/www.sonoraenequipo.com.mx\/api\/wp\/v2\/posts\/119805\/revisions\/119807"}],"wp:featuredmedia":[{"embeddable":true,"href":"https:\/\/www.sonoraenequipo.com.mx\/api\/wp\/v2\/media\/119806"}],"wp:attachment":[{"href":"https:\/\/www.sonoraenequipo.com.mx\/api\/wp\/v2\/media?parent=119805"}],"wp:term":[{"taxonomy":"category","embeddable":true,"href":"https:\/\/www.sonoraenequipo.com.mx\/api\/wp\/v2\/categories?post=119805"},{"taxonomy":"post_tag","embeddable":true,"href":"https:\/\/www.sonoraenequipo.com.mx\/api\/wp\/v2\/tags?post=119805"}],"curies":[{"name":"wp","href":"https:\/\/api.w.org\/{rel}","templated":true}]}}