{"id":119810,"date":"2021-08-04T17:50:11","date_gmt":"2021-08-05T00:50:11","guid":{"rendered":"https:\/\/www.sonoraenequipo.com.mx\/?p=119810"},"modified":"2021-08-04T18:28:15","modified_gmt":"2021-08-05T01:28:15","slug":"sener-descarta-desabasto-de-gas-lp-en-el-pais-no-hay-escasez","status":"publish","type":"post","link":"https:\/\/www.sonoraenequipo.com.mx\/sener-descarta-desabasto-de-gas-lp-en-el-pais-no-hay-escasez\/","title":{"rendered":"Sener descarta desabasto de gas LP en el pa\u00eds: \u201cno hay escasez\u201d"},"content":{"rendered":"<p>CIUDAD DE M\u00c9XICO. MX. \u2014 La Secretaria de Energ\u00eda (Sener) Roc\u00edo Nahle asegur\u00f3 que hay suficiente gas LP para abastecer todo el consumo que se requiere en el pa\u00eds y descart\u00f3 que exista un desabasto, luego de que la Uni\u00f3n de Gaseros del Valle de M\u00e9xico suspendi\u00f3 desde el martes la distribuci\u00f3n en protesta por el tope a los precios del hidrocarburo.<\/p>\n<p>&nbsp;<\/p>\n<p> <\/p>\n<p><em>\u201cNo hay escasez ni falta del energ\u00e9tico en el territorio nacional\u201d,<\/em> apunt\u00f3 la funcionaria en su cuenta de Twitter y asegur\u00f3 que el Gobierno Federal ya trabaja para garantizar que la distribuci\u00f3n sea ordenada y con precios regulados.<\/p>\n<p>&nbsp;<\/p>\n<p>Los distribuidores de gas convocaron al gremio a un paro indefinido de actividades argumentando \u201cuna falta de capacidad econ\u00f3mica\u201d que les permita realizar la entrega diaria del hidrocarburo.<\/p>\n<p>&nbsp;<\/p>\n<p>Asimismo, este mi\u00e9rcoles el presidente Andr\u00e9s Manuel L\u00f3pez Obrador inform\u00f3 que el gobierno analiza presentar una denuncia contra quienes se nieguen a prestar servicio para la gente.<\/p>\n<p>&nbsp;<\/p>\n<p>&nbsp;<\/p>\n<p>(Publicada el 04\/08\/2021)<\/p>\n","protected":false},"excerpt":{"rendered":"<p>CIUDAD DE M\u00c9XICO. MX. \u2014 La Secretaria de Energ\u00eda (Sener) Roc\u00edo Nahle asegur\u00f3 que hay&#8230;<\/p>\n","protected":false},"author":1,"featured_media":119811,"comment_status":"open","ping_status":"open","sticky":false,"template":"","format":"standard","meta":{"_monsterinsights_skip_tracking":false,"_monsterinsights_sitenote_active":false,"_monsterinsights_sitenote_note":"","_monsterinsights_sitenote_category":0,"footnotes":""},"categories":[5],"tags":[],"class_list":["post"],"yoast_head":" \n<title>Sonora en Equipo. Sener descarta desabasto de gas LP en el pa\u00eds: \u201cno hay escasez\u201d Rep\u00fablica<\/title>\n<meta name=\"description\" content=\"CIUDAD DE M\u00c9XICO. MX. \u2014 La Secretaria de Energ\u00eda (Sener) Roc\u00edo Nahle asegur\u00f3 que hay suficiente gas LP para abastecer todo el consumo que se requiere en En Sonora en Equipo publicamos toda la informaci\u00f3n de Sonora, M\u00e9xico y el Mundo de manera oportuna y busca que la libertad de expresi\u00f3n sea real. Visita nuestro medio informativo publicado desde Hermosillo, Sonora. %\" \/>\n<meta name=\"robots\" content=\"index, follow, max-snippet:-1, max-image-preview:large, max-video-preview:-1\" \/>\n<link rel=\"canonical\" href=\"https:\/\/www.sonoraenequipo.com.mx\/sener-descarta-desabasto-de-gas-lp-en-el-pais-no-hay-escasez\/\" \/>\n<meta property=\"og:locale\" content=\"es_ES\" \/>\n<meta property=\"og:type\" content=\"article\" \/>\n<meta property=\"og:title\" content=\"Sonora en Equipo. Sener descarta desabasto de gas LP en el pa\u00eds: \u201cno hay escasez\u201d Rep\u00fablica\" \/>\n<meta property=\"og:description\" content=\"CIUDAD DE M\u00c9XICO. MX. \u2014 La Secretaria de Energ\u00eda (Sener) Roc\u00edo Nahle asegur\u00f3 que hay suficiente gas LP para abastecer todo el consumo que se requiere en En Sonora en Equipo publicamos toda la informaci\u00f3n de Sonora, M\u00e9xico y el Mundo de manera oportuna y busca que la libertad de expresi\u00f3n sea real. Visita nuestro medio informativo publicado desde Hermosillo, Sonora. %\" \/>\n<meta property=\"og:url\" content=\"https:\/\/www.sonoraenequipo.com.mx\/sener-descarta-desabasto-de-gas-lp-en-el-pais-no-hay-escasez\/\" \/>\n<meta property=\"og:site_name\" content=\"Sonora en Equipo.\" \/>\n<meta property=\"article:publisher\" content=\"https:\/\/www.facebook.com\/SonoraEE\/\" \/>\n<meta property=\"article:author\" content=\"https:\/\/www.facebook.com\/SonoraEE\" \/>\n<meta property=\"article:published_time\" content=\"2021-08-05T00:50:11+00:00\" \/>\n<meta property=\"article:modified_time\" content=\"2021-08-05T01:28:15+00:00\" \/>\n<meta property=\"og:image\" content=\"https:\/\/www.sonoraenequipo.com.mx\/storage\/2021\/08\/rocio-nahle_opt.jpg\" \/>\n\t<meta property=\"og:image:width\" content=\"800\" \/>\n\t<meta property=\"og:image:height\" content=\"400\" \/>\n\t<meta property=\"og:image:type\" content=\"image\/jpeg\" \/>\n<meta name=\"author\" content=\"enequipo\" \/>\n<meta name=\"twitter:card\" content=\"summary_large_image\" \/>\n<meta name=\"twitter:creator\" content=\"@sonoraenequipo\" \/>\n<meta name=\"twitter:site\" content=\"@sonoraenequipo\" \/>\n<meta name=\"twitter:label1\" content=\"Escrito por\" \/>\n\t<meta name=\"twitter:data1\" content=\"enequipo\" \/>\n\t<meta name=\"twitter:label2\" content=\"Tiempo de lectura\" \/>\n\t<meta name=\"twitter:data2\" content=\"1 minuto\" \/>\n<script type=\"application\/ld+json\" class=\"yoast-schema-graph\">{\"@context\":\"https:\/\/schema.org\",\"@graph\":[{\"@type\":\"Article\",\"@id\":\"https:\/\/www.sonoraenequipo.com.mx\/sener-descarta-desabasto-de-gas-lp-en-el-pais-no-hay-escasez\/#article\",\"isPartOf\":{\"@id\":\"https:\/\/www.sonoraenequipo.com.mx\/sener-descarta-desabasto-de-gas-lp-en-el-pais-no-hay-escasez\/\"},\"author\":{\"name\":\"enequipo\",\"@id\":\"https:\/\/www.sonoraenequipo.com.mx\/#\/schema\/person\/50102df0fb23a8fa9e8effad8fa81386\"},\"headline\":\"Sener descarta desabasto de gas LP en el pa\u00eds: \u201cno hay escasez\u201d\",\"datePublished\":\"2021-08-05T00:50:11+00:00\",\"dateModified\":\"2021-08-05T01:28:15+00:00\",\"mainEntityOfPage\":{\"@id\":\"https:\/\/www.sonoraenequipo.com.mx\/sener-descarta-desabasto-de-gas-lp-en-el-pais-no-hay-escasez\/\"},\"wordCount\":187,\"commentCount\":0,\"publisher\":{\"@id\":\"https:\/\/www.sonoraenequipo.com.mx\/#organization\"},\"image\":{\"@id\":\"https:\/\/www.sonoraenequipo.com.mx\/sener-descarta-desabasto-de-gas-lp-en-el-pais-no-hay-escasez\/#primaryimage\"},\"thumbnailUrl\":\"https:\/\/www.sonoraenequipo.com.mx\/storage\/2021\/08\/rocio-nahle_opt.jpg\",\"articleSection\":[\"Rep\u00fablica\"],\"inLanguage\":\"es\",\"potentialAction\":[{\"@type\":\"CommentAction\",\"name\":\"Comment\",\"target\":[\"https:\/\/www.sonoraenequipo.com.mx\/sener-descarta-desabasto-de-gas-lp-en-el-pais-no-hay-escasez\/#respond\"]}]},{\"@type\":\"WebPage\",\"@id\":\"https:\/\/www.sonoraenequipo.com.mx\/sener-descarta-desabasto-de-gas-lp-en-el-pais-no-hay-escasez\/\",\"url\":\"https:\/\/www.sonoraenequipo.com.mx\/sener-descarta-desabasto-de-gas-lp-en-el-pais-no-hay-escasez\/\",\"name\":\"Sonora en Equipo. Sener descarta desabasto de gas LP en el pa\u00eds: \u201cno hay escasez\u201d Rep\u00fablica\",\"isPartOf\":{\"@id\":\"https:\/\/www.sonoraenequipo.com.mx\/#website\"},\"primaryImageOfPage\":{\"@id\":\"https:\/\/www.sonoraenequipo.com.mx\/sener-descarta-desabasto-de-gas-lp-en-el-pais-no-hay-escasez\/#primaryimage\"},\"image\":{\"@id\":\"https:\/\/www.sonoraenequipo.com.mx\/sener-descarta-desabasto-de-gas-lp-en-el-pais-no-hay-escasez\/#primaryimage\"},\"thumbnailUrl\":\"https:\/\/www.sonoraenequipo.com.mx\/storage\/2021\/08\/rocio-nahle_opt.jpg\",\"datePublished\":\"2021-08-05T00:50:11+00:00\",\"dateModified\":\"2021-08-05T01:28:15+00:00\",\"description\":\"CIUDAD DE M\u00c9XICO. MX. \u2014 La Secretaria de Energ\u00eda (Sener) Roc\u00edo Nahle asegur\u00f3 que hay suficiente gas LP para abastecer todo el consumo que se requiere en En Sonora en Equipo publicamos toda la informaci\u00f3n de Sonora, M\u00e9xico y el Mundo de manera oportuna y busca que la libertad de expresi\u00f3n sea real. Visita nuestro medio informativo publicado desde Hermosillo, Sonora. %\",\"breadcrumb\":{\"@id\":\"https:\/\/www.sonoraenequipo.com.mx\/sener-descarta-desabasto-de-gas-lp-en-el-pais-no-hay-escasez\/#breadcrumb\"},\"inLanguage\":\"es\",\"potentialAction\":[{\"@type\":\"ReadAction\",\"target\":[\"https:\/\/www.sonoraenequipo.com.mx\/sener-descarta-desabasto-de-gas-lp-en-el-pais-no-hay-escasez\/\"]}]},{\"@type\":\"ImageObject\",\"inLanguage\":\"es\",\"@id\":\"https:\/\/www.sonoraenequipo.com.mx\/sener-descarta-desabasto-de-gas-lp-en-el-pais-no-hay-escasez\/#primaryimage\",\"url\":\"https:\/\/www.sonoraenequipo.com.mx\/storage\/2021\/08\/rocio-nahle_opt.jpg\",\"contentUrl\":\"https:\/\/www.sonoraenequipo.com.mx\/storage\/2021\/08\/rocio-nahle_opt.jpg\",\"width\":800,\"height\":400},{\"@type\":\"BreadcrumbList\",\"@id\":\"https:\/\/www.sonoraenequipo.com.mx\/sener-descarta-desabasto-de-gas-lp-en-el-pais-no-hay-escasez\/#breadcrumb\",\"itemListElement\":[{\"@type\":\"ListItem\",\"position\":1,\"name\":\"Portada\",\"item\":\"https:\/\/www.sonoraenequipo.com.mx\/\"},{\"@type\":\"ListItem\",\"position\":2,\"name\":\"Sener descarta desabasto de gas LP en el pa\u00eds: \u201cno hay escasez\u201d\"}]},{\"@type\":\"WebSite\",\"@id\":\"https:\/\/www.sonoraenequipo.com.mx\/#website\",\"url\":\"https:\/\/www.sonoraenequipo.com.mx\/\",\"name\":\"Sonora en Equipo.\",\"description\":\"Diario en l\u00ednea con Noticias desde Hermosillo, Sonora\",\"publisher\":{\"@id\":\"https:\/\/www.sonoraenequipo.com.mx\/#organization\"},\"potentialAction\":[{\"@type\":\"SearchAction\",\"target\":{\"@type\":\"EntryPoint\",\"urlTemplate\":\"https:\/\/www.sonoraenequipo.com.mx\/?s={search_term_string}\"},\"query-input\":{\"@type\":\"PropertyValueSpecification\",\"valueRequired\":true,\"valueName\":\"search_term_string\"}}],\"inLanguage\":\"es\"},{\"@type\":\"Organization\",\"@id\":\"https:\/\/www.sonoraenequipo.com.mx\/#organization\",\"name\":\"Sonoraenequipo.com.mx\",\"url\":\"https:\/\/www.sonoraenequipo.com.mx\/\",\"logo\":{\"@type\":\"ImageObject\",\"inLanguage\":\"es\",\"@id\":\"https:\/\/www.sonoraenequipo.com.mx\/#\/schema\/logo\/image\/\",\"url\":\"https:\/\/www.sonoraenequipo.com.mx\/storage\/2019\/01\/sonoraenequipo_opt.png\",\"contentUrl\":\"https:\/\/www.sonoraenequipo.com.mx\/storage\/2019\/01\/sonoraenequipo_opt.png\",\"width\":375,\"height\":125,\"caption\":\"Sonoraenequipo.com.mx\"},\"image\":{\"@id\":\"https:\/\/www.sonoraenequipo.com.mx\/#\/schema\/logo\/image\/\"},\"sameAs\":[\"https:\/\/www.facebook.com\/SonoraEE\/\",\"https:\/\/x.com\/sonoraenequipo\",\"https:\/\/www.youtube.com\/channel\/UC338nW-lPEYmJQs4ZABQ1SQ\"]},{\"@type\":\"Person\",\"@id\":\"https:\/\/www.sonoraenequipo.com.mx\/#\/schema\/person\/50102df0fb23a8fa9e8effad8fa81386\",\"name\":\"enequipo\",\"image\":{\"@type\":\"ImageObject\",\"inLanguage\":\"es\",\"@id\":\"https:\/\/www.sonoraenequipo.com.mx\/#\/schema\/person\/image\/\",\"url\":\"https:\/\/secure.gravatar.com\/avatar\/049821681b589dabc0bc20695993ccebb09f5b5d4d790cd9251b97faac7c652b?s=96&d=blank&r=g\",\"contentUrl\":\"https:\/\/secure.gravatar.com\/avatar\/049821681b589dabc0bc20695993ccebb09f5b5d4d790cd9251b97faac7c652b?s=96&d=blank&r=g\",\"caption\":\"enequipo\"},\"sameAs\":[\"https:\/\/www.facebook.com\/SonoraEE\"]}]}<\/script>\n ","yoast_head_json":{"title":"Sonora en Equipo. Sener descarta desabasto de gas LP en el pa\u00eds: \u201cno hay escasez\u201d Rep\u00fablica","description":"CIUDAD DE M\u00c9XICO. MX. \u2014 La Secretaria de Energ\u00eda (Sener) Roc\u00edo Nahle asegur\u00f3 que hay suficiente gas LP para abastecer todo el consumo que se requiere en En Sonora en Equipo publicamos toda la informaci\u00f3n de Sonora, M\u00e9xico y el Mundo de manera oportuna y busca que la libertad de expresi\u00f3n sea real. Visita nuestro medio informativo publicado desde Hermosillo, Sonora. %","robots":{"index":"index","follow":"follow","max-snippet":"max-snippet:-1","max-image-preview":"max-image-preview:large","max-video-preview":"max-video-preview:-1"},"canonical":"https:\/\/www.sonoraenequipo.com.mx\/sener-descarta-desabasto-de-gas-lp-en-el-pais-no-hay-escasez\/","og_locale":"es_ES","og_type":"article","og_title":"Sonora en Equipo. Sener descarta desabasto de gas LP en el pa\u00eds: \u201cno hay escasez\u201d Rep\u00fablica","og_description":"CIUDAD DE M\u00c9XICO. MX. \u2014 La Secretaria de Energ\u00eda (Sener) Roc\u00edo Nahle asegur\u00f3 que hay suficiente gas LP para abastecer todo el consumo que se requiere en En Sonora en Equipo publicamos toda la informaci\u00f3n de Sonora, M\u00e9xico y el Mundo de manera oportuna y busca que la libertad de expresi\u00f3n sea real. Visita nuestro medio informativo publicado desde Hermosillo, Sonora. %","og_url":"https:\/\/www.sonoraenequipo.com.mx\/sener-descarta-desabasto-de-gas-lp-en-el-pais-no-hay-escasez\/","og_site_name":"Sonora en Equipo.","article_publisher":"https:\/\/www.facebook.com\/SonoraEE\/","article_author":"https:\/\/www.facebook.com\/SonoraEE","article_published_time":"2021-08-05T00:50:11+00:00","article_modified_time":"2021-08-05T01:28:15+00:00","og_image":[{"width":800,"height":400,"url":"https:\/\/www.sonoraenequipo.com.mx\/storage\/2021\/08\/rocio-nahle_opt.jpg","type":"image\/jpeg"}],"author":"enequipo","twitter_card":"summary_large_image","twitter_creator":"@sonoraenequipo","twitter_site":"@sonoraenequipo","twitter_misc":{"Escrito por":"enequipo","Tiempo de lectura":"1 minuto"},"schema":{"@context":"https:\/\/schema.org","@graph":[{"@type":"Article","@id":"https:\/\/www.sonoraenequipo.com.mx\/sener-descarta-desabasto-de-gas-lp-en-el-pais-no-hay-escasez\/#article","isPartOf":{"@id":"https:\/\/www.sonoraenequipo.com.mx\/sener-descarta-desabasto-de-gas-lp-en-el-pais-no-hay-escasez\/"},"author":{"name":"enequipo","@id":"https:\/\/www.sonoraenequipo.com.mx\/#\/schema\/person\/50102df0fb23a8fa9e8effad8fa81386"},"headline":"Sener descarta desabasto de gas LP en el pa\u00eds: \u201cno hay escasez\u201d","datePublished":"2021-08-05T00:50:11+00:00","dateModified":"2021-08-05T01:28:15+00:00","mainEntityOfPage":{"@id":"https:\/\/www.sonoraenequipo.com.mx\/sener-descarta-desabasto-de-gas-lp-en-el-pais-no-hay-escasez\/"},"wordCount":187,"commentCount":0,"publisher":{"@id":"https:\/\/www.sonoraenequipo.com.mx\/#organization"},"image":{"@id":"https:\/\/www.sonoraenequipo.com.mx\/sener-descarta-desabasto-de-gas-lp-en-el-pais-no-hay-escasez\/#primaryimage"},"thumbnailUrl":"https:\/\/www.sonoraenequipo.com.mx\/storage\/2021\/08\/rocio-nahle_opt.jpg","articleSection":["Rep\u00fablica"],"inLanguage":"es","potentialAction":[{"@type":"CommentAction","name":"Comment","target":["https:\/\/www.sonoraenequipo.com.mx\/sener-descarta-desabasto-de-gas-lp-en-el-pais-no-hay-escasez\/#respond"]}]},{"@type":"WebPage","@id":"https:\/\/www.sonoraenequipo.com.mx\/sener-descarta-desabasto-de-gas-lp-en-el-pais-no-hay-escasez\/","url":"https:\/\/www.sonoraenequipo.com.mx\/sener-descarta-desabasto-de-gas-lp-en-el-pais-no-hay-escasez\/","name":"Sonora en Equipo. Sener descarta desabasto de gas LP en el pa\u00eds: \u201cno hay escasez\u201d Rep\u00fablica","isPartOf":{"@id":"https:\/\/www.sonoraenequipo.com.mx\/#website"},"primaryImageOfPage":{"@id":"https:\/\/www.sonoraenequipo.com.mx\/sener-descarta-desabasto-de-gas-lp-en-el-pais-no-hay-escasez\/#primaryimage"},"image":{"@id":"https:\/\/www.sonoraenequipo.com.mx\/sener-descarta-desabasto-de-gas-lp-en-el-pais-no-hay-escasez\/#primaryimage"},"thumbnailUrl":"https:\/\/www.sonoraenequipo.com.mx\/storage\/2021\/08\/rocio-nahle_opt.jpg","datePublished":"2021-08-05T00:50:11+00:00","dateModified":"2021-08-05T01:28:15+00:00","description":"CIUDAD DE M\u00c9XICO. MX. \u2014 La Secretaria de Energ\u00eda (Sener) Roc\u00edo Nahle asegur\u00f3 que hay suficiente gas LP para abastecer todo el consumo que se requiere en En Sonora en Equipo publicamos toda la informaci\u00f3n de Sonora, M\u00e9xico y el Mundo de manera oportuna y busca que la libertad de expresi\u00f3n sea real. Visita nuestro medio informativo publicado desde Hermosillo, Sonora. %","breadcrumb":{"@id":"https:\/\/www.sonoraenequipo.com.mx\/sener-descarta-desabasto-de-gas-lp-en-el-pais-no-hay-escasez\/#breadcrumb"},"inLanguage":"es","potentialAction":[{"@type":"ReadAction","target":["https:\/\/www.sonoraenequipo.com.mx\/sener-descarta-desabasto-de-gas-lp-en-el-pais-no-hay-escasez\/"]}]},{"@type":"ImageObject","inLanguage":"es","@id":"https:\/\/www.sonoraenequipo.com.mx\/sener-descarta-desabasto-de-gas-lp-en-el-pais-no-hay-escasez\/#primaryimage","url":"https:\/\/www.sonoraenequipo.com.mx\/storage\/2021\/08\/rocio-nahle_opt.jpg","contentUrl":"https:\/\/www.sonoraenequipo.com.mx\/storage\/2021\/08\/rocio-nahle_opt.jpg","width":800,"height":400},{"@type":"BreadcrumbList","@id":"https:\/\/www.sonoraenequipo.com.mx\/sener-descarta-desabasto-de-gas-lp-en-el-pais-no-hay-escasez\/#breadcrumb","itemListElement":[{"@type":"ListItem","position":1,"name":"Portada","item":"https:\/\/www.sonoraenequipo.com.mx\/"},{"@type":"ListItem","position":2,"name":"Sener descarta desabasto de gas LP en el pa\u00eds: \u201cno hay escasez\u201d"}]},{"@type":"WebSite","@id":"https:\/\/www.sonoraenequipo.com.mx\/#website","url":"https:\/\/www.sonoraenequipo.com.mx\/","name":"Sonora en Equipo.","description":"Diario en l\u00ednea con Noticias desde Hermosillo, Sonora","publisher":{"@id":"https:\/\/www.sonoraenequipo.com.mx\/#organization"},"potentialAction":[{"@type":"SearchAction","target":{"@type":"EntryPoint","urlTemplate":"https:\/\/www.sonoraenequipo.com.mx\/?s={search_term_string}"},"query-input":{"@type":"PropertyValueSpecification","valueRequired":true,"valueName":"search_term_string"}}],"inLanguage":"es"},{"@type":"Organization","@id":"https:\/\/www.sonoraenequipo.com.mx\/#organization","name":"Sonoraenequipo.com.mx","url":"https:\/\/www.sonoraenequipo.com.mx\/","logo":{"@type":"ImageObject","inLanguage":"es","@id":"https:\/\/www.sonoraenequipo.com.mx\/#\/schema\/logo\/image\/","url":"https:\/\/www.sonoraenequipo.com.mx\/storage\/2019\/01\/sonoraenequipo_opt.png","contentUrl":"https:\/\/www.sonoraenequipo.com.mx\/storage\/2019\/01\/sonoraenequipo_opt.png","width":375,"height":125,"caption":"Sonoraenequipo.com.mx"},"image":{"@id":"https:\/\/www.sonoraenequipo.com.mx\/#\/schema\/logo\/image\/"},"sameAs":["https:\/\/www.facebook.com\/SonoraEE\/","https:\/\/x.com\/sonoraenequipo","https:\/\/www.youtube.com\/channel\/UC338nW-lPEYmJQs4ZABQ1SQ"]},{"@type":"Person","@id":"https:\/\/www.sonoraenequipo.com.mx\/#\/schema\/person\/50102df0fb23a8fa9e8effad8fa81386","name":"enequipo","image":{"@type":"ImageObject","inLanguage":"es","@id":"https:\/\/www.sonoraenequipo.com.mx\/#\/schema\/person\/image\/","url":"https:\/\/secure.gravatar.com\/avatar\/049821681b589dabc0bc20695993ccebb09f5b5d4d790cd9251b97faac7c652b?s=96&d=blank&r=g","contentUrl":"https:\/\/secure.gravatar.com\/avatar\/049821681b589dabc0bc20695993ccebb09f5b5d4d790cd9251b97faac7c652b?s=96&d=blank&r=g","caption":"enequipo"},"sameAs":["https:\/\/www.facebook.com\/SonoraEE"]}]}},"jetpack_featured_media_url":"https:\/\/www.sonoraenequipo.com.mx\/storage\/2021\/08\/rocio-nahle_opt.jpg","_links":{"self":[{"href":"https:\/\/www.sonoraenequipo.com.mx\/api\/wp\/v2\/posts\/119810","targetHints":{"allow":["GET"]}}],"collection":[{"href":"https:\/\/www.sonoraenequipo.com.mx\/api\/wp\/v2\/posts"}],"about":[{"href":"https:\/\/www.sonoraenequipo.com.mx\/api\/wp\/v2\/types\/post"}],"author":[{"embeddable":true,"href":"https:\/\/www.sonoraenequipo.com.mx\/api\/wp\/v2\/users\/1"}],"replies":[{"embeddable":true,"href":"https:\/\/www.sonoraenequipo.com.mx\/api\/wp\/v2\/comments?post=119810"}],"version-history":[{"count":1,"href":"https:\/\/www.sonoraenequipo.com.mx\/api\/wp\/v2\/posts\/119810\/revisions"}],"predecessor-version":[{"id":119812,"href":"https:\/\/www.sonoraenequipo.com.mx\/api\/wp\/v2\/posts\/119810\/revisions\/119812"}],"wp:featuredmedia":[{"embeddable":true,"href":"https:\/\/www.sonoraenequipo.com.mx\/api\/wp\/v2\/media\/119811"}],"wp:attachment":[{"href":"https:\/\/www.sonoraenequipo.com.mx\/api\/wp\/v2\/media?parent=119810"}],"wp:term":[{"taxonomy":"category","embeddable":true,"href":"https:\/\/www.sonoraenequipo.com.mx\/api\/wp\/v2\/categories?post=119810"},{"taxonomy":"post_tag","embeddable":true,"href":"https:\/\/www.sonoraenequipo.com.mx\/api\/wp\/v2\/tags?post=119810"}],"curies":[{"name":"wp","href":"https:\/\/api.w.org\/{rel}","templated":true}]}}