{"id":119820,"date":"2021-08-04T19:21:49","date_gmt":"2021-08-05T02:21:49","guid":{"rendered":"https:\/\/www.sonoraenequipo.com.mx\/?p=119820"},"modified":"2021-08-05T12:37:25","modified_gmt":"2021-08-05T19:37:25","slug":"hermosillo-rehabilita-alumbrado-publico-sistema-de-luminarias-en-parque-de-colonia-lomas-de-lindavista","status":"publish","type":"post","link":"https:\/\/www.sonoraenequipo.com.mx\/hermosillo-rehabilita-alumbrado-publico-sistema-de-luminarias-en-parque-de-colonia-lomas-de-lindavista\/","title":{"rendered":"HERMOSILLO. Rehabilita Alumbrado P\u00fablico sistema de luminarias en parque de colonia Lomas de Lindavista"},"content":{"rendered":"<p>HERMOSILLO, SONORA,MX.\u2500\u2500 \u00a0La Direcci\u00f3n de Alumbrado P\u00fablico de Hermosillo llev\u00f3 a cabo\u00a0 la atenci\u00f3n de un reporte ciudadano en la calle M\u00e1tape e Israel Gonz\u00e1lez, en la colonia Lomas de Lindavista.<\/p>\n<p>&nbsp;<\/p>\n<p>&nbsp;<\/p>\n<p>Esto con el fin de corregir la falla en las l\u00edneas subterr\u00e1neas en la cancha ubicada en el parque de la colonia, donde se arreglaron 2 reflectores de 30 watts, para que puedan continuar los partidos de futbol nocturno que se realizan en el lugar.<\/p>\n<p>&nbsp;<\/p>\n<p>&nbsp;<\/p>\n<p>Con estas acciones se restableci\u00f3 el circuito de tal manera que las luminarias que presentaban fallas en el parque de la colonia ahora encender\u00e1n correctamente, brindando un mejor servicio en el sector norte de la ciudad.<\/p>\n<p>&nbsp;<\/p>\n<p>&nbsp;<\/p>\n<p>Para cualquier reporte, el Gobierno de Hermosillo a trav\u00e9s de la Direcci\u00f3n de Alumbrado P\u00fablico pone a su disposici\u00f3n la l\u00ednea 072 de Atenci\u00f3n Ciudadana y el n\u00famero 6622 200093.<\/p>\n<p>Fecha de Publicaci\u00f3n\u00a0 mi\u00e9rcoles\u00a0 \/ 04\u00a0\u00a0 \/ agosto \/ 2021<\/p>\n<p>&nbsp;<\/p>\n","protected":false},"excerpt":{"rendered":"<p>HERMOSILLO, SONORA,MX.\u2500\u2500 \u00a0La Direcci\u00f3n de Alumbrado P\u00fablico de Hermosillo llev\u00f3 a cabo\u00a0 la atenci\u00f3n de&#8230;<\/p>\n","protected":false},"author":1,"featured_media":119821,"comment_status":"open","ping_status":"open","sticky":false,"template":"","format":"standard","meta":{"_monsterinsights_skip_tracking":false,"_monsterinsights_sitenote_active":false,"_monsterinsights_sitenote_note":"","_monsterinsights_sitenote_category":0,"footnotes":""},"categories":[4],"tags":[4046,35],"class_list":["post"],"yoast_head":" \n<title>Sonora en Equipo. HERMOSILLO. Rehabilita Alumbrado P\u00fablico sistema de luminarias en parque de colonia Lomas de Lindavista Municipios<\/title>\n<meta name=\"description\" content=\"HERMOSILLO, SONORA,MX.\u2500\u2500 \u00a0La Direcci\u00f3n de Alumbrado P\u00fablico de Hermosillo llev\u00f3 a cabo\u00a0 la atenci\u00f3n de un reporte ciudadano en la calle M\u00e1tape e Israel En Sonora en Equipo publicamos toda la informaci\u00f3n de Sonora, M\u00e9xico y el Mundo de manera oportuna y busca que la libertad de expresi\u00f3n sea real. Visita nuestro medio informativo publicado desde Hermosillo, Sonora. %\" \/>\n<meta name=\"robots\" content=\"index, follow, max-snippet:-1, max-image-preview:large, max-video-preview:-1\" \/>\n<link rel=\"canonical\" href=\"https:\/\/www.sonoraenequipo.com.mx\/hermosillo-rehabilita-alumbrado-publico-sistema-de-luminarias-en-parque-de-colonia-lomas-de-lindavista\/\" \/>\n<meta property=\"og:locale\" content=\"es_ES\" \/>\n<meta property=\"og:type\" content=\"article\" \/>\n<meta property=\"og:title\" content=\"Sonora en Equipo. HERMOSILLO. Rehabilita Alumbrado P\u00fablico sistema de luminarias en parque de colonia Lomas de Lindavista Municipios\" \/>\n<meta property=\"og:description\" content=\"HERMOSILLO, SONORA,MX.\u2500\u2500 \u00a0La Direcci\u00f3n de Alumbrado P\u00fablico de Hermosillo llev\u00f3 a cabo\u00a0 la atenci\u00f3n de un reporte ciudadano en la calle M\u00e1tape e Israel En Sonora en Equipo publicamos toda la informaci\u00f3n de Sonora, M\u00e9xico y el Mundo de manera oportuna y busca que la libertad de expresi\u00f3n sea real. Visita nuestro medio informativo publicado desde Hermosillo, Sonora. %\" \/>\n<meta property=\"og:url\" content=\"https:\/\/www.sonoraenequipo.com.mx\/hermosillo-rehabilita-alumbrado-publico-sistema-de-luminarias-en-parque-de-colonia-lomas-de-lindavista\/\" \/>\n<meta property=\"og:site_name\" content=\"Sonora en Equipo.\" \/>\n<meta property=\"article:publisher\" content=\"https:\/\/www.facebook.com\/SonoraEE\/\" \/>\n<meta property=\"article:author\" content=\"https:\/\/www.facebook.com\/SonoraEE\" \/>\n<meta property=\"article:published_time\" content=\"2021-08-05T02:21:49+00:00\" \/>\n<meta property=\"article:modified_time\" content=\"2021-08-05T19:37:25+00:00\" \/>\n<meta property=\"og:image\" content=\"https:\/\/www.sonoraenequipo.com.mx\/storage\/2021\/08\/alumbrado-linda-vista.jpg\" \/>\n\t<meta property=\"og:image:width\" content=\"700\" \/>\n\t<meta property=\"og:image:height\" content=\"400\" \/>\n\t<meta property=\"og:image:type\" content=\"image\/jpeg\" \/>\n<meta name=\"author\" content=\"enequipo\" \/>\n<meta name=\"twitter:card\" content=\"summary_large_image\" \/>\n<meta name=\"twitter:creator\" content=\"@sonoraenequipo\" \/>\n<meta name=\"twitter:site\" content=\"@sonoraenequipo\" \/>\n<meta name=\"twitter:label1\" content=\"Escrito por\" \/>\n\t<meta name=\"twitter:data1\" content=\"enequipo\" \/>\n\t<meta name=\"twitter:label2\" content=\"Tiempo de lectura\" \/>\n\t<meta name=\"twitter:data2\" content=\"1 minuto\" \/>\n<script type=\"application\/ld+json\" class=\"yoast-schema-graph\">{\"@context\":\"https:\/\/schema.org\",\"@graph\":[{\"@type\":\"Article\",\"@id\":\"https:\/\/www.sonoraenequipo.com.mx\/hermosillo-rehabilita-alumbrado-publico-sistema-de-luminarias-en-parque-de-colonia-lomas-de-lindavista\/#article\",\"isPartOf\":{\"@id\":\"https:\/\/www.sonoraenequipo.com.mx\/hermosillo-rehabilita-alumbrado-publico-sistema-de-luminarias-en-parque-de-colonia-lomas-de-lindavista\/\"},\"author\":{\"name\":\"enequipo\",\"@id\":\"https:\/\/www.sonoraenequipo.com.mx\/#\/schema\/person\/50102df0fb23a8fa9e8effad8fa81386\"},\"headline\":\"HERMOSILLO. Rehabilita Alumbrado P\u00fablico sistema de luminarias en parque de colonia Lomas de Lindavista\",\"datePublished\":\"2021-08-05T02:21:49+00:00\",\"dateModified\":\"2021-08-05T19:37:25+00:00\",\"mainEntityOfPage\":{\"@id\":\"https:\/\/www.sonoraenequipo.com.mx\/hermosillo-rehabilita-alumbrado-publico-sistema-de-luminarias-en-parque-de-colonia-lomas-de-lindavista\/\"},\"wordCount\":182,\"commentCount\":0,\"publisher\":{\"@id\":\"https:\/\/www.sonoraenequipo.com.mx\/#organization\"},\"image\":{\"@id\":\"https:\/\/www.sonoraenequipo.com.mx\/hermosillo-rehabilita-alumbrado-publico-sistema-de-luminarias-en-parque-de-colonia-lomas-de-lindavista\/#primaryimage\"},\"thumbnailUrl\":\"https:\/\/www.sonoraenequipo.com.mx\/storage\/2021\/08\/alumbrado-linda-vista.jpg\",\"keywords\":[\"alumbrado p\u00fabico\",\"hermosillo\"],\"articleSection\":[\"Municipios\"],\"inLanguage\":\"es\",\"potentialAction\":[{\"@type\":\"CommentAction\",\"name\":\"Comment\",\"target\":[\"https:\/\/www.sonoraenequipo.com.mx\/hermosillo-rehabilita-alumbrado-publico-sistema-de-luminarias-en-parque-de-colonia-lomas-de-lindavista\/#respond\"]}]},{\"@type\":\"WebPage\",\"@id\":\"https:\/\/www.sonoraenequipo.com.mx\/hermosillo-rehabilita-alumbrado-publico-sistema-de-luminarias-en-parque-de-colonia-lomas-de-lindavista\/\",\"url\":\"https:\/\/www.sonoraenequipo.com.mx\/hermosillo-rehabilita-alumbrado-publico-sistema-de-luminarias-en-parque-de-colonia-lomas-de-lindavista\/\",\"name\":\"Sonora en Equipo. HERMOSILLO. Rehabilita Alumbrado P\u00fablico sistema de luminarias en parque de colonia Lomas de Lindavista Municipios\",\"isPartOf\":{\"@id\":\"https:\/\/www.sonoraenequipo.com.mx\/#website\"},\"primaryImageOfPage\":{\"@id\":\"https:\/\/www.sonoraenequipo.com.mx\/hermosillo-rehabilita-alumbrado-publico-sistema-de-luminarias-en-parque-de-colonia-lomas-de-lindavista\/#primaryimage\"},\"image\":{\"@id\":\"https:\/\/www.sonoraenequipo.com.mx\/hermosillo-rehabilita-alumbrado-publico-sistema-de-luminarias-en-parque-de-colonia-lomas-de-lindavista\/#primaryimage\"},\"thumbnailUrl\":\"https:\/\/www.sonoraenequipo.com.mx\/storage\/2021\/08\/alumbrado-linda-vista.jpg\",\"datePublished\":\"2021-08-05T02:21:49+00:00\",\"dateModified\":\"2021-08-05T19:37:25+00:00\",\"description\":\"HERMOSILLO, SONORA,MX.\u2500\u2500 \u00a0La Direcci\u00f3n de Alumbrado P\u00fablico de Hermosillo llev\u00f3 a cabo\u00a0 la atenci\u00f3n de un reporte ciudadano en la calle M\u00e1tape e Israel En Sonora en Equipo publicamos toda la informaci\u00f3n de Sonora, M\u00e9xico y el Mundo de manera oportuna y busca que la libertad de expresi\u00f3n sea real. Visita nuestro medio informativo publicado desde Hermosillo, Sonora. %\",\"breadcrumb\":{\"@id\":\"https:\/\/www.sonoraenequipo.com.mx\/hermosillo-rehabilita-alumbrado-publico-sistema-de-luminarias-en-parque-de-colonia-lomas-de-lindavista\/#breadcrumb\"},\"inLanguage\":\"es\",\"potentialAction\":[{\"@type\":\"ReadAction\",\"target\":[\"https:\/\/www.sonoraenequipo.com.mx\/hermosillo-rehabilita-alumbrado-publico-sistema-de-luminarias-en-parque-de-colonia-lomas-de-lindavista\/\"]}]},{\"@type\":\"ImageObject\",\"inLanguage\":\"es\",\"@id\":\"https:\/\/www.sonoraenequipo.com.mx\/hermosillo-rehabilita-alumbrado-publico-sistema-de-luminarias-en-parque-de-colonia-lomas-de-lindavista\/#primaryimage\",\"url\":\"https:\/\/www.sonoraenequipo.com.mx\/storage\/2021\/08\/alumbrado-linda-vista.jpg\",\"contentUrl\":\"https:\/\/www.sonoraenequipo.com.mx\/storage\/2021\/08\/alumbrado-linda-vista.jpg\",\"width\":700,\"height\":400},{\"@type\":\"BreadcrumbList\",\"@id\":\"https:\/\/www.sonoraenequipo.com.mx\/hermosillo-rehabilita-alumbrado-publico-sistema-de-luminarias-en-parque-de-colonia-lomas-de-lindavista\/#breadcrumb\",\"itemListElement\":[{\"@type\":\"ListItem\",\"position\":1,\"name\":\"Portada\",\"item\":\"https:\/\/www.sonoraenequipo.com.mx\/\"},{\"@type\":\"ListItem\",\"position\":2,\"name\":\"HERMOSILLO. Rehabilita Alumbrado P\u00fablico sistema de luminarias en parque de colonia Lomas de Lindavista\"}]},{\"@type\":\"WebSite\",\"@id\":\"https:\/\/www.sonoraenequipo.com.mx\/#website\",\"url\":\"https:\/\/www.sonoraenequipo.com.mx\/\",\"name\":\"Sonora en Equipo.\",\"description\":\"Diario en l\u00ednea con Noticias desde Hermosillo, Sonora\",\"publisher\":{\"@id\":\"https:\/\/www.sonoraenequipo.com.mx\/#organization\"},\"potentialAction\":[{\"@type\":\"SearchAction\",\"target\":{\"@type\":\"EntryPoint\",\"urlTemplate\":\"https:\/\/www.sonoraenequipo.com.mx\/?s={search_term_string}\"},\"query-input\":{\"@type\":\"PropertyValueSpecification\",\"valueRequired\":true,\"valueName\":\"search_term_string\"}}],\"inLanguage\":\"es\"},{\"@type\":\"Organization\",\"@id\":\"https:\/\/www.sonoraenequipo.com.mx\/#organization\",\"name\":\"Sonoraenequipo.com.mx\",\"url\":\"https:\/\/www.sonoraenequipo.com.mx\/\",\"logo\":{\"@type\":\"ImageObject\",\"inLanguage\":\"es\",\"@id\":\"https:\/\/www.sonoraenequipo.com.mx\/#\/schema\/logo\/image\/\",\"url\":\"https:\/\/www.sonoraenequipo.com.mx\/storage\/2019\/01\/sonoraenequipo_opt.png\",\"contentUrl\":\"https:\/\/www.sonoraenequipo.com.mx\/storage\/2019\/01\/sonoraenequipo_opt.png\",\"width\":375,\"height\":125,\"caption\":\"Sonoraenequipo.com.mx\"},\"image\":{\"@id\":\"https:\/\/www.sonoraenequipo.com.mx\/#\/schema\/logo\/image\/\"},\"sameAs\":[\"https:\/\/www.facebook.com\/SonoraEE\/\",\"https:\/\/x.com\/sonoraenequipo\",\"https:\/\/www.youtube.com\/channel\/UC338nW-lPEYmJQs4ZABQ1SQ\"]},{\"@type\":\"Person\",\"@id\":\"https:\/\/www.sonoraenequipo.com.mx\/#\/schema\/person\/50102df0fb23a8fa9e8effad8fa81386\",\"name\":\"enequipo\",\"image\":{\"@type\":\"ImageObject\",\"inLanguage\":\"es\",\"@id\":\"https:\/\/www.sonoraenequipo.com.mx\/#\/schema\/person\/image\/\",\"url\":\"https:\/\/secure.gravatar.com\/avatar\/049821681b589dabc0bc20695993ccebb09f5b5d4d790cd9251b97faac7c652b?s=96&d=blank&r=g\",\"contentUrl\":\"https:\/\/secure.gravatar.com\/avatar\/049821681b589dabc0bc20695993ccebb09f5b5d4d790cd9251b97faac7c652b?s=96&d=blank&r=g\",\"caption\":\"enequipo\"},\"sameAs\":[\"https:\/\/www.facebook.com\/SonoraEE\"]}]}<\/script>\n ","yoast_head_json":{"title":"Sonora en Equipo. HERMOSILLO. Rehabilita Alumbrado P\u00fablico sistema de luminarias en parque de colonia Lomas de Lindavista Municipios","description":"HERMOSILLO, SONORA,MX.\u2500\u2500 \u00a0La Direcci\u00f3n de Alumbrado P\u00fablico de Hermosillo llev\u00f3 a cabo\u00a0 la atenci\u00f3n de un reporte ciudadano en la calle M\u00e1tape e Israel En Sonora en Equipo publicamos toda la informaci\u00f3n de Sonora, M\u00e9xico y el Mundo de manera oportuna y busca que la libertad de expresi\u00f3n sea real. Visita nuestro medio informativo publicado desde Hermosillo, Sonora. %","robots":{"index":"index","follow":"follow","max-snippet":"max-snippet:-1","max-image-preview":"max-image-preview:large","max-video-preview":"max-video-preview:-1"},"canonical":"https:\/\/www.sonoraenequipo.com.mx\/hermosillo-rehabilita-alumbrado-publico-sistema-de-luminarias-en-parque-de-colonia-lomas-de-lindavista\/","og_locale":"es_ES","og_type":"article","og_title":"Sonora en Equipo. HERMOSILLO. Rehabilita Alumbrado P\u00fablico sistema de luminarias en parque de colonia Lomas de Lindavista Municipios","og_description":"HERMOSILLO, SONORA,MX.\u2500\u2500 \u00a0La Direcci\u00f3n de Alumbrado P\u00fablico de Hermosillo llev\u00f3 a cabo\u00a0 la atenci\u00f3n de un reporte ciudadano en la calle M\u00e1tape e Israel En Sonora en Equipo publicamos toda la informaci\u00f3n de Sonora, M\u00e9xico y el Mundo de manera oportuna y busca que la libertad de expresi\u00f3n sea real. Visita nuestro medio informativo publicado desde Hermosillo, Sonora. %","og_url":"https:\/\/www.sonoraenequipo.com.mx\/hermosillo-rehabilita-alumbrado-publico-sistema-de-luminarias-en-parque-de-colonia-lomas-de-lindavista\/","og_site_name":"Sonora en Equipo.","article_publisher":"https:\/\/www.facebook.com\/SonoraEE\/","article_author":"https:\/\/www.facebook.com\/SonoraEE","article_published_time":"2021-08-05T02:21:49+00:00","article_modified_time":"2021-08-05T19:37:25+00:00","og_image":[{"width":700,"height":400,"url":"https:\/\/www.sonoraenequipo.com.mx\/storage\/2021\/08\/alumbrado-linda-vista.jpg","type":"image\/jpeg"}],"author":"enequipo","twitter_card":"summary_large_image","twitter_creator":"@sonoraenequipo","twitter_site":"@sonoraenequipo","twitter_misc":{"Escrito por":"enequipo","Tiempo de lectura":"1 minuto"},"schema":{"@context":"https:\/\/schema.org","@graph":[{"@type":"Article","@id":"https:\/\/www.sonoraenequipo.com.mx\/hermosillo-rehabilita-alumbrado-publico-sistema-de-luminarias-en-parque-de-colonia-lomas-de-lindavista\/#article","isPartOf":{"@id":"https:\/\/www.sonoraenequipo.com.mx\/hermosillo-rehabilita-alumbrado-publico-sistema-de-luminarias-en-parque-de-colonia-lomas-de-lindavista\/"},"author":{"name":"enequipo","@id":"https:\/\/www.sonoraenequipo.com.mx\/#\/schema\/person\/50102df0fb23a8fa9e8effad8fa81386"},"headline":"HERMOSILLO. Rehabilita Alumbrado P\u00fablico sistema de luminarias en parque de colonia Lomas de Lindavista","datePublished":"2021-08-05T02:21:49+00:00","dateModified":"2021-08-05T19:37:25+00:00","mainEntityOfPage":{"@id":"https:\/\/www.sonoraenequipo.com.mx\/hermosillo-rehabilita-alumbrado-publico-sistema-de-luminarias-en-parque-de-colonia-lomas-de-lindavista\/"},"wordCount":182,"commentCount":0,"publisher":{"@id":"https:\/\/www.sonoraenequipo.com.mx\/#organization"},"image":{"@id":"https:\/\/www.sonoraenequipo.com.mx\/hermosillo-rehabilita-alumbrado-publico-sistema-de-luminarias-en-parque-de-colonia-lomas-de-lindavista\/#primaryimage"},"thumbnailUrl":"https:\/\/www.sonoraenequipo.com.mx\/storage\/2021\/08\/alumbrado-linda-vista.jpg","keywords":["alumbrado p\u00fabico","hermosillo"],"articleSection":["Municipios"],"inLanguage":"es","potentialAction":[{"@type":"CommentAction","name":"Comment","target":["https:\/\/www.sonoraenequipo.com.mx\/hermosillo-rehabilita-alumbrado-publico-sistema-de-luminarias-en-parque-de-colonia-lomas-de-lindavista\/#respond"]}]},{"@type":"WebPage","@id":"https:\/\/www.sonoraenequipo.com.mx\/hermosillo-rehabilita-alumbrado-publico-sistema-de-luminarias-en-parque-de-colonia-lomas-de-lindavista\/","url":"https:\/\/www.sonoraenequipo.com.mx\/hermosillo-rehabilita-alumbrado-publico-sistema-de-luminarias-en-parque-de-colonia-lomas-de-lindavista\/","name":"Sonora en Equipo. HERMOSILLO. Rehabilita Alumbrado P\u00fablico sistema de luminarias en parque de colonia Lomas de Lindavista Municipios","isPartOf":{"@id":"https:\/\/www.sonoraenequipo.com.mx\/#website"},"primaryImageOfPage":{"@id":"https:\/\/www.sonoraenequipo.com.mx\/hermosillo-rehabilita-alumbrado-publico-sistema-de-luminarias-en-parque-de-colonia-lomas-de-lindavista\/#primaryimage"},"image":{"@id":"https:\/\/www.sonoraenequipo.com.mx\/hermosillo-rehabilita-alumbrado-publico-sistema-de-luminarias-en-parque-de-colonia-lomas-de-lindavista\/#primaryimage"},"thumbnailUrl":"https:\/\/www.sonoraenequipo.com.mx\/storage\/2021\/08\/alumbrado-linda-vista.jpg","datePublished":"2021-08-05T02:21:49+00:00","dateModified":"2021-08-05T19:37:25+00:00","description":"HERMOSILLO, SONORA,MX.\u2500\u2500 \u00a0La Direcci\u00f3n de Alumbrado P\u00fablico de Hermosillo llev\u00f3 a cabo\u00a0 la atenci\u00f3n de un reporte ciudadano en la calle M\u00e1tape e Israel En Sonora en Equipo publicamos toda la informaci\u00f3n de Sonora, M\u00e9xico y el Mundo de manera oportuna y busca que la libertad de expresi\u00f3n sea real. Visita nuestro medio informativo publicado desde Hermosillo, Sonora. %","breadcrumb":{"@id":"https:\/\/www.sonoraenequipo.com.mx\/hermosillo-rehabilita-alumbrado-publico-sistema-de-luminarias-en-parque-de-colonia-lomas-de-lindavista\/#breadcrumb"},"inLanguage":"es","potentialAction":[{"@type":"ReadAction","target":["https:\/\/www.sonoraenequipo.com.mx\/hermosillo-rehabilita-alumbrado-publico-sistema-de-luminarias-en-parque-de-colonia-lomas-de-lindavista\/"]}]},{"@type":"ImageObject","inLanguage":"es","@id":"https:\/\/www.sonoraenequipo.com.mx\/hermosillo-rehabilita-alumbrado-publico-sistema-de-luminarias-en-parque-de-colonia-lomas-de-lindavista\/#primaryimage","url":"https:\/\/www.sonoraenequipo.com.mx\/storage\/2021\/08\/alumbrado-linda-vista.jpg","contentUrl":"https:\/\/www.sonoraenequipo.com.mx\/storage\/2021\/08\/alumbrado-linda-vista.jpg","width":700,"height":400},{"@type":"BreadcrumbList","@id":"https:\/\/www.sonoraenequipo.com.mx\/hermosillo-rehabilita-alumbrado-publico-sistema-de-luminarias-en-parque-de-colonia-lomas-de-lindavista\/#breadcrumb","itemListElement":[{"@type":"ListItem","position":1,"name":"Portada","item":"https:\/\/www.sonoraenequipo.com.mx\/"},{"@type":"ListItem","position":2,"name":"HERMOSILLO. Rehabilita Alumbrado P\u00fablico sistema de luminarias en parque de colonia Lomas de Lindavista"}]},{"@type":"WebSite","@id":"https:\/\/www.sonoraenequipo.com.mx\/#website","url":"https:\/\/www.sonoraenequipo.com.mx\/","name":"Sonora en Equipo.","description":"Diario en l\u00ednea con Noticias desde Hermosillo, Sonora","publisher":{"@id":"https:\/\/www.sonoraenequipo.com.mx\/#organization"},"potentialAction":[{"@type":"SearchAction","target":{"@type":"EntryPoint","urlTemplate":"https:\/\/www.sonoraenequipo.com.mx\/?s={search_term_string}"},"query-input":{"@type":"PropertyValueSpecification","valueRequired":true,"valueName":"search_term_string"}}],"inLanguage":"es"},{"@type":"Organization","@id":"https:\/\/www.sonoraenequipo.com.mx\/#organization","name":"Sonoraenequipo.com.mx","url":"https:\/\/www.sonoraenequipo.com.mx\/","logo":{"@type":"ImageObject","inLanguage":"es","@id":"https:\/\/www.sonoraenequipo.com.mx\/#\/schema\/logo\/image\/","url":"https:\/\/www.sonoraenequipo.com.mx\/storage\/2019\/01\/sonoraenequipo_opt.png","contentUrl":"https:\/\/www.sonoraenequipo.com.mx\/storage\/2019\/01\/sonoraenequipo_opt.png","width":375,"height":125,"caption":"Sonoraenequipo.com.mx"},"image":{"@id":"https:\/\/www.sonoraenequipo.com.mx\/#\/schema\/logo\/image\/"},"sameAs":["https:\/\/www.facebook.com\/SonoraEE\/","https:\/\/x.com\/sonoraenequipo","https:\/\/www.youtube.com\/channel\/UC338nW-lPEYmJQs4ZABQ1SQ"]},{"@type":"Person","@id":"https:\/\/www.sonoraenequipo.com.mx\/#\/schema\/person\/50102df0fb23a8fa9e8effad8fa81386","name":"enequipo","image":{"@type":"ImageObject","inLanguage":"es","@id":"https:\/\/www.sonoraenequipo.com.mx\/#\/schema\/person\/image\/","url":"https:\/\/secure.gravatar.com\/avatar\/049821681b589dabc0bc20695993ccebb09f5b5d4d790cd9251b97faac7c652b?s=96&d=blank&r=g","contentUrl":"https:\/\/secure.gravatar.com\/avatar\/049821681b589dabc0bc20695993ccebb09f5b5d4d790cd9251b97faac7c652b?s=96&d=blank&r=g","caption":"enequipo"},"sameAs":["https:\/\/www.facebook.com\/SonoraEE"]}]}},"jetpack_featured_media_url":"https:\/\/www.sonoraenequipo.com.mx\/storage\/2021\/08\/alumbrado-linda-vista.jpg","_links":{"self":[{"href":"https:\/\/www.sonoraenequipo.com.mx\/api\/wp\/v2\/posts\/119820","targetHints":{"allow":["GET"]}}],"collection":[{"href":"https:\/\/www.sonoraenequipo.com.mx\/api\/wp\/v2\/posts"}],"about":[{"href":"https:\/\/www.sonoraenequipo.com.mx\/api\/wp\/v2\/types\/post"}],"author":[{"embeddable":true,"href":"https:\/\/www.sonoraenequipo.com.mx\/api\/wp\/v2\/users\/1"}],"replies":[{"embeddable":true,"href":"https:\/\/www.sonoraenequipo.com.mx\/api\/wp\/v2\/comments?post=119820"}],"version-history":[{"count":2,"href":"https:\/\/www.sonoraenequipo.com.mx\/api\/wp\/v2\/posts\/119820\/revisions"}],"predecessor-version":[{"id":119850,"href":"https:\/\/www.sonoraenequipo.com.mx\/api\/wp\/v2\/posts\/119820\/revisions\/119850"}],"wp:featuredmedia":[{"embeddable":true,"href":"https:\/\/www.sonoraenequipo.com.mx\/api\/wp\/v2\/media\/119821"}],"wp:attachment":[{"href":"https:\/\/www.sonoraenequipo.com.mx\/api\/wp\/v2\/media?parent=119820"}],"wp:term":[{"taxonomy":"category","embeddable":true,"href":"https:\/\/www.sonoraenequipo.com.mx\/api\/wp\/v2\/categories?post=119820"},{"taxonomy":"post_tag","embeddable":true,"href":"https:\/\/www.sonoraenequipo.com.mx\/api\/wp\/v2\/tags?post=119820"}],"curies":[{"name":"wp","href":"https:\/\/api.w.org\/{rel}","templated":true}]}}