{"id":119824,"date":"2021-08-04T22:24:28","date_gmt":"2021-08-05T05:24:28","guid":{"rendered":"https:\/\/www.sonoraenequipo.com.mx\/?p=119824"},"modified":"2021-08-05T10:36:20","modified_gmt":"2021-08-05T17:36:20","slug":"variante-de-covid-lambda-podria-ser-una-amenaza-para-la-humanidad","status":"publish","type":"post","link":"https:\/\/www.sonoraenequipo.com.mx\/variante-de-covid-lambda-podria-ser-una-amenaza-para-la-humanidad\/","title":{"rendered":"Variante de Covid Lambda podr\u00eda ser una amenaza para la humanidad"},"content":{"rendered":"<p>NUEVA YORK, ESTADOS UNIDOS. \u2014 La variante del COVID denominada Lambda podr\u00eda ser considerada una amenaza potencial para la humanidad, se\u00f1alaron investigadores japoneses.<\/p>\n<p>&nbsp;<\/p>\n<p> <\/p>\n<p>&nbsp;<\/p>\n<p>En el estudio<em> \u2018La variante Lambda del SARS-CoV-2 exhibe mayor infectividad y resistencia inmune\u2019<\/em>, cient\u00edficos se\u00f1alan que \u201c<em>el agente causante de la enfermedad por COVID-19 se ha diversificado. A partir de julio de 2021, hay cuatro variantes de preocupaci\u00f3n: Alpha, Beta y Delta y cuatro variantes de inter\u00e9s, entre ellas Lambda. Estas variantes se consideran las amenazas potenciales para la sociedad humana\u201d.<\/em><\/p>\n<p>&nbsp;<\/p>\n<p>Adem\u00e1s, el estudio sugiere que dicha mutaci\u00f3n es capaz de escapar de la inmunidad antiviral provocada por la vacunaci\u00f3n.<\/p>\n<p>&nbsp;<\/p>\n<p>El trabajo de indagaci\u00f3n se\u00f1ala que una mutaci\u00f3n de la prote\u00edna Lambda es responsable del fenotipo virol\u00f3gico cepa que puede asociarse con la propagaci\u00f3n de la infecci\u00f3n masiva principalmente en pa\u00edses de Am\u00e9rica del Sur.<\/p>\n<p>&nbsp;<\/p>\n<h3>\u00bfQu\u00e9 dice la OMS sobre Lambda?<\/h3>\n<p>&nbsp;<\/p>\n<p>La Organizaci\u00f3n Mundial de la Salud (OMS) dijo que por el momento no existen razones para que la variante del coronavirus denominada Lambda, identificada inicialmente en Per\u00fa, pase a considerarse una variante de preocupaci\u00f3n y aclar\u00f3 que no ha mostrado ser especialmente transmisible.<\/p>\n<p>&nbsp;<\/p>\n<p>La jefa de la c\u00e9lula t\u00e9cnica anticovid de la OMS, Mar\u00eda Von Kerkhove, dijo que la OMS est\u00e1 siguiendo esta variante y el resto de variantes identificadas en colaboraci\u00f3n con una red internacional de expertos.<\/p>\n<p>&nbsp;<\/p>\n<p>La organizaci\u00f3n ha registrado hasta la fecha cuatro variantes de preocupaci\u00f3n (alfa, beta, delta y gama) y cuatro de inter\u00e9s que est\u00e1 siguiendo, al igual que trece alertas.<\/p>\n<p>&nbsp;<\/p>\n<p>La variante de inter\u00e9s Lambda ha sido detectada en 40 pa\u00edses, pero no hay indicios de que pueda volverse dominante.<\/p>\n<p>&nbsp;<\/p>\n<p><em>\u201cLo importante (de una variante) es ver c\u00f3mo circula y si la transmisi\u00f3n se dispara. Lo que vemos en el caso de la variante lambda es que no parece despegar cuando se reporta en un pa\u00eds, incluso en Per\u00fa, donde se detect\u00f3 por primera vez\u201d,<\/em> explic\u00f3 Von Kerkohve.<\/p>\n<p>&nbsp;<\/p>\n<p>&nbsp;<\/p>\n<p>(Publicada el 04\/08\/2021 \/Con informaci\u00f3n ELFINANCIERO)<\/p>\n","protected":false},"excerpt":{"rendered":"<p>NUEVA YORK, ESTADOS UNIDOS. \u2014 La variante del COVID denominada Lambda podr\u00eda ser considerada una&#8230;<\/p>\n","protected":false},"author":1,"featured_media":119825,"comment_status":"open","ping_status":"open","sticky":false,"template":"","format":"standard","meta":{"_monsterinsights_skip_tracking":false,"_monsterinsights_sitenote_active":false,"_monsterinsights_sitenote_note":"","_monsterinsights_sitenote_category":0,"footnotes":""},"categories":[3],"tags":[],"class_list":["post"],"yoast_head":" \n<title>Sonora en Equipo. Variante de Covid Lambda podr\u00eda ser una amenaza para la humanidad MUNDO<\/title>\n<meta name=\"description\" content=\"NUEVA YORK, ESTADOS UNIDOS. \u2014 La variante del COVID denominada Lambda podr\u00eda ser considerada una amenaza potencial para la humanidad, se\u00f1alaron En Sonora en Equipo publicamos toda la informaci\u00f3n de Sonora, M\u00e9xico y el Mundo de manera oportuna y busca que la libertad de expresi\u00f3n sea real. Visita nuestro medio informativo publicado desde Hermosillo, Sonora. %\" \/>\n<meta name=\"robots\" content=\"index, follow, max-snippet:-1, max-image-preview:large, max-video-preview:-1\" \/>\n<link rel=\"canonical\" href=\"https:\/\/www.sonoraenequipo.com.mx\/variante-de-covid-lambda-podria-ser-una-amenaza-para-la-humanidad\/\" \/>\n<meta property=\"og:locale\" content=\"es_ES\" \/>\n<meta property=\"og:type\" content=\"article\" \/>\n<meta property=\"og:title\" content=\"Sonora en Equipo. Variante de Covid Lambda podr\u00eda ser una amenaza para la humanidad MUNDO\" \/>\n<meta property=\"og:description\" content=\"NUEVA YORK, ESTADOS UNIDOS. \u2014 La variante del COVID denominada Lambda podr\u00eda ser considerada una amenaza potencial para la humanidad, se\u00f1alaron En Sonora en Equipo publicamos toda la informaci\u00f3n de Sonora, M\u00e9xico y el Mundo de manera oportuna y busca que la libertad de expresi\u00f3n sea real. Visita nuestro medio informativo publicado desde Hermosillo, Sonora. %\" \/>\n<meta property=\"og:url\" content=\"https:\/\/www.sonoraenequipo.com.mx\/variante-de-covid-lambda-podria-ser-una-amenaza-para-la-humanidad\/\" \/>\n<meta property=\"og:site_name\" content=\"Sonora en Equipo.\" \/>\n<meta property=\"article:publisher\" content=\"https:\/\/www.facebook.com\/SonoraEE\/\" \/>\n<meta property=\"article:author\" content=\"https:\/\/www.facebook.com\/SonoraEE\" \/>\n<meta property=\"article:published_time\" content=\"2021-08-05T05:24:28+00:00\" \/>\n<meta property=\"article:modified_time\" content=\"2021-08-05T17:36:20+00:00\" \/>\n<meta property=\"og:image\" content=\"https:\/\/www.sonoraenequipo.com.mx\/storage\/2021\/08\/variante-lambda_opt.jpg\" \/>\n\t<meta property=\"og:image:width\" content=\"700\" \/>\n\t<meta property=\"og:image:height\" content=\"400\" \/>\n\t<meta property=\"og:image:type\" content=\"image\/jpeg\" \/>\n<meta name=\"author\" content=\"enequipo\" \/>\n<meta name=\"twitter:card\" content=\"summary_large_image\" \/>\n<meta name=\"twitter:creator\" content=\"@sonoraenequipo\" \/>\n<meta name=\"twitter:site\" content=\"@sonoraenequipo\" \/>\n<meta name=\"twitter:label1\" content=\"Escrito por\" \/>\n\t<meta name=\"twitter:data1\" content=\"enequipo\" \/>\n\t<meta name=\"twitter:label2\" content=\"Tiempo de lectura\" \/>\n\t<meta name=\"twitter:data2\" content=\"2 minutos\" \/>\n<script type=\"application\/ld+json\" class=\"yoast-schema-graph\">{\"@context\":\"https:\/\/schema.org\",\"@graph\":[{\"@type\":\"Article\",\"@id\":\"https:\/\/www.sonoraenequipo.com.mx\/variante-de-covid-lambda-podria-ser-una-amenaza-para-la-humanidad\/#article\",\"isPartOf\":{\"@id\":\"https:\/\/www.sonoraenequipo.com.mx\/variante-de-covid-lambda-podria-ser-una-amenaza-para-la-humanidad\/\"},\"author\":{\"name\":\"enequipo\",\"@id\":\"https:\/\/www.sonoraenequipo.com.mx\/#\/schema\/person\/50102df0fb23a8fa9e8effad8fa81386\"},\"headline\":\"Variante de Covid Lambda podr\u00eda ser una amenaza para la humanidad\",\"datePublished\":\"2021-08-05T05:24:28+00:00\",\"dateModified\":\"2021-08-05T17:36:20+00:00\",\"mainEntityOfPage\":{\"@id\":\"https:\/\/www.sonoraenequipo.com.mx\/variante-de-covid-lambda-podria-ser-una-amenaza-para-la-humanidad\/\"},\"wordCount\":378,\"commentCount\":0,\"publisher\":{\"@id\":\"https:\/\/www.sonoraenequipo.com.mx\/#organization\"},\"image\":{\"@id\":\"https:\/\/www.sonoraenequipo.com.mx\/variante-de-covid-lambda-podria-ser-una-amenaza-para-la-humanidad\/#primaryimage\"},\"thumbnailUrl\":\"https:\/\/www.sonoraenequipo.com.mx\/storage\/2021\/08\/variante-lambda_opt.jpg\",\"articleSection\":[\"MUNDO\"],\"inLanguage\":\"es\",\"potentialAction\":[{\"@type\":\"CommentAction\",\"name\":\"Comment\",\"target\":[\"https:\/\/www.sonoraenequipo.com.mx\/variante-de-covid-lambda-podria-ser-una-amenaza-para-la-humanidad\/#respond\"]}]},{\"@type\":\"WebPage\",\"@id\":\"https:\/\/www.sonoraenequipo.com.mx\/variante-de-covid-lambda-podria-ser-una-amenaza-para-la-humanidad\/\",\"url\":\"https:\/\/www.sonoraenequipo.com.mx\/variante-de-covid-lambda-podria-ser-una-amenaza-para-la-humanidad\/\",\"name\":\"Sonora en Equipo. Variante de Covid Lambda podr\u00eda ser una amenaza para la humanidad MUNDO\",\"isPartOf\":{\"@id\":\"https:\/\/www.sonoraenequipo.com.mx\/#website\"},\"primaryImageOfPage\":{\"@id\":\"https:\/\/www.sonoraenequipo.com.mx\/variante-de-covid-lambda-podria-ser-una-amenaza-para-la-humanidad\/#primaryimage\"},\"image\":{\"@id\":\"https:\/\/www.sonoraenequipo.com.mx\/variante-de-covid-lambda-podria-ser-una-amenaza-para-la-humanidad\/#primaryimage\"},\"thumbnailUrl\":\"https:\/\/www.sonoraenequipo.com.mx\/storage\/2021\/08\/variante-lambda_opt.jpg\",\"datePublished\":\"2021-08-05T05:24:28+00:00\",\"dateModified\":\"2021-08-05T17:36:20+00:00\",\"description\":\"NUEVA YORK, ESTADOS UNIDOS. \u2014 La variante del COVID denominada Lambda podr\u00eda ser considerada una amenaza potencial para la humanidad, se\u00f1alaron En Sonora en Equipo publicamos toda la informaci\u00f3n de Sonora, M\u00e9xico y el Mundo de manera oportuna y busca que la libertad de expresi\u00f3n sea real. Visita nuestro medio informativo publicado desde Hermosillo, Sonora. %\",\"breadcrumb\":{\"@id\":\"https:\/\/www.sonoraenequipo.com.mx\/variante-de-covid-lambda-podria-ser-una-amenaza-para-la-humanidad\/#breadcrumb\"},\"inLanguage\":\"es\",\"potentialAction\":[{\"@type\":\"ReadAction\",\"target\":[\"https:\/\/www.sonoraenequipo.com.mx\/variante-de-covid-lambda-podria-ser-una-amenaza-para-la-humanidad\/\"]}]},{\"@type\":\"ImageObject\",\"inLanguage\":\"es\",\"@id\":\"https:\/\/www.sonoraenequipo.com.mx\/variante-de-covid-lambda-podria-ser-una-amenaza-para-la-humanidad\/#primaryimage\",\"url\":\"https:\/\/www.sonoraenequipo.com.mx\/storage\/2021\/08\/variante-lambda_opt.jpg\",\"contentUrl\":\"https:\/\/www.sonoraenequipo.com.mx\/storage\/2021\/08\/variante-lambda_opt.jpg\",\"width\":700,\"height\":400},{\"@type\":\"BreadcrumbList\",\"@id\":\"https:\/\/www.sonoraenequipo.com.mx\/variante-de-covid-lambda-podria-ser-una-amenaza-para-la-humanidad\/#breadcrumb\",\"itemListElement\":[{\"@type\":\"ListItem\",\"position\":1,\"name\":\"Portada\",\"item\":\"https:\/\/www.sonoraenequipo.com.mx\/\"},{\"@type\":\"ListItem\",\"position\":2,\"name\":\"Variante de Covid Lambda podr\u00eda ser una amenaza para la humanidad\"}]},{\"@type\":\"WebSite\",\"@id\":\"https:\/\/www.sonoraenequipo.com.mx\/#website\",\"url\":\"https:\/\/www.sonoraenequipo.com.mx\/\",\"name\":\"Sonora en Equipo.\",\"description\":\"Diario en l\u00ednea con Noticias desde Hermosillo, Sonora\",\"publisher\":{\"@id\":\"https:\/\/www.sonoraenequipo.com.mx\/#organization\"},\"potentialAction\":[{\"@type\":\"SearchAction\",\"target\":{\"@type\":\"EntryPoint\",\"urlTemplate\":\"https:\/\/www.sonoraenequipo.com.mx\/?s={search_term_string}\"},\"query-input\":{\"@type\":\"PropertyValueSpecification\",\"valueRequired\":true,\"valueName\":\"search_term_string\"}}],\"inLanguage\":\"es\"},{\"@type\":\"Organization\",\"@id\":\"https:\/\/www.sonoraenequipo.com.mx\/#organization\",\"name\":\"Sonoraenequipo.com.mx\",\"url\":\"https:\/\/www.sonoraenequipo.com.mx\/\",\"logo\":{\"@type\":\"ImageObject\",\"inLanguage\":\"es\",\"@id\":\"https:\/\/www.sonoraenequipo.com.mx\/#\/schema\/logo\/image\/\",\"url\":\"https:\/\/www.sonoraenequipo.com.mx\/storage\/2019\/01\/sonoraenequipo_opt.png\",\"contentUrl\":\"https:\/\/www.sonoraenequipo.com.mx\/storage\/2019\/01\/sonoraenequipo_opt.png\",\"width\":375,\"height\":125,\"caption\":\"Sonoraenequipo.com.mx\"},\"image\":{\"@id\":\"https:\/\/www.sonoraenequipo.com.mx\/#\/schema\/logo\/image\/\"},\"sameAs\":[\"https:\/\/www.facebook.com\/SonoraEE\/\",\"https:\/\/x.com\/sonoraenequipo\",\"https:\/\/www.youtube.com\/channel\/UC338nW-lPEYmJQs4ZABQ1SQ\"]},{\"@type\":\"Person\",\"@id\":\"https:\/\/www.sonoraenequipo.com.mx\/#\/schema\/person\/50102df0fb23a8fa9e8effad8fa81386\",\"name\":\"enequipo\",\"image\":{\"@type\":\"ImageObject\",\"inLanguage\":\"es\",\"@id\":\"https:\/\/www.sonoraenequipo.com.mx\/#\/schema\/person\/image\/\",\"url\":\"https:\/\/secure.gravatar.com\/avatar\/049821681b589dabc0bc20695993ccebb09f5b5d4d790cd9251b97faac7c652b?s=96&d=blank&r=g\",\"contentUrl\":\"https:\/\/secure.gravatar.com\/avatar\/049821681b589dabc0bc20695993ccebb09f5b5d4d790cd9251b97faac7c652b?s=96&d=blank&r=g\",\"caption\":\"enequipo\"},\"sameAs\":[\"https:\/\/www.facebook.com\/SonoraEE\"]}]}<\/script>\n ","yoast_head_json":{"title":"Sonora en Equipo. Variante de Covid Lambda podr\u00eda ser una amenaza para la humanidad MUNDO","description":"NUEVA YORK, ESTADOS UNIDOS. \u2014 La variante del COVID denominada Lambda podr\u00eda ser considerada una amenaza potencial para la humanidad, se\u00f1alaron En Sonora en Equipo publicamos toda la informaci\u00f3n de Sonora, M\u00e9xico y el Mundo de manera oportuna y busca que la libertad de expresi\u00f3n sea real. Visita nuestro medio informativo publicado desde Hermosillo, Sonora. %","robots":{"index":"index","follow":"follow","max-snippet":"max-snippet:-1","max-image-preview":"max-image-preview:large","max-video-preview":"max-video-preview:-1"},"canonical":"https:\/\/www.sonoraenequipo.com.mx\/variante-de-covid-lambda-podria-ser-una-amenaza-para-la-humanidad\/","og_locale":"es_ES","og_type":"article","og_title":"Sonora en Equipo. Variante de Covid Lambda podr\u00eda ser una amenaza para la humanidad MUNDO","og_description":"NUEVA YORK, ESTADOS UNIDOS. \u2014 La variante del COVID denominada Lambda podr\u00eda ser considerada una amenaza potencial para la humanidad, se\u00f1alaron En Sonora en Equipo publicamos toda la informaci\u00f3n de Sonora, M\u00e9xico y el Mundo de manera oportuna y busca que la libertad de expresi\u00f3n sea real. Visita nuestro medio informativo publicado desde Hermosillo, Sonora. %","og_url":"https:\/\/www.sonoraenequipo.com.mx\/variante-de-covid-lambda-podria-ser-una-amenaza-para-la-humanidad\/","og_site_name":"Sonora en Equipo.","article_publisher":"https:\/\/www.facebook.com\/SonoraEE\/","article_author":"https:\/\/www.facebook.com\/SonoraEE","article_published_time":"2021-08-05T05:24:28+00:00","article_modified_time":"2021-08-05T17:36:20+00:00","og_image":[{"width":700,"height":400,"url":"https:\/\/www.sonoraenequipo.com.mx\/storage\/2021\/08\/variante-lambda_opt.jpg","type":"image\/jpeg"}],"author":"enequipo","twitter_card":"summary_large_image","twitter_creator":"@sonoraenequipo","twitter_site":"@sonoraenequipo","twitter_misc":{"Escrito por":"enequipo","Tiempo de lectura":"2 minutos"},"schema":{"@context":"https:\/\/schema.org","@graph":[{"@type":"Article","@id":"https:\/\/www.sonoraenequipo.com.mx\/variante-de-covid-lambda-podria-ser-una-amenaza-para-la-humanidad\/#article","isPartOf":{"@id":"https:\/\/www.sonoraenequipo.com.mx\/variante-de-covid-lambda-podria-ser-una-amenaza-para-la-humanidad\/"},"author":{"name":"enequipo","@id":"https:\/\/www.sonoraenequipo.com.mx\/#\/schema\/person\/50102df0fb23a8fa9e8effad8fa81386"},"headline":"Variante de Covid Lambda podr\u00eda ser una amenaza para la humanidad","datePublished":"2021-08-05T05:24:28+00:00","dateModified":"2021-08-05T17:36:20+00:00","mainEntityOfPage":{"@id":"https:\/\/www.sonoraenequipo.com.mx\/variante-de-covid-lambda-podria-ser-una-amenaza-para-la-humanidad\/"},"wordCount":378,"commentCount":0,"publisher":{"@id":"https:\/\/www.sonoraenequipo.com.mx\/#organization"},"image":{"@id":"https:\/\/www.sonoraenequipo.com.mx\/variante-de-covid-lambda-podria-ser-una-amenaza-para-la-humanidad\/#primaryimage"},"thumbnailUrl":"https:\/\/www.sonoraenequipo.com.mx\/storage\/2021\/08\/variante-lambda_opt.jpg","articleSection":["MUNDO"],"inLanguage":"es","potentialAction":[{"@type":"CommentAction","name":"Comment","target":["https:\/\/www.sonoraenequipo.com.mx\/variante-de-covid-lambda-podria-ser-una-amenaza-para-la-humanidad\/#respond"]}]},{"@type":"WebPage","@id":"https:\/\/www.sonoraenequipo.com.mx\/variante-de-covid-lambda-podria-ser-una-amenaza-para-la-humanidad\/","url":"https:\/\/www.sonoraenequipo.com.mx\/variante-de-covid-lambda-podria-ser-una-amenaza-para-la-humanidad\/","name":"Sonora en Equipo. Variante de Covid Lambda podr\u00eda ser una amenaza para la humanidad MUNDO","isPartOf":{"@id":"https:\/\/www.sonoraenequipo.com.mx\/#website"},"primaryImageOfPage":{"@id":"https:\/\/www.sonoraenequipo.com.mx\/variante-de-covid-lambda-podria-ser-una-amenaza-para-la-humanidad\/#primaryimage"},"image":{"@id":"https:\/\/www.sonoraenequipo.com.mx\/variante-de-covid-lambda-podria-ser-una-amenaza-para-la-humanidad\/#primaryimage"},"thumbnailUrl":"https:\/\/www.sonoraenequipo.com.mx\/storage\/2021\/08\/variante-lambda_opt.jpg","datePublished":"2021-08-05T05:24:28+00:00","dateModified":"2021-08-05T17:36:20+00:00","description":"NUEVA YORK, ESTADOS UNIDOS. \u2014 La variante del COVID denominada Lambda podr\u00eda ser considerada una amenaza potencial para la humanidad, se\u00f1alaron En Sonora en Equipo publicamos toda la informaci\u00f3n de Sonora, M\u00e9xico y el Mundo de manera oportuna y busca que la libertad de expresi\u00f3n sea real. Visita nuestro medio informativo publicado desde Hermosillo, Sonora. %","breadcrumb":{"@id":"https:\/\/www.sonoraenequipo.com.mx\/variante-de-covid-lambda-podria-ser-una-amenaza-para-la-humanidad\/#breadcrumb"},"inLanguage":"es","potentialAction":[{"@type":"ReadAction","target":["https:\/\/www.sonoraenequipo.com.mx\/variante-de-covid-lambda-podria-ser-una-amenaza-para-la-humanidad\/"]}]},{"@type":"ImageObject","inLanguage":"es","@id":"https:\/\/www.sonoraenequipo.com.mx\/variante-de-covid-lambda-podria-ser-una-amenaza-para-la-humanidad\/#primaryimage","url":"https:\/\/www.sonoraenequipo.com.mx\/storage\/2021\/08\/variante-lambda_opt.jpg","contentUrl":"https:\/\/www.sonoraenequipo.com.mx\/storage\/2021\/08\/variante-lambda_opt.jpg","width":700,"height":400},{"@type":"BreadcrumbList","@id":"https:\/\/www.sonoraenequipo.com.mx\/variante-de-covid-lambda-podria-ser-una-amenaza-para-la-humanidad\/#breadcrumb","itemListElement":[{"@type":"ListItem","position":1,"name":"Portada","item":"https:\/\/www.sonoraenequipo.com.mx\/"},{"@type":"ListItem","position":2,"name":"Variante de Covid Lambda podr\u00eda ser una amenaza para la humanidad"}]},{"@type":"WebSite","@id":"https:\/\/www.sonoraenequipo.com.mx\/#website","url":"https:\/\/www.sonoraenequipo.com.mx\/","name":"Sonora en Equipo.","description":"Diario en l\u00ednea con Noticias desde Hermosillo, Sonora","publisher":{"@id":"https:\/\/www.sonoraenequipo.com.mx\/#organization"},"potentialAction":[{"@type":"SearchAction","target":{"@type":"EntryPoint","urlTemplate":"https:\/\/www.sonoraenequipo.com.mx\/?s={search_term_string}"},"query-input":{"@type":"PropertyValueSpecification","valueRequired":true,"valueName":"search_term_string"}}],"inLanguage":"es"},{"@type":"Organization","@id":"https:\/\/www.sonoraenequipo.com.mx\/#organization","name":"Sonoraenequipo.com.mx","url":"https:\/\/www.sonoraenequipo.com.mx\/","logo":{"@type":"ImageObject","inLanguage":"es","@id":"https:\/\/www.sonoraenequipo.com.mx\/#\/schema\/logo\/image\/","url":"https:\/\/www.sonoraenequipo.com.mx\/storage\/2019\/01\/sonoraenequipo_opt.png","contentUrl":"https:\/\/www.sonoraenequipo.com.mx\/storage\/2019\/01\/sonoraenequipo_opt.png","width":375,"height":125,"caption":"Sonoraenequipo.com.mx"},"image":{"@id":"https:\/\/www.sonoraenequipo.com.mx\/#\/schema\/logo\/image\/"},"sameAs":["https:\/\/www.facebook.com\/SonoraEE\/","https:\/\/x.com\/sonoraenequipo","https:\/\/www.youtube.com\/channel\/UC338nW-lPEYmJQs4ZABQ1SQ"]},{"@type":"Person","@id":"https:\/\/www.sonoraenequipo.com.mx\/#\/schema\/person\/50102df0fb23a8fa9e8effad8fa81386","name":"enequipo","image":{"@type":"ImageObject","inLanguage":"es","@id":"https:\/\/www.sonoraenequipo.com.mx\/#\/schema\/person\/image\/","url":"https:\/\/secure.gravatar.com\/avatar\/049821681b589dabc0bc20695993ccebb09f5b5d4d790cd9251b97faac7c652b?s=96&d=blank&r=g","contentUrl":"https:\/\/secure.gravatar.com\/avatar\/049821681b589dabc0bc20695993ccebb09f5b5d4d790cd9251b97faac7c652b?s=96&d=blank&r=g","caption":"enequipo"},"sameAs":["https:\/\/www.facebook.com\/SonoraEE"]}]}},"jetpack_featured_media_url":"https:\/\/www.sonoraenequipo.com.mx\/storage\/2021\/08\/variante-lambda_opt.jpg","_links":{"self":[{"href":"https:\/\/www.sonoraenequipo.com.mx\/api\/wp\/v2\/posts\/119824","targetHints":{"allow":["GET"]}}],"collection":[{"href":"https:\/\/www.sonoraenequipo.com.mx\/api\/wp\/v2\/posts"}],"about":[{"href":"https:\/\/www.sonoraenequipo.com.mx\/api\/wp\/v2\/types\/post"}],"author":[{"embeddable":true,"href":"https:\/\/www.sonoraenequipo.com.mx\/api\/wp\/v2\/users\/1"}],"replies":[{"embeddable":true,"href":"https:\/\/www.sonoraenequipo.com.mx\/api\/wp\/v2\/comments?post=119824"}],"version-history":[{"count":3,"href":"https:\/\/www.sonoraenequipo.com.mx\/api\/wp\/v2\/posts\/119824\/revisions"}],"predecessor-version":[{"id":119829,"href":"https:\/\/www.sonoraenequipo.com.mx\/api\/wp\/v2\/posts\/119824\/revisions\/119829"}],"wp:featuredmedia":[{"embeddable":true,"href":"https:\/\/www.sonoraenequipo.com.mx\/api\/wp\/v2\/media\/119825"}],"wp:attachment":[{"href":"https:\/\/www.sonoraenequipo.com.mx\/api\/wp\/v2\/media?parent=119824"}],"wp:term":[{"taxonomy":"category","embeddable":true,"href":"https:\/\/www.sonoraenequipo.com.mx\/api\/wp\/v2\/categories?post=119824"},{"taxonomy":"post_tag","embeddable":true,"href":"https:\/\/www.sonoraenequipo.com.mx\/api\/wp\/v2\/tags?post=119824"}],"curies":[{"name":"wp","href":"https:\/\/api.w.org\/{rel}","templated":true}]}}