{"id":119830,"date":"2021-08-04T09:30:31","date_gmt":"2021-08-04T16:30:31","guid":{"rendered":"https:\/\/www.sonoraenequipo.com.mx\/?p=119830"},"modified":"2021-08-05T10:54:42","modified_gmt":"2021-08-05T17:54:42","slug":"acciones-policiales-por-la-seguridad-de-hermosillo","status":"publish","type":"post","link":"https:\/\/www.sonoraenequipo.com.mx\/acciones-policiales-por-la-seguridad-de-hermosillo\/","title":{"rendered":"Acciones Policiales por la seguridad de Hermosillo"},"content":{"rendered":"<h3>Detenidos<\/h3>\n<p>&nbsp;<\/p>\n<p><strong>Loma Linda.<\/strong> \u2014 Por el delito de robo de accesorios de veh\u00edculo fue detenido Alan Misael \u00abN\u00bb, de 25 a\u00f1os, esto en las calles Sierra del Boleo y Yocupicio a las 04:36 horas de hoy.<\/p>\n<p>Los elementos que realizaron la detenci\u00f3n se encontraban en recorrido de vigilancia por las calles mencionadas cuando vieron al hoy detenido, qui\u00e9n bajaba de un veh\u00edculo pick up de color blanco con una mochila en la que llevaba varios accesorios.<\/p>\n<p>Al percatarse de la presencia de los elementos el sujeto actu\u00f3 de forma evasiva, por lo que se le intercept\u00f3 y fue en ese instante que el due\u00f1o del veh\u00edculo sali\u00f3 de una vivienda se\u00f1alando al individuo como responsable del robo.<\/p>\n<p>Dentro de la mochila tipo morral fue encontrada una caja de herramientas de color gris, un convertidor y un trozo de cable de cobre que el afectado reconoci\u00f3 como suyos, por lo que se asegur\u00f3 al individuo y se le present\u00f3 ante la autoridad correspondiente.<\/p>\n<p>&nbsp;<\/p>\n<p><strong>Miguel Alem\u00e1n. \u2014\u00a0<\/strong> Por el delito de robo con violencia se detuvo a Jorge Francisco \u00abN\u00bb y Jes\u00fas Emilio \u00abN\u00bb de 25 y 29 a\u00f1os, quienes fueron sorprendidos tras robar en una casa de asistencia.<\/p>\n<p>Fue a las 00:30 horas que se recibi\u00f3 el reporte de robo en la \u00abCasa del Jornalero Agr\u00edcola\u00bb de las calles 2 de abril y Aquiles Serd\u00e1n, por lo que los elementos acudieron al sitio y encontraron a los hoy detenidos, quienes sustrajeron una estructura met\u00e1lica del sitio.<\/p>\n<p>De inmediato se les intercept\u00f3 y asegur\u00f3, para proceder a revisar el lugar, encontrando un hueco en la pared por donde cometieron el robo.<br \/>\nTras esto se les asegur\u00f3 y puso a disposici\u00f3n de la autoridad correspondiente.<\/p>\n<p>&nbsp;<\/p>\n<p><strong>Fuente de Piedra. \u2014\u00a0<\/strong> Por el delito de violencia dom\u00e9stica se detuvo a Oswaldo \u00abN\u00bb de 18 a\u00f1os, esto en una vivienda de la calle Fuente Drag\u00f3n a las 00:30 horas, siendo la perjudicada una mujer de 20 a\u00f1os.<\/p>\n<p>La f\u00e9mina dijo a los elementos que en el domicilio se present\u00f3 su ex pareja sentimental y la amenaz\u00f3 con golpearla si no volv\u00eda con \u00e9l, por lo que ella llam\u00f3 al n\u00famero de emergencias.<\/p>\n<p>Al arribo de los agentes el individuo a\u00fan se encontraba dentro del inmueble por lo que fue asegurado de inmediato y puesto a disposici\u00f3n de la Agencia del Ministerio P\u00fablico.<\/p>\n<p>&nbsp;<\/p>\n<p><strong>Parque Industrial. \u2014\u00a0<\/strong> Tras ser sorprendido con una solera de aproximadamente 50 cent\u00edmetros se detuvo a Jes\u00fas Enrique \u00abN\u00bb de 36 a\u00f1os a las 17:30 horas.<\/p>\n<p>Los elementos que realizaron la detenci\u00f3n se encontraban en recorrido de vigilancia cuando vieron al hoy detenido y este al verse sorprendido sali\u00f3 a fuerza de carrera arrojando el arma prohibida.<\/p>\n<p>Por lo anterior se le asegur\u00f3 y, tras hacerle saber los derechos que lo asisten como detenido, se le puso a disposici\u00f3n de la autoridad correspondiente.<\/p>\n<p>&nbsp;<\/p>\n<p><strong>L\u00f3pez Portillo. \u2014\u00a0<\/strong> Se detuvo a Francisco Manuel \u00abN\u00bb de 27 a\u00f1os por el delito de da\u00f1os a veh\u00edculo, esto en las calles San Felipe e Israel Gonz\u00e1lez a las 05:50 horas del martes.<\/p>\n<p>En el lugar de la detenci\u00f3n se hab\u00eda reportado una ri\u00f1a, por lo que elementos municipales acudieron encontrando a dos personas enfrascadas en una pelea, siendo en ese momento que el hoy detenido comenz\u00f3 comenz\u00f3 a arrojar piedras a su contrincante, da\u00f1ando los vidrios de un autom\u00f3vil Nissan Sentra gris modelo 2020 que se encontraba estacionado en el sitio.<\/p>\n<p>Por lo anterior se detuvo al joven, quien fue trasladado ante el agente del Ministerio P\u00fablico para las diligencias legales correspondientes.<\/p>\n<p>&nbsp;<\/p>\n<p><strong>Proyecto R\u00edo Sonora. \u2014\u00a0<\/strong> Carlos \u00abN\u00bb de 55 a\u00f1os fue detenido por el delito de robo con violencia en una bodega de las calles California y Paseo R\u00edo Sonora, esto a las 08:15 horas del martes.<\/p>\n<p>Los agentes que realizaron la detenci\u00f3n se encontraban en recorrido de vigilancia cuando vieron al hoy detenido saliendo de la mencionada bodega por un hueco en la pared, por lo que procedieron a hacer contacto.<\/p>\n<p>En sujeto entonces trat\u00f3 de escapar, pero de inmediato fue asegurado y sometido a revisi\u00f3n.<\/p>\n<p>En ese momento fue encontrada dentro de una bolsa que portaba una serie de tramos de cableado el\u00e9ctrico grueso, por lo que fue puesto a disposici\u00f3n del Ministerio P\u00fablico.<\/p>\n<p>&nbsp;<\/p>\n<p><strong>Miguel Alem\u00e1n. \u2014\u00a0<\/strong> Por el delito de robo con violencia a una vivienda de las calles Leona Vicario y Trinidad S\u00e1nchez Leyva se detuvo a Ram\u00f3n Guadalupe \u00abN\u00bb de 24 a\u00f1os y a Cristian Edgardo \u00abN\u00bb de 22, esto a las 10:30 horas del martes.<\/p>\n<p>Por fuera de la vivienda los elementos se entrevistaron con la afectada, quien dijo que dentro del inmueble de su propiedad se encontraban dos masculinos robando cableado.<\/p>\n<p>Al verificar se encontr\u00f3 a los hoy detenidos en flagrancia, siendo asegurados y puestos a disposici\u00f3n de la autoridad correspondiente.<\/p>\n<p>&nbsp;<\/p>\n<p><strong>Dunas. \u2014\u00a0<\/strong> Tras ser sorprendido con un cuchillo en las calles Carlos Balderrama y S\u00f3stenes Rocha, elementos municipales aseguraron a Abel Daniel \u00abN\u00bb de 24 a\u00f1os, esto a las 11:50 horas.<\/p>\n<p>Los elementos realizaban recorridos de vigilancia cuando vieron al hoy detenido quien se hallaba espiando en los domicilios del lugar por lo que de inmediato hicieron contacto con \u00e9l.<\/p>\n<p>Al someterlo a una revisi\u00f3n los oficiales encontraron oculta entre sus ropas un arma punzocortante siendo \u00e9sta un cuchillo por lo que de inmediato lo aseguraron y lo pusieron a disposici\u00f3n de la autoridad correspondiente.<\/p>\n<p>&nbsp;<\/p>\n<p><strong>Villa Sat\u00e9lite. \u2014\u00a0<\/strong> Por el delito de robo a comercio se detuvo a Cipriano \u00abN\u00bb de 51 a\u00f1os en un supermercado de las calles Real del Arco y bulevar Colosio, esto a las 12:59 horas.<\/p>\n<p>En el sitio el encargado de monitoreo inform\u00f3 que el hoy detenido hab\u00eda salido del comercio sin pagar unos lentes de sol, por lo que se le asegur\u00f3 y puso a disposici\u00f3n de la autoridad correspondiente.<\/p>\n<h3>\nAtenci\u00f3n a reportes<\/h3>\n<p>&nbsp;<\/p>\n<p><strong>Valle Escondido. \u2014 <\/strong>Se tom\u00f3 nota de despojo de veh\u00edculo en las calles 14 de abril y bulevar Navarrete a las 15:25 horas, siendo la v\u00edctima una mujer de 38 a\u00f1os.<\/p>\n<p>La v\u00edctima inform\u00f3 que iba saliendo de una sucursal bancaria cuando se aproxim\u00f3 un sujeto que vest\u00eda ropa oscura y era de complexi\u00f3n delgada y la amenaz\u00f3 con un arma de fuego.<\/p>\n<p>Tras esto el individuo se apoder\u00f3 de su auto, un Toyota Corolla blanco modelo 2008, as\u00ed como de su bolso de mano.<\/p>\n<p>Se elabor\u00f3 IPH del hecho y se le solicit\u00f3 que acudiera a interponer la denuncia correspondiente, tras un operativo de b\u00fasqueda no se logr\u00f3 ubicar la unidad.<\/p>\n<p>&nbsp;<\/p>\n<p><strong>Norberto Ortega. \u2014\u00a0<\/strong> Se tom\u00f3 nota de aseguramiento de narc\u00f3ticos y un arma de fuego hechiza, prestando apoyo a Sedena para la puesta a disposici\u00f3n de la materia asegurada.<\/p>\n<p>Los hechos ocurrieron en las calles Miguel Rodr\u00edguez entre Rancho Viejo y Rodolfo Seldner, sitio donde los elementos hicieron contacto con personal de la Sedena.<\/p>\n<p>Los elementos castrenses informaron que al hacer recorridos de vigilancia ubicaron a un sujeto, quien sali\u00f3 corriendo y dej\u00f3 tras de s\u00ed una mochila con 18 envoltorios con aparente marihuana, as\u00ed como un arma de fuego abastecida con un tiro calibre .22 y cinco tiros m\u00e1s en la mochila.<\/p>\n<p>La materia fue puesta a disposici\u00f3n de la autoridad correspondiente para las investigaciones pertinentes.<\/p>\n<p>&nbsp;<\/p>\n<p><strong>Los Bagotes. \u2014\u00a0<\/strong> En un predio ubicado a la altura del kil\u00f3metro 16.5 de la carretera 100 se tom\u00f3 nota de robo con violencia a casa habitaci\u00f3n, esto a las 08:35 horas del martes.<\/p>\n<p>En el lugar se entrevist\u00f3 al propietario, quien manifest\u00f3 que al llegar a su vivienda encontr\u00f3 al empleado que cuida en inmueble atado de pies y manos, habiendo un desorden en el sitio.<\/p>\n<p>El trabajador refiri\u00f3 que durante la madrugada llegaron seis personas encapuchadas, quienes lo amagaron con armas de fuego, lo ataron y despu\u00e9s robaron en la vivienda.<\/p>\n<p>El propietario agreg\u00f3 que hac\u00edan falta dentro dos motosierras, una bater\u00eda de tractor, una m\u00e1quina para orde\u00f1ar port\u00e1til y una motobomba.<br \/>\nSe elabor\u00f3 el IPH del hecho y se solicit\u00f3 que acudiera a interponer la denuncia correspondiente.<\/p>\n<p>&nbsp;<\/p>\n<p>(Publicada el 04\/08\/2021)<\/p>\n","protected":false},"excerpt":{"rendered":"<p>Detenidos &nbsp; Loma Linda. \u2014 Por el delito de robo de accesorios de veh\u00edculo fue&#8230;<\/p>\n","protected":false},"author":1,"featured_media":119831,"comment_status":"open","ping_status":"open","sticky":false,"template":"","format":"standard","meta":{"_monsterinsights_skip_tracking":false,"_monsterinsights_sitenote_active":false,"_monsterinsights_sitenote_note":"","_monsterinsights_sitenote_category":0,"footnotes":""},"categories":[3144],"tags":[],"class_list":["post"],"yoast_head":" \n<title>Sonora en Equipo. Acciones Policiales por la seguridad de Hermosillo Polic\u00edaca<\/title>\n<meta name=\"description\" content=\"Detenidos &nbsp; Loma Linda. \u2014 Por el delito de robo de accesorios de veh\u00edculo fue detenido Alan Misael &quot;N&quot;, de 25 a\u00f1os, esto en las calles Sierra del En Sonora en Equipo publicamos toda la informaci\u00f3n de Sonora, M\u00e9xico y el Mundo de manera oportuna y busca que la libertad de expresi\u00f3n sea real. Visita nuestro medio informativo publicado desde Hermosillo, Sonora. %\" \/>\n<meta name=\"robots\" content=\"index, follow, max-snippet:-1, max-image-preview:large, max-video-preview:-1\" \/>\n<link rel=\"canonical\" href=\"https:\/\/www.sonoraenequipo.com.mx\/acciones-policiales-por-la-seguridad-de-hermosillo\/\" \/>\n<meta property=\"og:locale\" content=\"es_ES\" \/>\n<meta property=\"og:type\" content=\"article\" \/>\n<meta property=\"og:title\" content=\"Sonora en Equipo. Acciones Policiales por la seguridad de Hermosillo Polic\u00edaca\" \/>\n<meta property=\"og:description\" content=\"Detenidos &nbsp; Loma Linda. \u2014 Por el delito de robo de accesorios de veh\u00edculo fue detenido Alan Misael &quot;N&quot;, de 25 a\u00f1os, esto en las calles Sierra del En Sonora en Equipo publicamos toda la informaci\u00f3n de Sonora, M\u00e9xico y el Mundo de manera oportuna y busca que la libertad de expresi\u00f3n sea real. Visita nuestro medio informativo publicado desde Hermosillo, Sonora. %\" \/>\n<meta property=\"og:url\" content=\"https:\/\/www.sonoraenequipo.com.mx\/acciones-policiales-por-la-seguridad-de-hermosillo\/\" \/>\n<meta property=\"og:site_name\" content=\"Sonora en Equipo.\" \/>\n<meta property=\"article:publisher\" content=\"https:\/\/www.facebook.com\/SonoraEE\/\" \/>\n<meta property=\"article:author\" content=\"https:\/\/www.facebook.com\/SonoraEE\" \/>\n<meta property=\"article:published_time\" content=\"2021-08-04T16:30:31+00:00\" \/>\n<meta property=\"article:modified_time\" content=\"2021-08-05T17:54:42+00:00\" \/>\n<meta property=\"og:image\" content=\"https:\/\/www.sonoraenequipo.com.mx\/storage\/2021\/08\/Aseguramiento-de-arma-hechiza-y-droga_opt.jpg\" \/>\n\t<meta property=\"og:image:width\" content=\"700\" \/>\n\t<meta property=\"og:image:height\" content=\"400\" \/>\n\t<meta property=\"og:image:type\" content=\"image\/jpeg\" \/>\n<meta name=\"author\" content=\"enequipo\" \/>\n<meta name=\"twitter:card\" content=\"summary_large_image\" \/>\n<meta name=\"twitter:creator\" content=\"@sonoraenequipo\" \/>\n<meta name=\"twitter:site\" content=\"@sonoraenequipo\" \/>\n<meta name=\"twitter:label1\" content=\"Escrito por\" \/>\n\t<meta name=\"twitter:data1\" content=\"enequipo\" \/>\n\t<meta name=\"twitter:label2\" content=\"Tiempo de lectura\" \/>\n\t<meta name=\"twitter:data2\" content=\"6 minutos\" \/>\n<script type=\"application\/ld+json\" class=\"yoast-schema-graph\">{\"@context\":\"https:\/\/schema.org\",\"@graph\":[{\"@type\":\"Article\",\"@id\":\"https:\/\/www.sonoraenequipo.com.mx\/acciones-policiales-por-la-seguridad-de-hermosillo\/#article\",\"isPartOf\":{\"@id\":\"https:\/\/www.sonoraenequipo.com.mx\/acciones-policiales-por-la-seguridad-de-hermosillo\/\"},\"author\":{\"name\":\"enequipo\",\"@id\":\"https:\/\/www.sonoraenequipo.com.mx\/#\/schema\/person\/50102df0fb23a8fa9e8effad8fa81386\"},\"headline\":\"Acciones Policiales por la seguridad de Hermosillo\",\"datePublished\":\"2021-08-04T16:30:31+00:00\",\"dateModified\":\"2021-08-05T17:54:42+00:00\",\"mainEntityOfPage\":{\"@id\":\"https:\/\/www.sonoraenequipo.com.mx\/acciones-policiales-por-la-seguridad-de-hermosillo\/\"},\"wordCount\":1378,\"commentCount\":0,\"publisher\":{\"@id\":\"https:\/\/www.sonoraenequipo.com.mx\/#organization\"},\"image\":{\"@id\":\"https:\/\/www.sonoraenequipo.com.mx\/acciones-policiales-por-la-seguridad-de-hermosillo\/#primaryimage\"},\"thumbnailUrl\":\"https:\/\/www.sonoraenequipo.com.mx\/storage\/2021\/08\/Aseguramiento-de-arma-hechiza-y-droga_opt.jpg\",\"articleSection\":[\"Polic\u00edaca\"],\"inLanguage\":\"es\",\"potentialAction\":[{\"@type\":\"CommentAction\",\"name\":\"Comment\",\"target\":[\"https:\/\/www.sonoraenequipo.com.mx\/acciones-policiales-por-la-seguridad-de-hermosillo\/#respond\"]}]},{\"@type\":\"WebPage\",\"@id\":\"https:\/\/www.sonoraenequipo.com.mx\/acciones-policiales-por-la-seguridad-de-hermosillo\/\",\"url\":\"https:\/\/www.sonoraenequipo.com.mx\/acciones-policiales-por-la-seguridad-de-hermosillo\/\",\"name\":\"Sonora en Equipo. Acciones Policiales por la seguridad de Hermosillo Polic\u00edaca\",\"isPartOf\":{\"@id\":\"https:\/\/www.sonoraenequipo.com.mx\/#website\"},\"primaryImageOfPage\":{\"@id\":\"https:\/\/www.sonoraenequipo.com.mx\/acciones-policiales-por-la-seguridad-de-hermosillo\/#primaryimage\"},\"image\":{\"@id\":\"https:\/\/www.sonoraenequipo.com.mx\/acciones-policiales-por-la-seguridad-de-hermosillo\/#primaryimage\"},\"thumbnailUrl\":\"https:\/\/www.sonoraenequipo.com.mx\/storage\/2021\/08\/Aseguramiento-de-arma-hechiza-y-droga_opt.jpg\",\"datePublished\":\"2021-08-04T16:30:31+00:00\",\"dateModified\":\"2021-08-05T17:54:42+00:00\",\"description\":\"Detenidos &nbsp; Loma Linda. \u2014 Por el delito de robo de accesorios de veh\u00edculo fue detenido Alan Misael \\\"N\\\", de 25 a\u00f1os, esto en las calles Sierra del En Sonora en Equipo publicamos toda la informaci\u00f3n de Sonora, M\u00e9xico y el Mundo de manera oportuna y busca que la libertad de expresi\u00f3n sea real. Visita nuestro medio informativo publicado desde Hermosillo, Sonora. %\",\"breadcrumb\":{\"@id\":\"https:\/\/www.sonoraenequipo.com.mx\/acciones-policiales-por-la-seguridad-de-hermosillo\/#breadcrumb\"},\"inLanguage\":\"es\",\"potentialAction\":[{\"@type\":\"ReadAction\",\"target\":[\"https:\/\/www.sonoraenequipo.com.mx\/acciones-policiales-por-la-seguridad-de-hermosillo\/\"]}]},{\"@type\":\"ImageObject\",\"inLanguage\":\"es\",\"@id\":\"https:\/\/www.sonoraenequipo.com.mx\/acciones-policiales-por-la-seguridad-de-hermosillo\/#primaryimage\",\"url\":\"https:\/\/www.sonoraenequipo.com.mx\/storage\/2021\/08\/Aseguramiento-de-arma-hechiza-y-droga_opt.jpg\",\"contentUrl\":\"https:\/\/www.sonoraenequipo.com.mx\/storage\/2021\/08\/Aseguramiento-de-arma-hechiza-y-droga_opt.jpg\",\"width\":700,\"height\":400},{\"@type\":\"BreadcrumbList\",\"@id\":\"https:\/\/www.sonoraenequipo.com.mx\/acciones-policiales-por-la-seguridad-de-hermosillo\/#breadcrumb\",\"itemListElement\":[{\"@type\":\"ListItem\",\"position\":1,\"name\":\"Portada\",\"item\":\"https:\/\/www.sonoraenequipo.com.mx\/\"},{\"@type\":\"ListItem\",\"position\":2,\"name\":\"Acciones Policiales por la seguridad de Hermosillo\"}]},{\"@type\":\"WebSite\",\"@id\":\"https:\/\/www.sonoraenequipo.com.mx\/#website\",\"url\":\"https:\/\/www.sonoraenequipo.com.mx\/\",\"name\":\"Sonora en Equipo.\",\"description\":\"Diario en l\u00ednea con Noticias desde Hermosillo, Sonora\",\"publisher\":{\"@id\":\"https:\/\/www.sonoraenequipo.com.mx\/#organization\"},\"potentialAction\":[{\"@type\":\"SearchAction\",\"target\":{\"@type\":\"EntryPoint\",\"urlTemplate\":\"https:\/\/www.sonoraenequipo.com.mx\/?s={search_term_string}\"},\"query-input\":{\"@type\":\"PropertyValueSpecification\",\"valueRequired\":true,\"valueName\":\"search_term_string\"}}],\"inLanguage\":\"es\"},{\"@type\":\"Organization\",\"@id\":\"https:\/\/www.sonoraenequipo.com.mx\/#organization\",\"name\":\"Sonoraenequipo.com.mx\",\"url\":\"https:\/\/www.sonoraenequipo.com.mx\/\",\"logo\":{\"@type\":\"ImageObject\",\"inLanguage\":\"es\",\"@id\":\"https:\/\/www.sonoraenequipo.com.mx\/#\/schema\/logo\/image\/\",\"url\":\"https:\/\/www.sonoraenequipo.com.mx\/storage\/2019\/01\/sonoraenequipo_opt.png\",\"contentUrl\":\"https:\/\/www.sonoraenequipo.com.mx\/storage\/2019\/01\/sonoraenequipo_opt.png\",\"width\":375,\"height\":125,\"caption\":\"Sonoraenequipo.com.mx\"},\"image\":{\"@id\":\"https:\/\/www.sonoraenequipo.com.mx\/#\/schema\/logo\/image\/\"},\"sameAs\":[\"https:\/\/www.facebook.com\/SonoraEE\/\",\"https:\/\/x.com\/sonoraenequipo\",\"https:\/\/www.youtube.com\/channel\/UC338nW-lPEYmJQs4ZABQ1SQ\"]},{\"@type\":\"Person\",\"@id\":\"https:\/\/www.sonoraenequipo.com.mx\/#\/schema\/person\/50102df0fb23a8fa9e8effad8fa81386\",\"name\":\"enequipo\",\"image\":{\"@type\":\"ImageObject\",\"inLanguage\":\"es\",\"@id\":\"https:\/\/www.sonoraenequipo.com.mx\/#\/schema\/person\/image\/\",\"url\":\"https:\/\/secure.gravatar.com\/avatar\/049821681b589dabc0bc20695993ccebb09f5b5d4d790cd9251b97faac7c652b?s=96&d=blank&r=g\",\"contentUrl\":\"https:\/\/secure.gravatar.com\/avatar\/049821681b589dabc0bc20695993ccebb09f5b5d4d790cd9251b97faac7c652b?s=96&d=blank&r=g\",\"caption\":\"enequipo\"},\"sameAs\":[\"https:\/\/www.facebook.com\/SonoraEE\"]}]}<\/script>\n ","yoast_head_json":{"title":"Sonora en Equipo. Acciones Policiales por la seguridad de Hermosillo Polic\u00edaca","description":"Detenidos &nbsp; Loma Linda. \u2014 Por el delito de robo de accesorios de veh\u00edculo fue detenido Alan Misael \"N\", de 25 a\u00f1os, esto en las calles Sierra del En Sonora en Equipo publicamos toda la informaci\u00f3n de Sonora, M\u00e9xico y el Mundo de manera oportuna y busca que la libertad de expresi\u00f3n sea real. Visita nuestro medio informativo publicado desde Hermosillo, Sonora. %","robots":{"index":"index","follow":"follow","max-snippet":"max-snippet:-1","max-image-preview":"max-image-preview:large","max-video-preview":"max-video-preview:-1"},"canonical":"https:\/\/www.sonoraenequipo.com.mx\/acciones-policiales-por-la-seguridad-de-hermosillo\/","og_locale":"es_ES","og_type":"article","og_title":"Sonora en Equipo. Acciones Policiales por la seguridad de Hermosillo Polic\u00edaca","og_description":"Detenidos &nbsp; Loma Linda. \u2014 Por el delito de robo de accesorios de veh\u00edculo fue detenido Alan Misael \"N\", de 25 a\u00f1os, esto en las calles Sierra del En Sonora en Equipo publicamos toda la informaci\u00f3n de Sonora, M\u00e9xico y el Mundo de manera oportuna y busca que la libertad de expresi\u00f3n sea real. Visita nuestro medio informativo publicado desde Hermosillo, Sonora. %","og_url":"https:\/\/www.sonoraenequipo.com.mx\/acciones-policiales-por-la-seguridad-de-hermosillo\/","og_site_name":"Sonora en Equipo.","article_publisher":"https:\/\/www.facebook.com\/SonoraEE\/","article_author":"https:\/\/www.facebook.com\/SonoraEE","article_published_time":"2021-08-04T16:30:31+00:00","article_modified_time":"2021-08-05T17:54:42+00:00","og_image":[{"width":700,"height":400,"url":"https:\/\/www.sonoraenequipo.com.mx\/storage\/2021\/08\/Aseguramiento-de-arma-hechiza-y-droga_opt.jpg","type":"image\/jpeg"}],"author":"enequipo","twitter_card":"summary_large_image","twitter_creator":"@sonoraenequipo","twitter_site":"@sonoraenequipo","twitter_misc":{"Escrito por":"enequipo","Tiempo de lectura":"6 minutos"},"schema":{"@context":"https:\/\/schema.org","@graph":[{"@type":"Article","@id":"https:\/\/www.sonoraenequipo.com.mx\/acciones-policiales-por-la-seguridad-de-hermosillo\/#article","isPartOf":{"@id":"https:\/\/www.sonoraenequipo.com.mx\/acciones-policiales-por-la-seguridad-de-hermosillo\/"},"author":{"name":"enequipo","@id":"https:\/\/www.sonoraenequipo.com.mx\/#\/schema\/person\/50102df0fb23a8fa9e8effad8fa81386"},"headline":"Acciones Policiales por la seguridad de Hermosillo","datePublished":"2021-08-04T16:30:31+00:00","dateModified":"2021-08-05T17:54:42+00:00","mainEntityOfPage":{"@id":"https:\/\/www.sonoraenequipo.com.mx\/acciones-policiales-por-la-seguridad-de-hermosillo\/"},"wordCount":1378,"commentCount":0,"publisher":{"@id":"https:\/\/www.sonoraenequipo.com.mx\/#organization"},"image":{"@id":"https:\/\/www.sonoraenequipo.com.mx\/acciones-policiales-por-la-seguridad-de-hermosillo\/#primaryimage"},"thumbnailUrl":"https:\/\/www.sonoraenequipo.com.mx\/storage\/2021\/08\/Aseguramiento-de-arma-hechiza-y-droga_opt.jpg","articleSection":["Polic\u00edaca"],"inLanguage":"es","potentialAction":[{"@type":"CommentAction","name":"Comment","target":["https:\/\/www.sonoraenequipo.com.mx\/acciones-policiales-por-la-seguridad-de-hermosillo\/#respond"]}]},{"@type":"WebPage","@id":"https:\/\/www.sonoraenequipo.com.mx\/acciones-policiales-por-la-seguridad-de-hermosillo\/","url":"https:\/\/www.sonoraenequipo.com.mx\/acciones-policiales-por-la-seguridad-de-hermosillo\/","name":"Sonora en Equipo. Acciones Policiales por la seguridad de Hermosillo Polic\u00edaca","isPartOf":{"@id":"https:\/\/www.sonoraenequipo.com.mx\/#website"},"primaryImageOfPage":{"@id":"https:\/\/www.sonoraenequipo.com.mx\/acciones-policiales-por-la-seguridad-de-hermosillo\/#primaryimage"},"image":{"@id":"https:\/\/www.sonoraenequipo.com.mx\/acciones-policiales-por-la-seguridad-de-hermosillo\/#primaryimage"},"thumbnailUrl":"https:\/\/www.sonoraenequipo.com.mx\/storage\/2021\/08\/Aseguramiento-de-arma-hechiza-y-droga_opt.jpg","datePublished":"2021-08-04T16:30:31+00:00","dateModified":"2021-08-05T17:54:42+00:00","description":"Detenidos &nbsp; Loma Linda. \u2014 Por el delito de robo de accesorios de veh\u00edculo fue detenido Alan Misael \"N\", de 25 a\u00f1os, esto en las calles Sierra del En Sonora en Equipo publicamos toda la informaci\u00f3n de Sonora, M\u00e9xico y el Mundo de manera oportuna y busca que la libertad de expresi\u00f3n sea real. Visita nuestro medio informativo publicado desde Hermosillo, Sonora. %","breadcrumb":{"@id":"https:\/\/www.sonoraenequipo.com.mx\/acciones-policiales-por-la-seguridad-de-hermosillo\/#breadcrumb"},"inLanguage":"es","potentialAction":[{"@type":"ReadAction","target":["https:\/\/www.sonoraenequipo.com.mx\/acciones-policiales-por-la-seguridad-de-hermosillo\/"]}]},{"@type":"ImageObject","inLanguage":"es","@id":"https:\/\/www.sonoraenequipo.com.mx\/acciones-policiales-por-la-seguridad-de-hermosillo\/#primaryimage","url":"https:\/\/www.sonoraenequipo.com.mx\/storage\/2021\/08\/Aseguramiento-de-arma-hechiza-y-droga_opt.jpg","contentUrl":"https:\/\/www.sonoraenequipo.com.mx\/storage\/2021\/08\/Aseguramiento-de-arma-hechiza-y-droga_opt.jpg","width":700,"height":400},{"@type":"BreadcrumbList","@id":"https:\/\/www.sonoraenequipo.com.mx\/acciones-policiales-por-la-seguridad-de-hermosillo\/#breadcrumb","itemListElement":[{"@type":"ListItem","position":1,"name":"Portada","item":"https:\/\/www.sonoraenequipo.com.mx\/"},{"@type":"ListItem","position":2,"name":"Acciones Policiales por la seguridad de Hermosillo"}]},{"@type":"WebSite","@id":"https:\/\/www.sonoraenequipo.com.mx\/#website","url":"https:\/\/www.sonoraenequipo.com.mx\/","name":"Sonora en Equipo.","description":"Diario en l\u00ednea con Noticias desde Hermosillo, Sonora","publisher":{"@id":"https:\/\/www.sonoraenequipo.com.mx\/#organization"},"potentialAction":[{"@type":"SearchAction","target":{"@type":"EntryPoint","urlTemplate":"https:\/\/www.sonoraenequipo.com.mx\/?s={search_term_string}"},"query-input":{"@type":"PropertyValueSpecification","valueRequired":true,"valueName":"search_term_string"}}],"inLanguage":"es"},{"@type":"Organization","@id":"https:\/\/www.sonoraenequipo.com.mx\/#organization","name":"Sonoraenequipo.com.mx","url":"https:\/\/www.sonoraenequipo.com.mx\/","logo":{"@type":"ImageObject","inLanguage":"es","@id":"https:\/\/www.sonoraenequipo.com.mx\/#\/schema\/logo\/image\/","url":"https:\/\/www.sonoraenequipo.com.mx\/storage\/2019\/01\/sonoraenequipo_opt.png","contentUrl":"https:\/\/www.sonoraenequipo.com.mx\/storage\/2019\/01\/sonoraenequipo_opt.png","width":375,"height":125,"caption":"Sonoraenequipo.com.mx"},"image":{"@id":"https:\/\/www.sonoraenequipo.com.mx\/#\/schema\/logo\/image\/"},"sameAs":["https:\/\/www.facebook.com\/SonoraEE\/","https:\/\/x.com\/sonoraenequipo","https:\/\/www.youtube.com\/channel\/UC338nW-lPEYmJQs4ZABQ1SQ"]},{"@type":"Person","@id":"https:\/\/www.sonoraenequipo.com.mx\/#\/schema\/person\/50102df0fb23a8fa9e8effad8fa81386","name":"enequipo","image":{"@type":"ImageObject","inLanguage":"es","@id":"https:\/\/www.sonoraenequipo.com.mx\/#\/schema\/person\/image\/","url":"https:\/\/secure.gravatar.com\/avatar\/049821681b589dabc0bc20695993ccebb09f5b5d4d790cd9251b97faac7c652b?s=96&d=blank&r=g","contentUrl":"https:\/\/secure.gravatar.com\/avatar\/049821681b589dabc0bc20695993ccebb09f5b5d4d790cd9251b97faac7c652b?s=96&d=blank&r=g","caption":"enequipo"},"sameAs":["https:\/\/www.facebook.com\/SonoraEE"]}]}},"jetpack_featured_media_url":"https:\/\/www.sonoraenequipo.com.mx\/storage\/2021\/08\/Aseguramiento-de-arma-hechiza-y-droga_opt.jpg","_links":{"self":[{"href":"https:\/\/www.sonoraenequipo.com.mx\/api\/wp\/v2\/posts\/119830","targetHints":{"allow":["GET"]}}],"collection":[{"href":"https:\/\/www.sonoraenequipo.com.mx\/api\/wp\/v2\/posts"}],"about":[{"href":"https:\/\/www.sonoraenequipo.com.mx\/api\/wp\/v2\/types\/post"}],"author":[{"embeddable":true,"href":"https:\/\/www.sonoraenequipo.com.mx\/api\/wp\/v2\/users\/1"}],"replies":[{"embeddable":true,"href":"https:\/\/www.sonoraenequipo.com.mx\/api\/wp\/v2\/comments?post=119830"}],"version-history":[{"count":1,"href":"https:\/\/www.sonoraenequipo.com.mx\/api\/wp\/v2\/posts\/119830\/revisions"}],"predecessor-version":[{"id":119832,"href":"https:\/\/www.sonoraenequipo.com.mx\/api\/wp\/v2\/posts\/119830\/revisions\/119832"}],"wp:featuredmedia":[{"embeddable":true,"href":"https:\/\/www.sonoraenequipo.com.mx\/api\/wp\/v2\/media\/119831"}],"wp:attachment":[{"href":"https:\/\/www.sonoraenequipo.com.mx\/api\/wp\/v2\/media?parent=119830"}],"wp:term":[{"taxonomy":"category","embeddable":true,"href":"https:\/\/www.sonoraenequipo.com.mx\/api\/wp\/v2\/categories?post=119830"},{"taxonomy":"post_tag","embeddable":true,"href":"https:\/\/www.sonoraenequipo.com.mx\/api\/wp\/v2\/tags?post=119830"}],"curies":[{"name":"wp","href":"https:\/\/api.w.org\/{rel}","templated":true}]}}