{"id":119836,"date":"2021-08-04T20:25:33","date_gmt":"2021-08-05T03:25:33","guid":{"rendered":"https:\/\/www.sonoraenequipo.com.mx\/?p=119836"},"modified":"2021-08-05T11:59:54","modified_gmt":"2021-08-05T18:59:54","slug":"abren-puertas-del-area-covid-del-hospital-general-del-estado-a-medios-de-comunicacion","status":"publish","type":"post","link":"https:\/\/www.sonoraenequipo.com.mx\/abren-puertas-del-area-covid-del-hospital-general-del-estado-a-medios-de-comunicacion\/","title":{"rendered":"Abren puertas del \u00c1rea COVID del Hospital General del Estado a medios de comunicaci\u00f3n"},"content":{"rendered":"<p>HERMOSILLO, SONORA. MX. \u2014 Debido a la ocupaci\u00f3n hospitalaria que se mantiene en Sonora por COVID-19, es vital que la sociedad no baje la guardia y refuerce las medidas preventivas contra el virus, acuda a recibir la vacuna a fin de evitar m\u00e1s contagios y fallecimientos, reiter\u00f3 Enrique Clausen Iberri, secretario de Salud en Sonora.<\/p>\n<p>&nbsp;<\/p>\n<p> <\/p>\n<p>&nbsp;<\/p>\n<p>Lo anterior, luego de un ejercicio de apertura y transparencia por parte de la Secretar\u00eda de Salud, en el que representantes de medios de comunicaci\u00f3n, con todos los protocolos de protecci\u00f3n personal, recorrieron el \u00e1rea COVID del Hospital General del Estado (HGE).<\/p>\n<p>&nbsp;<\/p>\n<p>Clausen Ibertri explic\u00f3 que los representantes de diversos medios de la localidad, pudieron constatar personalmente la situaci\u00f3n actual de los pacientes en el \u00e1rea COVID, donde algunos de ellos se encuentran luchando entre la vida y la muerte.<\/p>\n<p>&nbsp;<\/p>\n<p>Explic\u00f3 que la ocupaci\u00f3n hospitalaria ha ido en aumento. Actualmente se encuentran hospitalizadas 36 personas en el HGE, 21 de las cuales se encuentran graves, 10 intubadas, con un promedio de edad de 47 a\u00f1os.<\/p>\n<p>&nbsp;<\/p>\n<p><em>\u201cEs vital que la sociedad no baje la guardia y refuercen las medidas preventivas contra el virus, acudir a recibir la vacuna y evitar con estas acciones m\u00e1s contagios y fallecimientos\u201d,<\/em> reiter\u00f3 Enrique Clausen Iberri.<\/p>\n<p>&nbsp;<\/p>\n<p>Mencion\u00f3 que la ocupaci\u00f3n hospitalaria se encuentra en 59% en el sector p\u00fablico, mientras que en el sector privado es de 75%, lo que evidencia un alza considerable.<\/p>\n<p>&nbsp;<\/p>\n<p>Clausen Iberri agradeci\u00f3 a los medios de comunicaci\u00f3n que accedieron a realizar el recorrido, donde fueron guiados por el doctor Eduardo Cuen, coordinador del \u00c1rea COVID del HGE.<\/p>\n<p>&nbsp;<\/p>\n<p>Comparti\u00f3 que con este ejercicio se busca involucrar a los comunicadores en el mensaje de prevenci\u00f3n y autocuidado que diariamente se dirige la poblaci\u00f3n, ante la contingencia por Coronavirus.<\/p>\n<p>&nbsp;<\/p>\n<p>El funcionario estatal reiter\u00f3 el llamado a aplicarse la vacuna, para recibir la inmunizaci\u00f3n contra el virus, y en caso de contagiarse que sea de menor gravedad, as\u00ed tambi\u00e9n continuar con las medias ya conocidas como son el uso correcto de cubrebocas, lavado frecuente de manos y mantener la sana distancia.<\/p>\n<p>&nbsp;<\/p>\n<p>(Publicada el 04\/08\/2021)<\/p>\n","protected":false},"excerpt":{"rendered":"<p>HERMOSILLO, SONORA. MX. \u2014 Debido a la ocupaci\u00f3n hospitalaria que se mantiene en Sonora por&#8230;<\/p>\n","protected":false},"author":1,"featured_media":119839,"comment_status":"open","ping_status":"open","sticky":false,"template":"","format":"standard","meta":{"_monsterinsights_skip_tracking":false,"_monsterinsights_sitenote_active":false,"_monsterinsights_sitenote_note":"","_monsterinsights_sitenote_category":0,"footnotes":""},"categories":[22],"tags":[],"class_list":["post"],"yoast_head":" \n<title>Sonora en Equipo. Abren puertas del \u00c1rea COVID del Hospital General del Estado a medios de comunicaci\u00f3n Sonora<\/title>\n<meta name=\"description\" content=\"HERMOSILLO, SONORA. MX. \u2014 Debido a la ocupaci\u00f3n hospitalaria que se mantiene en Sonora por COVID-19, es vital que la sociedad no baje la guardia y En Sonora en Equipo publicamos toda la informaci\u00f3n de Sonora, M\u00e9xico y el Mundo de manera oportuna y busca que la libertad de expresi\u00f3n sea real. Visita nuestro medio informativo publicado desde Hermosillo, Sonora. %\" \/>\n<meta name=\"robots\" content=\"index, follow, max-snippet:-1, max-image-preview:large, max-video-preview:-1\" \/>\n<link rel=\"canonical\" href=\"https:\/\/www.sonoraenequipo.com.mx\/abren-puertas-del-area-covid-del-hospital-general-del-estado-a-medios-de-comunicacion\/\" \/>\n<meta property=\"og:locale\" content=\"es_ES\" \/>\n<meta property=\"og:type\" content=\"article\" \/>\n<meta property=\"og:title\" content=\"Sonora en Equipo. Abren puertas del \u00c1rea COVID del Hospital General del Estado a medios de comunicaci\u00f3n Sonora\" \/>\n<meta property=\"og:description\" content=\"HERMOSILLO, SONORA. MX. \u2014 Debido a la ocupaci\u00f3n hospitalaria que se mantiene en Sonora por COVID-19, es vital que la sociedad no baje la guardia y En Sonora en Equipo publicamos toda la informaci\u00f3n de Sonora, M\u00e9xico y el Mundo de manera oportuna y busca que la libertad de expresi\u00f3n sea real. Visita nuestro medio informativo publicado desde Hermosillo, Sonora. %\" \/>\n<meta property=\"og:url\" content=\"https:\/\/www.sonoraenequipo.com.mx\/abren-puertas-del-area-covid-del-hospital-general-del-estado-a-medios-de-comunicacion\/\" \/>\n<meta property=\"og:site_name\" content=\"Sonora en Equipo.\" \/>\n<meta property=\"article:publisher\" content=\"https:\/\/www.facebook.com\/SonoraEE\/\" \/>\n<meta property=\"article:author\" content=\"https:\/\/www.facebook.com\/SonoraEE\" \/>\n<meta property=\"article:published_time\" content=\"2021-08-05T03:25:33+00:00\" \/>\n<meta property=\"article:modified_time\" content=\"2021-08-05T18:59:54+00:00\" \/>\n<meta property=\"og:image\" content=\"https:\/\/www.sonoraenequipo.com.mx\/storage\/2021\/08\/covid-en-hospital-gral-de-sonora_opt.jpg\" \/>\n\t<meta property=\"og:image:width\" content=\"700\" \/>\n\t<meta property=\"og:image:height\" content=\"400\" \/>\n\t<meta property=\"og:image:type\" content=\"image\/jpeg\" \/>\n<meta name=\"author\" content=\"enequipo\" \/>\n<meta name=\"twitter:card\" content=\"summary_large_image\" \/>\n<meta name=\"twitter:creator\" content=\"@sonoraenequipo\" \/>\n<meta name=\"twitter:site\" content=\"@sonoraenequipo\" \/>\n<meta name=\"twitter:label1\" content=\"Escrito por\" \/>\n\t<meta name=\"twitter:data1\" content=\"enequipo\" \/>\n\t<meta name=\"twitter:label2\" content=\"Tiempo de lectura\" \/>\n\t<meta name=\"twitter:data2\" content=\"2 minutos\" \/>\n<script type=\"application\/ld+json\" class=\"yoast-schema-graph\">{\"@context\":\"https:\/\/schema.org\",\"@graph\":[{\"@type\":\"Article\",\"@id\":\"https:\/\/www.sonoraenequipo.com.mx\/abren-puertas-del-area-covid-del-hospital-general-del-estado-a-medios-de-comunicacion\/#article\",\"isPartOf\":{\"@id\":\"https:\/\/www.sonoraenequipo.com.mx\/abren-puertas-del-area-covid-del-hospital-general-del-estado-a-medios-de-comunicacion\/\"},\"author\":{\"name\":\"enequipo\",\"@id\":\"https:\/\/www.sonoraenequipo.com.mx\/#\/schema\/person\/50102df0fb23a8fa9e8effad8fa81386\"},\"headline\":\"Abren puertas del \u00c1rea COVID del Hospital General del Estado a medios de comunicaci\u00f3n\",\"datePublished\":\"2021-08-05T03:25:33+00:00\",\"dateModified\":\"2021-08-05T18:59:54+00:00\",\"mainEntityOfPage\":{\"@id\":\"https:\/\/www.sonoraenequipo.com.mx\/abren-puertas-del-area-covid-del-hospital-general-del-estado-a-medios-de-comunicacion\/\"},\"wordCount\":377,\"commentCount\":0,\"publisher\":{\"@id\":\"https:\/\/www.sonoraenequipo.com.mx\/#organization\"},\"image\":{\"@id\":\"https:\/\/www.sonoraenequipo.com.mx\/abren-puertas-del-area-covid-del-hospital-general-del-estado-a-medios-de-comunicacion\/#primaryimage\"},\"thumbnailUrl\":\"https:\/\/www.sonoraenequipo.com.mx\/storage\/2021\/08\/covid-en-hospital-gral-de-sonora_opt.jpg\",\"articleSection\":[\"Sonora\"],\"inLanguage\":\"es\",\"potentialAction\":[{\"@type\":\"CommentAction\",\"name\":\"Comment\",\"target\":[\"https:\/\/www.sonoraenequipo.com.mx\/abren-puertas-del-area-covid-del-hospital-general-del-estado-a-medios-de-comunicacion\/#respond\"]}]},{\"@type\":\"WebPage\",\"@id\":\"https:\/\/www.sonoraenequipo.com.mx\/abren-puertas-del-area-covid-del-hospital-general-del-estado-a-medios-de-comunicacion\/\",\"url\":\"https:\/\/www.sonoraenequipo.com.mx\/abren-puertas-del-area-covid-del-hospital-general-del-estado-a-medios-de-comunicacion\/\",\"name\":\"Sonora en Equipo. Abren puertas del \u00c1rea COVID del Hospital General del Estado a medios de comunicaci\u00f3n Sonora\",\"isPartOf\":{\"@id\":\"https:\/\/www.sonoraenequipo.com.mx\/#website\"},\"primaryImageOfPage\":{\"@id\":\"https:\/\/www.sonoraenequipo.com.mx\/abren-puertas-del-area-covid-del-hospital-general-del-estado-a-medios-de-comunicacion\/#primaryimage\"},\"image\":{\"@id\":\"https:\/\/www.sonoraenequipo.com.mx\/abren-puertas-del-area-covid-del-hospital-general-del-estado-a-medios-de-comunicacion\/#primaryimage\"},\"thumbnailUrl\":\"https:\/\/www.sonoraenequipo.com.mx\/storage\/2021\/08\/covid-en-hospital-gral-de-sonora_opt.jpg\",\"datePublished\":\"2021-08-05T03:25:33+00:00\",\"dateModified\":\"2021-08-05T18:59:54+00:00\",\"description\":\"HERMOSILLO, SONORA. MX. \u2014 Debido a la ocupaci\u00f3n hospitalaria que se mantiene en Sonora por COVID-19, es vital que la sociedad no baje la guardia y En Sonora en Equipo publicamos toda la informaci\u00f3n de Sonora, M\u00e9xico y el Mundo de manera oportuna y busca que la libertad de expresi\u00f3n sea real. Visita nuestro medio informativo publicado desde Hermosillo, Sonora. %\",\"breadcrumb\":{\"@id\":\"https:\/\/www.sonoraenequipo.com.mx\/abren-puertas-del-area-covid-del-hospital-general-del-estado-a-medios-de-comunicacion\/#breadcrumb\"},\"inLanguage\":\"es\",\"potentialAction\":[{\"@type\":\"ReadAction\",\"target\":[\"https:\/\/www.sonoraenequipo.com.mx\/abren-puertas-del-area-covid-del-hospital-general-del-estado-a-medios-de-comunicacion\/\"]}]},{\"@type\":\"ImageObject\",\"inLanguage\":\"es\",\"@id\":\"https:\/\/www.sonoraenequipo.com.mx\/abren-puertas-del-area-covid-del-hospital-general-del-estado-a-medios-de-comunicacion\/#primaryimage\",\"url\":\"https:\/\/www.sonoraenequipo.com.mx\/storage\/2021\/08\/covid-en-hospital-gral-de-sonora_opt.jpg\",\"contentUrl\":\"https:\/\/www.sonoraenequipo.com.mx\/storage\/2021\/08\/covid-en-hospital-gral-de-sonora_opt.jpg\",\"width\":700,\"height\":400},{\"@type\":\"BreadcrumbList\",\"@id\":\"https:\/\/www.sonoraenequipo.com.mx\/abren-puertas-del-area-covid-del-hospital-general-del-estado-a-medios-de-comunicacion\/#breadcrumb\",\"itemListElement\":[{\"@type\":\"ListItem\",\"position\":1,\"name\":\"Portada\",\"item\":\"https:\/\/www.sonoraenequipo.com.mx\/\"},{\"@type\":\"ListItem\",\"position\":2,\"name\":\"Abren puertas del \u00c1rea COVID del Hospital General del Estado a medios de comunicaci\u00f3n\"}]},{\"@type\":\"WebSite\",\"@id\":\"https:\/\/www.sonoraenequipo.com.mx\/#website\",\"url\":\"https:\/\/www.sonoraenequipo.com.mx\/\",\"name\":\"Sonora en Equipo.\",\"description\":\"Diario en l\u00ednea con Noticias desde Hermosillo, Sonora\",\"publisher\":{\"@id\":\"https:\/\/www.sonoraenequipo.com.mx\/#organization\"},\"potentialAction\":[{\"@type\":\"SearchAction\",\"target\":{\"@type\":\"EntryPoint\",\"urlTemplate\":\"https:\/\/www.sonoraenequipo.com.mx\/?s={search_term_string}\"},\"query-input\":{\"@type\":\"PropertyValueSpecification\",\"valueRequired\":true,\"valueName\":\"search_term_string\"}}],\"inLanguage\":\"es\"},{\"@type\":\"Organization\",\"@id\":\"https:\/\/www.sonoraenequipo.com.mx\/#organization\",\"name\":\"Sonoraenequipo.com.mx\",\"url\":\"https:\/\/www.sonoraenequipo.com.mx\/\",\"logo\":{\"@type\":\"ImageObject\",\"inLanguage\":\"es\",\"@id\":\"https:\/\/www.sonoraenequipo.com.mx\/#\/schema\/logo\/image\/\",\"url\":\"https:\/\/www.sonoraenequipo.com.mx\/storage\/2019\/01\/sonoraenequipo_opt.png\",\"contentUrl\":\"https:\/\/www.sonoraenequipo.com.mx\/storage\/2019\/01\/sonoraenequipo_opt.png\",\"width\":375,\"height\":125,\"caption\":\"Sonoraenequipo.com.mx\"},\"image\":{\"@id\":\"https:\/\/www.sonoraenequipo.com.mx\/#\/schema\/logo\/image\/\"},\"sameAs\":[\"https:\/\/www.facebook.com\/SonoraEE\/\",\"https:\/\/x.com\/sonoraenequipo\",\"https:\/\/www.youtube.com\/channel\/UC338nW-lPEYmJQs4ZABQ1SQ\"]},{\"@type\":\"Person\",\"@id\":\"https:\/\/www.sonoraenequipo.com.mx\/#\/schema\/person\/50102df0fb23a8fa9e8effad8fa81386\",\"name\":\"enequipo\",\"image\":{\"@type\":\"ImageObject\",\"inLanguage\":\"es\",\"@id\":\"https:\/\/www.sonoraenequipo.com.mx\/#\/schema\/person\/image\/\",\"url\":\"https:\/\/secure.gravatar.com\/avatar\/049821681b589dabc0bc20695993ccebb09f5b5d4d790cd9251b97faac7c652b?s=96&d=blank&r=g\",\"contentUrl\":\"https:\/\/secure.gravatar.com\/avatar\/049821681b589dabc0bc20695993ccebb09f5b5d4d790cd9251b97faac7c652b?s=96&d=blank&r=g\",\"caption\":\"enequipo\"},\"sameAs\":[\"https:\/\/www.facebook.com\/SonoraEE\"]}]}<\/script>\n ","yoast_head_json":{"title":"Sonora en Equipo. Abren puertas del \u00c1rea COVID del Hospital General del Estado a medios de comunicaci\u00f3n Sonora","description":"HERMOSILLO, SONORA. MX. \u2014 Debido a la ocupaci\u00f3n hospitalaria que se mantiene en Sonora por COVID-19, es vital que la sociedad no baje la guardia y En Sonora en Equipo publicamos toda la informaci\u00f3n de Sonora, M\u00e9xico y el Mundo de manera oportuna y busca que la libertad de expresi\u00f3n sea real. Visita nuestro medio informativo publicado desde Hermosillo, Sonora. %","robots":{"index":"index","follow":"follow","max-snippet":"max-snippet:-1","max-image-preview":"max-image-preview:large","max-video-preview":"max-video-preview:-1"},"canonical":"https:\/\/www.sonoraenequipo.com.mx\/abren-puertas-del-area-covid-del-hospital-general-del-estado-a-medios-de-comunicacion\/","og_locale":"es_ES","og_type":"article","og_title":"Sonora en Equipo. Abren puertas del \u00c1rea COVID del Hospital General del Estado a medios de comunicaci\u00f3n Sonora","og_description":"HERMOSILLO, SONORA. MX. \u2014 Debido a la ocupaci\u00f3n hospitalaria que se mantiene en Sonora por COVID-19, es vital que la sociedad no baje la guardia y En Sonora en Equipo publicamos toda la informaci\u00f3n de Sonora, M\u00e9xico y el Mundo de manera oportuna y busca que la libertad de expresi\u00f3n sea real. Visita nuestro medio informativo publicado desde Hermosillo, Sonora. %","og_url":"https:\/\/www.sonoraenequipo.com.mx\/abren-puertas-del-area-covid-del-hospital-general-del-estado-a-medios-de-comunicacion\/","og_site_name":"Sonora en Equipo.","article_publisher":"https:\/\/www.facebook.com\/SonoraEE\/","article_author":"https:\/\/www.facebook.com\/SonoraEE","article_published_time":"2021-08-05T03:25:33+00:00","article_modified_time":"2021-08-05T18:59:54+00:00","og_image":[{"width":700,"height":400,"url":"https:\/\/www.sonoraenequipo.com.mx\/storage\/2021\/08\/covid-en-hospital-gral-de-sonora_opt.jpg","type":"image\/jpeg"}],"author":"enequipo","twitter_card":"summary_large_image","twitter_creator":"@sonoraenequipo","twitter_site":"@sonoraenequipo","twitter_misc":{"Escrito por":"enequipo","Tiempo de lectura":"2 minutos"},"schema":{"@context":"https:\/\/schema.org","@graph":[{"@type":"Article","@id":"https:\/\/www.sonoraenequipo.com.mx\/abren-puertas-del-area-covid-del-hospital-general-del-estado-a-medios-de-comunicacion\/#article","isPartOf":{"@id":"https:\/\/www.sonoraenequipo.com.mx\/abren-puertas-del-area-covid-del-hospital-general-del-estado-a-medios-de-comunicacion\/"},"author":{"name":"enequipo","@id":"https:\/\/www.sonoraenequipo.com.mx\/#\/schema\/person\/50102df0fb23a8fa9e8effad8fa81386"},"headline":"Abren puertas del \u00c1rea COVID del Hospital General del Estado a medios de comunicaci\u00f3n","datePublished":"2021-08-05T03:25:33+00:00","dateModified":"2021-08-05T18:59:54+00:00","mainEntityOfPage":{"@id":"https:\/\/www.sonoraenequipo.com.mx\/abren-puertas-del-area-covid-del-hospital-general-del-estado-a-medios-de-comunicacion\/"},"wordCount":377,"commentCount":0,"publisher":{"@id":"https:\/\/www.sonoraenequipo.com.mx\/#organization"},"image":{"@id":"https:\/\/www.sonoraenequipo.com.mx\/abren-puertas-del-area-covid-del-hospital-general-del-estado-a-medios-de-comunicacion\/#primaryimage"},"thumbnailUrl":"https:\/\/www.sonoraenequipo.com.mx\/storage\/2021\/08\/covid-en-hospital-gral-de-sonora_opt.jpg","articleSection":["Sonora"],"inLanguage":"es","potentialAction":[{"@type":"CommentAction","name":"Comment","target":["https:\/\/www.sonoraenequipo.com.mx\/abren-puertas-del-area-covid-del-hospital-general-del-estado-a-medios-de-comunicacion\/#respond"]}]},{"@type":"WebPage","@id":"https:\/\/www.sonoraenequipo.com.mx\/abren-puertas-del-area-covid-del-hospital-general-del-estado-a-medios-de-comunicacion\/","url":"https:\/\/www.sonoraenequipo.com.mx\/abren-puertas-del-area-covid-del-hospital-general-del-estado-a-medios-de-comunicacion\/","name":"Sonora en Equipo. Abren puertas del \u00c1rea COVID del Hospital General del Estado a medios de comunicaci\u00f3n Sonora","isPartOf":{"@id":"https:\/\/www.sonoraenequipo.com.mx\/#website"},"primaryImageOfPage":{"@id":"https:\/\/www.sonoraenequipo.com.mx\/abren-puertas-del-area-covid-del-hospital-general-del-estado-a-medios-de-comunicacion\/#primaryimage"},"image":{"@id":"https:\/\/www.sonoraenequipo.com.mx\/abren-puertas-del-area-covid-del-hospital-general-del-estado-a-medios-de-comunicacion\/#primaryimage"},"thumbnailUrl":"https:\/\/www.sonoraenequipo.com.mx\/storage\/2021\/08\/covid-en-hospital-gral-de-sonora_opt.jpg","datePublished":"2021-08-05T03:25:33+00:00","dateModified":"2021-08-05T18:59:54+00:00","description":"HERMOSILLO, SONORA. MX. \u2014 Debido a la ocupaci\u00f3n hospitalaria que se mantiene en Sonora por COVID-19, es vital que la sociedad no baje la guardia y En Sonora en Equipo publicamos toda la informaci\u00f3n de Sonora, M\u00e9xico y el Mundo de manera oportuna y busca que la libertad de expresi\u00f3n sea real. Visita nuestro medio informativo publicado desde Hermosillo, Sonora. %","breadcrumb":{"@id":"https:\/\/www.sonoraenequipo.com.mx\/abren-puertas-del-area-covid-del-hospital-general-del-estado-a-medios-de-comunicacion\/#breadcrumb"},"inLanguage":"es","potentialAction":[{"@type":"ReadAction","target":["https:\/\/www.sonoraenequipo.com.mx\/abren-puertas-del-area-covid-del-hospital-general-del-estado-a-medios-de-comunicacion\/"]}]},{"@type":"ImageObject","inLanguage":"es","@id":"https:\/\/www.sonoraenequipo.com.mx\/abren-puertas-del-area-covid-del-hospital-general-del-estado-a-medios-de-comunicacion\/#primaryimage","url":"https:\/\/www.sonoraenequipo.com.mx\/storage\/2021\/08\/covid-en-hospital-gral-de-sonora_opt.jpg","contentUrl":"https:\/\/www.sonoraenequipo.com.mx\/storage\/2021\/08\/covid-en-hospital-gral-de-sonora_opt.jpg","width":700,"height":400},{"@type":"BreadcrumbList","@id":"https:\/\/www.sonoraenequipo.com.mx\/abren-puertas-del-area-covid-del-hospital-general-del-estado-a-medios-de-comunicacion\/#breadcrumb","itemListElement":[{"@type":"ListItem","position":1,"name":"Portada","item":"https:\/\/www.sonoraenequipo.com.mx\/"},{"@type":"ListItem","position":2,"name":"Abren puertas del \u00c1rea COVID del Hospital General del Estado a medios de comunicaci\u00f3n"}]},{"@type":"WebSite","@id":"https:\/\/www.sonoraenequipo.com.mx\/#website","url":"https:\/\/www.sonoraenequipo.com.mx\/","name":"Sonora en Equipo.","description":"Diario en l\u00ednea con Noticias desde Hermosillo, Sonora","publisher":{"@id":"https:\/\/www.sonoraenequipo.com.mx\/#organization"},"potentialAction":[{"@type":"SearchAction","target":{"@type":"EntryPoint","urlTemplate":"https:\/\/www.sonoraenequipo.com.mx\/?s={search_term_string}"},"query-input":{"@type":"PropertyValueSpecification","valueRequired":true,"valueName":"search_term_string"}}],"inLanguage":"es"},{"@type":"Organization","@id":"https:\/\/www.sonoraenequipo.com.mx\/#organization","name":"Sonoraenequipo.com.mx","url":"https:\/\/www.sonoraenequipo.com.mx\/","logo":{"@type":"ImageObject","inLanguage":"es","@id":"https:\/\/www.sonoraenequipo.com.mx\/#\/schema\/logo\/image\/","url":"https:\/\/www.sonoraenequipo.com.mx\/storage\/2019\/01\/sonoraenequipo_opt.png","contentUrl":"https:\/\/www.sonoraenequipo.com.mx\/storage\/2019\/01\/sonoraenequipo_opt.png","width":375,"height":125,"caption":"Sonoraenequipo.com.mx"},"image":{"@id":"https:\/\/www.sonoraenequipo.com.mx\/#\/schema\/logo\/image\/"},"sameAs":["https:\/\/www.facebook.com\/SonoraEE\/","https:\/\/x.com\/sonoraenequipo","https:\/\/www.youtube.com\/channel\/UC338nW-lPEYmJQs4ZABQ1SQ"]},{"@type":"Person","@id":"https:\/\/www.sonoraenequipo.com.mx\/#\/schema\/person\/50102df0fb23a8fa9e8effad8fa81386","name":"enequipo","image":{"@type":"ImageObject","inLanguage":"es","@id":"https:\/\/www.sonoraenequipo.com.mx\/#\/schema\/person\/image\/","url":"https:\/\/secure.gravatar.com\/avatar\/049821681b589dabc0bc20695993ccebb09f5b5d4d790cd9251b97faac7c652b?s=96&d=blank&r=g","contentUrl":"https:\/\/secure.gravatar.com\/avatar\/049821681b589dabc0bc20695993ccebb09f5b5d4d790cd9251b97faac7c652b?s=96&d=blank&r=g","caption":"enequipo"},"sameAs":["https:\/\/www.facebook.com\/SonoraEE"]}]}},"jetpack_featured_media_url":"https:\/\/www.sonoraenequipo.com.mx\/storage\/2021\/08\/covid-en-hospital-gral-de-sonora_opt.jpg","_links":{"self":[{"href":"https:\/\/www.sonoraenequipo.com.mx\/api\/wp\/v2\/posts\/119836","targetHints":{"allow":["GET"]}}],"collection":[{"href":"https:\/\/www.sonoraenequipo.com.mx\/api\/wp\/v2\/posts"}],"about":[{"href":"https:\/\/www.sonoraenequipo.com.mx\/api\/wp\/v2\/types\/post"}],"author":[{"embeddable":true,"href":"https:\/\/www.sonoraenequipo.com.mx\/api\/wp\/v2\/users\/1"}],"replies":[{"embeddable":true,"href":"https:\/\/www.sonoraenequipo.com.mx\/api\/wp\/v2\/comments?post=119836"}],"version-history":[{"count":1,"href":"https:\/\/www.sonoraenequipo.com.mx\/api\/wp\/v2\/posts\/119836\/revisions"}],"predecessor-version":[{"id":119841,"href":"https:\/\/www.sonoraenequipo.com.mx\/api\/wp\/v2\/posts\/119836\/revisions\/119841"}],"wp:featuredmedia":[{"embeddable":true,"href":"https:\/\/www.sonoraenequipo.com.mx\/api\/wp\/v2\/media\/119839"}],"wp:attachment":[{"href":"https:\/\/www.sonoraenequipo.com.mx\/api\/wp\/v2\/media?parent=119836"}],"wp:term":[{"taxonomy":"category","embeddable":true,"href":"https:\/\/www.sonoraenequipo.com.mx\/api\/wp\/v2\/categories?post=119836"},{"taxonomy":"post_tag","embeddable":true,"href":"https:\/\/www.sonoraenequipo.com.mx\/api\/wp\/v2\/tags?post=119836"}],"curies":[{"name":"wp","href":"https:\/\/api.w.org\/{rel}","templated":true}]}}