{"id":119842,"date":"2021-08-04T23:25:28","date_gmt":"2021-08-05T06:25:28","guid":{"rendered":"https:\/\/www.sonoraenequipo.com.mx\/?p=119842"},"modified":"2021-08-05T12:10:05","modified_gmt":"2021-08-05T19:10:05","slug":"se-atendera-la-deuda-historica-con-el-pueblo-de-cananea-alfonso-durazo","status":"publish","type":"post","link":"https:\/\/www.sonoraenequipo.com.mx\/se-atendera-la-deuda-historica-con-el-pueblo-de-cananea-alfonso-durazo\/","title":{"rendered":"Se atender\u00e1 la deuda hist\u00f3rica con el pueblo de Cananea: Alfonso Durazo"},"content":{"rendered":"<p>HERMOSILLO, SONORA.MX. \u2014\u00a0 El gobernador electo, Alfonso Durazo Monta\u00f1o, dio seguimiento a los avances del Plan Integral de Atenci\u00f3n para Cananea, que present\u00f3 el presidente Andr\u00e9s Manuel L\u00f3pez Obrador el pasado 4 de julio en su visita a Sonora.<\/p>\n<p>&nbsp;<\/p>\n<p> <\/p>\n<p>&nbsp;<\/p>\n<p>En reuni\u00f3n virtual coordinada por la secretaria del Trabajo, Luisa Mar\u00eda Alcalde Luj\u00e1n, y con la participaci\u00f3n de diversos titulares y funcionarios de dependencias federales, se anunci\u00f3 que ya est\u00e1n instaladas y operando seis mesas de trabajo.<\/p>\n<p>&nbsp;<\/p>\n<p>Las mesas quedaron divididas en las siguiente tem\u00e1ticas: laboral, agua, salud, salud ambiental, bienestar (programas sociales), desarrollo urbano y vivienda. En septiembre se llevar\u00e1n a cabo los preparativos para la visita del presidente L\u00f3pez Obrador a Cananea en octubre.<\/p>\n<p>&nbsp;<\/p>\n<p>El pr\u00f3ximo mandatario asegur\u00f3 que a la par de los esfuerzos federales para saldar la deuda hist\u00f3rica que se tiene con la comunidad minera, una vez en el gobierno impulsar\u00e1 el relanzamiento econ\u00f3mico del estado para promover oportunidades de empleo y desarrollo.<\/p>\n<p>&nbsp;<\/p>\n<p>En el caso particular de Cananea, Durazo Monta\u00f1o coment\u00f3 que buscar\u00e1 restaurar su centro hist\u00f3rico y obtener la declaratoria de pueblo m\u00e1gico para atraer la industria tur\u00edstica a la ciudad.<\/p>\n<p>&nbsp;<\/p>\n<p>Participaron en la reuni\u00f3n de seguimiento Olga S\u00e1nchez Cordero, secretaria de Gobernaci\u00f3n; Rom\u00e1n Meyer Falc\u00f3n, titular de Sedatu; Mar\u00eda Luisa Albores Gonz\u00e1lez, titular de Semarnat; Carlos Torres Rosas, coordinador de los programas de Bienestar; Juan Ferrer, director del INSABI; as\u00ed como funcionarios de Secretar\u00eda de Salud, IMSS y Conagua.<\/p>\n<p>&nbsp;<\/p>\n<p>&nbsp;<\/p>\n<p>(Publicada el 04\/08\/2021)<\/p>\n","protected":false},"excerpt":{"rendered":"<p>HERMOSILLO, SONORA.MX. \u2014\u00a0 El gobernador electo, Alfonso Durazo Monta\u00f1o, dio seguimiento a los avances del&#8230;<\/p>\n","protected":false},"author":1,"featured_media":119844,"comment_status":"open","ping_status":"open","sticky":false,"template":"","format":"standard","meta":{"_monsterinsights_skip_tracking":false,"_monsterinsights_sitenote_active":false,"_monsterinsights_sitenote_note":"","_monsterinsights_sitenote_category":0,"footnotes":""},"categories":[22],"tags":[],"class_list":["post"],"yoast_head":" \n<title>Sonora en Equipo. Se atender\u00e1 la deuda hist\u00f3rica con el pueblo de Cananea: Alfonso Durazo Sonora<\/title>\n<meta name=\"description\" content=\"HERMOSILLO, SONORA.MX. \u2014\u00a0 El gobernador electo, Alfonso Durazo Monta\u00f1o, dio seguimiento a los avances del Plan Integral de Atenci\u00f3n para Cananea, que En Sonora en Equipo publicamos toda la informaci\u00f3n de Sonora, M\u00e9xico y el Mundo de manera oportuna y busca que la libertad de expresi\u00f3n sea real. Visita nuestro medio informativo publicado desde Hermosillo, Sonora. %\" \/>\n<meta name=\"robots\" content=\"index, follow, max-snippet:-1, max-image-preview:large, max-video-preview:-1\" \/>\n<link rel=\"canonical\" href=\"https:\/\/www.sonoraenequipo.com.mx\/se-atendera-la-deuda-historica-con-el-pueblo-de-cananea-alfonso-durazo\/\" \/>\n<meta property=\"og:locale\" content=\"es_ES\" \/>\n<meta property=\"og:type\" content=\"article\" \/>\n<meta property=\"og:title\" content=\"Sonora en Equipo. Se atender\u00e1 la deuda hist\u00f3rica con el pueblo de Cananea: Alfonso Durazo Sonora\" \/>\n<meta property=\"og:description\" content=\"HERMOSILLO, SONORA.MX. \u2014\u00a0 El gobernador electo, Alfonso Durazo Monta\u00f1o, dio seguimiento a los avances del Plan Integral de Atenci\u00f3n para Cananea, que En Sonora en Equipo publicamos toda la informaci\u00f3n de Sonora, M\u00e9xico y el Mundo de manera oportuna y busca que la libertad de expresi\u00f3n sea real. Visita nuestro medio informativo publicado desde Hermosillo, Sonora. %\" \/>\n<meta property=\"og:url\" content=\"https:\/\/www.sonoraenequipo.com.mx\/se-atendera-la-deuda-historica-con-el-pueblo-de-cananea-alfonso-durazo\/\" \/>\n<meta property=\"og:site_name\" content=\"Sonora en Equipo.\" \/>\n<meta property=\"article:publisher\" content=\"https:\/\/www.facebook.com\/SonoraEE\/\" \/>\n<meta property=\"article:author\" content=\"https:\/\/www.facebook.com\/SonoraEE\" \/>\n<meta property=\"article:published_time\" content=\"2021-08-05T06:25:28+00:00\" \/>\n<meta property=\"article:modified_time\" content=\"2021-08-05T19:10:05+00:00\" \/>\n<meta property=\"og:image\" content=\"https:\/\/www.sonoraenequipo.com.mx\/storage\/2021\/08\/alfonso-durazo-Moreno_opt.jpg\" \/>\n\t<meta property=\"og:image:width\" content=\"700\" \/>\n\t<meta property=\"og:image:height\" content=\"400\" \/>\n\t<meta property=\"og:image:type\" content=\"image\/jpeg\" \/>\n<meta name=\"author\" content=\"enequipo\" \/>\n<meta name=\"twitter:card\" content=\"summary_large_image\" \/>\n<meta name=\"twitter:creator\" content=\"@sonoraenequipo\" \/>\n<meta name=\"twitter:site\" content=\"@sonoraenequipo\" \/>\n<meta name=\"twitter:label1\" content=\"Escrito por\" \/>\n\t<meta name=\"twitter:data1\" content=\"enequipo\" \/>\n\t<meta name=\"twitter:label2\" content=\"Tiempo de lectura\" \/>\n\t<meta name=\"twitter:data2\" content=\"2 minutos\" \/>\n<script type=\"application\/ld+json\" class=\"yoast-schema-graph\">{\"@context\":\"https:\/\/schema.org\",\"@graph\":[{\"@type\":\"Article\",\"@id\":\"https:\/\/www.sonoraenequipo.com.mx\/se-atendera-la-deuda-historica-con-el-pueblo-de-cananea-alfonso-durazo\/#article\",\"isPartOf\":{\"@id\":\"https:\/\/www.sonoraenequipo.com.mx\/se-atendera-la-deuda-historica-con-el-pueblo-de-cananea-alfonso-durazo\/\"},\"author\":{\"name\":\"enequipo\",\"@id\":\"https:\/\/www.sonoraenequipo.com.mx\/#\/schema\/person\/50102df0fb23a8fa9e8effad8fa81386\"},\"headline\":\"Se atender\u00e1 la deuda hist\u00f3rica con el pueblo de Cananea: Alfonso Durazo\",\"datePublished\":\"2021-08-05T06:25:28+00:00\",\"dateModified\":\"2021-08-05T19:10:05+00:00\",\"mainEntityOfPage\":{\"@id\":\"https:\/\/www.sonoraenequipo.com.mx\/se-atendera-la-deuda-historica-con-el-pueblo-de-cananea-alfonso-durazo\/\"},\"wordCount\":285,\"commentCount\":0,\"publisher\":{\"@id\":\"https:\/\/www.sonoraenequipo.com.mx\/#organization\"},\"image\":{\"@id\":\"https:\/\/www.sonoraenequipo.com.mx\/se-atendera-la-deuda-historica-con-el-pueblo-de-cananea-alfonso-durazo\/#primaryimage\"},\"thumbnailUrl\":\"https:\/\/www.sonoraenequipo.com.mx\/storage\/2021\/08\/alfonso-durazo-Moreno_opt.jpg\",\"articleSection\":[\"Sonora\"],\"inLanguage\":\"es\",\"potentialAction\":[{\"@type\":\"CommentAction\",\"name\":\"Comment\",\"target\":[\"https:\/\/www.sonoraenequipo.com.mx\/se-atendera-la-deuda-historica-con-el-pueblo-de-cananea-alfonso-durazo\/#respond\"]}]},{\"@type\":\"WebPage\",\"@id\":\"https:\/\/www.sonoraenequipo.com.mx\/se-atendera-la-deuda-historica-con-el-pueblo-de-cananea-alfonso-durazo\/\",\"url\":\"https:\/\/www.sonoraenequipo.com.mx\/se-atendera-la-deuda-historica-con-el-pueblo-de-cananea-alfonso-durazo\/\",\"name\":\"Sonora en Equipo. Se atender\u00e1 la deuda hist\u00f3rica con el pueblo de Cananea: Alfonso Durazo Sonora\",\"isPartOf\":{\"@id\":\"https:\/\/www.sonoraenequipo.com.mx\/#website\"},\"primaryImageOfPage\":{\"@id\":\"https:\/\/www.sonoraenequipo.com.mx\/se-atendera-la-deuda-historica-con-el-pueblo-de-cananea-alfonso-durazo\/#primaryimage\"},\"image\":{\"@id\":\"https:\/\/www.sonoraenequipo.com.mx\/se-atendera-la-deuda-historica-con-el-pueblo-de-cananea-alfonso-durazo\/#primaryimage\"},\"thumbnailUrl\":\"https:\/\/www.sonoraenequipo.com.mx\/storage\/2021\/08\/alfonso-durazo-Moreno_opt.jpg\",\"datePublished\":\"2021-08-05T06:25:28+00:00\",\"dateModified\":\"2021-08-05T19:10:05+00:00\",\"description\":\"HERMOSILLO, SONORA.MX. \u2014\u00a0 El gobernador electo, Alfonso Durazo Monta\u00f1o, dio seguimiento a los avances del Plan Integral de Atenci\u00f3n para Cananea, que En Sonora en Equipo publicamos toda la informaci\u00f3n de Sonora, M\u00e9xico y el Mundo de manera oportuna y busca que la libertad de expresi\u00f3n sea real. Visita nuestro medio informativo publicado desde Hermosillo, Sonora. %\",\"breadcrumb\":{\"@id\":\"https:\/\/www.sonoraenequipo.com.mx\/se-atendera-la-deuda-historica-con-el-pueblo-de-cananea-alfonso-durazo\/#breadcrumb\"},\"inLanguage\":\"es\",\"potentialAction\":[{\"@type\":\"ReadAction\",\"target\":[\"https:\/\/www.sonoraenequipo.com.mx\/se-atendera-la-deuda-historica-con-el-pueblo-de-cananea-alfonso-durazo\/\"]}]},{\"@type\":\"ImageObject\",\"inLanguage\":\"es\",\"@id\":\"https:\/\/www.sonoraenequipo.com.mx\/se-atendera-la-deuda-historica-con-el-pueblo-de-cananea-alfonso-durazo\/#primaryimage\",\"url\":\"https:\/\/www.sonoraenequipo.com.mx\/storage\/2021\/08\/alfonso-durazo-Moreno_opt.jpg\",\"contentUrl\":\"https:\/\/www.sonoraenequipo.com.mx\/storage\/2021\/08\/alfonso-durazo-Moreno_opt.jpg\",\"width\":700,\"height\":400},{\"@type\":\"BreadcrumbList\",\"@id\":\"https:\/\/www.sonoraenequipo.com.mx\/se-atendera-la-deuda-historica-con-el-pueblo-de-cananea-alfonso-durazo\/#breadcrumb\",\"itemListElement\":[{\"@type\":\"ListItem\",\"position\":1,\"name\":\"Portada\",\"item\":\"https:\/\/www.sonoraenequipo.com.mx\/\"},{\"@type\":\"ListItem\",\"position\":2,\"name\":\"Se atender\u00e1 la deuda hist\u00f3rica con el pueblo de Cananea: Alfonso Durazo\"}]},{\"@type\":\"WebSite\",\"@id\":\"https:\/\/www.sonoraenequipo.com.mx\/#website\",\"url\":\"https:\/\/www.sonoraenequipo.com.mx\/\",\"name\":\"Sonora en Equipo.\",\"description\":\"Diario en l\u00ednea con Noticias desde Hermosillo, Sonora\",\"publisher\":{\"@id\":\"https:\/\/www.sonoraenequipo.com.mx\/#organization\"},\"potentialAction\":[{\"@type\":\"SearchAction\",\"target\":{\"@type\":\"EntryPoint\",\"urlTemplate\":\"https:\/\/www.sonoraenequipo.com.mx\/?s={search_term_string}\"},\"query-input\":{\"@type\":\"PropertyValueSpecification\",\"valueRequired\":true,\"valueName\":\"search_term_string\"}}],\"inLanguage\":\"es\"},{\"@type\":\"Organization\",\"@id\":\"https:\/\/www.sonoraenequipo.com.mx\/#organization\",\"name\":\"Sonoraenequipo.com.mx\",\"url\":\"https:\/\/www.sonoraenequipo.com.mx\/\",\"logo\":{\"@type\":\"ImageObject\",\"inLanguage\":\"es\",\"@id\":\"https:\/\/www.sonoraenequipo.com.mx\/#\/schema\/logo\/image\/\",\"url\":\"https:\/\/www.sonoraenequipo.com.mx\/storage\/2019\/01\/sonoraenequipo_opt.png\",\"contentUrl\":\"https:\/\/www.sonoraenequipo.com.mx\/storage\/2019\/01\/sonoraenequipo_opt.png\",\"width\":375,\"height\":125,\"caption\":\"Sonoraenequipo.com.mx\"},\"image\":{\"@id\":\"https:\/\/www.sonoraenequipo.com.mx\/#\/schema\/logo\/image\/\"},\"sameAs\":[\"https:\/\/www.facebook.com\/SonoraEE\/\",\"https:\/\/x.com\/sonoraenequipo\",\"https:\/\/www.youtube.com\/channel\/UC338nW-lPEYmJQs4ZABQ1SQ\"]},{\"@type\":\"Person\",\"@id\":\"https:\/\/www.sonoraenequipo.com.mx\/#\/schema\/person\/50102df0fb23a8fa9e8effad8fa81386\",\"name\":\"enequipo\",\"image\":{\"@type\":\"ImageObject\",\"inLanguage\":\"es\",\"@id\":\"https:\/\/www.sonoraenequipo.com.mx\/#\/schema\/person\/image\/\",\"url\":\"https:\/\/secure.gravatar.com\/avatar\/049821681b589dabc0bc20695993ccebb09f5b5d4d790cd9251b97faac7c652b?s=96&d=blank&r=g\",\"contentUrl\":\"https:\/\/secure.gravatar.com\/avatar\/049821681b589dabc0bc20695993ccebb09f5b5d4d790cd9251b97faac7c652b?s=96&d=blank&r=g\",\"caption\":\"enequipo\"},\"sameAs\":[\"https:\/\/www.facebook.com\/SonoraEE\"]}]}<\/script>\n ","yoast_head_json":{"title":"Sonora en Equipo. Se atender\u00e1 la deuda hist\u00f3rica con el pueblo de Cananea: Alfonso Durazo Sonora","description":"HERMOSILLO, SONORA.MX. \u2014\u00a0 El gobernador electo, Alfonso Durazo Monta\u00f1o, dio seguimiento a los avances del Plan Integral de Atenci\u00f3n para Cananea, que En Sonora en Equipo publicamos toda la informaci\u00f3n de Sonora, M\u00e9xico y el Mundo de manera oportuna y busca que la libertad de expresi\u00f3n sea real. Visita nuestro medio informativo publicado desde Hermosillo, Sonora. %","robots":{"index":"index","follow":"follow","max-snippet":"max-snippet:-1","max-image-preview":"max-image-preview:large","max-video-preview":"max-video-preview:-1"},"canonical":"https:\/\/www.sonoraenequipo.com.mx\/se-atendera-la-deuda-historica-con-el-pueblo-de-cananea-alfonso-durazo\/","og_locale":"es_ES","og_type":"article","og_title":"Sonora en Equipo. Se atender\u00e1 la deuda hist\u00f3rica con el pueblo de Cananea: Alfonso Durazo Sonora","og_description":"HERMOSILLO, SONORA.MX. \u2014\u00a0 El gobernador electo, Alfonso Durazo Monta\u00f1o, dio seguimiento a los avances del Plan Integral de Atenci\u00f3n para Cananea, que En Sonora en Equipo publicamos toda la informaci\u00f3n de Sonora, M\u00e9xico y el Mundo de manera oportuna y busca que la libertad de expresi\u00f3n sea real. Visita nuestro medio informativo publicado desde Hermosillo, Sonora. %","og_url":"https:\/\/www.sonoraenequipo.com.mx\/se-atendera-la-deuda-historica-con-el-pueblo-de-cananea-alfonso-durazo\/","og_site_name":"Sonora en Equipo.","article_publisher":"https:\/\/www.facebook.com\/SonoraEE\/","article_author":"https:\/\/www.facebook.com\/SonoraEE","article_published_time":"2021-08-05T06:25:28+00:00","article_modified_time":"2021-08-05T19:10:05+00:00","og_image":[{"width":700,"height":400,"url":"https:\/\/www.sonoraenequipo.com.mx\/storage\/2021\/08\/alfonso-durazo-Moreno_opt.jpg","type":"image\/jpeg"}],"author":"enequipo","twitter_card":"summary_large_image","twitter_creator":"@sonoraenequipo","twitter_site":"@sonoraenequipo","twitter_misc":{"Escrito por":"enequipo","Tiempo de lectura":"2 minutos"},"schema":{"@context":"https:\/\/schema.org","@graph":[{"@type":"Article","@id":"https:\/\/www.sonoraenequipo.com.mx\/se-atendera-la-deuda-historica-con-el-pueblo-de-cananea-alfonso-durazo\/#article","isPartOf":{"@id":"https:\/\/www.sonoraenequipo.com.mx\/se-atendera-la-deuda-historica-con-el-pueblo-de-cananea-alfonso-durazo\/"},"author":{"name":"enequipo","@id":"https:\/\/www.sonoraenequipo.com.mx\/#\/schema\/person\/50102df0fb23a8fa9e8effad8fa81386"},"headline":"Se atender\u00e1 la deuda hist\u00f3rica con el pueblo de Cananea: Alfonso Durazo","datePublished":"2021-08-05T06:25:28+00:00","dateModified":"2021-08-05T19:10:05+00:00","mainEntityOfPage":{"@id":"https:\/\/www.sonoraenequipo.com.mx\/se-atendera-la-deuda-historica-con-el-pueblo-de-cananea-alfonso-durazo\/"},"wordCount":285,"commentCount":0,"publisher":{"@id":"https:\/\/www.sonoraenequipo.com.mx\/#organization"},"image":{"@id":"https:\/\/www.sonoraenequipo.com.mx\/se-atendera-la-deuda-historica-con-el-pueblo-de-cananea-alfonso-durazo\/#primaryimage"},"thumbnailUrl":"https:\/\/www.sonoraenequipo.com.mx\/storage\/2021\/08\/alfonso-durazo-Moreno_opt.jpg","articleSection":["Sonora"],"inLanguage":"es","potentialAction":[{"@type":"CommentAction","name":"Comment","target":["https:\/\/www.sonoraenequipo.com.mx\/se-atendera-la-deuda-historica-con-el-pueblo-de-cananea-alfonso-durazo\/#respond"]}]},{"@type":"WebPage","@id":"https:\/\/www.sonoraenequipo.com.mx\/se-atendera-la-deuda-historica-con-el-pueblo-de-cananea-alfonso-durazo\/","url":"https:\/\/www.sonoraenequipo.com.mx\/se-atendera-la-deuda-historica-con-el-pueblo-de-cananea-alfonso-durazo\/","name":"Sonora en Equipo. Se atender\u00e1 la deuda hist\u00f3rica con el pueblo de Cananea: Alfonso Durazo Sonora","isPartOf":{"@id":"https:\/\/www.sonoraenequipo.com.mx\/#website"},"primaryImageOfPage":{"@id":"https:\/\/www.sonoraenequipo.com.mx\/se-atendera-la-deuda-historica-con-el-pueblo-de-cananea-alfonso-durazo\/#primaryimage"},"image":{"@id":"https:\/\/www.sonoraenequipo.com.mx\/se-atendera-la-deuda-historica-con-el-pueblo-de-cananea-alfonso-durazo\/#primaryimage"},"thumbnailUrl":"https:\/\/www.sonoraenequipo.com.mx\/storage\/2021\/08\/alfonso-durazo-Moreno_opt.jpg","datePublished":"2021-08-05T06:25:28+00:00","dateModified":"2021-08-05T19:10:05+00:00","description":"HERMOSILLO, SONORA.MX. \u2014\u00a0 El gobernador electo, Alfonso Durazo Monta\u00f1o, dio seguimiento a los avances del Plan Integral de Atenci\u00f3n para Cananea, que En Sonora en Equipo publicamos toda la informaci\u00f3n de Sonora, M\u00e9xico y el Mundo de manera oportuna y busca que la libertad de expresi\u00f3n sea real. Visita nuestro medio informativo publicado desde Hermosillo, Sonora. %","breadcrumb":{"@id":"https:\/\/www.sonoraenequipo.com.mx\/se-atendera-la-deuda-historica-con-el-pueblo-de-cananea-alfonso-durazo\/#breadcrumb"},"inLanguage":"es","potentialAction":[{"@type":"ReadAction","target":["https:\/\/www.sonoraenequipo.com.mx\/se-atendera-la-deuda-historica-con-el-pueblo-de-cananea-alfonso-durazo\/"]}]},{"@type":"ImageObject","inLanguage":"es","@id":"https:\/\/www.sonoraenequipo.com.mx\/se-atendera-la-deuda-historica-con-el-pueblo-de-cananea-alfonso-durazo\/#primaryimage","url":"https:\/\/www.sonoraenequipo.com.mx\/storage\/2021\/08\/alfonso-durazo-Moreno_opt.jpg","contentUrl":"https:\/\/www.sonoraenequipo.com.mx\/storage\/2021\/08\/alfonso-durazo-Moreno_opt.jpg","width":700,"height":400},{"@type":"BreadcrumbList","@id":"https:\/\/www.sonoraenequipo.com.mx\/se-atendera-la-deuda-historica-con-el-pueblo-de-cananea-alfonso-durazo\/#breadcrumb","itemListElement":[{"@type":"ListItem","position":1,"name":"Portada","item":"https:\/\/www.sonoraenequipo.com.mx\/"},{"@type":"ListItem","position":2,"name":"Se atender\u00e1 la deuda hist\u00f3rica con el pueblo de Cananea: Alfonso Durazo"}]},{"@type":"WebSite","@id":"https:\/\/www.sonoraenequipo.com.mx\/#website","url":"https:\/\/www.sonoraenequipo.com.mx\/","name":"Sonora en Equipo.","description":"Diario en l\u00ednea con Noticias desde Hermosillo, Sonora","publisher":{"@id":"https:\/\/www.sonoraenequipo.com.mx\/#organization"},"potentialAction":[{"@type":"SearchAction","target":{"@type":"EntryPoint","urlTemplate":"https:\/\/www.sonoraenequipo.com.mx\/?s={search_term_string}"},"query-input":{"@type":"PropertyValueSpecification","valueRequired":true,"valueName":"search_term_string"}}],"inLanguage":"es"},{"@type":"Organization","@id":"https:\/\/www.sonoraenequipo.com.mx\/#organization","name":"Sonoraenequipo.com.mx","url":"https:\/\/www.sonoraenequipo.com.mx\/","logo":{"@type":"ImageObject","inLanguage":"es","@id":"https:\/\/www.sonoraenequipo.com.mx\/#\/schema\/logo\/image\/","url":"https:\/\/www.sonoraenequipo.com.mx\/storage\/2019\/01\/sonoraenequipo_opt.png","contentUrl":"https:\/\/www.sonoraenequipo.com.mx\/storage\/2019\/01\/sonoraenequipo_opt.png","width":375,"height":125,"caption":"Sonoraenequipo.com.mx"},"image":{"@id":"https:\/\/www.sonoraenequipo.com.mx\/#\/schema\/logo\/image\/"},"sameAs":["https:\/\/www.facebook.com\/SonoraEE\/","https:\/\/x.com\/sonoraenequipo","https:\/\/www.youtube.com\/channel\/UC338nW-lPEYmJQs4ZABQ1SQ"]},{"@type":"Person","@id":"https:\/\/www.sonoraenequipo.com.mx\/#\/schema\/person\/50102df0fb23a8fa9e8effad8fa81386","name":"enequipo","image":{"@type":"ImageObject","inLanguage":"es","@id":"https:\/\/www.sonoraenequipo.com.mx\/#\/schema\/person\/image\/","url":"https:\/\/secure.gravatar.com\/avatar\/049821681b589dabc0bc20695993ccebb09f5b5d4d790cd9251b97faac7c652b?s=96&d=blank&r=g","contentUrl":"https:\/\/secure.gravatar.com\/avatar\/049821681b589dabc0bc20695993ccebb09f5b5d4d790cd9251b97faac7c652b?s=96&d=blank&r=g","caption":"enequipo"},"sameAs":["https:\/\/www.facebook.com\/SonoraEE"]}]}},"jetpack_featured_media_url":"https:\/\/www.sonoraenequipo.com.mx\/storage\/2021\/08\/alfonso-durazo-Moreno_opt.jpg","_links":{"self":[{"href":"https:\/\/www.sonoraenequipo.com.mx\/api\/wp\/v2\/posts\/119842","targetHints":{"allow":["GET"]}}],"collection":[{"href":"https:\/\/www.sonoraenequipo.com.mx\/api\/wp\/v2\/posts"}],"about":[{"href":"https:\/\/www.sonoraenequipo.com.mx\/api\/wp\/v2\/types\/post"}],"author":[{"embeddable":true,"href":"https:\/\/www.sonoraenequipo.com.mx\/api\/wp\/v2\/users\/1"}],"replies":[{"embeddable":true,"href":"https:\/\/www.sonoraenequipo.com.mx\/api\/wp\/v2\/comments?post=119842"}],"version-history":[{"count":1,"href":"https:\/\/www.sonoraenequipo.com.mx\/api\/wp\/v2\/posts\/119842\/revisions"}],"predecessor-version":[{"id":119845,"href":"https:\/\/www.sonoraenequipo.com.mx\/api\/wp\/v2\/posts\/119842\/revisions\/119845"}],"wp:featuredmedia":[{"embeddable":true,"href":"https:\/\/www.sonoraenequipo.com.mx\/api\/wp\/v2\/media\/119844"}],"wp:attachment":[{"href":"https:\/\/www.sonoraenequipo.com.mx\/api\/wp\/v2\/media?parent=119842"}],"wp:term":[{"taxonomy":"category","embeddable":true,"href":"https:\/\/www.sonoraenequipo.com.mx\/api\/wp\/v2\/categories?post=119842"},{"taxonomy":"post_tag","embeddable":true,"href":"https:\/\/www.sonoraenequipo.com.mx\/api\/wp\/v2\/tags?post=119842"}],"curies":[{"name":"wp","href":"https:\/\/api.w.org\/{rel}","templated":true}]}}