{"id":119856,"date":"2021-08-05T13:45:01","date_gmt":"2021-08-05T20:45:01","guid":{"rendered":"https:\/\/www.sonoraenequipo.com.mx\/?p=119856"},"modified":"2021-08-05T16:16:26","modified_gmt":"2021-08-05T23:16:26","slug":"dan-75-anos-a-sujeto-por-asesinar-a-sus-dos-companeros-de-caceria","status":"publish","type":"post","link":"https:\/\/www.sonoraenequipo.com.mx\/dan-75-anos-a-sujeto-por-asesinar-a-sus-dos-companeros-de-caceria\/","title":{"rendered":"Dan 75 a\u00f1os a sujeto por asesinar a sus dos compa\u00f1eros de cacer\u00eda"},"content":{"rendered":"<p>\u00cdMURIS, SONORA,MX.\u2500\u2500 Tras demostrar en Juicio Oral que Jes\u00fas Everardo priv\u00f3 de la vida a dos personas, al dispararles a ambos por la espalda, la Fiscal\u00eda General de Justicia del Estado de Sonora (FGJE) obtuvo 75 a\u00f1os de c\u00e1rcel por el delito de homicidio calificado en n\u00famero de dos.<\/p>\n<p>&nbsp;<\/p>\n<p>Luego de valorar las pruebas expuestas por personal de Litigaci\u00f3n de la Vicefiscal\u00eda de Control de Procesos, de la FGJE Sonora, el Juez sentenci\u00f3 de manera condenatoria a Jes\u00fas Everardo \u201cN.\u201d, de 32 a\u00f1os de edad.<\/p>\n<p>&nbsp;<\/p>\n<p>A trav\u00e9s de pruebas cient\u00edficas, como Criminal\u00edstica de Campo, Bal\u00edstica Forense y otras disciplinas, se demostr\u00f3 que Jes\u00fas Everardo \u201cN.\u201d priv\u00f3 de la vida a Norberto, de 34 a\u00f1os, y a Santos, de 42, el 8 de diciembre de 2018.<\/p>\n<p>&nbsp;<\/p>\n<p>Testimoniales, y diversas probanzas, establecieron que el ahora sentenciado iba en compa\u00f1\u00eda de las v\u00edctimas en un predio al despoblado ubicado en el cerro Las Antenas, ubicado al Suroeste de \u00cdmuris, ya que salieron de cacer\u00eda.<\/p>\n<p>&nbsp;<\/p>\n<p>En un momento dado, el hoy sentenciado aprovech\u00f3 que ambas personas le dieron la espalda y fue cuando de manera directa y dolosa accion\u00f3 en repetidas ocasiones un arma larga de fuego R-15, conocida como \u201ccuerno de chivo\u201d, provoc\u00e1ndoles diversas lesiones.<\/p>\n<p>&nbsp;<\/p>\n<p>Ambos perdieron la vida en el lugar, fueron encontrados un d\u00eda despu\u00e9s a siete kil\u00f3metros de la Carretera Internacional que conduce a Cucurpe, por lo que Jes\u00fas Everardo \u201cN.\u201d permaneci\u00f3 pr\u00f3fugo despu\u00e9s de la agresi\u00f3n.<\/p>\n<p>&nbsp;<\/p>\n<p>Personal de la Trilog\u00eda Investigadora, de la FGJE Sonora, inici\u00f3 las indagatorias correspondientes, recab\u00f3 diversos datos de pruebas y testimoniales, para establecer la responsabilidad del sujeto, quien se estuvo moviendo por varias localidades, para evadir la acci\u00f3n de la justicia.<\/p>\n<p>&nbsp;<\/p>\n<p>Agentes AMIC lo ubicaron en San Luis R\u00edo Colorado el 23 de abril de 2020, por lo que fue trasladado ante el Juez a Magdalena para que respondiera por el delito de homicidio calificado en n\u00famero de dos, en agravio de Norberto y Santos.<\/p>\n<p>&nbsp;<\/p>\n<p>Hasta el momento el sujeto se reserv\u00f3 el derecho de dar a conocer los motivos del ataque, el cual aprovech\u00f3 cuando ambos perjudicados le demostraron la confianza de salir juntos de cacer\u00eda.<\/p>\n<p>&nbsp;<\/p>\n<p>Inicialmente qued\u00f3 vinculado a proceso y en prisi\u00f3n preventiva, que deriv\u00f3 en el Juicio Oral donde la Unidad de Litigaci\u00f3n de la Fiscal\u00eda General de Justicia del Estado de Sonora logr\u00f3, tras debatir, argumentar y fundamentar, que el Juez diera una sanci\u00f3n de 75 a\u00f1os de prisi\u00f3n para Jes\u00fas Everardo \u201cN.\u201d.<\/p>\n<p>Fecha de Publicaci\u00f3n\u00a0 mi\u00e9rcoles\u00a0 \/ 04\u00a0\u00a0 \/ agosto \/ 2021<\/p>\n","protected":false},"excerpt":{"rendered":"<p>\u00cdMURIS, SONORA,MX.\u2500\u2500 Tras demostrar en Juicio Oral que Jes\u00fas Everardo priv\u00f3 de la vida a&#8230;<\/p>\n","protected":false},"author":1,"featured_media":119857,"comment_status":"open","ping_status":"open","sticky":false,"template":"","format":"standard","meta":{"_monsterinsights_skip_tracking":false,"_monsterinsights_sitenote_active":false,"_monsterinsights_sitenote_note":"","_monsterinsights_sitenote_category":0,"footnotes":""},"categories":[3144],"tags":[299,15],"class_list":["post"],"yoast_head":" \n<title>Sonora en Equipo. Dan 75 a\u00f1os a sujeto por asesinar a sus dos compa\u00f1eros de cacer\u00eda<\/title>\n<meta name=\"description\" content=\"\u00cdMURIS, SONORA,MX.\u2500\u2500 Tras demostrar en Juicio Oral que Jes\u00fas Everardo priv\u00f3 de la vida a dos personas, al dispararles a ambos por la espalda, la Fiscal\u00eda En Sonora en Equipo publicamos toda la informaci\u00f3n de Sonora, M\u00e9xico y el Mundo de manera oportuna y busca que la libertad de expresi\u00f3n sea real. Visita nuestro medio informativo publicado desde Hermosillo, Sonora. %\" \/>\n<meta name=\"robots\" content=\"index, follow, max-snippet:-1, max-image-preview:large, max-video-preview:-1\" \/>\n<link rel=\"canonical\" href=\"https:\/\/www.sonoraenequipo.com.mx\/dan-75-anos-a-sujeto-por-asesinar-a-sus-dos-companeros-de-caceria\/\" \/>\n<meta property=\"og:locale\" content=\"es_ES\" \/>\n<meta property=\"og:type\" content=\"article\" \/>\n<meta property=\"og:title\" content=\"Sonora en Equipo. Dan 75 a\u00f1os a sujeto por asesinar a sus dos compa\u00f1eros de cacer\u00eda\" \/>\n<meta property=\"og:description\" content=\"\u00cdMURIS, SONORA,MX.\u2500\u2500 Tras demostrar en Juicio Oral que Jes\u00fas Everardo priv\u00f3 de la vida a dos personas, al dispararles a ambos por la espalda, la Fiscal\u00eda En Sonora en Equipo publicamos toda la informaci\u00f3n de Sonora, M\u00e9xico y el Mundo de manera oportuna y busca que la libertad de expresi\u00f3n sea real. Visita nuestro medio informativo publicado desde Hermosillo, Sonora. %\" \/>\n<meta property=\"og:url\" content=\"https:\/\/www.sonoraenequipo.com.mx\/dan-75-anos-a-sujeto-por-asesinar-a-sus-dos-companeros-de-caceria\/\" \/>\n<meta property=\"og:site_name\" content=\"Sonora en Equipo.\" \/>\n<meta property=\"article:publisher\" content=\"https:\/\/www.facebook.com\/SonoraEE\/\" \/>\n<meta property=\"article:author\" content=\"https:\/\/www.facebook.com\/SonoraEE\" \/>\n<meta property=\"article:published_time\" content=\"2021-08-05T20:45:01+00:00\" \/>\n<meta property=\"article:modified_time\" content=\"2021-08-05T23:16:26+00:00\" \/>\n<meta property=\"og:image\" content=\"https:\/\/www.sonoraenequipo.com.mx\/storage\/2021\/08\/ak47.jpg\" \/>\n\t<meta property=\"og:image:width\" content=\"700\" \/>\n\t<meta property=\"og:image:height\" content=\"400\" \/>\n\t<meta property=\"og:image:type\" content=\"image\/jpeg\" \/>\n<meta name=\"author\" content=\"enequipo\" \/>\n<meta name=\"twitter:card\" content=\"summary_large_image\" \/>\n<meta name=\"twitter:creator\" content=\"@sonoraenequipo\" \/>\n<meta name=\"twitter:site\" content=\"@sonoraenequipo\" \/>\n<meta name=\"twitter:label1\" content=\"Escrito por\" \/>\n\t<meta name=\"twitter:data1\" content=\"enequipo\" \/>\n\t<meta name=\"twitter:label2\" content=\"Tiempo de lectura\" \/>\n\t<meta name=\"twitter:data2\" content=\"2 minutos\" \/>\n<script type=\"application\/ld+json\" class=\"yoast-schema-graph\">{\"@context\":\"https:\/\/schema.org\",\"@graph\":[{\"@type\":\"Article\",\"@id\":\"https:\/\/www.sonoraenequipo.com.mx\/dan-75-anos-a-sujeto-por-asesinar-a-sus-dos-companeros-de-caceria\/#article\",\"isPartOf\":{\"@id\":\"https:\/\/www.sonoraenequipo.com.mx\/dan-75-anos-a-sujeto-por-asesinar-a-sus-dos-companeros-de-caceria\/\"},\"author\":{\"name\":\"enequipo\",\"@id\":\"https:\/\/www.sonoraenequipo.com.mx\/#\/schema\/person\/50102df0fb23a8fa9e8effad8fa81386\"},\"headline\":\"Dan 75 a\u00f1os a sujeto por asesinar a sus dos compa\u00f1eros de cacer\u00eda\",\"datePublished\":\"2021-08-05T20:45:01+00:00\",\"dateModified\":\"2021-08-05T23:16:26+00:00\",\"mainEntityOfPage\":{\"@id\":\"https:\/\/www.sonoraenequipo.com.mx\/dan-75-anos-a-sujeto-por-asesinar-a-sus-dos-companeros-de-caceria\/\"},\"wordCount\":465,\"commentCount\":0,\"publisher\":{\"@id\":\"https:\/\/www.sonoraenequipo.com.mx\/#organization\"},\"image\":{\"@id\":\"https:\/\/www.sonoraenequipo.com.mx\/dan-75-anos-a-sujeto-por-asesinar-a-sus-dos-companeros-de-caceria\/#primaryimage\"},\"thumbnailUrl\":\"https:\/\/www.sonoraenequipo.com.mx\/storage\/2021\/08\/ak47.jpg\",\"keywords\":[\"inseguridad\",\"Sonora\"],\"articleSection\":[\"Polic\u00edaca\"],\"inLanguage\":\"es\",\"potentialAction\":[{\"@type\":\"CommentAction\",\"name\":\"Comment\",\"target\":[\"https:\/\/www.sonoraenequipo.com.mx\/dan-75-anos-a-sujeto-por-asesinar-a-sus-dos-companeros-de-caceria\/#respond\"]}]},{\"@type\":\"WebPage\",\"@id\":\"https:\/\/www.sonoraenequipo.com.mx\/dan-75-anos-a-sujeto-por-asesinar-a-sus-dos-companeros-de-caceria\/\",\"url\":\"https:\/\/www.sonoraenequipo.com.mx\/dan-75-anos-a-sujeto-por-asesinar-a-sus-dos-companeros-de-caceria\/\",\"name\":\"Sonora en Equipo. Dan 75 a\u00f1os a sujeto por asesinar a sus dos compa\u00f1eros de cacer\u00eda\",\"isPartOf\":{\"@id\":\"https:\/\/www.sonoraenequipo.com.mx\/#website\"},\"primaryImageOfPage\":{\"@id\":\"https:\/\/www.sonoraenequipo.com.mx\/dan-75-anos-a-sujeto-por-asesinar-a-sus-dos-companeros-de-caceria\/#primaryimage\"},\"image\":{\"@id\":\"https:\/\/www.sonoraenequipo.com.mx\/dan-75-anos-a-sujeto-por-asesinar-a-sus-dos-companeros-de-caceria\/#primaryimage\"},\"thumbnailUrl\":\"https:\/\/www.sonoraenequipo.com.mx\/storage\/2021\/08\/ak47.jpg\",\"datePublished\":\"2021-08-05T20:45:01+00:00\",\"dateModified\":\"2021-08-05T23:16:26+00:00\",\"description\":\"\u00cdMURIS, SONORA,MX.\u2500\u2500 Tras demostrar en Juicio Oral que Jes\u00fas Everardo priv\u00f3 de la vida a dos personas, al dispararles a ambos por la espalda, la Fiscal\u00eda En Sonora en Equipo publicamos toda la informaci\u00f3n de Sonora, M\u00e9xico y el Mundo de manera oportuna y busca que la libertad de expresi\u00f3n sea real. Visita nuestro medio informativo publicado desde Hermosillo, Sonora. %\",\"breadcrumb\":{\"@id\":\"https:\/\/www.sonoraenequipo.com.mx\/dan-75-anos-a-sujeto-por-asesinar-a-sus-dos-companeros-de-caceria\/#breadcrumb\"},\"inLanguage\":\"es\",\"potentialAction\":[{\"@type\":\"ReadAction\",\"target\":[\"https:\/\/www.sonoraenequipo.com.mx\/dan-75-anos-a-sujeto-por-asesinar-a-sus-dos-companeros-de-caceria\/\"]}]},{\"@type\":\"ImageObject\",\"inLanguage\":\"es\",\"@id\":\"https:\/\/www.sonoraenequipo.com.mx\/dan-75-anos-a-sujeto-por-asesinar-a-sus-dos-companeros-de-caceria\/#primaryimage\",\"url\":\"https:\/\/www.sonoraenequipo.com.mx\/storage\/2021\/08\/ak47.jpg\",\"contentUrl\":\"https:\/\/www.sonoraenequipo.com.mx\/storage\/2021\/08\/ak47.jpg\",\"width\":700,\"height\":400,\"caption\":\"imagen para ilustrar\"},{\"@type\":\"BreadcrumbList\",\"@id\":\"https:\/\/www.sonoraenequipo.com.mx\/dan-75-anos-a-sujeto-por-asesinar-a-sus-dos-companeros-de-caceria\/#breadcrumb\",\"itemListElement\":[{\"@type\":\"ListItem\",\"position\":1,\"name\":\"Portada\",\"item\":\"https:\/\/www.sonoraenequipo.com.mx\/\"},{\"@type\":\"ListItem\",\"position\":2,\"name\":\"Dan 75 a\u00f1os a sujeto por asesinar a sus dos compa\u00f1eros de cacer\u00eda\"}]},{\"@type\":\"WebSite\",\"@id\":\"https:\/\/www.sonoraenequipo.com.mx\/#website\",\"url\":\"https:\/\/www.sonoraenequipo.com.mx\/\",\"name\":\"Sonora en Equipo.\",\"description\":\"Diario en l\u00ednea con Noticias desde Hermosillo, Sonora\",\"publisher\":{\"@id\":\"https:\/\/www.sonoraenequipo.com.mx\/#organization\"},\"potentialAction\":[{\"@type\":\"SearchAction\",\"target\":{\"@type\":\"EntryPoint\",\"urlTemplate\":\"https:\/\/www.sonoraenequipo.com.mx\/?s={search_term_string}\"},\"query-input\":{\"@type\":\"PropertyValueSpecification\",\"valueRequired\":true,\"valueName\":\"search_term_string\"}}],\"inLanguage\":\"es\"},{\"@type\":\"Organization\",\"@id\":\"https:\/\/www.sonoraenequipo.com.mx\/#organization\",\"name\":\"Sonoraenequipo.com.mx\",\"url\":\"https:\/\/www.sonoraenequipo.com.mx\/\",\"logo\":{\"@type\":\"ImageObject\",\"inLanguage\":\"es\",\"@id\":\"https:\/\/www.sonoraenequipo.com.mx\/#\/schema\/logo\/image\/\",\"url\":\"https:\/\/www.sonoraenequipo.com.mx\/storage\/2019\/01\/sonoraenequipo_opt.png\",\"contentUrl\":\"https:\/\/www.sonoraenequipo.com.mx\/storage\/2019\/01\/sonoraenequipo_opt.png\",\"width\":375,\"height\":125,\"caption\":\"Sonoraenequipo.com.mx\"},\"image\":{\"@id\":\"https:\/\/www.sonoraenequipo.com.mx\/#\/schema\/logo\/image\/\"},\"sameAs\":[\"https:\/\/www.facebook.com\/SonoraEE\/\",\"https:\/\/x.com\/sonoraenequipo\",\"https:\/\/www.youtube.com\/channel\/UC338nW-lPEYmJQs4ZABQ1SQ\"]},{\"@type\":\"Person\",\"@id\":\"https:\/\/www.sonoraenequipo.com.mx\/#\/schema\/person\/50102df0fb23a8fa9e8effad8fa81386\",\"name\":\"enequipo\",\"image\":{\"@type\":\"ImageObject\",\"inLanguage\":\"es\",\"@id\":\"https:\/\/www.sonoraenequipo.com.mx\/#\/schema\/person\/image\/\",\"url\":\"https:\/\/secure.gravatar.com\/avatar\/049821681b589dabc0bc20695993ccebb09f5b5d4d790cd9251b97faac7c652b?s=96&d=blank&r=g\",\"contentUrl\":\"https:\/\/secure.gravatar.com\/avatar\/049821681b589dabc0bc20695993ccebb09f5b5d4d790cd9251b97faac7c652b?s=96&d=blank&r=g\",\"caption\":\"enequipo\"},\"sameAs\":[\"https:\/\/www.facebook.com\/SonoraEE\"]}]}<\/script>\n ","yoast_head_json":{"title":"Sonora en Equipo. Dan 75 a\u00f1os a sujeto por asesinar a sus dos compa\u00f1eros de cacer\u00eda","description":"\u00cdMURIS, SONORA,MX.\u2500\u2500 Tras demostrar en Juicio Oral que Jes\u00fas Everardo priv\u00f3 de la vida a dos personas, al dispararles a ambos por la espalda, la Fiscal\u00eda En Sonora en Equipo publicamos toda la informaci\u00f3n de Sonora, M\u00e9xico y el Mundo de manera oportuna y busca que la libertad de expresi\u00f3n sea real. Visita nuestro medio informativo publicado desde Hermosillo, Sonora. %","robots":{"index":"index","follow":"follow","max-snippet":"max-snippet:-1","max-image-preview":"max-image-preview:large","max-video-preview":"max-video-preview:-1"},"canonical":"https:\/\/www.sonoraenequipo.com.mx\/dan-75-anos-a-sujeto-por-asesinar-a-sus-dos-companeros-de-caceria\/","og_locale":"es_ES","og_type":"article","og_title":"Sonora en Equipo. Dan 75 a\u00f1os a sujeto por asesinar a sus dos compa\u00f1eros de cacer\u00eda","og_description":"\u00cdMURIS, SONORA,MX.\u2500\u2500 Tras demostrar en Juicio Oral que Jes\u00fas Everardo priv\u00f3 de la vida a dos personas, al dispararles a ambos por la espalda, la Fiscal\u00eda En Sonora en Equipo publicamos toda la informaci\u00f3n de Sonora, M\u00e9xico y el Mundo de manera oportuna y busca que la libertad de expresi\u00f3n sea real. Visita nuestro medio informativo publicado desde Hermosillo, Sonora. %","og_url":"https:\/\/www.sonoraenequipo.com.mx\/dan-75-anos-a-sujeto-por-asesinar-a-sus-dos-companeros-de-caceria\/","og_site_name":"Sonora en Equipo.","article_publisher":"https:\/\/www.facebook.com\/SonoraEE\/","article_author":"https:\/\/www.facebook.com\/SonoraEE","article_published_time":"2021-08-05T20:45:01+00:00","article_modified_time":"2021-08-05T23:16:26+00:00","og_image":[{"width":700,"height":400,"url":"https:\/\/www.sonoraenequipo.com.mx\/storage\/2021\/08\/ak47.jpg","type":"image\/jpeg"}],"author":"enequipo","twitter_card":"summary_large_image","twitter_creator":"@sonoraenequipo","twitter_site":"@sonoraenequipo","twitter_misc":{"Escrito por":"enequipo","Tiempo de lectura":"2 minutos"},"schema":{"@context":"https:\/\/schema.org","@graph":[{"@type":"Article","@id":"https:\/\/www.sonoraenequipo.com.mx\/dan-75-anos-a-sujeto-por-asesinar-a-sus-dos-companeros-de-caceria\/#article","isPartOf":{"@id":"https:\/\/www.sonoraenequipo.com.mx\/dan-75-anos-a-sujeto-por-asesinar-a-sus-dos-companeros-de-caceria\/"},"author":{"name":"enequipo","@id":"https:\/\/www.sonoraenequipo.com.mx\/#\/schema\/person\/50102df0fb23a8fa9e8effad8fa81386"},"headline":"Dan 75 a\u00f1os a sujeto por asesinar a sus dos compa\u00f1eros de cacer\u00eda","datePublished":"2021-08-05T20:45:01+00:00","dateModified":"2021-08-05T23:16:26+00:00","mainEntityOfPage":{"@id":"https:\/\/www.sonoraenequipo.com.mx\/dan-75-anos-a-sujeto-por-asesinar-a-sus-dos-companeros-de-caceria\/"},"wordCount":465,"commentCount":0,"publisher":{"@id":"https:\/\/www.sonoraenequipo.com.mx\/#organization"},"image":{"@id":"https:\/\/www.sonoraenequipo.com.mx\/dan-75-anos-a-sujeto-por-asesinar-a-sus-dos-companeros-de-caceria\/#primaryimage"},"thumbnailUrl":"https:\/\/www.sonoraenequipo.com.mx\/storage\/2021\/08\/ak47.jpg","keywords":["inseguridad","Sonora"],"articleSection":["Polic\u00edaca"],"inLanguage":"es","potentialAction":[{"@type":"CommentAction","name":"Comment","target":["https:\/\/www.sonoraenequipo.com.mx\/dan-75-anos-a-sujeto-por-asesinar-a-sus-dos-companeros-de-caceria\/#respond"]}]},{"@type":"WebPage","@id":"https:\/\/www.sonoraenequipo.com.mx\/dan-75-anos-a-sujeto-por-asesinar-a-sus-dos-companeros-de-caceria\/","url":"https:\/\/www.sonoraenequipo.com.mx\/dan-75-anos-a-sujeto-por-asesinar-a-sus-dos-companeros-de-caceria\/","name":"Sonora en Equipo. Dan 75 a\u00f1os a sujeto por asesinar a sus dos compa\u00f1eros de cacer\u00eda","isPartOf":{"@id":"https:\/\/www.sonoraenequipo.com.mx\/#website"},"primaryImageOfPage":{"@id":"https:\/\/www.sonoraenequipo.com.mx\/dan-75-anos-a-sujeto-por-asesinar-a-sus-dos-companeros-de-caceria\/#primaryimage"},"image":{"@id":"https:\/\/www.sonoraenequipo.com.mx\/dan-75-anos-a-sujeto-por-asesinar-a-sus-dos-companeros-de-caceria\/#primaryimage"},"thumbnailUrl":"https:\/\/www.sonoraenequipo.com.mx\/storage\/2021\/08\/ak47.jpg","datePublished":"2021-08-05T20:45:01+00:00","dateModified":"2021-08-05T23:16:26+00:00","description":"\u00cdMURIS, SONORA,MX.\u2500\u2500 Tras demostrar en Juicio Oral que Jes\u00fas Everardo priv\u00f3 de la vida a dos personas, al dispararles a ambos por la espalda, la Fiscal\u00eda En Sonora en Equipo publicamos toda la informaci\u00f3n de Sonora, M\u00e9xico y el Mundo de manera oportuna y busca que la libertad de expresi\u00f3n sea real. Visita nuestro medio informativo publicado desde Hermosillo, Sonora. %","breadcrumb":{"@id":"https:\/\/www.sonoraenequipo.com.mx\/dan-75-anos-a-sujeto-por-asesinar-a-sus-dos-companeros-de-caceria\/#breadcrumb"},"inLanguage":"es","potentialAction":[{"@type":"ReadAction","target":["https:\/\/www.sonoraenequipo.com.mx\/dan-75-anos-a-sujeto-por-asesinar-a-sus-dos-companeros-de-caceria\/"]}]},{"@type":"ImageObject","inLanguage":"es","@id":"https:\/\/www.sonoraenequipo.com.mx\/dan-75-anos-a-sujeto-por-asesinar-a-sus-dos-companeros-de-caceria\/#primaryimage","url":"https:\/\/www.sonoraenequipo.com.mx\/storage\/2021\/08\/ak47.jpg","contentUrl":"https:\/\/www.sonoraenequipo.com.mx\/storage\/2021\/08\/ak47.jpg","width":700,"height":400,"caption":"imagen para ilustrar"},{"@type":"BreadcrumbList","@id":"https:\/\/www.sonoraenequipo.com.mx\/dan-75-anos-a-sujeto-por-asesinar-a-sus-dos-companeros-de-caceria\/#breadcrumb","itemListElement":[{"@type":"ListItem","position":1,"name":"Portada","item":"https:\/\/www.sonoraenequipo.com.mx\/"},{"@type":"ListItem","position":2,"name":"Dan 75 a\u00f1os a sujeto por asesinar a sus dos compa\u00f1eros de cacer\u00eda"}]},{"@type":"WebSite","@id":"https:\/\/www.sonoraenequipo.com.mx\/#website","url":"https:\/\/www.sonoraenequipo.com.mx\/","name":"Sonora en Equipo.","description":"Diario en l\u00ednea con Noticias desde Hermosillo, Sonora","publisher":{"@id":"https:\/\/www.sonoraenequipo.com.mx\/#organization"},"potentialAction":[{"@type":"SearchAction","target":{"@type":"EntryPoint","urlTemplate":"https:\/\/www.sonoraenequipo.com.mx\/?s={search_term_string}"},"query-input":{"@type":"PropertyValueSpecification","valueRequired":true,"valueName":"search_term_string"}}],"inLanguage":"es"},{"@type":"Organization","@id":"https:\/\/www.sonoraenequipo.com.mx\/#organization","name":"Sonoraenequipo.com.mx","url":"https:\/\/www.sonoraenequipo.com.mx\/","logo":{"@type":"ImageObject","inLanguage":"es","@id":"https:\/\/www.sonoraenequipo.com.mx\/#\/schema\/logo\/image\/","url":"https:\/\/www.sonoraenequipo.com.mx\/storage\/2019\/01\/sonoraenequipo_opt.png","contentUrl":"https:\/\/www.sonoraenequipo.com.mx\/storage\/2019\/01\/sonoraenequipo_opt.png","width":375,"height":125,"caption":"Sonoraenequipo.com.mx"},"image":{"@id":"https:\/\/www.sonoraenequipo.com.mx\/#\/schema\/logo\/image\/"},"sameAs":["https:\/\/www.facebook.com\/SonoraEE\/","https:\/\/x.com\/sonoraenequipo","https:\/\/www.youtube.com\/channel\/UC338nW-lPEYmJQs4ZABQ1SQ"]},{"@type":"Person","@id":"https:\/\/www.sonoraenequipo.com.mx\/#\/schema\/person\/50102df0fb23a8fa9e8effad8fa81386","name":"enequipo","image":{"@type":"ImageObject","inLanguage":"es","@id":"https:\/\/www.sonoraenequipo.com.mx\/#\/schema\/person\/image\/","url":"https:\/\/secure.gravatar.com\/avatar\/049821681b589dabc0bc20695993ccebb09f5b5d4d790cd9251b97faac7c652b?s=96&d=blank&r=g","contentUrl":"https:\/\/secure.gravatar.com\/avatar\/049821681b589dabc0bc20695993ccebb09f5b5d4d790cd9251b97faac7c652b?s=96&d=blank&r=g","caption":"enequipo"},"sameAs":["https:\/\/www.facebook.com\/SonoraEE"]}]}},"jetpack_featured_media_url":"https:\/\/www.sonoraenequipo.com.mx\/storage\/2021\/08\/ak47.jpg","_links":{"self":[{"href":"https:\/\/www.sonoraenequipo.com.mx\/api\/wp\/v2\/posts\/119856","targetHints":{"allow":["GET"]}}],"collection":[{"href":"https:\/\/www.sonoraenequipo.com.mx\/api\/wp\/v2\/posts"}],"about":[{"href":"https:\/\/www.sonoraenequipo.com.mx\/api\/wp\/v2\/types\/post"}],"author":[{"embeddable":true,"href":"https:\/\/www.sonoraenequipo.com.mx\/api\/wp\/v2\/users\/1"}],"replies":[{"embeddable":true,"href":"https:\/\/www.sonoraenequipo.com.mx\/api\/wp\/v2\/comments?post=119856"}],"version-history":[{"count":1,"href":"https:\/\/www.sonoraenequipo.com.mx\/api\/wp\/v2\/posts\/119856\/revisions"}],"predecessor-version":[{"id":119863,"href":"https:\/\/www.sonoraenequipo.com.mx\/api\/wp\/v2\/posts\/119856\/revisions\/119863"}],"wp:featuredmedia":[{"embeddable":true,"href":"https:\/\/www.sonoraenequipo.com.mx\/api\/wp\/v2\/media\/119857"}],"wp:attachment":[{"href":"https:\/\/www.sonoraenequipo.com.mx\/api\/wp\/v2\/media?parent=119856"}],"wp:term":[{"taxonomy":"category","embeddable":true,"href":"https:\/\/www.sonoraenequipo.com.mx\/api\/wp\/v2\/categories?post=119856"},{"taxonomy":"post_tag","embeddable":true,"href":"https:\/\/www.sonoraenequipo.com.mx\/api\/wp\/v2\/tags?post=119856"}],"curies":[{"name":"wp","href":"https:\/\/api.w.org\/{rel}","templated":true}]}}