{"id":119861,"date":"2021-08-05T16:08:22","date_gmt":"2021-08-05T23:08:22","guid":{"rendered":"https:\/\/www.sonoraenequipo.com.mx\/?p=119861"},"modified":"2021-08-05T16:09:44","modified_gmt":"2021-08-05T23:09:44","slug":"inah-sonora-ofrecera-conferencia-sobre-las-momias-de-sonora","status":"publish","type":"post","link":"https:\/\/www.sonoraenequipo.com.mx\/inah-sonora-ofrecera-conferencia-sobre-las-momias-de-sonora\/","title":{"rendered":"INAH Sonora ofrecer\u00e1  conferencia sobre las momias de Sonora"},"content":{"rendered":"<ul>\n<li>Una experiencia virtual durante la tomograf\u00eda de algunas momias de Sonora<\/li>\n<\/ul>\n<p>HERMOSILLO, SONORA,MX.\u2500\u2500 El Instituto Nacional de Antropolog\u00eda e Historia en Sonora, a trav\u00e9s de su \u00e1rea de investigaci\u00f3n, impartir\u00e1 la conferencia de este mes: \u201cUna experiencia virtual durante la tomograf\u00eda de algunas momias de Sonora\u201d, por el arque\u00f3logo J\u00fapiter Mart\u00ednez Ram\u00edrez, el pr\u00f3ximo viernes 6 de agosto, a las 18 horas de Sonora, v\u00eda zoom y Facebook Live.<\/p>\n<p>&nbsp;<\/p>\n<p>&nbsp;<\/p>\n<p>&nbsp;<\/p>\n<p>Debido a la contingencia de salud actual, se sigue la modalidad de sesiones virtuales de la programaci\u00f3n del quinto ciclo de conferencias CAF\u00c9INAH; la cual, en esta ocasi\u00f3n ha destinado un tema no abordado con anterioridad por los especialistas, que es el uso del tom\u00f3grafo como herramienta de estudio en restos arqueol\u00f3gicos.<\/p>\n<p>&nbsp;<\/p>\n<p>&nbsp;<\/p>\n<p>&nbsp;<\/p>\n<p>El Arqlgo J\u00fapiter Mart\u00ednez Ram\u00edrez inform\u00f3 que \u201cen la \u00faltima d\u00e9cada, durante diversos trabajos de investigaci\u00f3n arqueol\u00f3gica en la Sierra Madre Occidental de Sonora, se han descubierto varios individuos momificados, recuperados junto con ajuares y elementos asociaci\u00f3n a sus diferentes tradiciones y condiciones de vida\u201d.<\/p>\n<p>&nbsp;<\/p>\n<p>&nbsp;<\/p>\n<p>&nbsp;<\/p>\n<p>\u201cDe esta importante colecci\u00f3n arqueol\u00f3gica, se han realizado diversos estudios y trabajos de laboratorio, de los cuales destaca el uso de un tom\u00f3grafo para evitar abrir los fardos (principalmente de petate) con lo que las personas fueron sepultadas. As\u00ed hemos podido analizar y estudiar a estas personas sin afectar su condici\u00f3n original\u201d, agreg\u00f3 el especialista.<\/p>\n<p>&nbsp;<\/p>\n<p>&nbsp;<\/p>\n<p>&nbsp;<\/p>\n<p>Por lo que esta conferencia abordar\u00e1 no s\u00f3lo la experiencia del uso del tom\u00f3grafo, si no de la participaci\u00f3n de todos los especialistas que fueron video grabadas en su momento. Asimismo se mostrar\u00e1, el uso del software resultante de la tomograf\u00eda para explorar una infante recuperada en una casa en acantilado llamada Cueva de Ochoa de la cultura Casas Grandes, registrada como Elemento 17 y denominada \u00abJuanita\u00bb, que est\u00e1 envuelta en un petate, lo cual el p\u00fablico podr\u00e1 experimentar como se van analizando y recuperando informaci\u00f3n de estos fardos cerrados, que representan ser testimonios muy relevantes de la vida de los grupos prehisp\u00e1nicos de la regi\u00f3n Sierra Alta de Sonora.<\/p>\n<p>&nbsp;<\/p>\n<p>&nbsp;<\/p>\n<p>&nbsp;<\/p>\n<p>&nbsp;<\/p>\n<p>&nbsp;<\/p>\n<p>El expositor es profesor-investigador del Centro INAH Sonora, arque\u00f3logo egresado de la Escuela Nacional de Antropolog\u00eda e Historia (ENAH). Tiene m\u00e1s de 25 a\u00f1os trabajando en Sonora, con dos principales l\u00edneas de investigaci\u00f3n: la arqueolog\u00eda hist\u00f3rica, enfocada en misiones del norte del estado y la arqueolog\u00eda de la cultura Casas Grandes en Sonora. Destaca su gusto por la divulgaci\u00f3n y el cine documental, su p\u00e1gina de YouTube es JupiterMR.<\/p>\n<p>&nbsp;<\/p>\n<p>&nbsp;<\/p>\n<p>&nbsp;<\/p>\n<p>&nbsp;<\/p>\n<p>&nbsp;<\/p>\n<p>La conferencia es dirigida a todo p\u00fablico, para compartirles las investigaciones antropol\u00f3gicas, arqueol\u00f3gicas e hist\u00f3ricas, que realizan los diversos especialistas del INAH en Sonora y el conocimiento de su patrimonio cultural, por lo que la invitaci\u00f3n abierta a conectarse a trav\u00e9s de ID zoom: 836 2234 7422 o de Facebook Live: @Antropolog\u00eda e Historia en Sonora.<\/p>\n<p>Fecha de Publicaci\u00f3n\u00a0 jueves\u00a0 \/ 05\u00a0\u00a0 \/ agosto \/ 2021<\/p>\n","protected":false},"excerpt":{"rendered":"<p>Una experiencia virtual durante la tomograf\u00eda de algunas momias de Sonora HERMOSILLO, SONORA,MX.\u2500\u2500 El Instituto&#8230;<\/p>\n","protected":false},"author":1,"featured_media":119862,"comment_status":"open","ping_status":"open","sticky":false,"template":"","format":"standard","meta":{"_monsterinsights_skip_tracking":false,"_monsterinsights_sitenote_active":false,"_monsterinsights_sitenote_note":"","_monsterinsights_sitenote_category":0,"footnotes":""},"categories":[2216],"tags":[5968],"class_list":["post"],"yoast_head":" \n<title>Sonora en Equipo. INAH Sonora ofrecer\u00e1 conferencia sobre las momias de Sonora Ciencia y Tecnolog\u00eda<\/title>\n<meta name=\"description\" content=\"Una experiencia virtual durante la tomograf\u00eda de algunas momias de Sonora HERMOSILLO, SONORA,MX.\u2500\u2500 El Instituto Nacional de Antropolog\u00eda e Historia en En Sonora en Equipo publicamos toda la informaci\u00f3n de Sonora, M\u00e9xico y el Mundo de manera oportuna y busca que la libertad de expresi\u00f3n sea real. Visita nuestro medio informativo publicado desde Hermosillo, Sonora. %\" \/>\n<meta name=\"robots\" content=\"index, follow, max-snippet:-1, max-image-preview:large, max-video-preview:-1\" \/>\n<link rel=\"canonical\" href=\"https:\/\/www.sonoraenequipo.com.mx\/inah-sonora-ofrecera-conferencia-sobre-las-momias-de-sonora\/\" \/>\n<meta property=\"og:locale\" content=\"es_ES\" \/>\n<meta property=\"og:type\" content=\"article\" \/>\n<meta property=\"og:title\" content=\"Sonora en Equipo. INAH Sonora ofrecer\u00e1 conferencia sobre las momias de Sonora Ciencia y Tecnolog\u00eda\" \/>\n<meta property=\"og:description\" content=\"Una experiencia virtual durante la tomograf\u00eda de algunas momias de Sonora HERMOSILLO, SONORA,MX.\u2500\u2500 El Instituto Nacional de Antropolog\u00eda e Historia en En Sonora en Equipo publicamos toda la informaci\u00f3n de Sonora, M\u00e9xico y el Mundo de manera oportuna y busca que la libertad de expresi\u00f3n sea real. Visita nuestro medio informativo publicado desde Hermosillo, Sonora. %\" \/>\n<meta property=\"og:url\" content=\"https:\/\/www.sonoraenequipo.com.mx\/inah-sonora-ofrecera-conferencia-sobre-las-momias-de-sonora\/\" \/>\n<meta property=\"og:site_name\" content=\"Sonora en Equipo.\" \/>\n<meta property=\"article:publisher\" content=\"https:\/\/www.facebook.com\/SonoraEE\/\" \/>\n<meta property=\"article:author\" content=\"https:\/\/www.facebook.com\/SonoraEE\" \/>\n<meta property=\"article:published_time\" content=\"2021-08-05T23:08:22+00:00\" \/>\n<meta property=\"article:modified_time\" content=\"2021-08-05T23:09:44+00:00\" \/>\n<meta property=\"og:image\" content=\"https:\/\/www.sonoraenequipo.com.mx\/storage\/2021\/08\/momias.jpg\" \/>\n\t<meta property=\"og:image:width\" content=\"700\" \/>\n\t<meta property=\"og:image:height\" content=\"400\" \/>\n\t<meta property=\"og:image:type\" content=\"image\/jpeg\" \/>\n<meta name=\"author\" content=\"enequipo\" \/>\n<meta name=\"twitter:card\" content=\"summary_large_image\" \/>\n<meta name=\"twitter:creator\" content=\"@sonoraenequipo\" \/>\n<meta name=\"twitter:site\" content=\"@sonoraenequipo\" \/>\n<meta name=\"twitter:label1\" content=\"Escrito por\" \/>\n\t<meta name=\"twitter:data1\" content=\"enequipo\" \/>\n\t<meta name=\"twitter:label2\" content=\"Tiempo de lectura\" \/>\n\t<meta name=\"twitter:data2\" content=\"3 minutos\" \/>\n<script type=\"application\/ld+json\" class=\"yoast-schema-graph\">{\"@context\":\"https:\/\/schema.org\",\"@graph\":[{\"@type\":\"Article\",\"@id\":\"https:\/\/www.sonoraenequipo.com.mx\/inah-sonora-ofrecera-conferencia-sobre-las-momias-de-sonora\/#article\",\"isPartOf\":{\"@id\":\"https:\/\/www.sonoraenequipo.com.mx\/inah-sonora-ofrecera-conferencia-sobre-las-momias-de-sonora\/\"},\"author\":{\"name\":\"enequipo\",\"@id\":\"https:\/\/www.sonoraenequipo.com.mx\/#\/schema\/person\/50102df0fb23a8fa9e8effad8fa81386\"},\"headline\":\"INAH Sonora ofrecer\u00e1 conferencia sobre las momias de Sonora\",\"datePublished\":\"2021-08-05T23:08:22+00:00\",\"dateModified\":\"2021-08-05T23:09:44+00:00\",\"mainEntityOfPage\":{\"@id\":\"https:\/\/www.sonoraenequipo.com.mx\/inah-sonora-ofrecera-conferencia-sobre-las-momias-de-sonora\/\"},\"wordCount\":540,\"commentCount\":0,\"publisher\":{\"@id\":\"https:\/\/www.sonoraenequipo.com.mx\/#organization\"},\"image\":{\"@id\":\"https:\/\/www.sonoraenequipo.com.mx\/inah-sonora-ofrecera-conferencia-sobre-las-momias-de-sonora\/#primaryimage\"},\"thumbnailUrl\":\"https:\/\/www.sonoraenequipo.com.mx\/storage\/2021\/08\/momias.jpg\",\"keywords\":[\"momias\"],\"articleSection\":[\"Ciencia y Tecnolog\u00eda\"],\"inLanguage\":\"es\",\"potentialAction\":[{\"@type\":\"CommentAction\",\"name\":\"Comment\",\"target\":[\"https:\/\/www.sonoraenequipo.com.mx\/inah-sonora-ofrecera-conferencia-sobre-las-momias-de-sonora\/#respond\"]}]},{\"@type\":\"WebPage\",\"@id\":\"https:\/\/www.sonoraenequipo.com.mx\/inah-sonora-ofrecera-conferencia-sobre-las-momias-de-sonora\/\",\"url\":\"https:\/\/www.sonoraenequipo.com.mx\/inah-sonora-ofrecera-conferencia-sobre-las-momias-de-sonora\/\",\"name\":\"Sonora en Equipo. INAH Sonora ofrecer\u00e1 conferencia sobre las momias de Sonora Ciencia y Tecnolog\u00eda\",\"isPartOf\":{\"@id\":\"https:\/\/www.sonoraenequipo.com.mx\/#website\"},\"primaryImageOfPage\":{\"@id\":\"https:\/\/www.sonoraenequipo.com.mx\/inah-sonora-ofrecera-conferencia-sobre-las-momias-de-sonora\/#primaryimage\"},\"image\":{\"@id\":\"https:\/\/www.sonoraenequipo.com.mx\/inah-sonora-ofrecera-conferencia-sobre-las-momias-de-sonora\/#primaryimage\"},\"thumbnailUrl\":\"https:\/\/www.sonoraenequipo.com.mx\/storage\/2021\/08\/momias.jpg\",\"datePublished\":\"2021-08-05T23:08:22+00:00\",\"dateModified\":\"2021-08-05T23:09:44+00:00\",\"description\":\"Una experiencia virtual durante la tomograf\u00eda de algunas momias de Sonora HERMOSILLO, SONORA,MX.\u2500\u2500 El Instituto Nacional de Antropolog\u00eda e Historia en En Sonora en Equipo publicamos toda la informaci\u00f3n de Sonora, M\u00e9xico y el Mundo de manera oportuna y busca que la libertad de expresi\u00f3n sea real. Visita nuestro medio informativo publicado desde Hermosillo, Sonora. %\",\"breadcrumb\":{\"@id\":\"https:\/\/www.sonoraenequipo.com.mx\/inah-sonora-ofrecera-conferencia-sobre-las-momias-de-sonora\/#breadcrumb\"},\"inLanguage\":\"es\",\"potentialAction\":[{\"@type\":\"ReadAction\",\"target\":[\"https:\/\/www.sonoraenequipo.com.mx\/inah-sonora-ofrecera-conferencia-sobre-las-momias-de-sonora\/\"]}]},{\"@type\":\"ImageObject\",\"inLanguage\":\"es\",\"@id\":\"https:\/\/www.sonoraenequipo.com.mx\/inah-sonora-ofrecera-conferencia-sobre-las-momias-de-sonora\/#primaryimage\",\"url\":\"https:\/\/www.sonoraenequipo.com.mx\/storage\/2021\/08\/momias.jpg\",\"contentUrl\":\"https:\/\/www.sonoraenequipo.com.mx\/storage\/2021\/08\/momias.jpg\",\"width\":700,\"height\":400},{\"@type\":\"BreadcrumbList\",\"@id\":\"https:\/\/www.sonoraenequipo.com.mx\/inah-sonora-ofrecera-conferencia-sobre-las-momias-de-sonora\/#breadcrumb\",\"itemListElement\":[{\"@type\":\"ListItem\",\"position\":1,\"name\":\"Portada\",\"item\":\"https:\/\/www.sonoraenequipo.com.mx\/\"},{\"@type\":\"ListItem\",\"position\":2,\"name\":\"INAH Sonora ofrecer\u00e1 conferencia sobre las momias de Sonora\"}]},{\"@type\":\"WebSite\",\"@id\":\"https:\/\/www.sonoraenequipo.com.mx\/#website\",\"url\":\"https:\/\/www.sonoraenequipo.com.mx\/\",\"name\":\"Sonora en Equipo.\",\"description\":\"Diario en l\u00ednea con Noticias desde Hermosillo, Sonora\",\"publisher\":{\"@id\":\"https:\/\/www.sonoraenequipo.com.mx\/#organization\"},\"potentialAction\":[{\"@type\":\"SearchAction\",\"target\":{\"@type\":\"EntryPoint\",\"urlTemplate\":\"https:\/\/www.sonoraenequipo.com.mx\/?s={search_term_string}\"},\"query-input\":{\"@type\":\"PropertyValueSpecification\",\"valueRequired\":true,\"valueName\":\"search_term_string\"}}],\"inLanguage\":\"es\"},{\"@type\":\"Organization\",\"@id\":\"https:\/\/www.sonoraenequipo.com.mx\/#organization\",\"name\":\"Sonoraenequipo.com.mx\",\"url\":\"https:\/\/www.sonoraenequipo.com.mx\/\",\"logo\":{\"@type\":\"ImageObject\",\"inLanguage\":\"es\",\"@id\":\"https:\/\/www.sonoraenequipo.com.mx\/#\/schema\/logo\/image\/\",\"url\":\"https:\/\/www.sonoraenequipo.com.mx\/storage\/2019\/01\/sonoraenequipo_opt.png\",\"contentUrl\":\"https:\/\/www.sonoraenequipo.com.mx\/storage\/2019\/01\/sonoraenequipo_opt.png\",\"width\":375,\"height\":125,\"caption\":\"Sonoraenequipo.com.mx\"},\"image\":{\"@id\":\"https:\/\/www.sonoraenequipo.com.mx\/#\/schema\/logo\/image\/\"},\"sameAs\":[\"https:\/\/www.facebook.com\/SonoraEE\/\",\"https:\/\/x.com\/sonoraenequipo\",\"https:\/\/www.youtube.com\/channel\/UC338nW-lPEYmJQs4ZABQ1SQ\"]},{\"@type\":\"Person\",\"@id\":\"https:\/\/www.sonoraenequipo.com.mx\/#\/schema\/person\/50102df0fb23a8fa9e8effad8fa81386\",\"name\":\"enequipo\",\"image\":{\"@type\":\"ImageObject\",\"inLanguage\":\"es\",\"@id\":\"https:\/\/www.sonoraenequipo.com.mx\/#\/schema\/person\/image\/\",\"url\":\"https:\/\/secure.gravatar.com\/avatar\/049821681b589dabc0bc20695993ccebb09f5b5d4d790cd9251b97faac7c652b?s=96&d=blank&r=g\",\"contentUrl\":\"https:\/\/secure.gravatar.com\/avatar\/049821681b589dabc0bc20695993ccebb09f5b5d4d790cd9251b97faac7c652b?s=96&d=blank&r=g\",\"caption\":\"enequipo\"},\"sameAs\":[\"https:\/\/www.facebook.com\/SonoraEE\"]}]}<\/script>\n ","yoast_head_json":{"title":"Sonora en Equipo. INAH Sonora ofrecer\u00e1 conferencia sobre las momias de Sonora Ciencia y Tecnolog\u00eda","description":"Una experiencia virtual durante la tomograf\u00eda de algunas momias de Sonora HERMOSILLO, SONORA,MX.\u2500\u2500 El Instituto Nacional de Antropolog\u00eda e Historia en En Sonora en Equipo publicamos toda la informaci\u00f3n de Sonora, M\u00e9xico y el Mundo de manera oportuna y busca que la libertad de expresi\u00f3n sea real. Visita nuestro medio informativo publicado desde Hermosillo, Sonora. %","robots":{"index":"index","follow":"follow","max-snippet":"max-snippet:-1","max-image-preview":"max-image-preview:large","max-video-preview":"max-video-preview:-1"},"canonical":"https:\/\/www.sonoraenequipo.com.mx\/inah-sonora-ofrecera-conferencia-sobre-las-momias-de-sonora\/","og_locale":"es_ES","og_type":"article","og_title":"Sonora en Equipo. INAH Sonora ofrecer\u00e1 conferencia sobre las momias de Sonora Ciencia y Tecnolog\u00eda","og_description":"Una experiencia virtual durante la tomograf\u00eda de algunas momias de Sonora HERMOSILLO, SONORA,MX.\u2500\u2500 El Instituto Nacional de Antropolog\u00eda e Historia en En Sonora en Equipo publicamos toda la informaci\u00f3n de Sonora, M\u00e9xico y el Mundo de manera oportuna y busca que la libertad de expresi\u00f3n sea real. Visita nuestro medio informativo publicado desde Hermosillo, Sonora. %","og_url":"https:\/\/www.sonoraenequipo.com.mx\/inah-sonora-ofrecera-conferencia-sobre-las-momias-de-sonora\/","og_site_name":"Sonora en Equipo.","article_publisher":"https:\/\/www.facebook.com\/SonoraEE\/","article_author":"https:\/\/www.facebook.com\/SonoraEE","article_published_time":"2021-08-05T23:08:22+00:00","article_modified_time":"2021-08-05T23:09:44+00:00","og_image":[{"width":700,"height":400,"url":"https:\/\/www.sonoraenequipo.com.mx\/storage\/2021\/08\/momias.jpg","type":"image\/jpeg"}],"author":"enequipo","twitter_card":"summary_large_image","twitter_creator":"@sonoraenequipo","twitter_site":"@sonoraenequipo","twitter_misc":{"Escrito por":"enequipo","Tiempo de lectura":"3 minutos"},"schema":{"@context":"https:\/\/schema.org","@graph":[{"@type":"Article","@id":"https:\/\/www.sonoraenequipo.com.mx\/inah-sonora-ofrecera-conferencia-sobre-las-momias-de-sonora\/#article","isPartOf":{"@id":"https:\/\/www.sonoraenequipo.com.mx\/inah-sonora-ofrecera-conferencia-sobre-las-momias-de-sonora\/"},"author":{"name":"enequipo","@id":"https:\/\/www.sonoraenequipo.com.mx\/#\/schema\/person\/50102df0fb23a8fa9e8effad8fa81386"},"headline":"INAH Sonora ofrecer\u00e1 conferencia sobre las momias de Sonora","datePublished":"2021-08-05T23:08:22+00:00","dateModified":"2021-08-05T23:09:44+00:00","mainEntityOfPage":{"@id":"https:\/\/www.sonoraenequipo.com.mx\/inah-sonora-ofrecera-conferencia-sobre-las-momias-de-sonora\/"},"wordCount":540,"commentCount":0,"publisher":{"@id":"https:\/\/www.sonoraenequipo.com.mx\/#organization"},"image":{"@id":"https:\/\/www.sonoraenequipo.com.mx\/inah-sonora-ofrecera-conferencia-sobre-las-momias-de-sonora\/#primaryimage"},"thumbnailUrl":"https:\/\/www.sonoraenequipo.com.mx\/storage\/2021\/08\/momias.jpg","keywords":["momias"],"articleSection":["Ciencia y Tecnolog\u00eda"],"inLanguage":"es","potentialAction":[{"@type":"CommentAction","name":"Comment","target":["https:\/\/www.sonoraenequipo.com.mx\/inah-sonora-ofrecera-conferencia-sobre-las-momias-de-sonora\/#respond"]}]},{"@type":"WebPage","@id":"https:\/\/www.sonoraenequipo.com.mx\/inah-sonora-ofrecera-conferencia-sobre-las-momias-de-sonora\/","url":"https:\/\/www.sonoraenequipo.com.mx\/inah-sonora-ofrecera-conferencia-sobre-las-momias-de-sonora\/","name":"Sonora en Equipo. INAH Sonora ofrecer\u00e1 conferencia sobre las momias de Sonora Ciencia y Tecnolog\u00eda","isPartOf":{"@id":"https:\/\/www.sonoraenequipo.com.mx\/#website"},"primaryImageOfPage":{"@id":"https:\/\/www.sonoraenequipo.com.mx\/inah-sonora-ofrecera-conferencia-sobre-las-momias-de-sonora\/#primaryimage"},"image":{"@id":"https:\/\/www.sonoraenequipo.com.mx\/inah-sonora-ofrecera-conferencia-sobre-las-momias-de-sonora\/#primaryimage"},"thumbnailUrl":"https:\/\/www.sonoraenequipo.com.mx\/storage\/2021\/08\/momias.jpg","datePublished":"2021-08-05T23:08:22+00:00","dateModified":"2021-08-05T23:09:44+00:00","description":"Una experiencia virtual durante la tomograf\u00eda de algunas momias de Sonora HERMOSILLO, SONORA,MX.\u2500\u2500 El Instituto Nacional de Antropolog\u00eda e Historia en En Sonora en Equipo publicamos toda la informaci\u00f3n de Sonora, M\u00e9xico y el Mundo de manera oportuna y busca que la libertad de expresi\u00f3n sea real. Visita nuestro medio informativo publicado desde Hermosillo, Sonora. %","breadcrumb":{"@id":"https:\/\/www.sonoraenequipo.com.mx\/inah-sonora-ofrecera-conferencia-sobre-las-momias-de-sonora\/#breadcrumb"},"inLanguage":"es","potentialAction":[{"@type":"ReadAction","target":["https:\/\/www.sonoraenequipo.com.mx\/inah-sonora-ofrecera-conferencia-sobre-las-momias-de-sonora\/"]}]},{"@type":"ImageObject","inLanguage":"es","@id":"https:\/\/www.sonoraenequipo.com.mx\/inah-sonora-ofrecera-conferencia-sobre-las-momias-de-sonora\/#primaryimage","url":"https:\/\/www.sonoraenequipo.com.mx\/storage\/2021\/08\/momias.jpg","contentUrl":"https:\/\/www.sonoraenequipo.com.mx\/storage\/2021\/08\/momias.jpg","width":700,"height":400},{"@type":"BreadcrumbList","@id":"https:\/\/www.sonoraenequipo.com.mx\/inah-sonora-ofrecera-conferencia-sobre-las-momias-de-sonora\/#breadcrumb","itemListElement":[{"@type":"ListItem","position":1,"name":"Portada","item":"https:\/\/www.sonoraenequipo.com.mx\/"},{"@type":"ListItem","position":2,"name":"INAH Sonora ofrecer\u00e1 conferencia sobre las momias de Sonora"}]},{"@type":"WebSite","@id":"https:\/\/www.sonoraenequipo.com.mx\/#website","url":"https:\/\/www.sonoraenequipo.com.mx\/","name":"Sonora en Equipo.","description":"Diario en l\u00ednea con Noticias desde Hermosillo, Sonora","publisher":{"@id":"https:\/\/www.sonoraenequipo.com.mx\/#organization"},"potentialAction":[{"@type":"SearchAction","target":{"@type":"EntryPoint","urlTemplate":"https:\/\/www.sonoraenequipo.com.mx\/?s={search_term_string}"},"query-input":{"@type":"PropertyValueSpecification","valueRequired":true,"valueName":"search_term_string"}}],"inLanguage":"es"},{"@type":"Organization","@id":"https:\/\/www.sonoraenequipo.com.mx\/#organization","name":"Sonoraenequipo.com.mx","url":"https:\/\/www.sonoraenequipo.com.mx\/","logo":{"@type":"ImageObject","inLanguage":"es","@id":"https:\/\/www.sonoraenequipo.com.mx\/#\/schema\/logo\/image\/","url":"https:\/\/www.sonoraenequipo.com.mx\/storage\/2019\/01\/sonoraenequipo_opt.png","contentUrl":"https:\/\/www.sonoraenequipo.com.mx\/storage\/2019\/01\/sonoraenequipo_opt.png","width":375,"height":125,"caption":"Sonoraenequipo.com.mx"},"image":{"@id":"https:\/\/www.sonoraenequipo.com.mx\/#\/schema\/logo\/image\/"},"sameAs":["https:\/\/www.facebook.com\/SonoraEE\/","https:\/\/x.com\/sonoraenequipo","https:\/\/www.youtube.com\/channel\/UC338nW-lPEYmJQs4ZABQ1SQ"]},{"@type":"Person","@id":"https:\/\/www.sonoraenequipo.com.mx\/#\/schema\/person\/50102df0fb23a8fa9e8effad8fa81386","name":"enequipo","image":{"@type":"ImageObject","inLanguage":"es","@id":"https:\/\/www.sonoraenequipo.com.mx\/#\/schema\/person\/image\/","url":"https:\/\/secure.gravatar.com\/avatar\/049821681b589dabc0bc20695993ccebb09f5b5d4d790cd9251b97faac7c652b?s=96&d=blank&r=g","contentUrl":"https:\/\/secure.gravatar.com\/avatar\/049821681b589dabc0bc20695993ccebb09f5b5d4d790cd9251b97faac7c652b?s=96&d=blank&r=g","caption":"enequipo"},"sameAs":["https:\/\/www.facebook.com\/SonoraEE"]}]}},"jetpack_featured_media_url":"https:\/\/www.sonoraenequipo.com.mx\/storage\/2021\/08\/momias.jpg","_links":{"self":[{"href":"https:\/\/www.sonoraenequipo.com.mx\/api\/wp\/v2\/posts\/119861","targetHints":{"allow":["GET"]}}],"collection":[{"href":"https:\/\/www.sonoraenequipo.com.mx\/api\/wp\/v2\/posts"}],"about":[{"href":"https:\/\/www.sonoraenequipo.com.mx\/api\/wp\/v2\/types\/post"}],"author":[{"embeddable":true,"href":"https:\/\/www.sonoraenequipo.com.mx\/api\/wp\/v2\/users\/1"}],"replies":[{"embeddable":true,"href":"https:\/\/www.sonoraenequipo.com.mx\/api\/wp\/v2\/comments?post=119861"}],"version-history":[{"count":3,"href":"https:\/\/www.sonoraenequipo.com.mx\/api\/wp\/v2\/posts\/119861\/revisions"}],"predecessor-version":[{"id":119866,"href":"https:\/\/www.sonoraenequipo.com.mx\/api\/wp\/v2\/posts\/119861\/revisions\/119866"}],"wp:featuredmedia":[{"embeddable":true,"href":"https:\/\/www.sonoraenequipo.com.mx\/api\/wp\/v2\/media\/119862"}],"wp:attachment":[{"href":"https:\/\/www.sonoraenequipo.com.mx\/api\/wp\/v2\/media?parent=119861"}],"wp:term":[{"taxonomy":"category","embeddable":true,"href":"https:\/\/www.sonoraenequipo.com.mx\/api\/wp\/v2\/categories?post=119861"},{"taxonomy":"post_tag","embeddable":true,"href":"https:\/\/www.sonoraenequipo.com.mx\/api\/wp\/v2\/tags?post=119861"}],"curies":[{"name":"wp","href":"https:\/\/api.w.org\/{rel}","templated":true}]}}