{"id":119884,"date":"2021-08-05T11:50:05","date_gmt":"2021-08-05T18:50:05","guid":{"rendered":"https:\/\/www.sonoraenequipo.com.mx\/?p=119884"},"modified":"2021-08-05T17:26:01","modified_gmt":"2021-08-06T00:26:01","slug":"marcha-de-jovenes-comunistas-en-la-habana-por-la-paz","status":"publish","type":"post","link":"https:\/\/www.sonoraenequipo.com.mx\/marcha-de-jovenes-comunistas-en-la-habana-por-la-paz\/","title":{"rendered":"Marcha de j\u00f3venes comunistas en La Habana \u00abPor la Paz\u00bb"},"content":{"rendered":"<p>LA HABANA, CUBA. \u2014 Centenares de personas marcharon este jueves (05.08.2021) por el Malec\u00f3n de La Habana para mostrar su apoyo al Gobierno cubano en un momento de creciente disenso pol\u00edtico, crisis econ\u00f3mica, extrema escasez y un alarmante auge de contagios y fallecidos por COVID-19. La celebraci\u00f3n del evento gener\u00f3 un aluvi\u00f3n de cr\u00edticas en las redes sociales, algunas de ellas de profesionales de la salud.<\/p>\n<p>&nbsp;<\/p>\n<p> <\/p>\n<p>En respuesta a las cr\u00edticas, la reci\u00e9n estrenada primera secretaria de la UJC y convocante de la marcha, Ayl\u00edn \u00c1lvarez, justific\u00f3 la caravana:<em> \u00abEs cierto que se convoca en medio de un momento de pico pand\u00e9mico, pero tambi\u00e9n de m\u00e1xima agresividad e intentos de desestabilizaci\u00f3n interna e invasi\u00f3n extranjera\u00bb.<\/em><\/p>\n<p>&nbsp;<\/p>\n<p>Convocados por la Uni\u00f3n de J\u00f3venes Comunistas (UJC), los participantes en la caravana \u00ab<em>por la paz, el amor y la solidaridad\u00bb<\/em> recorrieron la emblem\u00e1tica avenida mar\u00edtima en una ruta de unos 7 kil\u00f3metros con distintos medios de locomoci\u00f3n, desde patines hasta bicicletas, motos y autom\u00f3viles. El recorrido finaliz\u00f3 en el Parque 13 de Marzo, donde decenas exhibieron carteles con mensajes de apoyo el Gobierno y contra el <em>\u00abbloqueo\u00bb<\/em> de Estados Unidos, adem\u00e1s de corear las cl\u00e1sicas consignas revolucionarias y alabanzas al fallecido l\u00edder Fidel Castro.<\/p>\n<p>&nbsp;<\/p>\n<h3>Aniversario del \u00abMaleconazo\u00bb<\/h3>\n<p>&nbsp;<\/p>\n<p>La caravana se ha celebrado en el aniversario del Maleconazo del 5 de agosto de 1994, cuando cientos de personas descontentas salieron a las calles de La Habana a protestar y Castro se present\u00f3 <em>\u00abin situ\u00bb<\/em> para dialogar con algunas de ellas frente al conocido hotel Deauville. La marcha de hoy se detuvo unos minutos frente a ese hotel.<\/p>\n<p>&nbsp;<\/p>\n<h3>Demostraci\u00f3n en Cuba<\/h3>\n<p>&nbsp;<\/p>\n<p>A apenas un kil\u00f3metro de distancia, el presidente de Cuba, Miguel D\u00edaz-Canel, se reuni\u00f3 frente a la Universidad de La Habana con unos 100 j\u00f3venes estudiantes y trabajadores, a los que invit\u00f3 a presentar propuestas profesionales o sugerencias de pol\u00edticas p\u00fablicas, seg\u00fan los medios estatales.<\/p>\n<p>&nbsp;<\/p>\n<h3>Respuesta a las manifestaciones del 11 de julio<\/h3>\n<p>&nbsp;<\/p>\n<p>La marcha es tambi\u00e9n una respuesta a las movilizaciones que los pasados 11 y 12 de julio protestaron en varias ciudades cubanas contra el gobierno. Las autoridades judiciales informaron hoy de que 62 personas han sido juzgadas hasta el momento en por su participaci\u00f3n en esas protestas, aunque se desconoce a\u00fan la cifra oficial de detenidos.<\/p>\n<p>&nbsp;<\/p>\n<h3>Inquietud en Cuba por la suerte de los detenidos<\/h3>\n<p>&nbsp;<\/p>\n<p>El delito predominante, imputado a 53 de los procesados, fue desorden p\u00fablico, aunque se les imputaron tambi\u00e9n otros como desacato, resistencia, instigaci\u00f3n a delinquir y da\u00f1os, declar\u00f3 el magistrado del Tribunal Supremo Popular Josel\u00edn S\u00e1nchez al diario estatal Granma.<\/p>\n<p>&nbsp;<\/p>\n<p>Las penas para esos delitos van de tres meses a un a\u00f1o de prisi\u00f3n o multas de hasta 300 pesos (12 euros) o ambas, seg\u00fan el C\u00f3digo Penal cubano. \u00abLas personas que se han puesto a disposici\u00f3n de los tribunales son aquellas cuyas conductas han sido constitutivas de delito\u00bb, dijo S\u00e1nchez al diario oficial. \u00abPodemos asegurar que en los procesos judiciales tramitados hasta ahora se ha mantenido una observancia estricta\u00bb de las garant\u00edas previstas, dijo el magistrado.<\/p>\n<p>&nbsp;<\/p>\n<p>&nbsp;<\/p>\n<p>(Publicada el 05\/08\/2021 \/ EFE\/EE)<\/p>\n<p>&nbsp;<\/p>\n","protected":false},"excerpt":{"rendered":"<p>LA HABANA, CUBA. \u2014 Centenares de personas marcharon este jueves (05.08.2021) por el Malec\u00f3n de&#8230;<\/p>\n","protected":false},"author":1,"featured_media":119873,"comment_status":"open","ping_status":"open","sticky":false,"template":"","format":"standard","meta":{"_monsterinsights_skip_tracking":false,"_monsterinsights_sitenote_active":false,"_monsterinsights_sitenote_note":"","_monsterinsights_sitenote_category":0,"footnotes":""},"categories":[3],"tags":[],"class_list":["post"],"yoast_head":" \n<title>Sonora en Equipo. Marcha de j\u00f3venes comunistas en La Habana &quot;Por la Paz&quot; MUNDO<\/title>\n<meta name=\"description\" content=\"LA HABANA, CUBA. \u2014 Centenares de personas marcharon este jueves (05.08.2021) por el Malec\u00f3n de La Habana para mostrar su apoyo al Gobierno cubano en un En Sonora en Equipo publicamos toda la informaci\u00f3n de Sonora, M\u00e9xico y el Mundo de manera oportuna y busca que la libertad de expresi\u00f3n sea real. Visita nuestro medio informativo publicado desde Hermosillo, Sonora. %\" \/>\n<meta name=\"robots\" content=\"index, follow, max-snippet:-1, max-image-preview:large, max-video-preview:-1\" \/>\n<link rel=\"canonical\" href=\"https:\/\/www.sonoraenequipo.com.mx\/marcha-de-jovenes-comunistas-en-la-habana-por-la-paz\/\" \/>\n<meta property=\"og:locale\" content=\"es_ES\" \/>\n<meta property=\"og:type\" content=\"article\" \/>\n<meta property=\"og:title\" content=\"Sonora en Equipo. Marcha de j\u00f3venes comunistas en La Habana &quot;Por la Paz&quot; MUNDO\" \/>\n<meta property=\"og:description\" content=\"LA HABANA, CUBA. \u2014 Centenares de personas marcharon este jueves (05.08.2021) por el Malec\u00f3n de La Habana para mostrar su apoyo al Gobierno cubano en un En Sonora en Equipo publicamos toda la informaci\u00f3n de Sonora, M\u00e9xico y el Mundo de manera oportuna y busca que la libertad de expresi\u00f3n sea real. Visita nuestro medio informativo publicado desde Hermosillo, Sonora. %\" \/>\n<meta property=\"og:url\" content=\"https:\/\/www.sonoraenequipo.com.mx\/marcha-de-jovenes-comunistas-en-la-habana-por-la-paz\/\" \/>\n<meta property=\"og:site_name\" content=\"Sonora en Equipo.\" \/>\n<meta property=\"article:publisher\" content=\"https:\/\/www.facebook.com\/SonoraEE\/\" \/>\n<meta property=\"article:author\" content=\"https:\/\/www.facebook.com\/SonoraEE\" \/>\n<meta property=\"article:published_time\" content=\"2021-08-05T18:50:05+00:00\" \/>\n<meta property=\"article:modified_time\" content=\"2021-08-06T00:26:01+00:00\" \/>\n<meta property=\"og:image\" content=\"https:\/\/www.sonoraenequipo.com.mx\/storage\/2021\/08\/cuba-_opt.jpg\" \/>\n\t<meta property=\"og:image:width\" content=\"700\" \/>\n\t<meta property=\"og:image:height\" content=\"400\" \/>\n\t<meta property=\"og:image:type\" content=\"image\/jpeg\" \/>\n<meta name=\"author\" content=\"enequipo\" \/>\n<meta name=\"twitter:card\" content=\"summary_large_image\" \/>\n<meta name=\"twitter:creator\" content=\"@sonoraenequipo\" \/>\n<meta name=\"twitter:site\" content=\"@sonoraenequipo\" \/>\n<meta name=\"twitter:label1\" content=\"Escrito por\" \/>\n\t<meta name=\"twitter:data1\" content=\"enequipo\" \/>\n\t<meta name=\"twitter:label2\" content=\"Tiempo de lectura\" \/>\n\t<meta name=\"twitter:data2\" content=\"3 minutos\" \/>\n<script type=\"application\/ld+json\" class=\"yoast-schema-graph\">{\"@context\":\"https:\/\/schema.org\",\"@graph\":[{\"@type\":\"Article\",\"@id\":\"https:\/\/www.sonoraenequipo.com.mx\/marcha-de-jovenes-comunistas-en-la-habana-por-la-paz\/#article\",\"isPartOf\":{\"@id\":\"https:\/\/www.sonoraenequipo.com.mx\/marcha-de-jovenes-comunistas-en-la-habana-por-la-paz\/\"},\"author\":{\"name\":\"enequipo\",\"@id\":\"https:\/\/www.sonoraenequipo.com.mx\/#\/schema\/person\/50102df0fb23a8fa9e8effad8fa81386\"},\"headline\":\"Marcha de j\u00f3venes comunistas en La Habana \u00abPor la Paz\u00bb\",\"datePublished\":\"2021-08-05T18:50:05+00:00\",\"dateModified\":\"2021-08-06T00:26:01+00:00\",\"mainEntityOfPage\":{\"@id\":\"https:\/\/www.sonoraenequipo.com.mx\/marcha-de-jovenes-comunistas-en-la-habana-por-la-paz\/\"},\"wordCount\":561,\"commentCount\":0,\"publisher\":{\"@id\":\"https:\/\/www.sonoraenequipo.com.mx\/#organization\"},\"image\":{\"@id\":\"https:\/\/www.sonoraenequipo.com.mx\/marcha-de-jovenes-comunistas-en-la-habana-por-la-paz\/#primaryimage\"},\"thumbnailUrl\":\"https:\/\/www.sonoraenequipo.com.mx\/storage\/2021\/08\/cuba-_opt.jpg\",\"articleSection\":[\"MUNDO\"],\"inLanguage\":\"es\",\"potentialAction\":[{\"@type\":\"CommentAction\",\"name\":\"Comment\",\"target\":[\"https:\/\/www.sonoraenequipo.com.mx\/marcha-de-jovenes-comunistas-en-la-habana-por-la-paz\/#respond\"]}]},{\"@type\":\"WebPage\",\"@id\":\"https:\/\/www.sonoraenequipo.com.mx\/marcha-de-jovenes-comunistas-en-la-habana-por-la-paz\/\",\"url\":\"https:\/\/www.sonoraenequipo.com.mx\/marcha-de-jovenes-comunistas-en-la-habana-por-la-paz\/\",\"name\":\"Sonora en Equipo. Marcha de j\u00f3venes comunistas en La Habana \\\"Por la Paz\\\" MUNDO\",\"isPartOf\":{\"@id\":\"https:\/\/www.sonoraenequipo.com.mx\/#website\"},\"primaryImageOfPage\":{\"@id\":\"https:\/\/www.sonoraenequipo.com.mx\/marcha-de-jovenes-comunistas-en-la-habana-por-la-paz\/#primaryimage\"},\"image\":{\"@id\":\"https:\/\/www.sonoraenequipo.com.mx\/marcha-de-jovenes-comunistas-en-la-habana-por-la-paz\/#primaryimage\"},\"thumbnailUrl\":\"https:\/\/www.sonoraenequipo.com.mx\/storage\/2021\/08\/cuba-_opt.jpg\",\"datePublished\":\"2021-08-05T18:50:05+00:00\",\"dateModified\":\"2021-08-06T00:26:01+00:00\",\"description\":\"LA HABANA, CUBA. \u2014 Centenares de personas marcharon este jueves (05.08.2021) por el Malec\u00f3n de La Habana para mostrar su apoyo al Gobierno cubano en un En Sonora en Equipo publicamos toda la informaci\u00f3n de Sonora, M\u00e9xico y el Mundo de manera oportuna y busca que la libertad de expresi\u00f3n sea real. Visita nuestro medio informativo publicado desde Hermosillo, Sonora. %\",\"breadcrumb\":{\"@id\":\"https:\/\/www.sonoraenequipo.com.mx\/marcha-de-jovenes-comunistas-en-la-habana-por-la-paz\/#breadcrumb\"},\"inLanguage\":\"es\",\"potentialAction\":[{\"@type\":\"ReadAction\",\"target\":[\"https:\/\/www.sonoraenequipo.com.mx\/marcha-de-jovenes-comunistas-en-la-habana-por-la-paz\/\"]}]},{\"@type\":\"ImageObject\",\"inLanguage\":\"es\",\"@id\":\"https:\/\/www.sonoraenequipo.com.mx\/marcha-de-jovenes-comunistas-en-la-habana-por-la-paz\/#primaryimage\",\"url\":\"https:\/\/www.sonoraenequipo.com.mx\/storage\/2021\/08\/cuba-_opt.jpg\",\"contentUrl\":\"https:\/\/www.sonoraenequipo.com.mx\/storage\/2021\/08\/cuba-_opt.jpg\",\"width\":700,\"height\":400},{\"@type\":\"BreadcrumbList\",\"@id\":\"https:\/\/www.sonoraenequipo.com.mx\/marcha-de-jovenes-comunistas-en-la-habana-por-la-paz\/#breadcrumb\",\"itemListElement\":[{\"@type\":\"ListItem\",\"position\":1,\"name\":\"Portada\",\"item\":\"https:\/\/www.sonoraenequipo.com.mx\/\"},{\"@type\":\"ListItem\",\"position\":2,\"name\":\"Marcha de j\u00f3venes comunistas en La Habana \u00abPor la Paz\u00bb\"}]},{\"@type\":\"WebSite\",\"@id\":\"https:\/\/www.sonoraenequipo.com.mx\/#website\",\"url\":\"https:\/\/www.sonoraenequipo.com.mx\/\",\"name\":\"Sonora en Equipo.\",\"description\":\"Diario en l\u00ednea con Noticias desde Hermosillo, Sonora\",\"publisher\":{\"@id\":\"https:\/\/www.sonoraenequipo.com.mx\/#organization\"},\"potentialAction\":[{\"@type\":\"SearchAction\",\"target\":{\"@type\":\"EntryPoint\",\"urlTemplate\":\"https:\/\/www.sonoraenequipo.com.mx\/?s={search_term_string}\"},\"query-input\":{\"@type\":\"PropertyValueSpecification\",\"valueRequired\":true,\"valueName\":\"search_term_string\"}}],\"inLanguage\":\"es\"},{\"@type\":\"Organization\",\"@id\":\"https:\/\/www.sonoraenequipo.com.mx\/#organization\",\"name\":\"Sonoraenequipo.com.mx\",\"url\":\"https:\/\/www.sonoraenequipo.com.mx\/\",\"logo\":{\"@type\":\"ImageObject\",\"inLanguage\":\"es\",\"@id\":\"https:\/\/www.sonoraenequipo.com.mx\/#\/schema\/logo\/image\/\",\"url\":\"https:\/\/www.sonoraenequipo.com.mx\/storage\/2019\/01\/sonoraenequipo_opt.png\",\"contentUrl\":\"https:\/\/www.sonoraenequipo.com.mx\/storage\/2019\/01\/sonoraenequipo_opt.png\",\"width\":375,\"height\":125,\"caption\":\"Sonoraenequipo.com.mx\"},\"image\":{\"@id\":\"https:\/\/www.sonoraenequipo.com.mx\/#\/schema\/logo\/image\/\"},\"sameAs\":[\"https:\/\/www.facebook.com\/SonoraEE\/\",\"https:\/\/x.com\/sonoraenequipo\",\"https:\/\/www.youtube.com\/channel\/UC338nW-lPEYmJQs4ZABQ1SQ\"]},{\"@type\":\"Person\",\"@id\":\"https:\/\/www.sonoraenequipo.com.mx\/#\/schema\/person\/50102df0fb23a8fa9e8effad8fa81386\",\"name\":\"enequipo\",\"image\":{\"@type\":\"ImageObject\",\"inLanguage\":\"es\",\"@id\":\"https:\/\/www.sonoraenequipo.com.mx\/#\/schema\/person\/image\/\",\"url\":\"https:\/\/secure.gravatar.com\/avatar\/049821681b589dabc0bc20695993ccebb09f5b5d4d790cd9251b97faac7c652b?s=96&d=blank&r=g\",\"contentUrl\":\"https:\/\/secure.gravatar.com\/avatar\/049821681b589dabc0bc20695993ccebb09f5b5d4d790cd9251b97faac7c652b?s=96&d=blank&r=g\",\"caption\":\"enequipo\"},\"sameAs\":[\"https:\/\/www.facebook.com\/SonoraEE\"]}]}<\/script>\n ","yoast_head_json":{"title":"Sonora en Equipo. Marcha de j\u00f3venes comunistas en La Habana \"Por la Paz\" MUNDO","description":"LA HABANA, CUBA. \u2014 Centenares de personas marcharon este jueves (05.08.2021) por el Malec\u00f3n de La Habana para mostrar su apoyo al Gobierno cubano en un En Sonora en Equipo publicamos toda la informaci\u00f3n de Sonora, M\u00e9xico y el Mundo de manera oportuna y busca que la libertad de expresi\u00f3n sea real. Visita nuestro medio informativo publicado desde Hermosillo, Sonora. %","robots":{"index":"index","follow":"follow","max-snippet":"max-snippet:-1","max-image-preview":"max-image-preview:large","max-video-preview":"max-video-preview:-1"},"canonical":"https:\/\/www.sonoraenequipo.com.mx\/marcha-de-jovenes-comunistas-en-la-habana-por-la-paz\/","og_locale":"es_ES","og_type":"article","og_title":"Sonora en Equipo. Marcha de j\u00f3venes comunistas en La Habana \"Por la Paz\" MUNDO","og_description":"LA HABANA, CUBA. \u2014 Centenares de personas marcharon este jueves (05.08.2021) por el Malec\u00f3n de La Habana para mostrar su apoyo al Gobierno cubano en un En Sonora en Equipo publicamos toda la informaci\u00f3n de Sonora, M\u00e9xico y el Mundo de manera oportuna y busca que la libertad de expresi\u00f3n sea real. Visita nuestro medio informativo publicado desde Hermosillo, Sonora. %","og_url":"https:\/\/www.sonoraenequipo.com.mx\/marcha-de-jovenes-comunistas-en-la-habana-por-la-paz\/","og_site_name":"Sonora en Equipo.","article_publisher":"https:\/\/www.facebook.com\/SonoraEE\/","article_author":"https:\/\/www.facebook.com\/SonoraEE","article_published_time":"2021-08-05T18:50:05+00:00","article_modified_time":"2021-08-06T00:26:01+00:00","og_image":[{"width":700,"height":400,"url":"https:\/\/www.sonoraenequipo.com.mx\/storage\/2021\/08\/cuba-_opt.jpg","type":"image\/jpeg"}],"author":"enequipo","twitter_card":"summary_large_image","twitter_creator":"@sonoraenequipo","twitter_site":"@sonoraenequipo","twitter_misc":{"Escrito por":"enequipo","Tiempo de lectura":"3 minutos"},"schema":{"@context":"https:\/\/schema.org","@graph":[{"@type":"Article","@id":"https:\/\/www.sonoraenequipo.com.mx\/marcha-de-jovenes-comunistas-en-la-habana-por-la-paz\/#article","isPartOf":{"@id":"https:\/\/www.sonoraenequipo.com.mx\/marcha-de-jovenes-comunistas-en-la-habana-por-la-paz\/"},"author":{"name":"enequipo","@id":"https:\/\/www.sonoraenequipo.com.mx\/#\/schema\/person\/50102df0fb23a8fa9e8effad8fa81386"},"headline":"Marcha de j\u00f3venes comunistas en La Habana \u00abPor la Paz\u00bb","datePublished":"2021-08-05T18:50:05+00:00","dateModified":"2021-08-06T00:26:01+00:00","mainEntityOfPage":{"@id":"https:\/\/www.sonoraenequipo.com.mx\/marcha-de-jovenes-comunistas-en-la-habana-por-la-paz\/"},"wordCount":561,"commentCount":0,"publisher":{"@id":"https:\/\/www.sonoraenequipo.com.mx\/#organization"},"image":{"@id":"https:\/\/www.sonoraenequipo.com.mx\/marcha-de-jovenes-comunistas-en-la-habana-por-la-paz\/#primaryimage"},"thumbnailUrl":"https:\/\/www.sonoraenequipo.com.mx\/storage\/2021\/08\/cuba-_opt.jpg","articleSection":["MUNDO"],"inLanguage":"es","potentialAction":[{"@type":"CommentAction","name":"Comment","target":["https:\/\/www.sonoraenequipo.com.mx\/marcha-de-jovenes-comunistas-en-la-habana-por-la-paz\/#respond"]}]},{"@type":"WebPage","@id":"https:\/\/www.sonoraenequipo.com.mx\/marcha-de-jovenes-comunistas-en-la-habana-por-la-paz\/","url":"https:\/\/www.sonoraenequipo.com.mx\/marcha-de-jovenes-comunistas-en-la-habana-por-la-paz\/","name":"Sonora en Equipo. Marcha de j\u00f3venes comunistas en La Habana \"Por la Paz\" MUNDO","isPartOf":{"@id":"https:\/\/www.sonoraenequipo.com.mx\/#website"},"primaryImageOfPage":{"@id":"https:\/\/www.sonoraenequipo.com.mx\/marcha-de-jovenes-comunistas-en-la-habana-por-la-paz\/#primaryimage"},"image":{"@id":"https:\/\/www.sonoraenequipo.com.mx\/marcha-de-jovenes-comunistas-en-la-habana-por-la-paz\/#primaryimage"},"thumbnailUrl":"https:\/\/www.sonoraenequipo.com.mx\/storage\/2021\/08\/cuba-_opt.jpg","datePublished":"2021-08-05T18:50:05+00:00","dateModified":"2021-08-06T00:26:01+00:00","description":"LA HABANA, CUBA. \u2014 Centenares de personas marcharon este jueves (05.08.2021) por el Malec\u00f3n de La Habana para mostrar su apoyo al Gobierno cubano en un En Sonora en Equipo publicamos toda la informaci\u00f3n de Sonora, M\u00e9xico y el Mundo de manera oportuna y busca que la libertad de expresi\u00f3n sea real. Visita nuestro medio informativo publicado desde Hermosillo, Sonora. %","breadcrumb":{"@id":"https:\/\/www.sonoraenequipo.com.mx\/marcha-de-jovenes-comunistas-en-la-habana-por-la-paz\/#breadcrumb"},"inLanguage":"es","potentialAction":[{"@type":"ReadAction","target":["https:\/\/www.sonoraenequipo.com.mx\/marcha-de-jovenes-comunistas-en-la-habana-por-la-paz\/"]}]},{"@type":"ImageObject","inLanguage":"es","@id":"https:\/\/www.sonoraenequipo.com.mx\/marcha-de-jovenes-comunistas-en-la-habana-por-la-paz\/#primaryimage","url":"https:\/\/www.sonoraenequipo.com.mx\/storage\/2021\/08\/cuba-_opt.jpg","contentUrl":"https:\/\/www.sonoraenequipo.com.mx\/storage\/2021\/08\/cuba-_opt.jpg","width":700,"height":400},{"@type":"BreadcrumbList","@id":"https:\/\/www.sonoraenequipo.com.mx\/marcha-de-jovenes-comunistas-en-la-habana-por-la-paz\/#breadcrumb","itemListElement":[{"@type":"ListItem","position":1,"name":"Portada","item":"https:\/\/www.sonoraenequipo.com.mx\/"},{"@type":"ListItem","position":2,"name":"Marcha de j\u00f3venes comunistas en La Habana \u00abPor la Paz\u00bb"}]},{"@type":"WebSite","@id":"https:\/\/www.sonoraenequipo.com.mx\/#website","url":"https:\/\/www.sonoraenequipo.com.mx\/","name":"Sonora en Equipo.","description":"Diario en l\u00ednea con Noticias desde Hermosillo, Sonora","publisher":{"@id":"https:\/\/www.sonoraenequipo.com.mx\/#organization"},"potentialAction":[{"@type":"SearchAction","target":{"@type":"EntryPoint","urlTemplate":"https:\/\/www.sonoraenequipo.com.mx\/?s={search_term_string}"},"query-input":{"@type":"PropertyValueSpecification","valueRequired":true,"valueName":"search_term_string"}}],"inLanguage":"es"},{"@type":"Organization","@id":"https:\/\/www.sonoraenequipo.com.mx\/#organization","name":"Sonoraenequipo.com.mx","url":"https:\/\/www.sonoraenequipo.com.mx\/","logo":{"@type":"ImageObject","inLanguage":"es","@id":"https:\/\/www.sonoraenequipo.com.mx\/#\/schema\/logo\/image\/","url":"https:\/\/www.sonoraenequipo.com.mx\/storage\/2019\/01\/sonoraenequipo_opt.png","contentUrl":"https:\/\/www.sonoraenequipo.com.mx\/storage\/2019\/01\/sonoraenequipo_opt.png","width":375,"height":125,"caption":"Sonoraenequipo.com.mx"},"image":{"@id":"https:\/\/www.sonoraenequipo.com.mx\/#\/schema\/logo\/image\/"},"sameAs":["https:\/\/www.facebook.com\/SonoraEE\/","https:\/\/x.com\/sonoraenequipo","https:\/\/www.youtube.com\/channel\/UC338nW-lPEYmJQs4ZABQ1SQ"]},{"@type":"Person","@id":"https:\/\/www.sonoraenequipo.com.mx\/#\/schema\/person\/50102df0fb23a8fa9e8effad8fa81386","name":"enequipo","image":{"@type":"ImageObject","inLanguage":"es","@id":"https:\/\/www.sonoraenequipo.com.mx\/#\/schema\/person\/image\/","url":"https:\/\/secure.gravatar.com\/avatar\/049821681b589dabc0bc20695993ccebb09f5b5d4d790cd9251b97faac7c652b?s=96&d=blank&r=g","contentUrl":"https:\/\/secure.gravatar.com\/avatar\/049821681b589dabc0bc20695993ccebb09f5b5d4d790cd9251b97faac7c652b?s=96&d=blank&r=g","caption":"enequipo"},"sameAs":["https:\/\/www.facebook.com\/SonoraEE"]}]}},"jetpack_featured_media_url":"https:\/\/www.sonoraenequipo.com.mx\/storage\/2021\/08\/cuba-_opt.jpg","_links":{"self":[{"href":"https:\/\/www.sonoraenequipo.com.mx\/api\/wp\/v2\/posts\/119884","targetHints":{"allow":["GET"]}}],"collection":[{"href":"https:\/\/www.sonoraenequipo.com.mx\/api\/wp\/v2\/posts"}],"about":[{"href":"https:\/\/www.sonoraenequipo.com.mx\/api\/wp\/v2\/types\/post"}],"author":[{"embeddable":true,"href":"https:\/\/www.sonoraenequipo.com.mx\/api\/wp\/v2\/users\/1"}],"replies":[{"embeddable":true,"href":"https:\/\/www.sonoraenequipo.com.mx\/api\/wp\/v2\/comments?post=119884"}],"version-history":[{"count":2,"href":"https:\/\/www.sonoraenequipo.com.mx\/api\/wp\/v2\/posts\/119884\/revisions"}],"predecessor-version":[{"id":119887,"href":"https:\/\/www.sonoraenequipo.com.mx\/api\/wp\/v2\/posts\/119884\/revisions\/119887"}],"wp:featuredmedia":[{"embeddable":true,"href":"https:\/\/www.sonoraenequipo.com.mx\/api\/wp\/v2\/media\/119873"}],"wp:attachment":[{"href":"https:\/\/www.sonoraenequipo.com.mx\/api\/wp\/v2\/media?parent=119884"}],"wp:term":[{"taxonomy":"category","embeddable":true,"href":"https:\/\/www.sonoraenequipo.com.mx\/api\/wp\/v2\/categories?post=119884"},{"taxonomy":"post_tag","embeddable":true,"href":"https:\/\/www.sonoraenequipo.com.mx\/api\/wp\/v2\/tags?post=119884"}],"curies":[{"name":"wp","href":"https:\/\/api.w.org\/{rel}","templated":true}]}}